{"id":81555,"date":"2026-04-23T03:20:54","date_gmt":"2026-04-23T03:20:54","guid":{"rendered":"https:\/\/grupohoymexico.com\/puebla\/?p=81555"},"modified":"2026-04-23T03:20:55","modified_gmt":"2026-04-23T03:20:55","slug":"operar-la-eleccion-la-mision-de-claudia","status":"publish","type":"post","link":"https:\/\/grupohoymexico.com\/puebla\/2026\/04\/23\/operar-la-eleccion-la-mision-de-claudia\/","title":{"rendered":"Operar la elecci\u00f3n, la misi\u00f3n de Claudia"},"content":{"rendered":"\n<p>Sin duda, ser\u00e1 la responsable de la elecci\u00f3n, m\u00e1s no de la selecci\u00f3n.<br>Aunque su formaci\u00f3n acad\u00e9mica es en materia de comunicaci\u00f3n, su trayectoria est\u00e1 m\u00e1s dedicada a la operaci\u00f3n pol\u00edtico-electoral.<br>Porque, seamos sinceros:<br>\u00bfEn qui\u00e9n del comit\u00e9 de MORENA en Puebla conf\u00eda el gobernador Armenta tanto, como para dejarle la operaci\u00f3n de la elecci\u00f3n del 2027?<br>Respuesta breve: En nadie, pues.<br>Por eso, mand\u00f3 a una operadora pol\u00edtico-electoral al partido guinda.<br>A su operadora.<br>\u2026<\/p>\n\n\n\n<p>Delegada con funciones de Presidenta<\/p>\n\n\n\n<p>Para sustituir a Olga Romero Garci Crespo en la Presidencia estatal de MORENA, el comit\u00e9 nacional puede nombrar a una Delegada con funciones de Presidenta.<br>Obviamente, el Secretario General en Puebla, impuesto por Luis Miguel Barbosa, tambi\u00e9n se va.<br>Aunque no es necesario que a Agust\u00edn Guerrero Castillo lo den de baja, para que Claudia Hern\u00e1ndez Medina asuma la presidencia de MORENA bajo la figura de Delegada con funciones de Presidenta.<br>As\u00ed, se evaden los estatutos que obligan a las y los integrantes de los comit\u00e9s, a ser consejeros estatales.<br>\u2026<\/p>\n\n\n\n<p>Los \u201clocales\u201d son de AA. Los alcaldes, se reeligen<\/p>\n\n\n\n<p>Bueno:<br>\u00bfPor qu\u00e9 \u201cser\u00e1 la responsable de la elecci\u00f3n, m\u00e1s no de la selecci\u00f3n\u201d?<br>Vamos por partes.<br>1.- La coalici\u00f3n electoral entre MORENA-PT-Verde se mantendr\u00e1 sin chistar para las elecciones de las y los diputados federales.<br>En este esquema, el margen de operaci\u00f3n del gobernador Alejandro Armenta es m\u00ednimo.<br>Va a desgastarse por los distritos: 5 de San Mart\u00edn Texmelucan con Norma Lay\u00f3n y 14 de Iz\u00facar de Matamoros con Pavel Gaspar Ram\u00edrez.<br>Los dem\u00e1s distritos hay que negociarlos con las dirigencias de MORENA-PT-Verde.<br>2.- En la elecci\u00f3n de candidatas y candidatos a diputados locales, Armenta cuenta con mucho m\u00e1s margen de operaci\u00f3n.<br>De hecho, ya tiene a la mayor\u00eda de quienes ser\u00e1n sus candidatos, incluidos los partidos aliados.<br>El Congreso del Estado es suyo.<br>3.- Las y los alcaldes es un tema muy complejo. La mayor\u00eda va a reelegirse.<br>Adem\u00e1s, cada elecci\u00f3n municipal es especial.<br>Lo cierto es que el gobernador va a respetar las reelecciones y va a imponer candidatas o candidatos donde las y los alcaldes, muestren debilidad pol\u00edtica.<br>Entonces:<br>Claudia va a manejar la elecci\u00f3n, pero no la se-le-cci\u00f3n de candidatas y candidatos, porque esa es atribuci\u00f3n pol\u00edtica del se\u00f1or gobernador.<br>Punto<br>He dicho.<br>\u2026<\/p>\n\n\n\n<p>Ni Obama<br>Rodrigo Abdala iba a ser Secretario de Bienestar en el Ayuntamiento de Puebla. No lo fue porque su amiga Ariadna Montiel lo invit\u00f3 a ser Delegado federal de Bienestar. O sea que si hace falta, podr\u00eda a Bienestar estatal. Esa jugada no se la esperaba, ni Obama.<br>\u2026<\/p>\n\n\n\n<p>El Verdugo<br>Tienen derecho de promoverse. Andan en comidas, reuniones y entrevistas. S\u00f3lo cuiden sus horarios de trabajo si es que son servidores p\u00fablicos. El Verdugo dice: Sean c\u00ednicos, pero no pen\u2026<br>\u2026<\/p>\n\n\n\n<p>De Buena Fuente, no es la mejor columna pol\u00edtica, pero tiene\u2026 a los mejores lectores.<br>cmaciaspalma@yahoo.com.mx<\/p>\n","protected":false},"excerpt":{"rendered":"Sin duda, ser\u00e1 la responsable de la elecci\u00f3n, m\u00e1s no de la selecci\u00f3n.Aunque su formaci\u00f3n acad\u00e9mica es en&hellip;","protected":false},"author":34,"featured_media":70393,"comment_status":"open","ping_status":"open","sticky":false,"template":"","format":"standard","meta":{"csco_display_header_overlay":false,"csco_singular_sidebar":"","csco_page_header_type":"","csco_page_load_nextpost":"","csco_post_video_location":[],"csco_post_video_location_hash":"","csco_post_video_url":"","csco_post_video_bg_start_time":0,"csco_post_video_bg_end_time":0,"footnotes":""},"categories":[50,51],"tags":[107,496],"class_list":{"0":"post-81555","1":"post","2":"type-post","3":"status-publish","4":"format-standard","5":"has-post-thumbnail","7":"category-columnas","8":"category-de-buena-fuente","9":"tag-claudia-sheinbaum","10":"tag-politica-mexicana","11":"cs-entry","12":"cs-video-wrap"},"yoast_head":"<!-- This site is optimized with the Yoast SEO Premium plugin v24.7 (Yoast SEO v27.4) - https:\/\/yoast.com\/product\/yoast-seo-premium-wordpress\/ -->\n<title>Operar la elecci\u00f3n, la misi\u00f3n de Claudia - Grupo Hoy Puebla<\/title>\n<meta name=\"robots\" content=\"index, follow, max-snippet:-1, max-image-preview:large, max-video-preview:-1\" \/>\n<link rel=\"canonical\" href=\"https:\/\/grupohoymexico.com\/puebla\/2026\/04\/23\/operar-la-eleccion-la-mision-de-claudia\/\" \/>\n<meta property=\"og:locale\" content=\"es_MX\" \/>\n<meta property=\"og:type\" content=\"article\" \/>\n<meta property=\"og:title\" content=\"Operar la elecci\u00f3n, la misi\u00f3n de Claudia\" \/>\n<meta property=\"og:description\" content=\"Sin duda, ser\u00e1 la responsable de la elecci\u00f3n, m\u00e1s no de la selecci\u00f3n.Aunque su formaci\u00f3n acad\u00e9mica es en&hellip;\" \/>\n<meta property=\"og:url\" content=\"https:\/\/grupohoymexico.com\/puebla\/2026\/04\/23\/operar-la-eleccion-la-mision-de-claudia\/\" \/>\n<meta property=\"og:site_name\" content=\"Grupo Hoy Puebla\" \/>\n<meta property=\"article:published_time\" content=\"2026-04-23T03:20:54+00:00\" \/>\n<meta property=\"article:modified_time\" content=\"2026-04-23T03:20:55+00:00\" \/>\n<meta property=\"og:image\" content=\"https:\/\/grupohoymexico.com\/puebla\/wp-content\/uploads\/sites\/3\/2024\/09\/Demuybuena-fuente.jpg\" \/>\n\t<meta property=\"og:image:width\" content=\"1060\" \/>\n\t<meta property=\"og:image:height\" content=\"840\" \/>\n\t<meta property=\"og:image:type\" content=\"image\/jpeg\" \/>\n<meta name=\"author\" content=\"Redacci\u00f3n Grupo Hoy\" \/>\n<meta name=\"twitter:card\" content=\"summary_large_image\" \/>\n<meta name=\"twitter:label1\" content=\"Escrito por\" \/>\n\t<meta name=\"twitter:data1\" content=\"Redacci\u00f3n Grupo Hoy\" \/>\n\t<meta name=\"twitter:label2\" content=\"Tiempo de lectura\" \/>\n\t<meta name=\"twitter:data2\" content=\"3 minutos\" \/>\n<script type=\"application\/ld+json\" class=\"yoast-schema-graph\">{\"@context\":\"https:\\\/\\\/schema.org\",\"@graph\":[{\"@type\":\"Article\",\"@id\":\"https:\\\/\\\/grupohoymexico.com\\\/puebla\\\/2026\\\/04\\\/23\\\/operar-la-eleccion-la-mision-de-claudia\\\/#article\",\"isPartOf\":{\"@id\":\"https:\\\/\\\/grupohoymexico.com\\\/puebla\\\/2026\\\/04\\\/23\\\/operar-la-eleccion-la-mision-de-claudia\\\/\"},\"author\":{\"name\":\"Redacci\u00f3n Grupo Hoy\",\"@id\":\"https:\\\/\\\/grupohoymexico.com\\\/puebla\\\/#\\\/schema\\\/person\\\/bc870cc34e948548ddb62cf78ef8474b\"},\"headline\":\"Operar la elecci\u00f3n, la misi\u00f3n de Claudia\",\"datePublished\":\"2026-04-23T03:20:54+00:00\",\"dateModified\":\"2026-04-23T03:20:55+00:00\",\"mainEntityOfPage\":{\"@id\":\"https:\\\/\\\/grupohoymexico.com\\\/puebla\\\/2026\\\/04\\\/23\\\/operar-la-eleccion-la-mision-de-claudia\\\/\"},\"wordCount\":528,\"commentCount\":0,\"image\":{\"@id\":\"https:\\\/\\\/grupohoymexico.com\\\/puebla\\\/2026\\\/04\\\/23\\\/operar-la-eleccion-la-mision-de-claudia\\\/#primaryimage\"},\"thumbnailUrl\":\"https:\\\/\\\/grupohoymexico.com\\\/puebla\\\/wp-content\\\/uploads\\\/sites\\\/3\\\/2024\\\/09\\\/Demuybuena-fuente.jpg\",\"keywords\":[\"Claudia Sheinbaum\",\"Pol\u00edtica mexicana\"],\"articleSection\":[\"Columnas\",\"De Buena Fuente\"],\"inLanguage\":\"es\",\"potentialAction\":[{\"@type\":\"CommentAction\",\"name\":\"Comment\",\"target\":[\"https:\\\/\\\/grupohoymexico.com\\\/puebla\\\/2026\\\/04\\\/23\\\/operar-la-eleccion-la-mision-de-claudia\\\/#respond\"]}]},{\"@type\":\"WebPage\",\"@id\":\"https:\\\/\\\/grupohoymexico.com\\\/puebla\\\/2026\\\/04\\\/23\\\/operar-la-eleccion-la-mision-de-claudia\\\/\",\"url\":\"https:\\\/\\\/grupohoymexico.com\\\/puebla\\\/2026\\\/04\\\/23\\\/operar-la-eleccion-la-mision-de-claudia\\\/\",\"name\":\"Operar la elecci\u00f3n, la misi\u00f3n de Claudia - Grupo Hoy Puebla\",\"isPartOf\":{\"@id\":\"https:\\\/\\\/grupohoymexico.com\\\/puebla\\\/#website\"},\"primaryImageOfPage\":{\"@id\":\"https:\\\/\\\/grupohoymexico.com\\\/puebla\\\/2026\\\/04\\\/23\\\/operar-la-eleccion-la-mision-de-claudia\\\/#primaryimage\"},\"image\":{\"@id\":\"https:\\\/\\\/grupohoymexico.com\\\/puebla\\\/2026\\\/04\\\/23\\\/operar-la-eleccion-la-mision-de-claudia\\\/#primaryimage\"},\"thumbnailUrl\":\"https:\\\/\\\/grupohoymexico.com\\\/puebla\\\/wp-content\\\/uploads\\\/sites\\\/3\\\/2024\\\/09\\\/Demuybuena-fuente.jpg\",\"datePublished\":\"2026-04-23T03:20:54+00:00\",\"dateModified\":\"2026-04-23T03:20:55+00:00\",\"author\":{\"@id\":\"https:\\\/\\\/grupohoymexico.com\\\/puebla\\\/#\\\/schema\\\/person\\\/bc870cc34e948548ddb62cf78ef8474b\"},\"breadcrumb\":{\"@id\":\"https:\\\/\\\/grupohoymexico.com\\\/puebla\\\/2026\\\/04\\\/23\\\/operar-la-eleccion-la-mision-de-claudia\\\/#breadcrumb\"},\"inLanguage\":\"es\",\"potentialAction\":[{\"@type\":\"ReadAction\",\"target\":[\"https:\\\/\\\/grupohoymexico.com\\\/puebla\\\/2026\\\/04\\\/23\\\/operar-la-eleccion-la-mision-de-claudia\\\/\"]}]},{\"@type\":\"ImageObject\",\"inLanguage\":\"es\",\"@id\":\"https:\\\/\\\/grupohoymexico.com\\\/puebla\\\/2026\\\/04\\\/23\\\/operar-la-eleccion-la-mision-de-claudia\\\/#primaryimage\",\"url\":\"https:\\\/\\\/grupohoymexico.com\\\/puebla\\\/wp-content\\\/uploads\\\/sites\\\/3\\\/2024\\\/09\\\/Demuybuena-fuente.jpg\",\"contentUrl\":\"https:\\\/\\\/grupohoymexico.com\\\/puebla\\\/wp-content\\\/uploads\\\/sites\\\/3\\\/2024\\\/09\\\/Demuybuena-fuente.jpg\",\"width\":1060,\"height\":840,\"caption\":\"Es De Muy Buena Fuente\"},{\"@type\":\"BreadcrumbList\",\"@id\":\"https:\\\/\\\/grupohoymexico.com\\\/puebla\\\/2026\\\/04\\\/23\\\/operar-la-eleccion-la-mision-de-claudia\\\/#breadcrumb\",\"itemListElement\":[{\"@type\":\"ListItem\",\"position\":1,\"name\":\"Inicio\",\"item\":\"https:\\\/\\\/grupohoymexico.com\\\/puebla\\\/\"},{\"@type\":\"ListItem\",\"position\":2,\"name\":\"Operar la elecci\u00f3n, la misi\u00f3n de Claudia\"}]},{\"@type\":\"WebSite\",\"@id\":\"https:\\\/\\\/grupohoymexico.com\\\/puebla\\\/#website\",\"url\":\"https:\\\/\\\/grupohoymexico.com\\\/puebla\\\/\",\"name\":\"Grupo Hoy Puebla\",\"description\":\"\",\"potentialAction\":[{\"@type\":\"SearchAction\",\"target\":{\"@type\":\"EntryPoint\",\"urlTemplate\":\"https:\\\/\\\/grupohoymexico.com\\\/puebla\\\/?s={search_term_string}\"},\"query-input\":{\"@type\":\"PropertyValueSpecification\",\"valueRequired\":true,\"valueName\":\"search_term_string\"}}],\"inLanguage\":\"es\"},{\"@type\":\"Person\",\"@id\":\"https:\\\/\\\/grupohoymexico.com\\\/puebla\\\/#\\\/schema\\\/person\\\/bc870cc34e948548ddb62cf78ef8474b\",\"name\":\"Redacci\u00f3n Grupo Hoy\",\"image\":{\"@type\":\"ImageObject\",\"inLanguage\":\"es\",\"@id\":\"https:\\\/\\\/secure.gravatar.com\\\/avatar\\\/e8a44ae8f1b7592837f8c496178e70e065758a27945df208805f8cf6fdd56893?s=96&d=mm&r=g\",\"url\":\"https:\\\/\\\/secure.gravatar.com\\\/avatar\\\/e8a44ae8f1b7592837f8c496178e70e065758a27945df208805f8cf6fdd56893?s=96&d=mm&r=g\",\"contentUrl\":\"https:\\\/\\\/secure.gravatar.com\\\/avatar\\\/e8a44ae8f1b7592837f8c496178e70e065758a27945df208805f8cf6fdd56893?s=96&d=mm&r=g\",\"caption\":\"Redacci\u00f3n Grupo Hoy\"},\"url\":\"https:\\\/\\\/grupohoymexico.com\\\/puebla\\\/author\\\/redaccion\\\/\"}]}<\/script>\n<!-- \/ Yoast SEO Premium plugin. -->","yoast_head_json":{"title":"Operar la elecci\u00f3n, la misi\u00f3n de Claudia - Grupo Hoy Puebla","robots":{"index":"index","follow":"follow","max-snippet":"max-snippet:-1","max-image-preview":"max-image-preview:large","max-video-preview":"max-video-preview:-1"},"canonical":"https:\/\/grupohoymexico.com\/puebla\/2026\/04\/23\/operar-la-eleccion-la-mision-de-claudia\/","og_locale":"es_MX","og_type":"article","og_title":"Operar la elecci\u00f3n, la misi\u00f3n de Claudia","og_description":"Sin duda, ser\u00e1 la responsable de la elecci\u00f3n, m\u00e1s no de la selecci\u00f3n.Aunque su formaci\u00f3n acad\u00e9mica es en&hellip;","og_url":"https:\/\/grupohoymexico.com\/puebla\/2026\/04\/23\/operar-la-eleccion-la-mision-de-claudia\/","og_site_name":"Grupo Hoy Puebla","article_published_time":"2026-04-23T03:20:54+00:00","article_modified_time":"2026-04-23T03:20:55+00:00","og_image":[{"width":1060,"height":840,"url":"https:\/\/grupohoymexico.com\/puebla\/wp-content\/uploads\/sites\/3\/2024\/09\/Demuybuena-fuente.jpg","type":"image\/jpeg"}],"author":"Redacci\u00f3n Grupo Hoy","twitter_card":"summary_large_image","twitter_misc":{"Escrito por":"Redacci\u00f3n Grupo Hoy","Tiempo de lectura":"3 minutos"},"schema":{"@context":"https:\/\/schema.org","@graph":[{"@type":"Article","@id":"https:\/\/grupohoymexico.com\/puebla\/2026\/04\/23\/operar-la-eleccion-la-mision-de-claudia\/#article","isPartOf":{"@id":"https:\/\/grupohoymexico.com\/puebla\/2026\/04\/23\/operar-la-eleccion-la-mision-de-claudia\/"},"author":{"name":"Redacci\u00f3n Grupo Hoy","@id":"https:\/\/grupohoymexico.com\/puebla\/#\/schema\/person\/bc870cc34e948548ddb62cf78ef8474b"},"headline":"Operar la elecci\u00f3n, la misi\u00f3n de Claudia","datePublished":"2026-04-23T03:20:54+00:00","dateModified":"2026-04-23T03:20:55+00:00","mainEntityOfPage":{"@id":"https:\/\/grupohoymexico.com\/puebla\/2026\/04\/23\/operar-la-eleccion-la-mision-de-claudia\/"},"wordCount":528,"commentCount":0,"image":{"@id":"https:\/\/grupohoymexico.com\/puebla\/2026\/04\/23\/operar-la-eleccion-la-mision-de-claudia\/#primaryimage"},"thumbnailUrl":"https:\/\/grupohoymexico.com\/puebla\/wp-content\/uploads\/sites\/3\/2024\/09\/Demuybuena-fuente.jpg","keywords":["Claudia Sheinbaum","Pol\u00edtica mexicana"],"articleSection":["Columnas","De Buena Fuente"],"inLanguage":"es","potentialAction":[{"@type":"CommentAction","name":"Comment","target":["https:\/\/grupohoymexico.com\/puebla\/2026\/04\/23\/operar-la-eleccion-la-mision-de-claudia\/#respond"]}]},{"@type":"WebPage","@id":"https:\/\/grupohoymexico.com\/puebla\/2026\/04\/23\/operar-la-eleccion-la-mision-de-claudia\/","url":"https:\/\/grupohoymexico.com\/puebla\/2026\/04\/23\/operar-la-eleccion-la-mision-de-claudia\/","name":"Operar la elecci\u00f3n, la misi\u00f3n de Claudia - Grupo Hoy Puebla","isPartOf":{"@id":"https:\/\/grupohoymexico.com\/puebla\/#website"},"primaryImageOfPage":{"@id":"https:\/\/grupohoymexico.com\/puebla\/2026\/04\/23\/operar-la-eleccion-la-mision-de-claudia\/#primaryimage"},"image":{"@id":"https:\/\/grupohoymexico.com\/puebla\/2026\/04\/23\/operar-la-eleccion-la-mision-de-claudia\/#primaryimage"},"thumbnailUrl":"https:\/\/grupohoymexico.com\/puebla\/wp-content\/uploads\/sites\/3\/2024\/09\/Demuybuena-fuente.jpg","datePublished":"2026-04-23T03:20:54+00:00","dateModified":"2026-04-23T03:20:55+00:00","author":{"@id":"https:\/\/grupohoymexico.com\/puebla\/#\/schema\/person\/bc870cc34e948548ddb62cf78ef8474b"},"breadcrumb":{"@id":"https:\/\/grupohoymexico.com\/puebla\/2026\/04\/23\/operar-la-eleccion-la-mision-de-claudia\/#breadcrumb"},"inLanguage":"es","potentialAction":[{"@type":"ReadAction","target":["https:\/\/grupohoymexico.com\/puebla\/2026\/04\/23\/operar-la-eleccion-la-mision-de-claudia\/"]}]},{"@type":"ImageObject","inLanguage":"es","@id":"https:\/\/grupohoymexico.com\/puebla\/2026\/04\/23\/operar-la-eleccion-la-mision-de-claudia\/#primaryimage","url":"https:\/\/grupohoymexico.com\/puebla\/wp-content\/uploads\/sites\/3\/2024\/09\/Demuybuena-fuente.jpg","contentUrl":"https:\/\/grupohoymexico.com\/puebla\/wp-content\/uploads\/sites\/3\/2024\/09\/Demuybuena-fuente.jpg","width":1060,"height":840,"caption":"Es De Muy Buena Fuente"},{"@type":"BreadcrumbList","@id":"https:\/\/grupohoymexico.com\/puebla\/2026\/04\/23\/operar-la-eleccion-la-mision-de-claudia\/#breadcrumb","itemListElement":[{"@type":"ListItem","position":1,"name":"Inicio","item":"https:\/\/grupohoymexico.com\/puebla\/"},{"@type":"ListItem","position":2,"name":"Operar la elecci\u00f3n, la misi\u00f3n de Claudia"}]},{"@type":"WebSite","@id":"https:\/\/grupohoymexico.com\/puebla\/#website","url":"https:\/\/grupohoymexico.com\/puebla\/","name":"Grupo Hoy Puebla","description":"","potentialAction":[{"@type":"SearchAction","target":{"@type":"EntryPoint","urlTemplate":"https:\/\/grupohoymexico.com\/puebla\/?s={search_term_string}"},"query-input":{"@type":"PropertyValueSpecification","valueRequired":true,"valueName":"search_term_string"}}],"inLanguage":"es"},{"@type":"Person","@id":"https:\/\/grupohoymexico.com\/puebla\/#\/schema\/person\/bc870cc34e948548ddb62cf78ef8474b","name":"Redacci\u00f3n Grupo Hoy","image":{"@type":"ImageObject","inLanguage":"es","@id":"https:\/\/secure.gravatar.com\/avatar\/e8a44ae8f1b7592837f8c496178e70e065758a27945df208805f8cf6fdd56893?s=96&d=mm&r=g","url":"https:\/\/secure.gravatar.com\/avatar\/e8a44ae8f1b7592837f8c496178e70e065758a27945df208805f8cf6fdd56893?s=96&d=mm&r=g","contentUrl":"https:\/\/secure.gravatar.com\/avatar\/e8a44ae8f1b7592837f8c496178e70e065758a27945df208805f8cf6fdd56893?s=96&d=mm&r=g","caption":"Redacci\u00f3n Grupo Hoy"},"url":"https:\/\/grupohoymexico.com\/puebla\/author\/redaccion\/"}]}},"_links":{"self":[{"href":"https:\/\/grupohoymexico.com\/puebla\/wp-json\/wp\/v2\/posts\/81555","targetHints":{"allow":["GET"]}}],"collection":[{"href":"https:\/\/grupohoymexico.com\/puebla\/wp-json\/wp\/v2\/posts"}],"about":[{"href":"https:\/\/grupohoymexico.com\/puebla\/wp-json\/wp\/v2\/types\/post"}],"author":[{"embeddable":true,"href":"https:\/\/grupohoymexico.com\/puebla\/wp-json\/wp\/v2\/users\/34"}],"replies":[{"embeddable":true,"href":"https:\/\/grupohoymexico.com\/puebla\/wp-json\/wp\/v2\/comments?post=81555"}],"version-history":[{"count":1,"href":"https:\/\/grupohoymexico.com\/puebla\/wp-json\/wp\/v2\/posts\/81555\/revisions"}],"predecessor-version":[{"id":81556,"href":"https:\/\/grupohoymexico.com\/puebla\/wp-json\/wp\/v2\/posts\/81555\/revisions\/81556"}],"wp:featuredmedia":[{"embeddable":true,"href":"https:\/\/grupohoymexico.com\/puebla\/wp-json\/wp\/v2\/media\/70393"}],"wp:attachment":[{"href":"https:\/\/grupohoymexico.com\/puebla\/wp-json\/wp\/v2\/media?parent=81555"}],"wp:term":[{"taxonomy":"category","embeddable":true,"href":"https:\/\/grupohoymexico.com\/puebla\/wp-json\/wp\/v2\/categories?post=81555"},{"taxonomy":"post_tag","embeddable":true,"href":"https:\/\/grupohoymexico.com\/puebla\/wp-json\/wp\/v2\/tags?post=81555"}],"curies":[{"name":"wp","href":"https:\/\/api.w.org\/{rel}","templated":true}]}}