{"id":81306,"date":"2026-04-20T14:58:18","date_gmt":"2026-04-20T14:58:18","guid":{"rendered":"https:\/\/grupohoymexico.com\/puebla\/?p=81306"},"modified":"2026-04-20T14:58:18","modified_gmt":"2026-04-20T14:58:18","slug":"celina-y-moreno-valle-la-bonita-y-la-maestra","status":"publish","type":"post","link":"https:\/\/grupohoymexico.com\/puebla\/2026\/04\/20\/celina-y-moreno-valle-la-bonita-y-la-maestra\/","title":{"rendered":"Celina y Moreno Valle. &#8216;La Bonita&#8217; y &#8216;La Maestra&#8217;"},"content":{"rendered":"\n<p>Malas noticias para varios diputados locales.<br>Pr\u00e1cticamente ya tienen sucesores.<br>Celina Pe\u00f1a Guzm\u00e1n, Rafael Moreno Valle Buitr\u00f3n y Gaby \u201cLa Bonita\u201d S\u00e1nchez, son \u201clos destapes\u201d de este fin de semana.<br>Ellas dos y \u00e9l, se suman a Laura, \u201cLa Maestra\u201d Artemisa Garc\u00eda Ch\u00e1vez como integrantes del grupo pol\u00edtico del gobernador Alejandro Armenta, quienes recibieron autorizaci\u00f3n para mandar a pintar \u201csus bardas\u201d.<br>Disfrazado si, ilegal no, el caso es que ya tenemos candidatas y candidatos.<br>El s\u00e1bado pasado (18\/04) los enviados de ya saben quien, empezaron a pintar algunas bardas con el nombre de Rafael Moreno Valle Buitr\u00f3n, director general de la Comisi\u00f3n Estatal de Vivienda de Puebla.<br>Rafael Moreno Valle B., se lee en las bardas que aparecen en territorio de los distritos locales 19 \u00f3 20.<br>La barda dice que la Feria de Puebla te invita a la presentaci\u00f3n del Tenor RMVB el 9 de mayo en el auditorio de La Reforma.<br>El caso es que Rafa pinta bardas y pinta para ser diputado al Congreso del Estado.<br>\u00c9sta simple barda pintada, tiene muchos mensajes pol\u00edticos.<br>De entrada: \u00bfQui\u00e9nes son los actuales diputados locales a qui\u00e9nes Rafael pudiera relevar?<br>Distrito 19: Roberto Zatara\u00edn Leal.<br>Distrito 20: Jos\u00e9 Luis Figueroa Cort\u00e9s.<br>De segundo tiempo: Rafael, entonces, no ser\u00e1 el sucesor de Artemisa en la Secretar\u00eda de Bienestar.<br>Esto le abre la posibilidad a Edgar Chumacero de ascender a Secretario.<br>Y de salida: Quien menos tiene que preocuparse es Figueroa. Es \u201carmentista puro\u201d.<br>Punto.<br>\u2026<\/p>\n\n\n\n<p>La diputaci\u00f3n federal para Celina<\/p>\n\n\n\n<p>La aparici\u00f3n de la barda con el nombre de Celina Pe\u00f1a, tiene un mensaje m\u00e1s profundo.<br>Hay que entender el tablero de Armenta.<br>Celina fue Secretaria de Innovaci\u00f3n y no s\u00e9 que tantas cosas.<br>Eficiente, como siempre.<br>De Secretaria en el gobierno de Puebla, pas\u00f3 a ser Subsecretaria de Ciencia y no s\u00e9 que otras cosas en el gobierno de la Rep\u00fablica.<br>O sea, despu\u00e9s de todo esto, ni modo que sea degrada para ser diputada local.<br>Ni siquiera como Presidenta del Congreso, digo.<br>Entonces:<br>La barda, pol\u00edticamente dice que: Celina Pe\u00f1a Guzm\u00e1n podr\u00eda ser candidata a diputada federal del distrito sexto.<br>De Secretaria a Subsecretaria y luego a diputada federal, suena mejor.<br>M\u00e1s-mejor, pues.<br>Punto.<br>He dicho.<br>\u2026<\/p>\n\n\n\n<p>\u201cLa Bonita\u201d se cae para arriba<\/p>\n\n\n\n<p>A Gabriela \u201cLa Bonita\u201d S\u00e1nchez le caer\u00eda muy bien ser diputada local.<br>Es como caerse para arriba.<br>Dejar\u00eda la Secretar\u00eda del Deporte y la Juventud para emprender una carrera pol\u00edtica.<br>Est\u00e1 bien.<br>Secretaria, campeona y diputada, en tres a\u00f1os, ni Obama.<br>Punto.<br>He escrito.<br>\u2026<\/p>\n\n\n\n<p>Tiene para escoger<\/p>\n\n\n\n<p>Laura Artemisa, \u201cLa Maestra\u201d es quien tiene para escoger:<br>Es Secretaria de Bienestar y ah\u00ed se quedar\u00eda.<br>Puede repetir como diputada local, sin problema.<br>Tal vez llegue a diputada federal, lo cual le ayudar\u00eda mucho a crecer en pol\u00edtica.<br>Y obviamente buscar ser favorecida con la candidatura a la presidencia municipal de Puebla.<br>Todo por MORENA, obvio.<br>Por eso, se justifican sus bardas.<br>Punto.<br>He visualizado.<br>\u2026<\/p>\n\n\n\n<p>Malas noticias. Los locales no repiten<\/p>\n\n\n\n<p>Las bardas tambi\u00e9n anuncian que a diferencia de las y los diputados federales, varios por no decir todas y todos los diputados locales no van a repetir.<br>A reserva de las cuotas de los partidos pol\u00edticos de la 4T, pero todos son negociables.<br>Los tiempos pol\u00edticos ya est\u00e1n aqu\u00ed.<br>Y las bardas, no mienten.<br>Punto.<br>\u2026<\/p>\n\n\n\n<p>Ni Obama<br>Al \u201cBukanas\u201d s\u00ed, pero a \u201cEl To\u00f1\u00edn\u201d, ni Obama.<br>\u2026<\/p>\n\n\n\n<p>El Verdugo<br>Si se confirma, Claudia Hern\u00e1ndez Medina no s\u00f3lo va Comunicaci\u00f3n Social de MORENA Puebla. El Verdugo dice: Va a ser presidenta de MORENA.<br>\u2026<\/p>\n\n\n\n<p>De Buena Fuente, no es la mejor columna pol\u00edtica, pero tiene\u2026 a los mejores lectores.<br>cmaciaspalma@yahoo.com.mx<\/p>\n","protected":false},"excerpt":{"rendered":"Malas noticias para varios diputados locales.Pr\u00e1cticamente ya tienen sucesores.Celina Pe\u00f1a Guzm\u00e1n, Rafael Moreno Valle Buitr\u00f3n y Gaby \u201cLa&hellip;","protected":false},"author":34,"featured_media":70393,"comment_status":"open","ping_status":"open","sticky":false,"template":"","format":"standard","meta":{"csco_display_header_overlay":false,"csco_singular_sidebar":"","csco_page_header_type":"","csco_page_load_nextpost":"","csco_post_video_location":[],"csco_post_video_location_hash":"","csco_post_video_url":"","csco_post_video_bg_start_time":0,"csco_post_video_bg_end_time":0,"footnotes":""},"categories":[50,51],"tags":[98,2666,3771],"class_list":{"0":"post-81306","1":"post","2":"type-post","3":"status-publish","4":"format-standard","5":"has-post-thumbnail","7":"category-columnas","8":"category-de-buena-fuente","9":"tag-alejandro-armenta","10":"tag-gabriela-la-bonita-sanchez","11":"tag-politica-de-puebla","12":"cs-entry","13":"cs-video-wrap"},"yoast_head":"<!-- This site is optimized with the Yoast SEO Premium plugin v24.7 (Yoast SEO v27.4) - https:\/\/yoast.com\/product\/yoast-seo-premium-wordpress\/ -->\n<title>Celina y Moreno Valle. &#039;La Bonita&#039; y &#039;La Maestra&#039; - Grupo Hoy Puebla<\/title>\n<meta name=\"robots\" content=\"index, follow, max-snippet:-1, max-image-preview:large, max-video-preview:-1\" \/>\n<link rel=\"canonical\" href=\"https:\/\/grupohoymexico.com\/puebla\/2026\/04\/20\/celina-y-moreno-valle-la-bonita-y-la-maestra\/\" \/>\n<meta property=\"og:locale\" content=\"es_MX\" \/>\n<meta property=\"og:type\" content=\"article\" \/>\n<meta property=\"og:title\" content=\"Celina y Moreno Valle. &#039;La Bonita&#039; y &#039;La Maestra&#039;\" \/>\n<meta property=\"og:description\" content=\"Malas noticias para varios diputados locales.Pr\u00e1cticamente ya tienen sucesores.Celina Pe\u00f1a Guzm\u00e1n, Rafael Moreno Valle Buitr\u00f3n y Gaby \u201cLa&hellip;\" \/>\n<meta property=\"og:url\" content=\"https:\/\/grupohoymexico.com\/puebla\/2026\/04\/20\/celina-y-moreno-valle-la-bonita-y-la-maestra\/\" \/>\n<meta property=\"og:site_name\" content=\"Grupo Hoy Puebla\" \/>\n<meta property=\"article:published_time\" content=\"2026-04-20T14:58:18+00:00\" \/>\n<meta property=\"og:image\" content=\"https:\/\/grupohoymexico.com\/puebla\/wp-content\/uploads\/sites\/3\/2024\/09\/Demuybuena-fuente.jpg\" \/>\n\t<meta property=\"og:image:width\" content=\"1060\" \/>\n\t<meta property=\"og:image:height\" content=\"840\" \/>\n\t<meta property=\"og:image:type\" content=\"image\/jpeg\" \/>\n<meta name=\"author\" content=\"Redacci\u00f3n Grupo Hoy\" \/>\n<meta name=\"twitter:card\" content=\"summary_large_image\" \/>\n<meta name=\"twitter:label1\" content=\"Escrito por\" \/>\n\t<meta name=\"twitter:data1\" content=\"Redacci\u00f3n Grupo Hoy\" \/>\n\t<meta name=\"twitter:label2\" content=\"Tiempo de lectura\" \/>\n\t<meta name=\"twitter:data2\" content=\"3 minutos\" \/>\n<script type=\"application\/ld+json\" class=\"yoast-schema-graph\">{\"@context\":\"https:\\\/\\\/schema.org\",\"@graph\":[{\"@type\":\"Article\",\"@id\":\"https:\\\/\\\/grupohoymexico.com\\\/puebla\\\/2026\\\/04\\\/20\\\/celina-y-moreno-valle-la-bonita-y-la-maestra\\\/#article\",\"isPartOf\":{\"@id\":\"https:\\\/\\\/grupohoymexico.com\\\/puebla\\\/2026\\\/04\\\/20\\\/celina-y-moreno-valle-la-bonita-y-la-maestra\\\/\"},\"author\":{\"name\":\"Redacci\u00f3n Grupo Hoy\",\"@id\":\"https:\\\/\\\/grupohoymexico.com\\\/puebla\\\/#\\\/schema\\\/person\\\/bc870cc34e948548ddb62cf78ef8474b\"},\"headline\":\"Celina y Moreno Valle. &#8216;La Bonita&#8217; y &#8216;La Maestra&#8217;\",\"datePublished\":\"2026-04-20T14:58:18+00:00\",\"mainEntityOfPage\":{\"@id\":\"https:\\\/\\\/grupohoymexico.com\\\/puebla\\\/2026\\\/04\\\/20\\\/celina-y-moreno-valle-la-bonita-y-la-maestra\\\/\"},\"wordCount\":650,\"commentCount\":0,\"image\":{\"@id\":\"https:\\\/\\\/grupohoymexico.com\\\/puebla\\\/2026\\\/04\\\/20\\\/celina-y-moreno-valle-la-bonita-y-la-maestra\\\/#primaryimage\"},\"thumbnailUrl\":\"https:\\\/\\\/grupohoymexico.com\\\/puebla\\\/wp-content\\\/uploads\\\/sites\\\/3\\\/2024\\\/09\\\/Demuybuena-fuente.jpg\",\"keywords\":[\"Alejandro Armenta\",\"Gabriela La Bonita S\u00e1nchez\",\"Pol\u00edtica de Puebla\"],\"articleSection\":[\"Columnas\",\"De Buena Fuente\"],\"inLanguage\":\"es\",\"potentialAction\":[{\"@type\":\"CommentAction\",\"name\":\"Comment\",\"target\":[\"https:\\\/\\\/grupohoymexico.com\\\/puebla\\\/2026\\\/04\\\/20\\\/celina-y-moreno-valle-la-bonita-y-la-maestra\\\/#respond\"]}]},{\"@type\":\"WebPage\",\"@id\":\"https:\\\/\\\/grupohoymexico.com\\\/puebla\\\/2026\\\/04\\\/20\\\/celina-y-moreno-valle-la-bonita-y-la-maestra\\\/\",\"url\":\"https:\\\/\\\/grupohoymexico.com\\\/puebla\\\/2026\\\/04\\\/20\\\/celina-y-moreno-valle-la-bonita-y-la-maestra\\\/\",\"name\":\"Celina y Moreno Valle. 'La Bonita' y 'La Maestra' - Grupo Hoy Puebla\",\"isPartOf\":{\"@id\":\"https:\\\/\\\/grupohoymexico.com\\\/puebla\\\/#website\"},\"primaryImageOfPage\":{\"@id\":\"https:\\\/\\\/grupohoymexico.com\\\/puebla\\\/2026\\\/04\\\/20\\\/celina-y-moreno-valle-la-bonita-y-la-maestra\\\/#primaryimage\"},\"image\":{\"@id\":\"https:\\\/\\\/grupohoymexico.com\\\/puebla\\\/2026\\\/04\\\/20\\\/celina-y-moreno-valle-la-bonita-y-la-maestra\\\/#primaryimage\"},\"thumbnailUrl\":\"https:\\\/\\\/grupohoymexico.com\\\/puebla\\\/wp-content\\\/uploads\\\/sites\\\/3\\\/2024\\\/09\\\/Demuybuena-fuente.jpg\",\"datePublished\":\"2026-04-20T14:58:18+00:00\",\"author\":{\"@id\":\"https:\\\/\\\/grupohoymexico.com\\\/puebla\\\/#\\\/schema\\\/person\\\/bc870cc34e948548ddb62cf78ef8474b\"},\"breadcrumb\":{\"@id\":\"https:\\\/\\\/grupohoymexico.com\\\/puebla\\\/2026\\\/04\\\/20\\\/celina-y-moreno-valle-la-bonita-y-la-maestra\\\/#breadcrumb\"},\"inLanguage\":\"es\",\"potentialAction\":[{\"@type\":\"ReadAction\",\"target\":[\"https:\\\/\\\/grupohoymexico.com\\\/puebla\\\/2026\\\/04\\\/20\\\/celina-y-moreno-valle-la-bonita-y-la-maestra\\\/\"]}]},{\"@type\":\"ImageObject\",\"inLanguage\":\"es\",\"@id\":\"https:\\\/\\\/grupohoymexico.com\\\/puebla\\\/2026\\\/04\\\/20\\\/celina-y-moreno-valle-la-bonita-y-la-maestra\\\/#primaryimage\",\"url\":\"https:\\\/\\\/grupohoymexico.com\\\/puebla\\\/wp-content\\\/uploads\\\/sites\\\/3\\\/2024\\\/09\\\/Demuybuena-fuente.jpg\",\"contentUrl\":\"https:\\\/\\\/grupohoymexico.com\\\/puebla\\\/wp-content\\\/uploads\\\/sites\\\/3\\\/2024\\\/09\\\/Demuybuena-fuente.jpg\",\"width\":1060,\"height\":840,\"caption\":\"Es De Muy Buena Fuente\"},{\"@type\":\"BreadcrumbList\",\"@id\":\"https:\\\/\\\/grupohoymexico.com\\\/puebla\\\/2026\\\/04\\\/20\\\/celina-y-moreno-valle-la-bonita-y-la-maestra\\\/#breadcrumb\",\"itemListElement\":[{\"@type\":\"ListItem\",\"position\":1,\"name\":\"Inicio\",\"item\":\"https:\\\/\\\/grupohoymexico.com\\\/puebla\\\/\"},{\"@type\":\"ListItem\",\"position\":2,\"name\":\"Celina y Moreno Valle. &#8216;La Bonita&#8217; y &#8216;La Maestra&#8217;\"}]},{\"@type\":\"WebSite\",\"@id\":\"https:\\\/\\\/grupohoymexico.com\\\/puebla\\\/#website\",\"url\":\"https:\\\/\\\/grupohoymexico.com\\\/puebla\\\/\",\"name\":\"Grupo Hoy Puebla\",\"description\":\"\",\"potentialAction\":[{\"@type\":\"SearchAction\",\"target\":{\"@type\":\"EntryPoint\",\"urlTemplate\":\"https:\\\/\\\/grupohoymexico.com\\\/puebla\\\/?s={search_term_string}\"},\"query-input\":{\"@type\":\"PropertyValueSpecification\",\"valueRequired\":true,\"valueName\":\"search_term_string\"}}],\"inLanguage\":\"es\"},{\"@type\":\"Person\",\"@id\":\"https:\\\/\\\/grupohoymexico.com\\\/puebla\\\/#\\\/schema\\\/person\\\/bc870cc34e948548ddb62cf78ef8474b\",\"name\":\"Redacci\u00f3n Grupo Hoy\",\"image\":{\"@type\":\"ImageObject\",\"inLanguage\":\"es\",\"@id\":\"https:\\\/\\\/secure.gravatar.com\\\/avatar\\\/e8a44ae8f1b7592837f8c496178e70e065758a27945df208805f8cf6fdd56893?s=96&d=mm&r=g\",\"url\":\"https:\\\/\\\/secure.gravatar.com\\\/avatar\\\/e8a44ae8f1b7592837f8c496178e70e065758a27945df208805f8cf6fdd56893?s=96&d=mm&r=g\",\"contentUrl\":\"https:\\\/\\\/secure.gravatar.com\\\/avatar\\\/e8a44ae8f1b7592837f8c496178e70e065758a27945df208805f8cf6fdd56893?s=96&d=mm&r=g\",\"caption\":\"Redacci\u00f3n Grupo Hoy\"},\"url\":\"https:\\\/\\\/grupohoymexico.com\\\/puebla\\\/author\\\/redaccion\\\/\"}]}<\/script>\n<!-- \/ Yoast SEO Premium plugin. -->","yoast_head_json":{"title":"Celina y Moreno Valle. 'La Bonita' y 'La Maestra' - Grupo Hoy Puebla","robots":{"index":"index","follow":"follow","max-snippet":"max-snippet:-1","max-image-preview":"max-image-preview:large","max-video-preview":"max-video-preview:-1"},"canonical":"https:\/\/grupohoymexico.com\/puebla\/2026\/04\/20\/celina-y-moreno-valle-la-bonita-y-la-maestra\/","og_locale":"es_MX","og_type":"article","og_title":"Celina y Moreno Valle. 'La Bonita' y 'La Maestra'","og_description":"Malas noticias para varios diputados locales.Pr\u00e1cticamente ya tienen sucesores.Celina Pe\u00f1a Guzm\u00e1n, Rafael Moreno Valle Buitr\u00f3n y Gaby \u201cLa&hellip;","og_url":"https:\/\/grupohoymexico.com\/puebla\/2026\/04\/20\/celina-y-moreno-valle-la-bonita-y-la-maestra\/","og_site_name":"Grupo Hoy Puebla","article_published_time":"2026-04-20T14:58:18+00:00","og_image":[{"width":1060,"height":840,"url":"https:\/\/grupohoymexico.com\/puebla\/wp-content\/uploads\/sites\/3\/2024\/09\/Demuybuena-fuente.jpg","type":"image\/jpeg"}],"author":"Redacci\u00f3n Grupo Hoy","twitter_card":"summary_large_image","twitter_misc":{"Escrito por":"Redacci\u00f3n Grupo Hoy","Tiempo de lectura":"3 minutos"},"schema":{"@context":"https:\/\/schema.org","@graph":[{"@type":"Article","@id":"https:\/\/grupohoymexico.com\/puebla\/2026\/04\/20\/celina-y-moreno-valle-la-bonita-y-la-maestra\/#article","isPartOf":{"@id":"https:\/\/grupohoymexico.com\/puebla\/2026\/04\/20\/celina-y-moreno-valle-la-bonita-y-la-maestra\/"},"author":{"name":"Redacci\u00f3n Grupo Hoy","@id":"https:\/\/grupohoymexico.com\/puebla\/#\/schema\/person\/bc870cc34e948548ddb62cf78ef8474b"},"headline":"Celina y Moreno Valle. &#8216;La Bonita&#8217; y &#8216;La Maestra&#8217;","datePublished":"2026-04-20T14:58:18+00:00","mainEntityOfPage":{"@id":"https:\/\/grupohoymexico.com\/puebla\/2026\/04\/20\/celina-y-moreno-valle-la-bonita-y-la-maestra\/"},"wordCount":650,"commentCount":0,"image":{"@id":"https:\/\/grupohoymexico.com\/puebla\/2026\/04\/20\/celina-y-moreno-valle-la-bonita-y-la-maestra\/#primaryimage"},"thumbnailUrl":"https:\/\/grupohoymexico.com\/puebla\/wp-content\/uploads\/sites\/3\/2024\/09\/Demuybuena-fuente.jpg","keywords":["Alejandro Armenta","Gabriela La Bonita S\u00e1nchez","Pol\u00edtica de Puebla"],"articleSection":["Columnas","De Buena Fuente"],"inLanguage":"es","potentialAction":[{"@type":"CommentAction","name":"Comment","target":["https:\/\/grupohoymexico.com\/puebla\/2026\/04\/20\/celina-y-moreno-valle-la-bonita-y-la-maestra\/#respond"]}]},{"@type":"WebPage","@id":"https:\/\/grupohoymexico.com\/puebla\/2026\/04\/20\/celina-y-moreno-valle-la-bonita-y-la-maestra\/","url":"https:\/\/grupohoymexico.com\/puebla\/2026\/04\/20\/celina-y-moreno-valle-la-bonita-y-la-maestra\/","name":"Celina y Moreno Valle. 'La Bonita' y 'La Maestra' - Grupo Hoy Puebla","isPartOf":{"@id":"https:\/\/grupohoymexico.com\/puebla\/#website"},"primaryImageOfPage":{"@id":"https:\/\/grupohoymexico.com\/puebla\/2026\/04\/20\/celina-y-moreno-valle-la-bonita-y-la-maestra\/#primaryimage"},"image":{"@id":"https:\/\/grupohoymexico.com\/puebla\/2026\/04\/20\/celina-y-moreno-valle-la-bonita-y-la-maestra\/#primaryimage"},"thumbnailUrl":"https:\/\/grupohoymexico.com\/puebla\/wp-content\/uploads\/sites\/3\/2024\/09\/Demuybuena-fuente.jpg","datePublished":"2026-04-20T14:58:18+00:00","author":{"@id":"https:\/\/grupohoymexico.com\/puebla\/#\/schema\/person\/bc870cc34e948548ddb62cf78ef8474b"},"breadcrumb":{"@id":"https:\/\/grupohoymexico.com\/puebla\/2026\/04\/20\/celina-y-moreno-valle-la-bonita-y-la-maestra\/#breadcrumb"},"inLanguage":"es","potentialAction":[{"@type":"ReadAction","target":["https:\/\/grupohoymexico.com\/puebla\/2026\/04\/20\/celina-y-moreno-valle-la-bonita-y-la-maestra\/"]}]},{"@type":"ImageObject","inLanguage":"es","@id":"https:\/\/grupohoymexico.com\/puebla\/2026\/04\/20\/celina-y-moreno-valle-la-bonita-y-la-maestra\/#primaryimage","url":"https:\/\/grupohoymexico.com\/puebla\/wp-content\/uploads\/sites\/3\/2024\/09\/Demuybuena-fuente.jpg","contentUrl":"https:\/\/grupohoymexico.com\/puebla\/wp-content\/uploads\/sites\/3\/2024\/09\/Demuybuena-fuente.jpg","width":1060,"height":840,"caption":"Es De Muy Buena Fuente"},{"@type":"BreadcrumbList","@id":"https:\/\/grupohoymexico.com\/puebla\/2026\/04\/20\/celina-y-moreno-valle-la-bonita-y-la-maestra\/#breadcrumb","itemListElement":[{"@type":"ListItem","position":1,"name":"Inicio","item":"https:\/\/grupohoymexico.com\/puebla\/"},{"@type":"ListItem","position":2,"name":"Celina y Moreno Valle. &#8216;La Bonita&#8217; y &#8216;La Maestra&#8217;"}]},{"@type":"WebSite","@id":"https:\/\/grupohoymexico.com\/puebla\/#website","url":"https:\/\/grupohoymexico.com\/puebla\/","name":"Grupo Hoy Puebla","description":"","potentialAction":[{"@type":"SearchAction","target":{"@type":"EntryPoint","urlTemplate":"https:\/\/grupohoymexico.com\/puebla\/?s={search_term_string}"},"query-input":{"@type":"PropertyValueSpecification","valueRequired":true,"valueName":"search_term_string"}}],"inLanguage":"es"},{"@type":"Person","@id":"https:\/\/grupohoymexico.com\/puebla\/#\/schema\/person\/bc870cc34e948548ddb62cf78ef8474b","name":"Redacci\u00f3n Grupo Hoy","image":{"@type":"ImageObject","inLanguage":"es","@id":"https:\/\/secure.gravatar.com\/avatar\/e8a44ae8f1b7592837f8c496178e70e065758a27945df208805f8cf6fdd56893?s=96&d=mm&r=g","url":"https:\/\/secure.gravatar.com\/avatar\/e8a44ae8f1b7592837f8c496178e70e065758a27945df208805f8cf6fdd56893?s=96&d=mm&r=g","contentUrl":"https:\/\/secure.gravatar.com\/avatar\/e8a44ae8f1b7592837f8c496178e70e065758a27945df208805f8cf6fdd56893?s=96&d=mm&r=g","caption":"Redacci\u00f3n Grupo Hoy"},"url":"https:\/\/grupohoymexico.com\/puebla\/author\/redaccion\/"}]}},"_links":{"self":[{"href":"https:\/\/grupohoymexico.com\/puebla\/wp-json\/wp\/v2\/posts\/81306","targetHints":{"allow":["GET"]}}],"collection":[{"href":"https:\/\/grupohoymexico.com\/puebla\/wp-json\/wp\/v2\/posts"}],"about":[{"href":"https:\/\/grupohoymexico.com\/puebla\/wp-json\/wp\/v2\/types\/post"}],"author":[{"embeddable":true,"href":"https:\/\/grupohoymexico.com\/puebla\/wp-json\/wp\/v2\/users\/34"}],"replies":[{"embeddable":true,"href":"https:\/\/grupohoymexico.com\/puebla\/wp-json\/wp\/v2\/comments?post=81306"}],"version-history":[{"count":1,"href":"https:\/\/grupohoymexico.com\/puebla\/wp-json\/wp\/v2\/posts\/81306\/revisions"}],"predecessor-version":[{"id":81307,"href":"https:\/\/grupohoymexico.com\/puebla\/wp-json\/wp\/v2\/posts\/81306\/revisions\/81307"}],"wp:featuredmedia":[{"embeddable":true,"href":"https:\/\/grupohoymexico.com\/puebla\/wp-json\/wp\/v2\/media\/70393"}],"wp:attachment":[{"href":"https:\/\/grupohoymexico.com\/puebla\/wp-json\/wp\/v2\/media?parent=81306"}],"wp:term":[{"taxonomy":"category","embeddable":true,"href":"https:\/\/grupohoymexico.com\/puebla\/wp-json\/wp\/v2\/categories?post=81306"},{"taxonomy":"post_tag","embeddable":true,"href":"https:\/\/grupohoymexico.com\/puebla\/wp-json\/wp\/v2\/tags?post=81306"}],"curies":[{"name":"wp","href":"https:\/\/api.w.org\/{rel}","templated":true}]}}