{"id":80686,"date":"2026-03-17T22:39:38","date_gmt":"2026-03-17T22:39:38","guid":{"rendered":"https:\/\/grupohoymexico.com\/puebla\/2026\/03\/17\/servando-gomez-la-tuta-se-declara-no-culpable-en-estados-unidos-por-cargos-de-narcotrafico\/"},"modified":"2026-03-17T22:39:39","modified_gmt":"2026-03-17T22:39:39","slug":"servando-gomez-la-tuta-se-declara-no-culpable-en-estados-unidos-por-cargos-de-narcotrafico","status":"publish","type":"post","link":"https:\/\/grupohoymexico.com\/puebla\/2026\/03\/17\/servando-gomez-la-tuta-se-declara-no-culpable-en-estados-unidos-por-cargos-de-narcotrafico\/","title":{"rendered":"Servando G\u00f3mez, &#8220;La Tuta&#8221;, se declara no culpable en Estados Unidos por cargos de narcotr\u00e1fico"},"content":{"rendered":"\n<p>El exl\u00edder criminal <strong>Servando G\u00f3mez Mart\u00ednez<\/strong>, conocido como \u201cLa Tuta\u201d, se declar\u00f3 <strong>no culpable<\/strong> de los cargos por <strong>conspiraci\u00f3n para traficar drogas<\/strong> ante una corte federal en <strong>Nueva York<\/strong>, en Estados Unidos.<\/p>\n\n\n\n<p>La audiencia se llev\u00f3 a cabo en la Corte del Distrito Sur de Manhattan, donde el exdirigente de <strong>La Familia Michoacana<\/strong> y <strong>Los Caballeros Templarios<\/strong> compareci\u00f3 ante el juez <strong>John G. Koeltl<\/strong>, acompa\u00f1ado de su abogado defensor.<\/p>\n\n\n\n<h3 class=\"wp-block-heading\" id=\"h-sigue-nuestras-cuentas-en-facebook-e-instagram-para-mantenerte-informado-con-las-noticias-mas-relevantes\"><strong>Sigue nuestras cuentas en Facebook e Instagram para mantenerte informado con las noticias m\u00e1s relevantes.<\/strong><\/h3>\n\n\n\n<h2 class=\"wp-block-heading\" id=\"h-audiencia-en-nueva-york-la-tuta-rechaza-cargos-por-narcotrafico\"><strong>Audiencia en Nueva York: \u201cLa Tuta\u201d rechaza cargos por narcotr\u00e1fico<\/strong><\/h2>\n\n\n\n<p>Durante su presentaci\u00f3n, <strong>Servando G\u00f3mez Mart\u00ednez<\/strong> fue formalmente arraigado tras varios meses de retraso en el proceso judicial, derivados de ajustes en la agenda legal.<\/p>\n\n\n\n<p>El exl\u00edder criminal se declar\u00f3 <strong>inocente de conspirar para traficar narc\u00f3ticos hacia Estados Unidos<\/strong>, uno de los principales cargos que enfrenta ante la justicia estadounidense.<\/p>\n\n\n\n<p>Se prev\u00e9 que el acusado vuelva a comparecer el <strong>24 de junio<\/strong>, fecha en la que podr\u00edan definirse avances en el proceso o incluso negociaciones con la fiscal\u00eda.<\/p>\n\n\n\n<h2 class=\"wp-block-heading\" id=\"h-donde-esta-preso-la-tuta-actualmente\"><strong>\u00bfD\u00f3nde est\u00e1 preso \u201cLa Tuta\u201d actualmente?<\/strong><\/h2>\n\n\n\n<p>Tras su audiencia, <strong>Servando G\u00f3mez Mart\u00ednez<\/strong> permanecer\u00e1 en prisi\u00f3n preventiva en el <strong>Centro Metropolitano de Detenci\u00f3n de Brooklyn<\/strong>, en <strong>Nueva York<\/strong>.<\/p>\n\n\n\n<p>Su situaci\u00f3n jur\u00eddica podr\u00eda cambiar dependiendo de si se alcanza un acuerdo de culpabilidad o si el caso avanza a juicio en los pr\u00f3ximos meses.<\/p>\n\n\n\n<h3 class=\"wp-block-heading\" id=\"h-leer-mas-habra-ley-seca-en-cdmx-por-el-mundial-2026-clara-brugada-analiza-prohibir-el-alcohol-durante-partidos\"><strong><em>Leer m\u00e1s: <a href=\"https:\/\/grupohoymexico.com\/2026\/03\/17\/habra-ley-seca-en-cdmx-por-el-mundial-2026-clara-brugada-analiza-prohibir-el-alcohol-durante-partidos\/\">\u00bfHabr\u00e1 ley seca en CDMX por el Mundial 2026? Clara Brugada analiza prohibir el alcohol durante partidos<\/a><\/em><\/strong><\/h3>\n\n\n\n<h2 class=\"wp-block-heading\" id=\"h-extradicion-de-la-tuta-a-estados-unidos-en-2025\"><strong>Extradici\u00f3n de \u201cLa Tuta\u201d a Estados Unidos en 2025<\/strong><\/h2>\n\n\n\n<p>El exl\u00edder criminal fue extraditado por el gobierno de <strong>M\u00e9xico<\/strong> el <strong>12 de agosto de 2025<\/strong>, junto con otros reos requeridos por autoridades de <strong>Estados Unidos<\/strong>.<\/p>\n\n\n\n<p>Las autoridades estadounidenses lo acusan de:<\/p>\n\n\n\n<ul class=\"wp-block-list\">\n<li>Tr\u00e1fico de drogas.<\/li>\n\n\n\n<li>Crimen organizado.<\/li>\n\n\n\n<li>Lavado de dinero.<\/li>\n\n\n\n<li>Conspiraci\u00f3n internacional.<\/li>\n<\/ul>\n\n\n\n<h2 class=\"wp-block-heading\" id=\"h-acusaciones-trafico-de-metanfetamina-y-cocaina-desde-michoacan\"><strong>Acusaciones: tr\u00e1fico de metanfetamina y coca\u00edna desde Michoac\u00e1n<\/strong><\/h2>\n\n\n\n<p>De acuerdo con la fiscal\u00eda, <strong>Servando G\u00f3mez Mart\u00ednez<\/strong> oper\u00f3 junto a otros l\u00edderes criminales como:<\/p>\n\n\n\n<ul class=\"wp-block-list\">\n<li><strong>Jos\u00e9 de Jes\u00fas M\u00e9ndez Vargas<\/strong> (\u201cEl Chango\u201d).<\/li>\n\n\n\n<li><strong>Nazario Moreno Gonz\u00e1lez<\/strong> (\u201cEl Chayo\u201d).<\/li>\n<\/ul>\n\n\n\n<p>Se les se\u00f1ala por <strong>traficar grandes cantidades de metanfetamina y coca\u00edna<\/strong> desde el estado de <strong>Michoac\u00e1n<\/strong>, utilizando rutas estrat\u00e9gicas como el puerto de <strong>L\u00e1zaro C\u00e1rdenas<\/strong>.<\/p>\n\n\n\n<h2 class=\"wp-block-heading\" id=\"h-la-familia-michoacana-organizacion-criminal-bajo-investigacion\"><strong>La Familia Michoacana: organizaci\u00f3n criminal bajo investigaci\u00f3n<\/strong><\/h2>\n\n\n\n<p>La red de <strong>La Familia Michoacana<\/strong> es considerada por autoridades de Estados Unidos como una <strong>organizaci\u00f3n criminal violenta<\/strong>, vinculada a:<\/p>\n\n\n\n<ul class=\"wp-block-list\">\n<li>Tr\u00e1fico internacional de drogas.<\/li>\n\n\n\n<li>Compra de armas de alto poder.<\/li>\n\n\n\n<li>Secuestros y homicidios.<\/li>\n\n\n\n<li>Operaciones en M\u00e9xico y EE.UU.<\/li>\n<\/ul>\n\n\n\n<p>Seg\u00fan la fiscal\u00eda, <strong>Servando G\u00f3mez Mart\u00ednez<\/strong> fung\u00eda como <strong>jefe operativo<\/strong>, encargado de negociar acuerdos, coordinar env\u00edos de droga y emitir mensajes p\u00fablicos en nombre del grupo.<\/p>\n\n\n\n<h2 class=\"wp-block-heading\" id=\"h-unete-a-nuestro-canal-de-whatsapp\"><strong><a href=\"https:\/\/whatsapp.com\/channel\/0029Vaylt1XG3R3gm4Nsgp2m\">\u00danete a nuestro canal de WhatsApp<\/a><\/strong><\/h2>\n","protected":false},"excerpt":{"rendered":"El exl\u00edder criminal Servando G\u00f3mez Mart\u00ednez, conocido como \u201cLa Tuta\u201d, se declar\u00f3 no culpable de los cargos por&hellip;","protected":false},"author":5,"featured_media":80687,"comment_status":"open","ping_status":"open","sticky":false,"template":"","format":"standard","meta":{"csco_display_header_overlay":false,"csco_singular_sidebar":"","csco_page_header_type":"","csco_page_load_nextpost":"","csco_post_video_location":[],"csco_post_video_location_hash":"","csco_post_video_url":"","csco_post_video_bg_start_time":0,"csco_post_video_bg_end_time":0,"footnotes":""},"categories":[28],"tags":[414,227,3760,126,3761],"class_list":{"0":"post-80686","1":"post","2":"type-post","3":"status-publish","4":"format-standard","5":"has-post-thumbnail","7":"category-nacional","8":"tag-estados-unidos","9":"tag-justicia","10":"tag-la-tuta","11":"tag-mexico","12":"tag-servando-gomez","13":"cs-entry","14":"cs-video-wrap"},"yoast_head":"<!-- This site is optimized with the Yoast SEO Premium plugin v24.7 (Yoast SEO v27.4) - https:\/\/yoast.com\/product\/yoast-seo-premium-wordpress\/ -->\n<title>Servando G\u00f3mez, &quot;La Tuta&quot;, se declara no culpable en Estados Unidos por cargos de narcotr\u00e1fico - Grupo Hoy Puebla<\/title>\n<meta name=\"description\" content=\"Servando G\u00f3mez Mart\u00ednez, alias &quot;La Tuta&quot;, se declara no culpable por narcotr\u00e1fico en Nueva York. Detalles de su extradici\u00f3n 2025.\" \/>\n<meta name=\"robots\" content=\"index, follow, max-snippet:-1, max-image-preview:large, max-video-preview:-1\" \/>\n<link rel=\"canonical\" href=\"https:\/\/grupohoymexico.com\/puebla\/2026\/03\/17\/servando-gomez-la-tuta-se-declara-no-culpable-en-estados-unidos-por-cargos-de-narcotrafico\/\" \/>\n<meta property=\"og:locale\" content=\"es_MX\" \/>\n<meta property=\"og:type\" content=\"article\" \/>\n<meta property=\"og:title\" content=\"Servando G\u00f3mez, &quot;La Tuta&quot;, se declara no culpable en Estados Unidos por cargos de narcotr\u00e1fico\" \/>\n<meta property=\"og:description\" content=\"Servando G\u00f3mez Mart\u00ednez, alias &quot;La Tuta&quot;, se declara no culpable por narcotr\u00e1fico en Nueva York. Detalles de su extradici\u00f3n 2025.\" \/>\n<meta property=\"og:url\" content=\"https:\/\/grupohoymexico.com\/puebla\/2026\/03\/17\/servando-gomez-la-tuta-se-declara-no-culpable-en-estados-unidos-por-cargos-de-narcotrafico\/\" \/>\n<meta property=\"og:site_name\" content=\"Grupo Hoy Puebla\" \/>\n<meta property=\"article:published_time\" content=\"2026-03-17T22:39:38+00:00\" \/>\n<meta property=\"article:modified_time\" content=\"2026-03-17T22:39:39+00:00\" \/>\n<meta property=\"og:image\" content=\"https:\/\/grupohoymexico.com\/puebla\/wp-content\/uploads\/sites\/3\/2026\/03\/La-Tuta.jpg\" \/>\n\t<meta property=\"og:image:width\" content=\"1200\" \/>\n\t<meta property=\"og:image:height\" content=\"638\" \/>\n\t<meta property=\"og:image:type\" content=\"image\/jpeg\" \/>\n<meta name=\"author\" content=\"jair\" \/>\n<meta name=\"twitter:card\" content=\"summary_large_image\" \/>\n<meta name=\"twitter:label1\" content=\"Escrito por\" \/>\n\t<meta name=\"twitter:data1\" content=\"jair\" \/>\n\t<meta name=\"twitter:label2\" content=\"Tiempo de lectura\" \/>\n\t<meta name=\"twitter:data2\" content=\"3 minutos\" \/>\n<script type=\"application\/ld+json\" class=\"yoast-schema-graph\">{\"@context\":\"https:\\\/\\\/schema.org\",\"@graph\":[{\"@type\":\"Article\",\"@id\":\"https:\\\/\\\/grupohoymexico.com\\\/puebla\\\/2026\\\/03\\\/17\\\/servando-gomez-la-tuta-se-declara-no-culpable-en-estados-unidos-por-cargos-de-narcotrafico\\\/#article\",\"isPartOf\":{\"@id\":\"https:\\\/\\\/grupohoymexico.com\\\/puebla\\\/2026\\\/03\\\/17\\\/servando-gomez-la-tuta-se-declara-no-culpable-en-estados-unidos-por-cargos-de-narcotrafico\\\/\"},\"author\":{\"name\":\"jair\",\"@id\":\"https:\\\/\\\/grupohoymexico.com\\\/puebla\\\/#\\\/schema\\\/person\\\/98e2425fe99fbbdf486895b69dab3c3d\"},\"headline\":\"Servando G\u00f3mez, &#8220;La Tuta&#8221;, se declara no culpable en Estados Unidos por cargos de narcotr\u00e1fico\",\"datePublished\":\"2026-03-17T22:39:38+00:00\",\"dateModified\":\"2026-03-17T22:39:39+00:00\",\"mainEntityOfPage\":{\"@id\":\"https:\\\/\\\/grupohoymexico.com\\\/puebla\\\/2026\\\/03\\\/17\\\/servando-gomez-la-tuta-se-declara-no-culpable-en-estados-unidos-por-cargos-de-narcotrafico\\\/\"},\"wordCount\":501,\"commentCount\":0,\"image\":{\"@id\":\"https:\\\/\\\/grupohoymexico.com\\\/puebla\\\/2026\\\/03\\\/17\\\/servando-gomez-la-tuta-se-declara-no-culpable-en-estados-unidos-por-cargos-de-narcotrafico\\\/#primaryimage\"},\"thumbnailUrl\":\"https:\\\/\\\/grupohoymexico.com\\\/puebla\\\/wp-content\\\/uploads\\\/sites\\\/3\\\/2026\\\/03\\\/La-Tuta.jpg\",\"keywords\":[\"Estados Unidos\",\"Justicia\",\"La Tuta\",\"M\u00e9xico\",\"Servando G\u00f3mez\"],\"articleSection\":[\"Nacional\"],\"inLanguage\":\"es\",\"potentialAction\":[{\"@type\":\"CommentAction\",\"name\":\"Comment\",\"target\":[\"https:\\\/\\\/grupohoymexico.com\\\/puebla\\\/2026\\\/03\\\/17\\\/servando-gomez-la-tuta-se-declara-no-culpable-en-estados-unidos-por-cargos-de-narcotrafico\\\/#respond\"]}]},{\"@type\":\"WebPage\",\"@id\":\"https:\\\/\\\/grupohoymexico.com\\\/puebla\\\/2026\\\/03\\\/17\\\/servando-gomez-la-tuta-se-declara-no-culpable-en-estados-unidos-por-cargos-de-narcotrafico\\\/\",\"url\":\"https:\\\/\\\/grupohoymexico.com\\\/puebla\\\/2026\\\/03\\\/17\\\/servando-gomez-la-tuta-se-declara-no-culpable-en-estados-unidos-por-cargos-de-narcotrafico\\\/\",\"name\":\"Servando G\u00f3mez, \\\"La Tuta\\\", se declara no culpable en Estados Unidos por cargos de narcotr\u00e1fico - Grupo Hoy Puebla\",\"isPartOf\":{\"@id\":\"https:\\\/\\\/grupohoymexico.com\\\/puebla\\\/#website\"},\"primaryImageOfPage\":{\"@id\":\"https:\\\/\\\/grupohoymexico.com\\\/puebla\\\/2026\\\/03\\\/17\\\/servando-gomez-la-tuta-se-declara-no-culpable-en-estados-unidos-por-cargos-de-narcotrafico\\\/#primaryimage\"},\"image\":{\"@id\":\"https:\\\/\\\/grupohoymexico.com\\\/puebla\\\/2026\\\/03\\\/17\\\/servando-gomez-la-tuta-se-declara-no-culpable-en-estados-unidos-por-cargos-de-narcotrafico\\\/#primaryimage\"},\"thumbnailUrl\":\"https:\\\/\\\/grupohoymexico.com\\\/puebla\\\/wp-content\\\/uploads\\\/sites\\\/3\\\/2026\\\/03\\\/La-Tuta.jpg\",\"datePublished\":\"2026-03-17T22:39:38+00:00\",\"dateModified\":\"2026-03-17T22:39:39+00:00\",\"author\":{\"@id\":\"https:\\\/\\\/grupohoymexico.com\\\/puebla\\\/#\\\/schema\\\/person\\\/98e2425fe99fbbdf486895b69dab3c3d\"},\"description\":\"Servando G\u00f3mez Mart\u00ednez, alias \\\"La Tuta\\\", se declara no culpable por narcotr\u00e1fico en Nueva York. Detalles de su extradici\u00f3n 2025.\",\"breadcrumb\":{\"@id\":\"https:\\\/\\\/grupohoymexico.com\\\/puebla\\\/2026\\\/03\\\/17\\\/servando-gomez-la-tuta-se-declara-no-culpable-en-estados-unidos-por-cargos-de-narcotrafico\\\/#breadcrumb\"},\"inLanguage\":\"es\",\"potentialAction\":[{\"@type\":\"ReadAction\",\"target\":[\"https:\\\/\\\/grupohoymexico.com\\\/puebla\\\/2026\\\/03\\\/17\\\/servando-gomez-la-tuta-se-declara-no-culpable-en-estados-unidos-por-cargos-de-narcotrafico\\\/\"]}]},{\"@type\":\"ImageObject\",\"inLanguage\":\"es\",\"@id\":\"https:\\\/\\\/grupohoymexico.com\\\/puebla\\\/2026\\\/03\\\/17\\\/servando-gomez-la-tuta-se-declara-no-culpable-en-estados-unidos-por-cargos-de-narcotrafico\\\/#primaryimage\",\"url\":\"https:\\\/\\\/grupohoymexico.com\\\/puebla\\\/wp-content\\\/uploads\\\/sites\\\/3\\\/2026\\\/03\\\/La-Tuta.jpg\",\"contentUrl\":\"https:\\\/\\\/grupohoymexico.com\\\/puebla\\\/wp-content\\\/uploads\\\/sites\\\/3\\\/2026\\\/03\\\/La-Tuta.jpg\",\"width\":1200,\"height\":638,\"caption\":\"Foto: Redes Sociales\"},{\"@type\":\"BreadcrumbList\",\"@id\":\"https:\\\/\\\/grupohoymexico.com\\\/puebla\\\/2026\\\/03\\\/17\\\/servando-gomez-la-tuta-se-declara-no-culpable-en-estados-unidos-por-cargos-de-narcotrafico\\\/#breadcrumb\",\"itemListElement\":[{\"@type\":\"ListItem\",\"position\":1,\"name\":\"Inicio\",\"item\":\"https:\\\/\\\/grupohoymexico.com\\\/puebla\\\/\"},{\"@type\":\"ListItem\",\"position\":2,\"name\":\"Servando G\u00f3mez, &#8220;La Tuta&#8221;, se declara no culpable en Estados Unidos por cargos de narcotr\u00e1fico\"}]},{\"@type\":\"WebSite\",\"@id\":\"https:\\\/\\\/grupohoymexico.com\\\/puebla\\\/#website\",\"url\":\"https:\\\/\\\/grupohoymexico.com\\\/puebla\\\/\",\"name\":\"Grupo Hoy Puebla\",\"description\":\"\",\"potentialAction\":[{\"@type\":\"SearchAction\",\"target\":{\"@type\":\"EntryPoint\",\"urlTemplate\":\"https:\\\/\\\/grupohoymexico.com\\\/puebla\\\/?s={search_term_string}\"},\"query-input\":{\"@type\":\"PropertyValueSpecification\",\"valueRequired\":true,\"valueName\":\"search_term_string\"}}],\"inLanguage\":\"es\"},{\"@type\":\"Person\",\"@id\":\"https:\\\/\\\/grupohoymexico.com\\\/puebla\\\/#\\\/schema\\\/person\\\/98e2425fe99fbbdf486895b69dab3c3d\",\"name\":\"jair\",\"image\":{\"@type\":\"ImageObject\",\"inLanguage\":\"es\",\"@id\":\"https:\\\/\\\/secure.gravatar.com\\\/avatar\\\/ec205dfb8733a1ce1601942dddb04fc9294fb780c832e3c1ec58faa8e4e64e9b?s=96&d=mm&r=g\",\"url\":\"https:\\\/\\\/secure.gravatar.com\\\/avatar\\\/ec205dfb8733a1ce1601942dddb04fc9294fb780c832e3c1ec58faa8e4e64e9b?s=96&d=mm&r=g\",\"contentUrl\":\"https:\\\/\\\/secure.gravatar.com\\\/avatar\\\/ec205dfb8733a1ce1601942dddb04fc9294fb780c832e3c1ec58faa8e4e64e9b?s=96&d=mm&r=g\",\"caption\":\"jair\"},\"url\":\"https:\\\/\\\/grupohoymexico.com\\\/puebla\\\/author\\\/jair\\\/\"}]}<\/script>\n<!-- \/ Yoast SEO Premium plugin. -->","yoast_head_json":{"title":"Servando G\u00f3mez, \"La Tuta\", se declara no culpable en Estados Unidos por cargos de narcotr\u00e1fico - Grupo Hoy Puebla","description":"Servando G\u00f3mez Mart\u00ednez, alias \"La Tuta\", se declara no culpable por narcotr\u00e1fico en Nueva York. Detalles de su extradici\u00f3n 2025.","robots":{"index":"index","follow":"follow","max-snippet":"max-snippet:-1","max-image-preview":"max-image-preview:large","max-video-preview":"max-video-preview:-1"},"canonical":"https:\/\/grupohoymexico.com\/puebla\/2026\/03\/17\/servando-gomez-la-tuta-se-declara-no-culpable-en-estados-unidos-por-cargos-de-narcotrafico\/","og_locale":"es_MX","og_type":"article","og_title":"Servando G\u00f3mez, \"La Tuta\", se declara no culpable en Estados Unidos por cargos de narcotr\u00e1fico","og_description":"Servando G\u00f3mez Mart\u00ednez, alias \"La Tuta\", se declara no culpable por narcotr\u00e1fico en Nueva York. Detalles de su extradici\u00f3n 2025.","og_url":"https:\/\/grupohoymexico.com\/puebla\/2026\/03\/17\/servando-gomez-la-tuta-se-declara-no-culpable-en-estados-unidos-por-cargos-de-narcotrafico\/","og_site_name":"Grupo Hoy Puebla","article_published_time":"2026-03-17T22:39:38+00:00","article_modified_time":"2026-03-17T22:39:39+00:00","og_image":[{"width":1200,"height":638,"url":"https:\/\/grupohoymexico.com\/puebla\/wp-content\/uploads\/sites\/3\/2026\/03\/La-Tuta.jpg","type":"image\/jpeg"}],"author":"jair","twitter_card":"summary_large_image","twitter_misc":{"Escrito por":"jair","Tiempo de lectura":"3 minutos"},"schema":{"@context":"https:\/\/schema.org","@graph":[{"@type":"Article","@id":"https:\/\/grupohoymexico.com\/puebla\/2026\/03\/17\/servando-gomez-la-tuta-se-declara-no-culpable-en-estados-unidos-por-cargos-de-narcotrafico\/#article","isPartOf":{"@id":"https:\/\/grupohoymexico.com\/puebla\/2026\/03\/17\/servando-gomez-la-tuta-se-declara-no-culpable-en-estados-unidos-por-cargos-de-narcotrafico\/"},"author":{"name":"jair","@id":"https:\/\/grupohoymexico.com\/puebla\/#\/schema\/person\/98e2425fe99fbbdf486895b69dab3c3d"},"headline":"Servando G\u00f3mez, &#8220;La Tuta&#8221;, se declara no culpable en Estados Unidos por cargos de narcotr\u00e1fico","datePublished":"2026-03-17T22:39:38+00:00","dateModified":"2026-03-17T22:39:39+00:00","mainEntityOfPage":{"@id":"https:\/\/grupohoymexico.com\/puebla\/2026\/03\/17\/servando-gomez-la-tuta-se-declara-no-culpable-en-estados-unidos-por-cargos-de-narcotrafico\/"},"wordCount":501,"commentCount":0,"image":{"@id":"https:\/\/grupohoymexico.com\/puebla\/2026\/03\/17\/servando-gomez-la-tuta-se-declara-no-culpable-en-estados-unidos-por-cargos-de-narcotrafico\/#primaryimage"},"thumbnailUrl":"https:\/\/grupohoymexico.com\/puebla\/wp-content\/uploads\/sites\/3\/2026\/03\/La-Tuta.jpg","keywords":["Estados Unidos","Justicia","La Tuta","M\u00e9xico","Servando G\u00f3mez"],"articleSection":["Nacional"],"inLanguage":"es","potentialAction":[{"@type":"CommentAction","name":"Comment","target":["https:\/\/grupohoymexico.com\/puebla\/2026\/03\/17\/servando-gomez-la-tuta-se-declara-no-culpable-en-estados-unidos-por-cargos-de-narcotrafico\/#respond"]}]},{"@type":"WebPage","@id":"https:\/\/grupohoymexico.com\/puebla\/2026\/03\/17\/servando-gomez-la-tuta-se-declara-no-culpable-en-estados-unidos-por-cargos-de-narcotrafico\/","url":"https:\/\/grupohoymexico.com\/puebla\/2026\/03\/17\/servando-gomez-la-tuta-se-declara-no-culpable-en-estados-unidos-por-cargos-de-narcotrafico\/","name":"Servando G\u00f3mez, \"La Tuta\", se declara no culpable en Estados Unidos por cargos de narcotr\u00e1fico - Grupo Hoy Puebla","isPartOf":{"@id":"https:\/\/grupohoymexico.com\/puebla\/#website"},"primaryImageOfPage":{"@id":"https:\/\/grupohoymexico.com\/puebla\/2026\/03\/17\/servando-gomez-la-tuta-se-declara-no-culpable-en-estados-unidos-por-cargos-de-narcotrafico\/#primaryimage"},"image":{"@id":"https:\/\/grupohoymexico.com\/puebla\/2026\/03\/17\/servando-gomez-la-tuta-se-declara-no-culpable-en-estados-unidos-por-cargos-de-narcotrafico\/#primaryimage"},"thumbnailUrl":"https:\/\/grupohoymexico.com\/puebla\/wp-content\/uploads\/sites\/3\/2026\/03\/La-Tuta.jpg","datePublished":"2026-03-17T22:39:38+00:00","dateModified":"2026-03-17T22:39:39+00:00","author":{"@id":"https:\/\/grupohoymexico.com\/puebla\/#\/schema\/person\/98e2425fe99fbbdf486895b69dab3c3d"},"description":"Servando G\u00f3mez Mart\u00ednez, alias \"La Tuta\", se declara no culpable por narcotr\u00e1fico en Nueva York. Detalles de su extradici\u00f3n 2025.","breadcrumb":{"@id":"https:\/\/grupohoymexico.com\/puebla\/2026\/03\/17\/servando-gomez-la-tuta-se-declara-no-culpable-en-estados-unidos-por-cargos-de-narcotrafico\/#breadcrumb"},"inLanguage":"es","potentialAction":[{"@type":"ReadAction","target":["https:\/\/grupohoymexico.com\/puebla\/2026\/03\/17\/servando-gomez-la-tuta-se-declara-no-culpable-en-estados-unidos-por-cargos-de-narcotrafico\/"]}]},{"@type":"ImageObject","inLanguage":"es","@id":"https:\/\/grupohoymexico.com\/puebla\/2026\/03\/17\/servando-gomez-la-tuta-se-declara-no-culpable-en-estados-unidos-por-cargos-de-narcotrafico\/#primaryimage","url":"https:\/\/grupohoymexico.com\/puebla\/wp-content\/uploads\/sites\/3\/2026\/03\/La-Tuta.jpg","contentUrl":"https:\/\/grupohoymexico.com\/puebla\/wp-content\/uploads\/sites\/3\/2026\/03\/La-Tuta.jpg","width":1200,"height":638,"caption":"Foto: Redes Sociales"},{"@type":"BreadcrumbList","@id":"https:\/\/grupohoymexico.com\/puebla\/2026\/03\/17\/servando-gomez-la-tuta-se-declara-no-culpable-en-estados-unidos-por-cargos-de-narcotrafico\/#breadcrumb","itemListElement":[{"@type":"ListItem","position":1,"name":"Inicio","item":"https:\/\/grupohoymexico.com\/puebla\/"},{"@type":"ListItem","position":2,"name":"Servando G\u00f3mez, &#8220;La Tuta&#8221;, se declara no culpable en Estados Unidos por cargos de narcotr\u00e1fico"}]},{"@type":"WebSite","@id":"https:\/\/grupohoymexico.com\/puebla\/#website","url":"https:\/\/grupohoymexico.com\/puebla\/","name":"Grupo Hoy Puebla","description":"","potentialAction":[{"@type":"SearchAction","target":{"@type":"EntryPoint","urlTemplate":"https:\/\/grupohoymexico.com\/puebla\/?s={search_term_string}"},"query-input":{"@type":"PropertyValueSpecification","valueRequired":true,"valueName":"search_term_string"}}],"inLanguage":"es"},{"@type":"Person","@id":"https:\/\/grupohoymexico.com\/puebla\/#\/schema\/person\/98e2425fe99fbbdf486895b69dab3c3d","name":"jair","image":{"@type":"ImageObject","inLanguage":"es","@id":"https:\/\/secure.gravatar.com\/avatar\/ec205dfb8733a1ce1601942dddb04fc9294fb780c832e3c1ec58faa8e4e64e9b?s=96&d=mm&r=g","url":"https:\/\/secure.gravatar.com\/avatar\/ec205dfb8733a1ce1601942dddb04fc9294fb780c832e3c1ec58faa8e4e64e9b?s=96&d=mm&r=g","contentUrl":"https:\/\/secure.gravatar.com\/avatar\/ec205dfb8733a1ce1601942dddb04fc9294fb780c832e3c1ec58faa8e4e64e9b?s=96&d=mm&r=g","caption":"jair"},"url":"https:\/\/grupohoymexico.com\/puebla\/author\/jair\/"}]}},"_links":{"self":[{"href":"https:\/\/grupohoymexico.com\/puebla\/wp-json\/wp\/v2\/posts\/80686","targetHints":{"allow":["GET"]}}],"collection":[{"href":"https:\/\/grupohoymexico.com\/puebla\/wp-json\/wp\/v2\/posts"}],"about":[{"href":"https:\/\/grupohoymexico.com\/puebla\/wp-json\/wp\/v2\/types\/post"}],"author":[{"embeddable":true,"href":"https:\/\/grupohoymexico.com\/puebla\/wp-json\/wp\/v2\/users\/5"}],"replies":[{"embeddable":true,"href":"https:\/\/grupohoymexico.com\/puebla\/wp-json\/wp\/v2\/comments?post=80686"}],"version-history":[{"count":0,"href":"https:\/\/grupohoymexico.com\/puebla\/wp-json\/wp\/v2\/posts\/80686\/revisions"}],"wp:featuredmedia":[{"embeddable":true,"href":"https:\/\/grupohoymexico.com\/puebla\/wp-json\/wp\/v2\/media\/80687"}],"wp:attachment":[{"href":"https:\/\/grupohoymexico.com\/puebla\/wp-json\/wp\/v2\/media?parent=80686"}],"wp:term":[{"taxonomy":"category","embeddable":true,"href":"https:\/\/grupohoymexico.com\/puebla\/wp-json\/wp\/v2\/categories?post=80686"},{"taxonomy":"post_tag","embeddable":true,"href":"https:\/\/grupohoymexico.com\/puebla\/wp-json\/wp\/v2\/tags?post=80686"}],"curies":[{"name":"wp","href":"https:\/\/api.w.org\/{rel}","templated":true}]}}