{"id":80630,"date":"2026-03-15T03:51:03","date_gmt":"2026-03-15T03:51:03","guid":{"rendered":"https:\/\/grupohoymexico.com\/puebla\/2026\/03\/14\/muere-diego-osuna-miranda-hijo-del-ceo-de-bbva-bancomer-en-accidente-en-la-carretera-toluca-valle-de-bravo\/"},"modified":"2026-03-15T03:59:46","modified_gmt":"2026-03-15T03:59:46","slug":"muere-diego-osuna-miranda-hijo-del-ceo-de-bbva-bancomer-en-accidente-en-la-carretera-toluca-valle-de-bravo","status":"publish","type":"post","link":"https:\/\/grupohoymexico.com\/puebla\/2026\/03\/15\/muere-diego-osuna-miranda-hijo-del-ceo-de-bbva-bancomer-en-accidente-en-la-carretera-toluca-valle-de-bravo\/","title":{"rendered":"Muere Diego Osuna Miranda, hijo del CEO de BBVA Bancomer, en accidente en la carretera Toluca\u2013Valle de Bravo"},"content":{"rendered":"\n<p>Tras un accidente automovil\u00edstico, se confirm\u00f3 el fallecimiento de <strong>Diego Osuna Miranda<\/strong>, hijo del director general de <strong><a href=\"https:\/\/www.bbva.mx\/\">BBVA Bancomer<\/a><\/strong>, <strong>Eduardo Osuna Osuna<\/strong>, la cual ha causado conmoci\u00f3n en el sector financiero y empresarial de M\u00e9xico. El joven de 17 a\u00f1os perdi\u00f3 la vida tras un <strong>accidente automovil\u00edstico ocurrido en la carretera de cuota Toluca\u2013Valle de Bravo<\/strong>, en el <strong>Estado de M\u00e9xico<\/strong>.<\/p>\n\n\n\n<p>De acuerdo con los primeros reportes, <strong>tres j\u00f3venes fallecieron y dos m\u00e1s resultaron lesionados<\/strong> tras el fuerte impacto entre una camioneta en la que viajaban y un cami\u00f3n de carga. Autoridades locales ya iniciaron las investigaciones para determinar las causas del choque.<\/p>\n\n\n\n<h3 class=\"wp-block-heading\" id=\"h-sigue-nuestras-cuentas-en-facebook-e-instagram-para-mantenerte-informado-con-las-noticias-mas-relevantes\"><strong>Sigue nuestras cuentas en Facebook e Instagram para mantenerte informado con las noticias m\u00e1s relevantes.<\/strong><\/h3>\n\n\n\n<h2 class=\"wp-block-heading\" id=\"h-accidente-en-la-carretera-toluca-valle-de-bravo-deja-tres-jovenes-muertos\"><strong>Accidente en la carretera Toluca\u2013Valle de Bravo deja tres j\u00f3venes muertos<\/strong><\/h2>\n\n\n\n<p>El tr\u00e1gico accidente ocurri\u00f3 la noche del <strong>13 de marzo en el municipio de Villa de Allende<\/strong>, en el <strong>Estado de M\u00e9xico<\/strong>, cuando una <strong>camioneta Chevrolet Suburban blindada<\/strong> en la que viajaban cinco j\u00f3venes <strong>choc\u00f3 de frente contra un cami\u00f3n de carga<\/strong>.<\/p>\n\n\n\n<p>Seg\u00fan reportes de medios nacionales, el impacto fue de gran magnitud, provocando que <strong>tres de los ocupantes perdieran la vida en el lugar del accidente<\/strong>.<\/p>\n\n\n\n<p>Los otros dos j\u00f3venes que viajaban en el veh\u00edculo <strong>resultaron <\/strong>con graves lesiones<strong> y l<\/strong>os<strong> trasladaron a un hospital cercano<\/strong>, donde recibieron atenci\u00f3n m\u00e9dica.<\/p>\n\n\n\n<h2 class=\"wp-block-heading\" id=\"h-marcelo-ebrard-envia-condolencias-por-la-muerte-de-diego-osuna\"><strong>Marcelo Ebrard env\u00eda condolencias por la muerte de Diego Osuna<\/strong><\/h2>\n\n\n\n<p>El secretario de Econom\u00eda, <strong>Marcelo Ebrard<\/strong>, confirm\u00f3 la noticia a trav\u00e9s de su cuenta en <strong>X<\/strong>, donde expres\u00f3 sus condolencias a la familia.<\/p>\n\n\n\n<blockquote class=\"wp-block-quote is-layout-flow wp-block-quote-is-layout-flow\">\n<p><strong><em>\u201cLamento mucho el fallecimiento de Diego Osuna en tr\u00e1gico accidente el d\u00eda de ayer. Mis sentidas condolencias a Eduardo, familiares y amigos, descanse en paz\u201d<\/em><\/strong>.<\/p>\n<\/blockquote>\n\n\n\n<figure class=\"wp-block-embed is-type-rich is-provider-twitter wp-block-embed-twitter\"><div class=\"wp-block-embed__wrapper\">\n<blockquote class=\"twitter-tweet\" data-width=\"550\" data-dnt=\"true\"><p lang=\"es\" dir=\"ltr\">Lamento mucho el fallecimiento de  Diego Osuna  en tr\u00e1gico accidente el d\u00eda de ayer . Mis sentidas condolencias a Eduardo, familiares y amigos , descanse en paz .<\/p>&mdash; Marcelo Ebrard C. (@m_ebrard) <a href=\"https:\/\/twitter.com\/m_ebrard\/status\/2032923836782358880?ref_src=twsrc%5Etfw\">March 14, 2026<\/a><\/blockquote><script async src=\"https:\/\/platform.twitter.com\/widgets.js\" charset=\"utf-8\"><\/script>\n<\/div><\/figure>\n\n\n\n<p>La noticia gener\u00f3 una ola de mensajes de solidaridad hacia <strong>Eduardo Osuna Osuna<\/strong>, quien dirige <strong>BBVA Bancomer<\/strong>, uno de los bancos m\u00e1s importantes del pa\u00eds.<\/p>\n\n\n\n<h3 class=\"wp-block-heading\" id=\"h-leer-mas-asesinan-a-jorge-olvera-garcia-esposo-de-la-alcaldesa-de-jerecuaro-guanajuato\"><strong><em>Leer m\u00e1s: <a href=\"https:\/\/grupohoymexico.com\/2026\/03\/14\/asesinan-a-jorge-olvera-garcia-esposo-de-la-alcaldesa-de-jerecuaro-guanajuato\/\">Asesinan a Jorge Olvera Garc\u00eda, esposo de la alcaldesa de Jer\u00e9cuaro, Guanajuato<\/a><\/em><\/strong><\/h3>\n\n\n\n<h2 class=\"wp-block-heading\" id=\"h-quien-era-diego-osuna-miranda\"><strong>\u00bfQui\u00e9n era Diego Osuna Miranda?<\/strong><\/h2>\n\n\n\n<p><strong>Diego Osuna Miranda<\/strong> ten\u00eda <strong>17 a\u00f1os<\/strong> y era hijo de <strong>Eduardo Osuna Osuna<\/strong> y <strong>Norma Miranda<\/strong>.<\/p>\n\n\n\n<p>Su familia es ampliamente conocida en el <strong>sector financiero mexicano<\/strong>, debido a la trayectoria de su padre al frente de <strong>BBVA Bancomer<\/strong>, una de las instituciones bancarias m\u00e1s grandes de M\u00e9xico.<\/p>\n\n\n\n<p>Debido a su edad y al perfil discreto que manten\u00eda la familia respecto a su vida privada, <strong>la informaci\u00f3n p\u00fablica sobre el joven es limitada<\/strong>, aunque su fallecimiento gener\u00f3 una amplia reacci\u00f3n en redes sociales y medios de comunicaci\u00f3n.<\/p>\n\n\n\n<h2 class=\"wp-block-heading\" id=\"h-otras-victimas-del-accidente-en-villa-de-allende\"><strong>Otras v\u00edctimas del accidente en Villa de Allende<\/strong><\/h2>\n\n\n\n<p>En el accidente tambi\u00e9n fallecieron <strong>Rafael Espeleta Cu\u00e9llar<\/strong> y <strong>Edwin Gabriel Rangel Luna<\/strong>, j\u00f3venes de edades similares que viajaban en el mismo veh\u00edculo.<\/p>\n\n\n\n<p>Por su parte, <strong>Andr\u00e9s Guti\u00e9rrez Olvera<\/strong> y <strong>Eduardo Fleischmann de Garay<\/strong> sobrevivieron al choque, aunque <strong>fueron hospitalizados tras resultar lesionados<\/strong>.<\/p>\n\n\n\n<p>Las autoridades contin\u00faan con las investigaciones para determinar <strong>las circunstancias exactas del accidente ocurrido en la carretera Toluca\u2013Valle de Bravo<\/strong>, una v\u00eda que conecta el Valle de Toluca con zonas tur\u00edsticas del <strong>Estado de M\u00e9xico<\/strong>.<\/p>\n\n\n\n<h2 class=\"wp-block-heading\" id=\"h-investigacion-en-curso-tras-el-accidente\"><strong>Investigaci\u00f3n en curso tras el accidente<\/strong><\/h2>\n\n\n\n<p>Tras el fatal choque, autoridades del <strong>Estado de M\u00e9xico<\/strong> iniciaron un proceso de investigaci\u00f3n para esclarecer <strong>qu\u00e9 provoc\u00f3 el accidente entre la camioneta y el cami\u00f3n de carga<\/strong>.<\/p>\n\n\n\n<p>Mientras se desarrollan las indagatorias, familiares, amigos y miembros del sector empresarial han expresado su solidaridad y condolencias a la familia de <strong>Diego Osuna Miranda<\/strong>, cuya muerte ha generado gran impacto en el pa\u00eds.<\/p>\n\n\n\n<h2 class=\"wp-block-heading\" id=\"h-unete-a-nuestro-canal-de-whatsapp\"><strong><a href=\"https:\/\/whatsapp.com\/channel\/0029Vaylt1XG3R3gm4Nsgp2m\">\u00danete a nuestro canal de WhatsApp<\/a><\/strong><\/h2>\n","protected":false},"excerpt":{"rendered":"Tras un accidente automovil\u00edstico, se confirm\u00f3 el fallecimiento de Diego Osuna Miranda, hijo del director general de BBVA&hellip;","protected":false},"author":5,"featured_media":80631,"comment_status":"open","ping_status":"open","sticky":false,"template":"","format":"standard","meta":{"csco_display_header_overlay":false,"csco_singular_sidebar":"","csco_page_header_type":"","csco_page_load_nextpost":"","csco_post_video_location":[],"csco_post_video_location_hash":"","csco_post_video_url":"","csco_post_video_bg_start_time":0,"csco_post_video_bg_end_time":0,"footnotes":""},"categories":[28],"tags":[1900,3754,452,126,2553],"class_list":{"0":"post-80630","1":"post","2":"type-post","3":"status-publish","4":"format-standard","5":"has-post-thumbnail","7":"category-nacional","8":"tag-bbva","9":"tag-diego-osuna","10":"tag-estado-de-mexico","11":"tag-mexico","12":"tag-qepd","13":"cs-entry","14":"cs-video-wrap"},"yoast_head":"<!-- This site is optimized with the Yoast SEO Premium plugin v24.7 (Yoast SEO v27.4) - https:\/\/yoast.com\/product\/yoast-seo-premium-wordpress\/ -->\n<title>Muere Diego Osuna Miranda, hijo del CEO de BBVA Bancomer, en accidente en la carretera Toluca\u2013Valle de Bravo - Grupo Hoy Puebla<\/title>\n<meta name=\"description\" content=\"Tr\u00e1gico accidente Toluca Valle de Bravo deja 3 muertos, incluido Diego Osuna Miranda, hijo de Eduardo Osuna BBVA M\u00e9xico.\" \/>\n<meta name=\"robots\" content=\"index, follow, max-snippet:-1, max-image-preview:large, max-video-preview:-1\" \/>\n<link rel=\"canonical\" href=\"https:\/\/grupohoymexico.com\/puebla\/2026\/03\/15\/muere-diego-osuna-miranda-hijo-del-ceo-de-bbva-bancomer-en-accidente-en-la-carretera-toluca-valle-de-bravo\/\" \/>\n<meta property=\"og:locale\" content=\"es_MX\" \/>\n<meta property=\"og:type\" content=\"article\" \/>\n<meta property=\"og:title\" content=\"Muere Diego Osuna Miranda, hijo del CEO de BBVA Bancomer, en accidente en la carretera Toluca\u2013Valle de Bravo\" \/>\n<meta property=\"og:description\" content=\"Tr\u00e1gico accidente Toluca Valle de Bravo deja 3 muertos, incluido Diego Osuna Miranda, hijo de Eduardo Osuna BBVA M\u00e9xico.\" \/>\n<meta property=\"og:url\" content=\"https:\/\/grupohoymexico.com\/puebla\/2026\/03\/15\/muere-diego-osuna-miranda-hijo-del-ceo-de-bbva-bancomer-en-accidente-en-la-carretera-toluca-valle-de-bravo\/\" \/>\n<meta property=\"og:site_name\" content=\"Grupo Hoy Puebla\" \/>\n<meta property=\"article:published_time\" content=\"2026-03-15T03:51:03+00:00\" \/>\n<meta property=\"article:modified_time\" content=\"2026-03-15T03:59:46+00:00\" \/>\n<meta property=\"og:image\" content=\"https:\/\/grupohoymexico.com\/puebla\/wp-content\/uploads\/sites\/3\/2026\/03\/Portal-GH.jpg\" \/>\n\t<meta property=\"og:image:width\" content=\"1200\" \/>\n\t<meta property=\"og:image:height\" content=\"638\" \/>\n\t<meta property=\"og:image:type\" content=\"image\/jpeg\" \/>\n<meta name=\"author\" content=\"jair\" \/>\n<meta name=\"twitter:card\" content=\"summary_large_image\" \/>\n<meta name=\"twitter:label1\" content=\"Escrito por\" \/>\n\t<meta name=\"twitter:data1\" content=\"jair\" \/>\n\t<meta name=\"twitter:label2\" content=\"Tiempo de lectura\" \/>\n\t<meta name=\"twitter:data2\" content=\"3 minutos\" \/>\n<script type=\"application\/ld+json\" class=\"yoast-schema-graph\">{\"@context\":\"https:\\\/\\\/schema.org\",\"@graph\":[{\"@type\":\"Article\",\"@id\":\"https:\\\/\\\/grupohoymexico.com\\\/puebla\\\/2026\\\/03\\\/15\\\/muere-diego-osuna-miranda-hijo-del-ceo-de-bbva-bancomer-en-accidente-en-la-carretera-toluca-valle-de-bravo\\\/#article\",\"isPartOf\":{\"@id\":\"https:\\\/\\\/grupohoymexico.com\\\/puebla\\\/2026\\\/03\\\/15\\\/muere-diego-osuna-miranda-hijo-del-ceo-de-bbva-bancomer-en-accidente-en-la-carretera-toluca-valle-de-bravo\\\/\"},\"author\":{\"name\":\"jair\",\"@id\":\"https:\\\/\\\/grupohoymexico.com\\\/puebla\\\/#\\\/schema\\\/person\\\/98e2425fe99fbbdf486895b69dab3c3d\"},\"headline\":\"Muere Diego Osuna Miranda, hijo del CEO de BBVA Bancomer, en accidente en la carretera Toluca\u2013Valle de Bravo\",\"datePublished\":\"2026-03-15T03:51:03+00:00\",\"dateModified\":\"2026-03-15T03:59:46+00:00\",\"mainEntityOfPage\":{\"@id\":\"https:\\\/\\\/grupohoymexico.com\\\/puebla\\\/2026\\\/03\\\/15\\\/muere-diego-osuna-miranda-hijo-del-ceo-de-bbva-bancomer-en-accidente-en-la-carretera-toluca-valle-de-bravo\\\/\"},\"wordCount\":650,\"commentCount\":0,\"image\":{\"@id\":\"https:\\\/\\\/grupohoymexico.com\\\/puebla\\\/2026\\\/03\\\/15\\\/muere-diego-osuna-miranda-hijo-del-ceo-de-bbva-bancomer-en-accidente-en-la-carretera-toluca-valle-de-bravo\\\/#primaryimage\"},\"thumbnailUrl\":\"https:\\\/\\\/grupohoymexico.com\\\/puebla\\\/wp-content\\\/uploads\\\/sites\\\/3\\\/2026\\\/03\\\/Portal-GH.jpg\",\"keywords\":[\"BBVA\",\"Diego Osuna\",\"Estado de M\u00e9xico\",\"M\u00e9xico\",\"QEPD\"],\"articleSection\":[\"Nacional\"],\"inLanguage\":\"es\",\"potentialAction\":[{\"@type\":\"CommentAction\",\"name\":\"Comment\",\"target\":[\"https:\\\/\\\/grupohoymexico.com\\\/puebla\\\/2026\\\/03\\\/15\\\/muere-diego-osuna-miranda-hijo-del-ceo-de-bbva-bancomer-en-accidente-en-la-carretera-toluca-valle-de-bravo\\\/#respond\"]}]},{\"@type\":\"WebPage\",\"@id\":\"https:\\\/\\\/grupohoymexico.com\\\/puebla\\\/2026\\\/03\\\/15\\\/muere-diego-osuna-miranda-hijo-del-ceo-de-bbva-bancomer-en-accidente-en-la-carretera-toluca-valle-de-bravo\\\/\",\"url\":\"https:\\\/\\\/grupohoymexico.com\\\/puebla\\\/2026\\\/03\\\/15\\\/muere-diego-osuna-miranda-hijo-del-ceo-de-bbva-bancomer-en-accidente-en-la-carretera-toluca-valle-de-bravo\\\/\",\"name\":\"Muere Diego Osuna Miranda, hijo del CEO de BBVA Bancomer, en accidente en la carretera Toluca\u2013Valle de Bravo - Grupo Hoy Puebla\",\"isPartOf\":{\"@id\":\"https:\\\/\\\/grupohoymexico.com\\\/puebla\\\/#website\"},\"primaryImageOfPage\":{\"@id\":\"https:\\\/\\\/grupohoymexico.com\\\/puebla\\\/2026\\\/03\\\/15\\\/muere-diego-osuna-miranda-hijo-del-ceo-de-bbva-bancomer-en-accidente-en-la-carretera-toluca-valle-de-bravo\\\/#primaryimage\"},\"image\":{\"@id\":\"https:\\\/\\\/grupohoymexico.com\\\/puebla\\\/2026\\\/03\\\/15\\\/muere-diego-osuna-miranda-hijo-del-ceo-de-bbva-bancomer-en-accidente-en-la-carretera-toluca-valle-de-bravo\\\/#primaryimage\"},\"thumbnailUrl\":\"https:\\\/\\\/grupohoymexico.com\\\/puebla\\\/wp-content\\\/uploads\\\/sites\\\/3\\\/2026\\\/03\\\/Portal-GH.jpg\",\"datePublished\":\"2026-03-15T03:51:03+00:00\",\"dateModified\":\"2026-03-15T03:59:46+00:00\",\"author\":{\"@id\":\"https:\\\/\\\/grupohoymexico.com\\\/puebla\\\/#\\\/schema\\\/person\\\/98e2425fe99fbbdf486895b69dab3c3d\"},\"description\":\"Tr\u00e1gico accidente Toluca Valle de Bravo deja 3 muertos, incluido Diego Osuna Miranda, hijo de Eduardo Osuna BBVA M\u00e9xico.\",\"breadcrumb\":{\"@id\":\"https:\\\/\\\/grupohoymexico.com\\\/puebla\\\/2026\\\/03\\\/15\\\/muere-diego-osuna-miranda-hijo-del-ceo-de-bbva-bancomer-en-accidente-en-la-carretera-toluca-valle-de-bravo\\\/#breadcrumb\"},\"inLanguage\":\"es\",\"potentialAction\":[{\"@type\":\"ReadAction\",\"target\":[\"https:\\\/\\\/grupohoymexico.com\\\/puebla\\\/2026\\\/03\\\/15\\\/muere-diego-osuna-miranda-hijo-del-ceo-de-bbva-bancomer-en-accidente-en-la-carretera-toluca-valle-de-bravo\\\/\"]}]},{\"@type\":\"ImageObject\",\"inLanguage\":\"es\",\"@id\":\"https:\\\/\\\/grupohoymexico.com\\\/puebla\\\/2026\\\/03\\\/15\\\/muere-diego-osuna-miranda-hijo-del-ceo-de-bbva-bancomer-en-accidente-en-la-carretera-toluca-valle-de-bravo\\\/#primaryimage\",\"url\":\"https:\\\/\\\/grupohoymexico.com\\\/puebla\\\/wp-content\\\/uploads\\\/sites\\\/3\\\/2026\\\/03\\\/Portal-GH.jpg\",\"contentUrl\":\"https:\\\/\\\/grupohoymexico.com\\\/puebla\\\/wp-content\\\/uploads\\\/sites\\\/3\\\/2026\\\/03\\\/Portal-GH.jpg\",\"width\":1200,\"height\":638,\"caption\":\"Foto: Grupo Hoy\"},{\"@type\":\"BreadcrumbList\",\"@id\":\"https:\\\/\\\/grupohoymexico.com\\\/puebla\\\/2026\\\/03\\\/15\\\/muere-diego-osuna-miranda-hijo-del-ceo-de-bbva-bancomer-en-accidente-en-la-carretera-toluca-valle-de-bravo\\\/#breadcrumb\",\"itemListElement\":[{\"@type\":\"ListItem\",\"position\":1,\"name\":\"Inicio\",\"item\":\"https:\\\/\\\/grupohoymexico.com\\\/puebla\\\/\"},{\"@type\":\"ListItem\",\"position\":2,\"name\":\"Muere Diego Osuna Miranda, hijo del CEO de BBVA Bancomer, en accidente en la carretera Toluca\u2013Valle de Bravo\"}]},{\"@type\":\"WebSite\",\"@id\":\"https:\\\/\\\/grupohoymexico.com\\\/puebla\\\/#website\",\"url\":\"https:\\\/\\\/grupohoymexico.com\\\/puebla\\\/\",\"name\":\"Grupo Hoy Puebla\",\"description\":\"\",\"potentialAction\":[{\"@type\":\"SearchAction\",\"target\":{\"@type\":\"EntryPoint\",\"urlTemplate\":\"https:\\\/\\\/grupohoymexico.com\\\/puebla\\\/?s={search_term_string}\"},\"query-input\":{\"@type\":\"PropertyValueSpecification\",\"valueRequired\":true,\"valueName\":\"search_term_string\"}}],\"inLanguage\":\"es\"},{\"@type\":\"Person\",\"@id\":\"https:\\\/\\\/grupohoymexico.com\\\/puebla\\\/#\\\/schema\\\/person\\\/98e2425fe99fbbdf486895b69dab3c3d\",\"name\":\"jair\",\"image\":{\"@type\":\"ImageObject\",\"inLanguage\":\"es\",\"@id\":\"https:\\\/\\\/secure.gravatar.com\\\/avatar\\\/ec205dfb8733a1ce1601942dddb04fc9294fb780c832e3c1ec58faa8e4e64e9b?s=96&d=mm&r=g\",\"url\":\"https:\\\/\\\/secure.gravatar.com\\\/avatar\\\/ec205dfb8733a1ce1601942dddb04fc9294fb780c832e3c1ec58faa8e4e64e9b?s=96&d=mm&r=g\",\"contentUrl\":\"https:\\\/\\\/secure.gravatar.com\\\/avatar\\\/ec205dfb8733a1ce1601942dddb04fc9294fb780c832e3c1ec58faa8e4e64e9b?s=96&d=mm&r=g\",\"caption\":\"jair\"},\"url\":\"https:\\\/\\\/grupohoymexico.com\\\/puebla\\\/author\\\/jair\\\/\"}]}<\/script>\n<!-- \/ Yoast SEO Premium plugin. -->","yoast_head_json":{"title":"Muere Diego Osuna Miranda, hijo del CEO de BBVA Bancomer, en accidente en la carretera Toluca\u2013Valle de Bravo - Grupo Hoy Puebla","description":"Tr\u00e1gico accidente Toluca Valle de Bravo deja 3 muertos, incluido Diego Osuna Miranda, hijo de Eduardo Osuna BBVA M\u00e9xico.","robots":{"index":"index","follow":"follow","max-snippet":"max-snippet:-1","max-image-preview":"max-image-preview:large","max-video-preview":"max-video-preview:-1"},"canonical":"https:\/\/grupohoymexico.com\/puebla\/2026\/03\/15\/muere-diego-osuna-miranda-hijo-del-ceo-de-bbva-bancomer-en-accidente-en-la-carretera-toluca-valle-de-bravo\/","og_locale":"es_MX","og_type":"article","og_title":"Muere Diego Osuna Miranda, hijo del CEO de BBVA Bancomer, en accidente en la carretera Toluca\u2013Valle de Bravo","og_description":"Tr\u00e1gico accidente Toluca Valle de Bravo deja 3 muertos, incluido Diego Osuna Miranda, hijo de Eduardo Osuna BBVA M\u00e9xico.","og_url":"https:\/\/grupohoymexico.com\/puebla\/2026\/03\/15\/muere-diego-osuna-miranda-hijo-del-ceo-de-bbva-bancomer-en-accidente-en-la-carretera-toluca-valle-de-bravo\/","og_site_name":"Grupo Hoy Puebla","article_published_time":"2026-03-15T03:51:03+00:00","article_modified_time":"2026-03-15T03:59:46+00:00","og_image":[{"width":1200,"height":638,"url":"https:\/\/grupohoymexico.com\/puebla\/wp-content\/uploads\/sites\/3\/2026\/03\/Portal-GH.jpg","type":"image\/jpeg"}],"author":"jair","twitter_card":"summary_large_image","twitter_misc":{"Escrito por":"jair","Tiempo de lectura":"3 minutos"},"schema":{"@context":"https:\/\/schema.org","@graph":[{"@type":"Article","@id":"https:\/\/grupohoymexico.com\/puebla\/2026\/03\/15\/muere-diego-osuna-miranda-hijo-del-ceo-de-bbva-bancomer-en-accidente-en-la-carretera-toluca-valle-de-bravo\/#article","isPartOf":{"@id":"https:\/\/grupohoymexico.com\/puebla\/2026\/03\/15\/muere-diego-osuna-miranda-hijo-del-ceo-de-bbva-bancomer-en-accidente-en-la-carretera-toluca-valle-de-bravo\/"},"author":{"name":"jair","@id":"https:\/\/grupohoymexico.com\/puebla\/#\/schema\/person\/98e2425fe99fbbdf486895b69dab3c3d"},"headline":"Muere Diego Osuna Miranda, hijo del CEO de BBVA Bancomer, en accidente en la carretera Toluca\u2013Valle de Bravo","datePublished":"2026-03-15T03:51:03+00:00","dateModified":"2026-03-15T03:59:46+00:00","mainEntityOfPage":{"@id":"https:\/\/grupohoymexico.com\/puebla\/2026\/03\/15\/muere-diego-osuna-miranda-hijo-del-ceo-de-bbva-bancomer-en-accidente-en-la-carretera-toluca-valle-de-bravo\/"},"wordCount":650,"commentCount":0,"image":{"@id":"https:\/\/grupohoymexico.com\/puebla\/2026\/03\/15\/muere-diego-osuna-miranda-hijo-del-ceo-de-bbva-bancomer-en-accidente-en-la-carretera-toluca-valle-de-bravo\/#primaryimage"},"thumbnailUrl":"https:\/\/grupohoymexico.com\/puebla\/wp-content\/uploads\/sites\/3\/2026\/03\/Portal-GH.jpg","keywords":["BBVA","Diego Osuna","Estado de M\u00e9xico","M\u00e9xico","QEPD"],"articleSection":["Nacional"],"inLanguage":"es","potentialAction":[{"@type":"CommentAction","name":"Comment","target":["https:\/\/grupohoymexico.com\/puebla\/2026\/03\/15\/muere-diego-osuna-miranda-hijo-del-ceo-de-bbva-bancomer-en-accidente-en-la-carretera-toluca-valle-de-bravo\/#respond"]}]},{"@type":"WebPage","@id":"https:\/\/grupohoymexico.com\/puebla\/2026\/03\/15\/muere-diego-osuna-miranda-hijo-del-ceo-de-bbva-bancomer-en-accidente-en-la-carretera-toluca-valle-de-bravo\/","url":"https:\/\/grupohoymexico.com\/puebla\/2026\/03\/15\/muere-diego-osuna-miranda-hijo-del-ceo-de-bbva-bancomer-en-accidente-en-la-carretera-toluca-valle-de-bravo\/","name":"Muere Diego Osuna Miranda, hijo del CEO de BBVA Bancomer, en accidente en la carretera Toluca\u2013Valle de Bravo - Grupo Hoy Puebla","isPartOf":{"@id":"https:\/\/grupohoymexico.com\/puebla\/#website"},"primaryImageOfPage":{"@id":"https:\/\/grupohoymexico.com\/puebla\/2026\/03\/15\/muere-diego-osuna-miranda-hijo-del-ceo-de-bbva-bancomer-en-accidente-en-la-carretera-toluca-valle-de-bravo\/#primaryimage"},"image":{"@id":"https:\/\/grupohoymexico.com\/puebla\/2026\/03\/15\/muere-diego-osuna-miranda-hijo-del-ceo-de-bbva-bancomer-en-accidente-en-la-carretera-toluca-valle-de-bravo\/#primaryimage"},"thumbnailUrl":"https:\/\/grupohoymexico.com\/puebla\/wp-content\/uploads\/sites\/3\/2026\/03\/Portal-GH.jpg","datePublished":"2026-03-15T03:51:03+00:00","dateModified":"2026-03-15T03:59:46+00:00","author":{"@id":"https:\/\/grupohoymexico.com\/puebla\/#\/schema\/person\/98e2425fe99fbbdf486895b69dab3c3d"},"description":"Tr\u00e1gico accidente Toluca Valle de Bravo deja 3 muertos, incluido Diego Osuna Miranda, hijo de Eduardo Osuna BBVA M\u00e9xico.","breadcrumb":{"@id":"https:\/\/grupohoymexico.com\/puebla\/2026\/03\/15\/muere-diego-osuna-miranda-hijo-del-ceo-de-bbva-bancomer-en-accidente-en-la-carretera-toluca-valle-de-bravo\/#breadcrumb"},"inLanguage":"es","potentialAction":[{"@type":"ReadAction","target":["https:\/\/grupohoymexico.com\/puebla\/2026\/03\/15\/muere-diego-osuna-miranda-hijo-del-ceo-de-bbva-bancomer-en-accidente-en-la-carretera-toluca-valle-de-bravo\/"]}]},{"@type":"ImageObject","inLanguage":"es","@id":"https:\/\/grupohoymexico.com\/puebla\/2026\/03\/15\/muere-diego-osuna-miranda-hijo-del-ceo-de-bbva-bancomer-en-accidente-en-la-carretera-toluca-valle-de-bravo\/#primaryimage","url":"https:\/\/grupohoymexico.com\/puebla\/wp-content\/uploads\/sites\/3\/2026\/03\/Portal-GH.jpg","contentUrl":"https:\/\/grupohoymexico.com\/puebla\/wp-content\/uploads\/sites\/3\/2026\/03\/Portal-GH.jpg","width":1200,"height":638,"caption":"Foto: Grupo Hoy"},{"@type":"BreadcrumbList","@id":"https:\/\/grupohoymexico.com\/puebla\/2026\/03\/15\/muere-diego-osuna-miranda-hijo-del-ceo-de-bbva-bancomer-en-accidente-en-la-carretera-toluca-valle-de-bravo\/#breadcrumb","itemListElement":[{"@type":"ListItem","position":1,"name":"Inicio","item":"https:\/\/grupohoymexico.com\/puebla\/"},{"@type":"ListItem","position":2,"name":"Muere Diego Osuna Miranda, hijo del CEO de BBVA Bancomer, en accidente en la carretera Toluca\u2013Valle de Bravo"}]},{"@type":"WebSite","@id":"https:\/\/grupohoymexico.com\/puebla\/#website","url":"https:\/\/grupohoymexico.com\/puebla\/","name":"Grupo Hoy Puebla","description":"","potentialAction":[{"@type":"SearchAction","target":{"@type":"EntryPoint","urlTemplate":"https:\/\/grupohoymexico.com\/puebla\/?s={search_term_string}"},"query-input":{"@type":"PropertyValueSpecification","valueRequired":true,"valueName":"search_term_string"}}],"inLanguage":"es"},{"@type":"Person","@id":"https:\/\/grupohoymexico.com\/puebla\/#\/schema\/person\/98e2425fe99fbbdf486895b69dab3c3d","name":"jair","image":{"@type":"ImageObject","inLanguage":"es","@id":"https:\/\/secure.gravatar.com\/avatar\/ec205dfb8733a1ce1601942dddb04fc9294fb780c832e3c1ec58faa8e4e64e9b?s=96&d=mm&r=g","url":"https:\/\/secure.gravatar.com\/avatar\/ec205dfb8733a1ce1601942dddb04fc9294fb780c832e3c1ec58faa8e4e64e9b?s=96&d=mm&r=g","contentUrl":"https:\/\/secure.gravatar.com\/avatar\/ec205dfb8733a1ce1601942dddb04fc9294fb780c832e3c1ec58faa8e4e64e9b?s=96&d=mm&r=g","caption":"jair"},"url":"https:\/\/grupohoymexico.com\/puebla\/author\/jair\/"}]}},"_links":{"self":[{"href":"https:\/\/grupohoymexico.com\/puebla\/wp-json\/wp\/v2\/posts\/80630","targetHints":{"allow":["GET"]}}],"collection":[{"href":"https:\/\/grupohoymexico.com\/puebla\/wp-json\/wp\/v2\/posts"}],"about":[{"href":"https:\/\/grupohoymexico.com\/puebla\/wp-json\/wp\/v2\/types\/post"}],"author":[{"embeddable":true,"href":"https:\/\/grupohoymexico.com\/puebla\/wp-json\/wp\/v2\/users\/5"}],"replies":[{"embeddable":true,"href":"https:\/\/grupohoymexico.com\/puebla\/wp-json\/wp\/v2\/comments?post=80630"}],"version-history":[{"count":1,"href":"https:\/\/grupohoymexico.com\/puebla\/wp-json\/wp\/v2\/posts\/80630\/revisions"}],"predecessor-version":[{"id":80632,"href":"https:\/\/grupohoymexico.com\/puebla\/wp-json\/wp\/v2\/posts\/80630\/revisions\/80632"}],"wp:featuredmedia":[{"embeddable":true,"href":"https:\/\/grupohoymexico.com\/puebla\/wp-json\/wp\/v2\/media\/80631"}],"wp:attachment":[{"href":"https:\/\/grupohoymexico.com\/puebla\/wp-json\/wp\/v2\/media?parent=80630"}],"wp:term":[{"taxonomy":"category","embeddable":true,"href":"https:\/\/grupohoymexico.com\/puebla\/wp-json\/wp\/v2\/categories?post=80630"},{"taxonomy":"post_tag","embeddable":true,"href":"https:\/\/grupohoymexico.com\/puebla\/wp-json\/wp\/v2\/tags?post=80630"}],"curies":[{"name":"wp","href":"https:\/\/api.w.org\/{rel}","templated":true}]}}