{"id":80616,"date":"2026-03-14T19:38:37","date_gmt":"2026-03-14T19:38:37","guid":{"rendered":"https:\/\/grupohoymexico.com\/puebla\/2026\/03\/14\/reportan-la-desaparicion-de-otra-estudiante-en-morelos-ya-son-cinco-casos-en-tres-semanas\/"},"modified":"2026-03-14T19:38:38","modified_gmt":"2026-03-14T19:38:38","slug":"reportan-la-desaparicion-de-otra-estudiante-en-morelos-ya-son-cinco-casos-en-tres-semanas","status":"publish","type":"post","link":"https:\/\/grupohoymexico.com\/puebla\/2026\/03\/14\/reportan-la-desaparicion-de-otra-estudiante-en-morelos-ya-son-cinco-casos-en-tres-semanas\/","title":{"rendered":"Reportan la desaparici\u00f3n de otra estudiante en Morelos; ya son cinco casos en tres semanas"},"content":{"rendered":"\n<p>La desaparici\u00f3n de <strong>Ayelen Iglesias Vidal<\/strong>, estudiante del <strong>Colegio de Bachilleres del Estado de Morelos (Cobaem)<\/strong>, ha generado preocupaci\u00f3n entre estudiantes, familiares y autoridades en Morelos. La joven de <strong>17 a\u00f1os<\/strong> lleva <strong>tres d\u00edas desaparecida<\/strong>, de acuerdo con la ficha de b\u00fasqueda emitida por la <strong><a href=\"https:\/\/www.fiscaliamorelos.gob.mx\/\">Fiscal\u00eda General del Estado de Morelos<\/a><\/strong>.<\/p>\n\n\n\n<p>Seg\u00fan la informaci\u00f3n oficial, la adolescente fue vista por \u00faltima vez el <strong>10 de marzo en Cuernavaca<\/strong>, capital del estado, mientras vest\u00eda su <strong>uniforme escolar del Cobaem<\/strong>: playera tipo polo blanca, pants azul marino con franjas blancas a los costados y tenis negros.<\/p>\n\n\n\n<p>Las autoridades y familiares piden el apoyo de la ciudadan\u00eda para <strong>localizar a la estudiante desaparecida en Morelos<\/strong>, en medio de un contexto de preocupaci\u00f3n por la seguridad de j\u00f3venes en la entidad.<\/p>\n\n\n\n<h3 class=\"wp-block-heading\" id=\"h-sigue-nuestras-cuentas-en-facebook-e-instagram-para-mantenerte-informado-con-las-noticias-mas-relevantes\"><strong>Sigue nuestras cuentas en Facebook e Instagram para mantenerte informado con las noticias m\u00e1s relevantes.<\/strong><\/h3>\n\n\n\n<h2 class=\"wp-block-heading\" id=\"h-ficha-de-busqueda-caracteristicas-de-ayelen-iglesias-vidal\"><strong>Ficha de b\u00fasqueda: caracter\u00edsticas de Ayelen Iglesias Vidal<\/strong><\/h2>\n\n\n\n<p>La <strong>Fiscal\u00eda General del Estado de Morelos<\/strong> difundi\u00f3 los datos de identificaci\u00f3n de la joven para facilitar su localizaci\u00f3n.<\/p>\n\n\n\n<p><strong>Caracter\u00edsticas f\u00edsicas:<\/strong><\/p>\n\n\n\n<ul class=\"wp-block-list\">\n<li>Estatura aproximada: <strong>1.55 metros<\/strong>.<\/li>\n\n\n\n<li>Complexi\u00f3n: <strong>robusta<\/strong>.<\/li>\n\n\n\n<li>Tez: <strong>blanca<\/strong>.<\/li>\n\n\n\n<li>Se\u00f1ales particulares: <strong>perforaci\u00f3n en la ceja izquierda y lunar en la misma zona<\/strong>.<\/li>\n<\/ul>\n\n\n\n<p>La adolescente fue vista por \u00faltima vez con su <strong>uniforme escolar del Cobaem<\/strong>, por lo que se pide a la poblaci\u00f3n reportar cualquier informaci\u00f3n que ayude a ubicar su paradero.<\/p>\n\n\n\n<figure class=\"wp-block-embed is-type-rich is-provider-twitter wp-block-embed-twitter\"><div class=\"wp-block-embed__wrapper\">\n<blockquote class=\"twitter-tweet\" data-width=\"550\" data-dnt=\"true\"><p lang=\"es\" dir=\"ltr\"><a href=\"https:\/\/twitter.com\/hashtag\/FiscaliaMorelos?src=hash&amp;ref_src=twsrc%5Etfw\">#FiscaliaMorelos<\/a> activa <a href=\"https:\/\/twitter.com\/hashtag\/ProtocoloAlbaMorelos?src=hash&amp;ref_src=twsrc%5Etfw\">#ProtocoloAlbaMorelos<\/a> para la b\u00fasqueda y localizaci\u00f3n de AYELEN IGLESIAS VIDAL de 17 a\u00f1os de edad. <a href=\"https:\/\/t.co\/TTGzLrshSf\">pic.twitter.com\/TTGzLrshSf<\/a><\/p>&mdash; FISCALIA MORELOS (@Fiscalia_Mor) <a href=\"https:\/\/twitter.com\/Fiscalia_Mor\/status\/2032198161167491134?ref_src=twsrc%5Etfw\">March 12, 2026<\/a><\/blockquote><script async src=\"https:\/\/platform.twitter.com\/widgets.js\" charset=\"utf-8\"><\/script>\n<\/div><\/figure>\n\n\n\n<h2 class=\"wp-block-heading\" id=\"h-cinco-estudiantes-desaparecidas-en-morelos-en-las-ultimas-semanas\"><strong>Cinco estudiantes desaparecidas en Morelos en las \u00faltimas semanas<\/strong><\/h2>\n\n\n\n<p>Con el caso de <strong>Ayelen Iglesias Vidal<\/strong>, suman <strong>cinco estudiantes desaparecidas en Morelos durante las \u00faltimas tres semanas<\/strong>, lo que ha generado alarma entre la comunidad educativa.<\/p>\n\n\n\n<p>De acuerdo con los reportes:<\/p>\n\n\n\n<ul class=\"wp-block-list\">\n<li><strong>Tres estudiantes pertenecen a la Universidad Aut\u00f3noma del Estado de Morelos (UAEM)<\/strong>.<\/li>\n\n\n\n<li><strong>Una es alumna de un plantel del Cobaem<\/strong>.<\/li>\n\n\n\n<li><strong>Otra estudiaba en el Centro de Estudios Tecnol\u00f3gicos y de Servicios en Xochitepec<\/strong>.<\/li>\n<\/ul>\n\n\n\n<p>De estas j\u00f3venes, <strong>dos fueron localizadas sin vida y dos con vida<\/strong>, mientras contin\u00faan las investigaciones por parte de las autoridades.<\/p>\n\n\n\n<h3 class=\"wp-block-heading\" id=\"h-leer-mas-estados-unidos-ofrece-recompensa-de-10-mdd-por-informacion-sobre-el-lider-supremo-de-iran\"><strong><em>Leer m\u00e1s: <a href=\"https:\/\/grupohoymexico.com\/2026\/03\/14\/estados-unidos-ofrece-recompensa-de-10-mdd-por-informacion-sobre-el-lider-supremo-de-iran\/\">Estados Unidos ofrece recompensa de 10 MDD por informaci\u00f3n sobre el l\u00edder supremo de Ir\u00e1n<\/a><\/em><\/strong><\/h3>\n\n\n\n<h2 class=\"wp-block-heading\" id=\"h-protestas-en-la-uaem-por-seguridad-tras-homicidios-de-estudiantes\"><strong>Protestas en la UAEM por seguridad tras homicidios de estudiantes<\/strong><\/h2>\n\n\n\n<p>La situaci\u00f3n de inseguridad tambi\u00e9n ha provocado protestas dentro de la Universidad Aut\u00f3noma del Estado de Morelos, donde estudiantes mantienen <strong>movilizaciones y paro de actividades<\/strong> tras los homicidios de <strong>Kimberly Ramos y Karol Toledo<\/strong>, ocurridos a principios de este mes.<\/p>\n\n\n\n<p>Durante <strong>12 d\u00edas de protestas<\/strong>, alumnos tomaron instalaciones universitarias, incluyendo la <strong>torre de rector\u00eda y el campus Chamilpa<\/strong>, ubicado al oriente de Cuernavaca.<\/p>\n\n\n\n<p>Ante esta situaci\u00f3n, la rectora Viridiana Le\u00f3n Hern\u00e1ndez convoc\u00f3 a los estudiantes a <strong>una mesa de di\u00e1logo el pr\u00f3ximo 17 de marzo<\/strong>, con el objetivo de escuchar sus demandas y buscar soluciones a los problemas de seguridad.<\/p>\n\n\n\n<p>\u201cLa universidad reitera su disposici\u00f3n permanente al di\u00e1logo para atender inquietudes y construir soluciones en conjunto\u201d, se\u00f1ala el documento difundido por la instituci\u00f3n.<\/p>\n\n\n\n<h2 class=\"wp-block-heading\" id=\"h-campus-chamilpa-lleva-dos-semanas-sin-clases\"><strong>Campus Chamilpa lleva dos semanas sin clases<\/strong><\/h2>\n\n\n\n<p>Las protestas estudiantiles han provocado que el <strong>campus Chamilpa y varias unidades acad\u00e9micas de la UAEM permanezcan sin clases durante dos semanas<\/strong>.<\/p>\n\n\n\n<p>La universidad cuenta con:<\/p>\n\n\n\n<ul class=\"wp-block-list\">\n<li><strong>M\u00e1s de 40 mil estudiantes<\/strong>.<\/li>\n\n\n\n<li><strong>Aproximadamente 6 mil trabajadores<\/strong>.<\/li>\n<\/ul>\n\n\n\n<p>Por su parte, la Federaci\u00f3n de Estudiantes Universitarios de Morelos (FEUM) y alumnos de la Facultad de Medicina recuperaron recientemente un inmueble universitario en inmediaciones del <strong>Centro Universitario Los Belenes<\/strong>.<\/p>\n\n\n\n<p>Sin embargo, integrantes del colectivo <strong>La Resistencia Universitaria<\/strong> denunciaron que la recuperaci\u00f3n del edificio se realiz\u00f3 <strong>mediante actos de violencia<\/strong>, acusando a la dirigencia estudiantil de actuar en favor de la rector\u00eda.<\/p>\n\n\n\n<h3 class=\"wp-block-heading\" id=\"h-leer-mas-asesinan-a-jorge-olvera-garcia-esposo-de-la-alcaldesa-de-jerecuaro-guanajuato\"><strong><em>Leer m\u00e1s: <a href=\"https:\/\/grupohoymexico.com\/2026\/03\/14\/asesinan-a-jorge-olvera-garcia-esposo-de-la-alcaldesa-de-jerecuaro-guanajuato\/\">Asesinan a Jorge Olvera Garc\u00eda, esposo de la alcaldesa de Jer\u00e9cuaro, Guanajuato<\/a><\/em><\/strong><\/h3>\n\n\n\n<h2 class=\"wp-block-heading\" id=\"h-familiares-marchan-para-exigir-busqueda-de-joven-desaparecido-en-temixco\"><strong>Familiares marchan para exigir b\u00fasqueda de joven desaparecido en Temixco<\/strong><\/h2>\n\n\n\n<p>En medio de la crisis de desapariciones en el estado, familiares y amigos de <strong>Mois\u00e9s Uriel Z\u00fa\u00f1iga Guzm\u00e1n<\/strong>, de <strong>26 a\u00f1os<\/strong>, realizaron una <strong>marcha en Temixco<\/strong> para exigir avances en su localizaci\u00f3n.<\/p>\n\n\n\n<p>El joven fue visto por \u00faltima vez el <strong>28 de febrero<\/strong>, cuando acudi\u00f3 a una tienda de la cadena Elektra.<\/p>\n\n\n\n<p>Sus familiares se\u00f1alaron que han realizado <strong>b\u00fasquedas por su cuenta en colonias, barrancas y el r\u00edo que atraviesa el municipio<\/strong>, sin obtener resultados.<\/p>\n\n\n\n<p>Asimismo, denunciaron que <strong>las autoridades no han mostrado suficiente inter\u00e9s en el caso<\/strong>, debido a que la v\u00edctima no era estudiante y su familia es de escasos recursos.<\/p>\n\n\n\n<p>Los recientes casos de <strong>estudiantes desaparecidas, homicidios y protestas universitarias<\/strong> han encendido las alertas en Morelos, donde comunidades estudiantiles y familiares de v\u00edctimas exigen <strong>mayor seguridad, investigaciones efectivas y acciones contundentes por parte de las autoridades<\/strong>.<\/p>\n\n\n\n<h2 class=\"wp-block-heading\" id=\"h-unete-a-nuestro-canal-de-whatsapp\"><strong><a href=\"https:\/\/whatsapp.com\/channel\/0029Vaylt1XG3R3gm4Nsgp2m\">\u00danete a nuestro canal de WhatsApp<\/a><\/strong><\/h2>\n","protected":false},"excerpt":{"rendered":"La desaparici\u00f3n de Ayelen Iglesias Vidal, estudiante del Colegio de Bachilleres del Estado de Morelos (Cobaem), ha generado&hellip;","protected":false},"author":5,"featured_media":80617,"comment_status":"open","ping_status":"open","sticky":false,"template":"","format":"standard","meta":{"csco_display_header_overlay":false,"csco_singular_sidebar":"","csco_page_header_type":"","csco_page_load_nextpost":"","csco_post_video_location":[],"csco_post_video_location_hash":"","csco_post_video_url":"","csco_post_video_bg_start_time":0,"csco_post_video_bg_end_time":0,"footnotes":""},"categories":[28],"tags":[1210,1397,227,672,170],"class_list":{"0":"post-80616","1":"post","2":"type-post","3":"status-publish","4":"format-standard","5":"has-post-thumbnail","7":"category-nacional","8":"tag-alerta","9":"tag-desapariciones","10":"tag-justicia","11":"tag-morelos","12":"tag-seguridad","13":"cs-entry","14":"cs-video-wrap"},"yoast_head":"<!-- This site is optimized with the Yoast SEO Premium plugin v24.7 (Yoast SEO v27.4) - https:\/\/yoast.com\/product\/yoast-seo-premium-wordpress\/ -->\n<title>Reportan la desaparici\u00f3n de otra estudiante en Morelos; ya son cinco casos en tres semanas - Grupo Hoy Puebla<\/title>\n<meta name=\"description\" content=\"Desaparecida Ayelen Iglesias Vidal, 17 a\u00f1os, estudiante del Cobaem en Cuernavaca. Desaparici\u00f3n de 5 estudiantes en Morelos.\" \/>\n<meta name=\"robots\" content=\"index, follow, max-snippet:-1, max-image-preview:large, max-video-preview:-1\" \/>\n<link rel=\"canonical\" href=\"https:\/\/grupohoymexico.com\/puebla\/2026\/03\/14\/reportan-la-desaparicion-de-otra-estudiante-en-morelos-ya-son-cinco-casos-en-tres-semanas\/\" \/>\n<meta property=\"og:locale\" content=\"es_MX\" \/>\n<meta property=\"og:type\" content=\"article\" \/>\n<meta property=\"og:title\" content=\"Reportan la desaparici\u00f3n de otra estudiante en Morelos; ya son cinco casos en tres semanas\" \/>\n<meta property=\"og:description\" content=\"Desaparecida Ayelen Iglesias Vidal, 17 a\u00f1os, estudiante del Cobaem en Cuernavaca. Desaparici\u00f3n de 5 estudiantes en Morelos.\" \/>\n<meta property=\"og:url\" content=\"https:\/\/grupohoymexico.com\/puebla\/2026\/03\/14\/reportan-la-desaparicion-de-otra-estudiante-en-morelos-ya-son-cinco-casos-en-tres-semanas\/\" \/>\n<meta property=\"og:site_name\" content=\"Grupo Hoy Puebla\" \/>\n<meta property=\"article:published_time\" content=\"2026-03-14T19:38:37+00:00\" \/>\n<meta property=\"article:modified_time\" content=\"2026-03-14T19:38:38+00:00\" \/>\n<meta property=\"og:image\" content=\"https:\/\/grupohoymexico.com\/puebla\/wp-content\/uploads\/sites\/3\/2026\/03\/Desaparicion-estudiantes-Morelos.jpg\" \/>\n\t<meta property=\"og:image:width\" content=\"1200\" \/>\n\t<meta property=\"og:image:height\" content=\"638\" \/>\n\t<meta property=\"og:image:type\" content=\"image\/jpeg\" \/>\n<meta name=\"author\" content=\"jair\" \/>\n<meta name=\"twitter:card\" content=\"summary_large_image\" \/>\n<meta name=\"twitter:label1\" content=\"Escrito por\" \/>\n\t<meta name=\"twitter:data1\" content=\"jair\" \/>\n\t<meta name=\"twitter:label2\" content=\"Tiempo de lectura\" \/>\n\t<meta name=\"twitter:data2\" content=\"4 minutos\" \/>\n<script type=\"application\/ld+json\" class=\"yoast-schema-graph\">{\"@context\":\"https:\\\/\\\/schema.org\",\"@graph\":[{\"@type\":\"Article\",\"@id\":\"https:\\\/\\\/grupohoymexico.com\\\/puebla\\\/2026\\\/03\\\/14\\\/reportan-la-desaparicion-de-otra-estudiante-en-morelos-ya-son-cinco-casos-en-tres-semanas\\\/#article\",\"isPartOf\":{\"@id\":\"https:\\\/\\\/grupohoymexico.com\\\/puebla\\\/2026\\\/03\\\/14\\\/reportan-la-desaparicion-de-otra-estudiante-en-morelos-ya-son-cinco-casos-en-tres-semanas\\\/\"},\"author\":{\"name\":\"jair\",\"@id\":\"https:\\\/\\\/grupohoymexico.com\\\/puebla\\\/#\\\/schema\\\/person\\\/98e2425fe99fbbdf486895b69dab3c3d\"},\"headline\":\"Reportan la desaparici\u00f3n de otra estudiante en Morelos; ya son cinco casos en tres semanas\",\"datePublished\":\"2026-03-14T19:38:37+00:00\",\"dateModified\":\"2026-03-14T19:38:38+00:00\",\"mainEntityOfPage\":{\"@id\":\"https:\\\/\\\/grupohoymexico.com\\\/puebla\\\/2026\\\/03\\\/14\\\/reportan-la-desaparicion-de-otra-estudiante-en-morelos-ya-son-cinco-casos-en-tres-semanas\\\/\"},\"wordCount\":820,\"commentCount\":0,\"image\":{\"@id\":\"https:\\\/\\\/grupohoymexico.com\\\/puebla\\\/2026\\\/03\\\/14\\\/reportan-la-desaparicion-de-otra-estudiante-en-morelos-ya-son-cinco-casos-en-tres-semanas\\\/#primaryimage\"},\"thumbnailUrl\":\"https:\\\/\\\/grupohoymexico.com\\\/puebla\\\/wp-content\\\/uploads\\\/sites\\\/3\\\/2026\\\/03\\\/Desaparicion-estudiantes-Morelos.jpg\",\"keywords\":[\"Alerta\",\"Desapariciones\",\"Justicia\",\"Morelos\",\"Seguridad\"],\"articleSection\":[\"Nacional\"],\"inLanguage\":\"es\",\"potentialAction\":[{\"@type\":\"CommentAction\",\"name\":\"Comment\",\"target\":[\"https:\\\/\\\/grupohoymexico.com\\\/puebla\\\/2026\\\/03\\\/14\\\/reportan-la-desaparicion-de-otra-estudiante-en-morelos-ya-son-cinco-casos-en-tres-semanas\\\/#respond\"]}]},{\"@type\":\"WebPage\",\"@id\":\"https:\\\/\\\/grupohoymexico.com\\\/puebla\\\/2026\\\/03\\\/14\\\/reportan-la-desaparicion-de-otra-estudiante-en-morelos-ya-son-cinco-casos-en-tres-semanas\\\/\",\"url\":\"https:\\\/\\\/grupohoymexico.com\\\/puebla\\\/2026\\\/03\\\/14\\\/reportan-la-desaparicion-de-otra-estudiante-en-morelos-ya-son-cinco-casos-en-tres-semanas\\\/\",\"name\":\"Reportan la desaparici\u00f3n de otra estudiante en Morelos; ya son cinco casos en tres semanas - Grupo Hoy Puebla\",\"isPartOf\":{\"@id\":\"https:\\\/\\\/grupohoymexico.com\\\/puebla\\\/#website\"},\"primaryImageOfPage\":{\"@id\":\"https:\\\/\\\/grupohoymexico.com\\\/puebla\\\/2026\\\/03\\\/14\\\/reportan-la-desaparicion-de-otra-estudiante-en-morelos-ya-son-cinco-casos-en-tres-semanas\\\/#primaryimage\"},\"image\":{\"@id\":\"https:\\\/\\\/grupohoymexico.com\\\/puebla\\\/2026\\\/03\\\/14\\\/reportan-la-desaparicion-de-otra-estudiante-en-morelos-ya-son-cinco-casos-en-tres-semanas\\\/#primaryimage\"},\"thumbnailUrl\":\"https:\\\/\\\/grupohoymexico.com\\\/puebla\\\/wp-content\\\/uploads\\\/sites\\\/3\\\/2026\\\/03\\\/Desaparicion-estudiantes-Morelos.jpg\",\"datePublished\":\"2026-03-14T19:38:37+00:00\",\"dateModified\":\"2026-03-14T19:38:38+00:00\",\"author\":{\"@id\":\"https:\\\/\\\/grupohoymexico.com\\\/puebla\\\/#\\\/schema\\\/person\\\/98e2425fe99fbbdf486895b69dab3c3d\"},\"description\":\"Desaparecida Ayelen Iglesias Vidal, 17 a\u00f1os, estudiante del Cobaem en Cuernavaca. Desaparici\u00f3n de 5 estudiantes en Morelos.\",\"breadcrumb\":{\"@id\":\"https:\\\/\\\/grupohoymexico.com\\\/puebla\\\/2026\\\/03\\\/14\\\/reportan-la-desaparicion-de-otra-estudiante-en-morelos-ya-son-cinco-casos-en-tres-semanas\\\/#breadcrumb\"},\"inLanguage\":\"es\",\"potentialAction\":[{\"@type\":\"ReadAction\",\"target\":[\"https:\\\/\\\/grupohoymexico.com\\\/puebla\\\/2026\\\/03\\\/14\\\/reportan-la-desaparicion-de-otra-estudiante-en-morelos-ya-son-cinco-casos-en-tres-semanas\\\/\"]}]},{\"@type\":\"ImageObject\",\"inLanguage\":\"es\",\"@id\":\"https:\\\/\\\/grupohoymexico.com\\\/puebla\\\/2026\\\/03\\\/14\\\/reportan-la-desaparicion-de-otra-estudiante-en-morelos-ya-son-cinco-casos-en-tres-semanas\\\/#primaryimage\",\"url\":\"https:\\\/\\\/grupohoymexico.com\\\/puebla\\\/wp-content\\\/uploads\\\/sites\\\/3\\\/2026\\\/03\\\/Desaparicion-estudiantes-Morelos.jpg\",\"contentUrl\":\"https:\\\/\\\/grupohoymexico.com\\\/puebla\\\/wp-content\\\/uploads\\\/sites\\\/3\\\/2026\\\/03\\\/Desaparicion-estudiantes-Morelos.jpg\",\"width\":1200,\"height\":638,\"caption\":\"Foto: Grupo Hoy\"},{\"@type\":\"BreadcrumbList\",\"@id\":\"https:\\\/\\\/grupohoymexico.com\\\/puebla\\\/2026\\\/03\\\/14\\\/reportan-la-desaparicion-de-otra-estudiante-en-morelos-ya-son-cinco-casos-en-tres-semanas\\\/#breadcrumb\",\"itemListElement\":[{\"@type\":\"ListItem\",\"position\":1,\"name\":\"Inicio\",\"item\":\"https:\\\/\\\/grupohoymexico.com\\\/puebla\\\/\"},{\"@type\":\"ListItem\",\"position\":2,\"name\":\"Reportan la desaparici\u00f3n de otra estudiante en Morelos; ya son cinco casos en tres semanas\"}]},{\"@type\":\"WebSite\",\"@id\":\"https:\\\/\\\/grupohoymexico.com\\\/puebla\\\/#website\",\"url\":\"https:\\\/\\\/grupohoymexico.com\\\/puebla\\\/\",\"name\":\"Grupo Hoy Puebla\",\"description\":\"\",\"potentialAction\":[{\"@type\":\"SearchAction\",\"target\":{\"@type\":\"EntryPoint\",\"urlTemplate\":\"https:\\\/\\\/grupohoymexico.com\\\/puebla\\\/?s={search_term_string}\"},\"query-input\":{\"@type\":\"PropertyValueSpecification\",\"valueRequired\":true,\"valueName\":\"search_term_string\"}}],\"inLanguage\":\"es\"},{\"@type\":\"Person\",\"@id\":\"https:\\\/\\\/grupohoymexico.com\\\/puebla\\\/#\\\/schema\\\/person\\\/98e2425fe99fbbdf486895b69dab3c3d\",\"name\":\"jair\",\"image\":{\"@type\":\"ImageObject\",\"inLanguage\":\"es\",\"@id\":\"https:\\\/\\\/secure.gravatar.com\\\/avatar\\\/ec205dfb8733a1ce1601942dddb04fc9294fb780c832e3c1ec58faa8e4e64e9b?s=96&d=mm&r=g\",\"url\":\"https:\\\/\\\/secure.gravatar.com\\\/avatar\\\/ec205dfb8733a1ce1601942dddb04fc9294fb780c832e3c1ec58faa8e4e64e9b?s=96&d=mm&r=g\",\"contentUrl\":\"https:\\\/\\\/secure.gravatar.com\\\/avatar\\\/ec205dfb8733a1ce1601942dddb04fc9294fb780c832e3c1ec58faa8e4e64e9b?s=96&d=mm&r=g\",\"caption\":\"jair\"},\"url\":\"https:\\\/\\\/grupohoymexico.com\\\/puebla\\\/author\\\/jair\\\/\"}]}<\/script>\n<!-- \/ Yoast SEO Premium plugin. -->","yoast_head_json":{"title":"Reportan la desaparici\u00f3n de otra estudiante en Morelos; ya son cinco casos en tres semanas - Grupo Hoy Puebla","description":"Desaparecida Ayelen Iglesias Vidal, 17 a\u00f1os, estudiante del Cobaem en Cuernavaca. Desaparici\u00f3n de 5 estudiantes en Morelos.","robots":{"index":"index","follow":"follow","max-snippet":"max-snippet:-1","max-image-preview":"max-image-preview:large","max-video-preview":"max-video-preview:-1"},"canonical":"https:\/\/grupohoymexico.com\/puebla\/2026\/03\/14\/reportan-la-desaparicion-de-otra-estudiante-en-morelos-ya-son-cinco-casos-en-tres-semanas\/","og_locale":"es_MX","og_type":"article","og_title":"Reportan la desaparici\u00f3n de otra estudiante en Morelos; ya son cinco casos en tres semanas","og_description":"Desaparecida Ayelen Iglesias Vidal, 17 a\u00f1os, estudiante del Cobaem en Cuernavaca. Desaparici\u00f3n de 5 estudiantes en Morelos.","og_url":"https:\/\/grupohoymexico.com\/puebla\/2026\/03\/14\/reportan-la-desaparicion-de-otra-estudiante-en-morelos-ya-son-cinco-casos-en-tres-semanas\/","og_site_name":"Grupo Hoy Puebla","article_published_time":"2026-03-14T19:38:37+00:00","article_modified_time":"2026-03-14T19:38:38+00:00","og_image":[{"width":1200,"height":638,"url":"https:\/\/grupohoymexico.com\/puebla\/wp-content\/uploads\/sites\/3\/2026\/03\/Desaparicion-estudiantes-Morelos.jpg","type":"image\/jpeg"}],"author":"jair","twitter_card":"summary_large_image","twitter_misc":{"Escrito por":"jair","Tiempo de lectura":"4 minutos"},"schema":{"@context":"https:\/\/schema.org","@graph":[{"@type":"Article","@id":"https:\/\/grupohoymexico.com\/puebla\/2026\/03\/14\/reportan-la-desaparicion-de-otra-estudiante-en-morelos-ya-son-cinco-casos-en-tres-semanas\/#article","isPartOf":{"@id":"https:\/\/grupohoymexico.com\/puebla\/2026\/03\/14\/reportan-la-desaparicion-de-otra-estudiante-en-morelos-ya-son-cinco-casos-en-tres-semanas\/"},"author":{"name":"jair","@id":"https:\/\/grupohoymexico.com\/puebla\/#\/schema\/person\/98e2425fe99fbbdf486895b69dab3c3d"},"headline":"Reportan la desaparici\u00f3n de otra estudiante en Morelos; ya son cinco casos en tres semanas","datePublished":"2026-03-14T19:38:37+00:00","dateModified":"2026-03-14T19:38:38+00:00","mainEntityOfPage":{"@id":"https:\/\/grupohoymexico.com\/puebla\/2026\/03\/14\/reportan-la-desaparicion-de-otra-estudiante-en-morelos-ya-son-cinco-casos-en-tres-semanas\/"},"wordCount":820,"commentCount":0,"image":{"@id":"https:\/\/grupohoymexico.com\/puebla\/2026\/03\/14\/reportan-la-desaparicion-de-otra-estudiante-en-morelos-ya-son-cinco-casos-en-tres-semanas\/#primaryimage"},"thumbnailUrl":"https:\/\/grupohoymexico.com\/puebla\/wp-content\/uploads\/sites\/3\/2026\/03\/Desaparicion-estudiantes-Morelos.jpg","keywords":["Alerta","Desapariciones","Justicia","Morelos","Seguridad"],"articleSection":["Nacional"],"inLanguage":"es","potentialAction":[{"@type":"CommentAction","name":"Comment","target":["https:\/\/grupohoymexico.com\/puebla\/2026\/03\/14\/reportan-la-desaparicion-de-otra-estudiante-en-morelos-ya-son-cinco-casos-en-tres-semanas\/#respond"]}]},{"@type":"WebPage","@id":"https:\/\/grupohoymexico.com\/puebla\/2026\/03\/14\/reportan-la-desaparicion-de-otra-estudiante-en-morelos-ya-son-cinco-casos-en-tres-semanas\/","url":"https:\/\/grupohoymexico.com\/puebla\/2026\/03\/14\/reportan-la-desaparicion-de-otra-estudiante-en-morelos-ya-son-cinco-casos-en-tres-semanas\/","name":"Reportan la desaparici\u00f3n de otra estudiante en Morelos; ya son cinco casos en tres semanas - Grupo Hoy Puebla","isPartOf":{"@id":"https:\/\/grupohoymexico.com\/puebla\/#website"},"primaryImageOfPage":{"@id":"https:\/\/grupohoymexico.com\/puebla\/2026\/03\/14\/reportan-la-desaparicion-de-otra-estudiante-en-morelos-ya-son-cinco-casos-en-tres-semanas\/#primaryimage"},"image":{"@id":"https:\/\/grupohoymexico.com\/puebla\/2026\/03\/14\/reportan-la-desaparicion-de-otra-estudiante-en-morelos-ya-son-cinco-casos-en-tres-semanas\/#primaryimage"},"thumbnailUrl":"https:\/\/grupohoymexico.com\/puebla\/wp-content\/uploads\/sites\/3\/2026\/03\/Desaparicion-estudiantes-Morelos.jpg","datePublished":"2026-03-14T19:38:37+00:00","dateModified":"2026-03-14T19:38:38+00:00","author":{"@id":"https:\/\/grupohoymexico.com\/puebla\/#\/schema\/person\/98e2425fe99fbbdf486895b69dab3c3d"},"description":"Desaparecida Ayelen Iglesias Vidal, 17 a\u00f1os, estudiante del Cobaem en Cuernavaca. Desaparici\u00f3n de 5 estudiantes en Morelos.","breadcrumb":{"@id":"https:\/\/grupohoymexico.com\/puebla\/2026\/03\/14\/reportan-la-desaparicion-de-otra-estudiante-en-morelos-ya-son-cinco-casos-en-tres-semanas\/#breadcrumb"},"inLanguage":"es","potentialAction":[{"@type":"ReadAction","target":["https:\/\/grupohoymexico.com\/puebla\/2026\/03\/14\/reportan-la-desaparicion-de-otra-estudiante-en-morelos-ya-son-cinco-casos-en-tres-semanas\/"]}]},{"@type":"ImageObject","inLanguage":"es","@id":"https:\/\/grupohoymexico.com\/puebla\/2026\/03\/14\/reportan-la-desaparicion-de-otra-estudiante-en-morelos-ya-son-cinco-casos-en-tres-semanas\/#primaryimage","url":"https:\/\/grupohoymexico.com\/puebla\/wp-content\/uploads\/sites\/3\/2026\/03\/Desaparicion-estudiantes-Morelos.jpg","contentUrl":"https:\/\/grupohoymexico.com\/puebla\/wp-content\/uploads\/sites\/3\/2026\/03\/Desaparicion-estudiantes-Morelos.jpg","width":1200,"height":638,"caption":"Foto: Grupo Hoy"},{"@type":"BreadcrumbList","@id":"https:\/\/grupohoymexico.com\/puebla\/2026\/03\/14\/reportan-la-desaparicion-de-otra-estudiante-en-morelos-ya-son-cinco-casos-en-tres-semanas\/#breadcrumb","itemListElement":[{"@type":"ListItem","position":1,"name":"Inicio","item":"https:\/\/grupohoymexico.com\/puebla\/"},{"@type":"ListItem","position":2,"name":"Reportan la desaparici\u00f3n de otra estudiante en Morelos; ya son cinco casos en tres semanas"}]},{"@type":"WebSite","@id":"https:\/\/grupohoymexico.com\/puebla\/#website","url":"https:\/\/grupohoymexico.com\/puebla\/","name":"Grupo Hoy Puebla","description":"","potentialAction":[{"@type":"SearchAction","target":{"@type":"EntryPoint","urlTemplate":"https:\/\/grupohoymexico.com\/puebla\/?s={search_term_string}"},"query-input":{"@type":"PropertyValueSpecification","valueRequired":true,"valueName":"search_term_string"}}],"inLanguage":"es"},{"@type":"Person","@id":"https:\/\/grupohoymexico.com\/puebla\/#\/schema\/person\/98e2425fe99fbbdf486895b69dab3c3d","name":"jair","image":{"@type":"ImageObject","inLanguage":"es","@id":"https:\/\/secure.gravatar.com\/avatar\/ec205dfb8733a1ce1601942dddb04fc9294fb780c832e3c1ec58faa8e4e64e9b?s=96&d=mm&r=g","url":"https:\/\/secure.gravatar.com\/avatar\/ec205dfb8733a1ce1601942dddb04fc9294fb780c832e3c1ec58faa8e4e64e9b?s=96&d=mm&r=g","contentUrl":"https:\/\/secure.gravatar.com\/avatar\/ec205dfb8733a1ce1601942dddb04fc9294fb780c832e3c1ec58faa8e4e64e9b?s=96&d=mm&r=g","caption":"jair"},"url":"https:\/\/grupohoymexico.com\/puebla\/author\/jair\/"}]}},"_links":{"self":[{"href":"https:\/\/grupohoymexico.com\/puebla\/wp-json\/wp\/v2\/posts\/80616","targetHints":{"allow":["GET"]}}],"collection":[{"href":"https:\/\/grupohoymexico.com\/puebla\/wp-json\/wp\/v2\/posts"}],"about":[{"href":"https:\/\/grupohoymexico.com\/puebla\/wp-json\/wp\/v2\/types\/post"}],"author":[{"embeddable":true,"href":"https:\/\/grupohoymexico.com\/puebla\/wp-json\/wp\/v2\/users\/5"}],"replies":[{"embeddable":true,"href":"https:\/\/grupohoymexico.com\/puebla\/wp-json\/wp\/v2\/comments?post=80616"}],"version-history":[{"count":0,"href":"https:\/\/grupohoymexico.com\/puebla\/wp-json\/wp\/v2\/posts\/80616\/revisions"}],"wp:featuredmedia":[{"embeddable":true,"href":"https:\/\/grupohoymexico.com\/puebla\/wp-json\/wp\/v2\/media\/80617"}],"wp:attachment":[{"href":"https:\/\/grupohoymexico.com\/puebla\/wp-json\/wp\/v2\/media?parent=80616"}],"wp:term":[{"taxonomy":"category","embeddable":true,"href":"https:\/\/grupohoymexico.com\/puebla\/wp-json\/wp\/v2\/categories?post=80616"},{"taxonomy":"post_tag","embeddable":true,"href":"https:\/\/grupohoymexico.com\/puebla\/wp-json\/wp\/v2\/tags?post=80616"}],"curies":[{"name":"wp","href":"https:\/\/api.w.org\/{rel}","templated":true}]}}