{"id":80580,"date":"2026-03-13T15:07:40","date_gmt":"2026-03-13T15:07:40","guid":{"rendered":"https:\/\/grupohoymexico.com\/puebla\/?p=80580"},"modified":"2026-03-13T15:07:40","modified_gmt":"2026-03-13T15:07:40","slug":"bolsa-de-trabajo-puebla-sedetra-y-usep-firman-convenio-para-impulsar-empleo-formal","status":"publish","type":"post","link":"https:\/\/grupohoymexico.com\/puebla\/2026\/03\/13\/bolsa-de-trabajo-puebla-sedetra-y-usep-firman-convenio-para-impulsar-empleo-formal\/","title":{"rendered":"Bolsa de Trabajo Puebla: SEDETRA y USEP firman convenio para impulsar empleo formal"},"content":{"rendered":"\n<p>La <strong>Bolsa de Trabajo Puebla<\/strong> se fortalece con un nuevo acuerdo institucional. La <a href=\"https:\/\/sedetra.puebla.gob.mx\/\">Secretar\u00eda de Desarrollo Econ\u00f3mico, Trabajo y Turismo de Puebla (SEDETRA)<\/a> y la <a href=\"https:\/\/usep.puebla.gob.mx\/\">Universidad de la Secretar\u00eda de Educaci\u00f3n P\u00fablica (USEP)<\/a> firmaron un convenio de colaboraci\u00f3n con el objetivo de <strong>impulsar la inserci\u00f3n laboral en Puebla<\/strong>, fortalecer la vinculaci\u00f3n entre empresas y profesionistas, y promover el talento local.<\/p>\n\n\n\n<p>Esta alianza estrat\u00e9gica busca <strong>identificar perfiles profesionales, detectar barreras en el acceso al empleo y facilitar oportunidades laborales<\/strong>, lo que consolida as\u00ed la Bolsa de Trabajo Puebla como una herramienta clave para conectar a quienes buscan empleo con empresas que requieren personal.<\/p>\n\n\n\n<h3 class=\"wp-block-heading\" id=\"h-sigue-nuestras-cuentas-en-facebook-e-instagram-para-mantenerte-informado-con-las-noticias-mas-relevantes\"><strong>Sigue nuestras cuentas en Facebook e Instagram para mantenerte informado con las noticias m\u00e1s relevantes.<\/strong><\/h3>\n\n\n\n<h2 class=\"wp-block-heading\" id=\"h-bolsa-de-trabajo-puebla-estrategia-para-conectar-talento-con-empresas\"><strong>Bolsa de Trabajo Puebla: estrategia para conectar talento con empresas<\/strong><\/h2>\n\n\n\n<p>El convenio entre SEDETRA y USEP forma parte de una <strong>estrategia estatal para fortalecer el mercado laboral en Puebla<\/strong>, mediante la generaci\u00f3n de empleos formales y la creaci\u00f3n de mecanismos de vinculaci\u00f3n directa entre universidades, egresados y el sector productivo.<\/p>\n\n\n\n<p>A trav\u00e9s de la <strong>Bolsa de Trabajo Puebla<\/strong>, se facilitar\u00e1 el contacto entre <strong>personas que buscan empleo y empresas que requieren talento calificado<\/strong>, permitiendo identificar perfiles profesionales espec\u00edficos que respondan a las necesidades actuales del mercado laboral.<\/p>\n\n\n\n<p>Adem\u00e1s, este esquema permitir\u00e1 <strong>analizar los principales obst\u00e1culos que enfrentan distintos sectores de la poblaci\u00f3n para acceder a oportunidades laborales<\/strong>, lo que ayudar\u00e1 a dise\u00f1ar pol\u00edticas p\u00fablicas m\u00e1s eficaces para fomentar la inclusi\u00f3n laboral.<\/p>\n\n\n\n<h2 class=\"wp-block-heading\" id=\"h-empleo-en-puebla-programas-para-capacitacion-y-autoempleo\"><strong>Empleo en Puebla: programas para capacitaci\u00f3n y autoempleo<\/strong><\/h2>\n\n\n\n<p>Dentro de su estrategia de desarrollo econ\u00f3mico, la Secretar\u00eda de Desarrollo Econ\u00f3mico, Trabajo y Turismo de Puebla impulsa diversos <strong>programas de capacitaci\u00f3n laboral en Puebla<\/strong> orientados a mejorar la empleabilidad de la poblaci\u00f3n.<\/p>\n\n\n\n<p>Entre estas iniciativas destacan:<\/p>\n\n\n\n<ul class=\"wp-block-list\">\n<li><strong>Cursos de capacitaci\u00f3n para el trabajo<\/strong>.<\/li>\n\n\n\n<li><strong>Talleres especializados para el desarrollo de habilidades<\/strong>.<\/li>\n\n\n\n<li><strong>Programas de formaci\u00f3n t\u00e9cnica y profesional<\/strong>.<\/li>\n\n\n\n<li><strong>Apoyo al autoempleo y emprendimiento<\/strong>.<\/li>\n<\/ul>\n\n\n\n<p>Estos programas buscan <strong>facilitar la inserci\u00f3n laboral de j\u00f3venes, profesionistas y personas en b\u00fasqueda de nuevas oportunidades<\/strong>, adem\u00e1s de fortalecer las capacidades productivas del estado.<\/p>\n\n\n\n<h3 class=\"wp-block-heading\" id=\"h-leer-mas-pecda-puebla-2026-abre-convocatoria-para-artistas-y-creadores-ofrecen-59-apoyos-culturales\"><strong><em>Leer m\u00e1s: <a href=\"https:\/\/grupohoymexico.com\/puebla\/2026\/03\/12\/pecda-puebla-2026-abre-convocatoria-para-artistas-y-creadores-ofrecen-59-apoyos-culturales\/\">PECDA Puebla 2026 abre convocatoria para artistas y creadores: ofrecen 59 apoyos culturales<\/a><\/em><\/strong><\/h3>\n\n\n\n<h2 class=\"wp-block-heading\" id=\"h-usep-fortalece-la-formacion-profesional-y-la-empleabilidad\"><strong>USEP fortalece la formaci\u00f3n profesional y la empleabilidad<\/strong><\/h2>\n\n\n\n<p>La participaci\u00f3n de la Universidad de la Secretar\u00eda de Educaci\u00f3n P\u00fablica es clave dentro de este convenio, ya que su <strong>formaci\u00f3n acad\u00e9mica y profesional se integra con las estrategias de empleo impulsadas por el gobierno estatal<\/strong>.<\/p>\n\n\n\n<p>Gracias a esta colaboraci\u00f3n, se pretende <strong>alinear la preparaci\u00f3n de los estudiantes con las demandas reales del mercado laboral en Puebla<\/strong>, permitiendo que los egresados cuenten con mayores oportunidades de inserci\u00f3n laboral.<\/p>\n\n\n\n<p>Asimismo, el intercambio de informaci\u00f3n entre instituciones permitir\u00e1 <strong>identificar sectores productivos con mayor demanda de talento<\/strong>, generando oportunidades laborales m\u00e1s acordes con el perfil de los profesionales.<\/p>\n\n\n\n<h2 class=\"wp-block-heading\" id=\"h-crecimiento-economico-y-mercado-laboral-en-puebla\"><strong>Crecimiento econ\u00f3mico y mercado laboral en Puebla<\/strong><\/h2>\n\n\n\n<p>El fortalecimiento de la <strong>Bolsa de Trabajo Puebla<\/strong> se da en un contexto de <strong>diversificaci\u00f3n productiva y crecimiento econ\u00f3mico en el estado<\/strong>. En enero de 2026, la Secretar\u00eda de Desarrollo Econ\u00f3mico, Trabajo y Turismo de Puebla report\u00f3 indicadores positivos en la actividad econ\u00f3mica estatal.<\/p>\n\n\n\n<p>No obstante, especialistas y legisladores han se\u00f1alado la <strong>necesidad de fortalecer el empleo formal en Puebla<\/strong>, especialmente en lo relacionado con <strong>prestaciones laborales, seguridad social y estabilidad laboral<\/strong>, factores fundamentales para el bienestar de la poblaci\u00f3n.<\/p>\n\n\n\n<h2 class=\"wp-block-heading\" id=\"h-unete-a-nuestro-canal-de-whatsapp\"><strong><a href=\"https:\/\/whatsapp.com\/channel\/0029Vaylt1XG3R3gm4Nsgp2m\">\u00danete a nuestro canal de WhatsApp<\/a><\/strong><\/h2>\n","protected":false},"excerpt":{"rendered":"La Bolsa de Trabajo Puebla se fortalece con un nuevo acuerdo institucional. La Secretar\u00eda de Desarrollo Econ\u00f3mico, Trabajo&hellip;","protected":false},"author":34,"featured_media":80588,"comment_status":"open","ping_status":"open","sticky":false,"template":"","format":"standard","meta":{"csco_display_header_overlay":false,"csco_singular_sidebar":"","csco_page_header_type":"","csco_page_load_nextpost":"","csco_post_video_location":[],"csco_post_video_location_hash":"","csco_post_video_url":"","csco_post_video_bg_start_time":0,"csco_post_video_bg_end_time":0,"footnotes":""},"categories":[29],"tags":[1353,2310,3745,40,2166,1487],"class_list":{"0":"post-80580","1":"post","2":"type-post","3":"status-publish","4":"format-standard","5":"has-post-thumbnail","7":"category-estatal","8":"tag-bolsa-de-trabajo","9":"tag-empleo-formal","10":"tag-insercion-laboral","11":"tag-puebla","12":"tag-sedetra","13":"tag-usep","14":"cs-entry","15":"cs-video-wrap"},"yoast_head":"<!-- This site is optimized with the Yoast SEO Premium plugin v24.7 (Yoast SEO v27.4) - https:\/\/yoast.com\/product\/yoast-seo-premium-wordpress\/ -->\n<title>Convenio entre SEDETRA y USEP para empleo en Puebla<\/title>\n<meta name=\"description\" content=\"SEDETRA y USEP firmaron un convenio para implementar una bolsa de trabajo en Puebla que facilite la vinculaci\u00f3n laboral.\" \/>\n<meta name=\"robots\" content=\"index, follow, max-snippet:-1, max-image-preview:large, max-video-preview:-1\" \/>\n<link rel=\"canonical\" href=\"https:\/\/grupohoymexico.com\/puebla\/2026\/03\/13\/bolsa-de-trabajo-puebla-sedetra-y-usep-firman-convenio-para-impulsar-empleo-formal\/\" \/>\n<meta property=\"og:locale\" content=\"es_MX\" \/>\n<meta property=\"og:type\" content=\"article\" \/>\n<meta property=\"og:title\" content=\"Bolsa de Trabajo Puebla: SEDETRA y USEP firman convenio para impulsar empleo formal\" \/>\n<meta property=\"og:description\" content=\"SEDETRA y USEP firmaron un convenio para implementar una bolsa de trabajo en Puebla que facilite la vinculaci\u00f3n laboral.\" \/>\n<meta property=\"og:url\" content=\"https:\/\/grupohoymexico.com\/puebla\/2026\/03\/13\/bolsa-de-trabajo-puebla-sedetra-y-usep-firman-convenio-para-impulsar-empleo-formal\/\" \/>\n<meta property=\"og:site_name\" content=\"Grupo Hoy Puebla\" \/>\n<meta property=\"article:published_time\" content=\"2026-03-13T15:07:40+00:00\" \/>\n<meta property=\"og:image\" content=\"https:\/\/grupohoymexico.com\/puebla\/wp-content\/uploads\/sites\/3\/2026\/03\/Bolsa-de-trabajo-Puebla.jpg\" \/>\n\t<meta property=\"og:image:width\" content=\"1200\" \/>\n\t<meta property=\"og:image:height\" content=\"625\" \/>\n\t<meta property=\"og:image:type\" content=\"image\/jpeg\" \/>\n<meta name=\"author\" content=\"Redacci\u00f3n Grupo Hoy\" \/>\n<meta name=\"twitter:card\" content=\"summary_large_image\" \/>\n<meta name=\"twitter:label1\" content=\"Escrito por\" \/>\n\t<meta name=\"twitter:data1\" content=\"Redacci\u00f3n Grupo Hoy\" \/>\n\t<meta name=\"twitter:label2\" content=\"Tiempo de lectura\" \/>\n\t<meta name=\"twitter:data2\" content=\"3 minutos\" \/>\n<script type=\"application\/ld+json\" class=\"yoast-schema-graph\">{\"@context\":\"https:\\\/\\\/schema.org\",\"@graph\":[{\"@type\":\"Article\",\"@id\":\"https:\\\/\\\/grupohoymexico.com\\\/puebla\\\/2026\\\/03\\\/13\\\/bolsa-de-trabajo-puebla-sedetra-y-usep-firman-convenio-para-impulsar-empleo-formal\\\/#article\",\"isPartOf\":{\"@id\":\"https:\\\/\\\/grupohoymexico.com\\\/puebla\\\/2026\\\/03\\\/13\\\/bolsa-de-trabajo-puebla-sedetra-y-usep-firman-convenio-para-impulsar-empleo-formal\\\/\"},\"author\":{\"name\":\"Redacci\u00f3n Grupo Hoy\",\"@id\":\"https:\\\/\\\/grupohoymexico.com\\\/puebla\\\/#\\\/schema\\\/person\\\/bc870cc34e948548ddb62cf78ef8474b\"},\"headline\":\"Bolsa de Trabajo Puebla: SEDETRA y USEP firman convenio para impulsar empleo formal\",\"datePublished\":\"2026-03-13T15:07:40+00:00\",\"mainEntityOfPage\":{\"@id\":\"https:\\\/\\\/grupohoymexico.com\\\/puebla\\\/2026\\\/03\\\/13\\\/bolsa-de-trabajo-puebla-sedetra-y-usep-firman-convenio-para-impulsar-empleo-formal\\\/\"},\"wordCount\":610,\"commentCount\":0,\"image\":{\"@id\":\"https:\\\/\\\/grupohoymexico.com\\\/puebla\\\/2026\\\/03\\\/13\\\/bolsa-de-trabajo-puebla-sedetra-y-usep-firman-convenio-para-impulsar-empleo-formal\\\/#primaryimage\"},\"thumbnailUrl\":\"https:\\\/\\\/grupohoymexico.com\\\/puebla\\\/wp-content\\\/uploads\\\/sites\\\/3\\\/2026\\\/03\\\/Bolsa-de-trabajo-Puebla.jpg\",\"keywords\":[\"Bolsa de Trabajo\",\"empleo formal\",\"inserci\u00f3n laboral\",\"puebla\",\"Sedetra\",\"USEP\"],\"articleSection\":[\"Estatal\"],\"inLanguage\":\"es\",\"potentialAction\":[{\"@type\":\"CommentAction\",\"name\":\"Comment\",\"target\":[\"https:\\\/\\\/grupohoymexico.com\\\/puebla\\\/2026\\\/03\\\/13\\\/bolsa-de-trabajo-puebla-sedetra-y-usep-firman-convenio-para-impulsar-empleo-formal\\\/#respond\"]}]},{\"@type\":\"WebPage\",\"@id\":\"https:\\\/\\\/grupohoymexico.com\\\/puebla\\\/2026\\\/03\\\/13\\\/bolsa-de-trabajo-puebla-sedetra-y-usep-firman-convenio-para-impulsar-empleo-formal\\\/\",\"url\":\"https:\\\/\\\/grupohoymexico.com\\\/puebla\\\/2026\\\/03\\\/13\\\/bolsa-de-trabajo-puebla-sedetra-y-usep-firman-convenio-para-impulsar-empleo-formal\\\/\",\"name\":\"Convenio entre SEDETRA y USEP para empleo en Puebla\",\"isPartOf\":{\"@id\":\"https:\\\/\\\/grupohoymexico.com\\\/puebla\\\/#website\"},\"primaryImageOfPage\":{\"@id\":\"https:\\\/\\\/grupohoymexico.com\\\/puebla\\\/2026\\\/03\\\/13\\\/bolsa-de-trabajo-puebla-sedetra-y-usep-firman-convenio-para-impulsar-empleo-formal\\\/#primaryimage\"},\"image\":{\"@id\":\"https:\\\/\\\/grupohoymexico.com\\\/puebla\\\/2026\\\/03\\\/13\\\/bolsa-de-trabajo-puebla-sedetra-y-usep-firman-convenio-para-impulsar-empleo-formal\\\/#primaryimage\"},\"thumbnailUrl\":\"https:\\\/\\\/grupohoymexico.com\\\/puebla\\\/wp-content\\\/uploads\\\/sites\\\/3\\\/2026\\\/03\\\/Bolsa-de-trabajo-Puebla.jpg\",\"datePublished\":\"2026-03-13T15:07:40+00:00\",\"author\":{\"@id\":\"https:\\\/\\\/grupohoymexico.com\\\/puebla\\\/#\\\/schema\\\/person\\\/bc870cc34e948548ddb62cf78ef8474b\"},\"description\":\"SEDETRA y USEP firmaron un convenio para implementar una bolsa de trabajo en Puebla que facilite la vinculaci\u00f3n laboral.\",\"breadcrumb\":{\"@id\":\"https:\\\/\\\/grupohoymexico.com\\\/puebla\\\/2026\\\/03\\\/13\\\/bolsa-de-trabajo-puebla-sedetra-y-usep-firman-convenio-para-impulsar-empleo-formal\\\/#breadcrumb\"},\"inLanguage\":\"es\",\"potentialAction\":[{\"@type\":\"ReadAction\",\"target\":[\"https:\\\/\\\/grupohoymexico.com\\\/puebla\\\/2026\\\/03\\\/13\\\/bolsa-de-trabajo-puebla-sedetra-y-usep-firman-convenio-para-impulsar-empleo-formal\\\/\"]}]},{\"@type\":\"ImageObject\",\"inLanguage\":\"es\",\"@id\":\"https:\\\/\\\/grupohoymexico.com\\\/puebla\\\/2026\\\/03\\\/13\\\/bolsa-de-trabajo-puebla-sedetra-y-usep-firman-convenio-para-impulsar-empleo-formal\\\/#primaryimage\",\"url\":\"https:\\\/\\\/grupohoymexico.com\\\/puebla\\\/wp-content\\\/uploads\\\/sites\\\/3\\\/2026\\\/03\\\/Bolsa-de-trabajo-Puebla.jpg\",\"contentUrl\":\"https:\\\/\\\/grupohoymexico.com\\\/puebla\\\/wp-content\\\/uploads\\\/sites\\\/3\\\/2026\\\/03\\\/Bolsa-de-trabajo-Puebla.jpg\",\"width\":1200,\"height\":625,\"caption\":\"Foto: Gobierno de Puebla\"},{\"@type\":\"BreadcrumbList\",\"@id\":\"https:\\\/\\\/grupohoymexico.com\\\/puebla\\\/2026\\\/03\\\/13\\\/bolsa-de-trabajo-puebla-sedetra-y-usep-firman-convenio-para-impulsar-empleo-formal\\\/#breadcrumb\",\"itemListElement\":[{\"@type\":\"ListItem\",\"position\":1,\"name\":\"Inicio\",\"item\":\"https:\\\/\\\/grupohoymexico.com\\\/puebla\\\/\"},{\"@type\":\"ListItem\",\"position\":2,\"name\":\"Bolsa de Trabajo Puebla: SEDETRA y USEP firman convenio para impulsar empleo formal\"}]},{\"@type\":\"WebSite\",\"@id\":\"https:\\\/\\\/grupohoymexico.com\\\/puebla\\\/#website\",\"url\":\"https:\\\/\\\/grupohoymexico.com\\\/puebla\\\/\",\"name\":\"Grupo Hoy Puebla\",\"description\":\"\",\"potentialAction\":[{\"@type\":\"SearchAction\",\"target\":{\"@type\":\"EntryPoint\",\"urlTemplate\":\"https:\\\/\\\/grupohoymexico.com\\\/puebla\\\/?s={search_term_string}\"},\"query-input\":{\"@type\":\"PropertyValueSpecification\",\"valueRequired\":true,\"valueName\":\"search_term_string\"}}],\"inLanguage\":\"es\"},{\"@type\":\"Person\",\"@id\":\"https:\\\/\\\/grupohoymexico.com\\\/puebla\\\/#\\\/schema\\\/person\\\/bc870cc34e948548ddb62cf78ef8474b\",\"name\":\"Redacci\u00f3n Grupo Hoy\",\"image\":{\"@type\":\"ImageObject\",\"inLanguage\":\"es\",\"@id\":\"https:\\\/\\\/secure.gravatar.com\\\/avatar\\\/e8a44ae8f1b7592837f8c496178e70e065758a27945df208805f8cf6fdd56893?s=96&d=mm&r=g\",\"url\":\"https:\\\/\\\/secure.gravatar.com\\\/avatar\\\/e8a44ae8f1b7592837f8c496178e70e065758a27945df208805f8cf6fdd56893?s=96&d=mm&r=g\",\"contentUrl\":\"https:\\\/\\\/secure.gravatar.com\\\/avatar\\\/e8a44ae8f1b7592837f8c496178e70e065758a27945df208805f8cf6fdd56893?s=96&d=mm&r=g\",\"caption\":\"Redacci\u00f3n Grupo Hoy\"},\"url\":\"https:\\\/\\\/grupohoymexico.com\\\/puebla\\\/author\\\/redaccion\\\/\"}]}<\/script>\n<!-- \/ Yoast SEO Premium plugin. -->","yoast_head_json":{"title":"Convenio entre SEDETRA y USEP para empleo en Puebla","description":"SEDETRA y USEP firmaron un convenio para implementar una bolsa de trabajo en Puebla que facilite la vinculaci\u00f3n laboral.","robots":{"index":"index","follow":"follow","max-snippet":"max-snippet:-1","max-image-preview":"max-image-preview:large","max-video-preview":"max-video-preview:-1"},"canonical":"https:\/\/grupohoymexico.com\/puebla\/2026\/03\/13\/bolsa-de-trabajo-puebla-sedetra-y-usep-firman-convenio-para-impulsar-empleo-formal\/","og_locale":"es_MX","og_type":"article","og_title":"Bolsa de Trabajo Puebla: SEDETRA y USEP firman convenio para impulsar empleo formal","og_description":"SEDETRA y USEP firmaron un convenio para implementar una bolsa de trabajo en Puebla que facilite la vinculaci\u00f3n laboral.","og_url":"https:\/\/grupohoymexico.com\/puebla\/2026\/03\/13\/bolsa-de-trabajo-puebla-sedetra-y-usep-firman-convenio-para-impulsar-empleo-formal\/","og_site_name":"Grupo Hoy Puebla","article_published_time":"2026-03-13T15:07:40+00:00","og_image":[{"width":1200,"height":625,"url":"https:\/\/grupohoymexico.com\/puebla\/wp-content\/uploads\/sites\/3\/2026\/03\/Bolsa-de-trabajo-Puebla.jpg","type":"image\/jpeg"}],"author":"Redacci\u00f3n Grupo Hoy","twitter_card":"summary_large_image","twitter_misc":{"Escrito por":"Redacci\u00f3n Grupo Hoy","Tiempo de lectura":"3 minutos"},"schema":{"@context":"https:\/\/schema.org","@graph":[{"@type":"Article","@id":"https:\/\/grupohoymexico.com\/puebla\/2026\/03\/13\/bolsa-de-trabajo-puebla-sedetra-y-usep-firman-convenio-para-impulsar-empleo-formal\/#article","isPartOf":{"@id":"https:\/\/grupohoymexico.com\/puebla\/2026\/03\/13\/bolsa-de-trabajo-puebla-sedetra-y-usep-firman-convenio-para-impulsar-empleo-formal\/"},"author":{"name":"Redacci\u00f3n Grupo Hoy","@id":"https:\/\/grupohoymexico.com\/puebla\/#\/schema\/person\/bc870cc34e948548ddb62cf78ef8474b"},"headline":"Bolsa de Trabajo Puebla: SEDETRA y USEP firman convenio para impulsar empleo formal","datePublished":"2026-03-13T15:07:40+00:00","mainEntityOfPage":{"@id":"https:\/\/grupohoymexico.com\/puebla\/2026\/03\/13\/bolsa-de-trabajo-puebla-sedetra-y-usep-firman-convenio-para-impulsar-empleo-formal\/"},"wordCount":610,"commentCount":0,"image":{"@id":"https:\/\/grupohoymexico.com\/puebla\/2026\/03\/13\/bolsa-de-trabajo-puebla-sedetra-y-usep-firman-convenio-para-impulsar-empleo-formal\/#primaryimage"},"thumbnailUrl":"https:\/\/grupohoymexico.com\/puebla\/wp-content\/uploads\/sites\/3\/2026\/03\/Bolsa-de-trabajo-Puebla.jpg","keywords":["Bolsa de Trabajo","empleo formal","inserci\u00f3n laboral","puebla","Sedetra","USEP"],"articleSection":["Estatal"],"inLanguage":"es","potentialAction":[{"@type":"CommentAction","name":"Comment","target":["https:\/\/grupohoymexico.com\/puebla\/2026\/03\/13\/bolsa-de-trabajo-puebla-sedetra-y-usep-firman-convenio-para-impulsar-empleo-formal\/#respond"]}]},{"@type":"WebPage","@id":"https:\/\/grupohoymexico.com\/puebla\/2026\/03\/13\/bolsa-de-trabajo-puebla-sedetra-y-usep-firman-convenio-para-impulsar-empleo-formal\/","url":"https:\/\/grupohoymexico.com\/puebla\/2026\/03\/13\/bolsa-de-trabajo-puebla-sedetra-y-usep-firman-convenio-para-impulsar-empleo-formal\/","name":"Convenio entre SEDETRA y USEP para empleo en Puebla","isPartOf":{"@id":"https:\/\/grupohoymexico.com\/puebla\/#website"},"primaryImageOfPage":{"@id":"https:\/\/grupohoymexico.com\/puebla\/2026\/03\/13\/bolsa-de-trabajo-puebla-sedetra-y-usep-firman-convenio-para-impulsar-empleo-formal\/#primaryimage"},"image":{"@id":"https:\/\/grupohoymexico.com\/puebla\/2026\/03\/13\/bolsa-de-trabajo-puebla-sedetra-y-usep-firman-convenio-para-impulsar-empleo-formal\/#primaryimage"},"thumbnailUrl":"https:\/\/grupohoymexico.com\/puebla\/wp-content\/uploads\/sites\/3\/2026\/03\/Bolsa-de-trabajo-Puebla.jpg","datePublished":"2026-03-13T15:07:40+00:00","author":{"@id":"https:\/\/grupohoymexico.com\/puebla\/#\/schema\/person\/bc870cc34e948548ddb62cf78ef8474b"},"description":"SEDETRA y USEP firmaron un convenio para implementar una bolsa de trabajo en Puebla que facilite la vinculaci\u00f3n laboral.","breadcrumb":{"@id":"https:\/\/grupohoymexico.com\/puebla\/2026\/03\/13\/bolsa-de-trabajo-puebla-sedetra-y-usep-firman-convenio-para-impulsar-empleo-formal\/#breadcrumb"},"inLanguage":"es","potentialAction":[{"@type":"ReadAction","target":["https:\/\/grupohoymexico.com\/puebla\/2026\/03\/13\/bolsa-de-trabajo-puebla-sedetra-y-usep-firman-convenio-para-impulsar-empleo-formal\/"]}]},{"@type":"ImageObject","inLanguage":"es","@id":"https:\/\/grupohoymexico.com\/puebla\/2026\/03\/13\/bolsa-de-trabajo-puebla-sedetra-y-usep-firman-convenio-para-impulsar-empleo-formal\/#primaryimage","url":"https:\/\/grupohoymexico.com\/puebla\/wp-content\/uploads\/sites\/3\/2026\/03\/Bolsa-de-trabajo-Puebla.jpg","contentUrl":"https:\/\/grupohoymexico.com\/puebla\/wp-content\/uploads\/sites\/3\/2026\/03\/Bolsa-de-trabajo-Puebla.jpg","width":1200,"height":625,"caption":"Foto: Gobierno de Puebla"},{"@type":"BreadcrumbList","@id":"https:\/\/grupohoymexico.com\/puebla\/2026\/03\/13\/bolsa-de-trabajo-puebla-sedetra-y-usep-firman-convenio-para-impulsar-empleo-formal\/#breadcrumb","itemListElement":[{"@type":"ListItem","position":1,"name":"Inicio","item":"https:\/\/grupohoymexico.com\/puebla\/"},{"@type":"ListItem","position":2,"name":"Bolsa de Trabajo Puebla: SEDETRA y USEP firman convenio para impulsar empleo formal"}]},{"@type":"WebSite","@id":"https:\/\/grupohoymexico.com\/puebla\/#website","url":"https:\/\/grupohoymexico.com\/puebla\/","name":"Grupo Hoy Puebla","description":"","potentialAction":[{"@type":"SearchAction","target":{"@type":"EntryPoint","urlTemplate":"https:\/\/grupohoymexico.com\/puebla\/?s={search_term_string}"},"query-input":{"@type":"PropertyValueSpecification","valueRequired":true,"valueName":"search_term_string"}}],"inLanguage":"es"},{"@type":"Person","@id":"https:\/\/grupohoymexico.com\/puebla\/#\/schema\/person\/bc870cc34e948548ddb62cf78ef8474b","name":"Redacci\u00f3n Grupo Hoy","image":{"@type":"ImageObject","inLanguage":"es","@id":"https:\/\/secure.gravatar.com\/avatar\/e8a44ae8f1b7592837f8c496178e70e065758a27945df208805f8cf6fdd56893?s=96&d=mm&r=g","url":"https:\/\/secure.gravatar.com\/avatar\/e8a44ae8f1b7592837f8c496178e70e065758a27945df208805f8cf6fdd56893?s=96&d=mm&r=g","contentUrl":"https:\/\/secure.gravatar.com\/avatar\/e8a44ae8f1b7592837f8c496178e70e065758a27945df208805f8cf6fdd56893?s=96&d=mm&r=g","caption":"Redacci\u00f3n Grupo Hoy"},"url":"https:\/\/grupohoymexico.com\/puebla\/author\/redaccion\/"}]}},"_links":{"self":[{"href":"https:\/\/grupohoymexico.com\/puebla\/wp-json\/wp\/v2\/posts\/80580","targetHints":{"allow":["GET"]}}],"collection":[{"href":"https:\/\/grupohoymexico.com\/puebla\/wp-json\/wp\/v2\/posts"}],"about":[{"href":"https:\/\/grupohoymexico.com\/puebla\/wp-json\/wp\/v2\/types\/post"}],"author":[{"embeddable":true,"href":"https:\/\/grupohoymexico.com\/puebla\/wp-json\/wp\/v2\/users\/34"}],"replies":[{"embeddable":true,"href":"https:\/\/grupohoymexico.com\/puebla\/wp-json\/wp\/v2\/comments?post=80580"}],"version-history":[{"count":1,"href":"https:\/\/grupohoymexico.com\/puebla\/wp-json\/wp\/v2\/posts\/80580\/revisions"}],"predecessor-version":[{"id":80590,"href":"https:\/\/grupohoymexico.com\/puebla\/wp-json\/wp\/v2\/posts\/80580\/revisions\/80590"}],"wp:featuredmedia":[{"embeddable":true,"href":"https:\/\/grupohoymexico.com\/puebla\/wp-json\/wp\/v2\/media\/80588"}],"wp:attachment":[{"href":"https:\/\/grupohoymexico.com\/puebla\/wp-json\/wp\/v2\/media?parent=80580"}],"wp:term":[{"taxonomy":"category","embeddable":true,"href":"https:\/\/grupohoymexico.com\/puebla\/wp-json\/wp\/v2\/categories?post=80580"},{"taxonomy":"post_tag","embeddable":true,"href":"https:\/\/grupohoymexico.com\/puebla\/wp-json\/wp\/v2\/tags?post=80580"}],"curies":[{"name":"wp","href":"https:\/\/api.w.org\/{rel}","templated":true}]}}