{"id":80535,"date":"2026-03-11T14:50:12","date_gmt":"2026-03-11T14:50:12","guid":{"rendered":"https:\/\/grupohoymexico.com\/puebla\/?p=80535"},"modified":"2026-03-11T14:50:12","modified_gmt":"2026-03-11T14:50:12","slug":"pepe-chedraui-participa-en-encuentro-nacional-de-alcaldes","status":"publish","type":"post","link":"https:\/\/grupohoymexico.com\/puebla\/2026\/03\/11\/pepe-chedraui-participa-en-encuentro-nacional-de-alcaldes\/","title":{"rendered":"Pepe Chedraui participa en Encuentro Nacional de Alcaldes"},"content":{"rendered":"\n<p>El presidente municipal de Puebla, Jos\u00e9 Chedraui Budib, particip\u00f3 en el <strong>Encuentro Nacional de Alcaldes<\/strong>, una reuni\u00f3n convocada por la presidenta de M\u00e9xico, Claudia Sheinbaum, con el objetivo de <strong>fortalecer la coordinaci\u00f3n entre municipios y el gobierno federal en temas de seguridad, gobernabilidad y desarrollo local<\/strong>.<\/p>\n\n\n\n<p>El encuentro se llev\u00f3 a cabo el <strong>10 de marzo de 2026<\/strong> y reuni\u00f3 a presidentes municipales de distintas regiones del pa\u00eds para analizar estrategias orientadas a <strong>impulsar pol\u00edticas p\u00fablicas que promuevan la paz, la transparencia y el fortalecimiento institucional de los gobiernos locales<\/strong>.<\/p>\n\n\n\n<h3 class=\"wp-block-heading\" id=\"h-sigue-nuestras-cuentas-en-facebook-e-instagram-para-mantenerte-informado-con-las-noticias-mas-relevantes\"><strong>Sigue nuestras cuentas en Facebook e Instagram para mantenerte informado con las noticias m\u00e1s relevantes.<\/strong><\/h3>\n\n\n\n<h2 class=\"wp-block-heading\" id=\"h-encuentro-nacional-de-alcaldes-busca-fortalecer-la-coordinacion-entre-municipios\"><strong>Encuentro Nacional de Alcaldes busca fortalecer la coordinaci\u00f3n entre municipios<\/strong><\/h2>\n\n\n\n<p>Durante la reuni\u00f3n, alcaldes de diferentes estados intercambiaron experiencias y propuestas relacionadas con <strong>seguridad p\u00fablica, gobernabilidad municipal y desarrollo social<\/strong>.<\/p>\n\n\n\n<p>La iniciativa forma parte de una estrategia nacional impulsada por Claudia Sheinbaum para consolidar <strong>mecanismos de cooperaci\u00f3n entre los distintos niveles de gobierno<\/strong>, con el fin de mejorar la implementaci\u00f3n de pol\u00edticas p\u00fablicas en todo el pa\u00eds.<\/p>\n\n\n\n<p>En este contexto, Jos\u00e9 Chedraui Budib destac\u00f3 la importancia de generar <strong>espacios de di\u00e1logo entre autoridades municipales, estatales y federales<\/strong>, ya que permiten construir soluciones conjuntas a los principales retos que enfrentan las ciudades.<\/p>\n\n\n\n<h2 class=\"wp-block-heading\" id=\"h-reformas-contra-reeleccion-y-nepotismo-en-la-agenda-politica\"><strong>Reformas contra reelecci\u00f3n y nepotismo en la agenda pol\u00edtica<\/strong><\/h2>\n\n\n\n<p>Asimismo, uno de los temas relevantes que se abordaron durante el <strong>Encuentro Nacional de Alcaldes<\/strong> fue la promoci\u00f3n de reformas orientadas a <strong>fortalecer la transparencia y la \u00e9tica en la administraci\u00f3n p\u00fablica<\/strong>.<\/p>\n\n\n\n<p>Entre las iniciativas discutidas destacan propuestas relacionadas con:<\/p>\n\n\n\n<ul class=\"wp-block-list\">\n<li>Combatir pr\u00e1cticas de <strong>nepotismo en el servicio p\u00fablico<\/strong><\/li>\n\n\n\n<li>Revisar esquemas de <strong>reelecci\u00f3n en cargos municipales<\/strong><\/li>\n\n\n\n<li>Fortalecer la <strong>institucionalidad de los gobiernos locales<\/strong><\/li>\n<\/ul>\n\n\n\n<p>Estas medidas buscan mejorar la confianza ciudadana en las instituciones y promover <strong>gobiernos municipales m\u00e1s transparentes y eficientes<\/strong>.<\/p>\n\n\n\n<h3 class=\"wp-block-heading\" id=\"h-leer-mas-mujeres-imparables-puebla-programa-impulsa-igualdad-de-genero-y-reconocimiento-a-las-mujeres\"><strong><em>Leer m\u00e1s: <a href=\"https:\/\/grupohoymexico.com\/puebla\/2026\/03\/10\/mujeres-imparables-puebla-programa-impulsa-igualdad-de-genero-y-reconocimiento-a-las-mujeres\/\">Mujeres Imparables Puebla: programa impulsa igualdad de g\u00e9nero y reconocimiento a las mujeres<\/a><\/em><\/strong><\/h3>\n\n\n\n<h2 class=\"wp-block-heading\" id=\"h-puebla-impulsa-la-colaboracion-interinstitucional\"><strong>Puebla impulsa la colaboraci\u00f3n interinstitucional<\/strong><\/h2>\n\n\n\n<p>Por otro lado, la participaci\u00f3n de Jos\u00e9 Chedraui Budib en este tipo de encuentros forma parte de una estrategia de <strong>colaboraci\u00f3n interinstitucional para fortalecer la gesti\u00f3n municipal en Puebla<\/strong>.<\/p>\n\n\n\n<p>A lo largo de su administraci\u00f3n, el alcalde ha participado en distintos foros y reuniones donde se analizan <strong>pol\u00edticas p\u00fablicas relacionadas con seguridad ciudadana, desarrollo urbano y administraci\u00f3n p\u00fablica eficiente<\/strong>.<\/p>\n\n\n\n<p>Estos espacios permiten <strong>alinear las acciones del municipio con estrategias nacionales<\/strong>, generando una mayor coordinaci\u00f3n entre autoridades.<\/p>\n\n\n\n<p>La participaci\u00f3n de presidentes municipales en encuentros nacionales es una pr\u00e1ctica clave dentro del <strong>sistema pol\u00edtico mexicano<\/strong>, ya que facilita la construcci\u00f3n de acuerdos y el intercambio de experiencias sobre gesti\u00f3n p\u00fablica.<\/p>\n\n\n\n<h2 class=\"wp-block-heading\" id=\"h-unete-a-nuestro-canal-de-whatsapp\"><strong><a href=\"https:\/\/whatsapp.com\/channel\/0029Vaylt1XG3R3gm4Nsgp2m\">\u00danete a nuestro canal de WhatsApp<\/a><\/strong><\/h2>\n","protected":false},"excerpt":{"rendered":"El presidente municipal de Puebla, Jos\u00e9 Chedraui Budib, particip\u00f3 en el Encuentro Nacional de Alcaldes, una reuni\u00f3n convocada&hellip;","protected":false},"author":34,"featured_media":80539,"comment_status":"open","ping_status":"open","sticky":false,"template":"","format":"standard","meta":{"csco_display_header_overlay":false,"csco_singular_sidebar":"","csco_page_header_type":"","csco_page_load_nextpost":"","csco_post_video_location":[],"csco_post_video_location_hash":"","csco_post_video_url":"","csco_post_video_bg_start_time":0,"csco_post_video_bg_end_time":0,"footnotes":""},"categories":[29,26],"tags":[3731,199,33],"class_list":{"0":"post-80535","1":"post","2":"type-post","3":"status-publish","4":"format-standard","5":"has-post-thumbnail","7":"category-estatal","8":"category-politica","9":"tag-alcades","10":"tag-pepe-chedraui","11":"tag-politica","12":"cs-entry","13":"cs-video-wrap"},"yoast_head":"<!-- This site is optimized with the Yoast SEO Premium plugin v24.7 (Yoast SEO v27.4) - https:\/\/yoast.com\/product\/yoast-seo-premium-wordpress\/ -->\n<title>Encuentro nacional de alcaldes en Puebla re\u00fane a autoridades<\/title>\n<meta name=\"description\" content=\"Pepe Chedraui particip\u00f3 en un Encuentro Nacional de Alcaldes centrado en pol\u00edticas p\u00fablicas para seguridad y desarrollo municipal.\" \/>\n<meta name=\"robots\" content=\"index, follow, max-snippet:-1, max-image-preview:large, max-video-preview:-1\" \/>\n<link rel=\"canonical\" href=\"https:\/\/grupohoymexico.com\/puebla\/2026\/03\/11\/pepe-chedraui-participa-en-encuentro-nacional-de-alcaldes\/\" \/>\n<meta property=\"og:locale\" content=\"es_MX\" \/>\n<meta property=\"og:type\" content=\"article\" \/>\n<meta property=\"og:title\" content=\"Pepe Chedraui participa en Encuentro Nacional de Alcaldes\" \/>\n<meta property=\"og:description\" content=\"Pepe Chedraui particip\u00f3 en un Encuentro Nacional de Alcaldes centrado en pol\u00edticas p\u00fablicas para seguridad y desarrollo municipal.\" \/>\n<meta property=\"og:url\" content=\"https:\/\/grupohoymexico.com\/puebla\/2026\/03\/11\/pepe-chedraui-participa-en-encuentro-nacional-de-alcaldes\/\" \/>\n<meta property=\"og:site_name\" content=\"Grupo Hoy Puebla\" \/>\n<meta property=\"article:published_time\" content=\"2026-03-11T14:50:12+00:00\" \/>\n<meta property=\"og:image\" content=\"https:\/\/grupohoymexico.com\/puebla\/wp-content\/uploads\/sites\/3\/2026\/03\/Encuentro-nacional-alcaldes.jpg\" \/>\n\t<meta property=\"og:image:width\" content=\"1200\" \/>\n\t<meta property=\"og:image:height\" content=\"625\" \/>\n\t<meta property=\"og:image:type\" content=\"image\/jpeg\" \/>\n<meta name=\"author\" content=\"Redacci\u00f3n Grupo Hoy\" \/>\n<meta name=\"twitter:card\" content=\"summary_large_image\" \/>\n<meta name=\"twitter:label1\" content=\"Escrito por\" \/>\n\t<meta name=\"twitter:data1\" content=\"Redacci\u00f3n Grupo Hoy\" \/>\n\t<meta name=\"twitter:label2\" content=\"Tiempo de lectura\" \/>\n\t<meta name=\"twitter:data2\" content=\"3 minutos\" \/>\n<script type=\"application\/ld+json\" class=\"yoast-schema-graph\">{\"@context\":\"https:\\\/\\\/schema.org\",\"@graph\":[{\"@type\":\"Article\",\"@id\":\"https:\\\/\\\/grupohoymexico.com\\\/puebla\\\/2026\\\/03\\\/11\\\/pepe-chedraui-participa-en-encuentro-nacional-de-alcaldes\\\/#article\",\"isPartOf\":{\"@id\":\"https:\\\/\\\/grupohoymexico.com\\\/puebla\\\/2026\\\/03\\\/11\\\/pepe-chedraui-participa-en-encuentro-nacional-de-alcaldes\\\/\"},\"author\":{\"name\":\"Redacci\u00f3n Grupo Hoy\",\"@id\":\"https:\\\/\\\/grupohoymexico.com\\\/puebla\\\/#\\\/schema\\\/person\\\/bc870cc34e948548ddb62cf78ef8474b\"},\"headline\":\"Pepe Chedraui participa en Encuentro Nacional de Alcaldes\",\"datePublished\":\"2026-03-11T14:50:12+00:00\",\"mainEntityOfPage\":{\"@id\":\"https:\\\/\\\/grupohoymexico.com\\\/puebla\\\/2026\\\/03\\\/11\\\/pepe-chedraui-participa-en-encuentro-nacional-de-alcaldes\\\/\"},\"wordCount\":478,\"commentCount\":0,\"image\":{\"@id\":\"https:\\\/\\\/grupohoymexico.com\\\/puebla\\\/2026\\\/03\\\/11\\\/pepe-chedraui-participa-en-encuentro-nacional-de-alcaldes\\\/#primaryimage\"},\"thumbnailUrl\":\"https:\\\/\\\/grupohoymexico.com\\\/puebla\\\/wp-content\\\/uploads\\\/sites\\\/3\\\/2026\\\/03\\\/Encuentro-nacional-alcaldes.jpg\",\"keywords\":[\"Alcades\",\"Pepe Chedraui\",\"Pol\u00edtica\"],\"articleSection\":[\"Estatal\",\"Pol\u00edtica\"],\"inLanguage\":\"es\",\"potentialAction\":[{\"@type\":\"CommentAction\",\"name\":\"Comment\",\"target\":[\"https:\\\/\\\/grupohoymexico.com\\\/puebla\\\/2026\\\/03\\\/11\\\/pepe-chedraui-participa-en-encuentro-nacional-de-alcaldes\\\/#respond\"]}]},{\"@type\":\"WebPage\",\"@id\":\"https:\\\/\\\/grupohoymexico.com\\\/puebla\\\/2026\\\/03\\\/11\\\/pepe-chedraui-participa-en-encuentro-nacional-de-alcaldes\\\/\",\"url\":\"https:\\\/\\\/grupohoymexico.com\\\/puebla\\\/2026\\\/03\\\/11\\\/pepe-chedraui-participa-en-encuentro-nacional-de-alcaldes\\\/\",\"name\":\"Encuentro nacional de alcaldes en Puebla re\u00fane a autoridades\",\"isPartOf\":{\"@id\":\"https:\\\/\\\/grupohoymexico.com\\\/puebla\\\/#website\"},\"primaryImageOfPage\":{\"@id\":\"https:\\\/\\\/grupohoymexico.com\\\/puebla\\\/2026\\\/03\\\/11\\\/pepe-chedraui-participa-en-encuentro-nacional-de-alcaldes\\\/#primaryimage\"},\"image\":{\"@id\":\"https:\\\/\\\/grupohoymexico.com\\\/puebla\\\/2026\\\/03\\\/11\\\/pepe-chedraui-participa-en-encuentro-nacional-de-alcaldes\\\/#primaryimage\"},\"thumbnailUrl\":\"https:\\\/\\\/grupohoymexico.com\\\/puebla\\\/wp-content\\\/uploads\\\/sites\\\/3\\\/2026\\\/03\\\/Encuentro-nacional-alcaldes.jpg\",\"datePublished\":\"2026-03-11T14:50:12+00:00\",\"author\":{\"@id\":\"https:\\\/\\\/grupohoymexico.com\\\/puebla\\\/#\\\/schema\\\/person\\\/bc870cc34e948548ddb62cf78ef8474b\"},\"description\":\"Pepe Chedraui particip\u00f3 en un Encuentro Nacional de Alcaldes centrado en pol\u00edticas p\u00fablicas para seguridad y desarrollo municipal.\",\"breadcrumb\":{\"@id\":\"https:\\\/\\\/grupohoymexico.com\\\/puebla\\\/2026\\\/03\\\/11\\\/pepe-chedraui-participa-en-encuentro-nacional-de-alcaldes\\\/#breadcrumb\"},\"inLanguage\":\"es\",\"potentialAction\":[{\"@type\":\"ReadAction\",\"target\":[\"https:\\\/\\\/grupohoymexico.com\\\/puebla\\\/2026\\\/03\\\/11\\\/pepe-chedraui-participa-en-encuentro-nacional-de-alcaldes\\\/\"]}]},{\"@type\":\"ImageObject\",\"inLanguage\":\"es\",\"@id\":\"https:\\\/\\\/grupohoymexico.com\\\/puebla\\\/2026\\\/03\\\/11\\\/pepe-chedraui-participa-en-encuentro-nacional-de-alcaldes\\\/#primaryimage\",\"url\":\"https:\\\/\\\/grupohoymexico.com\\\/puebla\\\/wp-content\\\/uploads\\\/sites\\\/3\\\/2026\\\/03\\\/Encuentro-nacional-alcaldes.jpg\",\"contentUrl\":\"https:\\\/\\\/grupohoymexico.com\\\/puebla\\\/wp-content\\\/uploads\\\/sites\\\/3\\\/2026\\\/03\\\/Encuentro-nacional-alcaldes.jpg\",\"width\":1200,\"height\":625,\"caption\":\"Foto: Facebook Pepe Chedrahui\"},{\"@type\":\"BreadcrumbList\",\"@id\":\"https:\\\/\\\/grupohoymexico.com\\\/puebla\\\/2026\\\/03\\\/11\\\/pepe-chedraui-participa-en-encuentro-nacional-de-alcaldes\\\/#breadcrumb\",\"itemListElement\":[{\"@type\":\"ListItem\",\"position\":1,\"name\":\"Inicio\",\"item\":\"https:\\\/\\\/grupohoymexico.com\\\/puebla\\\/\"},{\"@type\":\"ListItem\",\"position\":2,\"name\":\"Pepe Chedraui participa en Encuentro Nacional de Alcaldes\"}]},{\"@type\":\"WebSite\",\"@id\":\"https:\\\/\\\/grupohoymexico.com\\\/puebla\\\/#website\",\"url\":\"https:\\\/\\\/grupohoymexico.com\\\/puebla\\\/\",\"name\":\"Grupo Hoy Puebla\",\"description\":\"\",\"potentialAction\":[{\"@type\":\"SearchAction\",\"target\":{\"@type\":\"EntryPoint\",\"urlTemplate\":\"https:\\\/\\\/grupohoymexico.com\\\/puebla\\\/?s={search_term_string}\"},\"query-input\":{\"@type\":\"PropertyValueSpecification\",\"valueRequired\":true,\"valueName\":\"search_term_string\"}}],\"inLanguage\":\"es\"},{\"@type\":\"Person\",\"@id\":\"https:\\\/\\\/grupohoymexico.com\\\/puebla\\\/#\\\/schema\\\/person\\\/bc870cc34e948548ddb62cf78ef8474b\",\"name\":\"Redacci\u00f3n Grupo Hoy\",\"image\":{\"@type\":\"ImageObject\",\"inLanguage\":\"es\",\"@id\":\"https:\\\/\\\/secure.gravatar.com\\\/avatar\\\/e8a44ae8f1b7592837f8c496178e70e065758a27945df208805f8cf6fdd56893?s=96&d=mm&r=g\",\"url\":\"https:\\\/\\\/secure.gravatar.com\\\/avatar\\\/e8a44ae8f1b7592837f8c496178e70e065758a27945df208805f8cf6fdd56893?s=96&d=mm&r=g\",\"contentUrl\":\"https:\\\/\\\/secure.gravatar.com\\\/avatar\\\/e8a44ae8f1b7592837f8c496178e70e065758a27945df208805f8cf6fdd56893?s=96&d=mm&r=g\",\"caption\":\"Redacci\u00f3n Grupo Hoy\"},\"url\":\"https:\\\/\\\/grupohoymexico.com\\\/puebla\\\/author\\\/redaccion\\\/\"}]}<\/script>\n<!-- \/ Yoast SEO Premium plugin. -->","yoast_head_json":{"title":"Encuentro nacional de alcaldes en Puebla re\u00fane a autoridades","description":"Pepe Chedraui particip\u00f3 en un Encuentro Nacional de Alcaldes centrado en pol\u00edticas p\u00fablicas para seguridad y desarrollo municipal.","robots":{"index":"index","follow":"follow","max-snippet":"max-snippet:-1","max-image-preview":"max-image-preview:large","max-video-preview":"max-video-preview:-1"},"canonical":"https:\/\/grupohoymexico.com\/puebla\/2026\/03\/11\/pepe-chedraui-participa-en-encuentro-nacional-de-alcaldes\/","og_locale":"es_MX","og_type":"article","og_title":"Pepe Chedraui participa en Encuentro Nacional de Alcaldes","og_description":"Pepe Chedraui particip\u00f3 en un Encuentro Nacional de Alcaldes centrado en pol\u00edticas p\u00fablicas para seguridad y desarrollo municipal.","og_url":"https:\/\/grupohoymexico.com\/puebla\/2026\/03\/11\/pepe-chedraui-participa-en-encuentro-nacional-de-alcaldes\/","og_site_name":"Grupo Hoy Puebla","article_published_time":"2026-03-11T14:50:12+00:00","og_image":[{"width":1200,"height":625,"url":"https:\/\/grupohoymexico.com\/puebla\/wp-content\/uploads\/sites\/3\/2026\/03\/Encuentro-nacional-alcaldes.jpg","type":"image\/jpeg"}],"author":"Redacci\u00f3n Grupo Hoy","twitter_card":"summary_large_image","twitter_misc":{"Escrito por":"Redacci\u00f3n Grupo Hoy","Tiempo de lectura":"3 minutos"},"schema":{"@context":"https:\/\/schema.org","@graph":[{"@type":"Article","@id":"https:\/\/grupohoymexico.com\/puebla\/2026\/03\/11\/pepe-chedraui-participa-en-encuentro-nacional-de-alcaldes\/#article","isPartOf":{"@id":"https:\/\/grupohoymexico.com\/puebla\/2026\/03\/11\/pepe-chedraui-participa-en-encuentro-nacional-de-alcaldes\/"},"author":{"name":"Redacci\u00f3n Grupo Hoy","@id":"https:\/\/grupohoymexico.com\/puebla\/#\/schema\/person\/bc870cc34e948548ddb62cf78ef8474b"},"headline":"Pepe Chedraui participa en Encuentro Nacional de Alcaldes","datePublished":"2026-03-11T14:50:12+00:00","mainEntityOfPage":{"@id":"https:\/\/grupohoymexico.com\/puebla\/2026\/03\/11\/pepe-chedraui-participa-en-encuentro-nacional-de-alcaldes\/"},"wordCount":478,"commentCount":0,"image":{"@id":"https:\/\/grupohoymexico.com\/puebla\/2026\/03\/11\/pepe-chedraui-participa-en-encuentro-nacional-de-alcaldes\/#primaryimage"},"thumbnailUrl":"https:\/\/grupohoymexico.com\/puebla\/wp-content\/uploads\/sites\/3\/2026\/03\/Encuentro-nacional-alcaldes.jpg","keywords":["Alcades","Pepe Chedraui","Pol\u00edtica"],"articleSection":["Estatal","Pol\u00edtica"],"inLanguage":"es","potentialAction":[{"@type":"CommentAction","name":"Comment","target":["https:\/\/grupohoymexico.com\/puebla\/2026\/03\/11\/pepe-chedraui-participa-en-encuentro-nacional-de-alcaldes\/#respond"]}]},{"@type":"WebPage","@id":"https:\/\/grupohoymexico.com\/puebla\/2026\/03\/11\/pepe-chedraui-participa-en-encuentro-nacional-de-alcaldes\/","url":"https:\/\/grupohoymexico.com\/puebla\/2026\/03\/11\/pepe-chedraui-participa-en-encuentro-nacional-de-alcaldes\/","name":"Encuentro nacional de alcaldes en Puebla re\u00fane a autoridades","isPartOf":{"@id":"https:\/\/grupohoymexico.com\/puebla\/#website"},"primaryImageOfPage":{"@id":"https:\/\/grupohoymexico.com\/puebla\/2026\/03\/11\/pepe-chedraui-participa-en-encuentro-nacional-de-alcaldes\/#primaryimage"},"image":{"@id":"https:\/\/grupohoymexico.com\/puebla\/2026\/03\/11\/pepe-chedraui-participa-en-encuentro-nacional-de-alcaldes\/#primaryimage"},"thumbnailUrl":"https:\/\/grupohoymexico.com\/puebla\/wp-content\/uploads\/sites\/3\/2026\/03\/Encuentro-nacional-alcaldes.jpg","datePublished":"2026-03-11T14:50:12+00:00","author":{"@id":"https:\/\/grupohoymexico.com\/puebla\/#\/schema\/person\/bc870cc34e948548ddb62cf78ef8474b"},"description":"Pepe Chedraui particip\u00f3 en un Encuentro Nacional de Alcaldes centrado en pol\u00edticas p\u00fablicas para seguridad y desarrollo municipal.","breadcrumb":{"@id":"https:\/\/grupohoymexico.com\/puebla\/2026\/03\/11\/pepe-chedraui-participa-en-encuentro-nacional-de-alcaldes\/#breadcrumb"},"inLanguage":"es","potentialAction":[{"@type":"ReadAction","target":["https:\/\/grupohoymexico.com\/puebla\/2026\/03\/11\/pepe-chedraui-participa-en-encuentro-nacional-de-alcaldes\/"]}]},{"@type":"ImageObject","inLanguage":"es","@id":"https:\/\/grupohoymexico.com\/puebla\/2026\/03\/11\/pepe-chedraui-participa-en-encuentro-nacional-de-alcaldes\/#primaryimage","url":"https:\/\/grupohoymexico.com\/puebla\/wp-content\/uploads\/sites\/3\/2026\/03\/Encuentro-nacional-alcaldes.jpg","contentUrl":"https:\/\/grupohoymexico.com\/puebla\/wp-content\/uploads\/sites\/3\/2026\/03\/Encuentro-nacional-alcaldes.jpg","width":1200,"height":625,"caption":"Foto: Facebook Pepe Chedrahui"},{"@type":"BreadcrumbList","@id":"https:\/\/grupohoymexico.com\/puebla\/2026\/03\/11\/pepe-chedraui-participa-en-encuentro-nacional-de-alcaldes\/#breadcrumb","itemListElement":[{"@type":"ListItem","position":1,"name":"Inicio","item":"https:\/\/grupohoymexico.com\/puebla\/"},{"@type":"ListItem","position":2,"name":"Pepe Chedraui participa en Encuentro Nacional de Alcaldes"}]},{"@type":"WebSite","@id":"https:\/\/grupohoymexico.com\/puebla\/#website","url":"https:\/\/grupohoymexico.com\/puebla\/","name":"Grupo Hoy Puebla","description":"","potentialAction":[{"@type":"SearchAction","target":{"@type":"EntryPoint","urlTemplate":"https:\/\/grupohoymexico.com\/puebla\/?s={search_term_string}"},"query-input":{"@type":"PropertyValueSpecification","valueRequired":true,"valueName":"search_term_string"}}],"inLanguage":"es"},{"@type":"Person","@id":"https:\/\/grupohoymexico.com\/puebla\/#\/schema\/person\/bc870cc34e948548ddb62cf78ef8474b","name":"Redacci\u00f3n Grupo Hoy","image":{"@type":"ImageObject","inLanguage":"es","@id":"https:\/\/secure.gravatar.com\/avatar\/e8a44ae8f1b7592837f8c496178e70e065758a27945df208805f8cf6fdd56893?s=96&d=mm&r=g","url":"https:\/\/secure.gravatar.com\/avatar\/e8a44ae8f1b7592837f8c496178e70e065758a27945df208805f8cf6fdd56893?s=96&d=mm&r=g","contentUrl":"https:\/\/secure.gravatar.com\/avatar\/e8a44ae8f1b7592837f8c496178e70e065758a27945df208805f8cf6fdd56893?s=96&d=mm&r=g","caption":"Redacci\u00f3n Grupo Hoy"},"url":"https:\/\/grupohoymexico.com\/puebla\/author\/redaccion\/"}]}},"_links":{"self":[{"href":"https:\/\/grupohoymexico.com\/puebla\/wp-json\/wp\/v2\/posts\/80535","targetHints":{"allow":["GET"]}}],"collection":[{"href":"https:\/\/grupohoymexico.com\/puebla\/wp-json\/wp\/v2\/posts"}],"about":[{"href":"https:\/\/grupohoymexico.com\/puebla\/wp-json\/wp\/v2\/types\/post"}],"author":[{"embeddable":true,"href":"https:\/\/grupohoymexico.com\/puebla\/wp-json\/wp\/v2\/users\/34"}],"replies":[{"embeddable":true,"href":"https:\/\/grupohoymexico.com\/puebla\/wp-json\/wp\/v2\/comments?post=80535"}],"version-history":[{"count":1,"href":"https:\/\/grupohoymexico.com\/puebla\/wp-json\/wp\/v2\/posts\/80535\/revisions"}],"predecessor-version":[{"id":80540,"href":"https:\/\/grupohoymexico.com\/puebla\/wp-json\/wp\/v2\/posts\/80535\/revisions\/80540"}],"wp:featuredmedia":[{"embeddable":true,"href":"https:\/\/grupohoymexico.com\/puebla\/wp-json\/wp\/v2\/media\/80539"}],"wp:attachment":[{"href":"https:\/\/grupohoymexico.com\/puebla\/wp-json\/wp\/v2\/media?parent=80535"}],"wp:term":[{"taxonomy":"category","embeddable":true,"href":"https:\/\/grupohoymexico.com\/puebla\/wp-json\/wp\/v2\/categories?post=80535"},{"taxonomy":"post_tag","embeddable":true,"href":"https:\/\/grupohoymexico.com\/puebla\/wp-json\/wp\/v2\/tags?post=80535"}],"curies":[{"name":"wp","href":"https:\/\/api.w.org\/{rel}","templated":true}]}}