{"id":80214,"date":"2026-02-27T14:43:27","date_gmt":"2026-02-27T14:43:27","guid":{"rendered":"https:\/\/grupohoymexico.com\/puebla\/?p=80214"},"modified":"2026-02-27T14:43:27","modified_gmt":"2026-02-27T14:43:27","slug":"programa-de-obra-comunitaria-puebla-2026-presupuesto-historico-y-proyectos-de-infraestructura","status":"publish","type":"post","link":"https:\/\/grupohoymexico.com\/puebla\/2026\/02\/27\/programa-de-obra-comunitaria-puebla-2026-presupuesto-historico-y-proyectos-de-infraestructura\/","title":{"rendered":"Programa de Obra Comunitaria Puebla 2026: presupuesto hist\u00f3rico y proyectos de infraestructura"},"content":{"rendered":"\n<p>El <strong>Programa de Obra Comunitaria Puebla<\/strong> recibir\u00e1 un presupuesto hist\u00f3rico de <strong>1,500 millones de pesos en 2026<\/strong>, destinado a impulsar proyectos de <strong>infraestructura b\u00e1sica<\/strong>, servicios p\u00fablicos y desarrollo social en comunidades de todo el estado. Esta iniciativa busca <strong>fortalecer la participaci\u00f3n comunitaria<\/strong> y mejorar la calidad de vida de la poblaci\u00f3n.<\/p>\n\n\n\n<h2 class=\"wp-block-heading\" id=\"h-impacto-del-programa-de-obra-comunitaria-en-puebla\"><strong>Impacto del Programa de Obra Comunitaria en Puebla<\/strong><\/h2>\n\n\n\n<p>Desde su creaci\u00f3n, el programa ha ejecutado m\u00e1s de <strong>5,000 proyectos<\/strong> en coordinaci\u00f3n con los niveles municipal, estatal y federal. Su enfoque integral asegura <strong>presupuestos constantes<\/strong> para atender necesidades en <strong>conectividad rural, seguridad vial y equipamiento de espacios p\u00fablicos<\/strong>, beneficiando a miles de habitantes en distintas regiones de Puebla.<\/p>\n\n\n\n<h3 class=\"wp-block-heading\" id=\"h-sigue-nuestras-cuentas-en-facebook-e-instagram-para-mantenerte-informado-con-las-noticias-mas-relevantes\"><strong>Sigue nuestras cuentas en Facebook e Instagram para mantenerte informado con las noticias m\u00e1s relevantes.<\/strong><\/h3>\n\n\n\n<h2 class=\"wp-block-heading\" id=\"h-proyectos-e-inversiones-2026\"><strong>Proyectos e Inversiones 2026<\/strong><\/h2>\n\n\n\n<p>Para el pr\u00f3ximo a\u00f1o, el programa contempla:<\/p>\n\n\n\n<ul class=\"wp-block-list\">\n<li><strong>Rehabilitaci\u00f3n de caminos rurales<\/strong> en la regi\u00f3n de la Mixteca.<\/li>\n\n\n\n<li><strong>Ampliaci\u00f3n de carreteras<\/strong> dentro del <strong>Programa L\u00e1zaro C\u00e1rdenas<\/strong>, mejorando la conectividad hacia escuelas y centros comerciales.<\/li>\n\n\n\n<li><strong>Fortalecimiento de infraestructura tur\u00edstica<\/strong>, promoviendo el turismo local y generando empleos.<\/li>\n\n\n\n<li><strong>Construcci\u00f3n del Polo de Desarrollo para el Bienestar<\/strong>, con obras en infraestructura y proyectos sociales entre enero y marzo de 2026.<\/li>\n<\/ul>\n\n\n\n<h3 class=\"wp-block-heading\" id=\"h-leer-mas-puebla-lidera-la-donacion-y-trasplante-de-organos-en-mexico\"><strong><em>Leer m\u00e1s: <a href=\"https:\/\/grupohoymexico.com\/puebla\/2026\/02\/26\/puebla-lidera-la-donacion-y-trasplante-de-organos-en-mexico\/\">Puebla lidera la donaci\u00f3n y trasplante de \u00f3rganos en M\u00e9xico<\/a><\/em><\/strong><\/h3>\n\n\n\n<h2 class=\"wp-block-heading\" id=\"h-beneficios-para-las-comunidades-de-puebla\"><strong>Beneficios para las Comunidades de Puebla<\/strong><\/h2>\n\n\n\n<p>El programa busca reducir el rezago social mediante:<\/p>\n\n\n\n<ul class=\"wp-block-list\">\n<li><strong>Mejora de servicios p\u00fablicos y seguridad vial<\/strong>.<\/li>\n\n\n\n<li><strong>Desarrollo sostenible y generaci\u00f3n de oportunidades<\/strong>.<\/li>\n\n\n\n<li><strong>Evaluaci\u00f3n y seguimiento<\/strong> constante para garantizar transparencia y uso eficiente de los recursos p\u00fablicos.<\/li>\n<\/ul>\n\n\n\n<p>El <strong>Programa de Obra Comunitaria Puebla 2026<\/strong> refuerza la coordinaci\u00f3n entre gobiernos estatal y federal para <strong>impulsar el progreso social y econ\u00f3mico<\/strong>, priorizando <strong>infraestructura, conectividad, seguridad y turismo<\/strong>, con un enfoque en equidad territorial y bienestar comunitario.<\/p>\n\n\n\n<h2 class=\"wp-block-heading\" id=\"h-unete-a-nuestro-canal-de-whatsapp\"><strong><a href=\"https:\/\/whatsapp.com\/channel\/0029Vaylt1XG3R3gm4Nsgp2m\">\u00danete a nuestro canal de WhatsApp<\/a><\/strong><\/h2>\n","protected":false},"excerpt":{"rendered":"El Programa de Obra Comunitaria Puebla recibir\u00e1 un presupuesto hist\u00f3rico de 1,500 millones de pesos en 2026, destinado&hellip;","protected":false},"author":34,"featured_media":80218,"comment_status":"open","ping_status":"open","sticky":false,"template":"","format":"standard","meta":{"csco_display_header_overlay":false,"csco_singular_sidebar":"","csco_page_header_type":"","csco_page_load_nextpost":"","csco_post_video_location":[],"csco_post_video_location_hash":"","csco_post_video_url":"","csco_post_video_bg_start_time":0,"csco_post_video_bg_end_time":0,"footnotes":""},"categories":[29],"tags":[168,744,1174,40,170],"class_list":{"0":"post-80214","1":"post","2":"type-post","3":"status-publish","4":"format-standard","5":"has-post-thumbnail","7":"category-estatal","8":"tag-gobierno-de-puebla","9":"tag-infraestructura","10":"tag-obras-comunitarias","11":"tag-puebla","12":"tag-seguridad","13":"cs-entry","14":"cs-video-wrap"},"yoast_head":"<!-- This site is optimized with the Yoast SEO Premium plugin v24.7 (Yoast SEO v27.4) - https:\/\/yoast.com\/product\/yoast-seo-premium-wordpress\/ -->\n<title>Programa de Obra Comunitaria Puebla fortalecer\u00e1 infraestructura y bienestar en 2026<\/title>\n<meta name=\"description\" content=\"El Gobierno de Puebla y la federaci\u00f3n fortalecer\u00e1n en 2026 el Programa de Obra Comunitaria con un presupuesto hist\u00f3rico.\" \/>\n<meta name=\"robots\" content=\"index, follow, max-snippet:-1, max-image-preview:large, max-video-preview:-1\" \/>\n<link rel=\"canonical\" href=\"https:\/\/grupohoymexico.com\/puebla\/2026\/02\/27\/programa-de-obra-comunitaria-puebla-2026-presupuesto-historico-y-proyectos-de-infraestructura\/\" \/>\n<meta property=\"og:locale\" content=\"es_MX\" \/>\n<meta property=\"og:type\" content=\"article\" \/>\n<meta property=\"og:title\" content=\"Programa de Obra Comunitaria Puebla 2026: presupuesto hist\u00f3rico y proyectos de infraestructura\" \/>\n<meta property=\"og:description\" content=\"El Gobierno de Puebla y la federaci\u00f3n fortalecer\u00e1n en 2026 el Programa de Obra Comunitaria con un presupuesto hist\u00f3rico.\" \/>\n<meta property=\"og:url\" content=\"https:\/\/grupohoymexico.com\/puebla\/2026\/02\/27\/programa-de-obra-comunitaria-puebla-2026-presupuesto-historico-y-proyectos-de-infraestructura\/\" \/>\n<meta property=\"og:site_name\" content=\"Grupo Hoy Puebla\" \/>\n<meta property=\"article:published_time\" content=\"2026-02-27T14:43:27+00:00\" \/>\n<meta property=\"og:image\" content=\"https:\/\/grupohoymexico.com\/puebla\/wp-content\/uploads\/sites\/3\/2026\/02\/Programa-de-Obra-Comunitaria-Puebla.jpg\" \/>\n\t<meta property=\"og:image:width\" content=\"1200\" \/>\n\t<meta property=\"og:image:height\" content=\"625\" \/>\n\t<meta property=\"og:image:type\" content=\"image\/jpeg\" \/>\n<meta name=\"author\" content=\"Redacci\u00f3n Grupo Hoy\" \/>\n<meta name=\"twitter:card\" content=\"summary_large_image\" \/>\n<meta name=\"twitter:label1\" content=\"Escrito por\" \/>\n\t<meta name=\"twitter:data1\" content=\"Redacci\u00f3n Grupo Hoy\" \/>\n\t<meta name=\"twitter:label2\" content=\"Tiempo de lectura\" \/>\n\t<meta name=\"twitter:data2\" content=\"2 minutos\" \/>\n<script type=\"application\/ld+json\" class=\"yoast-schema-graph\">{\"@context\":\"https:\\\/\\\/schema.org\",\"@graph\":[{\"@type\":\"Article\",\"@id\":\"https:\\\/\\\/grupohoymexico.com\\\/puebla\\\/2026\\\/02\\\/27\\\/programa-de-obra-comunitaria-puebla-2026-presupuesto-historico-y-proyectos-de-infraestructura\\\/#article\",\"isPartOf\":{\"@id\":\"https:\\\/\\\/grupohoymexico.com\\\/puebla\\\/2026\\\/02\\\/27\\\/programa-de-obra-comunitaria-puebla-2026-presupuesto-historico-y-proyectos-de-infraestructura\\\/\"},\"author\":{\"name\":\"Redacci\u00f3n Grupo Hoy\",\"@id\":\"https:\\\/\\\/grupohoymexico.com\\\/puebla\\\/#\\\/schema\\\/person\\\/bc870cc34e948548ddb62cf78ef8474b\"},\"headline\":\"Programa de Obra Comunitaria Puebla 2026: presupuesto hist\u00f3rico y proyectos de infraestructura\",\"datePublished\":\"2026-02-27T14:43:27+00:00\",\"mainEntityOfPage\":{\"@id\":\"https:\\\/\\\/grupohoymexico.com\\\/puebla\\\/2026\\\/02\\\/27\\\/programa-de-obra-comunitaria-puebla-2026-presupuesto-historico-y-proyectos-de-infraestructura\\\/\"},\"wordCount\":322,\"commentCount\":0,\"image\":{\"@id\":\"https:\\\/\\\/grupohoymexico.com\\\/puebla\\\/2026\\\/02\\\/27\\\/programa-de-obra-comunitaria-puebla-2026-presupuesto-historico-y-proyectos-de-infraestructura\\\/#primaryimage\"},\"thumbnailUrl\":\"https:\\\/\\\/grupohoymexico.com\\\/puebla\\\/wp-content\\\/uploads\\\/sites\\\/3\\\/2026\\\/02\\\/Programa-de-Obra-Comunitaria-Puebla.jpg\",\"keywords\":[\"Gobierno de Puebla\",\"Infraestructura\",\"obras comunitarias\",\"puebla\",\"Seguridad\"],\"articleSection\":[\"Estatal\"],\"inLanguage\":\"es\",\"potentialAction\":[{\"@type\":\"CommentAction\",\"name\":\"Comment\",\"target\":[\"https:\\\/\\\/grupohoymexico.com\\\/puebla\\\/2026\\\/02\\\/27\\\/programa-de-obra-comunitaria-puebla-2026-presupuesto-historico-y-proyectos-de-infraestructura\\\/#respond\"]}]},{\"@type\":\"WebPage\",\"@id\":\"https:\\\/\\\/grupohoymexico.com\\\/puebla\\\/2026\\\/02\\\/27\\\/programa-de-obra-comunitaria-puebla-2026-presupuesto-historico-y-proyectos-de-infraestructura\\\/\",\"url\":\"https:\\\/\\\/grupohoymexico.com\\\/puebla\\\/2026\\\/02\\\/27\\\/programa-de-obra-comunitaria-puebla-2026-presupuesto-historico-y-proyectos-de-infraestructura\\\/\",\"name\":\"Programa de Obra Comunitaria Puebla fortalecer\u00e1 infraestructura y bienestar en 2026\",\"isPartOf\":{\"@id\":\"https:\\\/\\\/grupohoymexico.com\\\/puebla\\\/#website\"},\"primaryImageOfPage\":{\"@id\":\"https:\\\/\\\/grupohoymexico.com\\\/puebla\\\/2026\\\/02\\\/27\\\/programa-de-obra-comunitaria-puebla-2026-presupuesto-historico-y-proyectos-de-infraestructura\\\/#primaryimage\"},\"image\":{\"@id\":\"https:\\\/\\\/grupohoymexico.com\\\/puebla\\\/2026\\\/02\\\/27\\\/programa-de-obra-comunitaria-puebla-2026-presupuesto-historico-y-proyectos-de-infraestructura\\\/#primaryimage\"},\"thumbnailUrl\":\"https:\\\/\\\/grupohoymexico.com\\\/puebla\\\/wp-content\\\/uploads\\\/sites\\\/3\\\/2026\\\/02\\\/Programa-de-Obra-Comunitaria-Puebla.jpg\",\"datePublished\":\"2026-02-27T14:43:27+00:00\",\"author\":{\"@id\":\"https:\\\/\\\/grupohoymexico.com\\\/puebla\\\/#\\\/schema\\\/person\\\/bc870cc34e948548ddb62cf78ef8474b\"},\"description\":\"El Gobierno de Puebla y la federaci\u00f3n fortalecer\u00e1n en 2026 el Programa de Obra Comunitaria con un presupuesto hist\u00f3rico.\",\"breadcrumb\":{\"@id\":\"https:\\\/\\\/grupohoymexico.com\\\/puebla\\\/2026\\\/02\\\/27\\\/programa-de-obra-comunitaria-puebla-2026-presupuesto-historico-y-proyectos-de-infraestructura\\\/#breadcrumb\"},\"inLanguage\":\"es\",\"potentialAction\":[{\"@type\":\"ReadAction\",\"target\":[\"https:\\\/\\\/grupohoymexico.com\\\/puebla\\\/2026\\\/02\\\/27\\\/programa-de-obra-comunitaria-puebla-2026-presupuesto-historico-y-proyectos-de-infraestructura\\\/\"]}]},{\"@type\":\"ImageObject\",\"inLanguage\":\"es\",\"@id\":\"https:\\\/\\\/grupohoymexico.com\\\/puebla\\\/2026\\\/02\\\/27\\\/programa-de-obra-comunitaria-puebla-2026-presupuesto-historico-y-proyectos-de-infraestructura\\\/#primaryimage\",\"url\":\"https:\\\/\\\/grupohoymexico.com\\\/puebla\\\/wp-content\\\/uploads\\\/sites\\\/3\\\/2026\\\/02\\\/Programa-de-Obra-Comunitaria-Puebla.jpg\",\"contentUrl\":\"https:\\\/\\\/grupohoymexico.com\\\/puebla\\\/wp-content\\\/uploads\\\/sites\\\/3\\\/2026\\\/02\\\/Programa-de-Obra-Comunitaria-Puebla.jpg\",\"width\":1200,\"height\":625,\"caption\":\"Foto: Gobierno de Puebla\"},{\"@type\":\"BreadcrumbList\",\"@id\":\"https:\\\/\\\/grupohoymexico.com\\\/puebla\\\/2026\\\/02\\\/27\\\/programa-de-obra-comunitaria-puebla-2026-presupuesto-historico-y-proyectos-de-infraestructura\\\/#breadcrumb\",\"itemListElement\":[{\"@type\":\"ListItem\",\"position\":1,\"name\":\"Inicio\",\"item\":\"https:\\\/\\\/grupohoymexico.com\\\/puebla\\\/\"},{\"@type\":\"ListItem\",\"position\":2,\"name\":\"Programa de Obra Comunitaria Puebla 2026: presupuesto hist\u00f3rico y proyectos de infraestructura\"}]},{\"@type\":\"WebSite\",\"@id\":\"https:\\\/\\\/grupohoymexico.com\\\/puebla\\\/#website\",\"url\":\"https:\\\/\\\/grupohoymexico.com\\\/puebla\\\/\",\"name\":\"Grupo Hoy Puebla\",\"description\":\"\",\"potentialAction\":[{\"@type\":\"SearchAction\",\"target\":{\"@type\":\"EntryPoint\",\"urlTemplate\":\"https:\\\/\\\/grupohoymexico.com\\\/puebla\\\/?s={search_term_string}\"},\"query-input\":{\"@type\":\"PropertyValueSpecification\",\"valueRequired\":true,\"valueName\":\"search_term_string\"}}],\"inLanguage\":\"es\"},{\"@type\":\"Person\",\"@id\":\"https:\\\/\\\/grupohoymexico.com\\\/puebla\\\/#\\\/schema\\\/person\\\/bc870cc34e948548ddb62cf78ef8474b\",\"name\":\"Redacci\u00f3n Grupo Hoy\",\"image\":{\"@type\":\"ImageObject\",\"inLanguage\":\"es\",\"@id\":\"https:\\\/\\\/secure.gravatar.com\\\/avatar\\\/e8a44ae8f1b7592837f8c496178e70e065758a27945df208805f8cf6fdd56893?s=96&d=mm&r=g\",\"url\":\"https:\\\/\\\/secure.gravatar.com\\\/avatar\\\/e8a44ae8f1b7592837f8c496178e70e065758a27945df208805f8cf6fdd56893?s=96&d=mm&r=g\",\"contentUrl\":\"https:\\\/\\\/secure.gravatar.com\\\/avatar\\\/e8a44ae8f1b7592837f8c496178e70e065758a27945df208805f8cf6fdd56893?s=96&d=mm&r=g\",\"caption\":\"Redacci\u00f3n Grupo Hoy\"},\"url\":\"https:\\\/\\\/grupohoymexico.com\\\/puebla\\\/author\\\/redaccion\\\/\"}]}<\/script>\n<!-- \/ Yoast SEO Premium plugin. -->","yoast_head_json":{"title":"Programa de Obra Comunitaria Puebla fortalecer\u00e1 infraestructura y bienestar en 2026","description":"El Gobierno de Puebla y la federaci\u00f3n fortalecer\u00e1n en 2026 el Programa de Obra Comunitaria con un presupuesto hist\u00f3rico.","robots":{"index":"index","follow":"follow","max-snippet":"max-snippet:-1","max-image-preview":"max-image-preview:large","max-video-preview":"max-video-preview:-1"},"canonical":"https:\/\/grupohoymexico.com\/puebla\/2026\/02\/27\/programa-de-obra-comunitaria-puebla-2026-presupuesto-historico-y-proyectos-de-infraestructura\/","og_locale":"es_MX","og_type":"article","og_title":"Programa de Obra Comunitaria Puebla 2026: presupuesto hist\u00f3rico y proyectos de infraestructura","og_description":"El Gobierno de Puebla y la federaci\u00f3n fortalecer\u00e1n en 2026 el Programa de Obra Comunitaria con un presupuesto hist\u00f3rico.","og_url":"https:\/\/grupohoymexico.com\/puebla\/2026\/02\/27\/programa-de-obra-comunitaria-puebla-2026-presupuesto-historico-y-proyectos-de-infraestructura\/","og_site_name":"Grupo Hoy Puebla","article_published_time":"2026-02-27T14:43:27+00:00","og_image":[{"width":1200,"height":625,"url":"https:\/\/grupohoymexico.com\/puebla\/wp-content\/uploads\/sites\/3\/2026\/02\/Programa-de-Obra-Comunitaria-Puebla.jpg","type":"image\/jpeg"}],"author":"Redacci\u00f3n Grupo Hoy","twitter_card":"summary_large_image","twitter_misc":{"Escrito por":"Redacci\u00f3n Grupo Hoy","Tiempo de lectura":"2 minutos"},"schema":{"@context":"https:\/\/schema.org","@graph":[{"@type":"Article","@id":"https:\/\/grupohoymexico.com\/puebla\/2026\/02\/27\/programa-de-obra-comunitaria-puebla-2026-presupuesto-historico-y-proyectos-de-infraestructura\/#article","isPartOf":{"@id":"https:\/\/grupohoymexico.com\/puebla\/2026\/02\/27\/programa-de-obra-comunitaria-puebla-2026-presupuesto-historico-y-proyectos-de-infraestructura\/"},"author":{"name":"Redacci\u00f3n Grupo Hoy","@id":"https:\/\/grupohoymexico.com\/puebla\/#\/schema\/person\/bc870cc34e948548ddb62cf78ef8474b"},"headline":"Programa de Obra Comunitaria Puebla 2026: presupuesto hist\u00f3rico y proyectos de infraestructura","datePublished":"2026-02-27T14:43:27+00:00","mainEntityOfPage":{"@id":"https:\/\/grupohoymexico.com\/puebla\/2026\/02\/27\/programa-de-obra-comunitaria-puebla-2026-presupuesto-historico-y-proyectos-de-infraestructura\/"},"wordCount":322,"commentCount":0,"image":{"@id":"https:\/\/grupohoymexico.com\/puebla\/2026\/02\/27\/programa-de-obra-comunitaria-puebla-2026-presupuesto-historico-y-proyectos-de-infraestructura\/#primaryimage"},"thumbnailUrl":"https:\/\/grupohoymexico.com\/puebla\/wp-content\/uploads\/sites\/3\/2026\/02\/Programa-de-Obra-Comunitaria-Puebla.jpg","keywords":["Gobierno de Puebla","Infraestructura","obras comunitarias","puebla","Seguridad"],"articleSection":["Estatal"],"inLanguage":"es","potentialAction":[{"@type":"CommentAction","name":"Comment","target":["https:\/\/grupohoymexico.com\/puebla\/2026\/02\/27\/programa-de-obra-comunitaria-puebla-2026-presupuesto-historico-y-proyectos-de-infraestructura\/#respond"]}]},{"@type":"WebPage","@id":"https:\/\/grupohoymexico.com\/puebla\/2026\/02\/27\/programa-de-obra-comunitaria-puebla-2026-presupuesto-historico-y-proyectos-de-infraestructura\/","url":"https:\/\/grupohoymexico.com\/puebla\/2026\/02\/27\/programa-de-obra-comunitaria-puebla-2026-presupuesto-historico-y-proyectos-de-infraestructura\/","name":"Programa de Obra Comunitaria Puebla fortalecer\u00e1 infraestructura y bienestar en 2026","isPartOf":{"@id":"https:\/\/grupohoymexico.com\/puebla\/#website"},"primaryImageOfPage":{"@id":"https:\/\/grupohoymexico.com\/puebla\/2026\/02\/27\/programa-de-obra-comunitaria-puebla-2026-presupuesto-historico-y-proyectos-de-infraestructura\/#primaryimage"},"image":{"@id":"https:\/\/grupohoymexico.com\/puebla\/2026\/02\/27\/programa-de-obra-comunitaria-puebla-2026-presupuesto-historico-y-proyectos-de-infraestructura\/#primaryimage"},"thumbnailUrl":"https:\/\/grupohoymexico.com\/puebla\/wp-content\/uploads\/sites\/3\/2026\/02\/Programa-de-Obra-Comunitaria-Puebla.jpg","datePublished":"2026-02-27T14:43:27+00:00","author":{"@id":"https:\/\/grupohoymexico.com\/puebla\/#\/schema\/person\/bc870cc34e948548ddb62cf78ef8474b"},"description":"El Gobierno de Puebla y la federaci\u00f3n fortalecer\u00e1n en 2026 el Programa de Obra Comunitaria con un presupuesto hist\u00f3rico.","breadcrumb":{"@id":"https:\/\/grupohoymexico.com\/puebla\/2026\/02\/27\/programa-de-obra-comunitaria-puebla-2026-presupuesto-historico-y-proyectos-de-infraestructura\/#breadcrumb"},"inLanguage":"es","potentialAction":[{"@type":"ReadAction","target":["https:\/\/grupohoymexico.com\/puebla\/2026\/02\/27\/programa-de-obra-comunitaria-puebla-2026-presupuesto-historico-y-proyectos-de-infraestructura\/"]}]},{"@type":"ImageObject","inLanguage":"es","@id":"https:\/\/grupohoymexico.com\/puebla\/2026\/02\/27\/programa-de-obra-comunitaria-puebla-2026-presupuesto-historico-y-proyectos-de-infraestructura\/#primaryimage","url":"https:\/\/grupohoymexico.com\/puebla\/wp-content\/uploads\/sites\/3\/2026\/02\/Programa-de-Obra-Comunitaria-Puebla.jpg","contentUrl":"https:\/\/grupohoymexico.com\/puebla\/wp-content\/uploads\/sites\/3\/2026\/02\/Programa-de-Obra-Comunitaria-Puebla.jpg","width":1200,"height":625,"caption":"Foto: Gobierno de Puebla"},{"@type":"BreadcrumbList","@id":"https:\/\/grupohoymexico.com\/puebla\/2026\/02\/27\/programa-de-obra-comunitaria-puebla-2026-presupuesto-historico-y-proyectos-de-infraestructura\/#breadcrumb","itemListElement":[{"@type":"ListItem","position":1,"name":"Inicio","item":"https:\/\/grupohoymexico.com\/puebla\/"},{"@type":"ListItem","position":2,"name":"Programa de Obra Comunitaria Puebla 2026: presupuesto hist\u00f3rico y proyectos de infraestructura"}]},{"@type":"WebSite","@id":"https:\/\/grupohoymexico.com\/puebla\/#website","url":"https:\/\/grupohoymexico.com\/puebla\/","name":"Grupo Hoy Puebla","description":"","potentialAction":[{"@type":"SearchAction","target":{"@type":"EntryPoint","urlTemplate":"https:\/\/grupohoymexico.com\/puebla\/?s={search_term_string}"},"query-input":{"@type":"PropertyValueSpecification","valueRequired":true,"valueName":"search_term_string"}}],"inLanguage":"es"},{"@type":"Person","@id":"https:\/\/grupohoymexico.com\/puebla\/#\/schema\/person\/bc870cc34e948548ddb62cf78ef8474b","name":"Redacci\u00f3n Grupo Hoy","image":{"@type":"ImageObject","inLanguage":"es","@id":"https:\/\/secure.gravatar.com\/avatar\/e8a44ae8f1b7592837f8c496178e70e065758a27945df208805f8cf6fdd56893?s=96&d=mm&r=g","url":"https:\/\/secure.gravatar.com\/avatar\/e8a44ae8f1b7592837f8c496178e70e065758a27945df208805f8cf6fdd56893?s=96&d=mm&r=g","contentUrl":"https:\/\/secure.gravatar.com\/avatar\/e8a44ae8f1b7592837f8c496178e70e065758a27945df208805f8cf6fdd56893?s=96&d=mm&r=g","caption":"Redacci\u00f3n Grupo Hoy"},"url":"https:\/\/grupohoymexico.com\/puebla\/author\/redaccion\/"}]}},"_links":{"self":[{"href":"https:\/\/grupohoymexico.com\/puebla\/wp-json\/wp\/v2\/posts\/80214","targetHints":{"allow":["GET"]}}],"collection":[{"href":"https:\/\/grupohoymexico.com\/puebla\/wp-json\/wp\/v2\/posts"}],"about":[{"href":"https:\/\/grupohoymexico.com\/puebla\/wp-json\/wp\/v2\/types\/post"}],"author":[{"embeddable":true,"href":"https:\/\/grupohoymexico.com\/puebla\/wp-json\/wp\/v2\/users\/34"}],"replies":[{"embeddable":true,"href":"https:\/\/grupohoymexico.com\/puebla\/wp-json\/wp\/v2\/comments?post=80214"}],"version-history":[{"count":1,"href":"https:\/\/grupohoymexico.com\/puebla\/wp-json\/wp\/v2\/posts\/80214\/revisions"}],"predecessor-version":[{"id":80219,"href":"https:\/\/grupohoymexico.com\/puebla\/wp-json\/wp\/v2\/posts\/80214\/revisions\/80219"}],"wp:featuredmedia":[{"embeddable":true,"href":"https:\/\/grupohoymexico.com\/puebla\/wp-json\/wp\/v2\/media\/80218"}],"wp:attachment":[{"href":"https:\/\/grupohoymexico.com\/puebla\/wp-json\/wp\/v2\/media?parent=80214"}],"wp:term":[{"taxonomy":"category","embeddable":true,"href":"https:\/\/grupohoymexico.com\/puebla\/wp-json\/wp\/v2\/categories?post=80214"},{"taxonomy":"post_tag","embeddable":true,"href":"https:\/\/grupohoymexico.com\/puebla\/wp-json\/wp\/v2\/tags?post=80214"}],"curies":[{"name":"wp","href":"https:\/\/api.w.org\/{rel}","templated":true}]}}