{"id":79885,"date":"2026-01-26T19:15:00","date_gmt":"2026-01-26T19:15:00","guid":{"rendered":"https:\/\/grupohoymexico.com\/puebla\/?p=79885"},"modified":"2026-01-26T18:12:51","modified_gmt":"2026-01-26T18:12:51","slug":"cuantos-casos-de-sarampion-hay-en-puebla-en-enero-2026","status":"publish","type":"post","link":"https:\/\/grupohoymexico.com\/puebla\/2026\/01\/26\/cuantos-casos-de-sarampion-hay-en-puebla-en-enero-2026\/","title":{"rendered":"\u00bfCu\u00e1ntos casos de sarampi\u00f3n hay en Puebla en enero 2026?"},"content":{"rendered":"<article>\n<p>La <strong>Secretar\u00eda de Salud de Puebla<\/strong> confirm\u00f3 el cuarto caso de sarampi\u00f3n en la entidad durante el mes de enero de 2026, seg\u00fan su \u00faltimo reporte oficial. Los contagios identificados est\u00e1n principalmente en la capital del estado, Cholula y Chignahuapan, con una incidencia acumulada de <strong>0.06 por cada 100 mil habitantes<\/strong>, posicionando a Puebla en el lugar 27 a nivel nacional conforme a estad\u00edsticas oficiales.<\/p>\n<p>Este brote coincide con un incremento significativo de casos a nivel nacional. Hasta el 23 de enero de 2026, las autoridades sanitarias reportaron <strong>7,417 casos confirmados<\/strong> en M\u00e9xico, con 26 defunciones asociadas y una amplia dispersi\u00f3n del virus en diversas entidades federativas. En las 24 horas previas a ese corte, se registraron <strong>107 nuevos casos<\/strong> y m\u00e1s de 2,400 casos probables en investigaci\u00f3n. Estas cifras reflejan el desaf\u00edo que enfrenta el sistema de salud p\u00fablica para controlar la propagaci\u00f3n y proteger a los grupos susceptibles.<\/p>\n<h2>Medidas frente al sarampi\u00f3n en Puebla 2026 y acciones de prevenci\u00f3n<\/h2>\n<p>Las autoridades sanitarias del estado han reiterado la necesidad de intensificar las medidas preventivas, principalmente mediante la vacunaci\u00f3n con la vacuna triple viral, que protege contra el sarampi\u00f3n, la rub\u00e9ola y las paperas. En la conferencia de prensa matutina, el gobernador de Puebla enfatiz\u00f3 la importancia de que la poblaci\u00f3n verifique y complete su esquema de vacunaci\u00f3n, haciendo especial hincapi\u00e9 en ni\u00f1os, adolescentes y personas vulnerables.<\/p>\n<p>Paralelamente, las acciones de detecci\u00f3n temprana de casos se han fortalecido, junto con protocolos para reducir la transmisi\u00f3n en espacios p\u00fablicos y centros educativos. Estas iniciativas forman parte de las estrategias implementadas por la Secretar\u00eda de Salud estatal, alineadas con las directrices federales y recomendaciones internacionales en epidemiolog\u00eda. Es destacable que Puebla report\u00f3 su segundo caso de sarampi\u00f3n en casi tres d\u00e9cadas apenas una semana antes, lo que ha generado mayor atenci\u00f3n en el \u00e1mbito local.<\/p>\n<p>El sarampi\u00f3n, una enfermedad viral altamente contagiosa, puede provocar complicaciones severas, especialmente en menores y personas no vacunadas. La Organizaci\u00f3n Mundial de la Salud ha se\u00f1alado la necesidad de mantener altas coberturas de vacunaci\u00f3n para evitar rebrotes. En M\u00e9xico, las principales herramientas para su control son la vigilancia epidemiol\u00f3gica y la vacunaci\u00f3n sistem\u00e1tica, pese a que la enfermedad hab\u00eda sido considerada erradicada en a\u00f1os recientes.<\/p>\n<p>El desarrollo del brote en Puebla y otras entidades obliga a sostener la vigilancia activa y garantizar la disponibilidad de dosis adecuadas para la poblaci\u00f3n. Se subraya la relevancia de informar sobre los s\u00edntomas y las v\u00edas de transmisi\u00f3n para facilitar la detecci\u00f3n y el tratamiento oportunos. Esta informaci\u00f3n se relaciona con las medidas que han sido documentadas oficialmente por la Secretar\u00eda de Salud federal, cuyos detalles se pueden consultar en el sitio <a href=\"https:\/\/www.gob.mx\" target=\"_blank\" rel=\"noopener noreferrer\">gob.mx<\/a>.<\/p>\n<p>El seguimiento del fen\u00f3meno epidemiol\u00f3gico est\u00e1 integrado en el an\u00e1lisis general de salud p\u00fablica en M\u00e9xico, y la coyuntura actual se contextualiza dentro de otros temas abordados en la categor\u00eda <a href=\"https:\/\/grupohoymexico.com\/tlaxcala\/category\/nacional\/\">nacional<\/a> del sitio.<\/p>\n<\/article>\n","protected":false},"excerpt":{"rendered":"La Secretar\u00eda de Salud de Puebla confirm\u00f3 el cuarto caso de sarampi\u00f3n en la entidad durante el mes&hellip;","protected":false},"author":34,"featured_media":79899,"comment_status":"open","ping_status":"open","sticky":false,"template":"","format":"standard","meta":{"csco_display_header_overlay":false,"csco_singular_sidebar":"","csco_page_header_type":"","csco_page_load_nextpost":"","csco_post_video_location":[],"csco_post_video_location_hash":"","csco_post_video_url":"","csco_post_video_bg_start_time":0,"csco_post_video_bg_end_time":0,"footnotes":""},"categories":[1],"tags":[],"class_list":{"0":"post-79885","1":"post","2":"type-post","3":"status-publish","4":"format-standard","5":"has-post-thumbnail","7":"category-uncategorized","8":"cs-entry","9":"cs-video-wrap"},"yoast_head":"<!-- This site is optimized with the Yoast SEO Premium plugin v24.7 (Yoast SEO v27.4) - https:\/\/yoast.com\/product\/yoast-seo-premium-wordpress\/ -->\n<title>Sarampi\u00f3n en Puebla 2026: cuarto caso confirmado y avances<\/title>\n<meta name=\"description\" content=\"Autoridades de Puebla confirmaron cuatro casos de sarampi\u00f3n en enero de 2026, principalmente en la capital, Cholula y Chignahuapan.\" \/>\n<meta name=\"robots\" content=\"index, follow, max-snippet:-1, max-image-preview:large, max-video-preview:-1\" \/>\n<link rel=\"canonical\" href=\"https:\/\/grupohoymexico.com\/puebla\/2026\/01\/26\/cuantos-casos-de-sarampion-hay-en-puebla-en-enero-2026\/\" \/>\n<meta property=\"og:locale\" content=\"es_MX\" \/>\n<meta property=\"og:type\" content=\"article\" \/>\n<meta property=\"og:title\" content=\"\u00bfCu\u00e1ntos casos de sarampi\u00f3n hay en Puebla en enero 2026?\" \/>\n<meta property=\"og:description\" content=\"Autoridades de Puebla confirmaron cuatro casos de sarampi\u00f3n en enero de 2026, principalmente en la capital, Cholula y Chignahuapan.\" \/>\n<meta property=\"og:url\" content=\"https:\/\/grupohoymexico.com\/puebla\/2026\/01\/26\/cuantos-casos-de-sarampion-hay-en-puebla-en-enero-2026\/\" \/>\n<meta property=\"og:site_name\" content=\"Grupo Hoy Puebla\" \/>\n<meta property=\"article:published_time\" content=\"2026-01-26T19:15:00+00:00\" \/>\n<meta property=\"og:image\" content=\"https:\/\/grupohoymexico.com\/puebla\/wp-content\/uploads\/sites\/3\/2026\/01\/sarampion_en_puebla_.jpg\" \/>\n\t<meta property=\"og:image:width\" content=\"1280\" \/>\n\t<meta property=\"og:image:height\" content=\"740\" \/>\n\t<meta property=\"og:image:type\" content=\"image\/jpeg\" \/>\n<meta name=\"author\" content=\"Redacci\u00f3n Grupo Hoy\" \/>\n<meta name=\"twitter:card\" content=\"summary_large_image\" \/>\n<meta name=\"twitter:label1\" content=\"Escrito por\" \/>\n\t<meta name=\"twitter:data1\" content=\"Redacci\u00f3n Grupo Hoy\" \/>\n\t<meta name=\"twitter:label2\" content=\"Tiempo de lectura\" \/>\n\t<meta name=\"twitter:data2\" content=\"3 minutos\" \/>\n<script type=\"application\/ld+json\" class=\"yoast-schema-graph\">{\"@context\":\"https:\\\/\\\/schema.org\",\"@graph\":[{\"@type\":\"Article\",\"@id\":\"https:\\\/\\\/grupohoymexico.com\\\/puebla\\\/2026\\\/01\\\/26\\\/cuantos-casos-de-sarampion-hay-en-puebla-en-enero-2026\\\/#article\",\"isPartOf\":{\"@id\":\"https:\\\/\\\/grupohoymexico.com\\\/puebla\\\/2026\\\/01\\\/26\\\/cuantos-casos-de-sarampion-hay-en-puebla-en-enero-2026\\\/\"},\"author\":{\"name\":\"Redacci\u00f3n Grupo Hoy\",\"@id\":\"https:\\\/\\\/grupohoymexico.com\\\/puebla\\\/#\\\/schema\\\/person\\\/bc870cc34e948548ddb62cf78ef8474b\"},\"headline\":\"\u00bfCu\u00e1ntos casos de sarampi\u00f3n hay en Puebla en enero 2026?\",\"datePublished\":\"2026-01-26T19:15:00+00:00\",\"mainEntityOfPage\":{\"@id\":\"https:\\\/\\\/grupohoymexico.com\\\/puebla\\\/2026\\\/01\\\/26\\\/cuantos-casos-de-sarampion-hay-en-puebla-en-enero-2026\\\/\"},\"wordCount\":526,\"commentCount\":0,\"image\":{\"@id\":\"https:\\\/\\\/grupohoymexico.com\\\/puebla\\\/2026\\\/01\\\/26\\\/cuantos-casos-de-sarampion-hay-en-puebla-en-enero-2026\\\/#primaryimage\"},\"thumbnailUrl\":\"https:\\\/\\\/grupohoymexico.com\\\/puebla\\\/wp-content\\\/uploads\\\/sites\\\/3\\\/2026\\\/01\\\/sarampion_en_puebla_.jpg\",\"articleSection\":[\"Uncategorized\"],\"inLanguage\":\"es\",\"potentialAction\":[{\"@type\":\"CommentAction\",\"name\":\"Comment\",\"target\":[\"https:\\\/\\\/grupohoymexico.com\\\/puebla\\\/2026\\\/01\\\/26\\\/cuantos-casos-de-sarampion-hay-en-puebla-en-enero-2026\\\/#respond\"]}]},{\"@type\":\"WebPage\",\"@id\":\"https:\\\/\\\/grupohoymexico.com\\\/puebla\\\/2026\\\/01\\\/26\\\/cuantos-casos-de-sarampion-hay-en-puebla-en-enero-2026\\\/\",\"url\":\"https:\\\/\\\/grupohoymexico.com\\\/puebla\\\/2026\\\/01\\\/26\\\/cuantos-casos-de-sarampion-hay-en-puebla-en-enero-2026\\\/\",\"name\":\"Sarampi\u00f3n en Puebla 2026: cuarto caso confirmado y avances\",\"isPartOf\":{\"@id\":\"https:\\\/\\\/grupohoymexico.com\\\/puebla\\\/#website\"},\"primaryImageOfPage\":{\"@id\":\"https:\\\/\\\/grupohoymexico.com\\\/puebla\\\/2026\\\/01\\\/26\\\/cuantos-casos-de-sarampion-hay-en-puebla-en-enero-2026\\\/#primaryimage\"},\"image\":{\"@id\":\"https:\\\/\\\/grupohoymexico.com\\\/puebla\\\/2026\\\/01\\\/26\\\/cuantos-casos-de-sarampion-hay-en-puebla-en-enero-2026\\\/#primaryimage\"},\"thumbnailUrl\":\"https:\\\/\\\/grupohoymexico.com\\\/puebla\\\/wp-content\\\/uploads\\\/sites\\\/3\\\/2026\\\/01\\\/sarampion_en_puebla_.jpg\",\"datePublished\":\"2026-01-26T19:15:00+00:00\",\"author\":{\"@id\":\"https:\\\/\\\/grupohoymexico.com\\\/puebla\\\/#\\\/schema\\\/person\\\/bc870cc34e948548ddb62cf78ef8474b\"},\"description\":\"Autoridades de Puebla confirmaron cuatro casos de sarampi\u00f3n en enero de 2026, principalmente en la capital, Cholula y Chignahuapan.\",\"breadcrumb\":{\"@id\":\"https:\\\/\\\/grupohoymexico.com\\\/puebla\\\/2026\\\/01\\\/26\\\/cuantos-casos-de-sarampion-hay-en-puebla-en-enero-2026\\\/#breadcrumb\"},\"inLanguage\":\"es\",\"potentialAction\":[{\"@type\":\"ReadAction\",\"target\":[\"https:\\\/\\\/grupohoymexico.com\\\/puebla\\\/2026\\\/01\\\/26\\\/cuantos-casos-de-sarampion-hay-en-puebla-en-enero-2026\\\/\"]}]},{\"@type\":\"ImageObject\",\"inLanguage\":\"es\",\"@id\":\"https:\\\/\\\/grupohoymexico.com\\\/puebla\\\/2026\\\/01\\\/26\\\/cuantos-casos-de-sarampion-hay-en-puebla-en-enero-2026\\\/#primaryimage\",\"url\":\"https:\\\/\\\/grupohoymexico.com\\\/puebla\\\/wp-content\\\/uploads\\\/sites\\\/3\\\/2026\\\/01\\\/sarampion_en_puebla_.jpg\",\"contentUrl\":\"https:\\\/\\\/grupohoymexico.com\\\/puebla\\\/wp-content\\\/uploads\\\/sites\\\/3\\\/2026\\\/01\\\/sarampion_en_puebla_.jpg\",\"width\":1280,\"height\":740,\"caption\":\"Foto: Freepik\"},{\"@type\":\"BreadcrumbList\",\"@id\":\"https:\\\/\\\/grupohoymexico.com\\\/puebla\\\/2026\\\/01\\\/26\\\/cuantos-casos-de-sarampion-hay-en-puebla-en-enero-2026\\\/#breadcrumb\",\"itemListElement\":[{\"@type\":\"ListItem\",\"position\":1,\"name\":\"Inicio\",\"item\":\"https:\\\/\\\/grupohoymexico.com\\\/puebla\\\/\"},{\"@type\":\"ListItem\",\"position\":2,\"name\":\"\u00bfCu\u00e1ntos casos de sarampi\u00f3n hay en Puebla en enero 2026?\"}]},{\"@type\":\"WebSite\",\"@id\":\"https:\\\/\\\/grupohoymexico.com\\\/puebla\\\/#website\",\"url\":\"https:\\\/\\\/grupohoymexico.com\\\/puebla\\\/\",\"name\":\"Grupo Hoy Puebla\",\"description\":\"\",\"potentialAction\":[{\"@type\":\"SearchAction\",\"target\":{\"@type\":\"EntryPoint\",\"urlTemplate\":\"https:\\\/\\\/grupohoymexico.com\\\/puebla\\\/?s={search_term_string}\"},\"query-input\":{\"@type\":\"PropertyValueSpecification\",\"valueRequired\":true,\"valueName\":\"search_term_string\"}}],\"inLanguage\":\"es\"},{\"@type\":\"Person\",\"@id\":\"https:\\\/\\\/grupohoymexico.com\\\/puebla\\\/#\\\/schema\\\/person\\\/bc870cc34e948548ddb62cf78ef8474b\",\"name\":\"Redacci\u00f3n Grupo Hoy\",\"image\":{\"@type\":\"ImageObject\",\"inLanguage\":\"es\",\"@id\":\"https:\\\/\\\/secure.gravatar.com\\\/avatar\\\/e8a44ae8f1b7592837f8c496178e70e065758a27945df208805f8cf6fdd56893?s=96&d=mm&r=g\",\"url\":\"https:\\\/\\\/secure.gravatar.com\\\/avatar\\\/e8a44ae8f1b7592837f8c496178e70e065758a27945df208805f8cf6fdd56893?s=96&d=mm&r=g\",\"contentUrl\":\"https:\\\/\\\/secure.gravatar.com\\\/avatar\\\/e8a44ae8f1b7592837f8c496178e70e065758a27945df208805f8cf6fdd56893?s=96&d=mm&r=g\",\"caption\":\"Redacci\u00f3n Grupo Hoy\"},\"url\":\"https:\\\/\\\/grupohoymexico.com\\\/puebla\\\/author\\\/redaccion\\\/\"}]}<\/script>\n<!-- \/ Yoast SEO Premium plugin. -->","yoast_head_json":{"title":"Sarampi\u00f3n en Puebla 2026: cuarto caso confirmado y avances","description":"Autoridades de Puebla confirmaron cuatro casos de sarampi\u00f3n en enero de 2026, principalmente en la capital, Cholula y Chignahuapan.","robots":{"index":"index","follow":"follow","max-snippet":"max-snippet:-1","max-image-preview":"max-image-preview:large","max-video-preview":"max-video-preview:-1"},"canonical":"https:\/\/grupohoymexico.com\/puebla\/2026\/01\/26\/cuantos-casos-de-sarampion-hay-en-puebla-en-enero-2026\/","og_locale":"es_MX","og_type":"article","og_title":"\u00bfCu\u00e1ntos casos de sarampi\u00f3n hay en Puebla en enero 2026?","og_description":"Autoridades de Puebla confirmaron cuatro casos de sarampi\u00f3n en enero de 2026, principalmente en la capital, Cholula y Chignahuapan.","og_url":"https:\/\/grupohoymexico.com\/puebla\/2026\/01\/26\/cuantos-casos-de-sarampion-hay-en-puebla-en-enero-2026\/","og_site_name":"Grupo Hoy Puebla","article_published_time":"2026-01-26T19:15:00+00:00","og_image":[{"width":1280,"height":740,"url":"https:\/\/grupohoymexico.com\/puebla\/wp-content\/uploads\/sites\/3\/2026\/01\/sarampion_en_puebla_.jpg","type":"image\/jpeg"}],"author":"Redacci\u00f3n Grupo Hoy","twitter_card":"summary_large_image","twitter_misc":{"Escrito por":"Redacci\u00f3n Grupo Hoy","Tiempo de lectura":"3 minutos"},"schema":{"@context":"https:\/\/schema.org","@graph":[{"@type":"Article","@id":"https:\/\/grupohoymexico.com\/puebla\/2026\/01\/26\/cuantos-casos-de-sarampion-hay-en-puebla-en-enero-2026\/#article","isPartOf":{"@id":"https:\/\/grupohoymexico.com\/puebla\/2026\/01\/26\/cuantos-casos-de-sarampion-hay-en-puebla-en-enero-2026\/"},"author":{"name":"Redacci\u00f3n Grupo Hoy","@id":"https:\/\/grupohoymexico.com\/puebla\/#\/schema\/person\/bc870cc34e948548ddb62cf78ef8474b"},"headline":"\u00bfCu\u00e1ntos casos de sarampi\u00f3n hay en Puebla en enero 2026?","datePublished":"2026-01-26T19:15:00+00:00","mainEntityOfPage":{"@id":"https:\/\/grupohoymexico.com\/puebla\/2026\/01\/26\/cuantos-casos-de-sarampion-hay-en-puebla-en-enero-2026\/"},"wordCount":526,"commentCount":0,"image":{"@id":"https:\/\/grupohoymexico.com\/puebla\/2026\/01\/26\/cuantos-casos-de-sarampion-hay-en-puebla-en-enero-2026\/#primaryimage"},"thumbnailUrl":"https:\/\/grupohoymexico.com\/puebla\/wp-content\/uploads\/sites\/3\/2026\/01\/sarampion_en_puebla_.jpg","articleSection":["Uncategorized"],"inLanguage":"es","potentialAction":[{"@type":"CommentAction","name":"Comment","target":["https:\/\/grupohoymexico.com\/puebla\/2026\/01\/26\/cuantos-casos-de-sarampion-hay-en-puebla-en-enero-2026\/#respond"]}]},{"@type":"WebPage","@id":"https:\/\/grupohoymexico.com\/puebla\/2026\/01\/26\/cuantos-casos-de-sarampion-hay-en-puebla-en-enero-2026\/","url":"https:\/\/grupohoymexico.com\/puebla\/2026\/01\/26\/cuantos-casos-de-sarampion-hay-en-puebla-en-enero-2026\/","name":"Sarampi\u00f3n en Puebla 2026: cuarto caso confirmado y avances","isPartOf":{"@id":"https:\/\/grupohoymexico.com\/puebla\/#website"},"primaryImageOfPage":{"@id":"https:\/\/grupohoymexico.com\/puebla\/2026\/01\/26\/cuantos-casos-de-sarampion-hay-en-puebla-en-enero-2026\/#primaryimage"},"image":{"@id":"https:\/\/grupohoymexico.com\/puebla\/2026\/01\/26\/cuantos-casos-de-sarampion-hay-en-puebla-en-enero-2026\/#primaryimage"},"thumbnailUrl":"https:\/\/grupohoymexico.com\/puebla\/wp-content\/uploads\/sites\/3\/2026\/01\/sarampion_en_puebla_.jpg","datePublished":"2026-01-26T19:15:00+00:00","author":{"@id":"https:\/\/grupohoymexico.com\/puebla\/#\/schema\/person\/bc870cc34e948548ddb62cf78ef8474b"},"description":"Autoridades de Puebla confirmaron cuatro casos de sarampi\u00f3n en enero de 2026, principalmente en la capital, Cholula y Chignahuapan.","breadcrumb":{"@id":"https:\/\/grupohoymexico.com\/puebla\/2026\/01\/26\/cuantos-casos-de-sarampion-hay-en-puebla-en-enero-2026\/#breadcrumb"},"inLanguage":"es","potentialAction":[{"@type":"ReadAction","target":["https:\/\/grupohoymexico.com\/puebla\/2026\/01\/26\/cuantos-casos-de-sarampion-hay-en-puebla-en-enero-2026\/"]}]},{"@type":"ImageObject","inLanguage":"es","@id":"https:\/\/grupohoymexico.com\/puebla\/2026\/01\/26\/cuantos-casos-de-sarampion-hay-en-puebla-en-enero-2026\/#primaryimage","url":"https:\/\/grupohoymexico.com\/puebla\/wp-content\/uploads\/sites\/3\/2026\/01\/sarampion_en_puebla_.jpg","contentUrl":"https:\/\/grupohoymexico.com\/puebla\/wp-content\/uploads\/sites\/3\/2026\/01\/sarampion_en_puebla_.jpg","width":1280,"height":740,"caption":"Foto: Freepik"},{"@type":"BreadcrumbList","@id":"https:\/\/grupohoymexico.com\/puebla\/2026\/01\/26\/cuantos-casos-de-sarampion-hay-en-puebla-en-enero-2026\/#breadcrumb","itemListElement":[{"@type":"ListItem","position":1,"name":"Inicio","item":"https:\/\/grupohoymexico.com\/puebla\/"},{"@type":"ListItem","position":2,"name":"\u00bfCu\u00e1ntos casos de sarampi\u00f3n hay en Puebla en enero 2026?"}]},{"@type":"WebSite","@id":"https:\/\/grupohoymexico.com\/puebla\/#website","url":"https:\/\/grupohoymexico.com\/puebla\/","name":"Grupo Hoy Puebla","description":"","potentialAction":[{"@type":"SearchAction","target":{"@type":"EntryPoint","urlTemplate":"https:\/\/grupohoymexico.com\/puebla\/?s={search_term_string}"},"query-input":{"@type":"PropertyValueSpecification","valueRequired":true,"valueName":"search_term_string"}}],"inLanguage":"es"},{"@type":"Person","@id":"https:\/\/grupohoymexico.com\/puebla\/#\/schema\/person\/bc870cc34e948548ddb62cf78ef8474b","name":"Redacci\u00f3n Grupo Hoy","image":{"@type":"ImageObject","inLanguage":"es","@id":"https:\/\/secure.gravatar.com\/avatar\/e8a44ae8f1b7592837f8c496178e70e065758a27945df208805f8cf6fdd56893?s=96&d=mm&r=g","url":"https:\/\/secure.gravatar.com\/avatar\/e8a44ae8f1b7592837f8c496178e70e065758a27945df208805f8cf6fdd56893?s=96&d=mm&r=g","contentUrl":"https:\/\/secure.gravatar.com\/avatar\/e8a44ae8f1b7592837f8c496178e70e065758a27945df208805f8cf6fdd56893?s=96&d=mm&r=g","caption":"Redacci\u00f3n Grupo Hoy"},"url":"https:\/\/grupohoymexico.com\/puebla\/author\/redaccion\/"}]}},"_links":{"self":[{"href":"https:\/\/grupohoymexico.com\/puebla\/wp-json\/wp\/v2\/posts\/79885","targetHints":{"allow":["GET"]}}],"collection":[{"href":"https:\/\/grupohoymexico.com\/puebla\/wp-json\/wp\/v2\/posts"}],"about":[{"href":"https:\/\/grupohoymexico.com\/puebla\/wp-json\/wp\/v2\/types\/post"}],"author":[{"embeddable":true,"href":"https:\/\/grupohoymexico.com\/puebla\/wp-json\/wp\/v2\/users\/34"}],"replies":[{"embeddable":true,"href":"https:\/\/grupohoymexico.com\/puebla\/wp-json\/wp\/v2\/comments?post=79885"}],"version-history":[{"count":1,"href":"https:\/\/grupohoymexico.com\/puebla\/wp-json\/wp\/v2\/posts\/79885\/revisions"}],"predecessor-version":[{"id":79901,"href":"https:\/\/grupohoymexico.com\/puebla\/wp-json\/wp\/v2\/posts\/79885\/revisions\/79901"}],"wp:featuredmedia":[{"embeddable":true,"href":"https:\/\/grupohoymexico.com\/puebla\/wp-json\/wp\/v2\/media\/79899"}],"wp:attachment":[{"href":"https:\/\/grupohoymexico.com\/puebla\/wp-json\/wp\/v2\/media?parent=79885"}],"wp:term":[{"taxonomy":"category","embeddable":true,"href":"https:\/\/grupohoymexico.com\/puebla\/wp-json\/wp\/v2\/categories?post=79885"},{"taxonomy":"post_tag","embeddable":true,"href":"https:\/\/grupohoymexico.com\/puebla\/wp-json\/wp\/v2\/tags?post=79885"}],"curies":[{"name":"wp","href":"https:\/\/api.w.org\/{rel}","templated":true}]}}