{"id":79879,"date":"2026-01-26T18:30:00","date_gmt":"2026-01-26T18:30:00","guid":{"rendered":"https:\/\/grupohoymexico.com\/puebla\/?p=79879"},"modified":"2026-01-26T18:14:29","modified_gmt":"2026-01-26T18:14:29","slug":"por-que-hay-un-cierre-en-la-autopista-mexico-puebla","status":"publish","type":"post","link":"https:\/\/grupohoymexico.com\/puebla\/2026\/01\/26\/por-que-hay-un-cierre-en-la-autopista-mexico-puebla\/","title":{"rendered":"\u00bfPor qu\u00e9 hay un cierre en la autopista M\u00e9xico-Puebla?"},"content":{"rendered":"<article><strong>Un cierre en la autopista M\u00e9xico-Puebla <\/strong>provoc\u00f3 afectaciones para los automovilistas en su tramo con direcci\u00f3n a Puebla durante los d\u00edas 26, 27 y 28 de enero de 2026.Caminos y Puentes Federales (<strong>Capufe<\/strong>) indic\u00f3 que estas afectaciones se concentraron en el kil\u00f3metro 28, donde se llevaron a cabo trabajos programados para mejorar la infraestructura y garantizar la seguridad de los usuarios. Durante este periodo, se implementaron cierres temporales de carriles que impactaron la circulaci\u00f3n hacia Puebla.<\/p>\n<h2>Detalles del cierre de la autopista M\u00e9xico-Puebla<\/h2>\n<p>Los cierres formaron parte de las labores habituales de conservaci\u00f3n que realiza <strong>Capufe<\/strong> sobre las autopistas de cuota a su cargo. La autopista M\u00e9xico-Puebla es uno de los principales corredores entre la Ciudad de M\u00e9xico y el estado de Puebla, con alta circulaci\u00f3n diaria de pasajeros y transporte de carga. Esta v\u00eda conecta dos importantes centros urbanos e integra redes log\u00edsticas y comerciales.<\/p>\n<p>Informes del 26 de enero indicaron que, pese a los cierres parciales hacia Puebla, la circulaci\u00f3n en sentido contrario, hacia la Ciudad de M\u00e9xico, permaneci\u00f3 libre, particularmente en el kil\u00f3metro 98, seg\u00fan reportes de autoridades viales. Esto permiti\u00f3 que el flujo vehicular hacia la capital no se viera afectado por las labores en el tramo opuesto.<\/p>\n<p>Adicionalmente, durante el mismo periodo se registraron cierres en otras v\u00edas de la regi\u00f3n. Entre ellas la carretera Puebla\u2013Tlaxcala, donde un tramo permaneci\u00f3 cerrado del 26 al 30 de enero, adem\u00e1s de ajustes en la circulaci\u00f3n por accidentes en la autopista Puebla-Orizaba. Estos incluyeron reducci\u00f3n de carriles e intervenci\u00f3n de agentes de seguridad tras la sustracci\u00f3n de carga tras una volcadura.<\/p>\n<p>Los cierres en la autopista M\u00e9xico-Puebla forman parte del compromiso institucional de <strong>Capufe<\/strong> para mantener en condiciones \u00f3ptimas las carreteras concesionadas. La entidad opera una extensa red de autopistas de cuota en M\u00e9xico y peri\u00f3dicamente realiza trabajos de mantenimiento preventivo y correctivo para minimizar riesgos y mejorar la fluidez vehicular.<\/p>\n<h2>Clave para el desarrollo econ\u00f3mico y de comunicaci\u00f3n<\/h2>\n<p>La autopista M\u00e9xico-Puebla tiene importancia econ\u00f3mica y social al conectar a la CDMX con el sureste del pa\u00eds. Las labores de mantenimiento y los cierres temporales, aunque generan afectaciones puntuales, responden a la necesidad de preservar la infraestructura y atender la demanda constante de movilidad segura.<\/p>\n<p>En resumen, los cierres parciales entre el 26 y 28 de enero de 2026 consistieron en el bloqueo temporal de carriles hacia Puebla en el kil\u00f3metro 28, realizados por <strong>Capufe<\/strong> para mantenimiento vial. La circulaci\u00f3n en direcci\u00f3n a la Ciudad de M\u00e9xico permaneci\u00f3 sin restricciones en ese tramo. Estas intervenciones son parte de las acciones regulares para garantizar la operatividad y seguridad de esta v\u00eda estrat\u00e9gica.<\/p>\n<p>Este tipo de informaci\u00f3n se enmarca en las actualizaciones sobre infraestructura vial dentro de la categor\u00eda <a href=\"https:\/\/grupohoymexico.com\/tlaxcala\/category\/nacional\/\">nacional<\/a>. Para mayor contexto sobre las acciones oficiales en caminos y puentes, el sitio de <a href=\"https:\/\/www.gob.mx\">Gobierno de M\u00e9xico<\/a> ofrece informaci\u00f3n oficial.<\/p>\n<\/article>\n","protected":false},"excerpt":{"rendered":"Un cierre en la autopista M\u00e9xico-Puebla provoc\u00f3 afectaciones para los automovilistas en su tramo con direcci\u00f3n a Puebla&hellip;","protected":false},"author":34,"featured_media":79895,"comment_status":"open","ping_status":"open","sticky":false,"template":"","format":"standard","meta":{"csco_display_header_overlay":false,"csco_singular_sidebar":"","csco_page_header_type":"","csco_page_load_nextpost":"","csco_post_video_location":[],"csco_post_video_location_hash":"","csco_post_video_url":"","csco_post_video_bg_start_time":0,"csco_post_video_bg_end_time":0,"footnotes":""},"categories":[29],"tags":[1378,3267],"class_list":{"0":"post-79879","1":"post","2":"type-post","3":"status-publish","4":"format-standard","5":"has-post-thumbnail","7":"category-estatal","8":"tag-autopista-mexico-puebla-2","9":"tag-capufe","10":"cs-entry","11":"cs-video-wrap"},"yoast_head":"<!-- This site is optimized with the Yoast SEO Premium plugin v24.7 (Yoast SEO v27.4) - https:\/\/yoast.com\/product\/yoast-seo-premium-wordpress\/ -->\n<title>\u00bfPor qu\u00e9 hay un cierre en la autopista M\u00e9xico-Puebla?<\/title>\n<meta name=\"description\" content=\"La autopista M\u00e9xico-Puebla cerr\u00f3 parcialmente carriles hacia Puebla del 26 al 28 de enero de 2026, inform\u00f3 Capufe.\" \/>\n<meta name=\"robots\" content=\"index, follow, max-snippet:-1, max-image-preview:large, max-video-preview:-1\" \/>\n<link rel=\"canonical\" href=\"https:\/\/grupohoymexico.com\/puebla\/2026\/01\/26\/por-que-hay-un-cierre-en-la-autopista-mexico-puebla\/\" \/>\n<meta property=\"og:locale\" content=\"es_MX\" \/>\n<meta property=\"og:type\" content=\"article\" \/>\n<meta property=\"og:title\" content=\"\u00bfPor qu\u00e9 hay un cierre en la autopista M\u00e9xico-Puebla?\" \/>\n<meta property=\"og:description\" content=\"La autopista M\u00e9xico-Puebla cerr\u00f3 parcialmente carriles hacia Puebla del 26 al 28 de enero de 2026, inform\u00f3 Capufe.\" \/>\n<meta property=\"og:url\" content=\"https:\/\/grupohoymexico.com\/puebla\/2026\/01\/26\/por-que-hay-un-cierre-en-la-autopista-mexico-puebla\/\" \/>\n<meta property=\"og:site_name\" content=\"Grupo Hoy Puebla\" \/>\n<meta property=\"article:published_time\" content=\"2026-01-26T18:30:00+00:00\" \/>\n<meta property=\"og:image\" content=\"https:\/\/grupohoymexico.com\/puebla\/wp-content\/uploads\/sites\/3\/2026\/01\/autopista_mexico_puebla_cierre_.jpeg\" \/>\n\t<meta property=\"og:image:width\" content=\"650\" \/>\n\t<meta property=\"og:image:height\" content=\"380\" \/>\n\t<meta property=\"og:image:type\" content=\"image\/jpeg\" \/>\n<meta name=\"author\" content=\"Redacci\u00f3n Grupo Hoy\" \/>\n<meta name=\"twitter:card\" content=\"summary_large_image\" \/>\n<meta name=\"twitter:label1\" content=\"Escrito por\" \/>\n\t<meta name=\"twitter:data1\" content=\"Redacci\u00f3n Grupo Hoy\" \/>\n\t<meta name=\"twitter:label2\" content=\"Tiempo de lectura\" \/>\n\t<meta name=\"twitter:data2\" content=\"3 minutos\" \/>\n<script type=\"application\/ld+json\" class=\"yoast-schema-graph\">{\"@context\":\"https:\\\/\\\/schema.org\",\"@graph\":[{\"@type\":\"Article\",\"@id\":\"https:\\\/\\\/grupohoymexico.com\\\/puebla\\\/2026\\\/01\\\/26\\\/por-que-hay-un-cierre-en-la-autopista-mexico-puebla\\\/#article\",\"isPartOf\":{\"@id\":\"https:\\\/\\\/grupohoymexico.com\\\/puebla\\\/2026\\\/01\\\/26\\\/por-que-hay-un-cierre-en-la-autopista-mexico-puebla\\\/\"},\"author\":{\"name\":\"Redacci\u00f3n Grupo Hoy\",\"@id\":\"https:\\\/\\\/grupohoymexico.com\\\/puebla\\\/#\\\/schema\\\/person\\\/bc870cc34e948548ddb62cf78ef8474b\"},\"headline\":\"\u00bfPor qu\u00e9 hay un cierre en la autopista M\u00e9xico-Puebla?\",\"datePublished\":\"2026-01-26T18:30:00+00:00\",\"mainEntityOfPage\":{\"@id\":\"https:\\\/\\\/grupohoymexico.com\\\/puebla\\\/2026\\\/01\\\/26\\\/por-que-hay-un-cierre-en-la-autopista-mexico-puebla\\\/\"},\"wordCount\":510,\"commentCount\":0,\"image\":{\"@id\":\"https:\\\/\\\/grupohoymexico.com\\\/puebla\\\/2026\\\/01\\\/26\\\/por-que-hay-un-cierre-en-la-autopista-mexico-puebla\\\/#primaryimage\"},\"thumbnailUrl\":\"https:\\\/\\\/grupohoymexico.com\\\/puebla\\\/wp-content\\\/uploads\\\/sites\\\/3\\\/2026\\\/01\\\/autopista_mexico_puebla_cierre_.jpeg\",\"keywords\":[\"autopista M\u00e9xico-Puebla\",\"Capufe\"],\"articleSection\":[\"Estatal\"],\"inLanguage\":\"es\",\"potentialAction\":[{\"@type\":\"CommentAction\",\"name\":\"Comment\",\"target\":[\"https:\\\/\\\/grupohoymexico.com\\\/puebla\\\/2026\\\/01\\\/26\\\/por-que-hay-un-cierre-en-la-autopista-mexico-puebla\\\/#respond\"]}]},{\"@type\":\"WebPage\",\"@id\":\"https:\\\/\\\/grupohoymexico.com\\\/puebla\\\/2026\\\/01\\\/26\\\/por-que-hay-un-cierre-en-la-autopista-mexico-puebla\\\/\",\"url\":\"https:\\\/\\\/grupohoymexico.com\\\/puebla\\\/2026\\\/01\\\/26\\\/por-que-hay-un-cierre-en-la-autopista-mexico-puebla\\\/\",\"name\":\"\u00bfPor qu\u00e9 hay un cierre en la autopista M\u00e9xico-Puebla?\",\"isPartOf\":{\"@id\":\"https:\\\/\\\/grupohoymexico.com\\\/puebla\\\/#website\"},\"primaryImageOfPage\":{\"@id\":\"https:\\\/\\\/grupohoymexico.com\\\/puebla\\\/2026\\\/01\\\/26\\\/por-que-hay-un-cierre-en-la-autopista-mexico-puebla\\\/#primaryimage\"},\"image\":{\"@id\":\"https:\\\/\\\/grupohoymexico.com\\\/puebla\\\/2026\\\/01\\\/26\\\/por-que-hay-un-cierre-en-la-autopista-mexico-puebla\\\/#primaryimage\"},\"thumbnailUrl\":\"https:\\\/\\\/grupohoymexico.com\\\/puebla\\\/wp-content\\\/uploads\\\/sites\\\/3\\\/2026\\\/01\\\/autopista_mexico_puebla_cierre_.jpeg\",\"datePublished\":\"2026-01-26T18:30:00+00:00\",\"author\":{\"@id\":\"https:\\\/\\\/grupohoymexico.com\\\/puebla\\\/#\\\/schema\\\/person\\\/bc870cc34e948548ddb62cf78ef8474b\"},\"description\":\"La autopista M\u00e9xico-Puebla cerr\u00f3 parcialmente carriles hacia Puebla del 26 al 28 de enero de 2026, inform\u00f3 Capufe.\",\"breadcrumb\":{\"@id\":\"https:\\\/\\\/grupohoymexico.com\\\/puebla\\\/2026\\\/01\\\/26\\\/por-que-hay-un-cierre-en-la-autopista-mexico-puebla\\\/#breadcrumb\"},\"inLanguage\":\"es\",\"potentialAction\":[{\"@type\":\"ReadAction\",\"target\":[\"https:\\\/\\\/grupohoymexico.com\\\/puebla\\\/2026\\\/01\\\/26\\\/por-que-hay-un-cierre-en-la-autopista-mexico-puebla\\\/\"]}]},{\"@type\":\"ImageObject\",\"inLanguage\":\"es\",\"@id\":\"https:\\\/\\\/grupohoymexico.com\\\/puebla\\\/2026\\\/01\\\/26\\\/por-que-hay-un-cierre-en-la-autopista-mexico-puebla\\\/#primaryimage\",\"url\":\"https:\\\/\\\/grupohoymexico.com\\\/puebla\\\/wp-content\\\/uploads\\\/sites\\\/3\\\/2026\\\/01\\\/autopista_mexico_puebla_cierre_.jpeg\",\"contentUrl\":\"https:\\\/\\\/grupohoymexico.com\\\/puebla\\\/wp-content\\\/uploads\\\/sites\\\/3\\\/2026\\\/01\\\/autopista_mexico_puebla_cierre_.jpeg\",\"width\":650,\"height\":380,\"caption\":\"Foto: Gobierno de M\u00e9xico\"},{\"@type\":\"BreadcrumbList\",\"@id\":\"https:\\\/\\\/grupohoymexico.com\\\/puebla\\\/2026\\\/01\\\/26\\\/por-que-hay-un-cierre-en-la-autopista-mexico-puebla\\\/#breadcrumb\",\"itemListElement\":[{\"@type\":\"ListItem\",\"position\":1,\"name\":\"Inicio\",\"item\":\"https:\\\/\\\/grupohoymexico.com\\\/puebla\\\/\"},{\"@type\":\"ListItem\",\"position\":2,\"name\":\"\u00bfPor qu\u00e9 hay un cierre en la autopista M\u00e9xico-Puebla?\"}]},{\"@type\":\"WebSite\",\"@id\":\"https:\\\/\\\/grupohoymexico.com\\\/puebla\\\/#website\",\"url\":\"https:\\\/\\\/grupohoymexico.com\\\/puebla\\\/\",\"name\":\"Grupo Hoy Puebla\",\"description\":\"\",\"potentialAction\":[{\"@type\":\"SearchAction\",\"target\":{\"@type\":\"EntryPoint\",\"urlTemplate\":\"https:\\\/\\\/grupohoymexico.com\\\/puebla\\\/?s={search_term_string}\"},\"query-input\":{\"@type\":\"PropertyValueSpecification\",\"valueRequired\":true,\"valueName\":\"search_term_string\"}}],\"inLanguage\":\"es\"},{\"@type\":\"Person\",\"@id\":\"https:\\\/\\\/grupohoymexico.com\\\/puebla\\\/#\\\/schema\\\/person\\\/bc870cc34e948548ddb62cf78ef8474b\",\"name\":\"Redacci\u00f3n Grupo Hoy\",\"image\":{\"@type\":\"ImageObject\",\"inLanguage\":\"es\",\"@id\":\"https:\\\/\\\/secure.gravatar.com\\\/avatar\\\/e8a44ae8f1b7592837f8c496178e70e065758a27945df208805f8cf6fdd56893?s=96&d=mm&r=g\",\"url\":\"https:\\\/\\\/secure.gravatar.com\\\/avatar\\\/e8a44ae8f1b7592837f8c496178e70e065758a27945df208805f8cf6fdd56893?s=96&d=mm&r=g\",\"contentUrl\":\"https:\\\/\\\/secure.gravatar.com\\\/avatar\\\/e8a44ae8f1b7592837f8c496178e70e065758a27945df208805f8cf6fdd56893?s=96&d=mm&r=g\",\"caption\":\"Redacci\u00f3n Grupo Hoy\"},\"url\":\"https:\\\/\\\/grupohoymexico.com\\\/puebla\\\/author\\\/redaccion\\\/\"}]}<\/script>\n<!-- \/ Yoast SEO Premium plugin. -->","yoast_head_json":{"title":"\u00bfPor qu\u00e9 hay un cierre en la autopista M\u00e9xico-Puebla?","description":"La autopista M\u00e9xico-Puebla cerr\u00f3 parcialmente carriles hacia Puebla del 26 al 28 de enero de 2026, inform\u00f3 Capufe.","robots":{"index":"index","follow":"follow","max-snippet":"max-snippet:-1","max-image-preview":"max-image-preview:large","max-video-preview":"max-video-preview:-1"},"canonical":"https:\/\/grupohoymexico.com\/puebla\/2026\/01\/26\/por-que-hay-un-cierre-en-la-autopista-mexico-puebla\/","og_locale":"es_MX","og_type":"article","og_title":"\u00bfPor qu\u00e9 hay un cierre en la autopista M\u00e9xico-Puebla?","og_description":"La autopista M\u00e9xico-Puebla cerr\u00f3 parcialmente carriles hacia Puebla del 26 al 28 de enero de 2026, inform\u00f3 Capufe.","og_url":"https:\/\/grupohoymexico.com\/puebla\/2026\/01\/26\/por-que-hay-un-cierre-en-la-autopista-mexico-puebla\/","og_site_name":"Grupo Hoy Puebla","article_published_time":"2026-01-26T18:30:00+00:00","og_image":[{"width":650,"height":380,"url":"https:\/\/grupohoymexico.com\/puebla\/wp-content\/uploads\/sites\/3\/2026\/01\/autopista_mexico_puebla_cierre_.jpeg","type":"image\/jpeg"}],"author":"Redacci\u00f3n Grupo Hoy","twitter_card":"summary_large_image","twitter_misc":{"Escrito por":"Redacci\u00f3n Grupo Hoy","Tiempo de lectura":"3 minutos"},"schema":{"@context":"https:\/\/schema.org","@graph":[{"@type":"Article","@id":"https:\/\/grupohoymexico.com\/puebla\/2026\/01\/26\/por-que-hay-un-cierre-en-la-autopista-mexico-puebla\/#article","isPartOf":{"@id":"https:\/\/grupohoymexico.com\/puebla\/2026\/01\/26\/por-que-hay-un-cierre-en-la-autopista-mexico-puebla\/"},"author":{"name":"Redacci\u00f3n Grupo Hoy","@id":"https:\/\/grupohoymexico.com\/puebla\/#\/schema\/person\/bc870cc34e948548ddb62cf78ef8474b"},"headline":"\u00bfPor qu\u00e9 hay un cierre en la autopista M\u00e9xico-Puebla?","datePublished":"2026-01-26T18:30:00+00:00","mainEntityOfPage":{"@id":"https:\/\/grupohoymexico.com\/puebla\/2026\/01\/26\/por-que-hay-un-cierre-en-la-autopista-mexico-puebla\/"},"wordCount":510,"commentCount":0,"image":{"@id":"https:\/\/grupohoymexico.com\/puebla\/2026\/01\/26\/por-que-hay-un-cierre-en-la-autopista-mexico-puebla\/#primaryimage"},"thumbnailUrl":"https:\/\/grupohoymexico.com\/puebla\/wp-content\/uploads\/sites\/3\/2026\/01\/autopista_mexico_puebla_cierre_.jpeg","keywords":["autopista M\u00e9xico-Puebla","Capufe"],"articleSection":["Estatal"],"inLanguage":"es","potentialAction":[{"@type":"CommentAction","name":"Comment","target":["https:\/\/grupohoymexico.com\/puebla\/2026\/01\/26\/por-que-hay-un-cierre-en-la-autopista-mexico-puebla\/#respond"]}]},{"@type":"WebPage","@id":"https:\/\/grupohoymexico.com\/puebla\/2026\/01\/26\/por-que-hay-un-cierre-en-la-autopista-mexico-puebla\/","url":"https:\/\/grupohoymexico.com\/puebla\/2026\/01\/26\/por-que-hay-un-cierre-en-la-autopista-mexico-puebla\/","name":"\u00bfPor qu\u00e9 hay un cierre en la autopista M\u00e9xico-Puebla?","isPartOf":{"@id":"https:\/\/grupohoymexico.com\/puebla\/#website"},"primaryImageOfPage":{"@id":"https:\/\/grupohoymexico.com\/puebla\/2026\/01\/26\/por-que-hay-un-cierre-en-la-autopista-mexico-puebla\/#primaryimage"},"image":{"@id":"https:\/\/grupohoymexico.com\/puebla\/2026\/01\/26\/por-que-hay-un-cierre-en-la-autopista-mexico-puebla\/#primaryimage"},"thumbnailUrl":"https:\/\/grupohoymexico.com\/puebla\/wp-content\/uploads\/sites\/3\/2026\/01\/autopista_mexico_puebla_cierre_.jpeg","datePublished":"2026-01-26T18:30:00+00:00","author":{"@id":"https:\/\/grupohoymexico.com\/puebla\/#\/schema\/person\/bc870cc34e948548ddb62cf78ef8474b"},"description":"La autopista M\u00e9xico-Puebla cerr\u00f3 parcialmente carriles hacia Puebla del 26 al 28 de enero de 2026, inform\u00f3 Capufe.","breadcrumb":{"@id":"https:\/\/grupohoymexico.com\/puebla\/2026\/01\/26\/por-que-hay-un-cierre-en-la-autopista-mexico-puebla\/#breadcrumb"},"inLanguage":"es","potentialAction":[{"@type":"ReadAction","target":["https:\/\/grupohoymexico.com\/puebla\/2026\/01\/26\/por-que-hay-un-cierre-en-la-autopista-mexico-puebla\/"]}]},{"@type":"ImageObject","inLanguage":"es","@id":"https:\/\/grupohoymexico.com\/puebla\/2026\/01\/26\/por-que-hay-un-cierre-en-la-autopista-mexico-puebla\/#primaryimage","url":"https:\/\/grupohoymexico.com\/puebla\/wp-content\/uploads\/sites\/3\/2026\/01\/autopista_mexico_puebla_cierre_.jpeg","contentUrl":"https:\/\/grupohoymexico.com\/puebla\/wp-content\/uploads\/sites\/3\/2026\/01\/autopista_mexico_puebla_cierre_.jpeg","width":650,"height":380,"caption":"Foto: Gobierno de M\u00e9xico"},{"@type":"BreadcrumbList","@id":"https:\/\/grupohoymexico.com\/puebla\/2026\/01\/26\/por-que-hay-un-cierre-en-la-autopista-mexico-puebla\/#breadcrumb","itemListElement":[{"@type":"ListItem","position":1,"name":"Inicio","item":"https:\/\/grupohoymexico.com\/puebla\/"},{"@type":"ListItem","position":2,"name":"\u00bfPor qu\u00e9 hay un cierre en la autopista M\u00e9xico-Puebla?"}]},{"@type":"WebSite","@id":"https:\/\/grupohoymexico.com\/puebla\/#website","url":"https:\/\/grupohoymexico.com\/puebla\/","name":"Grupo Hoy Puebla","description":"","potentialAction":[{"@type":"SearchAction","target":{"@type":"EntryPoint","urlTemplate":"https:\/\/grupohoymexico.com\/puebla\/?s={search_term_string}"},"query-input":{"@type":"PropertyValueSpecification","valueRequired":true,"valueName":"search_term_string"}}],"inLanguage":"es"},{"@type":"Person","@id":"https:\/\/grupohoymexico.com\/puebla\/#\/schema\/person\/bc870cc34e948548ddb62cf78ef8474b","name":"Redacci\u00f3n Grupo Hoy","image":{"@type":"ImageObject","inLanguage":"es","@id":"https:\/\/secure.gravatar.com\/avatar\/e8a44ae8f1b7592837f8c496178e70e065758a27945df208805f8cf6fdd56893?s=96&d=mm&r=g","url":"https:\/\/secure.gravatar.com\/avatar\/e8a44ae8f1b7592837f8c496178e70e065758a27945df208805f8cf6fdd56893?s=96&d=mm&r=g","contentUrl":"https:\/\/secure.gravatar.com\/avatar\/e8a44ae8f1b7592837f8c496178e70e065758a27945df208805f8cf6fdd56893?s=96&d=mm&r=g","caption":"Redacci\u00f3n Grupo Hoy"},"url":"https:\/\/grupohoymexico.com\/puebla\/author\/redaccion\/"}]}},"_links":{"self":[{"href":"https:\/\/grupohoymexico.com\/puebla\/wp-json\/wp\/v2\/posts\/79879","targetHints":{"allow":["GET"]}}],"collection":[{"href":"https:\/\/grupohoymexico.com\/puebla\/wp-json\/wp\/v2\/posts"}],"about":[{"href":"https:\/\/grupohoymexico.com\/puebla\/wp-json\/wp\/v2\/types\/post"}],"author":[{"embeddable":true,"href":"https:\/\/grupohoymexico.com\/puebla\/wp-json\/wp\/v2\/users\/34"}],"replies":[{"embeddable":true,"href":"https:\/\/grupohoymexico.com\/puebla\/wp-json\/wp\/v2\/comments?post=79879"}],"version-history":[{"count":2,"href":"https:\/\/grupohoymexico.com\/puebla\/wp-json\/wp\/v2\/posts\/79879\/revisions"}],"predecessor-version":[{"id":79902,"href":"https:\/\/grupohoymexico.com\/puebla\/wp-json\/wp\/v2\/posts\/79879\/revisions\/79902"}],"wp:featuredmedia":[{"embeddable":true,"href":"https:\/\/grupohoymexico.com\/puebla\/wp-json\/wp\/v2\/media\/79895"}],"wp:attachment":[{"href":"https:\/\/grupohoymexico.com\/puebla\/wp-json\/wp\/v2\/media?parent=79879"}],"wp:term":[{"taxonomy":"category","embeddable":true,"href":"https:\/\/grupohoymexico.com\/puebla\/wp-json\/wp\/v2\/categories?post=79879"},{"taxonomy":"post_tag","embeddable":true,"href":"https:\/\/grupohoymexico.com\/puebla\/wp-json\/wp\/v2\/tags?post=79879"}],"curies":[{"name":"wp","href":"https:\/\/api.w.org\/{rel}","templated":true}]}}