{"id":79877,"date":"2026-01-26T19:00:00","date_gmt":"2026-01-26T19:00:00","guid":{"rendered":"https:\/\/grupohoymexico.com\/puebla\/?p=79877"},"modified":"2026-01-26T17:52:21","modified_gmt":"2026-01-26T17:52:21","slug":"isstep-lanza-jornada-de-vasectomia-sin-bisturi-cuando-y-donde-se-hara","status":"publish","type":"post","link":"https:\/\/grupohoymexico.com\/puebla\/2026\/01\/26\/isstep-lanza-jornada-de-vasectomia-sin-bisturi-cuando-y-donde-se-hara\/","title":{"rendered":"ISSTEP lanza jornada de vasectom\u00eda sin bistur\u00ed: \u00bfCu\u00e1ndo y d\u00f3nde se har\u00e1?"},"content":{"rendered":"<article>El Instituto de Seguridad y Servicios Sociales de los Trabajadores del Estado de Puebla (ISSSTEP) confirm\u00f3 la realizaci\u00f3n de una <strong>jornada vasectom\u00eda sin bistur\u00ed<\/strong> para 2026. Esta campa\u00f1a forma parte de las acciones promovidas por la instituci\u00f3n para ofrecer m\u00e9todos anticonceptivos accesibles y seguros dentro del sistema de salud p\u00fablica estatal.<\/p>\n<h2>Detalles sobre la jornada vasectom\u00eda sin bistur\u00ed y otros servicios de salud<\/h2>\n<p>La vasectom\u00eda sin bistur\u00ed es un procedimiento quir\u00fargico ambulatorio que se caracteriza por ser m\u00ednimamente invasivo y de r\u00e1pida recuperaci\u00f3n. Este m\u00e9todo evita el uso del bistur\u00ed tradicional, lo que reduce el riesgo de complicaciones y mejora la experiencia del paciente. La iniciativa busca atender la demanda por opciones permanentes de planificaci\u00f3n familiar, principalmente en poblaci\u00f3n masculina perteneciente al ISSSTEP.<\/p>\n<p>Adem\u00e1s de esta jornada, el ISSSTEP mantiene vigente la aplicaci\u00f3n de vacunas contra el sarampi\u00f3n, la rub\u00e9ola y las paperas, con el fin de contener la circulaci\u00f3n de estas enfermedades en la regi\u00f3n. En enero de 2026, la Secretar\u00eda de Salud del estado confirm\u00f3 dos casos de contagio de sarampi\u00f3n, uno de ellos en un menor de edad, motivo por el cual se han reforzado las campa\u00f1as de inmunizaci\u00f3n.<\/p>\n<p>En el contexto estatal, tambi\u00e9n se ha anunciado un operativo especial de salud relacionado con el Mundial de F\u00fatbol 2026. Esta estrategia pretende proporcionar atenci\u00f3n m\u00e9dica oportuna y prevenir emergencias durante eventos masivos que implican un incremento significativo en la movilidad y concentraci\u00f3n de personas, lo que puede elevar el riesgo de contagios y situaciones cr\u00edticas de salud p\u00fablica.<\/p>\n<p>En paralelo, autoridades del ISSSTEP recomendaron retomar el uso de cubrebocas en espacios cerrados o con aglomeraciones para reducir la transmisi\u00f3n de enfermedades respiratorias como influenza, COVID-19 y sarampi\u00f3n, en consonancia con la vigilancia epidemiol\u00f3gica actual. Estas medidas se inscriben dentro del marco institucional y legal de salud p\u00fablica que regula la prevenci\u00f3n y control de enfermedades en el estado.<\/p>\n<p>El ISSSTEP, como entidad p\u00fablica encargada de brindar servicios m\u00e9dicos y de seguridad social a los trabajadores del Estado, sigue impulsando estas acciones en marco de sus facultades y obligaciones para preservar la salud de la poblaci\u00f3n derechohabiente. La implementaci\u00f3n de la jornada de vasectom\u00eda sin bistur\u00ed y las campa\u00f1as de vacunaci\u00f3n constituyen parte del programa integral de salud sexual y reproductiva y prevenci\u00f3n de enfermedades infecciosas vigente en Puebla, informaci\u00f3n vinculada con la categor\u00eda <a href=\"https:\/\/grupohoymexico.com\/tlaxcala\/category\/estatal\/\">estatal<\/a>.<\/p>\n<p>Para m\u00e1s detalles sobre estos procedimientos y campa\u00f1as, el sitio oficial del Gobierno de M\u00e9xico ofrece datos complementarios sobre salud p\u00fablica y servicios m\u00e9dicos <a href=\"https:\/\/www.gob.mx\">gob.mx<\/a>.<\/p>\n<\/article>\n","protected":false},"excerpt":{"rendered":"El Instituto de Seguridad y Servicios Sociales de los Trabajadores del Estado de Puebla (ISSSTEP) confirm\u00f3 la realizaci\u00f3n&hellip;","protected":false},"author":34,"featured_media":79897,"comment_status":"open","ping_status":"open","sticky":false,"template":"","format":"standard","meta":{"csco_display_header_overlay":false,"csco_singular_sidebar":"","csco_page_header_type":"","csco_page_load_nextpost":"","csco_post_video_location":[],"csco_post_video_location_hash":"","csco_post_video_url":"","csco_post_video_bg_start_time":0,"csco_post_video_bg_end_time":0,"footnotes":""},"categories":[29],"tags":[3526,3525],"class_list":{"0":"post-79877","1":"post","2":"type-post","3":"status-publish","4":"format-standard","5":"has-post-thumbnail","7":"category-estatal","8":"tag-isstep","9":"tag-vasectomia-sin-bisturi","10":"cs-entry","11":"cs-video-wrap"},"yoast_head":"<!-- This site is optimized with the Yoast SEO Premium plugin v24.7 (Yoast SEO v27.4) - https:\/\/yoast.com\/product\/yoast-seo-premium-wordpress\/ -->\n<title>ISSTEP lanza jornada de vasectom\u00eda sin bistur\u00ed<\/title>\n<meta name=\"description\" content=\"El ISSSTEP confirm\u00f3 una jornada de vasectom\u00eda sin bistur\u00ed en 2026, como parte de su programa de m\u00e9todos anticonceptivos en Puebla.\" \/>\n<meta name=\"robots\" content=\"index, follow, max-snippet:-1, max-image-preview:large, max-video-preview:-1\" \/>\n<link rel=\"canonical\" href=\"https:\/\/grupohoymexico.com\/puebla\/2026\/01\/26\/isstep-lanza-jornada-de-vasectomia-sin-bisturi-cuando-y-donde-se-hara\/\" \/>\n<meta property=\"og:locale\" content=\"es_MX\" \/>\n<meta property=\"og:type\" content=\"article\" \/>\n<meta property=\"og:title\" content=\"ISSTEP lanza jornada de vasectom\u00eda sin bistur\u00ed: \u00bfCu\u00e1ndo y d\u00f3nde se har\u00e1?\" \/>\n<meta property=\"og:description\" content=\"El ISSSTEP confirm\u00f3 una jornada de vasectom\u00eda sin bistur\u00ed en 2026, como parte de su programa de m\u00e9todos anticonceptivos en Puebla.\" \/>\n<meta property=\"og:url\" content=\"https:\/\/grupohoymexico.com\/puebla\/2026\/01\/26\/isstep-lanza-jornada-de-vasectomia-sin-bisturi-cuando-y-donde-se-hara\/\" \/>\n<meta property=\"og:site_name\" content=\"Grupo Hoy Puebla\" \/>\n<meta property=\"article:published_time\" content=\"2026-01-26T19:00:00+00:00\" \/>\n<meta property=\"og:image\" content=\"https:\/\/grupohoymexico.com\/puebla\/wp-content\/uploads\/sites\/3\/2026\/01\/issstep_vasectomia_sin_bisturi_.jpg\" \/>\n\t<meta property=\"og:image:width\" content=\"1280\" \/>\n\t<meta property=\"og:image:height\" content=\"740\" \/>\n\t<meta property=\"og:image:type\" content=\"image\/jpeg\" \/>\n<meta name=\"author\" content=\"Redacci\u00f3n Grupo Hoy\" \/>\n<meta name=\"twitter:card\" content=\"summary_large_image\" \/>\n<meta name=\"twitter:label1\" content=\"Escrito por\" \/>\n\t<meta name=\"twitter:data1\" content=\"Redacci\u00f3n Grupo Hoy\" \/>\n\t<meta name=\"twitter:label2\" content=\"Tiempo de lectura\" \/>\n\t<meta name=\"twitter:data2\" content=\"3 minutos\" \/>\n<script type=\"application\/ld+json\" class=\"yoast-schema-graph\">{\"@context\":\"https:\\\/\\\/schema.org\",\"@graph\":[{\"@type\":\"Article\",\"@id\":\"https:\\\/\\\/grupohoymexico.com\\\/puebla\\\/2026\\\/01\\\/26\\\/isstep-lanza-jornada-de-vasectomia-sin-bisturi-cuando-y-donde-se-hara\\\/#article\",\"isPartOf\":{\"@id\":\"https:\\\/\\\/grupohoymexico.com\\\/puebla\\\/2026\\\/01\\\/26\\\/isstep-lanza-jornada-de-vasectomia-sin-bisturi-cuando-y-donde-se-hara\\\/\"},\"author\":{\"name\":\"Redacci\u00f3n Grupo Hoy\",\"@id\":\"https:\\\/\\\/grupohoymexico.com\\\/puebla\\\/#\\\/schema\\\/person\\\/bc870cc34e948548ddb62cf78ef8474b\"},\"headline\":\"ISSTEP lanza jornada de vasectom\u00eda sin bistur\u00ed: \u00bfCu\u00e1ndo y d\u00f3nde se har\u00e1?\",\"datePublished\":\"2026-01-26T19:00:00+00:00\",\"mainEntityOfPage\":{\"@id\":\"https:\\\/\\\/grupohoymexico.com\\\/puebla\\\/2026\\\/01\\\/26\\\/isstep-lanza-jornada-de-vasectomia-sin-bisturi-cuando-y-donde-se-hara\\\/\"},\"wordCount\":477,\"commentCount\":0,\"image\":{\"@id\":\"https:\\\/\\\/grupohoymexico.com\\\/puebla\\\/2026\\\/01\\\/26\\\/isstep-lanza-jornada-de-vasectomia-sin-bisturi-cuando-y-donde-se-hara\\\/#primaryimage\"},\"thumbnailUrl\":\"https:\\\/\\\/grupohoymexico.com\\\/puebla\\\/wp-content\\\/uploads\\\/sites\\\/3\\\/2026\\\/01\\\/issstep_vasectomia_sin_bisturi_.jpg\",\"keywords\":[\"ISSTEP\",\"Vasectom\u00eda sin bistur\u00ed\"],\"articleSection\":[\"Estatal\"],\"inLanguage\":\"es\",\"potentialAction\":[{\"@type\":\"CommentAction\",\"name\":\"Comment\",\"target\":[\"https:\\\/\\\/grupohoymexico.com\\\/puebla\\\/2026\\\/01\\\/26\\\/isstep-lanza-jornada-de-vasectomia-sin-bisturi-cuando-y-donde-se-hara\\\/#respond\"]}]},{\"@type\":\"WebPage\",\"@id\":\"https:\\\/\\\/grupohoymexico.com\\\/puebla\\\/2026\\\/01\\\/26\\\/isstep-lanza-jornada-de-vasectomia-sin-bisturi-cuando-y-donde-se-hara\\\/\",\"url\":\"https:\\\/\\\/grupohoymexico.com\\\/puebla\\\/2026\\\/01\\\/26\\\/isstep-lanza-jornada-de-vasectomia-sin-bisturi-cuando-y-donde-se-hara\\\/\",\"name\":\"ISSTEP lanza jornada de vasectom\u00eda sin bistur\u00ed\",\"isPartOf\":{\"@id\":\"https:\\\/\\\/grupohoymexico.com\\\/puebla\\\/#website\"},\"primaryImageOfPage\":{\"@id\":\"https:\\\/\\\/grupohoymexico.com\\\/puebla\\\/2026\\\/01\\\/26\\\/isstep-lanza-jornada-de-vasectomia-sin-bisturi-cuando-y-donde-se-hara\\\/#primaryimage\"},\"image\":{\"@id\":\"https:\\\/\\\/grupohoymexico.com\\\/puebla\\\/2026\\\/01\\\/26\\\/isstep-lanza-jornada-de-vasectomia-sin-bisturi-cuando-y-donde-se-hara\\\/#primaryimage\"},\"thumbnailUrl\":\"https:\\\/\\\/grupohoymexico.com\\\/puebla\\\/wp-content\\\/uploads\\\/sites\\\/3\\\/2026\\\/01\\\/issstep_vasectomia_sin_bisturi_.jpg\",\"datePublished\":\"2026-01-26T19:00:00+00:00\",\"author\":{\"@id\":\"https:\\\/\\\/grupohoymexico.com\\\/puebla\\\/#\\\/schema\\\/person\\\/bc870cc34e948548ddb62cf78ef8474b\"},\"description\":\"El ISSSTEP confirm\u00f3 una jornada de vasectom\u00eda sin bistur\u00ed en 2026, como parte de su programa de m\u00e9todos anticonceptivos en Puebla.\",\"breadcrumb\":{\"@id\":\"https:\\\/\\\/grupohoymexico.com\\\/puebla\\\/2026\\\/01\\\/26\\\/isstep-lanza-jornada-de-vasectomia-sin-bisturi-cuando-y-donde-se-hara\\\/#breadcrumb\"},\"inLanguage\":\"es\",\"potentialAction\":[{\"@type\":\"ReadAction\",\"target\":[\"https:\\\/\\\/grupohoymexico.com\\\/puebla\\\/2026\\\/01\\\/26\\\/isstep-lanza-jornada-de-vasectomia-sin-bisturi-cuando-y-donde-se-hara\\\/\"]}]},{\"@type\":\"ImageObject\",\"inLanguage\":\"es\",\"@id\":\"https:\\\/\\\/grupohoymexico.com\\\/puebla\\\/2026\\\/01\\\/26\\\/isstep-lanza-jornada-de-vasectomia-sin-bisturi-cuando-y-donde-se-hara\\\/#primaryimage\",\"url\":\"https:\\\/\\\/grupohoymexico.com\\\/puebla\\\/wp-content\\\/uploads\\\/sites\\\/3\\\/2026\\\/01\\\/issstep_vasectomia_sin_bisturi_.jpg\",\"contentUrl\":\"https:\\\/\\\/grupohoymexico.com\\\/puebla\\\/wp-content\\\/uploads\\\/sites\\\/3\\\/2026\\\/01\\\/issstep_vasectomia_sin_bisturi_.jpg\",\"width\":1280,\"height\":740,\"caption\":\"Foto: Freepik\"},{\"@type\":\"BreadcrumbList\",\"@id\":\"https:\\\/\\\/grupohoymexico.com\\\/puebla\\\/2026\\\/01\\\/26\\\/isstep-lanza-jornada-de-vasectomia-sin-bisturi-cuando-y-donde-se-hara\\\/#breadcrumb\",\"itemListElement\":[{\"@type\":\"ListItem\",\"position\":1,\"name\":\"Inicio\",\"item\":\"https:\\\/\\\/grupohoymexico.com\\\/puebla\\\/\"},{\"@type\":\"ListItem\",\"position\":2,\"name\":\"ISSTEP lanza jornada de vasectom\u00eda sin bistur\u00ed: \u00bfCu\u00e1ndo y d\u00f3nde se har\u00e1?\"}]},{\"@type\":\"WebSite\",\"@id\":\"https:\\\/\\\/grupohoymexico.com\\\/puebla\\\/#website\",\"url\":\"https:\\\/\\\/grupohoymexico.com\\\/puebla\\\/\",\"name\":\"Grupo Hoy Puebla\",\"description\":\"\",\"potentialAction\":[{\"@type\":\"SearchAction\",\"target\":{\"@type\":\"EntryPoint\",\"urlTemplate\":\"https:\\\/\\\/grupohoymexico.com\\\/puebla\\\/?s={search_term_string}\"},\"query-input\":{\"@type\":\"PropertyValueSpecification\",\"valueRequired\":true,\"valueName\":\"search_term_string\"}}],\"inLanguage\":\"es\"},{\"@type\":\"Person\",\"@id\":\"https:\\\/\\\/grupohoymexico.com\\\/puebla\\\/#\\\/schema\\\/person\\\/bc870cc34e948548ddb62cf78ef8474b\",\"name\":\"Redacci\u00f3n Grupo Hoy\",\"image\":{\"@type\":\"ImageObject\",\"inLanguage\":\"es\",\"@id\":\"https:\\\/\\\/secure.gravatar.com\\\/avatar\\\/e8a44ae8f1b7592837f8c496178e70e065758a27945df208805f8cf6fdd56893?s=96&d=mm&r=g\",\"url\":\"https:\\\/\\\/secure.gravatar.com\\\/avatar\\\/e8a44ae8f1b7592837f8c496178e70e065758a27945df208805f8cf6fdd56893?s=96&d=mm&r=g\",\"contentUrl\":\"https:\\\/\\\/secure.gravatar.com\\\/avatar\\\/e8a44ae8f1b7592837f8c496178e70e065758a27945df208805f8cf6fdd56893?s=96&d=mm&r=g\",\"caption\":\"Redacci\u00f3n Grupo Hoy\"},\"url\":\"https:\\\/\\\/grupohoymexico.com\\\/puebla\\\/author\\\/redaccion\\\/\"}]}<\/script>\n<!-- \/ Yoast SEO Premium plugin. -->","yoast_head_json":{"title":"ISSTEP lanza jornada de vasectom\u00eda sin bistur\u00ed","description":"El ISSSTEP confirm\u00f3 una jornada de vasectom\u00eda sin bistur\u00ed en 2026, como parte de su programa de m\u00e9todos anticonceptivos en Puebla.","robots":{"index":"index","follow":"follow","max-snippet":"max-snippet:-1","max-image-preview":"max-image-preview:large","max-video-preview":"max-video-preview:-1"},"canonical":"https:\/\/grupohoymexico.com\/puebla\/2026\/01\/26\/isstep-lanza-jornada-de-vasectomia-sin-bisturi-cuando-y-donde-se-hara\/","og_locale":"es_MX","og_type":"article","og_title":"ISSTEP lanza jornada de vasectom\u00eda sin bistur\u00ed: \u00bfCu\u00e1ndo y d\u00f3nde se har\u00e1?","og_description":"El ISSSTEP confirm\u00f3 una jornada de vasectom\u00eda sin bistur\u00ed en 2026, como parte de su programa de m\u00e9todos anticonceptivos en Puebla.","og_url":"https:\/\/grupohoymexico.com\/puebla\/2026\/01\/26\/isstep-lanza-jornada-de-vasectomia-sin-bisturi-cuando-y-donde-se-hara\/","og_site_name":"Grupo Hoy Puebla","article_published_time":"2026-01-26T19:00:00+00:00","og_image":[{"width":1280,"height":740,"url":"https:\/\/grupohoymexico.com\/puebla\/wp-content\/uploads\/sites\/3\/2026\/01\/issstep_vasectomia_sin_bisturi_.jpg","type":"image\/jpeg"}],"author":"Redacci\u00f3n Grupo Hoy","twitter_card":"summary_large_image","twitter_misc":{"Escrito por":"Redacci\u00f3n Grupo Hoy","Tiempo de lectura":"3 minutos"},"schema":{"@context":"https:\/\/schema.org","@graph":[{"@type":"Article","@id":"https:\/\/grupohoymexico.com\/puebla\/2026\/01\/26\/isstep-lanza-jornada-de-vasectomia-sin-bisturi-cuando-y-donde-se-hara\/#article","isPartOf":{"@id":"https:\/\/grupohoymexico.com\/puebla\/2026\/01\/26\/isstep-lanza-jornada-de-vasectomia-sin-bisturi-cuando-y-donde-se-hara\/"},"author":{"name":"Redacci\u00f3n Grupo Hoy","@id":"https:\/\/grupohoymexico.com\/puebla\/#\/schema\/person\/bc870cc34e948548ddb62cf78ef8474b"},"headline":"ISSTEP lanza jornada de vasectom\u00eda sin bistur\u00ed: \u00bfCu\u00e1ndo y d\u00f3nde se har\u00e1?","datePublished":"2026-01-26T19:00:00+00:00","mainEntityOfPage":{"@id":"https:\/\/grupohoymexico.com\/puebla\/2026\/01\/26\/isstep-lanza-jornada-de-vasectomia-sin-bisturi-cuando-y-donde-se-hara\/"},"wordCount":477,"commentCount":0,"image":{"@id":"https:\/\/grupohoymexico.com\/puebla\/2026\/01\/26\/isstep-lanza-jornada-de-vasectomia-sin-bisturi-cuando-y-donde-se-hara\/#primaryimage"},"thumbnailUrl":"https:\/\/grupohoymexico.com\/puebla\/wp-content\/uploads\/sites\/3\/2026\/01\/issstep_vasectomia_sin_bisturi_.jpg","keywords":["ISSTEP","Vasectom\u00eda sin bistur\u00ed"],"articleSection":["Estatal"],"inLanguage":"es","potentialAction":[{"@type":"CommentAction","name":"Comment","target":["https:\/\/grupohoymexico.com\/puebla\/2026\/01\/26\/isstep-lanza-jornada-de-vasectomia-sin-bisturi-cuando-y-donde-se-hara\/#respond"]}]},{"@type":"WebPage","@id":"https:\/\/grupohoymexico.com\/puebla\/2026\/01\/26\/isstep-lanza-jornada-de-vasectomia-sin-bisturi-cuando-y-donde-se-hara\/","url":"https:\/\/grupohoymexico.com\/puebla\/2026\/01\/26\/isstep-lanza-jornada-de-vasectomia-sin-bisturi-cuando-y-donde-se-hara\/","name":"ISSTEP lanza jornada de vasectom\u00eda sin bistur\u00ed","isPartOf":{"@id":"https:\/\/grupohoymexico.com\/puebla\/#website"},"primaryImageOfPage":{"@id":"https:\/\/grupohoymexico.com\/puebla\/2026\/01\/26\/isstep-lanza-jornada-de-vasectomia-sin-bisturi-cuando-y-donde-se-hara\/#primaryimage"},"image":{"@id":"https:\/\/grupohoymexico.com\/puebla\/2026\/01\/26\/isstep-lanza-jornada-de-vasectomia-sin-bisturi-cuando-y-donde-se-hara\/#primaryimage"},"thumbnailUrl":"https:\/\/grupohoymexico.com\/puebla\/wp-content\/uploads\/sites\/3\/2026\/01\/issstep_vasectomia_sin_bisturi_.jpg","datePublished":"2026-01-26T19:00:00+00:00","author":{"@id":"https:\/\/grupohoymexico.com\/puebla\/#\/schema\/person\/bc870cc34e948548ddb62cf78ef8474b"},"description":"El ISSSTEP confirm\u00f3 una jornada de vasectom\u00eda sin bistur\u00ed en 2026, como parte de su programa de m\u00e9todos anticonceptivos en Puebla.","breadcrumb":{"@id":"https:\/\/grupohoymexico.com\/puebla\/2026\/01\/26\/isstep-lanza-jornada-de-vasectomia-sin-bisturi-cuando-y-donde-se-hara\/#breadcrumb"},"inLanguage":"es","potentialAction":[{"@type":"ReadAction","target":["https:\/\/grupohoymexico.com\/puebla\/2026\/01\/26\/isstep-lanza-jornada-de-vasectomia-sin-bisturi-cuando-y-donde-se-hara\/"]}]},{"@type":"ImageObject","inLanguage":"es","@id":"https:\/\/grupohoymexico.com\/puebla\/2026\/01\/26\/isstep-lanza-jornada-de-vasectomia-sin-bisturi-cuando-y-donde-se-hara\/#primaryimage","url":"https:\/\/grupohoymexico.com\/puebla\/wp-content\/uploads\/sites\/3\/2026\/01\/issstep_vasectomia_sin_bisturi_.jpg","contentUrl":"https:\/\/grupohoymexico.com\/puebla\/wp-content\/uploads\/sites\/3\/2026\/01\/issstep_vasectomia_sin_bisturi_.jpg","width":1280,"height":740,"caption":"Foto: Freepik"},{"@type":"BreadcrumbList","@id":"https:\/\/grupohoymexico.com\/puebla\/2026\/01\/26\/isstep-lanza-jornada-de-vasectomia-sin-bisturi-cuando-y-donde-se-hara\/#breadcrumb","itemListElement":[{"@type":"ListItem","position":1,"name":"Inicio","item":"https:\/\/grupohoymexico.com\/puebla\/"},{"@type":"ListItem","position":2,"name":"ISSTEP lanza jornada de vasectom\u00eda sin bistur\u00ed: \u00bfCu\u00e1ndo y d\u00f3nde se har\u00e1?"}]},{"@type":"WebSite","@id":"https:\/\/grupohoymexico.com\/puebla\/#website","url":"https:\/\/grupohoymexico.com\/puebla\/","name":"Grupo Hoy Puebla","description":"","potentialAction":[{"@type":"SearchAction","target":{"@type":"EntryPoint","urlTemplate":"https:\/\/grupohoymexico.com\/puebla\/?s={search_term_string}"},"query-input":{"@type":"PropertyValueSpecification","valueRequired":true,"valueName":"search_term_string"}}],"inLanguage":"es"},{"@type":"Person","@id":"https:\/\/grupohoymexico.com\/puebla\/#\/schema\/person\/bc870cc34e948548ddb62cf78ef8474b","name":"Redacci\u00f3n Grupo Hoy","image":{"@type":"ImageObject","inLanguage":"es","@id":"https:\/\/secure.gravatar.com\/avatar\/e8a44ae8f1b7592837f8c496178e70e065758a27945df208805f8cf6fdd56893?s=96&d=mm&r=g","url":"https:\/\/secure.gravatar.com\/avatar\/e8a44ae8f1b7592837f8c496178e70e065758a27945df208805f8cf6fdd56893?s=96&d=mm&r=g","contentUrl":"https:\/\/secure.gravatar.com\/avatar\/e8a44ae8f1b7592837f8c496178e70e065758a27945df208805f8cf6fdd56893?s=96&d=mm&r=g","caption":"Redacci\u00f3n Grupo Hoy"},"url":"https:\/\/grupohoymexico.com\/puebla\/author\/redaccion\/"}]}},"_links":{"self":[{"href":"https:\/\/grupohoymexico.com\/puebla\/wp-json\/wp\/v2\/posts\/79877","targetHints":{"allow":["GET"]}}],"collection":[{"href":"https:\/\/grupohoymexico.com\/puebla\/wp-json\/wp\/v2\/posts"}],"about":[{"href":"https:\/\/grupohoymexico.com\/puebla\/wp-json\/wp\/v2\/types\/post"}],"author":[{"embeddable":true,"href":"https:\/\/grupohoymexico.com\/puebla\/wp-json\/wp\/v2\/users\/34"}],"replies":[{"embeddable":true,"href":"https:\/\/grupohoymexico.com\/puebla\/wp-json\/wp\/v2\/comments?post=79877"}],"version-history":[{"count":1,"href":"https:\/\/grupohoymexico.com\/puebla\/wp-json\/wp\/v2\/posts\/79877\/revisions"}],"predecessor-version":[{"id":79898,"href":"https:\/\/grupohoymexico.com\/puebla\/wp-json\/wp\/v2\/posts\/79877\/revisions\/79898"}],"wp:featuredmedia":[{"embeddable":true,"href":"https:\/\/grupohoymexico.com\/puebla\/wp-json\/wp\/v2\/media\/79897"}],"wp:attachment":[{"href":"https:\/\/grupohoymexico.com\/puebla\/wp-json\/wp\/v2\/media?parent=79877"}],"wp:term":[{"taxonomy":"category","embeddable":true,"href":"https:\/\/grupohoymexico.com\/puebla\/wp-json\/wp\/v2\/categories?post=79877"},{"taxonomy":"post_tag","embeddable":true,"href":"https:\/\/grupohoymexico.com\/puebla\/wp-json\/wp\/v2\/tags?post=79877"}],"curies":[{"name":"wp","href":"https:\/\/api.w.org\/{rel}","templated":true}]}}