{"id":79869,"date":"2026-01-26T19:59:00","date_gmt":"2026-01-26T19:59:00","guid":{"rendered":"https:\/\/grupohoymexico.com\/puebla\/?p=79869"},"modified":"2026-01-26T18:45:42","modified_gmt":"2026-01-26T18:45:42","slug":"puebla-avanza-en-su-cluster-de-turismo-medico","status":"publish","type":"post","link":"https:\/\/grupohoymexico.com\/puebla\/2026\/01\/26\/puebla-avanza-en-su-cluster-de-turismo-medico\/","title":{"rendered":"Puebla avanza en su Cl\u00faster de Turismo M\u00e9dico"},"content":{"rendered":"<article><strong>Puebla<\/strong> muestra avances significativos en iniciativas relacionadas con su <strong>Cl\u00faster de Turismo M\u00e9dico<\/strong>. Esto permite que las acciones gubernamentales se destaquen en el \u00e1mbito estatal.<\/p>\n<p>El sector salud posiciona a la entidad como un referente regional debido a la existencia de hospitales que ofrecen servicios de alta especialidad. De acuerdo con informes, en esta zona trabajan m\u00e1s de <strong>400 especialistas m\u00e9dicos<\/strong> que realizan procedimientos con tecnolog\u00eda avanzada, consolidando un cl\u00faster m\u00e9dico que ha recibido atenci\u00f3n desde hace varios a\u00f1os. Este agrupamiento de servicios y profesionales se ha planteado como prioridad para consolidarse, impulsando tanto la infraestructura como la diversidad de expertos en salud.<\/p>\n<h2>El Cl\u00faster del Turismo M\u00e9dico en Puebla<\/h2>\n<p>El turismo m\u00e9dico tambi\u00e9n emerge como un componente importante de la econom\u00eda y los servicios de la ciudad. Cl\u00ednicas reconocidas han combinado ciencia, tecnolog\u00eda y est\u00e9tica para atender una demanda creciente tanto local como nacional e internacional. La oferta hospitalaria certificada se complementa con una red hotelera adaptada a pacientes y acompa\u00f1antes que requieren hospedaje durante tratamientos m\u00e9dicos, reforzando la posici\u00f3n de Puebla como un destino en esta \u00e1rea.<\/p>\n<p>Tanto el desarrollo del cl\u00faster m\u00e9dico como el turismo m\u00e9dico se inscriben en un contexto nacional donde la demanda de servicios especializados aumenta y se busca fortalecer las capacidades regionales. Este fen\u00f3meno responde a la creciente necesidad de atenci\u00f3n m\u00e9dica especializada, que incluye diversas especialidades y procedimientos complejos.<\/p>\n<p>Por otro lado, Puebla ha enfrentado incidentes relacionados con la seguridad de profesionales de la salud, como el registro de agresiones y robos contra doctores en su \u00e1mbito privado. Estos hechos han sido documentados en medios nacionales y forman parte de un problema social que afecta a varias ciudades del pa\u00eds.<\/p>\n<h2>Apuesta por el futuro<\/h2>\n<p>En cuanto a la formaci\u00f3n y percepci\u00f3n del sector educativo en Puebla, se han realizado estudios sobre la implementaci\u00f3n de marcos educativos nacionales y su impacto en la pr\u00e1ctica docente, vinculando as\u00ed el desarrollo social y profesional de la regi\u00f3n.<\/p>\n<p>Estos elementos muestran un panorama amplio en Puebla, donde la administraci\u00f3n p\u00fablica, la salud especializada, la infraestructura, el turismo m\u00e9dico y la seguridad se interrelacionan en el contexto estatal. Este enfoque refleja las pol\u00edticas p\u00fablicas vigentes y las din\u00e1micas locales en diversos \u00e1mbitos. M\u00e1s informaci\u00f3n sobre la regi\u00f3n puede consultarse en la categor\u00eda <a href=\"https:\/\/grupohoymexico.com\/tlaxcala\/category\/estatal\/\">estatal<\/a>.<\/p>\n<\/article>\n","protected":false},"excerpt":{"rendered":"Puebla muestra avances significativos en iniciativas relacionadas con su Cl\u00faster de Turismo M\u00e9dico. Esto permite que las acciones&hellip;","protected":false},"author":34,"featured_media":79905,"comment_status":"open","ping_status":"open","sticky":false,"template":"","format":"standard","meta":{"csco_display_header_overlay":false,"csco_singular_sidebar":"","csco_page_header_type":"","csco_page_load_nextpost":"","csco_post_video_location":[],"csco_post_video_location_hash":"","csco_post_video_url":"","csco_post_video_bg_start_time":0,"csco_post_video_bg_end_time":0,"footnotes":""},"categories":[29],"tags":[3529,3528],"class_list":{"0":"post-79869","1":"post","2":"type-post","3":"status-publish","4":"format-standard","5":"has-post-thumbnail","7":"category-estatal","8":"tag-cluster-de-turismo-medico","9":"tag-turismo-medico-puebla","10":"cs-entry","11":"cs-video-wrap"},"yoast_head":"<!-- This site is optimized with the Yoast SEO Premium plugin v24.7 (Yoast SEO v27.4) - https:\/\/yoast.com\/product\/yoast-seo-premium-wordpress\/ -->\n<title>Puebla avanza en su Cl\u00faster de Turismo M\u00e9dico<\/title>\n<meta name=\"description\" content=\"Puebla avanza en infraestructura y servicios m\u00e9dicos con un cl\u00faster de turismo m\u00e9dico que re\u00fane especialistas y atenci\u00f3n hospitalaria.\" \/>\n<meta name=\"robots\" content=\"index, follow, max-snippet:-1, max-image-preview:large, max-video-preview:-1\" \/>\n<link rel=\"canonical\" href=\"https:\/\/grupohoymexico.com\/puebla\/2026\/01\/26\/puebla-avanza-en-su-cluster-de-turismo-medico\/\" \/>\n<meta property=\"og:locale\" content=\"es_MX\" \/>\n<meta property=\"og:type\" content=\"article\" \/>\n<meta property=\"og:title\" content=\"Puebla avanza en su Cl\u00faster de Turismo M\u00e9dico\" \/>\n<meta property=\"og:description\" content=\"Puebla avanza en infraestructura y servicios m\u00e9dicos con un cl\u00faster de turismo m\u00e9dico que re\u00fane especialistas y atenci\u00f3n hospitalaria.\" \/>\n<meta property=\"og:url\" content=\"https:\/\/grupohoymexico.com\/puebla\/2026\/01\/26\/puebla-avanza-en-su-cluster-de-turismo-medico\/\" \/>\n<meta property=\"og:site_name\" content=\"Grupo Hoy Puebla\" \/>\n<meta property=\"article:published_time\" content=\"2026-01-26T19:59:00+00:00\" \/>\n<meta property=\"og:image\" content=\"https:\/\/grupohoymexico.com\/puebla\/wp-content\/uploads\/sites\/3\/2026\/01\/cluster_turismo_medico_puebla_.jpg\" \/>\n\t<meta property=\"og:image:width\" content=\"1280\" \/>\n\t<meta property=\"og:image:height\" content=\"740\" \/>\n\t<meta property=\"og:image:type\" content=\"image\/jpeg\" \/>\n<meta name=\"author\" content=\"Redacci\u00f3n Grupo Hoy\" \/>\n<meta name=\"twitter:card\" content=\"summary_large_image\" \/>\n<meta name=\"twitter:label1\" content=\"Escrito por\" \/>\n\t<meta name=\"twitter:data1\" content=\"Redacci\u00f3n Grupo Hoy\" \/>\n\t<meta name=\"twitter:label2\" content=\"Tiempo de lectura\" \/>\n\t<meta name=\"twitter:data2\" content=\"2 minutos\" \/>\n<script type=\"application\/ld+json\" class=\"yoast-schema-graph\">{\"@context\":\"https:\\\/\\\/schema.org\",\"@graph\":[{\"@type\":\"Article\",\"@id\":\"https:\\\/\\\/grupohoymexico.com\\\/puebla\\\/2026\\\/01\\\/26\\\/puebla-avanza-en-su-cluster-de-turismo-medico\\\/#article\",\"isPartOf\":{\"@id\":\"https:\\\/\\\/grupohoymexico.com\\\/puebla\\\/2026\\\/01\\\/26\\\/puebla-avanza-en-su-cluster-de-turismo-medico\\\/\"},\"author\":{\"name\":\"Redacci\u00f3n Grupo Hoy\",\"@id\":\"https:\\\/\\\/grupohoymexico.com\\\/puebla\\\/#\\\/schema\\\/person\\\/bc870cc34e948548ddb62cf78ef8474b\"},\"headline\":\"Puebla avanza en su Cl\u00faster de Turismo M\u00e9dico\",\"datePublished\":\"2026-01-26T19:59:00+00:00\",\"mainEntityOfPage\":{\"@id\":\"https:\\\/\\\/grupohoymexico.com\\\/puebla\\\/2026\\\/01\\\/26\\\/puebla-avanza-en-su-cluster-de-turismo-medico\\\/\"},\"wordCount\":427,\"commentCount\":0,\"image\":{\"@id\":\"https:\\\/\\\/grupohoymexico.com\\\/puebla\\\/2026\\\/01\\\/26\\\/puebla-avanza-en-su-cluster-de-turismo-medico\\\/#primaryimage\"},\"thumbnailUrl\":\"https:\\\/\\\/grupohoymexico.com\\\/puebla\\\/wp-content\\\/uploads\\\/sites\\\/3\\\/2026\\\/01\\\/cluster_turismo_medico_puebla_.jpg\",\"keywords\":[\"Cl\u00faster de Turismo M\u00e9dico\",\"Turismo m\u00e9dico Puebla\"],\"articleSection\":[\"Estatal\"],\"inLanguage\":\"es\",\"potentialAction\":[{\"@type\":\"CommentAction\",\"name\":\"Comment\",\"target\":[\"https:\\\/\\\/grupohoymexico.com\\\/puebla\\\/2026\\\/01\\\/26\\\/puebla-avanza-en-su-cluster-de-turismo-medico\\\/#respond\"]}]},{\"@type\":\"WebPage\",\"@id\":\"https:\\\/\\\/grupohoymexico.com\\\/puebla\\\/2026\\\/01\\\/26\\\/puebla-avanza-en-su-cluster-de-turismo-medico\\\/\",\"url\":\"https:\\\/\\\/grupohoymexico.com\\\/puebla\\\/2026\\\/01\\\/26\\\/puebla-avanza-en-su-cluster-de-turismo-medico\\\/\",\"name\":\"Puebla avanza en su Cl\u00faster de Turismo M\u00e9dico\",\"isPartOf\":{\"@id\":\"https:\\\/\\\/grupohoymexico.com\\\/puebla\\\/#website\"},\"primaryImageOfPage\":{\"@id\":\"https:\\\/\\\/grupohoymexico.com\\\/puebla\\\/2026\\\/01\\\/26\\\/puebla-avanza-en-su-cluster-de-turismo-medico\\\/#primaryimage\"},\"image\":{\"@id\":\"https:\\\/\\\/grupohoymexico.com\\\/puebla\\\/2026\\\/01\\\/26\\\/puebla-avanza-en-su-cluster-de-turismo-medico\\\/#primaryimage\"},\"thumbnailUrl\":\"https:\\\/\\\/grupohoymexico.com\\\/puebla\\\/wp-content\\\/uploads\\\/sites\\\/3\\\/2026\\\/01\\\/cluster_turismo_medico_puebla_.jpg\",\"datePublished\":\"2026-01-26T19:59:00+00:00\",\"author\":{\"@id\":\"https:\\\/\\\/grupohoymexico.com\\\/puebla\\\/#\\\/schema\\\/person\\\/bc870cc34e948548ddb62cf78ef8474b\"},\"description\":\"Puebla avanza en infraestructura y servicios m\u00e9dicos con un cl\u00faster de turismo m\u00e9dico que re\u00fane especialistas y atenci\u00f3n hospitalaria.\",\"breadcrumb\":{\"@id\":\"https:\\\/\\\/grupohoymexico.com\\\/puebla\\\/2026\\\/01\\\/26\\\/puebla-avanza-en-su-cluster-de-turismo-medico\\\/#breadcrumb\"},\"inLanguage\":\"es\",\"potentialAction\":[{\"@type\":\"ReadAction\",\"target\":[\"https:\\\/\\\/grupohoymexico.com\\\/puebla\\\/2026\\\/01\\\/26\\\/puebla-avanza-en-su-cluster-de-turismo-medico\\\/\"]}]},{\"@type\":\"ImageObject\",\"inLanguage\":\"es\",\"@id\":\"https:\\\/\\\/grupohoymexico.com\\\/puebla\\\/2026\\\/01\\\/26\\\/puebla-avanza-en-su-cluster-de-turismo-medico\\\/#primaryimage\",\"url\":\"https:\\\/\\\/grupohoymexico.com\\\/puebla\\\/wp-content\\\/uploads\\\/sites\\\/3\\\/2026\\\/01\\\/cluster_turismo_medico_puebla_.jpg\",\"contentUrl\":\"https:\\\/\\\/grupohoymexico.com\\\/puebla\\\/wp-content\\\/uploads\\\/sites\\\/3\\\/2026\\\/01\\\/cluster_turismo_medico_puebla_.jpg\",\"width\":1280,\"height\":740,\"caption\":\"Foto: Freepik\"},{\"@type\":\"BreadcrumbList\",\"@id\":\"https:\\\/\\\/grupohoymexico.com\\\/puebla\\\/2026\\\/01\\\/26\\\/puebla-avanza-en-su-cluster-de-turismo-medico\\\/#breadcrumb\",\"itemListElement\":[{\"@type\":\"ListItem\",\"position\":1,\"name\":\"Inicio\",\"item\":\"https:\\\/\\\/grupohoymexico.com\\\/puebla\\\/\"},{\"@type\":\"ListItem\",\"position\":2,\"name\":\"Puebla avanza en su Cl\u00faster de Turismo M\u00e9dico\"}]},{\"@type\":\"WebSite\",\"@id\":\"https:\\\/\\\/grupohoymexico.com\\\/puebla\\\/#website\",\"url\":\"https:\\\/\\\/grupohoymexico.com\\\/puebla\\\/\",\"name\":\"Grupo Hoy Puebla\",\"description\":\"\",\"potentialAction\":[{\"@type\":\"SearchAction\",\"target\":{\"@type\":\"EntryPoint\",\"urlTemplate\":\"https:\\\/\\\/grupohoymexico.com\\\/puebla\\\/?s={search_term_string}\"},\"query-input\":{\"@type\":\"PropertyValueSpecification\",\"valueRequired\":true,\"valueName\":\"search_term_string\"}}],\"inLanguage\":\"es\"},{\"@type\":\"Person\",\"@id\":\"https:\\\/\\\/grupohoymexico.com\\\/puebla\\\/#\\\/schema\\\/person\\\/bc870cc34e948548ddb62cf78ef8474b\",\"name\":\"Redacci\u00f3n Grupo Hoy\",\"image\":{\"@type\":\"ImageObject\",\"inLanguage\":\"es\",\"@id\":\"https:\\\/\\\/secure.gravatar.com\\\/avatar\\\/e8a44ae8f1b7592837f8c496178e70e065758a27945df208805f8cf6fdd56893?s=96&d=mm&r=g\",\"url\":\"https:\\\/\\\/secure.gravatar.com\\\/avatar\\\/e8a44ae8f1b7592837f8c496178e70e065758a27945df208805f8cf6fdd56893?s=96&d=mm&r=g\",\"contentUrl\":\"https:\\\/\\\/secure.gravatar.com\\\/avatar\\\/e8a44ae8f1b7592837f8c496178e70e065758a27945df208805f8cf6fdd56893?s=96&d=mm&r=g\",\"caption\":\"Redacci\u00f3n Grupo Hoy\"},\"url\":\"https:\\\/\\\/grupohoymexico.com\\\/puebla\\\/author\\\/redaccion\\\/\"}]}<\/script>\n<!-- \/ Yoast SEO Premium plugin. -->","yoast_head_json":{"title":"Puebla avanza en su Cl\u00faster de Turismo M\u00e9dico","description":"Puebla avanza en infraestructura y servicios m\u00e9dicos con un cl\u00faster de turismo m\u00e9dico que re\u00fane especialistas y atenci\u00f3n hospitalaria.","robots":{"index":"index","follow":"follow","max-snippet":"max-snippet:-1","max-image-preview":"max-image-preview:large","max-video-preview":"max-video-preview:-1"},"canonical":"https:\/\/grupohoymexico.com\/puebla\/2026\/01\/26\/puebla-avanza-en-su-cluster-de-turismo-medico\/","og_locale":"es_MX","og_type":"article","og_title":"Puebla avanza en su Cl\u00faster de Turismo M\u00e9dico","og_description":"Puebla avanza en infraestructura y servicios m\u00e9dicos con un cl\u00faster de turismo m\u00e9dico que re\u00fane especialistas y atenci\u00f3n hospitalaria.","og_url":"https:\/\/grupohoymexico.com\/puebla\/2026\/01\/26\/puebla-avanza-en-su-cluster-de-turismo-medico\/","og_site_name":"Grupo Hoy Puebla","article_published_time":"2026-01-26T19:59:00+00:00","og_image":[{"width":1280,"height":740,"url":"https:\/\/grupohoymexico.com\/puebla\/wp-content\/uploads\/sites\/3\/2026\/01\/cluster_turismo_medico_puebla_.jpg","type":"image\/jpeg"}],"author":"Redacci\u00f3n Grupo Hoy","twitter_card":"summary_large_image","twitter_misc":{"Escrito por":"Redacci\u00f3n Grupo Hoy","Tiempo de lectura":"2 minutos"},"schema":{"@context":"https:\/\/schema.org","@graph":[{"@type":"Article","@id":"https:\/\/grupohoymexico.com\/puebla\/2026\/01\/26\/puebla-avanza-en-su-cluster-de-turismo-medico\/#article","isPartOf":{"@id":"https:\/\/grupohoymexico.com\/puebla\/2026\/01\/26\/puebla-avanza-en-su-cluster-de-turismo-medico\/"},"author":{"name":"Redacci\u00f3n Grupo Hoy","@id":"https:\/\/grupohoymexico.com\/puebla\/#\/schema\/person\/bc870cc34e948548ddb62cf78ef8474b"},"headline":"Puebla avanza en su Cl\u00faster de Turismo M\u00e9dico","datePublished":"2026-01-26T19:59:00+00:00","mainEntityOfPage":{"@id":"https:\/\/grupohoymexico.com\/puebla\/2026\/01\/26\/puebla-avanza-en-su-cluster-de-turismo-medico\/"},"wordCount":427,"commentCount":0,"image":{"@id":"https:\/\/grupohoymexico.com\/puebla\/2026\/01\/26\/puebla-avanza-en-su-cluster-de-turismo-medico\/#primaryimage"},"thumbnailUrl":"https:\/\/grupohoymexico.com\/puebla\/wp-content\/uploads\/sites\/3\/2026\/01\/cluster_turismo_medico_puebla_.jpg","keywords":["Cl\u00faster de Turismo M\u00e9dico","Turismo m\u00e9dico Puebla"],"articleSection":["Estatal"],"inLanguage":"es","potentialAction":[{"@type":"CommentAction","name":"Comment","target":["https:\/\/grupohoymexico.com\/puebla\/2026\/01\/26\/puebla-avanza-en-su-cluster-de-turismo-medico\/#respond"]}]},{"@type":"WebPage","@id":"https:\/\/grupohoymexico.com\/puebla\/2026\/01\/26\/puebla-avanza-en-su-cluster-de-turismo-medico\/","url":"https:\/\/grupohoymexico.com\/puebla\/2026\/01\/26\/puebla-avanza-en-su-cluster-de-turismo-medico\/","name":"Puebla avanza en su Cl\u00faster de Turismo M\u00e9dico","isPartOf":{"@id":"https:\/\/grupohoymexico.com\/puebla\/#website"},"primaryImageOfPage":{"@id":"https:\/\/grupohoymexico.com\/puebla\/2026\/01\/26\/puebla-avanza-en-su-cluster-de-turismo-medico\/#primaryimage"},"image":{"@id":"https:\/\/grupohoymexico.com\/puebla\/2026\/01\/26\/puebla-avanza-en-su-cluster-de-turismo-medico\/#primaryimage"},"thumbnailUrl":"https:\/\/grupohoymexico.com\/puebla\/wp-content\/uploads\/sites\/3\/2026\/01\/cluster_turismo_medico_puebla_.jpg","datePublished":"2026-01-26T19:59:00+00:00","author":{"@id":"https:\/\/grupohoymexico.com\/puebla\/#\/schema\/person\/bc870cc34e948548ddb62cf78ef8474b"},"description":"Puebla avanza en infraestructura y servicios m\u00e9dicos con un cl\u00faster de turismo m\u00e9dico que re\u00fane especialistas y atenci\u00f3n hospitalaria.","breadcrumb":{"@id":"https:\/\/grupohoymexico.com\/puebla\/2026\/01\/26\/puebla-avanza-en-su-cluster-de-turismo-medico\/#breadcrumb"},"inLanguage":"es","potentialAction":[{"@type":"ReadAction","target":["https:\/\/grupohoymexico.com\/puebla\/2026\/01\/26\/puebla-avanza-en-su-cluster-de-turismo-medico\/"]}]},{"@type":"ImageObject","inLanguage":"es","@id":"https:\/\/grupohoymexico.com\/puebla\/2026\/01\/26\/puebla-avanza-en-su-cluster-de-turismo-medico\/#primaryimage","url":"https:\/\/grupohoymexico.com\/puebla\/wp-content\/uploads\/sites\/3\/2026\/01\/cluster_turismo_medico_puebla_.jpg","contentUrl":"https:\/\/grupohoymexico.com\/puebla\/wp-content\/uploads\/sites\/3\/2026\/01\/cluster_turismo_medico_puebla_.jpg","width":1280,"height":740,"caption":"Foto: Freepik"},{"@type":"BreadcrumbList","@id":"https:\/\/grupohoymexico.com\/puebla\/2026\/01\/26\/puebla-avanza-en-su-cluster-de-turismo-medico\/#breadcrumb","itemListElement":[{"@type":"ListItem","position":1,"name":"Inicio","item":"https:\/\/grupohoymexico.com\/puebla\/"},{"@type":"ListItem","position":2,"name":"Puebla avanza en su Cl\u00faster de Turismo M\u00e9dico"}]},{"@type":"WebSite","@id":"https:\/\/grupohoymexico.com\/puebla\/#website","url":"https:\/\/grupohoymexico.com\/puebla\/","name":"Grupo Hoy Puebla","description":"","potentialAction":[{"@type":"SearchAction","target":{"@type":"EntryPoint","urlTemplate":"https:\/\/grupohoymexico.com\/puebla\/?s={search_term_string}"},"query-input":{"@type":"PropertyValueSpecification","valueRequired":true,"valueName":"search_term_string"}}],"inLanguage":"es"},{"@type":"Person","@id":"https:\/\/grupohoymexico.com\/puebla\/#\/schema\/person\/bc870cc34e948548ddb62cf78ef8474b","name":"Redacci\u00f3n Grupo Hoy","image":{"@type":"ImageObject","inLanguage":"es","@id":"https:\/\/secure.gravatar.com\/avatar\/e8a44ae8f1b7592837f8c496178e70e065758a27945df208805f8cf6fdd56893?s=96&d=mm&r=g","url":"https:\/\/secure.gravatar.com\/avatar\/e8a44ae8f1b7592837f8c496178e70e065758a27945df208805f8cf6fdd56893?s=96&d=mm&r=g","contentUrl":"https:\/\/secure.gravatar.com\/avatar\/e8a44ae8f1b7592837f8c496178e70e065758a27945df208805f8cf6fdd56893?s=96&d=mm&r=g","caption":"Redacci\u00f3n Grupo Hoy"},"url":"https:\/\/grupohoymexico.com\/puebla\/author\/redaccion\/"}]}},"_links":{"self":[{"href":"https:\/\/grupohoymexico.com\/puebla\/wp-json\/wp\/v2\/posts\/79869","targetHints":{"allow":["GET"]}}],"collection":[{"href":"https:\/\/grupohoymexico.com\/puebla\/wp-json\/wp\/v2\/posts"}],"about":[{"href":"https:\/\/grupohoymexico.com\/puebla\/wp-json\/wp\/v2\/types\/post"}],"author":[{"embeddable":true,"href":"https:\/\/grupohoymexico.com\/puebla\/wp-json\/wp\/v2\/users\/34"}],"replies":[{"embeddable":true,"href":"https:\/\/grupohoymexico.com\/puebla\/wp-json\/wp\/v2\/comments?post=79869"}],"version-history":[{"count":1,"href":"https:\/\/grupohoymexico.com\/puebla\/wp-json\/wp\/v2\/posts\/79869\/revisions"}],"predecessor-version":[{"id":79906,"href":"https:\/\/grupohoymexico.com\/puebla\/wp-json\/wp\/v2\/posts\/79869\/revisions\/79906"}],"wp:featuredmedia":[{"embeddable":true,"href":"https:\/\/grupohoymexico.com\/puebla\/wp-json\/wp\/v2\/media\/79905"}],"wp:attachment":[{"href":"https:\/\/grupohoymexico.com\/puebla\/wp-json\/wp\/v2\/media?parent=79869"}],"wp:term":[{"taxonomy":"category","embeddable":true,"href":"https:\/\/grupohoymexico.com\/puebla\/wp-json\/wp\/v2\/categories?post=79869"},{"taxonomy":"post_tag","embeddable":true,"href":"https:\/\/grupohoymexico.com\/puebla\/wp-json\/wp\/v2\/tags?post=79869"}],"curies":[{"name":"wp","href":"https:\/\/api.w.org\/{rel}","templated":true}]}}