{"id":79802,"date":"2026-01-22T23:33:34","date_gmt":"2026-01-22T23:33:34","guid":{"rendered":"https:\/\/grupohoymexico.com\/puebla\/?p=79802"},"modified":"2026-01-22T23:33:35","modified_gmt":"2026-01-22T23:33:35","slug":"detienen-a-lideres-huachicoleros-en-puebla","status":"publish","type":"post","link":"https:\/\/grupohoymexico.com\/puebla\/2026\/01\/22\/detienen-a-lideres-huachicoleros-en-puebla\/","title":{"rendered":"Detienen a l\u00edderes huachicoleros en Puebla"},"content":{"rendered":"\n<p><strong>El titular de la Secretar\u00eda de\u00a0Seguridad y Protecci\u00f3n Ciudadana<\/strong> (SSPC), <strong>Omar Garc\u00eda Harfuch<\/strong>, inform\u00f3 sobre la detenci\u00f3n de l\u00edderes y operadores de grupos delictivos dedicados al robo de combustible en el estado de Puebla. <\/p>\n\n\n\n<p>La captura se efectu\u00f3 gracias a operativos realizados recientemente en la entidad. Los sujetos detenidos fueron interceptados en la autopista M\u00e9xico\u2013Veracruz, a la altura del municipio de Esperanzaen. <\/p>\n\n\n\n<p>Durante el operativo, tambi\u00e9n se aseguraron 250 litros de residuos y m\u00e1s de <strong>40 mil litros de combustible<\/strong> de procedencia il\u00edcita.<\/p>\n\n\n\n<h2 class=\"wp-block-heading\" id=\"h-lideres-huachicoleros\">L\u00edderes huachicoleros <\/h2>\n\n\n\n<p>Harfuch tambi\u00e9n dio a conocer la detenci\u00f3n de <strong>Gualberto N.<\/strong>, alias <em>\u201cEl Guayabas\u201d<\/em>, se\u00f1alado como un objetivo prioritario y presunto cabecilla de una organizaci\u00f3n criminal enfocada en el robo de hidrocarburos. <\/p>\n\n\n\n<p>Su grupo operaba principalmente en los municipios de <strong>San Mart\u00edn Texmelucan, San Mat\u00edas Tlalancaleca e Ixtacuixtla<\/strong>, regiones consideradas focos rojos por la alta incidencia de este il\u00edcito.<\/p>\n\n\n\n<h2 class=\"wp-block-heading\" id=\"h-estrategia-nacional-de-seguridad\">Estrategia Nacional de Seguridad <\/h2>\n\n\n\n<p>Este operativo forma parte de una estrategia estatal m\u00e1s amplia para combatir diversos delitos de alto impacto, ya que dichas redes criminares no solo participan en el huachicoleo, sino en otros actos delictivos como <strong>extorsi\u00f3n<\/strong>,\u00a0<strong>homicidios\u00a0<\/strong>y\u00a0<strong>narcomenudeo<\/strong>.<\/p>\n\n\n\n<h2 class=\"wp-block-heading\" id=\"h-delitos-de-alto-impacto-en-puebla\">Delitos de alto impacto en Puebla<\/h2>\n\n\n\n<p>Las autoridades tambi\u00e9n reportaron que entre el 1 de octubre de 2024 y el 15 de enero de 2026 se registraron:<\/p>\n\n\n\n<ul class=\"wp-block-list\">\n<li>M<strong>il 365 detenciones<\/strong> <\/li>\n\n\n\n<li>Decomiso de 435 armas de fuego<\/li>\n\n\n\n<li>Incautaci\u00f3n de 346 kilogramos de droga<\/li>\n\n\n\n<li>Destrucci\u00f3n de un laboratorio para la producci\u00f3n de\u00a0<strong>drogas sint\u00e9ticas<\/strong>.<\/li>\n<\/ul>\n\n\n\n<p>En estas acciones participan de manera conjunta autoridades estatales, la Guardia Nacional, la Secretar\u00eda de la Defensa Nacional, la Secretar\u00eda de Marina, y la Fiscal\u00eda General de la Rep\u00fablica.<\/p>\n\n\n\n<p><\/p>\n","protected":false},"excerpt":{"rendered":"El titular de la Secretar\u00eda de\u00a0Seguridad y Protecci\u00f3n Ciudadana (SSPC), Omar Garc\u00eda Harfuch, inform\u00f3 sobre la detenci\u00f3n de&hellip;","protected":false},"author":34,"featured_media":79830,"comment_status":"open","ping_status":"open","sticky":false,"template":"","format":"standard","meta":{"csco_display_header_overlay":false,"csco_singular_sidebar":"","csco_page_header_type":"","csco_page_load_nextpost":"","csco_post_video_location":[],"csco_post_video_location_hash":"","csco_post_video_url":"","csco_post_video_bg_start_time":0,"csco_post_video_bg_end_time":0,"footnotes":""},"categories":[29],"tags":[1178,822,3517,3519,40,3518],"class_list":{"0":"post-79802","1":"post","2":"type-post","3":"status-publish","4":"format-standard","5":"has-post-thumbnail","7":"category-estatal","8":"tag-detencion","9":"tag-huachicol","10":"tag-lideres","11":"tag-lideres-huachicoleros","12":"tag-puebla","13":"tag-red-de-huachicoleo","14":"cs-entry","15":"cs-video-wrap"},"yoast_head":"<!-- This site is optimized with the Yoast SEO Premium plugin v24.7 (Yoast SEO v27.4) - https:\/\/yoast.com\/product\/yoast-seo-premium-wordpress\/ -->\n<title>Detienen a l\u00edderes de red huachicoleros en Puebla recientes<\/title>\n<meta name=\"description\" content=\"La Secretar\u00eda de Seguridad y Protecci\u00f3n Ciudadana inform\u00f3 sobre la detenci\u00f3n de l\u00edderes de la red huachicoleros Puebla.\" \/>\n<meta name=\"robots\" content=\"index, follow, max-snippet:-1, max-image-preview:large, max-video-preview:-1\" \/>\n<link rel=\"canonical\" href=\"https:\/\/grupohoymexico.com\/puebla\/2026\/01\/22\/detienen-a-lideres-huachicoleros-en-puebla\/\" \/>\n<meta property=\"og:locale\" content=\"es_MX\" \/>\n<meta property=\"og:type\" content=\"article\" \/>\n<meta property=\"og:title\" content=\"Detienen a l\u00edderes huachicoleros en Puebla\" \/>\n<meta property=\"og:description\" content=\"La Secretar\u00eda de Seguridad y Protecci\u00f3n Ciudadana inform\u00f3 sobre la detenci\u00f3n de l\u00edderes de la red huachicoleros Puebla.\" \/>\n<meta property=\"og:url\" content=\"https:\/\/grupohoymexico.com\/puebla\/2026\/01\/22\/detienen-a-lideres-huachicoleros-en-puebla\/\" \/>\n<meta property=\"og:site_name\" content=\"Grupo Hoy Puebla\" \/>\n<meta property=\"article:published_time\" content=\"2026-01-22T23:33:34+00:00\" \/>\n<meta property=\"article:modified_time\" content=\"2026-01-22T23:33:35+00:00\" \/>\n<meta property=\"og:image\" content=\"https:\/\/grupohoymexico.com\/puebla\/wp-content\/uploads\/sites\/3\/2026\/01\/PORTAR_GH_REDACCION-39.webp\" \/>\n\t<meta property=\"og:image:width\" content=\"1200\" \/>\n\t<meta property=\"og:image:height\" content=\"638\" \/>\n\t<meta property=\"og:image:type\" content=\"image\/webp\" \/>\n<meta name=\"author\" content=\"Redacci\u00f3n Grupo Hoy\" \/>\n<meta name=\"twitter:card\" content=\"summary_large_image\" \/>\n<meta name=\"twitter:label1\" content=\"Escrito por\" \/>\n\t<meta name=\"twitter:data1\" content=\"Redacci\u00f3n Grupo Hoy\" \/>\n\t<meta name=\"twitter:label2\" content=\"Tiempo de lectura\" \/>\n\t<meta name=\"twitter:data2\" content=\"2 minutos\" \/>\n<script type=\"application\/ld+json\" class=\"yoast-schema-graph\">{\"@context\":\"https:\\\/\\\/schema.org\",\"@graph\":[{\"@type\":\"Article\",\"@id\":\"https:\\\/\\\/grupohoymexico.com\\\/puebla\\\/2026\\\/01\\\/22\\\/detienen-a-lideres-huachicoleros-en-puebla\\\/#article\",\"isPartOf\":{\"@id\":\"https:\\\/\\\/grupohoymexico.com\\\/puebla\\\/2026\\\/01\\\/22\\\/detienen-a-lideres-huachicoleros-en-puebla\\\/\"},\"author\":{\"name\":\"Redacci\u00f3n Grupo Hoy\",\"@id\":\"https:\\\/\\\/grupohoymexico.com\\\/puebla\\\/#\\\/schema\\\/person\\\/bc870cc34e948548ddb62cf78ef8474b\"},\"headline\":\"Detienen a l\u00edderes huachicoleros en Puebla\",\"datePublished\":\"2026-01-22T23:33:34+00:00\",\"dateModified\":\"2026-01-22T23:33:35+00:00\",\"mainEntityOfPage\":{\"@id\":\"https:\\\/\\\/grupohoymexico.com\\\/puebla\\\/2026\\\/01\\\/22\\\/detienen-a-lideres-huachicoleros-en-puebla\\\/\"},\"wordCount\":294,\"commentCount\":0,\"image\":{\"@id\":\"https:\\\/\\\/grupohoymexico.com\\\/puebla\\\/2026\\\/01\\\/22\\\/detienen-a-lideres-huachicoleros-en-puebla\\\/#primaryimage\"},\"thumbnailUrl\":\"https:\\\/\\\/grupohoymexico.com\\\/puebla\\\/wp-content\\\/uploads\\\/sites\\\/3\\\/2026\\\/01\\\/PORTAR_GH_REDACCION-39.webp\",\"keywords\":[\"detenci\u00f3n\",\"huachicol\",\"L\u00edderes\",\"l\u00edderes huachicoleros\",\"puebla\",\"red de huachicoleo\"],\"articleSection\":[\"Estatal\"],\"inLanguage\":\"es\",\"potentialAction\":[{\"@type\":\"CommentAction\",\"name\":\"Comment\",\"target\":[\"https:\\\/\\\/grupohoymexico.com\\\/puebla\\\/2026\\\/01\\\/22\\\/detienen-a-lideres-huachicoleros-en-puebla\\\/#respond\"]}]},{\"@type\":\"WebPage\",\"@id\":\"https:\\\/\\\/grupohoymexico.com\\\/puebla\\\/2026\\\/01\\\/22\\\/detienen-a-lideres-huachicoleros-en-puebla\\\/\",\"url\":\"https:\\\/\\\/grupohoymexico.com\\\/puebla\\\/2026\\\/01\\\/22\\\/detienen-a-lideres-huachicoleros-en-puebla\\\/\",\"name\":\"Detienen a l\u00edderes de red huachicoleros en Puebla recientes\",\"isPartOf\":{\"@id\":\"https:\\\/\\\/grupohoymexico.com\\\/puebla\\\/#website\"},\"primaryImageOfPage\":{\"@id\":\"https:\\\/\\\/grupohoymexico.com\\\/puebla\\\/2026\\\/01\\\/22\\\/detienen-a-lideres-huachicoleros-en-puebla\\\/#primaryimage\"},\"image\":{\"@id\":\"https:\\\/\\\/grupohoymexico.com\\\/puebla\\\/2026\\\/01\\\/22\\\/detienen-a-lideres-huachicoleros-en-puebla\\\/#primaryimage\"},\"thumbnailUrl\":\"https:\\\/\\\/grupohoymexico.com\\\/puebla\\\/wp-content\\\/uploads\\\/sites\\\/3\\\/2026\\\/01\\\/PORTAR_GH_REDACCION-39.webp\",\"datePublished\":\"2026-01-22T23:33:34+00:00\",\"dateModified\":\"2026-01-22T23:33:35+00:00\",\"author\":{\"@id\":\"https:\\\/\\\/grupohoymexico.com\\\/puebla\\\/#\\\/schema\\\/person\\\/bc870cc34e948548ddb62cf78ef8474b\"},\"description\":\"La Secretar\u00eda de Seguridad y Protecci\u00f3n Ciudadana inform\u00f3 sobre la detenci\u00f3n de l\u00edderes de la red huachicoleros Puebla.\",\"breadcrumb\":{\"@id\":\"https:\\\/\\\/grupohoymexico.com\\\/puebla\\\/2026\\\/01\\\/22\\\/detienen-a-lideres-huachicoleros-en-puebla\\\/#breadcrumb\"},\"inLanguage\":\"es\",\"potentialAction\":[{\"@type\":\"ReadAction\",\"target\":[\"https:\\\/\\\/grupohoymexico.com\\\/puebla\\\/2026\\\/01\\\/22\\\/detienen-a-lideres-huachicoleros-en-puebla\\\/\"]}]},{\"@type\":\"ImageObject\",\"inLanguage\":\"es\",\"@id\":\"https:\\\/\\\/grupohoymexico.com\\\/puebla\\\/2026\\\/01\\\/22\\\/detienen-a-lideres-huachicoleros-en-puebla\\\/#primaryimage\",\"url\":\"https:\\\/\\\/grupohoymexico.com\\\/puebla\\\/wp-content\\\/uploads\\\/sites\\\/3\\\/2026\\\/01\\\/PORTAR_GH_REDACCION-39.webp\",\"contentUrl\":\"https:\\\/\\\/grupohoymexico.com\\\/puebla\\\/wp-content\\\/uploads\\\/sites\\\/3\\\/2026\\\/01\\\/PORTAR_GH_REDACCION-39.webp\",\"width\":1200,\"height\":638,\"caption\":\"Imagen ilustrativa: freepik\"},{\"@type\":\"BreadcrumbList\",\"@id\":\"https:\\\/\\\/grupohoymexico.com\\\/puebla\\\/2026\\\/01\\\/22\\\/detienen-a-lideres-huachicoleros-en-puebla\\\/#breadcrumb\",\"itemListElement\":[{\"@type\":\"ListItem\",\"position\":1,\"name\":\"Inicio\",\"item\":\"https:\\\/\\\/grupohoymexico.com\\\/puebla\\\/\"},{\"@type\":\"ListItem\",\"position\":2,\"name\":\"Detienen a l\u00edderes huachicoleros en Puebla\"}]},{\"@type\":\"WebSite\",\"@id\":\"https:\\\/\\\/grupohoymexico.com\\\/puebla\\\/#website\",\"url\":\"https:\\\/\\\/grupohoymexico.com\\\/puebla\\\/\",\"name\":\"Grupo Hoy Puebla\",\"description\":\"\",\"potentialAction\":[{\"@type\":\"SearchAction\",\"target\":{\"@type\":\"EntryPoint\",\"urlTemplate\":\"https:\\\/\\\/grupohoymexico.com\\\/puebla\\\/?s={search_term_string}\"},\"query-input\":{\"@type\":\"PropertyValueSpecification\",\"valueRequired\":true,\"valueName\":\"search_term_string\"}}],\"inLanguage\":\"es\"},{\"@type\":\"Person\",\"@id\":\"https:\\\/\\\/grupohoymexico.com\\\/puebla\\\/#\\\/schema\\\/person\\\/bc870cc34e948548ddb62cf78ef8474b\",\"name\":\"Redacci\u00f3n Grupo Hoy\",\"image\":{\"@type\":\"ImageObject\",\"inLanguage\":\"es\",\"@id\":\"https:\\\/\\\/secure.gravatar.com\\\/avatar\\\/e8a44ae8f1b7592837f8c496178e70e065758a27945df208805f8cf6fdd56893?s=96&d=mm&r=g\",\"url\":\"https:\\\/\\\/secure.gravatar.com\\\/avatar\\\/e8a44ae8f1b7592837f8c496178e70e065758a27945df208805f8cf6fdd56893?s=96&d=mm&r=g\",\"contentUrl\":\"https:\\\/\\\/secure.gravatar.com\\\/avatar\\\/e8a44ae8f1b7592837f8c496178e70e065758a27945df208805f8cf6fdd56893?s=96&d=mm&r=g\",\"caption\":\"Redacci\u00f3n Grupo Hoy\"},\"url\":\"https:\\\/\\\/grupohoymexico.com\\\/puebla\\\/author\\\/redaccion\\\/\"}]}<\/script>\n<!-- \/ Yoast SEO Premium plugin. -->","yoast_head_json":{"title":"Detienen a l\u00edderes de red huachicoleros en Puebla recientes","description":"La Secretar\u00eda de Seguridad y Protecci\u00f3n Ciudadana inform\u00f3 sobre la detenci\u00f3n de l\u00edderes de la red huachicoleros Puebla.","robots":{"index":"index","follow":"follow","max-snippet":"max-snippet:-1","max-image-preview":"max-image-preview:large","max-video-preview":"max-video-preview:-1"},"canonical":"https:\/\/grupohoymexico.com\/puebla\/2026\/01\/22\/detienen-a-lideres-huachicoleros-en-puebla\/","og_locale":"es_MX","og_type":"article","og_title":"Detienen a l\u00edderes huachicoleros en Puebla","og_description":"La Secretar\u00eda de Seguridad y Protecci\u00f3n Ciudadana inform\u00f3 sobre la detenci\u00f3n de l\u00edderes de la red huachicoleros Puebla.","og_url":"https:\/\/grupohoymexico.com\/puebla\/2026\/01\/22\/detienen-a-lideres-huachicoleros-en-puebla\/","og_site_name":"Grupo Hoy Puebla","article_published_time":"2026-01-22T23:33:34+00:00","article_modified_time":"2026-01-22T23:33:35+00:00","og_image":[{"width":1200,"height":638,"url":"https:\/\/grupohoymexico.com\/puebla\/wp-content\/uploads\/sites\/3\/2026\/01\/PORTAR_GH_REDACCION-39.webp","type":"image\/webp"}],"author":"Redacci\u00f3n Grupo Hoy","twitter_card":"summary_large_image","twitter_misc":{"Escrito por":"Redacci\u00f3n Grupo Hoy","Tiempo de lectura":"2 minutos"},"schema":{"@context":"https:\/\/schema.org","@graph":[{"@type":"Article","@id":"https:\/\/grupohoymexico.com\/puebla\/2026\/01\/22\/detienen-a-lideres-huachicoleros-en-puebla\/#article","isPartOf":{"@id":"https:\/\/grupohoymexico.com\/puebla\/2026\/01\/22\/detienen-a-lideres-huachicoleros-en-puebla\/"},"author":{"name":"Redacci\u00f3n Grupo Hoy","@id":"https:\/\/grupohoymexico.com\/puebla\/#\/schema\/person\/bc870cc34e948548ddb62cf78ef8474b"},"headline":"Detienen a l\u00edderes huachicoleros en Puebla","datePublished":"2026-01-22T23:33:34+00:00","dateModified":"2026-01-22T23:33:35+00:00","mainEntityOfPage":{"@id":"https:\/\/grupohoymexico.com\/puebla\/2026\/01\/22\/detienen-a-lideres-huachicoleros-en-puebla\/"},"wordCount":294,"commentCount":0,"image":{"@id":"https:\/\/grupohoymexico.com\/puebla\/2026\/01\/22\/detienen-a-lideres-huachicoleros-en-puebla\/#primaryimage"},"thumbnailUrl":"https:\/\/grupohoymexico.com\/puebla\/wp-content\/uploads\/sites\/3\/2026\/01\/PORTAR_GH_REDACCION-39.webp","keywords":["detenci\u00f3n","huachicol","L\u00edderes","l\u00edderes huachicoleros","puebla","red de huachicoleo"],"articleSection":["Estatal"],"inLanguage":"es","potentialAction":[{"@type":"CommentAction","name":"Comment","target":["https:\/\/grupohoymexico.com\/puebla\/2026\/01\/22\/detienen-a-lideres-huachicoleros-en-puebla\/#respond"]}]},{"@type":"WebPage","@id":"https:\/\/grupohoymexico.com\/puebla\/2026\/01\/22\/detienen-a-lideres-huachicoleros-en-puebla\/","url":"https:\/\/grupohoymexico.com\/puebla\/2026\/01\/22\/detienen-a-lideres-huachicoleros-en-puebla\/","name":"Detienen a l\u00edderes de red huachicoleros en Puebla recientes","isPartOf":{"@id":"https:\/\/grupohoymexico.com\/puebla\/#website"},"primaryImageOfPage":{"@id":"https:\/\/grupohoymexico.com\/puebla\/2026\/01\/22\/detienen-a-lideres-huachicoleros-en-puebla\/#primaryimage"},"image":{"@id":"https:\/\/grupohoymexico.com\/puebla\/2026\/01\/22\/detienen-a-lideres-huachicoleros-en-puebla\/#primaryimage"},"thumbnailUrl":"https:\/\/grupohoymexico.com\/puebla\/wp-content\/uploads\/sites\/3\/2026\/01\/PORTAR_GH_REDACCION-39.webp","datePublished":"2026-01-22T23:33:34+00:00","dateModified":"2026-01-22T23:33:35+00:00","author":{"@id":"https:\/\/grupohoymexico.com\/puebla\/#\/schema\/person\/bc870cc34e948548ddb62cf78ef8474b"},"description":"La Secretar\u00eda de Seguridad y Protecci\u00f3n Ciudadana inform\u00f3 sobre la detenci\u00f3n de l\u00edderes de la red huachicoleros Puebla.","breadcrumb":{"@id":"https:\/\/grupohoymexico.com\/puebla\/2026\/01\/22\/detienen-a-lideres-huachicoleros-en-puebla\/#breadcrumb"},"inLanguage":"es","potentialAction":[{"@type":"ReadAction","target":["https:\/\/grupohoymexico.com\/puebla\/2026\/01\/22\/detienen-a-lideres-huachicoleros-en-puebla\/"]}]},{"@type":"ImageObject","inLanguage":"es","@id":"https:\/\/grupohoymexico.com\/puebla\/2026\/01\/22\/detienen-a-lideres-huachicoleros-en-puebla\/#primaryimage","url":"https:\/\/grupohoymexico.com\/puebla\/wp-content\/uploads\/sites\/3\/2026\/01\/PORTAR_GH_REDACCION-39.webp","contentUrl":"https:\/\/grupohoymexico.com\/puebla\/wp-content\/uploads\/sites\/3\/2026\/01\/PORTAR_GH_REDACCION-39.webp","width":1200,"height":638,"caption":"Imagen ilustrativa: freepik"},{"@type":"BreadcrumbList","@id":"https:\/\/grupohoymexico.com\/puebla\/2026\/01\/22\/detienen-a-lideres-huachicoleros-en-puebla\/#breadcrumb","itemListElement":[{"@type":"ListItem","position":1,"name":"Inicio","item":"https:\/\/grupohoymexico.com\/puebla\/"},{"@type":"ListItem","position":2,"name":"Detienen a l\u00edderes huachicoleros en Puebla"}]},{"@type":"WebSite","@id":"https:\/\/grupohoymexico.com\/puebla\/#website","url":"https:\/\/grupohoymexico.com\/puebla\/","name":"Grupo Hoy Puebla","description":"","potentialAction":[{"@type":"SearchAction","target":{"@type":"EntryPoint","urlTemplate":"https:\/\/grupohoymexico.com\/puebla\/?s={search_term_string}"},"query-input":{"@type":"PropertyValueSpecification","valueRequired":true,"valueName":"search_term_string"}}],"inLanguage":"es"},{"@type":"Person","@id":"https:\/\/grupohoymexico.com\/puebla\/#\/schema\/person\/bc870cc34e948548ddb62cf78ef8474b","name":"Redacci\u00f3n Grupo Hoy","image":{"@type":"ImageObject","inLanguage":"es","@id":"https:\/\/secure.gravatar.com\/avatar\/e8a44ae8f1b7592837f8c496178e70e065758a27945df208805f8cf6fdd56893?s=96&d=mm&r=g","url":"https:\/\/secure.gravatar.com\/avatar\/e8a44ae8f1b7592837f8c496178e70e065758a27945df208805f8cf6fdd56893?s=96&d=mm&r=g","contentUrl":"https:\/\/secure.gravatar.com\/avatar\/e8a44ae8f1b7592837f8c496178e70e065758a27945df208805f8cf6fdd56893?s=96&d=mm&r=g","caption":"Redacci\u00f3n Grupo Hoy"},"url":"https:\/\/grupohoymexico.com\/puebla\/author\/redaccion\/"}]}},"_links":{"self":[{"href":"https:\/\/grupohoymexico.com\/puebla\/wp-json\/wp\/v2\/posts\/79802","targetHints":{"allow":["GET"]}}],"collection":[{"href":"https:\/\/grupohoymexico.com\/puebla\/wp-json\/wp\/v2\/posts"}],"about":[{"href":"https:\/\/grupohoymexico.com\/puebla\/wp-json\/wp\/v2\/types\/post"}],"author":[{"embeddable":true,"href":"https:\/\/grupohoymexico.com\/puebla\/wp-json\/wp\/v2\/users\/34"}],"replies":[{"embeddable":true,"href":"https:\/\/grupohoymexico.com\/puebla\/wp-json\/wp\/v2\/comments?post=79802"}],"version-history":[{"count":1,"href":"https:\/\/grupohoymexico.com\/puebla\/wp-json\/wp\/v2\/posts\/79802\/revisions"}],"predecessor-version":[{"id":79831,"href":"https:\/\/grupohoymexico.com\/puebla\/wp-json\/wp\/v2\/posts\/79802\/revisions\/79831"}],"wp:featuredmedia":[{"embeddable":true,"href":"https:\/\/grupohoymexico.com\/puebla\/wp-json\/wp\/v2\/media\/79830"}],"wp:attachment":[{"href":"https:\/\/grupohoymexico.com\/puebla\/wp-json\/wp\/v2\/media?parent=79802"}],"wp:term":[{"taxonomy":"category","embeddable":true,"href":"https:\/\/grupohoymexico.com\/puebla\/wp-json\/wp\/v2\/categories?post=79802"},{"taxonomy":"post_tag","embeddable":true,"href":"https:\/\/grupohoymexico.com\/puebla\/wp-json\/wp\/v2\/tags?post=79802"}],"curies":[{"name":"wp","href":"https:\/\/api.w.org\/{rel}","templated":true}]}}