{"id":79786,"date":"2026-01-22T18:34:49","date_gmt":"2026-01-22T18:34:49","guid":{"rendered":"https:\/\/grupohoymexico.com\/puebla\/?p=79786"},"modified":"2026-01-22T18:34:49","modified_gmt":"2026-01-22T18:34:49","slug":"comedores-comunitarios-puebla-entrega-de-insumos-para-fortalecer-atencion-alimentaria","status":"publish","type":"post","link":"https:\/\/grupohoymexico.com\/puebla\/2026\/01\/22\/comedores-comunitarios-puebla-entrega-de-insumos-para-fortalecer-atencion-alimentaria\/","title":{"rendered":"Comedores comunitarios Puebla: entrega de insumos para fortalecer atenci\u00f3n alimentaria"},"content":{"rendered":"\n<p>Autoridades municipales de <strong>Puebla <\/strong>capital realizaron la entrega de insumos y utensilios de cocina a diez comedores comunitarios distribuidos en la ciudad. Esta acci\u00f3n forma parte del programa <strong>Comedores comunitarios Puebla<\/strong>, cuyo objetivo es fortalecer la atenci\u00f3n alimentaria dirigida a grupos vulnerables. <\/p>\n\n\n\n<p>Los comedores beneficiados son operados por organizaciones sociales e instituciones religiosas. Dichos espacios atienden diariamente a familias con ingresos bajos y contribuyen a disminuir el rezago social relacionado con la <strong>alimentaci\u00f3n<\/strong>.<\/p>\n\n\n\n<p><strong>LEE M\u00c1S: <\/strong><a href=\"https:\/\/grupohoymexico.com\/puebla\/2026\/01\/02\/profeco-suspende-23-tiendas-chinas-en-puebla-y-tlaxcala\/\">Profeco suspende 23 tiendas chinas en Puebla y Tlaxcala<\/a><\/p>\n\n\n\n<h2 class=\"wp-block-heading\" id=\"h-entrega-de-apoyos\">Entrega de apoyos <\/h2>\n\n\n\n<p>Los insumos entregados comprenden elementos b\u00e1sicos y utensilios para la preparaci\u00f3n de alimentos, adem\u00e1s de equipo espec\u00edfico que facilita el servicio a gran escala. Esta entrega se enmarca en un esfuerzo institucional que se prolonga dentro de las pol\u00edticas p\u00fablicas locales para mejorar las condiciones alimentarias de sectores desfavorecidos.<\/p>\n\n\n\n<p>Asimismo, el Sistema Municipal para el Desarrollo Integral de la Familia (SMDIF) de Puebla anunci\u00f3 licitaciones destinadas a la adquisici\u00f3n de mobiliario y equipo industrial para estos comedores. El objetivo de estas adquisiciones es optimizar la capacidad de preparaci\u00f3n y distribuci\u00f3n de alimentos en estas unidades.<\/p>\n\n\n\n<h2 class=\"wp-block-heading\" id=\"h-programa-de-comedores-comunitarios-puebla\">Programa de Comedores comunitarios Puebla <\/h2>\n\n\n\n<p>El programa de <strong>Comedores comunitarios Puebla<\/strong> responde a una problem\u00e1tica social significativa, dado que una parte de la poblaci\u00f3n sigue enfrentando limitaciones para el acceso a una alimentaci\u00f3n adecuada. <\/p>\n\n\n\n<p>La organizaci\u00f3n de estos espacios permite suministrar <strong>alimentos <\/strong>de manera gratuita o a bajo costo, contribuyendo as\u00ed a la seguridad alimentaria en el municipio.<\/p>\n\n\n\n<p>Esta estrategia se integra dentro de un marco institucional que busca mitigar efectos del rezago social mediante la gesti\u00f3n y acercamiento de programas de fortalecimiento social.<\/p>\n\n\n\n<p><strong>LEE M\u00c1S: <\/strong><a href=\"https:\/\/grupohoymexico.com\/puebla\/2026\/01\/22\/40-mujeres-al-dia-fueron-victimas-de-algun-delito-durante-2025-en-puebla\/\">40 mujeres al d\u00eda fueron v\u00edctimas de algun delito durante 2025 en Puebla<\/a><\/p>\n\n\n\n<h2 class=\"wp-block-heading\" id=\"h-acciones-estatales\">Acciones estatales <\/h2>\n\n\n\n<p>En paralelo, el gobierno estatal de <strong>Puebla <\/strong>anunci\u00f3 la creaci\u00f3n de c<strong>omedores comunitarios<\/strong> dirigidos a migrantes poblanos en ciudades de <strong>Estados Unidos, <\/strong>como respuesta al endurecimiento de pol\u00edticas migratorias internacionales. <\/p>\n\n\n\n<p>Las recientes acciones relacionadas con los comedores comunitarios forman parte de una agenda de car\u00e1cter social. Su implementaci\u00f3n recae en administraciones municipales y estatales, coordinadas con diversas organizaciones sociales.<\/p>\n\n\n\n<p>La estructura legal y administrativa de estos programas se basa en normativas locales y estatales que promueven el acceso a servicios b\u00e1sicos y buscan garantizar derechos sociales fundamentales, entre ellos el derecho a la alimentaci\u00f3n.<\/p>\n","protected":false},"excerpt":{"rendered":"Autoridades municipales de Puebla capital realizaron la entrega de insumos y utensilios de cocina a diez comedores comunitarios&hellip;","protected":false},"author":34,"featured_media":79819,"comment_status":"open","ping_status":"open","sticky":false,"template":"","format":"standard","meta":{"csco_display_header_overlay":false,"csco_singular_sidebar":"","csco_page_header_type":"","csco_page_load_nextpost":"","csco_post_video_location":[],"csco_post_video_location_hash":"","csco_post_video_url":"","csco_post_video_bg_start_time":0,"csco_post_video_bg_end_time":0,"footnotes":""},"categories":[29],"tags":[3513,3512,3510,3511,386,719],"class_list":{"0":"post-79786","1":"post","2":"type-post","3":"status-publish","4":"format-standard","5":"has-post-thumbnail","7":"category-estatal","8":"tag-acceso-a-la-alimentacion","9":"tag-apoyo-social","10":"tag-comedores-comunitarios","11":"tag-grupos-de-riesgo","12":"tag-municipio","13":"tag-puebla-capital","14":"cs-entry","15":"cs-video-wrap"},"yoast_head":"<!-- This site is optimized with the Yoast SEO Premium plugin v24.7 (Yoast SEO v27.4) - https:\/\/yoast.com\/product\/yoast-seo-premium-wordpress\/ -->\n<title>Comedores comunitarios Puebla reciben insumos para atenci\u00f3n alimentaria<\/title>\n<meta name=\"description\" content=\"El municipio de Puebla entreg\u00f3 insumos a diez comedores comunitarios para fortalecer la atenci\u00f3n alimentaria a grupos vulnerables.\" \/>\n<meta name=\"robots\" content=\"index, follow, max-snippet:-1, max-image-preview:large, max-video-preview:-1\" \/>\n<link rel=\"canonical\" href=\"https:\/\/grupohoymexico.com\/puebla\/2026\/01\/22\/comedores-comunitarios-puebla-entrega-de-insumos-para-fortalecer-atencion-alimentaria\/\" \/>\n<meta property=\"og:locale\" content=\"es_MX\" \/>\n<meta property=\"og:type\" content=\"article\" \/>\n<meta property=\"og:title\" content=\"Comedores comunitarios Puebla: entrega de insumos para fortalecer atenci\u00f3n alimentaria\" \/>\n<meta property=\"og:description\" content=\"El municipio de Puebla entreg\u00f3 insumos a diez comedores comunitarios para fortalecer la atenci\u00f3n alimentaria a grupos vulnerables.\" \/>\n<meta property=\"og:url\" content=\"https:\/\/grupohoymexico.com\/puebla\/2026\/01\/22\/comedores-comunitarios-puebla-entrega-de-insumos-para-fortalecer-atencion-alimentaria\/\" \/>\n<meta property=\"og:site_name\" content=\"Grupo Hoy Puebla\" \/>\n<meta property=\"article:published_time\" content=\"2026-01-22T18:34:49+00:00\" \/>\n<meta property=\"og:image\" content=\"https:\/\/grupohoymexico.com\/puebla\/wp-content\/uploads\/sites\/3\/2026\/01\/PORTAR_GH_REDACCION-36.webp\" \/>\n\t<meta property=\"og:image:width\" content=\"1200\" \/>\n\t<meta property=\"og:image:height\" content=\"638\" \/>\n\t<meta property=\"og:image:type\" content=\"image\/webp\" \/>\n<meta name=\"author\" content=\"Redacci\u00f3n Grupo Hoy\" \/>\n<meta name=\"twitter:card\" content=\"summary_large_image\" \/>\n<meta name=\"twitter:label1\" content=\"Escrito por\" \/>\n\t<meta name=\"twitter:data1\" content=\"Redacci\u00f3n Grupo Hoy\" \/>\n\t<meta name=\"twitter:label2\" content=\"Tiempo de lectura\" \/>\n\t<meta name=\"twitter:data2\" content=\"2 minutos\" \/>\n<script type=\"application\/ld+json\" class=\"yoast-schema-graph\">{\"@context\":\"https:\\\/\\\/schema.org\",\"@graph\":[{\"@type\":\"Article\",\"@id\":\"https:\\\/\\\/grupohoymexico.com\\\/puebla\\\/2026\\\/01\\\/22\\\/comedores-comunitarios-puebla-entrega-de-insumos-para-fortalecer-atencion-alimentaria\\\/#article\",\"isPartOf\":{\"@id\":\"https:\\\/\\\/grupohoymexico.com\\\/puebla\\\/2026\\\/01\\\/22\\\/comedores-comunitarios-puebla-entrega-de-insumos-para-fortalecer-atencion-alimentaria\\\/\"},\"author\":{\"name\":\"Redacci\u00f3n Grupo Hoy\",\"@id\":\"https:\\\/\\\/grupohoymexico.com\\\/puebla\\\/#\\\/schema\\\/person\\\/bc870cc34e948548ddb62cf78ef8474b\"},\"headline\":\"Comedores comunitarios Puebla: entrega de insumos para fortalecer atenci\u00f3n alimentaria\",\"datePublished\":\"2026-01-22T18:34:49+00:00\",\"mainEntityOfPage\":{\"@id\":\"https:\\\/\\\/grupohoymexico.com\\\/puebla\\\/2026\\\/01\\\/22\\\/comedores-comunitarios-puebla-entrega-de-insumos-para-fortalecer-atencion-alimentaria\\\/\"},\"wordCount\":412,\"commentCount\":0,\"image\":{\"@id\":\"https:\\\/\\\/grupohoymexico.com\\\/puebla\\\/2026\\\/01\\\/22\\\/comedores-comunitarios-puebla-entrega-de-insumos-para-fortalecer-atencion-alimentaria\\\/#primaryimage\"},\"thumbnailUrl\":\"https:\\\/\\\/grupohoymexico.com\\\/puebla\\\/wp-content\\\/uploads\\\/sites\\\/3\\\/2026\\\/01\\\/PORTAR_GH_REDACCION-36.webp\",\"keywords\":[\"Acceso a la alimentaci\u00f3n\",\"Apoyo social\",\"Comedores comunitarios\",\"Grupos de riesgo\",\"municipio\",\"Puebla Capital\"],\"articleSection\":[\"Estatal\"],\"inLanguage\":\"es\",\"potentialAction\":[{\"@type\":\"CommentAction\",\"name\":\"Comment\",\"target\":[\"https:\\\/\\\/grupohoymexico.com\\\/puebla\\\/2026\\\/01\\\/22\\\/comedores-comunitarios-puebla-entrega-de-insumos-para-fortalecer-atencion-alimentaria\\\/#respond\"]}]},{\"@type\":\"WebPage\",\"@id\":\"https:\\\/\\\/grupohoymexico.com\\\/puebla\\\/2026\\\/01\\\/22\\\/comedores-comunitarios-puebla-entrega-de-insumos-para-fortalecer-atencion-alimentaria\\\/\",\"url\":\"https:\\\/\\\/grupohoymexico.com\\\/puebla\\\/2026\\\/01\\\/22\\\/comedores-comunitarios-puebla-entrega-de-insumos-para-fortalecer-atencion-alimentaria\\\/\",\"name\":\"Comedores comunitarios Puebla reciben insumos para atenci\u00f3n alimentaria\",\"isPartOf\":{\"@id\":\"https:\\\/\\\/grupohoymexico.com\\\/puebla\\\/#website\"},\"primaryImageOfPage\":{\"@id\":\"https:\\\/\\\/grupohoymexico.com\\\/puebla\\\/2026\\\/01\\\/22\\\/comedores-comunitarios-puebla-entrega-de-insumos-para-fortalecer-atencion-alimentaria\\\/#primaryimage\"},\"image\":{\"@id\":\"https:\\\/\\\/grupohoymexico.com\\\/puebla\\\/2026\\\/01\\\/22\\\/comedores-comunitarios-puebla-entrega-de-insumos-para-fortalecer-atencion-alimentaria\\\/#primaryimage\"},\"thumbnailUrl\":\"https:\\\/\\\/grupohoymexico.com\\\/puebla\\\/wp-content\\\/uploads\\\/sites\\\/3\\\/2026\\\/01\\\/PORTAR_GH_REDACCION-36.webp\",\"datePublished\":\"2026-01-22T18:34:49+00:00\",\"author\":{\"@id\":\"https:\\\/\\\/grupohoymexico.com\\\/puebla\\\/#\\\/schema\\\/person\\\/bc870cc34e948548ddb62cf78ef8474b\"},\"description\":\"El municipio de Puebla entreg\u00f3 insumos a diez comedores comunitarios para fortalecer la atenci\u00f3n alimentaria a grupos vulnerables.\",\"breadcrumb\":{\"@id\":\"https:\\\/\\\/grupohoymexico.com\\\/puebla\\\/2026\\\/01\\\/22\\\/comedores-comunitarios-puebla-entrega-de-insumos-para-fortalecer-atencion-alimentaria\\\/#breadcrumb\"},\"inLanguage\":\"es\",\"potentialAction\":[{\"@type\":\"ReadAction\",\"target\":[\"https:\\\/\\\/grupohoymexico.com\\\/puebla\\\/2026\\\/01\\\/22\\\/comedores-comunitarios-puebla-entrega-de-insumos-para-fortalecer-atencion-alimentaria\\\/\"]}]},{\"@type\":\"ImageObject\",\"inLanguage\":\"es\",\"@id\":\"https:\\\/\\\/grupohoymexico.com\\\/puebla\\\/2026\\\/01\\\/22\\\/comedores-comunitarios-puebla-entrega-de-insumos-para-fortalecer-atencion-alimentaria\\\/#primaryimage\",\"url\":\"https:\\\/\\\/grupohoymexico.com\\\/puebla\\\/wp-content\\\/uploads\\\/sites\\\/3\\\/2026\\\/01\\\/PORTAR_GH_REDACCION-36.webp\",\"contentUrl\":\"https:\\\/\\\/grupohoymexico.com\\\/puebla\\\/wp-content\\\/uploads\\\/sites\\\/3\\\/2026\\\/01\\\/PORTAR_GH_REDACCION-36.webp\",\"width\":1200,\"height\":638,\"caption\":\"Imagen: freepik\"},{\"@type\":\"BreadcrumbList\",\"@id\":\"https:\\\/\\\/grupohoymexico.com\\\/puebla\\\/2026\\\/01\\\/22\\\/comedores-comunitarios-puebla-entrega-de-insumos-para-fortalecer-atencion-alimentaria\\\/#breadcrumb\",\"itemListElement\":[{\"@type\":\"ListItem\",\"position\":1,\"name\":\"Inicio\",\"item\":\"https:\\\/\\\/grupohoymexico.com\\\/puebla\\\/\"},{\"@type\":\"ListItem\",\"position\":2,\"name\":\"Comedores comunitarios Puebla: entrega de insumos para fortalecer atenci\u00f3n alimentaria\"}]},{\"@type\":\"WebSite\",\"@id\":\"https:\\\/\\\/grupohoymexico.com\\\/puebla\\\/#website\",\"url\":\"https:\\\/\\\/grupohoymexico.com\\\/puebla\\\/\",\"name\":\"Grupo Hoy Puebla\",\"description\":\"\",\"potentialAction\":[{\"@type\":\"SearchAction\",\"target\":{\"@type\":\"EntryPoint\",\"urlTemplate\":\"https:\\\/\\\/grupohoymexico.com\\\/puebla\\\/?s={search_term_string}\"},\"query-input\":{\"@type\":\"PropertyValueSpecification\",\"valueRequired\":true,\"valueName\":\"search_term_string\"}}],\"inLanguage\":\"es\"},{\"@type\":\"Person\",\"@id\":\"https:\\\/\\\/grupohoymexico.com\\\/puebla\\\/#\\\/schema\\\/person\\\/bc870cc34e948548ddb62cf78ef8474b\",\"name\":\"Redacci\u00f3n Grupo Hoy\",\"image\":{\"@type\":\"ImageObject\",\"inLanguage\":\"es\",\"@id\":\"https:\\\/\\\/secure.gravatar.com\\\/avatar\\\/e8a44ae8f1b7592837f8c496178e70e065758a27945df208805f8cf6fdd56893?s=96&d=mm&r=g\",\"url\":\"https:\\\/\\\/secure.gravatar.com\\\/avatar\\\/e8a44ae8f1b7592837f8c496178e70e065758a27945df208805f8cf6fdd56893?s=96&d=mm&r=g\",\"contentUrl\":\"https:\\\/\\\/secure.gravatar.com\\\/avatar\\\/e8a44ae8f1b7592837f8c496178e70e065758a27945df208805f8cf6fdd56893?s=96&d=mm&r=g\",\"caption\":\"Redacci\u00f3n Grupo Hoy\"},\"url\":\"https:\\\/\\\/grupohoymexico.com\\\/puebla\\\/author\\\/redaccion\\\/\"}]}<\/script>\n<!-- \/ Yoast SEO Premium plugin. -->","yoast_head_json":{"title":"Comedores comunitarios Puebla reciben insumos para atenci\u00f3n alimentaria","description":"El municipio de Puebla entreg\u00f3 insumos a diez comedores comunitarios para fortalecer la atenci\u00f3n alimentaria a grupos vulnerables.","robots":{"index":"index","follow":"follow","max-snippet":"max-snippet:-1","max-image-preview":"max-image-preview:large","max-video-preview":"max-video-preview:-1"},"canonical":"https:\/\/grupohoymexico.com\/puebla\/2026\/01\/22\/comedores-comunitarios-puebla-entrega-de-insumos-para-fortalecer-atencion-alimentaria\/","og_locale":"es_MX","og_type":"article","og_title":"Comedores comunitarios Puebla: entrega de insumos para fortalecer atenci\u00f3n alimentaria","og_description":"El municipio de Puebla entreg\u00f3 insumos a diez comedores comunitarios para fortalecer la atenci\u00f3n alimentaria a grupos vulnerables.","og_url":"https:\/\/grupohoymexico.com\/puebla\/2026\/01\/22\/comedores-comunitarios-puebla-entrega-de-insumos-para-fortalecer-atencion-alimentaria\/","og_site_name":"Grupo Hoy Puebla","article_published_time":"2026-01-22T18:34:49+00:00","og_image":[{"width":1200,"height":638,"url":"https:\/\/grupohoymexico.com\/puebla\/wp-content\/uploads\/sites\/3\/2026\/01\/PORTAR_GH_REDACCION-36.webp","type":"image\/webp"}],"author":"Redacci\u00f3n Grupo Hoy","twitter_card":"summary_large_image","twitter_misc":{"Escrito por":"Redacci\u00f3n Grupo Hoy","Tiempo de lectura":"2 minutos"},"schema":{"@context":"https:\/\/schema.org","@graph":[{"@type":"Article","@id":"https:\/\/grupohoymexico.com\/puebla\/2026\/01\/22\/comedores-comunitarios-puebla-entrega-de-insumos-para-fortalecer-atencion-alimentaria\/#article","isPartOf":{"@id":"https:\/\/grupohoymexico.com\/puebla\/2026\/01\/22\/comedores-comunitarios-puebla-entrega-de-insumos-para-fortalecer-atencion-alimentaria\/"},"author":{"name":"Redacci\u00f3n Grupo Hoy","@id":"https:\/\/grupohoymexico.com\/puebla\/#\/schema\/person\/bc870cc34e948548ddb62cf78ef8474b"},"headline":"Comedores comunitarios Puebla: entrega de insumos para fortalecer atenci\u00f3n alimentaria","datePublished":"2026-01-22T18:34:49+00:00","mainEntityOfPage":{"@id":"https:\/\/grupohoymexico.com\/puebla\/2026\/01\/22\/comedores-comunitarios-puebla-entrega-de-insumos-para-fortalecer-atencion-alimentaria\/"},"wordCount":412,"commentCount":0,"image":{"@id":"https:\/\/grupohoymexico.com\/puebla\/2026\/01\/22\/comedores-comunitarios-puebla-entrega-de-insumos-para-fortalecer-atencion-alimentaria\/#primaryimage"},"thumbnailUrl":"https:\/\/grupohoymexico.com\/puebla\/wp-content\/uploads\/sites\/3\/2026\/01\/PORTAR_GH_REDACCION-36.webp","keywords":["Acceso a la alimentaci\u00f3n","Apoyo social","Comedores comunitarios","Grupos de riesgo","municipio","Puebla Capital"],"articleSection":["Estatal"],"inLanguage":"es","potentialAction":[{"@type":"CommentAction","name":"Comment","target":["https:\/\/grupohoymexico.com\/puebla\/2026\/01\/22\/comedores-comunitarios-puebla-entrega-de-insumos-para-fortalecer-atencion-alimentaria\/#respond"]}]},{"@type":"WebPage","@id":"https:\/\/grupohoymexico.com\/puebla\/2026\/01\/22\/comedores-comunitarios-puebla-entrega-de-insumos-para-fortalecer-atencion-alimentaria\/","url":"https:\/\/grupohoymexico.com\/puebla\/2026\/01\/22\/comedores-comunitarios-puebla-entrega-de-insumos-para-fortalecer-atencion-alimentaria\/","name":"Comedores comunitarios Puebla reciben insumos para atenci\u00f3n alimentaria","isPartOf":{"@id":"https:\/\/grupohoymexico.com\/puebla\/#website"},"primaryImageOfPage":{"@id":"https:\/\/grupohoymexico.com\/puebla\/2026\/01\/22\/comedores-comunitarios-puebla-entrega-de-insumos-para-fortalecer-atencion-alimentaria\/#primaryimage"},"image":{"@id":"https:\/\/grupohoymexico.com\/puebla\/2026\/01\/22\/comedores-comunitarios-puebla-entrega-de-insumos-para-fortalecer-atencion-alimentaria\/#primaryimage"},"thumbnailUrl":"https:\/\/grupohoymexico.com\/puebla\/wp-content\/uploads\/sites\/3\/2026\/01\/PORTAR_GH_REDACCION-36.webp","datePublished":"2026-01-22T18:34:49+00:00","author":{"@id":"https:\/\/grupohoymexico.com\/puebla\/#\/schema\/person\/bc870cc34e948548ddb62cf78ef8474b"},"description":"El municipio de Puebla entreg\u00f3 insumos a diez comedores comunitarios para fortalecer la atenci\u00f3n alimentaria a grupos vulnerables.","breadcrumb":{"@id":"https:\/\/grupohoymexico.com\/puebla\/2026\/01\/22\/comedores-comunitarios-puebla-entrega-de-insumos-para-fortalecer-atencion-alimentaria\/#breadcrumb"},"inLanguage":"es","potentialAction":[{"@type":"ReadAction","target":["https:\/\/grupohoymexico.com\/puebla\/2026\/01\/22\/comedores-comunitarios-puebla-entrega-de-insumos-para-fortalecer-atencion-alimentaria\/"]}]},{"@type":"ImageObject","inLanguage":"es","@id":"https:\/\/grupohoymexico.com\/puebla\/2026\/01\/22\/comedores-comunitarios-puebla-entrega-de-insumos-para-fortalecer-atencion-alimentaria\/#primaryimage","url":"https:\/\/grupohoymexico.com\/puebla\/wp-content\/uploads\/sites\/3\/2026\/01\/PORTAR_GH_REDACCION-36.webp","contentUrl":"https:\/\/grupohoymexico.com\/puebla\/wp-content\/uploads\/sites\/3\/2026\/01\/PORTAR_GH_REDACCION-36.webp","width":1200,"height":638,"caption":"Imagen: freepik"},{"@type":"BreadcrumbList","@id":"https:\/\/grupohoymexico.com\/puebla\/2026\/01\/22\/comedores-comunitarios-puebla-entrega-de-insumos-para-fortalecer-atencion-alimentaria\/#breadcrumb","itemListElement":[{"@type":"ListItem","position":1,"name":"Inicio","item":"https:\/\/grupohoymexico.com\/puebla\/"},{"@type":"ListItem","position":2,"name":"Comedores comunitarios Puebla: entrega de insumos para fortalecer atenci\u00f3n alimentaria"}]},{"@type":"WebSite","@id":"https:\/\/grupohoymexico.com\/puebla\/#website","url":"https:\/\/grupohoymexico.com\/puebla\/","name":"Grupo Hoy Puebla","description":"","potentialAction":[{"@type":"SearchAction","target":{"@type":"EntryPoint","urlTemplate":"https:\/\/grupohoymexico.com\/puebla\/?s={search_term_string}"},"query-input":{"@type":"PropertyValueSpecification","valueRequired":true,"valueName":"search_term_string"}}],"inLanguage":"es"},{"@type":"Person","@id":"https:\/\/grupohoymexico.com\/puebla\/#\/schema\/person\/bc870cc34e948548ddb62cf78ef8474b","name":"Redacci\u00f3n Grupo Hoy","image":{"@type":"ImageObject","inLanguage":"es","@id":"https:\/\/secure.gravatar.com\/avatar\/e8a44ae8f1b7592837f8c496178e70e065758a27945df208805f8cf6fdd56893?s=96&d=mm&r=g","url":"https:\/\/secure.gravatar.com\/avatar\/e8a44ae8f1b7592837f8c496178e70e065758a27945df208805f8cf6fdd56893?s=96&d=mm&r=g","contentUrl":"https:\/\/secure.gravatar.com\/avatar\/e8a44ae8f1b7592837f8c496178e70e065758a27945df208805f8cf6fdd56893?s=96&d=mm&r=g","caption":"Redacci\u00f3n Grupo Hoy"},"url":"https:\/\/grupohoymexico.com\/puebla\/author\/redaccion\/"}]}},"_links":{"self":[{"href":"https:\/\/grupohoymexico.com\/puebla\/wp-json\/wp\/v2\/posts\/79786","targetHints":{"allow":["GET"]}}],"collection":[{"href":"https:\/\/grupohoymexico.com\/puebla\/wp-json\/wp\/v2\/posts"}],"about":[{"href":"https:\/\/grupohoymexico.com\/puebla\/wp-json\/wp\/v2\/types\/post"}],"author":[{"embeddable":true,"href":"https:\/\/grupohoymexico.com\/puebla\/wp-json\/wp\/v2\/users\/34"}],"replies":[{"embeddable":true,"href":"https:\/\/grupohoymexico.com\/puebla\/wp-json\/wp\/v2\/comments?post=79786"}],"version-history":[{"count":1,"href":"https:\/\/grupohoymexico.com\/puebla\/wp-json\/wp\/v2\/posts\/79786\/revisions"}],"predecessor-version":[{"id":79823,"href":"https:\/\/grupohoymexico.com\/puebla\/wp-json\/wp\/v2\/posts\/79786\/revisions\/79823"}],"wp:featuredmedia":[{"embeddable":true,"href":"https:\/\/grupohoymexico.com\/puebla\/wp-json\/wp\/v2\/media\/79819"}],"wp:attachment":[{"href":"https:\/\/grupohoymexico.com\/puebla\/wp-json\/wp\/v2\/media?parent=79786"}],"wp:term":[{"taxonomy":"category","embeddable":true,"href":"https:\/\/grupohoymexico.com\/puebla\/wp-json\/wp\/v2\/categories?post=79786"},{"taxonomy":"post_tag","embeddable":true,"href":"https:\/\/grupohoymexico.com\/puebla\/wp-json\/wp\/v2\/tags?post=79786"}],"curies":[{"name":"wp","href":"https:\/\/api.w.org\/{rel}","templated":true}]}}