{"id":79777,"date":"2026-01-22T17:39:29","date_gmt":"2026-01-22T17:39:29","guid":{"rendered":"https:\/\/grupohoymexico.com\/puebla\/?p=79777"},"modified":"2026-01-22T17:39:32","modified_gmt":"2026-01-22T17:39:32","slug":"nascar-mexico-definira-campeon-en-el-autodromo-miguel-e-abed-de-puebla","status":"publish","type":"post","link":"https:\/\/grupohoymexico.com\/puebla\/2026\/01\/22\/nascar-mexico-definira-campeon-en-el-autodromo-miguel-e-abed-de-puebla\/","title":{"rendered":"NASCAR M\u00e9xico definir\u00e1 campe\u00f3n en el Aut\u00f3dromo Miguel E. Abed de Puebla"},"content":{"rendered":"\n<p><strong>NASCAR M\u00e9xico Series 2026<\/strong> concluir\u00e1 en el Aut\u00f3dromo Miguel E. Abed, ubicado en Amozoc, Puebla. El final de la temporada est\u00e1 programado para el <strong>15 de noviembre<\/strong>, posicionando al estado como sede clave dentro del calendario nacional de este importate evento automovil\u00edstico.<\/p>\n\n\n\n<h2 class=\"wp-block-heading\" id=\"h-autodromo-miguel-e-abed\">Aut\u00f3dromo Miguel E. Abed <\/h2>\n\n\n\n<p>El Aut\u00f3dromo Miguel E. Abed es una pista que ha sido sede recurrente de eventos importantes de NASCAR en M\u00e9xico. Cuenta con infraestructura y ubicaci\u00f3n adecuadas para albergar competencias locales y nacionales, consolid\u00e1ndose como un punto estrat\u00e9gico para la organizaci\u00f3n de pruebas de alto nivel. <\/p>\n\n\n\n<p>La elecci\u00f3n de Puebla para la definici\u00f3n de la temporada refleja la continuidad y la confianza en la capacidad organizativa de la regi\u00f3n para eventos de este formato.<\/p>\n\n\n\n<p><strong>LEE M\u00c1S:<\/strong> <a href=\"https:\/\/grupohoymexico.com\/puebla\/2026\/01\/15\/amplian-participacion-de-mexico-en-el-mundial-2026\/\">Ampl\u00edan participaci\u00f3n de M\u00e9xico en el Mundial 2026<\/a><\/p>\n\n\n\n<h2 class=\"wp-block-heading\" id=\"h-nascar-mexico-2026\">Nascar M\u00e9xico 2026<\/h2>\n\n\n\n<p>La NASCAR M\u00e9xico Series es la m\u00e1xima categor\u00eda del automovilismo en el pa\u00eds, reconocida por la Federaci\u00f3n Mexicana de Automovilismo Deportivo (Femadac) y vinculada con la NASCAR internacional. <\/p>\n\n\n\n<p>Esta serie re\u00fane a pilotos profesionales que compiten en autom\u00f3viles tipo stock car en circuitos ovalados y mixtos, bajo normas t\u00e9cnicas y deportivas que buscan mantener la seguridad y la competitividad en las carreras.<\/p>\n\n\n\n<h2 class=\"wp-block-heading\" id=\"h-calendario-de-la-nascar-mexico\">Calendario de la NASCAR M\u00e9xico<\/h2>\n\n\n\n<p>El campeonato del 2026 seguir\u00e1 su calendario tradicional con m\u00faltiples etapas en distintas sedes del pa\u00eds. La final en Puebla definir\u00e1 al ganador de la temporada mediante la suma de puntos acumulados y el desempe\u00f1o en la \u00faltima carrera. <\/p>\n\n\n\n<p>La realizaci\u00f3n de este evento consolida a la NASCAR M\u00e9xico Series como un deporte con significativo seguimiento entre los aficionados al automovilismo en M\u00e9xico.<\/p>\n\n\n\n<p><strong>LEE M\u00c1S:<\/strong> <a href=\"https:\/\/grupohoymexico.com\/puebla\/2025\/12\/20\/seleccion-mexicana-rafael-marquez-empieza-a-estructurar-su-cuerpo-tecnico-para-2030\/\">Selecci\u00f3n Mexicana: Rafael M\u00e1rquez empieza a estructurar su cuerpo t\u00e9cnico para 2030<\/a><\/p>\n\n\n\n<h2 class=\"wp-block-heading\" id=\"h-sede-en-puebla\">Sede en Puebla <\/h2>\n\n\n\n<p>Por otra parte, el hecho de que la final se realice en Puebla, significa un gran impacto econ\u00f3mico y social, ya que atraer\u00e1 visitantes y generar\u00e1 una importante derrama econ\u00f3mica mientras promueve la difusi\u00f3n de actividades relacionadas con el deporte motor. <\/p>\n\n\n\n<p>La competencia se llevar\u00e1 a cabo conforme a protocolos de seguridad para pilotos, equipos y p\u00fablico, siguiendo lineamientos nacionales establecidos por las autoridades correspondientes.<\/p>\n\n\n\n<p>Con esta sede confirmada, el Aut\u00f3dromo Miguel E. Abed reafirma su papel en el desarrollo del automovilismo competitivo en M\u00e9xico y mantiene la tradici\u00f3n de eventos deportivos de alto nivel en la regi\u00f3n.<\/p>\n\n\n\n<p><\/p>\n","protected":false},"excerpt":{"rendered":"NASCAR M\u00e9xico Series 2026 concluir\u00e1 en el Aut\u00f3dromo Miguel E. Abed, ubicado en Amozoc, Puebla. El final de&hellip;","protected":false},"author":34,"featured_media":79816,"comment_status":"open","ping_status":"open","sticky":false,"template":"","format":"standard","meta":{"csco_display_header_overlay":false,"csco_singular_sidebar":"","csco_page_header_type":"","csco_page_load_nextpost":"","csco_post_video_location":[],"csco_post_video_location_hash":"","csco_post_video_url":"","csco_post_video_bg_start_time":0,"csco_post_video_bg_end_time":0,"footnotes":""},"categories":[27,29],"tags":[3504,3507,3505,3506,3508,3509,40,1409],"class_list":{"0":"post-79777","1":"post","2":"type-post","3":"status-publish","4":"format-standard","5":"has-post-thumbnail","7":"category-deportes","8":"category-estatal","9":"tag-campeon","10":"tag-carrera","11":"tag-final-de-temporada","12":"tag-nascar","13":"tag-nascar-2026","14":"tag-nascar-mexico-2026","15":"tag-puebla","16":"tag-sede","17":"cs-entry","18":"cs-video-wrap"},"yoast_head":"<!-- This site is optimized with the Yoast SEO Premium plugin v24.7 (Yoast SEO v27.4) - https:\/\/yoast.com\/product\/yoast-seo-premium-wordpress\/ -->\n<title>NASCAR M\u00e9xico Series Puebla 2026 definir\u00e1 campe\u00f3n en Aut\u00f3dromo<\/title>\n<meta name=\"description\" content=\"La NASCAR M\u00e9xico Series 2026 llevar\u00e1 a cabo su gran final en el Aut\u00f3dromo Miguel E. Abed en el estado de Puebla.\" \/>\n<meta name=\"robots\" content=\"index, follow, max-snippet:-1, max-image-preview:large, max-video-preview:-1\" \/>\n<link rel=\"canonical\" href=\"https:\/\/grupohoymexico.com\/puebla\/2026\/01\/22\/nascar-mexico-definira-campeon-en-el-autodromo-miguel-e-abed-de-puebla\/\" \/>\n<meta property=\"og:locale\" content=\"es_MX\" \/>\n<meta property=\"og:type\" content=\"article\" \/>\n<meta property=\"og:title\" content=\"NASCAR M\u00e9xico definir\u00e1 campe\u00f3n en el Aut\u00f3dromo Miguel E. Abed de Puebla\" \/>\n<meta property=\"og:description\" content=\"La NASCAR M\u00e9xico Series 2026 llevar\u00e1 a cabo su gran final en el Aut\u00f3dromo Miguel E. Abed en el estado de Puebla.\" \/>\n<meta property=\"og:url\" content=\"https:\/\/grupohoymexico.com\/puebla\/2026\/01\/22\/nascar-mexico-definira-campeon-en-el-autodromo-miguel-e-abed-de-puebla\/\" \/>\n<meta property=\"og:site_name\" content=\"Grupo Hoy Puebla\" \/>\n<meta property=\"article:published_time\" content=\"2026-01-22T17:39:29+00:00\" \/>\n<meta property=\"article:modified_time\" content=\"2026-01-22T17:39:32+00:00\" \/>\n<meta property=\"og:image\" content=\"https:\/\/grupohoymexico.com\/puebla\/wp-content\/uploads\/sites\/3\/2026\/01\/PORTAR_GH_REDACCION-35.webp\" \/>\n\t<meta property=\"og:image:width\" content=\"1200\" \/>\n\t<meta property=\"og:image:height\" content=\"638\" \/>\n\t<meta property=\"og:image:type\" content=\"image\/webp\" \/>\n<meta name=\"author\" content=\"Redacci\u00f3n Grupo Hoy\" \/>\n<meta name=\"twitter:card\" content=\"summary_large_image\" \/>\n<meta name=\"twitter:label1\" content=\"Escrito por\" \/>\n\t<meta name=\"twitter:data1\" content=\"Redacci\u00f3n Grupo Hoy\" \/>\n\t<meta name=\"twitter:label2\" content=\"Tiempo de lectura\" \/>\n\t<meta name=\"twitter:data2\" content=\"2 minutos\" \/>\n<script type=\"application\/ld+json\" class=\"yoast-schema-graph\">{\"@context\":\"https:\\\/\\\/schema.org\",\"@graph\":[{\"@type\":\"Article\",\"@id\":\"https:\\\/\\\/grupohoymexico.com\\\/puebla\\\/2026\\\/01\\\/22\\\/nascar-mexico-definira-campeon-en-el-autodromo-miguel-e-abed-de-puebla\\\/#article\",\"isPartOf\":{\"@id\":\"https:\\\/\\\/grupohoymexico.com\\\/puebla\\\/2026\\\/01\\\/22\\\/nascar-mexico-definira-campeon-en-el-autodromo-miguel-e-abed-de-puebla\\\/\"},\"author\":{\"name\":\"Redacci\u00f3n Grupo Hoy\",\"@id\":\"https:\\\/\\\/grupohoymexico.com\\\/puebla\\\/#\\\/schema\\\/person\\\/bc870cc34e948548ddb62cf78ef8474b\"},\"headline\":\"NASCAR M\u00e9xico definir\u00e1 campe\u00f3n en el Aut\u00f3dromo Miguel E. Abed de Puebla\",\"datePublished\":\"2026-01-22T17:39:29+00:00\",\"dateModified\":\"2026-01-22T17:39:32+00:00\",\"mainEntityOfPage\":{\"@id\":\"https:\\\/\\\/grupohoymexico.com\\\/puebla\\\/2026\\\/01\\\/22\\\/nascar-mexico-definira-campeon-en-el-autodromo-miguel-e-abed-de-puebla\\\/\"},\"wordCount\":431,\"commentCount\":0,\"image\":{\"@id\":\"https:\\\/\\\/grupohoymexico.com\\\/puebla\\\/2026\\\/01\\\/22\\\/nascar-mexico-definira-campeon-en-el-autodromo-miguel-e-abed-de-puebla\\\/#primaryimage\"},\"thumbnailUrl\":\"https:\\\/\\\/grupohoymexico.com\\\/puebla\\\/wp-content\\\/uploads\\\/sites\\\/3\\\/2026\\\/01\\\/PORTAR_GH_REDACCION-35.webp\",\"keywords\":[\"Campe\u00f3n\",\"Carrera\",\"Final de temporada\",\"Nascar\",\"Nascar 2026\",\"Nascar M\u00e9xico 2026\",\"puebla\",\"sede\"],\"articleSection\":[\"Deportes\",\"Estatal\"],\"inLanguage\":\"es\",\"potentialAction\":[{\"@type\":\"CommentAction\",\"name\":\"Comment\",\"target\":[\"https:\\\/\\\/grupohoymexico.com\\\/puebla\\\/2026\\\/01\\\/22\\\/nascar-mexico-definira-campeon-en-el-autodromo-miguel-e-abed-de-puebla\\\/#respond\"]}]},{\"@type\":\"WebPage\",\"@id\":\"https:\\\/\\\/grupohoymexico.com\\\/puebla\\\/2026\\\/01\\\/22\\\/nascar-mexico-definira-campeon-en-el-autodromo-miguel-e-abed-de-puebla\\\/\",\"url\":\"https:\\\/\\\/grupohoymexico.com\\\/puebla\\\/2026\\\/01\\\/22\\\/nascar-mexico-definira-campeon-en-el-autodromo-miguel-e-abed-de-puebla\\\/\",\"name\":\"NASCAR M\u00e9xico Series Puebla 2026 definir\u00e1 campe\u00f3n en Aut\u00f3dromo\",\"isPartOf\":{\"@id\":\"https:\\\/\\\/grupohoymexico.com\\\/puebla\\\/#website\"},\"primaryImageOfPage\":{\"@id\":\"https:\\\/\\\/grupohoymexico.com\\\/puebla\\\/2026\\\/01\\\/22\\\/nascar-mexico-definira-campeon-en-el-autodromo-miguel-e-abed-de-puebla\\\/#primaryimage\"},\"image\":{\"@id\":\"https:\\\/\\\/grupohoymexico.com\\\/puebla\\\/2026\\\/01\\\/22\\\/nascar-mexico-definira-campeon-en-el-autodromo-miguel-e-abed-de-puebla\\\/#primaryimage\"},\"thumbnailUrl\":\"https:\\\/\\\/grupohoymexico.com\\\/puebla\\\/wp-content\\\/uploads\\\/sites\\\/3\\\/2026\\\/01\\\/PORTAR_GH_REDACCION-35.webp\",\"datePublished\":\"2026-01-22T17:39:29+00:00\",\"dateModified\":\"2026-01-22T17:39:32+00:00\",\"author\":{\"@id\":\"https:\\\/\\\/grupohoymexico.com\\\/puebla\\\/#\\\/schema\\\/person\\\/bc870cc34e948548ddb62cf78ef8474b\"},\"description\":\"La NASCAR M\u00e9xico Series 2026 llevar\u00e1 a cabo su gran final en el Aut\u00f3dromo Miguel E. Abed en el estado de Puebla.\",\"breadcrumb\":{\"@id\":\"https:\\\/\\\/grupohoymexico.com\\\/puebla\\\/2026\\\/01\\\/22\\\/nascar-mexico-definira-campeon-en-el-autodromo-miguel-e-abed-de-puebla\\\/#breadcrumb\"},\"inLanguage\":\"es\",\"potentialAction\":[{\"@type\":\"ReadAction\",\"target\":[\"https:\\\/\\\/grupohoymexico.com\\\/puebla\\\/2026\\\/01\\\/22\\\/nascar-mexico-definira-campeon-en-el-autodromo-miguel-e-abed-de-puebla\\\/\"]}]},{\"@type\":\"ImageObject\",\"inLanguage\":\"es\",\"@id\":\"https:\\\/\\\/grupohoymexico.com\\\/puebla\\\/2026\\\/01\\\/22\\\/nascar-mexico-definira-campeon-en-el-autodromo-miguel-e-abed-de-puebla\\\/#primaryimage\",\"url\":\"https:\\\/\\\/grupohoymexico.com\\\/puebla\\\/wp-content\\\/uploads\\\/sites\\\/3\\\/2026\\\/01\\\/PORTAR_GH_REDACCION-35.webp\",\"contentUrl\":\"https:\\\/\\\/grupohoymexico.com\\\/puebla\\\/wp-content\\\/uploads\\\/sites\\\/3\\\/2026\\\/01\\\/PORTAR_GH_REDACCION-35.webp\",\"width\":1200,\"height\":638,\"caption\":\"Imagen: Nascar M\u00e9xico\"},{\"@type\":\"BreadcrumbList\",\"@id\":\"https:\\\/\\\/grupohoymexico.com\\\/puebla\\\/2026\\\/01\\\/22\\\/nascar-mexico-definira-campeon-en-el-autodromo-miguel-e-abed-de-puebla\\\/#breadcrumb\",\"itemListElement\":[{\"@type\":\"ListItem\",\"position\":1,\"name\":\"Inicio\",\"item\":\"https:\\\/\\\/grupohoymexico.com\\\/puebla\\\/\"},{\"@type\":\"ListItem\",\"position\":2,\"name\":\"NASCAR M\u00e9xico definir\u00e1 campe\u00f3n en el Aut\u00f3dromo Miguel E. Abed de Puebla\"}]},{\"@type\":\"WebSite\",\"@id\":\"https:\\\/\\\/grupohoymexico.com\\\/puebla\\\/#website\",\"url\":\"https:\\\/\\\/grupohoymexico.com\\\/puebla\\\/\",\"name\":\"Grupo Hoy Puebla\",\"description\":\"\",\"potentialAction\":[{\"@type\":\"SearchAction\",\"target\":{\"@type\":\"EntryPoint\",\"urlTemplate\":\"https:\\\/\\\/grupohoymexico.com\\\/puebla\\\/?s={search_term_string}\"},\"query-input\":{\"@type\":\"PropertyValueSpecification\",\"valueRequired\":true,\"valueName\":\"search_term_string\"}}],\"inLanguage\":\"es\"},{\"@type\":\"Person\",\"@id\":\"https:\\\/\\\/grupohoymexico.com\\\/puebla\\\/#\\\/schema\\\/person\\\/bc870cc34e948548ddb62cf78ef8474b\",\"name\":\"Redacci\u00f3n Grupo Hoy\",\"image\":{\"@type\":\"ImageObject\",\"inLanguage\":\"es\",\"@id\":\"https:\\\/\\\/secure.gravatar.com\\\/avatar\\\/e8a44ae8f1b7592837f8c496178e70e065758a27945df208805f8cf6fdd56893?s=96&d=mm&r=g\",\"url\":\"https:\\\/\\\/secure.gravatar.com\\\/avatar\\\/e8a44ae8f1b7592837f8c496178e70e065758a27945df208805f8cf6fdd56893?s=96&d=mm&r=g\",\"contentUrl\":\"https:\\\/\\\/secure.gravatar.com\\\/avatar\\\/e8a44ae8f1b7592837f8c496178e70e065758a27945df208805f8cf6fdd56893?s=96&d=mm&r=g\",\"caption\":\"Redacci\u00f3n Grupo Hoy\"},\"url\":\"https:\\\/\\\/grupohoymexico.com\\\/puebla\\\/author\\\/redaccion\\\/\"}]}<\/script>\n<!-- \/ Yoast SEO Premium plugin. -->","yoast_head_json":{"title":"NASCAR M\u00e9xico Series Puebla 2026 definir\u00e1 campe\u00f3n en Aut\u00f3dromo","description":"La NASCAR M\u00e9xico Series 2026 llevar\u00e1 a cabo su gran final en el Aut\u00f3dromo Miguel E. Abed en el estado de Puebla.","robots":{"index":"index","follow":"follow","max-snippet":"max-snippet:-1","max-image-preview":"max-image-preview:large","max-video-preview":"max-video-preview:-1"},"canonical":"https:\/\/grupohoymexico.com\/puebla\/2026\/01\/22\/nascar-mexico-definira-campeon-en-el-autodromo-miguel-e-abed-de-puebla\/","og_locale":"es_MX","og_type":"article","og_title":"NASCAR M\u00e9xico definir\u00e1 campe\u00f3n en el Aut\u00f3dromo Miguel E. Abed de Puebla","og_description":"La NASCAR M\u00e9xico Series 2026 llevar\u00e1 a cabo su gran final en el Aut\u00f3dromo Miguel E. Abed en el estado de Puebla.","og_url":"https:\/\/grupohoymexico.com\/puebla\/2026\/01\/22\/nascar-mexico-definira-campeon-en-el-autodromo-miguel-e-abed-de-puebla\/","og_site_name":"Grupo Hoy Puebla","article_published_time":"2026-01-22T17:39:29+00:00","article_modified_time":"2026-01-22T17:39:32+00:00","og_image":[{"width":1200,"height":638,"url":"https:\/\/grupohoymexico.com\/puebla\/wp-content\/uploads\/sites\/3\/2026\/01\/PORTAR_GH_REDACCION-35.webp","type":"image\/webp"}],"author":"Redacci\u00f3n Grupo Hoy","twitter_card":"summary_large_image","twitter_misc":{"Escrito por":"Redacci\u00f3n Grupo Hoy","Tiempo de lectura":"2 minutos"},"schema":{"@context":"https:\/\/schema.org","@graph":[{"@type":"Article","@id":"https:\/\/grupohoymexico.com\/puebla\/2026\/01\/22\/nascar-mexico-definira-campeon-en-el-autodromo-miguel-e-abed-de-puebla\/#article","isPartOf":{"@id":"https:\/\/grupohoymexico.com\/puebla\/2026\/01\/22\/nascar-mexico-definira-campeon-en-el-autodromo-miguel-e-abed-de-puebla\/"},"author":{"name":"Redacci\u00f3n Grupo Hoy","@id":"https:\/\/grupohoymexico.com\/puebla\/#\/schema\/person\/bc870cc34e948548ddb62cf78ef8474b"},"headline":"NASCAR M\u00e9xico definir\u00e1 campe\u00f3n en el Aut\u00f3dromo Miguel E. Abed de Puebla","datePublished":"2026-01-22T17:39:29+00:00","dateModified":"2026-01-22T17:39:32+00:00","mainEntityOfPage":{"@id":"https:\/\/grupohoymexico.com\/puebla\/2026\/01\/22\/nascar-mexico-definira-campeon-en-el-autodromo-miguel-e-abed-de-puebla\/"},"wordCount":431,"commentCount":0,"image":{"@id":"https:\/\/grupohoymexico.com\/puebla\/2026\/01\/22\/nascar-mexico-definira-campeon-en-el-autodromo-miguel-e-abed-de-puebla\/#primaryimage"},"thumbnailUrl":"https:\/\/grupohoymexico.com\/puebla\/wp-content\/uploads\/sites\/3\/2026\/01\/PORTAR_GH_REDACCION-35.webp","keywords":["Campe\u00f3n","Carrera","Final de temporada","Nascar","Nascar 2026","Nascar M\u00e9xico 2026","puebla","sede"],"articleSection":["Deportes","Estatal"],"inLanguage":"es","potentialAction":[{"@type":"CommentAction","name":"Comment","target":["https:\/\/grupohoymexico.com\/puebla\/2026\/01\/22\/nascar-mexico-definira-campeon-en-el-autodromo-miguel-e-abed-de-puebla\/#respond"]}]},{"@type":"WebPage","@id":"https:\/\/grupohoymexico.com\/puebla\/2026\/01\/22\/nascar-mexico-definira-campeon-en-el-autodromo-miguel-e-abed-de-puebla\/","url":"https:\/\/grupohoymexico.com\/puebla\/2026\/01\/22\/nascar-mexico-definira-campeon-en-el-autodromo-miguel-e-abed-de-puebla\/","name":"NASCAR M\u00e9xico Series Puebla 2026 definir\u00e1 campe\u00f3n en Aut\u00f3dromo","isPartOf":{"@id":"https:\/\/grupohoymexico.com\/puebla\/#website"},"primaryImageOfPage":{"@id":"https:\/\/grupohoymexico.com\/puebla\/2026\/01\/22\/nascar-mexico-definira-campeon-en-el-autodromo-miguel-e-abed-de-puebla\/#primaryimage"},"image":{"@id":"https:\/\/grupohoymexico.com\/puebla\/2026\/01\/22\/nascar-mexico-definira-campeon-en-el-autodromo-miguel-e-abed-de-puebla\/#primaryimage"},"thumbnailUrl":"https:\/\/grupohoymexico.com\/puebla\/wp-content\/uploads\/sites\/3\/2026\/01\/PORTAR_GH_REDACCION-35.webp","datePublished":"2026-01-22T17:39:29+00:00","dateModified":"2026-01-22T17:39:32+00:00","author":{"@id":"https:\/\/grupohoymexico.com\/puebla\/#\/schema\/person\/bc870cc34e948548ddb62cf78ef8474b"},"description":"La NASCAR M\u00e9xico Series 2026 llevar\u00e1 a cabo su gran final en el Aut\u00f3dromo Miguel E. Abed en el estado de Puebla.","breadcrumb":{"@id":"https:\/\/grupohoymexico.com\/puebla\/2026\/01\/22\/nascar-mexico-definira-campeon-en-el-autodromo-miguel-e-abed-de-puebla\/#breadcrumb"},"inLanguage":"es","potentialAction":[{"@type":"ReadAction","target":["https:\/\/grupohoymexico.com\/puebla\/2026\/01\/22\/nascar-mexico-definira-campeon-en-el-autodromo-miguel-e-abed-de-puebla\/"]}]},{"@type":"ImageObject","inLanguage":"es","@id":"https:\/\/grupohoymexico.com\/puebla\/2026\/01\/22\/nascar-mexico-definira-campeon-en-el-autodromo-miguel-e-abed-de-puebla\/#primaryimage","url":"https:\/\/grupohoymexico.com\/puebla\/wp-content\/uploads\/sites\/3\/2026\/01\/PORTAR_GH_REDACCION-35.webp","contentUrl":"https:\/\/grupohoymexico.com\/puebla\/wp-content\/uploads\/sites\/3\/2026\/01\/PORTAR_GH_REDACCION-35.webp","width":1200,"height":638,"caption":"Imagen: Nascar M\u00e9xico"},{"@type":"BreadcrumbList","@id":"https:\/\/grupohoymexico.com\/puebla\/2026\/01\/22\/nascar-mexico-definira-campeon-en-el-autodromo-miguel-e-abed-de-puebla\/#breadcrumb","itemListElement":[{"@type":"ListItem","position":1,"name":"Inicio","item":"https:\/\/grupohoymexico.com\/puebla\/"},{"@type":"ListItem","position":2,"name":"NASCAR M\u00e9xico definir\u00e1 campe\u00f3n en el Aut\u00f3dromo Miguel E. Abed de Puebla"}]},{"@type":"WebSite","@id":"https:\/\/grupohoymexico.com\/puebla\/#website","url":"https:\/\/grupohoymexico.com\/puebla\/","name":"Grupo Hoy Puebla","description":"","potentialAction":[{"@type":"SearchAction","target":{"@type":"EntryPoint","urlTemplate":"https:\/\/grupohoymexico.com\/puebla\/?s={search_term_string}"},"query-input":{"@type":"PropertyValueSpecification","valueRequired":true,"valueName":"search_term_string"}}],"inLanguage":"es"},{"@type":"Person","@id":"https:\/\/grupohoymexico.com\/puebla\/#\/schema\/person\/bc870cc34e948548ddb62cf78ef8474b","name":"Redacci\u00f3n Grupo Hoy","image":{"@type":"ImageObject","inLanguage":"es","@id":"https:\/\/secure.gravatar.com\/avatar\/e8a44ae8f1b7592837f8c496178e70e065758a27945df208805f8cf6fdd56893?s=96&d=mm&r=g","url":"https:\/\/secure.gravatar.com\/avatar\/e8a44ae8f1b7592837f8c496178e70e065758a27945df208805f8cf6fdd56893?s=96&d=mm&r=g","contentUrl":"https:\/\/secure.gravatar.com\/avatar\/e8a44ae8f1b7592837f8c496178e70e065758a27945df208805f8cf6fdd56893?s=96&d=mm&r=g","caption":"Redacci\u00f3n Grupo Hoy"},"url":"https:\/\/grupohoymexico.com\/puebla\/author\/redaccion\/"}]}},"_links":{"self":[{"href":"https:\/\/grupohoymexico.com\/puebla\/wp-json\/wp\/v2\/posts\/79777","targetHints":{"allow":["GET"]}}],"collection":[{"href":"https:\/\/grupohoymexico.com\/puebla\/wp-json\/wp\/v2\/posts"}],"about":[{"href":"https:\/\/grupohoymexico.com\/puebla\/wp-json\/wp\/v2\/types\/post"}],"author":[{"embeddable":true,"href":"https:\/\/grupohoymexico.com\/puebla\/wp-json\/wp\/v2\/users\/34"}],"replies":[{"embeddable":true,"href":"https:\/\/grupohoymexico.com\/puebla\/wp-json\/wp\/v2\/comments?post=79777"}],"version-history":[{"count":2,"href":"https:\/\/grupohoymexico.com\/puebla\/wp-json\/wp\/v2\/posts\/79777\/revisions"}],"predecessor-version":[{"id":79817,"href":"https:\/\/grupohoymexico.com\/puebla\/wp-json\/wp\/v2\/posts\/79777\/revisions\/79817"}],"wp:featuredmedia":[{"embeddable":true,"href":"https:\/\/grupohoymexico.com\/puebla\/wp-json\/wp\/v2\/media\/79816"}],"wp:attachment":[{"href":"https:\/\/grupohoymexico.com\/puebla\/wp-json\/wp\/v2\/media?parent=79777"}],"wp:term":[{"taxonomy":"category","embeddable":true,"href":"https:\/\/grupohoymexico.com\/puebla\/wp-json\/wp\/v2\/categories?post=79777"},{"taxonomy":"post_tag","embeddable":true,"href":"https:\/\/grupohoymexico.com\/puebla\/wp-json\/wp\/v2\/tags?post=79777"}],"curies":[{"name":"wp","href":"https:\/\/api.w.org\/{rel}","templated":true}]}}