{"id":79767,"date":"2026-01-22T16:48:07","date_gmt":"2026-01-22T16:48:07","guid":{"rendered":"https:\/\/grupohoymexico.com\/puebla\/?p=79767"},"modified":"2026-01-22T16:48:17","modified_gmt":"2026-01-22T16:48:17","slug":"coparmex-puebla-solicita-medidas-al-gobierno-estatal-ante-robos-a-comercios-y-carreteras","status":"publish","type":"post","link":"https:\/\/grupohoymexico.com\/puebla\/2026\/01\/22\/coparmex-puebla-solicita-medidas-al-gobierno-estatal-ante-robos-a-comercios-y-carreteras\/","title":{"rendered":"Coparmex Puebla solicita medidas al gobierno estatal ante robos a comercios y carreteras"},"content":{"rendered":"\n<p><strong>La Confederaci\u00f3n Patronal de la Rep\u00fablica Mexicana (Coparmex)<\/strong> en Puebla ha solicitado al gobierno estatal la implementaci\u00f3n de m\u00e1s y mejores acciones para combatir el aumento de robos en comercios y carreteras de la entidad.<\/p>\n\n\n\n<p>Esta petici\u00f3n surge tras los recientes reportes de incremento en incidentes delictivos que afectan la operaci\u00f3n y seguridad de las empresas afiliadas a la Coparmex. <\/p>\n\n\n\n<p>Seg\u00fan datos proporcionados por la organizaci\u00f3n, cerca del <strong>65%<\/strong> de sus socios fueron v\u00edctimas de alg\u00fan tipo de delito durante 2025. Dicha cifra, supera la media nacional en este sector.<\/p>\n\n\n\n<p><strong>LEE M\u00c1S:<\/strong> <a href=\"https:\/\/grupohoymexico.com\/puebla\/2026\/01\/16\/operativo-permite-recuperacion-de-trailer-robado-en-puebla\/\">Operativo permite recuperaci\u00f3n de tr\u00e1iler robado en Puebla<\/a><\/p>\n\n\n\n<p>Entre los delitos m\u00e1s frecuentes en Puebla se encuentra el robo en carreteras con una tasa de incidencia aproximada del <strong>16%<\/strong>. Adem\u00e1s, figuran otro tipo de actos como asaltos y robos relacionados con la operaci\u00f3n comercial.<\/p>\n\n\n\n<p>Estas cifras fueron expuestas durante distintas entrevistas y comunicados emitidos a principios de 2026, en los que se destac\u00f3 tambi\u00e9n el impacto econ\u00f3mico que generan estos actos il\u00edcitos en las empresas locales.<\/p>\n\n\n\n<p>Las afectaciones derivadas de estos acontecimientos incluyen p\u00e9rdidas econ\u00f3micas directas por el robo de bienes y mercanc\u00edas, as\u00ed como costos adicionales relacionados con la seguridad y la log\u00edstica para prevenir estos hechos. Adicionalmente, la percepci\u00f3n de inseguridad en la regi\u00f3n ha llevado a la realizaci\u00f3n de protestas por parte de miembros del sector empresarial.<\/p>\n\n\n\n<h2 class=\"wp-block-heading\" id=\"h-estrategias-para-enfrentar-los-delitos\">Estrategias para enfrentar los delitos<\/h2>\n\n\n\n<p>En respuesta a esta problem\u00e1tica, se ha anunciado la puesta en marcha de la <strong>Estrategia del Mando Unificado Oriente. <\/strong>Un plan de seguridad coordinado que busca reducir la incidencia delictiva en la regi\u00f3n.&nbsp;<\/p>\n\n\n\n<p>En dicha estrategia, trabajar\u00e1n en cojunto corporaciones policiales, autoridades locales y el gobierno estatal. El objetivo es fortalecer la vigilancia en carreteras y en zonas comerciales donde se concentran los principales reportes de robos.<\/p>\n\n\n\n<p><strong>LEE M\u00c1S:<\/strong><a href=\"https:\/\/grupohoymexico.com\/puebla\/2026\/01\/19\/manila-water-ofrece-3-mil-625-millones-de-pesos-por-agua-de-puebla-para-todos\/\"> Manila Water ofrece 3 mil 625 millones de pesos por Agua de Puebla para Todos<\/a><\/p>\n\n\n\n<p>El impacto de la delincuencia no solo afecta a las empresas en t\u00e9rminos puntuales, sino que influye en la percepci\u00f3n general sobre el ambiente para la inversi\u00f3n en Puebla. Seg\u00fan estudios realizados por Coparmex, solo el <strong>33.6%<\/strong> de los socios considera que las condiciones son favorables para invertir actualmente. Sus opiniones se basan en factores que incluyen la inseguridad, la corrupci\u00f3n municipal y la burocracia administrativa.<\/p>\n\n\n\n<p>Este contexto institucional y social, la inseguridad representa un desaf\u00edo para el desarrollo econ\u00f3mico regional. La continuidad y \u00e9xito de las acciones gubernamentales ser\u00e1n monitoreados, dada la importancia de garantizar condiciones seguras para las actividades comerciales y el tr\u00e1nsito en las carreteras del estado.<\/p>\n","protected":false},"excerpt":{"rendered":"La Confederaci\u00f3n Patronal de la Rep\u00fablica Mexicana (Coparmex) en Puebla ha solicitado al gobierno estatal la implementaci\u00f3n de&hellip;","protected":false},"author":34,"featured_media":79808,"comment_status":"open","ping_status":"open","sticky":false,"template":"","format":"standard","meta":{"csco_display_header_overlay":false,"csco_singular_sidebar":"","csco_page_header_type":"","csco_page_load_nextpost":"","csco_post_video_location":[],"csco_post_video_location_hash":"","csco_post_video_url":"","csco_post_video_bg_start_time":0,"csco_post_video_bg_end_time":0,"footnotes":""},"categories":[29],"tags":[3503,514,346,752,40,3502],"class_list":{"0":"post-79767","1":"post","2":"type-post","3":"status-publish","4":"format-standard","5":"has-post-thumbnail","7":"category-estatal","8":"tag-comercios","9":"tag-coparmex","10":"tag-empresas","11":"tag-inseguridad","12":"tag-puebla","13":"tag-robo-a-carretera","14":"cs-entry","15":"cs-video-wrap"},"yoast_head":"<!-- This site is optimized with the Yoast SEO Premium plugin v24.7 (Yoast SEO v27.4) - https:\/\/yoast.com\/product\/yoast-seo-premium-wordpress\/ -->\n<title>Aumentan robos en carreteras de Puebla y Coparmex pide acci\u00f3n<\/title>\n<meta name=\"description\" content=\"Coparmex Puebla pide a las autoridades estatales fortalecer la seguridad ante el aumento de robos en carreteras y comercios de la entidad.\" \/>\n<meta name=\"robots\" content=\"index, follow, max-snippet:-1, max-image-preview:large, max-video-preview:-1\" \/>\n<link rel=\"canonical\" href=\"https:\/\/grupohoymexico.com\/puebla\/2026\/01\/22\/coparmex-puebla-solicita-medidas-al-gobierno-estatal-ante-robos-a-comercios-y-carreteras\/\" \/>\n<meta property=\"og:locale\" content=\"es_MX\" \/>\n<meta property=\"og:type\" content=\"article\" \/>\n<meta property=\"og:title\" content=\"Coparmex Puebla solicita medidas al gobierno estatal ante robos a comercios y carreteras\" \/>\n<meta property=\"og:description\" content=\"Coparmex Puebla pide a las autoridades estatales fortalecer la seguridad ante el aumento de robos en carreteras y comercios de la entidad.\" \/>\n<meta property=\"og:url\" content=\"https:\/\/grupohoymexico.com\/puebla\/2026\/01\/22\/coparmex-puebla-solicita-medidas-al-gobierno-estatal-ante-robos-a-comercios-y-carreteras\/\" \/>\n<meta property=\"og:site_name\" content=\"Grupo Hoy Puebla\" \/>\n<meta property=\"article:published_time\" content=\"2026-01-22T16:48:07+00:00\" \/>\n<meta property=\"article:modified_time\" content=\"2026-01-22T16:48:17+00:00\" \/>\n<meta property=\"og:image\" content=\"https:\/\/grupohoymexico.com\/puebla\/wp-content\/uploads\/sites\/3\/2026\/01\/PORTAR_GH_REDACCION-33.webp\" \/>\n\t<meta property=\"og:image:width\" content=\"1200\" \/>\n\t<meta property=\"og:image:height\" content=\"638\" \/>\n\t<meta property=\"og:image:type\" content=\"image\/webp\" \/>\n<meta name=\"author\" content=\"Redacci\u00f3n Grupo Hoy\" \/>\n<meta name=\"twitter:card\" content=\"summary_large_image\" \/>\n<meta name=\"twitter:label1\" content=\"Escrito por\" \/>\n\t<meta name=\"twitter:data1\" content=\"Redacci\u00f3n Grupo Hoy\" \/>\n\t<meta name=\"twitter:label2\" content=\"Tiempo de lectura\" \/>\n\t<meta name=\"twitter:data2\" content=\"3 minutos\" \/>\n<script type=\"application\/ld+json\" class=\"yoast-schema-graph\">{\"@context\":\"https:\\\/\\\/schema.org\",\"@graph\":[{\"@type\":\"Article\",\"@id\":\"https:\\\/\\\/grupohoymexico.com\\\/puebla\\\/2026\\\/01\\\/22\\\/coparmex-puebla-solicita-medidas-al-gobierno-estatal-ante-robos-a-comercios-y-carreteras\\\/#article\",\"isPartOf\":{\"@id\":\"https:\\\/\\\/grupohoymexico.com\\\/puebla\\\/2026\\\/01\\\/22\\\/coparmex-puebla-solicita-medidas-al-gobierno-estatal-ante-robos-a-comercios-y-carreteras\\\/\"},\"author\":{\"name\":\"Redacci\u00f3n Grupo Hoy\",\"@id\":\"https:\\\/\\\/grupohoymexico.com\\\/puebla\\\/#\\\/schema\\\/person\\\/bc870cc34e948548ddb62cf78ef8474b\"},\"headline\":\"Coparmex Puebla solicita medidas al gobierno estatal ante robos a comercios y carreteras\",\"datePublished\":\"2026-01-22T16:48:07+00:00\",\"dateModified\":\"2026-01-22T16:48:17+00:00\",\"mainEntityOfPage\":{\"@id\":\"https:\\\/\\\/grupohoymexico.com\\\/puebla\\\/2026\\\/01\\\/22\\\/coparmex-puebla-solicita-medidas-al-gobierno-estatal-ante-robos-a-comercios-y-carreteras\\\/\"},\"wordCount\":467,\"commentCount\":0,\"image\":{\"@id\":\"https:\\\/\\\/grupohoymexico.com\\\/puebla\\\/2026\\\/01\\\/22\\\/coparmex-puebla-solicita-medidas-al-gobierno-estatal-ante-robos-a-comercios-y-carreteras\\\/#primaryimage\"},\"thumbnailUrl\":\"https:\\\/\\\/grupohoymexico.com\\\/puebla\\\/wp-content\\\/uploads\\\/sites\\\/3\\\/2026\\\/01\\\/PORTAR_GH_REDACCION-33.webp\",\"keywords\":[\"Comercios\",\"Coparmex\",\"Empresas\",\"Inseguridad\",\"puebla\",\"Robo a carretera\"],\"articleSection\":[\"Estatal\"],\"inLanguage\":\"es\",\"potentialAction\":[{\"@type\":\"CommentAction\",\"name\":\"Comment\",\"target\":[\"https:\\\/\\\/grupohoymexico.com\\\/puebla\\\/2026\\\/01\\\/22\\\/coparmex-puebla-solicita-medidas-al-gobierno-estatal-ante-robos-a-comercios-y-carreteras\\\/#respond\"]}]},{\"@type\":\"WebPage\",\"@id\":\"https:\\\/\\\/grupohoymexico.com\\\/puebla\\\/2026\\\/01\\\/22\\\/coparmex-puebla-solicita-medidas-al-gobierno-estatal-ante-robos-a-comercios-y-carreteras\\\/\",\"url\":\"https:\\\/\\\/grupohoymexico.com\\\/puebla\\\/2026\\\/01\\\/22\\\/coparmex-puebla-solicita-medidas-al-gobierno-estatal-ante-robos-a-comercios-y-carreteras\\\/\",\"name\":\"Aumentan robos en carreteras de Puebla y Coparmex pide acci\u00f3n\",\"isPartOf\":{\"@id\":\"https:\\\/\\\/grupohoymexico.com\\\/puebla\\\/#website\"},\"primaryImageOfPage\":{\"@id\":\"https:\\\/\\\/grupohoymexico.com\\\/puebla\\\/2026\\\/01\\\/22\\\/coparmex-puebla-solicita-medidas-al-gobierno-estatal-ante-robos-a-comercios-y-carreteras\\\/#primaryimage\"},\"image\":{\"@id\":\"https:\\\/\\\/grupohoymexico.com\\\/puebla\\\/2026\\\/01\\\/22\\\/coparmex-puebla-solicita-medidas-al-gobierno-estatal-ante-robos-a-comercios-y-carreteras\\\/#primaryimage\"},\"thumbnailUrl\":\"https:\\\/\\\/grupohoymexico.com\\\/puebla\\\/wp-content\\\/uploads\\\/sites\\\/3\\\/2026\\\/01\\\/PORTAR_GH_REDACCION-33.webp\",\"datePublished\":\"2026-01-22T16:48:07+00:00\",\"dateModified\":\"2026-01-22T16:48:17+00:00\",\"author\":{\"@id\":\"https:\\\/\\\/grupohoymexico.com\\\/puebla\\\/#\\\/schema\\\/person\\\/bc870cc34e948548ddb62cf78ef8474b\"},\"description\":\"Coparmex Puebla pide a las autoridades estatales fortalecer la seguridad ante el aumento de robos en carreteras y comercios de la entidad.\",\"breadcrumb\":{\"@id\":\"https:\\\/\\\/grupohoymexico.com\\\/puebla\\\/2026\\\/01\\\/22\\\/coparmex-puebla-solicita-medidas-al-gobierno-estatal-ante-robos-a-comercios-y-carreteras\\\/#breadcrumb\"},\"inLanguage\":\"es\",\"potentialAction\":[{\"@type\":\"ReadAction\",\"target\":[\"https:\\\/\\\/grupohoymexico.com\\\/puebla\\\/2026\\\/01\\\/22\\\/coparmex-puebla-solicita-medidas-al-gobierno-estatal-ante-robos-a-comercios-y-carreteras\\\/\"]}]},{\"@type\":\"ImageObject\",\"inLanguage\":\"es\",\"@id\":\"https:\\\/\\\/grupohoymexico.com\\\/puebla\\\/2026\\\/01\\\/22\\\/coparmex-puebla-solicita-medidas-al-gobierno-estatal-ante-robos-a-comercios-y-carreteras\\\/#primaryimage\",\"url\":\"https:\\\/\\\/grupohoymexico.com\\\/puebla\\\/wp-content\\\/uploads\\\/sites\\\/3\\\/2026\\\/01\\\/PORTAR_GH_REDACCION-33.webp\",\"contentUrl\":\"https:\\\/\\\/grupohoymexico.com\\\/puebla\\\/wp-content\\\/uploads\\\/sites\\\/3\\\/2026\\\/01\\\/PORTAR_GH_REDACCION-33.webp\",\"width\":1200,\"height\":638,\"caption\":\"Imagen; freepik\"},{\"@type\":\"BreadcrumbList\",\"@id\":\"https:\\\/\\\/grupohoymexico.com\\\/puebla\\\/2026\\\/01\\\/22\\\/coparmex-puebla-solicita-medidas-al-gobierno-estatal-ante-robos-a-comercios-y-carreteras\\\/#breadcrumb\",\"itemListElement\":[{\"@type\":\"ListItem\",\"position\":1,\"name\":\"Inicio\",\"item\":\"https:\\\/\\\/grupohoymexico.com\\\/puebla\\\/\"},{\"@type\":\"ListItem\",\"position\":2,\"name\":\"Coparmex Puebla solicita medidas al gobierno estatal ante robos a comercios y carreteras\"}]},{\"@type\":\"WebSite\",\"@id\":\"https:\\\/\\\/grupohoymexico.com\\\/puebla\\\/#website\",\"url\":\"https:\\\/\\\/grupohoymexico.com\\\/puebla\\\/\",\"name\":\"Grupo Hoy Puebla\",\"description\":\"\",\"potentialAction\":[{\"@type\":\"SearchAction\",\"target\":{\"@type\":\"EntryPoint\",\"urlTemplate\":\"https:\\\/\\\/grupohoymexico.com\\\/puebla\\\/?s={search_term_string}\"},\"query-input\":{\"@type\":\"PropertyValueSpecification\",\"valueRequired\":true,\"valueName\":\"search_term_string\"}}],\"inLanguage\":\"es\"},{\"@type\":\"Person\",\"@id\":\"https:\\\/\\\/grupohoymexico.com\\\/puebla\\\/#\\\/schema\\\/person\\\/bc870cc34e948548ddb62cf78ef8474b\",\"name\":\"Redacci\u00f3n Grupo Hoy\",\"image\":{\"@type\":\"ImageObject\",\"inLanguage\":\"es\",\"@id\":\"https:\\\/\\\/secure.gravatar.com\\\/avatar\\\/e8a44ae8f1b7592837f8c496178e70e065758a27945df208805f8cf6fdd56893?s=96&d=mm&r=g\",\"url\":\"https:\\\/\\\/secure.gravatar.com\\\/avatar\\\/e8a44ae8f1b7592837f8c496178e70e065758a27945df208805f8cf6fdd56893?s=96&d=mm&r=g\",\"contentUrl\":\"https:\\\/\\\/secure.gravatar.com\\\/avatar\\\/e8a44ae8f1b7592837f8c496178e70e065758a27945df208805f8cf6fdd56893?s=96&d=mm&r=g\",\"caption\":\"Redacci\u00f3n Grupo Hoy\"},\"url\":\"https:\\\/\\\/grupohoymexico.com\\\/puebla\\\/author\\\/redaccion\\\/\"}]}<\/script>\n<!-- \/ Yoast SEO Premium plugin. -->","yoast_head_json":{"title":"Aumentan robos en carreteras de Puebla y Coparmex pide acci\u00f3n","description":"Coparmex Puebla pide a las autoridades estatales fortalecer la seguridad ante el aumento de robos en carreteras y comercios de la entidad.","robots":{"index":"index","follow":"follow","max-snippet":"max-snippet:-1","max-image-preview":"max-image-preview:large","max-video-preview":"max-video-preview:-1"},"canonical":"https:\/\/grupohoymexico.com\/puebla\/2026\/01\/22\/coparmex-puebla-solicita-medidas-al-gobierno-estatal-ante-robos-a-comercios-y-carreteras\/","og_locale":"es_MX","og_type":"article","og_title":"Coparmex Puebla solicita medidas al gobierno estatal ante robos a comercios y carreteras","og_description":"Coparmex Puebla pide a las autoridades estatales fortalecer la seguridad ante el aumento de robos en carreteras y comercios de la entidad.","og_url":"https:\/\/grupohoymexico.com\/puebla\/2026\/01\/22\/coparmex-puebla-solicita-medidas-al-gobierno-estatal-ante-robos-a-comercios-y-carreteras\/","og_site_name":"Grupo Hoy Puebla","article_published_time":"2026-01-22T16:48:07+00:00","article_modified_time":"2026-01-22T16:48:17+00:00","og_image":[{"width":1200,"height":638,"url":"https:\/\/grupohoymexico.com\/puebla\/wp-content\/uploads\/sites\/3\/2026\/01\/PORTAR_GH_REDACCION-33.webp","type":"image\/webp"}],"author":"Redacci\u00f3n Grupo Hoy","twitter_card":"summary_large_image","twitter_misc":{"Escrito por":"Redacci\u00f3n Grupo Hoy","Tiempo de lectura":"3 minutos"},"schema":{"@context":"https:\/\/schema.org","@graph":[{"@type":"Article","@id":"https:\/\/grupohoymexico.com\/puebla\/2026\/01\/22\/coparmex-puebla-solicita-medidas-al-gobierno-estatal-ante-robos-a-comercios-y-carreteras\/#article","isPartOf":{"@id":"https:\/\/grupohoymexico.com\/puebla\/2026\/01\/22\/coparmex-puebla-solicita-medidas-al-gobierno-estatal-ante-robos-a-comercios-y-carreteras\/"},"author":{"name":"Redacci\u00f3n Grupo Hoy","@id":"https:\/\/grupohoymexico.com\/puebla\/#\/schema\/person\/bc870cc34e948548ddb62cf78ef8474b"},"headline":"Coparmex Puebla solicita medidas al gobierno estatal ante robos a comercios y carreteras","datePublished":"2026-01-22T16:48:07+00:00","dateModified":"2026-01-22T16:48:17+00:00","mainEntityOfPage":{"@id":"https:\/\/grupohoymexico.com\/puebla\/2026\/01\/22\/coparmex-puebla-solicita-medidas-al-gobierno-estatal-ante-robos-a-comercios-y-carreteras\/"},"wordCount":467,"commentCount":0,"image":{"@id":"https:\/\/grupohoymexico.com\/puebla\/2026\/01\/22\/coparmex-puebla-solicita-medidas-al-gobierno-estatal-ante-robos-a-comercios-y-carreteras\/#primaryimage"},"thumbnailUrl":"https:\/\/grupohoymexico.com\/puebla\/wp-content\/uploads\/sites\/3\/2026\/01\/PORTAR_GH_REDACCION-33.webp","keywords":["Comercios","Coparmex","Empresas","Inseguridad","puebla","Robo a carretera"],"articleSection":["Estatal"],"inLanguage":"es","potentialAction":[{"@type":"CommentAction","name":"Comment","target":["https:\/\/grupohoymexico.com\/puebla\/2026\/01\/22\/coparmex-puebla-solicita-medidas-al-gobierno-estatal-ante-robos-a-comercios-y-carreteras\/#respond"]}]},{"@type":"WebPage","@id":"https:\/\/grupohoymexico.com\/puebla\/2026\/01\/22\/coparmex-puebla-solicita-medidas-al-gobierno-estatal-ante-robos-a-comercios-y-carreteras\/","url":"https:\/\/grupohoymexico.com\/puebla\/2026\/01\/22\/coparmex-puebla-solicita-medidas-al-gobierno-estatal-ante-robos-a-comercios-y-carreteras\/","name":"Aumentan robos en carreteras de Puebla y Coparmex pide acci\u00f3n","isPartOf":{"@id":"https:\/\/grupohoymexico.com\/puebla\/#website"},"primaryImageOfPage":{"@id":"https:\/\/grupohoymexico.com\/puebla\/2026\/01\/22\/coparmex-puebla-solicita-medidas-al-gobierno-estatal-ante-robos-a-comercios-y-carreteras\/#primaryimage"},"image":{"@id":"https:\/\/grupohoymexico.com\/puebla\/2026\/01\/22\/coparmex-puebla-solicita-medidas-al-gobierno-estatal-ante-robos-a-comercios-y-carreteras\/#primaryimage"},"thumbnailUrl":"https:\/\/grupohoymexico.com\/puebla\/wp-content\/uploads\/sites\/3\/2026\/01\/PORTAR_GH_REDACCION-33.webp","datePublished":"2026-01-22T16:48:07+00:00","dateModified":"2026-01-22T16:48:17+00:00","author":{"@id":"https:\/\/grupohoymexico.com\/puebla\/#\/schema\/person\/bc870cc34e948548ddb62cf78ef8474b"},"description":"Coparmex Puebla pide a las autoridades estatales fortalecer la seguridad ante el aumento de robos en carreteras y comercios de la entidad.","breadcrumb":{"@id":"https:\/\/grupohoymexico.com\/puebla\/2026\/01\/22\/coparmex-puebla-solicita-medidas-al-gobierno-estatal-ante-robos-a-comercios-y-carreteras\/#breadcrumb"},"inLanguage":"es","potentialAction":[{"@type":"ReadAction","target":["https:\/\/grupohoymexico.com\/puebla\/2026\/01\/22\/coparmex-puebla-solicita-medidas-al-gobierno-estatal-ante-robos-a-comercios-y-carreteras\/"]}]},{"@type":"ImageObject","inLanguage":"es","@id":"https:\/\/grupohoymexico.com\/puebla\/2026\/01\/22\/coparmex-puebla-solicita-medidas-al-gobierno-estatal-ante-robos-a-comercios-y-carreteras\/#primaryimage","url":"https:\/\/grupohoymexico.com\/puebla\/wp-content\/uploads\/sites\/3\/2026\/01\/PORTAR_GH_REDACCION-33.webp","contentUrl":"https:\/\/grupohoymexico.com\/puebla\/wp-content\/uploads\/sites\/3\/2026\/01\/PORTAR_GH_REDACCION-33.webp","width":1200,"height":638,"caption":"Imagen; freepik"},{"@type":"BreadcrumbList","@id":"https:\/\/grupohoymexico.com\/puebla\/2026\/01\/22\/coparmex-puebla-solicita-medidas-al-gobierno-estatal-ante-robos-a-comercios-y-carreteras\/#breadcrumb","itemListElement":[{"@type":"ListItem","position":1,"name":"Inicio","item":"https:\/\/grupohoymexico.com\/puebla\/"},{"@type":"ListItem","position":2,"name":"Coparmex Puebla solicita medidas al gobierno estatal ante robos a comercios y carreteras"}]},{"@type":"WebSite","@id":"https:\/\/grupohoymexico.com\/puebla\/#website","url":"https:\/\/grupohoymexico.com\/puebla\/","name":"Grupo Hoy Puebla","description":"","potentialAction":[{"@type":"SearchAction","target":{"@type":"EntryPoint","urlTemplate":"https:\/\/grupohoymexico.com\/puebla\/?s={search_term_string}"},"query-input":{"@type":"PropertyValueSpecification","valueRequired":true,"valueName":"search_term_string"}}],"inLanguage":"es"},{"@type":"Person","@id":"https:\/\/grupohoymexico.com\/puebla\/#\/schema\/person\/bc870cc34e948548ddb62cf78ef8474b","name":"Redacci\u00f3n Grupo Hoy","image":{"@type":"ImageObject","inLanguage":"es","@id":"https:\/\/secure.gravatar.com\/avatar\/e8a44ae8f1b7592837f8c496178e70e065758a27945df208805f8cf6fdd56893?s=96&d=mm&r=g","url":"https:\/\/secure.gravatar.com\/avatar\/e8a44ae8f1b7592837f8c496178e70e065758a27945df208805f8cf6fdd56893?s=96&d=mm&r=g","contentUrl":"https:\/\/secure.gravatar.com\/avatar\/e8a44ae8f1b7592837f8c496178e70e065758a27945df208805f8cf6fdd56893?s=96&d=mm&r=g","caption":"Redacci\u00f3n Grupo Hoy"},"url":"https:\/\/grupohoymexico.com\/puebla\/author\/redaccion\/"}]}},"_links":{"self":[{"href":"https:\/\/grupohoymexico.com\/puebla\/wp-json\/wp\/v2\/posts\/79767","targetHints":{"allow":["GET"]}}],"collection":[{"href":"https:\/\/grupohoymexico.com\/puebla\/wp-json\/wp\/v2\/posts"}],"about":[{"href":"https:\/\/grupohoymexico.com\/puebla\/wp-json\/wp\/v2\/types\/post"}],"author":[{"embeddable":true,"href":"https:\/\/grupohoymexico.com\/puebla\/wp-json\/wp\/v2\/users\/34"}],"replies":[{"embeddable":true,"href":"https:\/\/grupohoymexico.com\/puebla\/wp-json\/wp\/v2\/comments?post=79767"}],"version-history":[{"count":1,"href":"https:\/\/grupohoymexico.com\/puebla\/wp-json\/wp\/v2\/posts\/79767\/revisions"}],"predecessor-version":[{"id":79809,"href":"https:\/\/grupohoymexico.com\/puebla\/wp-json\/wp\/v2\/posts\/79767\/revisions\/79809"}],"wp:featuredmedia":[{"embeddable":true,"href":"https:\/\/grupohoymexico.com\/puebla\/wp-json\/wp\/v2\/media\/79808"}],"wp:attachment":[{"href":"https:\/\/grupohoymexico.com\/puebla\/wp-json\/wp\/v2\/media?parent=79767"}],"wp:term":[{"taxonomy":"category","embeddable":true,"href":"https:\/\/grupohoymexico.com\/puebla\/wp-json\/wp\/v2\/categories?post=79767"},{"taxonomy":"post_tag","embeddable":true,"href":"https:\/\/grupohoymexico.com\/puebla\/wp-json\/wp\/v2\/tags?post=79767"}],"curies":[{"name":"wp","href":"https:\/\/api.w.org\/{rel}","templated":true}]}}