{"id":79732,"date":"2026-01-18T21:55:58","date_gmt":"2026-01-18T21:55:58","guid":{"rendered":"https:\/\/grupohoymexico.com\/puebla\/?p=79732"},"modified":"2026-01-18T21:55:59","modified_gmt":"2026-01-18T21:55:59","slug":"secretaria-de-salud-confirman-primer-caso-de-sarampion-en-puebla","status":"publish","type":"post","link":"https:\/\/grupohoymexico.com\/puebla\/2026\/01\/18\/secretaria-de-salud-confirman-primer-caso-de-sarampion-en-puebla\/","title":{"rendered":"Secretar\u00eda de Salud confirman primer caso de sarampi\u00f3n en Puebla"},"content":{"rendered":"\n<p>El <strong><a href=\"https:\/\/www.puebla.gob.mx\/\">Gobierno del Estado de Puebla<\/a><\/strong> confirm\u00f3 la <strong>detecci\u00f3n del primer caso de sarampi\u00f3n en la entidad<\/strong>, como parte de las acciones de <strong>vigilancia epidemiol\u00f3gica y protecci\u00f3n de la salud p\u00fablica<\/strong>, inform\u00f3 la <strong><a href=\"https:\/\/ss.puebla.gob.mx\/\">Secretar\u00eda de Salud estatal<\/a><\/strong>.<\/p>\n\n\n\n<p>De acuerdo con el reporte oficial, el caso se encuentra <strong>plenamente identificado, atendido y bajo seguimiento m\u00e9dico<\/strong>, sin representar, hasta el momento, un riesgo de propagaci\u00f3n comunitaria.<\/p>\n\n\n\n<h2 class=\"wp-block-heading\" id=\"h-quien-es-la-paciente-con-sarampion-en-puebla\"><strong>\u00bfQui\u00e9n es la paciente con sarampi\u00f3n en Puebla?<\/strong><\/h2>\n\n\n\n<p>La paciente es una <strong>mujer de 30 a\u00f1os<\/strong>, derechohabiente del <strong>IMSS Ordinario<\/strong> y <strong>residente del municipio de Puebla<\/strong>, quien recibi\u00f3 atenci\u00f3n m\u00e9dica oportuna tras presentar s\u00edntomas compatibles con sarampi\u00f3n.<\/p>\n\n\n\n<p>Las autoridades sanitarias detallaron que:<\/p>\n\n\n\n<ul class=\"wp-block-list\">\n<li>Su estado de salud es <strong>estable<\/strong><\/li>\n\n\n\n<li><strong>No presenta complicaciones<\/strong><\/li>\n\n\n\n<li>Permanece en <strong>aislamiento domiciliario<\/strong> bajo supervisi\u00f3n m\u00e9dica<\/li>\n<\/ul>\n\n\n\n<h2 class=\"wp-block-heading\" id=\"h-activan-equipo-de-respuesta-rapida-por-caso-de-sarampion\"><strong>Activan equipo de respuesta r\u00e1pida por caso de sarampi\u00f3n<\/strong><\/h2>\n\n\n\n<p>Tras la confirmaci\u00f3n del caso, la Secretar\u00eda de Salud activ\u00f3 de inmediato el <strong>Equipo de Respuesta R\u00e1pida ante Sarampi\u00f3n (ERRA)<\/strong>, integrado por personal de epidemiolog\u00eda de las distintas instituciones del sector salud.<\/p>\n\n\n\n<p>Entre las <strong>acciones preventivas implementadas<\/strong> se encuentran:<\/p>\n\n\n\n<ul class=\"wp-block-list\">\n<li><strong>Bloqueo vacunal<\/strong> en el domicilio de la paciente<\/li>\n\n\n\n<li><strong>B\u00fasqueda intencionada de casos sospechosos<\/strong><\/li>\n\n\n\n<li><strong>Refuerzo de esquemas de vacunaci\u00f3n<\/strong> en la zona de influencia<\/li>\n\n\n\n<li>Coordinaci\u00f3n interinstitucional para el monitoreo de posibles contagios<\/li>\n<\/ul>\n\n\n\n<h2 class=\"wp-block-heading\" id=\"h-recomendaciones-ante-el-sarampion-en-puebla\"><strong>Recomendaciones ante el sarampi\u00f3n en Puebla<\/strong><\/h2>\n\n\n\n<p>La dependencia estatal exhort\u00f3 a la poblaci\u00f3n a <strong>reforzar las medidas de prevenci\u00f3n<\/strong>, entre ellas:<\/p>\n\n\n\n<ul class=\"wp-block-list\">\n<li>Uso de <strong>cubrebocas<\/strong> en espacios p\u00fablicos y cerrados<\/li>\n\n\n\n<li><strong>Lavado frecuente de manos<\/strong><\/li>\n\n\n\n<li><strong>Estornudo de etiqueta<\/strong><\/li>\n\n\n\n<li><strong>Vacunaci\u00f3n completa<\/strong> como principal medida preventiva<\/li>\n<\/ul>\n\n\n\n<p>Asimismo, se pidi\u00f3 a las personas que presenten <strong>s\u00edntomas como fiebre, tos, escurrimiento nasal, irritaci\u00f3n ocular o erupciones en la piel<\/strong>, evitar reuniones sociales y <strong>acudir de inmediato a su unidad de salud m\u00e1s cercana<\/strong>.<\/p>\n\n\n\n<h2 class=\"wp-block-heading\" id=\"h-quienes-deben-vacunarse-contra-el-sarampion\"><strong>\u00bfQui\u00e9nes deben vacunarse contra el sarampi\u00f3n?<\/strong><\/h2>\n\n\n\n<p>La Secretar\u00eda de Salud subray\u00f3 la importancia de la vacunaci\u00f3n, especialmente para:<\/p>\n\n\n\n<ul class=\"wp-block-list\">\n<li><strong>Ni\u00f1as y ni\u00f1os de 6 meses a 9 a\u00f1os<\/strong><\/li>\n\n\n\n<li><strong>Adolescentes y adultos de 10 a 49 a\u00f1os<\/strong> que no cuenten con esquema completo de vacunaci\u00f3n<\/li>\n<\/ul>\n\n\n\n<p>Estas personas deben acudir a su <strong>centro de salud m\u00e1s cercano<\/strong> para recibir la vacuna correspondiente y reducir el riesgo de brotes.<\/p>\n\n\n\n<h2 class=\"wp-block-heading\" id=\"h-gobierno-de-puebla-mantiene-vigilancia-epidemiologica-activa\"><strong>Gobierno de Puebla mantiene vigilancia epidemiol\u00f3gica activa<\/strong><\/h2>\n\n\n\n<p>La administraci\u00f3n estatal encabezada por el gobernador <strong>Alejandro Armenta<\/strong> reiter\u00f3 que se mantiene <strong>activa la vigilancia epidemiol\u00f3gica en todo el estado<\/strong>, en coordinaci\u00f3n con el IMSS y dem\u00e1s instituciones del sector salud.<\/p>\n\n\n\n<p>El gobierno estatal refrend\u00f3 su compromiso con una <strong>atenci\u00f3n oportuna, responsable y preventiva<\/strong>, con el objetivo de <strong>proteger la salud de la poblaci\u00f3n poblana<\/strong> y evitar la propagaci\u00f3n del sarampi\u00f3n.<\/p>\n\n\n\n<h2 class=\"wp-block-heading\" id=\"h-unete-a-nuestro-canal-de-whatsapp\"><strong><a href=\"https:\/\/whatsapp.com\/channel\/0029Vaylt1XG3R3gm4Nsgp2m\">\u00danete a nuestro canal de WhatsApp<\/a><\/strong><\/h2>\n","protected":false},"excerpt":{"rendered":"El Gobierno del Estado de Puebla confirm\u00f3 la detecci\u00f3n del primer caso de sarampi\u00f3n en la entidad, como&hellip;","protected":false},"author":5,"featured_media":79734,"comment_status":"open","ping_status":"open","sticky":false,"template":"","format":"standard","meta":{"csco_display_header_overlay":false,"csco_singular_sidebar":"","csco_page_header_type":"","csco_page_load_nextpost":"","csco_post_video_location":[],"csco_post_video_location_hash":"","csco_post_video_url":"","csco_post_video_bg_start_time":0,"csco_post_video_bg_end_time":0,"footnotes":""},"categories":[29],"tags":[168,291,3493,1082],"class_list":{"0":"post-79732","1":"post","2":"type-post","3":"status-publish","4":"format-standard","5":"has-post-thumbnail","7":"category-estatal","8":"tag-gobierno-de-puebla","9":"tag-salud","10":"tag-sarampion","11":"tag-secretaria-de-salud","12":"cs-entry","13":"cs-video-wrap"},"yoast_head":"<!-- This site is optimized with the Yoast SEO Premium plugin v24.7 (Yoast SEO v27.4) - https:\/\/yoast.com\/product\/yoast-seo-premium-wordpress\/ -->\n<title>Secretar\u00eda de Salud confirman primer caso de sarampi\u00f3n en Puebla - Grupo Hoy Puebla<\/title>\n<meta name=\"description\" content=\"La Secretar\u00eda de Salud del Estado de Puebla confirm\u00f3 la detecci\u00f3n del primer caso de sarampi\u00f3n en la entidad.\" \/>\n<meta name=\"robots\" content=\"index, follow, max-snippet:-1, max-image-preview:large, max-video-preview:-1\" \/>\n<link rel=\"canonical\" href=\"https:\/\/grupohoymexico.com\/puebla\/2026\/01\/18\/secretaria-de-salud-confirman-primer-caso-de-sarampion-en-puebla\/\" \/>\n<meta property=\"og:locale\" content=\"es_MX\" \/>\n<meta property=\"og:type\" content=\"article\" \/>\n<meta property=\"og:title\" content=\"Secretar\u00eda de Salud confirman primer caso de sarampi\u00f3n en Puebla\" \/>\n<meta property=\"og:description\" content=\"La Secretar\u00eda de Salud del Estado de Puebla confirm\u00f3 la detecci\u00f3n del primer caso de sarampi\u00f3n en la entidad.\" \/>\n<meta property=\"og:url\" content=\"https:\/\/grupohoymexico.com\/puebla\/2026\/01\/18\/secretaria-de-salud-confirman-primer-caso-de-sarampion-en-puebla\/\" \/>\n<meta property=\"og:site_name\" content=\"Grupo Hoy Puebla\" \/>\n<meta property=\"article:published_time\" content=\"2026-01-18T21:55:58+00:00\" \/>\n<meta property=\"article:modified_time\" content=\"2026-01-18T21:55:59+00:00\" \/>\n<meta property=\"og:image\" content=\"https:\/\/grupohoymexico.com\/puebla\/wp-content\/uploads\/sites\/3\/2026\/01\/Sarampion-Puebla.jpg\" \/>\n\t<meta property=\"og:image:width\" content=\"1200\" \/>\n\t<meta property=\"og:image:height\" content=\"638\" \/>\n\t<meta property=\"og:image:type\" content=\"image\/jpeg\" \/>\n<meta name=\"author\" content=\"jair\" \/>\n<meta name=\"twitter:card\" content=\"summary_large_image\" \/>\n<meta name=\"twitter:label1\" content=\"Escrito por\" \/>\n\t<meta name=\"twitter:data1\" content=\"jair\" \/>\n\t<meta name=\"twitter:label2\" content=\"Tiempo de lectura\" \/>\n\t<meta name=\"twitter:data2\" content=\"3 minutos\" \/>\n<script type=\"application\/ld+json\" class=\"yoast-schema-graph\">{\"@context\":\"https:\\\/\\\/schema.org\",\"@graph\":[{\"@type\":\"Article\",\"@id\":\"https:\\\/\\\/grupohoymexico.com\\\/puebla\\\/2026\\\/01\\\/18\\\/secretaria-de-salud-confirman-primer-caso-de-sarampion-en-puebla\\\/#article\",\"isPartOf\":{\"@id\":\"https:\\\/\\\/grupohoymexico.com\\\/puebla\\\/2026\\\/01\\\/18\\\/secretaria-de-salud-confirman-primer-caso-de-sarampion-en-puebla\\\/\"},\"author\":{\"name\":\"jair\",\"@id\":\"https:\\\/\\\/grupohoymexico.com\\\/puebla\\\/#\\\/schema\\\/person\\\/98e2425fe99fbbdf486895b69dab3c3d\"},\"headline\":\"Secretar\u00eda de Salud confirman primer caso de sarampi\u00f3n en Puebla\",\"datePublished\":\"2026-01-18T21:55:58+00:00\",\"dateModified\":\"2026-01-18T21:55:59+00:00\",\"mainEntityOfPage\":{\"@id\":\"https:\\\/\\\/grupohoymexico.com\\\/puebla\\\/2026\\\/01\\\/18\\\/secretaria-de-salud-confirman-primer-caso-de-sarampion-en-puebla\\\/\"},\"wordCount\":479,\"commentCount\":0,\"image\":{\"@id\":\"https:\\\/\\\/grupohoymexico.com\\\/puebla\\\/2026\\\/01\\\/18\\\/secretaria-de-salud-confirman-primer-caso-de-sarampion-en-puebla\\\/#primaryimage\"},\"thumbnailUrl\":\"https:\\\/\\\/grupohoymexico.com\\\/puebla\\\/wp-content\\\/uploads\\\/sites\\\/3\\\/2026\\\/01\\\/Sarampion-Puebla.jpg\",\"keywords\":[\"Gobierno de Puebla\",\"salud\",\"Sarampi\u00f3n\",\"Secretar\u00eda de Salud\"],\"articleSection\":[\"Estatal\"],\"inLanguage\":\"es\",\"potentialAction\":[{\"@type\":\"CommentAction\",\"name\":\"Comment\",\"target\":[\"https:\\\/\\\/grupohoymexico.com\\\/puebla\\\/2026\\\/01\\\/18\\\/secretaria-de-salud-confirman-primer-caso-de-sarampion-en-puebla\\\/#respond\"]}]},{\"@type\":\"WebPage\",\"@id\":\"https:\\\/\\\/grupohoymexico.com\\\/puebla\\\/2026\\\/01\\\/18\\\/secretaria-de-salud-confirman-primer-caso-de-sarampion-en-puebla\\\/\",\"url\":\"https:\\\/\\\/grupohoymexico.com\\\/puebla\\\/2026\\\/01\\\/18\\\/secretaria-de-salud-confirman-primer-caso-de-sarampion-en-puebla\\\/\",\"name\":\"Secretar\u00eda de Salud confirman primer caso de sarampi\u00f3n en Puebla - Grupo Hoy Puebla\",\"isPartOf\":{\"@id\":\"https:\\\/\\\/grupohoymexico.com\\\/puebla\\\/#website\"},\"primaryImageOfPage\":{\"@id\":\"https:\\\/\\\/grupohoymexico.com\\\/puebla\\\/2026\\\/01\\\/18\\\/secretaria-de-salud-confirman-primer-caso-de-sarampion-en-puebla\\\/#primaryimage\"},\"image\":{\"@id\":\"https:\\\/\\\/grupohoymexico.com\\\/puebla\\\/2026\\\/01\\\/18\\\/secretaria-de-salud-confirman-primer-caso-de-sarampion-en-puebla\\\/#primaryimage\"},\"thumbnailUrl\":\"https:\\\/\\\/grupohoymexico.com\\\/puebla\\\/wp-content\\\/uploads\\\/sites\\\/3\\\/2026\\\/01\\\/Sarampion-Puebla.jpg\",\"datePublished\":\"2026-01-18T21:55:58+00:00\",\"dateModified\":\"2026-01-18T21:55:59+00:00\",\"author\":{\"@id\":\"https:\\\/\\\/grupohoymexico.com\\\/puebla\\\/#\\\/schema\\\/person\\\/98e2425fe99fbbdf486895b69dab3c3d\"},\"description\":\"La Secretar\u00eda de Salud del Estado de Puebla confirm\u00f3 la detecci\u00f3n del primer caso de sarampi\u00f3n en la entidad.\",\"breadcrumb\":{\"@id\":\"https:\\\/\\\/grupohoymexico.com\\\/puebla\\\/2026\\\/01\\\/18\\\/secretaria-de-salud-confirman-primer-caso-de-sarampion-en-puebla\\\/#breadcrumb\"},\"inLanguage\":\"es\",\"potentialAction\":[{\"@type\":\"ReadAction\",\"target\":[\"https:\\\/\\\/grupohoymexico.com\\\/puebla\\\/2026\\\/01\\\/18\\\/secretaria-de-salud-confirman-primer-caso-de-sarampion-en-puebla\\\/\"]}]},{\"@type\":\"ImageObject\",\"inLanguage\":\"es\",\"@id\":\"https:\\\/\\\/grupohoymexico.com\\\/puebla\\\/2026\\\/01\\\/18\\\/secretaria-de-salud-confirman-primer-caso-de-sarampion-en-puebla\\\/#primaryimage\",\"url\":\"https:\\\/\\\/grupohoymexico.com\\\/puebla\\\/wp-content\\\/uploads\\\/sites\\\/3\\\/2026\\\/01\\\/Sarampion-Puebla.jpg\",\"contentUrl\":\"https:\\\/\\\/grupohoymexico.com\\\/puebla\\\/wp-content\\\/uploads\\\/sites\\\/3\\\/2026\\\/01\\\/Sarampion-Puebla.jpg\",\"width\":1200,\"height\":638,\"caption\":\"Foto: Freepik\"},{\"@type\":\"BreadcrumbList\",\"@id\":\"https:\\\/\\\/grupohoymexico.com\\\/puebla\\\/2026\\\/01\\\/18\\\/secretaria-de-salud-confirman-primer-caso-de-sarampion-en-puebla\\\/#breadcrumb\",\"itemListElement\":[{\"@type\":\"ListItem\",\"position\":1,\"name\":\"Inicio\",\"item\":\"https:\\\/\\\/grupohoymexico.com\\\/puebla\\\/\"},{\"@type\":\"ListItem\",\"position\":2,\"name\":\"Secretar\u00eda de Salud confirman primer caso de sarampi\u00f3n en Puebla\"}]},{\"@type\":\"WebSite\",\"@id\":\"https:\\\/\\\/grupohoymexico.com\\\/puebla\\\/#website\",\"url\":\"https:\\\/\\\/grupohoymexico.com\\\/puebla\\\/\",\"name\":\"Grupo Hoy Puebla\",\"description\":\"\",\"potentialAction\":[{\"@type\":\"SearchAction\",\"target\":{\"@type\":\"EntryPoint\",\"urlTemplate\":\"https:\\\/\\\/grupohoymexico.com\\\/puebla\\\/?s={search_term_string}\"},\"query-input\":{\"@type\":\"PropertyValueSpecification\",\"valueRequired\":true,\"valueName\":\"search_term_string\"}}],\"inLanguage\":\"es\"},{\"@type\":\"Person\",\"@id\":\"https:\\\/\\\/grupohoymexico.com\\\/puebla\\\/#\\\/schema\\\/person\\\/98e2425fe99fbbdf486895b69dab3c3d\",\"name\":\"jair\",\"image\":{\"@type\":\"ImageObject\",\"inLanguage\":\"es\",\"@id\":\"https:\\\/\\\/secure.gravatar.com\\\/avatar\\\/ec205dfb8733a1ce1601942dddb04fc9294fb780c832e3c1ec58faa8e4e64e9b?s=96&d=mm&r=g\",\"url\":\"https:\\\/\\\/secure.gravatar.com\\\/avatar\\\/ec205dfb8733a1ce1601942dddb04fc9294fb780c832e3c1ec58faa8e4e64e9b?s=96&d=mm&r=g\",\"contentUrl\":\"https:\\\/\\\/secure.gravatar.com\\\/avatar\\\/ec205dfb8733a1ce1601942dddb04fc9294fb780c832e3c1ec58faa8e4e64e9b?s=96&d=mm&r=g\",\"caption\":\"jair\"},\"url\":\"https:\\\/\\\/grupohoymexico.com\\\/puebla\\\/author\\\/jair\\\/\"}]}<\/script>\n<!-- \/ Yoast SEO Premium plugin. -->","yoast_head_json":{"title":"Secretar\u00eda de Salud confirman primer caso de sarampi\u00f3n en Puebla - Grupo Hoy Puebla","description":"La Secretar\u00eda de Salud del Estado de Puebla confirm\u00f3 la detecci\u00f3n del primer caso de sarampi\u00f3n en la entidad.","robots":{"index":"index","follow":"follow","max-snippet":"max-snippet:-1","max-image-preview":"max-image-preview:large","max-video-preview":"max-video-preview:-1"},"canonical":"https:\/\/grupohoymexico.com\/puebla\/2026\/01\/18\/secretaria-de-salud-confirman-primer-caso-de-sarampion-en-puebla\/","og_locale":"es_MX","og_type":"article","og_title":"Secretar\u00eda de Salud confirman primer caso de sarampi\u00f3n en Puebla","og_description":"La Secretar\u00eda de Salud del Estado de Puebla confirm\u00f3 la detecci\u00f3n del primer caso de sarampi\u00f3n en la entidad.","og_url":"https:\/\/grupohoymexico.com\/puebla\/2026\/01\/18\/secretaria-de-salud-confirman-primer-caso-de-sarampion-en-puebla\/","og_site_name":"Grupo Hoy Puebla","article_published_time":"2026-01-18T21:55:58+00:00","article_modified_time":"2026-01-18T21:55:59+00:00","og_image":[{"width":1200,"height":638,"url":"https:\/\/grupohoymexico.com\/puebla\/wp-content\/uploads\/sites\/3\/2026\/01\/Sarampion-Puebla.jpg","type":"image\/jpeg"}],"author":"jair","twitter_card":"summary_large_image","twitter_misc":{"Escrito por":"jair","Tiempo de lectura":"3 minutos"},"schema":{"@context":"https:\/\/schema.org","@graph":[{"@type":"Article","@id":"https:\/\/grupohoymexico.com\/puebla\/2026\/01\/18\/secretaria-de-salud-confirman-primer-caso-de-sarampion-en-puebla\/#article","isPartOf":{"@id":"https:\/\/grupohoymexico.com\/puebla\/2026\/01\/18\/secretaria-de-salud-confirman-primer-caso-de-sarampion-en-puebla\/"},"author":{"name":"jair","@id":"https:\/\/grupohoymexico.com\/puebla\/#\/schema\/person\/98e2425fe99fbbdf486895b69dab3c3d"},"headline":"Secretar\u00eda de Salud confirman primer caso de sarampi\u00f3n en Puebla","datePublished":"2026-01-18T21:55:58+00:00","dateModified":"2026-01-18T21:55:59+00:00","mainEntityOfPage":{"@id":"https:\/\/grupohoymexico.com\/puebla\/2026\/01\/18\/secretaria-de-salud-confirman-primer-caso-de-sarampion-en-puebla\/"},"wordCount":479,"commentCount":0,"image":{"@id":"https:\/\/grupohoymexico.com\/puebla\/2026\/01\/18\/secretaria-de-salud-confirman-primer-caso-de-sarampion-en-puebla\/#primaryimage"},"thumbnailUrl":"https:\/\/grupohoymexico.com\/puebla\/wp-content\/uploads\/sites\/3\/2026\/01\/Sarampion-Puebla.jpg","keywords":["Gobierno de Puebla","salud","Sarampi\u00f3n","Secretar\u00eda de Salud"],"articleSection":["Estatal"],"inLanguage":"es","potentialAction":[{"@type":"CommentAction","name":"Comment","target":["https:\/\/grupohoymexico.com\/puebla\/2026\/01\/18\/secretaria-de-salud-confirman-primer-caso-de-sarampion-en-puebla\/#respond"]}]},{"@type":"WebPage","@id":"https:\/\/grupohoymexico.com\/puebla\/2026\/01\/18\/secretaria-de-salud-confirman-primer-caso-de-sarampion-en-puebla\/","url":"https:\/\/grupohoymexico.com\/puebla\/2026\/01\/18\/secretaria-de-salud-confirman-primer-caso-de-sarampion-en-puebla\/","name":"Secretar\u00eda de Salud confirman primer caso de sarampi\u00f3n en Puebla - Grupo Hoy Puebla","isPartOf":{"@id":"https:\/\/grupohoymexico.com\/puebla\/#website"},"primaryImageOfPage":{"@id":"https:\/\/grupohoymexico.com\/puebla\/2026\/01\/18\/secretaria-de-salud-confirman-primer-caso-de-sarampion-en-puebla\/#primaryimage"},"image":{"@id":"https:\/\/grupohoymexico.com\/puebla\/2026\/01\/18\/secretaria-de-salud-confirman-primer-caso-de-sarampion-en-puebla\/#primaryimage"},"thumbnailUrl":"https:\/\/grupohoymexico.com\/puebla\/wp-content\/uploads\/sites\/3\/2026\/01\/Sarampion-Puebla.jpg","datePublished":"2026-01-18T21:55:58+00:00","dateModified":"2026-01-18T21:55:59+00:00","author":{"@id":"https:\/\/grupohoymexico.com\/puebla\/#\/schema\/person\/98e2425fe99fbbdf486895b69dab3c3d"},"description":"La Secretar\u00eda de Salud del Estado de Puebla confirm\u00f3 la detecci\u00f3n del primer caso de sarampi\u00f3n en la entidad.","breadcrumb":{"@id":"https:\/\/grupohoymexico.com\/puebla\/2026\/01\/18\/secretaria-de-salud-confirman-primer-caso-de-sarampion-en-puebla\/#breadcrumb"},"inLanguage":"es","potentialAction":[{"@type":"ReadAction","target":["https:\/\/grupohoymexico.com\/puebla\/2026\/01\/18\/secretaria-de-salud-confirman-primer-caso-de-sarampion-en-puebla\/"]}]},{"@type":"ImageObject","inLanguage":"es","@id":"https:\/\/grupohoymexico.com\/puebla\/2026\/01\/18\/secretaria-de-salud-confirman-primer-caso-de-sarampion-en-puebla\/#primaryimage","url":"https:\/\/grupohoymexico.com\/puebla\/wp-content\/uploads\/sites\/3\/2026\/01\/Sarampion-Puebla.jpg","contentUrl":"https:\/\/grupohoymexico.com\/puebla\/wp-content\/uploads\/sites\/3\/2026\/01\/Sarampion-Puebla.jpg","width":1200,"height":638,"caption":"Foto: Freepik"},{"@type":"BreadcrumbList","@id":"https:\/\/grupohoymexico.com\/puebla\/2026\/01\/18\/secretaria-de-salud-confirman-primer-caso-de-sarampion-en-puebla\/#breadcrumb","itemListElement":[{"@type":"ListItem","position":1,"name":"Inicio","item":"https:\/\/grupohoymexico.com\/puebla\/"},{"@type":"ListItem","position":2,"name":"Secretar\u00eda de Salud confirman primer caso de sarampi\u00f3n en Puebla"}]},{"@type":"WebSite","@id":"https:\/\/grupohoymexico.com\/puebla\/#website","url":"https:\/\/grupohoymexico.com\/puebla\/","name":"Grupo Hoy Puebla","description":"","potentialAction":[{"@type":"SearchAction","target":{"@type":"EntryPoint","urlTemplate":"https:\/\/grupohoymexico.com\/puebla\/?s={search_term_string}"},"query-input":{"@type":"PropertyValueSpecification","valueRequired":true,"valueName":"search_term_string"}}],"inLanguage":"es"},{"@type":"Person","@id":"https:\/\/grupohoymexico.com\/puebla\/#\/schema\/person\/98e2425fe99fbbdf486895b69dab3c3d","name":"jair","image":{"@type":"ImageObject","inLanguage":"es","@id":"https:\/\/secure.gravatar.com\/avatar\/ec205dfb8733a1ce1601942dddb04fc9294fb780c832e3c1ec58faa8e4e64e9b?s=96&d=mm&r=g","url":"https:\/\/secure.gravatar.com\/avatar\/ec205dfb8733a1ce1601942dddb04fc9294fb780c832e3c1ec58faa8e4e64e9b?s=96&d=mm&r=g","contentUrl":"https:\/\/secure.gravatar.com\/avatar\/ec205dfb8733a1ce1601942dddb04fc9294fb780c832e3c1ec58faa8e4e64e9b?s=96&d=mm&r=g","caption":"jair"},"url":"https:\/\/grupohoymexico.com\/puebla\/author\/jair\/"}]}},"_links":{"self":[{"href":"https:\/\/grupohoymexico.com\/puebla\/wp-json\/wp\/v2\/posts\/79732","targetHints":{"allow":["GET"]}}],"collection":[{"href":"https:\/\/grupohoymexico.com\/puebla\/wp-json\/wp\/v2\/posts"}],"about":[{"href":"https:\/\/grupohoymexico.com\/puebla\/wp-json\/wp\/v2\/types\/post"}],"author":[{"embeddable":true,"href":"https:\/\/grupohoymexico.com\/puebla\/wp-json\/wp\/v2\/users\/5"}],"replies":[{"embeddable":true,"href":"https:\/\/grupohoymexico.com\/puebla\/wp-json\/wp\/v2\/comments?post=79732"}],"version-history":[{"count":1,"href":"https:\/\/grupohoymexico.com\/puebla\/wp-json\/wp\/v2\/posts\/79732\/revisions"}],"predecessor-version":[{"id":79735,"href":"https:\/\/grupohoymexico.com\/puebla\/wp-json\/wp\/v2\/posts\/79732\/revisions\/79735"}],"wp:featuredmedia":[{"embeddable":true,"href":"https:\/\/grupohoymexico.com\/puebla\/wp-json\/wp\/v2\/media\/79734"}],"wp:attachment":[{"href":"https:\/\/grupohoymexico.com\/puebla\/wp-json\/wp\/v2\/media?parent=79732"}],"wp:term":[{"taxonomy":"category","embeddable":true,"href":"https:\/\/grupohoymexico.com\/puebla\/wp-json\/wp\/v2\/categories?post=79732"},{"taxonomy":"post_tag","embeddable":true,"href":"https:\/\/grupohoymexico.com\/puebla\/wp-json\/wp\/v2\/tags?post=79732"}],"curies":[{"name":"wp","href":"https:\/\/api.w.org\/{rel}","templated":true}]}}