{"id":79661,"date":"2026-01-16T18:44:11","date_gmt":"2026-01-16T18:44:11","guid":{"rendered":"https:\/\/grupohoymexico.com\/puebla\/?p=79661"},"modified":"2026-01-16T18:44:12","modified_gmt":"2026-01-16T18:44:12","slug":"operativo-permite-recuperacion-de-trailer-robado-en-puebla","status":"publish","type":"post","link":"https:\/\/grupohoymexico.com\/puebla\/2026\/01\/16\/operativo-permite-recuperacion-de-trailer-robado-en-puebla\/","title":{"rendered":"Operativo permite recuperaci\u00f3n de tr\u00e1iler robado en Puebla"},"content":{"rendered":"<article>Autoridades estatales y municipales lograron la recuperaci\u00f3n de un tr\u00e1iler reportado como robado el mismo d\u00eda en que se cometi\u00f3 el delito, inform\u00f3 la <strong>Secretar\u00eda de Seguridad P\u00fablica de Puebla<\/strong>. El operativo, bajo el programa <strong>Puebla Segura<\/strong>, integr\u00f3 acciones terrestres y a\u00e9reas que permitieron la pronta localizaci\u00f3n del veh\u00edculo en inmediaciones de la Central de Abasto.<\/p>\n<p>La actuaci\u00f3n de los cuerpos de seguridad inici\u00f3 tras recibir el reporte del robo ocurrido en la autopista <strong>Puebla-Orizaba<\/strong>, una v\u00eda estrat\u00e9gica por su conexi\u00f3n regional. El veh\u00edculo sustra\u00eddo correspond\u00eda a un tractocami\u00f3n que transportaba carga, cuyo hurto afecta la actividad comercial y log\u00edstica local debido a retrasos y p\u00e9rdidas econ\u00f3micas. La respuesta inmediata se logr\u00f3 gracias a la colaboraci\u00f3n de polic\u00edas municipales de al menos tres ayuntamientos y elementos estatales.<\/p>\n<h2>Robo y recuperaci\u00f3n de tr\u00e1iler: operativo conjunto con vigilancia terrestre y a\u00e9rea<\/h2>\n<p>Durante el operativo se despleg\u00f3 un helic\u00f3ptero que sobrevol\u00f3 la zona, facilitando la ubicaci\u00f3n y seguimiento del tr\u00e1iler mientras unidades terrestres establec\u00edan un cerco estrat\u00e9gico. En el momento de la recuperaci\u00f3n, se detuvo a un hombre se\u00f1alado como probable responsable del robo. Adem\u00e1s, el conductor leg\u00edtimo del cami\u00f3n fue localizado ileso en el municipio de Cuapiaxtla de Madero, confirmaron las <a href=\"https:\/\/www.sspc.gob.mx\" target=\"_blank\" rel=\"noopener\">autoridades de seguridad estatal<\/a>.<\/p>\n<p>Estas acciones forman parte de los esfuerzos institucionales para combatir la delincuencia en carreteras y zonas urbanas, especialmente en corredores comerciales donde el robo de veh\u00edculos de carga es un problema recurrente. En particular, la autopista Puebla-Orizaba ha estado bajo vigilancia intensificada desde la implementaci\u00f3n del plan <strong>Cero Robos<\/strong>, que incluye patrullajes constantes, vigilancia a\u00e9rea y controles en accesos para reducir la incidencia delictiva.<\/p>\n<p>El operativo y la recuperaci\u00f3n se suman a intervenciones recientes en las que la polic\u00eda emple\u00f3 recursos tecnol\u00f3gicos y log\u00edsticos para responder eficazmente a delitos de alto impacto. La Secretar\u00eda de Seguridad P\u00fablica report\u00f3 que estas acciones buscan asegurar corredores econ\u00f3micos y garantizar la integridad de conductores y mercanc\u00edas. El detenido fue puesto a disposici\u00f3n de las autoridades judiciales para el proceso legal correspondiente. M\u00e1s informaci\u00f3n sobre estas labores puede encontrarse en la categor\u00eda de <a href=\"https:\/\/grupohoymexico.com\/tlaxcala\/category\/policiaco\/\">policiaco<\/a>.<\/p>\n<\/article>\n","protected":false},"excerpt":{"rendered":"Autoridades estatales y municipales lograron la recuperaci\u00f3n de un tr\u00e1iler reportado como robado el mismo d\u00eda en que&hellip;","protected":false},"author":34,"featured_media":79683,"comment_status":"open","ping_status":"open","sticky":false,"template":"","format":"standard","meta":{"csco_display_header_overlay":false,"csco_singular_sidebar":"","csco_page_header_type":"","csco_page_load_nextpost":"","csco_post_video_location":[],"csco_post_video_location_hash":"","csco_post_video_url":"","csco_post_video_bg_start_time":0,"csco_post_video_bg_end_time":0,"footnotes":""},"categories":[29,111],"tags":[2258,1008,3491],"class_list":{"0":"post-79661","1":"post","2":"type-post","3":"status-publish","4":"format-standard","5":"has-post-thumbnail","7":"category-estatal","8":"category-policiaco","9":"tag-secretaria-de-seguridad-publica-del-estado-de-puebla","10":"tag-seguridad-en-puebla","11":"tag-trailer-robado-en-puebla","12":"cs-entry","13":"cs-video-wrap"},"yoast_head":"<!-- This site is optimized with the Yoast SEO Premium plugin v24.7 (Yoast SEO v27.4) - https:\/\/yoast.com\/product\/yoast-seo-premium-wordpress\/ -->\n<title>Robo y recuperaci\u00f3n de tr\u00e1iler en Puebla tras operativo coordinado<\/title>\n<meta name=\"description\" content=\"Autoridades de Puebla recuperaron un tr\u00e1iler robado sobre la autopista Puebla-Orizaba el mismo d\u00eda del il\u00edcito.\" \/>\n<meta name=\"robots\" content=\"index, follow, max-snippet:-1, max-image-preview:large, max-video-preview:-1\" \/>\n<link rel=\"canonical\" href=\"https:\/\/grupohoymexico.com\/puebla\/2026\/01\/16\/operativo-permite-recuperacion-de-trailer-robado-en-puebla\/\" \/>\n<meta property=\"og:locale\" content=\"es_MX\" \/>\n<meta property=\"og:type\" content=\"article\" \/>\n<meta property=\"og:title\" content=\"Operativo permite recuperaci\u00f3n de tr\u00e1iler robado en Puebla\" \/>\n<meta property=\"og:description\" content=\"Autoridades de Puebla recuperaron un tr\u00e1iler robado sobre la autopista Puebla-Orizaba el mismo d\u00eda del il\u00edcito.\" \/>\n<meta property=\"og:url\" content=\"https:\/\/grupohoymexico.com\/puebla\/2026\/01\/16\/operativo-permite-recuperacion-de-trailer-robado-en-puebla\/\" \/>\n<meta property=\"og:site_name\" content=\"Grupo Hoy Puebla\" \/>\n<meta property=\"article:published_time\" content=\"2026-01-16T18:44:11+00:00\" \/>\n<meta property=\"article:modified_time\" content=\"2026-01-16T18:44:12+00:00\" \/>\n<meta property=\"og:image\" content=\"https:\/\/grupohoymexico.com\/puebla\/wp-content\/uploads\/sites\/3\/2026\/01\/robo_recuperacion_Trailer_puebla_operativo_coordinado_.jpg\" \/>\n\t<meta property=\"og:image:width\" content=\"1600\" \/>\n\t<meta property=\"og:image:height\" content=\"1066\" \/>\n\t<meta property=\"og:image:type\" content=\"image\/jpeg\" \/>\n<meta name=\"author\" content=\"Redacci\u00f3n Grupo Hoy\" \/>\n<meta name=\"twitter:card\" content=\"summary_large_image\" \/>\n<meta name=\"twitter:label1\" content=\"Escrito por\" \/>\n\t<meta name=\"twitter:data1\" content=\"Redacci\u00f3n Grupo Hoy\" \/>\n\t<meta name=\"twitter:label2\" content=\"Tiempo de lectura\" \/>\n\t<meta name=\"twitter:data2\" content=\"2 minutos\" \/>\n<script type=\"application\/ld+json\" class=\"yoast-schema-graph\">{\"@context\":\"https:\\\/\\\/schema.org\",\"@graph\":[{\"@type\":\"Article\",\"@id\":\"https:\\\/\\\/grupohoymexico.com\\\/puebla\\\/2026\\\/01\\\/16\\\/operativo-permite-recuperacion-de-trailer-robado-en-puebla\\\/#article\",\"isPartOf\":{\"@id\":\"https:\\\/\\\/grupohoymexico.com\\\/puebla\\\/2026\\\/01\\\/16\\\/operativo-permite-recuperacion-de-trailer-robado-en-puebla\\\/\"},\"author\":{\"name\":\"Redacci\u00f3n Grupo Hoy\",\"@id\":\"https:\\\/\\\/grupohoymexico.com\\\/puebla\\\/#\\\/schema\\\/person\\\/bc870cc34e948548ddb62cf78ef8474b\"},\"headline\":\"Operativo permite recuperaci\u00f3n de tr\u00e1iler robado en Puebla\",\"datePublished\":\"2026-01-16T18:44:11+00:00\",\"dateModified\":\"2026-01-16T18:44:12+00:00\",\"mainEntityOfPage\":{\"@id\":\"https:\\\/\\\/grupohoymexico.com\\\/puebla\\\/2026\\\/01\\\/16\\\/operativo-permite-recuperacion-de-trailer-robado-en-puebla\\\/\"},\"wordCount\":402,\"commentCount\":0,\"image\":{\"@id\":\"https:\\\/\\\/grupohoymexico.com\\\/puebla\\\/2026\\\/01\\\/16\\\/operativo-permite-recuperacion-de-trailer-robado-en-puebla\\\/#primaryimage\"},\"thumbnailUrl\":\"https:\\\/\\\/grupohoymexico.com\\\/puebla\\\/wp-content\\\/uploads\\\/sites\\\/3\\\/2026\\\/01\\\/robo_recuperacion_Trailer_puebla_operativo_coordinado_.jpg\",\"keywords\":[\"Secretar\u00eda de Seguridad P\u00fablica del Estado de Puebla\",\"Seguridad en Puebla\",\"Tr\u00e1iler robado en Puebla\"],\"articleSection\":[\"Estatal\",\"Policiaco\"],\"inLanguage\":\"es\",\"potentialAction\":[{\"@type\":\"CommentAction\",\"name\":\"Comment\",\"target\":[\"https:\\\/\\\/grupohoymexico.com\\\/puebla\\\/2026\\\/01\\\/16\\\/operativo-permite-recuperacion-de-trailer-robado-en-puebla\\\/#respond\"]}]},{\"@type\":\"WebPage\",\"@id\":\"https:\\\/\\\/grupohoymexico.com\\\/puebla\\\/2026\\\/01\\\/16\\\/operativo-permite-recuperacion-de-trailer-robado-en-puebla\\\/\",\"url\":\"https:\\\/\\\/grupohoymexico.com\\\/puebla\\\/2026\\\/01\\\/16\\\/operativo-permite-recuperacion-de-trailer-robado-en-puebla\\\/\",\"name\":\"Robo y recuperaci\u00f3n de tr\u00e1iler en Puebla tras operativo coordinado\",\"isPartOf\":{\"@id\":\"https:\\\/\\\/grupohoymexico.com\\\/puebla\\\/#website\"},\"primaryImageOfPage\":{\"@id\":\"https:\\\/\\\/grupohoymexico.com\\\/puebla\\\/2026\\\/01\\\/16\\\/operativo-permite-recuperacion-de-trailer-robado-en-puebla\\\/#primaryimage\"},\"image\":{\"@id\":\"https:\\\/\\\/grupohoymexico.com\\\/puebla\\\/2026\\\/01\\\/16\\\/operativo-permite-recuperacion-de-trailer-robado-en-puebla\\\/#primaryimage\"},\"thumbnailUrl\":\"https:\\\/\\\/grupohoymexico.com\\\/puebla\\\/wp-content\\\/uploads\\\/sites\\\/3\\\/2026\\\/01\\\/robo_recuperacion_Trailer_puebla_operativo_coordinado_.jpg\",\"datePublished\":\"2026-01-16T18:44:11+00:00\",\"dateModified\":\"2026-01-16T18:44:12+00:00\",\"author\":{\"@id\":\"https:\\\/\\\/grupohoymexico.com\\\/puebla\\\/#\\\/schema\\\/person\\\/bc870cc34e948548ddb62cf78ef8474b\"},\"description\":\"Autoridades de Puebla recuperaron un tr\u00e1iler robado sobre la autopista Puebla-Orizaba el mismo d\u00eda del il\u00edcito.\",\"breadcrumb\":{\"@id\":\"https:\\\/\\\/grupohoymexico.com\\\/puebla\\\/2026\\\/01\\\/16\\\/operativo-permite-recuperacion-de-trailer-robado-en-puebla\\\/#breadcrumb\"},\"inLanguage\":\"es\",\"potentialAction\":[{\"@type\":\"ReadAction\",\"target\":[\"https:\\\/\\\/grupohoymexico.com\\\/puebla\\\/2026\\\/01\\\/16\\\/operativo-permite-recuperacion-de-trailer-robado-en-puebla\\\/\"]}]},{\"@type\":\"ImageObject\",\"inLanguage\":\"es\",\"@id\":\"https:\\\/\\\/grupohoymexico.com\\\/puebla\\\/2026\\\/01\\\/16\\\/operativo-permite-recuperacion-de-trailer-robado-en-puebla\\\/#primaryimage\",\"url\":\"https:\\\/\\\/grupohoymexico.com\\\/puebla\\\/wp-content\\\/uploads\\\/sites\\\/3\\\/2026\\\/01\\\/robo_recuperacion_Trailer_puebla_operativo_coordinado_.jpg\",\"contentUrl\":\"https:\\\/\\\/grupohoymexico.com\\\/puebla\\\/wp-content\\\/uploads\\\/sites\\\/3\\\/2026\\\/01\\\/robo_recuperacion_Trailer_puebla_operativo_coordinado_.jpg\",\"width\":1600,\"height\":1066,\"caption\":\"Foto: Facebook\"},{\"@type\":\"BreadcrumbList\",\"@id\":\"https:\\\/\\\/grupohoymexico.com\\\/puebla\\\/2026\\\/01\\\/16\\\/operativo-permite-recuperacion-de-trailer-robado-en-puebla\\\/#breadcrumb\",\"itemListElement\":[{\"@type\":\"ListItem\",\"position\":1,\"name\":\"Inicio\",\"item\":\"https:\\\/\\\/grupohoymexico.com\\\/puebla\\\/\"},{\"@type\":\"ListItem\",\"position\":2,\"name\":\"Operativo permite recuperaci\u00f3n de tr\u00e1iler robado en Puebla\"}]},{\"@type\":\"WebSite\",\"@id\":\"https:\\\/\\\/grupohoymexico.com\\\/puebla\\\/#website\",\"url\":\"https:\\\/\\\/grupohoymexico.com\\\/puebla\\\/\",\"name\":\"Grupo Hoy Puebla\",\"description\":\"\",\"potentialAction\":[{\"@type\":\"SearchAction\",\"target\":{\"@type\":\"EntryPoint\",\"urlTemplate\":\"https:\\\/\\\/grupohoymexico.com\\\/puebla\\\/?s={search_term_string}\"},\"query-input\":{\"@type\":\"PropertyValueSpecification\",\"valueRequired\":true,\"valueName\":\"search_term_string\"}}],\"inLanguage\":\"es\"},{\"@type\":\"Person\",\"@id\":\"https:\\\/\\\/grupohoymexico.com\\\/puebla\\\/#\\\/schema\\\/person\\\/bc870cc34e948548ddb62cf78ef8474b\",\"name\":\"Redacci\u00f3n Grupo Hoy\",\"image\":{\"@type\":\"ImageObject\",\"inLanguage\":\"es\",\"@id\":\"https:\\\/\\\/secure.gravatar.com\\\/avatar\\\/e8a44ae8f1b7592837f8c496178e70e065758a27945df208805f8cf6fdd56893?s=96&d=mm&r=g\",\"url\":\"https:\\\/\\\/secure.gravatar.com\\\/avatar\\\/e8a44ae8f1b7592837f8c496178e70e065758a27945df208805f8cf6fdd56893?s=96&d=mm&r=g\",\"contentUrl\":\"https:\\\/\\\/secure.gravatar.com\\\/avatar\\\/e8a44ae8f1b7592837f8c496178e70e065758a27945df208805f8cf6fdd56893?s=96&d=mm&r=g\",\"caption\":\"Redacci\u00f3n Grupo Hoy\"},\"url\":\"https:\\\/\\\/grupohoymexico.com\\\/puebla\\\/author\\\/redaccion\\\/\"}]}<\/script>\n<!-- \/ Yoast SEO Premium plugin. -->","yoast_head_json":{"title":"Robo y recuperaci\u00f3n de tr\u00e1iler en Puebla tras operativo coordinado","description":"Autoridades de Puebla recuperaron un tr\u00e1iler robado sobre la autopista Puebla-Orizaba el mismo d\u00eda del il\u00edcito.","robots":{"index":"index","follow":"follow","max-snippet":"max-snippet:-1","max-image-preview":"max-image-preview:large","max-video-preview":"max-video-preview:-1"},"canonical":"https:\/\/grupohoymexico.com\/puebla\/2026\/01\/16\/operativo-permite-recuperacion-de-trailer-robado-en-puebla\/","og_locale":"es_MX","og_type":"article","og_title":"Operativo permite recuperaci\u00f3n de tr\u00e1iler robado en Puebla","og_description":"Autoridades de Puebla recuperaron un tr\u00e1iler robado sobre la autopista Puebla-Orizaba el mismo d\u00eda del il\u00edcito.","og_url":"https:\/\/grupohoymexico.com\/puebla\/2026\/01\/16\/operativo-permite-recuperacion-de-trailer-robado-en-puebla\/","og_site_name":"Grupo Hoy Puebla","article_published_time":"2026-01-16T18:44:11+00:00","article_modified_time":"2026-01-16T18:44:12+00:00","og_image":[{"width":1600,"height":1066,"url":"https:\/\/grupohoymexico.com\/puebla\/wp-content\/uploads\/sites\/3\/2026\/01\/robo_recuperacion_Trailer_puebla_operativo_coordinado_.jpg","type":"image\/jpeg"}],"author":"Redacci\u00f3n Grupo Hoy","twitter_card":"summary_large_image","twitter_misc":{"Escrito por":"Redacci\u00f3n Grupo Hoy","Tiempo de lectura":"2 minutos"},"schema":{"@context":"https:\/\/schema.org","@graph":[{"@type":"Article","@id":"https:\/\/grupohoymexico.com\/puebla\/2026\/01\/16\/operativo-permite-recuperacion-de-trailer-robado-en-puebla\/#article","isPartOf":{"@id":"https:\/\/grupohoymexico.com\/puebla\/2026\/01\/16\/operativo-permite-recuperacion-de-trailer-robado-en-puebla\/"},"author":{"name":"Redacci\u00f3n Grupo Hoy","@id":"https:\/\/grupohoymexico.com\/puebla\/#\/schema\/person\/bc870cc34e948548ddb62cf78ef8474b"},"headline":"Operativo permite recuperaci\u00f3n de tr\u00e1iler robado en Puebla","datePublished":"2026-01-16T18:44:11+00:00","dateModified":"2026-01-16T18:44:12+00:00","mainEntityOfPage":{"@id":"https:\/\/grupohoymexico.com\/puebla\/2026\/01\/16\/operativo-permite-recuperacion-de-trailer-robado-en-puebla\/"},"wordCount":402,"commentCount":0,"image":{"@id":"https:\/\/grupohoymexico.com\/puebla\/2026\/01\/16\/operativo-permite-recuperacion-de-trailer-robado-en-puebla\/#primaryimage"},"thumbnailUrl":"https:\/\/grupohoymexico.com\/puebla\/wp-content\/uploads\/sites\/3\/2026\/01\/robo_recuperacion_Trailer_puebla_operativo_coordinado_.jpg","keywords":["Secretar\u00eda de Seguridad P\u00fablica del Estado de Puebla","Seguridad en Puebla","Tr\u00e1iler robado en Puebla"],"articleSection":["Estatal","Policiaco"],"inLanguage":"es","potentialAction":[{"@type":"CommentAction","name":"Comment","target":["https:\/\/grupohoymexico.com\/puebla\/2026\/01\/16\/operativo-permite-recuperacion-de-trailer-robado-en-puebla\/#respond"]}]},{"@type":"WebPage","@id":"https:\/\/grupohoymexico.com\/puebla\/2026\/01\/16\/operativo-permite-recuperacion-de-trailer-robado-en-puebla\/","url":"https:\/\/grupohoymexico.com\/puebla\/2026\/01\/16\/operativo-permite-recuperacion-de-trailer-robado-en-puebla\/","name":"Robo y recuperaci\u00f3n de tr\u00e1iler en Puebla tras operativo coordinado","isPartOf":{"@id":"https:\/\/grupohoymexico.com\/puebla\/#website"},"primaryImageOfPage":{"@id":"https:\/\/grupohoymexico.com\/puebla\/2026\/01\/16\/operativo-permite-recuperacion-de-trailer-robado-en-puebla\/#primaryimage"},"image":{"@id":"https:\/\/grupohoymexico.com\/puebla\/2026\/01\/16\/operativo-permite-recuperacion-de-trailer-robado-en-puebla\/#primaryimage"},"thumbnailUrl":"https:\/\/grupohoymexico.com\/puebla\/wp-content\/uploads\/sites\/3\/2026\/01\/robo_recuperacion_Trailer_puebla_operativo_coordinado_.jpg","datePublished":"2026-01-16T18:44:11+00:00","dateModified":"2026-01-16T18:44:12+00:00","author":{"@id":"https:\/\/grupohoymexico.com\/puebla\/#\/schema\/person\/bc870cc34e948548ddb62cf78ef8474b"},"description":"Autoridades de Puebla recuperaron un tr\u00e1iler robado sobre la autopista Puebla-Orizaba el mismo d\u00eda del il\u00edcito.","breadcrumb":{"@id":"https:\/\/grupohoymexico.com\/puebla\/2026\/01\/16\/operativo-permite-recuperacion-de-trailer-robado-en-puebla\/#breadcrumb"},"inLanguage":"es","potentialAction":[{"@type":"ReadAction","target":["https:\/\/grupohoymexico.com\/puebla\/2026\/01\/16\/operativo-permite-recuperacion-de-trailer-robado-en-puebla\/"]}]},{"@type":"ImageObject","inLanguage":"es","@id":"https:\/\/grupohoymexico.com\/puebla\/2026\/01\/16\/operativo-permite-recuperacion-de-trailer-robado-en-puebla\/#primaryimage","url":"https:\/\/grupohoymexico.com\/puebla\/wp-content\/uploads\/sites\/3\/2026\/01\/robo_recuperacion_Trailer_puebla_operativo_coordinado_.jpg","contentUrl":"https:\/\/grupohoymexico.com\/puebla\/wp-content\/uploads\/sites\/3\/2026\/01\/robo_recuperacion_Trailer_puebla_operativo_coordinado_.jpg","width":1600,"height":1066,"caption":"Foto: Facebook"},{"@type":"BreadcrumbList","@id":"https:\/\/grupohoymexico.com\/puebla\/2026\/01\/16\/operativo-permite-recuperacion-de-trailer-robado-en-puebla\/#breadcrumb","itemListElement":[{"@type":"ListItem","position":1,"name":"Inicio","item":"https:\/\/grupohoymexico.com\/puebla\/"},{"@type":"ListItem","position":2,"name":"Operativo permite recuperaci\u00f3n de tr\u00e1iler robado en Puebla"}]},{"@type":"WebSite","@id":"https:\/\/grupohoymexico.com\/puebla\/#website","url":"https:\/\/grupohoymexico.com\/puebla\/","name":"Grupo Hoy Puebla","description":"","potentialAction":[{"@type":"SearchAction","target":{"@type":"EntryPoint","urlTemplate":"https:\/\/grupohoymexico.com\/puebla\/?s={search_term_string}"},"query-input":{"@type":"PropertyValueSpecification","valueRequired":true,"valueName":"search_term_string"}}],"inLanguage":"es"},{"@type":"Person","@id":"https:\/\/grupohoymexico.com\/puebla\/#\/schema\/person\/bc870cc34e948548ddb62cf78ef8474b","name":"Redacci\u00f3n Grupo Hoy","image":{"@type":"ImageObject","inLanguage":"es","@id":"https:\/\/secure.gravatar.com\/avatar\/e8a44ae8f1b7592837f8c496178e70e065758a27945df208805f8cf6fdd56893?s=96&d=mm&r=g","url":"https:\/\/secure.gravatar.com\/avatar\/e8a44ae8f1b7592837f8c496178e70e065758a27945df208805f8cf6fdd56893?s=96&d=mm&r=g","contentUrl":"https:\/\/secure.gravatar.com\/avatar\/e8a44ae8f1b7592837f8c496178e70e065758a27945df208805f8cf6fdd56893?s=96&d=mm&r=g","caption":"Redacci\u00f3n Grupo Hoy"},"url":"https:\/\/grupohoymexico.com\/puebla\/author\/redaccion\/"}]}},"_links":{"self":[{"href":"https:\/\/grupohoymexico.com\/puebla\/wp-json\/wp\/v2\/posts\/79661","targetHints":{"allow":["GET"]}}],"collection":[{"href":"https:\/\/grupohoymexico.com\/puebla\/wp-json\/wp\/v2\/posts"}],"about":[{"href":"https:\/\/grupohoymexico.com\/puebla\/wp-json\/wp\/v2\/types\/post"}],"author":[{"embeddable":true,"href":"https:\/\/grupohoymexico.com\/puebla\/wp-json\/wp\/v2\/users\/34"}],"replies":[{"embeddable":true,"href":"https:\/\/grupohoymexico.com\/puebla\/wp-json\/wp\/v2\/comments?post=79661"}],"version-history":[{"count":1,"href":"https:\/\/grupohoymexico.com\/puebla\/wp-json\/wp\/v2\/posts\/79661\/revisions"}],"predecessor-version":[{"id":79684,"href":"https:\/\/grupohoymexico.com\/puebla\/wp-json\/wp\/v2\/posts\/79661\/revisions\/79684"}],"wp:featuredmedia":[{"embeddable":true,"href":"https:\/\/grupohoymexico.com\/puebla\/wp-json\/wp\/v2\/media\/79683"}],"wp:attachment":[{"href":"https:\/\/grupohoymexico.com\/puebla\/wp-json\/wp\/v2\/media?parent=79661"}],"wp:term":[{"taxonomy":"category","embeddable":true,"href":"https:\/\/grupohoymexico.com\/puebla\/wp-json\/wp\/v2\/categories?post=79661"},{"taxonomy":"post_tag","embeddable":true,"href":"https:\/\/grupohoymexico.com\/puebla\/wp-json\/wp\/v2\/tags?post=79661"}],"curies":[{"name":"wp","href":"https:\/\/api.w.org\/{rel}","templated":true}]}}