{"id":79585,"date":"2026-01-06T20:25:08","date_gmt":"2026-01-06T20:25:08","guid":{"rendered":"https:\/\/grupohoymexico.com\/puebla\/2026\/01\/06\/quien-es-alejandra-ang-diputada-de-morena-en-bc-detenida-en-la-frontera-con-eeuu\/"},"modified":"2026-01-06T20:26:43","modified_gmt":"2026-01-06T20:26:43","slug":"quien-es-alejandra-ang-diputada-de-morena-en-bc-detenida-en-la-frontera-con-eeuu","status":"publish","type":"post","link":"https:\/\/grupohoymexico.com\/puebla\/2026\/01\/06\/quien-es-alejandra-ang-diputada-de-morena-en-bc-detenida-en-la-frontera-con-eeuu\/","title":{"rendered":"\u00bfQui\u00e9n es Alejandra Ang, diputada de Morena en BC detenida en la frontera con EEUU?"},"content":{"rendered":"\n<p><strong>Alejandra Ang Hern\u00e1ndez<\/strong>, diputada local de <strong>Baja California<\/strong> por <strong>Morena<\/strong>, fue detenida intentando cruzar la frontera con EEUU. Su delito, transportar una importante suma de dinero que no declar\u00f3 a las autoridades. <\/p>\n\n\n\n<p>Los hechos ocurrieron en la garita de Calexico. La legisladora pretend\u00eda ingresar al pa\u00eds con&nbsp;<strong>800 mil pesos en efectivo<\/strong>, los cuales estaban distribuidos en dos partes diferentes de su autom\u00f3vil. Se trataba de una cifra que superaba el monto establecido por las autoridades. <\/p>\n\n\n\n<p><strong>TAMBI\u00c9N LEE:<\/strong> <a href=\"https:\/\/grupohoymexico.com\/hidalgo\/estatal\/ieeh-aprueba-presupuesto-de-159-millones-de-pesos-para-partidos-de-hidalgo-pese-a-no-haber-elecciones\/\" target=\"_blank\" rel=\"noreferrer noopener\">IEEH aprueba presupuesto de 159 millones de pesos para partidos de Hidalgo pese a no haber elecciones<\/a><\/p>\n\n\n\n<h2 class=\"wp-block-heading\" id=\"h-quien-es-alejandra-ang-diputada-de-morena-en-bc-detenida-en-la-frontera-con-eeuu\">\u00bfQui\u00e9n es Alejandra Ang, diputada de Morena en BC detenida en la frontera con EEUU?<\/h2>\n\n\n\n<p>La diputada local es una figura relevante dentro de la generaci\u00f3n de cuadros pol\u00edticos de <strong>Morena en Baja California<\/strong>. Cuenta con una trayectoria que combina formaci\u00f3n t\u00e9cnica, experiencia administrativa y militancia partidista de largo aliento. <\/p>\n\n\n\n<p>La diputada por Morena, <strong>Alejandra Mar\u00eda Ang Hern\u00e1ndez<\/strong>, naci\u00f3 el 26 de noviembre de 1983 en Mexicali, Baja California. Su perfil refleja una ruta ascendente desde el trabajo comunitario y municipal hasta su actual trabajo en el Congreso local.<\/p>\n\n\n\n<p><strong>TAMBI\u00c9N LEE:<\/strong> <a href=\"https:\/\/grupohoymexico.com\/hidalgo\/estatal\/exalcalde-de-pachuca-es-vinculado-a-proceso-por-presunto-robo-de-caja-fuerte\/\" target=\"_blank\" rel=\"noreferrer noopener\">Exalcalde de Pachuca es vinculado a proceso por presunto robo de caja fuerte<\/a><\/p>\n\n\n\n<p>Es licenciada en Arquitectura por la <strong>Universidad Aut\u00f3noma de Baja California<\/strong> (UABC), donde curs\u00f3 sus estudios entre 2004 y 2008. Su formaci\u00f3n profesional se complement\u00f3 con diplomados en administraci\u00f3n p\u00fablica, paridad de g\u00e9nero, transparencia y combate a la corrupci\u00f3n. De acuerdo con su curr\u00edculum oficial, cuenta adem\u00e1s con un dominio del idioma ingl\u00e9s del 80 por ciento.<\/p>\n\n\n\n<p>Antes de incursionar de lleno en la vida p\u00fablica de la mano de Morena, <strong>Alejandra Ang Hern\u00e1ndez <\/strong>desarroll\u00f3 actividad en el <strong>sector privado<\/strong>. Especialmente en \u00e1reas vinculadas a la construcci\u00f3n, los aval\u00faos y la elaboraci\u00f3n de <strong>proyectos arquitect\u00f3nicos<\/strong>. Esa experiencia t\u00e9cnica le permiti\u00f3 comprender de primera mano los retos del desarrollo urbano, la planeaci\u00f3n territorial y la prestaci\u00f3n de servicios, conocimientos que posteriormente traslad\u00f3 a su desempe\u00f1o en cargos p\u00fablicos.<\/p>\n\n\n\n<h2 class=\"wp-block-heading\" id=\"h-su-papel-dentro-de-movimiento-regeneracion-nacional\">Su papel dentro de Movimiento Regeneraci\u00f3n Nacional<\/h2>\n\n\n\n<p>Su v\u00ednculo con el partido en el poder se remonta a 2013, a\u00f1o en el que se convirti\u00f3 en miembro fundadora del partido en Mexicali. Desde entonces ocupa diversos cargos partidistas, entre ellos la <strong>Secretar\u00eda de Arte y Cultura<\/strong> tanto a nivel municipal como estatal.<\/p>\n\n\n\n<p>Entre 2016 y 2019 fue regidora del XXII Ayuntamiento de Mexicali. En ese periodo coordin\u00f3 la Comisi\u00f3n de Desarrollo y Asistencia Social y form\u00f3 parte de comisiones estrat\u00e9gicas como desarrollo urbano y servicios p\u00fablicos. Posteriormente, de 2019 a 2021, se desempe\u00f1\u00f3 como directora de Desarrollo Social Municipal (DESOM) en el XXIII Ayuntamiento, desde donde encabez\u00f3 programas sociales orientados a la atenci\u00f3n comunitaria.<\/p>\n\n\n\n<p><strong>TAMBI\u00c9N LEE:<\/strong> <a href=\"https:\/\/grupohoymexico.com\/hidalgo\/estatal\/jorge-reyes-ordena-operativo-tras-conflicto-entre-comerciantes\/\" target=\"_blank\" rel=\"noreferrer noopener\">Jorge Reyes ordena operativo tras conflicto entre comerciantes<\/a><\/p>\n\n\n\n<p>Alejandra Ang es diputada local por el Distrito III de Mexicali por Morena. Fue electa por el principio de mayor\u00eda relativa e integrante del grupo parlamentario del partido. En el Congreso de Baja California, impuls\u00f3 iniciativas relacionadas con:<\/p>\n\n\n\n<ul class=\"wp-block-list\">\n<li>El fortalecimiento de los programas de desarrollo social<\/li>\n\n\n\n<li>La incorporaci\u00f3n de la perspectiva de g\u00e9nero en la legislaci\u00f3n local<\/li>\n\n\n\n<li>Reformas en materia de transparencia y rendici\u00f3n de cuentas<\/li>\n\n\n\n<li>Propuestas vinculadas a la planeaci\u00f3n urbana y el acceso equitativo a los servicios p\u00fablicos<\/li>\n<\/ul>\n","protected":false},"excerpt":{"rendered":"Alejandra Ang Hern\u00e1ndez, diputada local de Baja California por Morena, fue detenida intentando cruzar la frontera con EEUU.&hellip;","protected":false},"author":15,"featured_media":79586,"comment_status":"open","ping_status":"open","sticky":false,"template":"","format":"standard","meta":{"csco_display_header_overlay":false,"csco_singular_sidebar":"","csco_page_header_type":"","csco_page_load_nextpost":"","csco_post_video_location":[],"csco_post_video_location_hash":"","csco_post_video_url":"","csco_post_video_bg_start_time":0,"csco_post_video_bg_end_time":0,"footnotes":""},"categories":[28],"tags":[3477,862,3478,31],"class_list":{"0":"post-79585","1":"post","2":"type-post","3":"status-publish","4":"format-standard","5":"has-post-thumbnail","7":"category-nacional","8":"tag-alejandra-ang","9":"tag-baja-california","10":"tag-frontera-con-eeuu","11":"tag-morena","12":"cs-entry","13":"cs-video-wrap"},"yoast_head":"<!-- This site is optimized with the Yoast SEO Premium plugin v24.7 (Yoast SEO v27.4) - https:\/\/yoast.com\/product\/yoast-seo-premium-wordpress\/ -->\n<title>\u00bfQui\u00e9n es Alejandra Ang, diputada de Morena en BC detenida en la frontera con EEUU? - Grupo Hoy Puebla<\/title>\n<meta name=\"robots\" content=\"index, follow, max-snippet:-1, max-image-preview:large, max-video-preview:-1\" \/>\n<link rel=\"canonical\" href=\"https:\/\/grupohoymexico.com\/puebla\/2026\/01\/06\/quien-es-alejandra-ang-diputada-de-morena-en-bc-detenida-en-la-frontera-con-eeuu\/\" \/>\n<meta property=\"og:locale\" content=\"es_MX\" \/>\n<meta property=\"og:type\" content=\"article\" \/>\n<meta property=\"og:title\" content=\"\u00bfQui\u00e9n es Alejandra Ang, diputada de Morena en BC detenida en la frontera con EEUU?\" \/>\n<meta property=\"og:description\" content=\"Alejandra Ang Hern\u00e1ndez, diputada local de Baja California por Morena, fue detenida intentando cruzar la frontera con EEUU.&hellip;\" \/>\n<meta property=\"og:url\" content=\"https:\/\/grupohoymexico.com\/puebla\/2026\/01\/06\/quien-es-alejandra-ang-diputada-de-morena-en-bc-detenida-en-la-frontera-con-eeuu\/\" \/>\n<meta property=\"og:site_name\" content=\"Grupo Hoy Puebla\" \/>\n<meta property=\"article:published_time\" content=\"2026-01-06T20:25:08+00:00\" \/>\n<meta property=\"article:modified_time\" content=\"2026-01-06T20:26:43+00:00\" \/>\n<meta name=\"author\" content=\"nestor\" \/>\n<meta name=\"twitter:card\" content=\"summary_large_image\" \/>\n<meta name=\"twitter:label1\" content=\"Escrito por\" \/>\n\t<meta name=\"twitter:data1\" content=\"nestor\" \/>\n\t<meta name=\"twitter:label2\" content=\"Tiempo de lectura\" \/>\n\t<meta name=\"twitter:data2\" content=\"3 minutos\" \/>\n<script type=\"application\/ld+json\" class=\"yoast-schema-graph\">{\"@context\":\"https:\\\/\\\/schema.org\",\"@graph\":[{\"@type\":\"Article\",\"@id\":\"https:\\\/\\\/grupohoymexico.com\\\/puebla\\\/2026\\\/01\\\/06\\\/quien-es-alejandra-ang-diputada-de-morena-en-bc-detenida-en-la-frontera-con-eeuu\\\/#article\",\"isPartOf\":{\"@id\":\"https:\\\/\\\/grupohoymexico.com\\\/puebla\\\/2026\\\/01\\\/06\\\/quien-es-alejandra-ang-diputada-de-morena-en-bc-detenida-en-la-frontera-con-eeuu\\\/\"},\"author\":{\"name\":\"nestor\",\"@id\":\"https:\\\/\\\/grupohoymexico.com\\\/puebla\\\/#\\\/schema\\\/person\\\/8201f3fa49669f346d08e15801e0ebc2\"},\"headline\":\"\u00bfQui\u00e9n es Alejandra Ang, diputada de Morena en BC detenida en la frontera con EEUU?\",\"datePublished\":\"2026-01-06T20:25:08+00:00\",\"dateModified\":\"2026-01-06T20:26:43+00:00\",\"mainEntityOfPage\":{\"@id\":\"https:\\\/\\\/grupohoymexico.com\\\/puebla\\\/2026\\\/01\\\/06\\\/quien-es-alejandra-ang-diputada-de-morena-en-bc-detenida-en-la-frontera-con-eeuu\\\/\"},\"wordCount\":584,\"commentCount\":0,\"image\":{\"@id\":\"https:\\\/\\\/grupohoymexico.com\\\/puebla\\\/2026\\\/01\\\/06\\\/quien-es-alejandra-ang-diputada-de-morena-en-bc-detenida-en-la-frontera-con-eeuu\\\/#primaryimage\"},\"thumbnailUrl\":\"https:\\\/\\\/grupohoymexico.com\\\/puebla\\\/wp-content\\\/uploads\\\/sites\\\/3\\\/2026\\\/01\\\/alejandra_ang_diputada_morena_bc_detenida_frontera_EEUU_1.png\",\"keywords\":[\"Alejandra Ang\",\"Baja California\",\"Frontera con EEUU\",\"Morena\"],\"articleSection\":[\"Nacional\"],\"inLanguage\":\"es\",\"potentialAction\":[{\"@type\":\"CommentAction\",\"name\":\"Comment\",\"target\":[\"https:\\\/\\\/grupohoymexico.com\\\/puebla\\\/2026\\\/01\\\/06\\\/quien-es-alejandra-ang-diputada-de-morena-en-bc-detenida-en-la-frontera-con-eeuu\\\/#respond\"]}]},{\"@type\":\"WebPage\",\"@id\":\"https:\\\/\\\/grupohoymexico.com\\\/puebla\\\/2026\\\/01\\\/06\\\/quien-es-alejandra-ang-diputada-de-morena-en-bc-detenida-en-la-frontera-con-eeuu\\\/\",\"url\":\"https:\\\/\\\/grupohoymexico.com\\\/puebla\\\/2026\\\/01\\\/06\\\/quien-es-alejandra-ang-diputada-de-morena-en-bc-detenida-en-la-frontera-con-eeuu\\\/\",\"name\":\"\u00bfQui\u00e9n es Alejandra Ang, diputada de Morena en BC detenida en la frontera con EEUU? - Grupo Hoy Puebla\",\"isPartOf\":{\"@id\":\"https:\\\/\\\/grupohoymexico.com\\\/puebla\\\/#website\"},\"primaryImageOfPage\":{\"@id\":\"https:\\\/\\\/grupohoymexico.com\\\/puebla\\\/2026\\\/01\\\/06\\\/quien-es-alejandra-ang-diputada-de-morena-en-bc-detenida-en-la-frontera-con-eeuu\\\/#primaryimage\"},\"image\":{\"@id\":\"https:\\\/\\\/grupohoymexico.com\\\/puebla\\\/2026\\\/01\\\/06\\\/quien-es-alejandra-ang-diputada-de-morena-en-bc-detenida-en-la-frontera-con-eeuu\\\/#primaryimage\"},\"thumbnailUrl\":\"https:\\\/\\\/grupohoymexico.com\\\/puebla\\\/wp-content\\\/uploads\\\/sites\\\/3\\\/2026\\\/01\\\/alejandra_ang_diputada_morena_bc_detenida_frontera_EEUU_1.png\",\"datePublished\":\"2026-01-06T20:25:08+00:00\",\"dateModified\":\"2026-01-06T20:26:43+00:00\",\"author\":{\"@id\":\"https:\\\/\\\/grupohoymexico.com\\\/puebla\\\/#\\\/schema\\\/person\\\/8201f3fa49669f346d08e15801e0ebc2\"},\"breadcrumb\":{\"@id\":\"https:\\\/\\\/grupohoymexico.com\\\/puebla\\\/2026\\\/01\\\/06\\\/quien-es-alejandra-ang-diputada-de-morena-en-bc-detenida-en-la-frontera-con-eeuu\\\/#breadcrumb\"},\"inLanguage\":\"es\",\"potentialAction\":[{\"@type\":\"ReadAction\",\"target\":[\"https:\\\/\\\/grupohoymexico.com\\\/puebla\\\/2026\\\/01\\\/06\\\/quien-es-alejandra-ang-diputada-de-morena-en-bc-detenida-en-la-frontera-con-eeuu\\\/\"]}]},{\"@type\":\"ImageObject\",\"inLanguage\":\"es\",\"@id\":\"https:\\\/\\\/grupohoymexico.com\\\/puebla\\\/2026\\\/01\\\/06\\\/quien-es-alejandra-ang-diputada-de-morena-en-bc-detenida-en-la-frontera-con-eeuu\\\/#primaryimage\",\"url\":\"https:\\\/\\\/grupohoymexico.com\\\/puebla\\\/wp-content\\\/uploads\\\/sites\\\/3\\\/2026\\\/01\\\/alejandra_ang_diputada_morena_bc_detenida_frontera_EEUU_1.png\",\"contentUrl\":\"https:\\\/\\\/grupohoymexico.com\\\/puebla\\\/wp-content\\\/uploads\\\/sites\\\/3\\\/2026\\\/01\\\/alejandra_ang_diputada_morena_bc_detenida_frontera_EEUU_1.png\",\"width\":1200,\"height\":638,\"caption\":\"Foto: Facebook\"},{\"@type\":\"BreadcrumbList\",\"@id\":\"https:\\\/\\\/grupohoymexico.com\\\/puebla\\\/2026\\\/01\\\/06\\\/quien-es-alejandra-ang-diputada-de-morena-en-bc-detenida-en-la-frontera-con-eeuu\\\/#breadcrumb\",\"itemListElement\":[{\"@type\":\"ListItem\",\"position\":1,\"name\":\"Inicio\",\"item\":\"https:\\\/\\\/grupohoymexico.com\\\/puebla\\\/\"},{\"@type\":\"ListItem\",\"position\":2,\"name\":\"\u00bfQui\u00e9n es Alejandra Ang, diputada de Morena en BC detenida en la frontera con EEUU?\"}]},{\"@type\":\"WebSite\",\"@id\":\"https:\\\/\\\/grupohoymexico.com\\\/puebla\\\/#website\",\"url\":\"https:\\\/\\\/grupohoymexico.com\\\/puebla\\\/\",\"name\":\"Grupo Hoy Puebla\",\"description\":\"\",\"potentialAction\":[{\"@type\":\"SearchAction\",\"target\":{\"@type\":\"EntryPoint\",\"urlTemplate\":\"https:\\\/\\\/grupohoymexico.com\\\/puebla\\\/?s={search_term_string}\"},\"query-input\":{\"@type\":\"PropertyValueSpecification\",\"valueRequired\":true,\"valueName\":\"search_term_string\"}}],\"inLanguage\":\"es\"},{\"@type\":\"Person\",\"@id\":\"https:\\\/\\\/grupohoymexico.com\\\/puebla\\\/#\\\/schema\\\/person\\\/8201f3fa49669f346d08e15801e0ebc2\",\"name\":\"nestor\",\"image\":{\"@type\":\"ImageObject\",\"inLanguage\":\"es\",\"@id\":\"https:\\\/\\\/secure.gravatar.com\\\/avatar\\\/6675a6d9279ab1d8e7b7c55956d0013492fdc51e007e555bc58e5e0eac33d094?s=96&d=mm&r=g\",\"url\":\"https:\\\/\\\/secure.gravatar.com\\\/avatar\\\/6675a6d9279ab1d8e7b7c55956d0013492fdc51e007e555bc58e5e0eac33d094?s=96&d=mm&r=g\",\"contentUrl\":\"https:\\\/\\\/secure.gravatar.com\\\/avatar\\\/6675a6d9279ab1d8e7b7c55956d0013492fdc51e007e555bc58e5e0eac33d094?s=96&d=mm&r=g\",\"caption\":\"nestor\"},\"url\":\"https:\\\/\\\/grupohoymexico.com\\\/puebla\\\/author\\\/nestor\\\/\"}]}<\/script>\n<!-- \/ Yoast SEO Premium plugin. -->","yoast_head_json":{"title":"\u00bfQui\u00e9n es Alejandra Ang, diputada de Morena en BC detenida en la frontera con EEUU? - Grupo Hoy Puebla","robots":{"index":"index","follow":"follow","max-snippet":"max-snippet:-1","max-image-preview":"max-image-preview:large","max-video-preview":"max-video-preview:-1"},"canonical":"https:\/\/grupohoymexico.com\/puebla\/2026\/01\/06\/quien-es-alejandra-ang-diputada-de-morena-en-bc-detenida-en-la-frontera-con-eeuu\/","og_locale":"es_MX","og_type":"article","og_title":"\u00bfQui\u00e9n es Alejandra Ang, diputada de Morena en BC detenida en la frontera con EEUU?","og_description":"Alejandra Ang Hern\u00e1ndez, diputada local de Baja California por Morena, fue detenida intentando cruzar la frontera con EEUU.&hellip;","og_url":"https:\/\/grupohoymexico.com\/puebla\/2026\/01\/06\/quien-es-alejandra-ang-diputada-de-morena-en-bc-detenida-en-la-frontera-con-eeuu\/","og_site_name":"Grupo Hoy Puebla","article_published_time":"2026-01-06T20:25:08+00:00","article_modified_time":"2026-01-06T20:26:43+00:00","author":"nestor","twitter_card":"summary_large_image","twitter_misc":{"Escrito por":"nestor","Tiempo de lectura":"3 minutos"},"schema":{"@context":"https:\/\/schema.org","@graph":[{"@type":"Article","@id":"https:\/\/grupohoymexico.com\/puebla\/2026\/01\/06\/quien-es-alejandra-ang-diputada-de-morena-en-bc-detenida-en-la-frontera-con-eeuu\/#article","isPartOf":{"@id":"https:\/\/grupohoymexico.com\/puebla\/2026\/01\/06\/quien-es-alejandra-ang-diputada-de-morena-en-bc-detenida-en-la-frontera-con-eeuu\/"},"author":{"name":"nestor","@id":"https:\/\/grupohoymexico.com\/puebla\/#\/schema\/person\/8201f3fa49669f346d08e15801e0ebc2"},"headline":"\u00bfQui\u00e9n es Alejandra Ang, diputada de Morena en BC detenida en la frontera con EEUU?","datePublished":"2026-01-06T20:25:08+00:00","dateModified":"2026-01-06T20:26:43+00:00","mainEntityOfPage":{"@id":"https:\/\/grupohoymexico.com\/puebla\/2026\/01\/06\/quien-es-alejandra-ang-diputada-de-morena-en-bc-detenida-en-la-frontera-con-eeuu\/"},"wordCount":584,"commentCount":0,"image":{"@id":"https:\/\/grupohoymexico.com\/puebla\/2026\/01\/06\/quien-es-alejandra-ang-diputada-de-morena-en-bc-detenida-en-la-frontera-con-eeuu\/#primaryimage"},"thumbnailUrl":"https:\/\/grupohoymexico.com\/puebla\/wp-content\/uploads\/sites\/3\/2026\/01\/alejandra_ang_diputada_morena_bc_detenida_frontera_EEUU_1.png","keywords":["Alejandra Ang","Baja California","Frontera con EEUU","Morena"],"articleSection":["Nacional"],"inLanguage":"es","potentialAction":[{"@type":"CommentAction","name":"Comment","target":["https:\/\/grupohoymexico.com\/puebla\/2026\/01\/06\/quien-es-alejandra-ang-diputada-de-morena-en-bc-detenida-en-la-frontera-con-eeuu\/#respond"]}]},{"@type":"WebPage","@id":"https:\/\/grupohoymexico.com\/puebla\/2026\/01\/06\/quien-es-alejandra-ang-diputada-de-morena-en-bc-detenida-en-la-frontera-con-eeuu\/","url":"https:\/\/grupohoymexico.com\/puebla\/2026\/01\/06\/quien-es-alejandra-ang-diputada-de-morena-en-bc-detenida-en-la-frontera-con-eeuu\/","name":"\u00bfQui\u00e9n es Alejandra Ang, diputada de Morena en BC detenida en la frontera con EEUU? - Grupo Hoy Puebla","isPartOf":{"@id":"https:\/\/grupohoymexico.com\/puebla\/#website"},"primaryImageOfPage":{"@id":"https:\/\/grupohoymexico.com\/puebla\/2026\/01\/06\/quien-es-alejandra-ang-diputada-de-morena-en-bc-detenida-en-la-frontera-con-eeuu\/#primaryimage"},"image":{"@id":"https:\/\/grupohoymexico.com\/puebla\/2026\/01\/06\/quien-es-alejandra-ang-diputada-de-morena-en-bc-detenida-en-la-frontera-con-eeuu\/#primaryimage"},"thumbnailUrl":"https:\/\/grupohoymexico.com\/puebla\/wp-content\/uploads\/sites\/3\/2026\/01\/alejandra_ang_diputada_morena_bc_detenida_frontera_EEUU_1.png","datePublished":"2026-01-06T20:25:08+00:00","dateModified":"2026-01-06T20:26:43+00:00","author":{"@id":"https:\/\/grupohoymexico.com\/puebla\/#\/schema\/person\/8201f3fa49669f346d08e15801e0ebc2"},"breadcrumb":{"@id":"https:\/\/grupohoymexico.com\/puebla\/2026\/01\/06\/quien-es-alejandra-ang-diputada-de-morena-en-bc-detenida-en-la-frontera-con-eeuu\/#breadcrumb"},"inLanguage":"es","potentialAction":[{"@type":"ReadAction","target":["https:\/\/grupohoymexico.com\/puebla\/2026\/01\/06\/quien-es-alejandra-ang-diputada-de-morena-en-bc-detenida-en-la-frontera-con-eeuu\/"]}]},{"@type":"ImageObject","inLanguage":"es","@id":"https:\/\/grupohoymexico.com\/puebla\/2026\/01\/06\/quien-es-alejandra-ang-diputada-de-morena-en-bc-detenida-en-la-frontera-con-eeuu\/#primaryimage","url":"https:\/\/grupohoymexico.com\/puebla\/wp-content\/uploads\/sites\/3\/2026\/01\/alejandra_ang_diputada_morena_bc_detenida_frontera_EEUU_1.png","contentUrl":"https:\/\/grupohoymexico.com\/puebla\/wp-content\/uploads\/sites\/3\/2026\/01\/alejandra_ang_diputada_morena_bc_detenida_frontera_EEUU_1.png","width":1200,"height":638,"caption":"Foto: Facebook"},{"@type":"BreadcrumbList","@id":"https:\/\/grupohoymexico.com\/puebla\/2026\/01\/06\/quien-es-alejandra-ang-diputada-de-morena-en-bc-detenida-en-la-frontera-con-eeuu\/#breadcrumb","itemListElement":[{"@type":"ListItem","position":1,"name":"Inicio","item":"https:\/\/grupohoymexico.com\/puebla\/"},{"@type":"ListItem","position":2,"name":"\u00bfQui\u00e9n es Alejandra Ang, diputada de Morena en BC detenida en la frontera con EEUU?"}]},{"@type":"WebSite","@id":"https:\/\/grupohoymexico.com\/puebla\/#website","url":"https:\/\/grupohoymexico.com\/puebla\/","name":"Grupo Hoy Puebla","description":"","potentialAction":[{"@type":"SearchAction","target":{"@type":"EntryPoint","urlTemplate":"https:\/\/grupohoymexico.com\/puebla\/?s={search_term_string}"},"query-input":{"@type":"PropertyValueSpecification","valueRequired":true,"valueName":"search_term_string"}}],"inLanguage":"es"},{"@type":"Person","@id":"https:\/\/grupohoymexico.com\/puebla\/#\/schema\/person\/8201f3fa49669f346d08e15801e0ebc2","name":"nestor","image":{"@type":"ImageObject","inLanguage":"es","@id":"https:\/\/secure.gravatar.com\/avatar\/6675a6d9279ab1d8e7b7c55956d0013492fdc51e007e555bc58e5e0eac33d094?s=96&d=mm&r=g","url":"https:\/\/secure.gravatar.com\/avatar\/6675a6d9279ab1d8e7b7c55956d0013492fdc51e007e555bc58e5e0eac33d094?s=96&d=mm&r=g","contentUrl":"https:\/\/secure.gravatar.com\/avatar\/6675a6d9279ab1d8e7b7c55956d0013492fdc51e007e555bc58e5e0eac33d094?s=96&d=mm&r=g","caption":"nestor"},"url":"https:\/\/grupohoymexico.com\/puebla\/author\/nestor\/"}]}},"_links":{"self":[{"href":"https:\/\/grupohoymexico.com\/puebla\/wp-json\/wp\/v2\/posts\/79585","targetHints":{"allow":["GET"]}}],"collection":[{"href":"https:\/\/grupohoymexico.com\/puebla\/wp-json\/wp\/v2\/posts"}],"about":[{"href":"https:\/\/grupohoymexico.com\/puebla\/wp-json\/wp\/v2\/types\/post"}],"author":[{"embeddable":true,"href":"https:\/\/grupohoymexico.com\/puebla\/wp-json\/wp\/v2\/users\/15"}],"replies":[{"embeddable":true,"href":"https:\/\/grupohoymexico.com\/puebla\/wp-json\/wp\/v2\/comments?post=79585"}],"version-history":[{"count":1,"href":"https:\/\/grupohoymexico.com\/puebla\/wp-json\/wp\/v2\/posts\/79585\/revisions"}],"predecessor-version":[{"id":79587,"href":"https:\/\/grupohoymexico.com\/puebla\/wp-json\/wp\/v2\/posts\/79585\/revisions\/79587"}],"wp:featuredmedia":[{"embeddable":true,"href":"https:\/\/grupohoymexico.com\/puebla\/wp-json\/wp\/v2\/media\/79586"}],"wp:attachment":[{"href":"https:\/\/grupohoymexico.com\/puebla\/wp-json\/wp\/v2\/media?parent=79585"}],"wp:term":[{"taxonomy":"category","embeddable":true,"href":"https:\/\/grupohoymexico.com\/puebla\/wp-json\/wp\/v2\/categories?post=79585"},{"taxonomy":"post_tag","embeddable":true,"href":"https:\/\/grupohoymexico.com\/puebla\/wp-json\/wp\/v2\/tags?post=79585"}],"curies":[{"name":"wp","href":"https:\/\/api.w.org\/{rel}","templated":true}]}}