{"id":79248,"date":"2025-12-11T18:09:10","date_gmt":"2025-12-11T18:09:10","guid":{"rendered":"https:\/\/grupohoymexico.com\/puebla\/?p=79248"},"modified":"2025-12-11T18:09:11","modified_gmt":"2025-12-11T18:09:11","slug":"detienen-a-mujer-implicada-en-ataque-incendiario-en-bar-de-puebla","status":"publish","type":"post","link":"https:\/\/grupohoymexico.com\/puebla\/2025\/12\/11\/detienen-a-mujer-implicada-en-ataque-incendiario-en-bar-de-puebla\/","title":{"rendered":"Detienen a mujer implicada en ataque incendiario en bar de Puebla que dej\u00f3 siete muertos"},"content":{"rendered":"\n<p>Las autoridades federales y estatales lograron la detenci\u00f3n de Isabel \u201cN\u201d, identificada como presunta responsable del <strong>ataque incendiario en Puebla<\/strong> ocurrido a finales de noviembre en el centro nocturno <strong>\u201cLa Coss\u201d<\/strong>. El hecho dej\u00f3 siete personas muertas y cinco m\u00e1s heridas, lo que provoc\u00f3 un amplio operativo de investigaci\u00f3n y b\u00fasqueda.<\/p>\n\n\n\n<h2 class=\"wp-block-heading\" id=\"h-detencion-de-isabel-n-en-la-zona-metropolitana-de-puebla\">Detenci\u00f3n de Isabel \u201cN\u201d en la zona metropolitana de Puebla<\/h2>\n\n\n\n<p>La captura fue realizada por elementos del <strong>Ej\u00e9rcito mexicano<\/strong>, <strong>Guardia Nacional<\/strong>, <strong>Polic\u00eda Estatal<\/strong> y la <strong>Fiscal\u00eda General del Estado<\/strong>. Isabel \u201cN\u201d fue ubicada en inmediaciones de <strong>Plaza Ventura<\/strong>, sobre la <strong>V\u00eda Atlixc\u00e1yotl<\/strong>, donde se ejecut\u00f3 la orden de aprehensi\u00f3n en su contra por los delitos de homicidio calificado y homicidio calificado en grado de tentativa. Tras su detenci\u00f3n, fue puesta a disposici\u00f3n del <strong>Juez de Control<\/strong>, quien definir\u00e1 su situaci\u00f3n jur\u00eddica.<\/p>\n\n\n\n<p><strong>LEE TAMBI\u00c9N: <a href=\"https:\/\/grupohoymexico.com\/puebla\/2025\/12\/10\/puebla-bajas-confirmadas-clausura-2026-liga-mx\/\" target=\"_blank\" rel=\"noreferrer noopener\">Puebla anuncia sus primeras bajas rumbo al Clausura 2026 <\/a><\/strong><\/p>\n\n\n\n<h2 class=\"wp-block-heading\" id=\"h-como-ocurrio-el-ataque-incendiario-en-la-coss\">C\u00f3mo ocurri\u00f3 el ataque incendiario en \u201cLa Coss\u201d<\/h2>\n\n\n\n<p>El ataque tuvo lugar durante la madrugada del 18 de noviembre, cuando un comando armado ingres\u00f3 al bar <strong>\u201cLa Coss\u201d<\/strong> y presuntamente incendi\u00f3 el establecimiento con 14 personas dentro. Cinco v\u00edctimas murieron asfixiadas en el lugar, mientras que dos m\u00e1s fallecieron posteriormente en hospitales debido a las lesiones sufridas.<\/p>\n\n\n\n<h2 class=\"wp-block-heading\" id=\"h-linea-de-investigacion-del-ataque\">L\u00ednea de investigaci\u00f3n del ataque<\/h2>\n\n\n\n<p>De acuerdo con las autoridades estatales, las primeras investigaciones indican que el <strong>ataque incendiario en Puebla<\/strong> estar\u00eda relacionado con actividades delictivas vinculadas al cobro de piso y al narcomenudeo. Seg\u00fan los reportes, seis sujetos irrumpieron en el establecimiento, dispararon para someter a los presentes y posteriormente provocaron el incendio que desencaden\u00f3 la tragedia.<\/p>\n","protected":false},"excerpt":{"rendered":"Las autoridades federales y estatales lograron la detenci\u00f3n de Isabel \u201cN\u201d, identificada como presunta responsable del ataque incendiario&hellip;","protected":false},"author":30,"featured_media":79250,"comment_status":"open","ping_status":"open","sticky":false,"template":"","format":"standard","meta":{"csco_display_header_overlay":false,"csco_singular_sidebar":"","csco_page_header_type":"","csco_page_load_nextpost":"","csco_post_video_location":[],"csco_post_video_location_hash":"","csco_post_video_url":"","csco_post_video_bg_start_time":0,"csco_post_video_bg_end_time":0,"footnotes":""},"categories":[29],"tags":[3303,3302,40,1161],"class_list":{"0":"post-79248","1":"post","2":"type-post","3":"status-publish","4":"format-standard","5":"has-post-thumbnail","7":"category-estatal","8":"tag-centro-nocturno-la-coss","9":"tag-detencion-puebla","10":"tag-puebla","11":"tag-seguridad-puebla","12":"cs-entry","13":"cs-video-wrap"},"yoast_head":"<!-- This site is optimized with the Yoast SEO Premium plugin v24.7 (Yoast SEO v27.4) - https:\/\/yoast.com\/product\/yoast-seo-premium-wordpress\/ -->\n<title>Detienen a mujer implicada en ataque incendiario en bar de Puebla<\/title>\n<meta name=\"description\" content=\"Las autoridades federales lograron la detenci\u00f3n de Isabel \u201cN\u201d, identificada como presunta responsable del ataque incendiario en Puebla\" \/>\n<meta name=\"robots\" content=\"index, follow, max-snippet:-1, max-image-preview:large, max-video-preview:-1\" \/>\n<link rel=\"canonical\" href=\"https:\/\/grupohoymexico.com\/puebla\/2025\/12\/11\/detienen-a-mujer-implicada-en-ataque-incendiario-en-bar-de-puebla\/\" \/>\n<meta property=\"og:locale\" content=\"es_MX\" \/>\n<meta property=\"og:type\" content=\"article\" \/>\n<meta property=\"og:title\" content=\"Detienen a mujer implicada en ataque incendiario en bar de Puebla que dej\u00f3 siete muertos\" \/>\n<meta property=\"og:description\" content=\"Las autoridades federales lograron la detenci\u00f3n de Isabel \u201cN\u201d, identificada como presunta responsable del ataque incendiario en Puebla\" \/>\n<meta property=\"og:url\" content=\"https:\/\/grupohoymexico.com\/puebla\/2025\/12\/11\/detienen-a-mujer-implicada-en-ataque-incendiario-en-bar-de-puebla\/\" \/>\n<meta property=\"og:site_name\" content=\"Grupo Hoy Puebla\" \/>\n<meta property=\"article:published_time\" content=\"2025-12-11T18:09:10+00:00\" \/>\n<meta property=\"article:modified_time\" content=\"2025-12-11T18:09:11+00:00\" \/>\n<meta property=\"og:image\" content=\"https:\/\/grupohoymexico.com\/puebla\/wp-content\/uploads\/sites\/3\/2025\/12\/ataque-incendiario-en-Puebla.webp\" \/>\n\t<meta property=\"og:image:width\" content=\"1201\" \/>\n\t<meta property=\"og:image:height\" content=\"639\" \/>\n\t<meta property=\"og:image:type\" content=\"image\/webp\" \/>\n<meta name=\"author\" content=\"eduardo\" \/>\n<meta name=\"twitter:card\" content=\"summary_large_image\" \/>\n<meta name=\"twitter:label1\" content=\"Escrito por\" \/>\n\t<meta name=\"twitter:data1\" content=\"eduardo\" \/>\n\t<meta name=\"twitter:label2\" content=\"Tiempo de lectura\" \/>\n\t<meta name=\"twitter:data2\" content=\"2 minutos\" \/>\n<script type=\"application\/ld+json\" class=\"yoast-schema-graph\">{\"@context\":\"https:\\\/\\\/schema.org\",\"@graph\":[{\"@type\":\"Article\",\"@id\":\"https:\\\/\\\/grupohoymexico.com\\\/puebla\\\/2025\\\/12\\\/11\\\/detienen-a-mujer-implicada-en-ataque-incendiario-en-bar-de-puebla\\\/#article\",\"isPartOf\":{\"@id\":\"https:\\\/\\\/grupohoymexico.com\\\/puebla\\\/2025\\\/12\\\/11\\\/detienen-a-mujer-implicada-en-ataque-incendiario-en-bar-de-puebla\\\/\"},\"author\":{\"name\":\"eduardo\",\"@id\":\"https:\\\/\\\/grupohoymexico.com\\\/puebla\\\/#\\\/schema\\\/person\\\/e95b7b8df1e5c291ede743c160292779\"},\"headline\":\"Detienen a mujer implicada en ataque incendiario en bar de Puebla que dej\u00f3 siete muertos\",\"datePublished\":\"2025-12-11T18:09:10+00:00\",\"dateModified\":\"2025-12-11T18:09:11+00:00\",\"mainEntityOfPage\":{\"@id\":\"https:\\\/\\\/grupohoymexico.com\\\/puebla\\\/2025\\\/12\\\/11\\\/detienen-a-mujer-implicada-en-ataque-incendiario-en-bar-de-puebla\\\/\"},\"wordCount\":293,\"commentCount\":0,\"image\":{\"@id\":\"https:\\\/\\\/grupohoymexico.com\\\/puebla\\\/2025\\\/12\\\/11\\\/detienen-a-mujer-implicada-en-ataque-incendiario-en-bar-de-puebla\\\/#primaryimage\"},\"thumbnailUrl\":\"https:\\\/\\\/grupohoymexico.com\\\/puebla\\\/wp-content\\\/uploads\\\/sites\\\/3\\\/2025\\\/12\\\/ataque-incendiario-en-Puebla.webp\",\"keywords\":[\"centro nocturno la coss\",\"detencion puebla\",\"puebla\",\"seguridad Puebla\"],\"articleSection\":[\"Estatal\"],\"inLanguage\":\"es\",\"potentialAction\":[{\"@type\":\"CommentAction\",\"name\":\"Comment\",\"target\":[\"https:\\\/\\\/grupohoymexico.com\\\/puebla\\\/2025\\\/12\\\/11\\\/detienen-a-mujer-implicada-en-ataque-incendiario-en-bar-de-puebla\\\/#respond\"]}]},{\"@type\":\"WebPage\",\"@id\":\"https:\\\/\\\/grupohoymexico.com\\\/puebla\\\/2025\\\/12\\\/11\\\/detienen-a-mujer-implicada-en-ataque-incendiario-en-bar-de-puebla\\\/\",\"url\":\"https:\\\/\\\/grupohoymexico.com\\\/puebla\\\/2025\\\/12\\\/11\\\/detienen-a-mujer-implicada-en-ataque-incendiario-en-bar-de-puebla\\\/\",\"name\":\"Detienen a mujer implicada en ataque incendiario en bar de Puebla\",\"isPartOf\":{\"@id\":\"https:\\\/\\\/grupohoymexico.com\\\/puebla\\\/#website\"},\"primaryImageOfPage\":{\"@id\":\"https:\\\/\\\/grupohoymexico.com\\\/puebla\\\/2025\\\/12\\\/11\\\/detienen-a-mujer-implicada-en-ataque-incendiario-en-bar-de-puebla\\\/#primaryimage\"},\"image\":{\"@id\":\"https:\\\/\\\/grupohoymexico.com\\\/puebla\\\/2025\\\/12\\\/11\\\/detienen-a-mujer-implicada-en-ataque-incendiario-en-bar-de-puebla\\\/#primaryimage\"},\"thumbnailUrl\":\"https:\\\/\\\/grupohoymexico.com\\\/puebla\\\/wp-content\\\/uploads\\\/sites\\\/3\\\/2025\\\/12\\\/ataque-incendiario-en-Puebla.webp\",\"datePublished\":\"2025-12-11T18:09:10+00:00\",\"dateModified\":\"2025-12-11T18:09:11+00:00\",\"author\":{\"@id\":\"https:\\\/\\\/grupohoymexico.com\\\/puebla\\\/#\\\/schema\\\/person\\\/e95b7b8df1e5c291ede743c160292779\"},\"description\":\"Las autoridades federales lograron la detenci\u00f3n de Isabel \u201cN\u201d, identificada como presunta responsable del ataque incendiario en Puebla\",\"breadcrumb\":{\"@id\":\"https:\\\/\\\/grupohoymexico.com\\\/puebla\\\/2025\\\/12\\\/11\\\/detienen-a-mujer-implicada-en-ataque-incendiario-en-bar-de-puebla\\\/#breadcrumb\"},\"inLanguage\":\"es\",\"potentialAction\":[{\"@type\":\"ReadAction\",\"target\":[\"https:\\\/\\\/grupohoymexico.com\\\/puebla\\\/2025\\\/12\\\/11\\\/detienen-a-mujer-implicada-en-ataque-incendiario-en-bar-de-puebla\\\/\"]}]},{\"@type\":\"ImageObject\",\"inLanguage\":\"es\",\"@id\":\"https:\\\/\\\/grupohoymexico.com\\\/puebla\\\/2025\\\/12\\\/11\\\/detienen-a-mujer-implicada-en-ataque-incendiario-en-bar-de-puebla\\\/#primaryimage\",\"url\":\"https:\\\/\\\/grupohoymexico.com\\\/puebla\\\/wp-content\\\/uploads\\\/sites\\\/3\\\/2025\\\/12\\\/ataque-incendiario-en-Puebla.webp\",\"contentUrl\":\"https:\\\/\\\/grupohoymexico.com\\\/puebla\\\/wp-content\\\/uploads\\\/sites\\\/3\\\/2025\\\/12\\\/ataque-incendiario-en-Puebla.webp\",\"width\":1201,\"height\":639,\"caption\":\"Imagen: FreePik\"},{\"@type\":\"BreadcrumbList\",\"@id\":\"https:\\\/\\\/grupohoymexico.com\\\/puebla\\\/2025\\\/12\\\/11\\\/detienen-a-mujer-implicada-en-ataque-incendiario-en-bar-de-puebla\\\/#breadcrumb\",\"itemListElement\":[{\"@type\":\"ListItem\",\"position\":1,\"name\":\"Inicio\",\"item\":\"https:\\\/\\\/grupohoymexico.com\\\/puebla\\\/\"},{\"@type\":\"ListItem\",\"position\":2,\"name\":\"Detienen a mujer implicada en ataque incendiario en bar de Puebla que dej\u00f3 siete muertos\"}]},{\"@type\":\"WebSite\",\"@id\":\"https:\\\/\\\/grupohoymexico.com\\\/puebla\\\/#website\",\"url\":\"https:\\\/\\\/grupohoymexico.com\\\/puebla\\\/\",\"name\":\"Grupo Hoy Puebla\",\"description\":\"\",\"potentialAction\":[{\"@type\":\"SearchAction\",\"target\":{\"@type\":\"EntryPoint\",\"urlTemplate\":\"https:\\\/\\\/grupohoymexico.com\\\/puebla\\\/?s={search_term_string}\"},\"query-input\":{\"@type\":\"PropertyValueSpecification\",\"valueRequired\":true,\"valueName\":\"search_term_string\"}}],\"inLanguage\":\"es\"},{\"@type\":\"Person\",\"@id\":\"https:\\\/\\\/grupohoymexico.com\\\/puebla\\\/#\\\/schema\\\/person\\\/e95b7b8df1e5c291ede743c160292779\",\"name\":\"eduardo\",\"image\":{\"@type\":\"ImageObject\",\"inLanguage\":\"es\",\"@id\":\"https:\\\/\\\/secure.gravatar.com\\\/avatar\\\/ecdd30dcf3feeb5f57f13840c3daeb08334d3b69de7bb9e067a540c4925a9788?s=96&d=mm&r=g\",\"url\":\"https:\\\/\\\/secure.gravatar.com\\\/avatar\\\/ecdd30dcf3feeb5f57f13840c3daeb08334d3b69de7bb9e067a540c4925a9788?s=96&d=mm&r=g\",\"contentUrl\":\"https:\\\/\\\/secure.gravatar.com\\\/avatar\\\/ecdd30dcf3feeb5f57f13840c3daeb08334d3b69de7bb9e067a540c4925a9788?s=96&d=mm&r=g\",\"caption\":\"eduardo\"},\"url\":\"https:\\\/\\\/grupohoymexico.com\\\/puebla\\\/author\\\/eduardo\\\/\"}]}<\/script>\n<!-- \/ Yoast SEO Premium plugin. -->","yoast_head_json":{"title":"Detienen a mujer implicada en ataque incendiario en bar de Puebla","description":"Las autoridades federales lograron la detenci\u00f3n de Isabel \u201cN\u201d, identificada como presunta responsable del ataque incendiario en Puebla","robots":{"index":"index","follow":"follow","max-snippet":"max-snippet:-1","max-image-preview":"max-image-preview:large","max-video-preview":"max-video-preview:-1"},"canonical":"https:\/\/grupohoymexico.com\/puebla\/2025\/12\/11\/detienen-a-mujer-implicada-en-ataque-incendiario-en-bar-de-puebla\/","og_locale":"es_MX","og_type":"article","og_title":"Detienen a mujer implicada en ataque incendiario en bar de Puebla que dej\u00f3 siete muertos","og_description":"Las autoridades federales lograron la detenci\u00f3n de Isabel \u201cN\u201d, identificada como presunta responsable del ataque incendiario en Puebla","og_url":"https:\/\/grupohoymexico.com\/puebla\/2025\/12\/11\/detienen-a-mujer-implicada-en-ataque-incendiario-en-bar-de-puebla\/","og_site_name":"Grupo Hoy Puebla","article_published_time":"2025-12-11T18:09:10+00:00","article_modified_time":"2025-12-11T18:09:11+00:00","og_image":[{"width":1201,"height":639,"url":"https:\/\/grupohoymexico.com\/puebla\/wp-content\/uploads\/sites\/3\/2025\/12\/ataque-incendiario-en-Puebla.webp","type":"image\/webp"}],"author":"eduardo","twitter_card":"summary_large_image","twitter_misc":{"Escrito por":"eduardo","Tiempo de lectura":"2 minutos"},"schema":{"@context":"https:\/\/schema.org","@graph":[{"@type":"Article","@id":"https:\/\/grupohoymexico.com\/puebla\/2025\/12\/11\/detienen-a-mujer-implicada-en-ataque-incendiario-en-bar-de-puebla\/#article","isPartOf":{"@id":"https:\/\/grupohoymexico.com\/puebla\/2025\/12\/11\/detienen-a-mujer-implicada-en-ataque-incendiario-en-bar-de-puebla\/"},"author":{"name":"eduardo","@id":"https:\/\/grupohoymexico.com\/puebla\/#\/schema\/person\/e95b7b8df1e5c291ede743c160292779"},"headline":"Detienen a mujer implicada en ataque incendiario en bar de Puebla que dej\u00f3 siete muertos","datePublished":"2025-12-11T18:09:10+00:00","dateModified":"2025-12-11T18:09:11+00:00","mainEntityOfPage":{"@id":"https:\/\/grupohoymexico.com\/puebla\/2025\/12\/11\/detienen-a-mujer-implicada-en-ataque-incendiario-en-bar-de-puebla\/"},"wordCount":293,"commentCount":0,"image":{"@id":"https:\/\/grupohoymexico.com\/puebla\/2025\/12\/11\/detienen-a-mujer-implicada-en-ataque-incendiario-en-bar-de-puebla\/#primaryimage"},"thumbnailUrl":"https:\/\/grupohoymexico.com\/puebla\/wp-content\/uploads\/sites\/3\/2025\/12\/ataque-incendiario-en-Puebla.webp","keywords":["centro nocturno la coss","detencion puebla","puebla","seguridad Puebla"],"articleSection":["Estatal"],"inLanguage":"es","potentialAction":[{"@type":"CommentAction","name":"Comment","target":["https:\/\/grupohoymexico.com\/puebla\/2025\/12\/11\/detienen-a-mujer-implicada-en-ataque-incendiario-en-bar-de-puebla\/#respond"]}]},{"@type":"WebPage","@id":"https:\/\/grupohoymexico.com\/puebla\/2025\/12\/11\/detienen-a-mujer-implicada-en-ataque-incendiario-en-bar-de-puebla\/","url":"https:\/\/grupohoymexico.com\/puebla\/2025\/12\/11\/detienen-a-mujer-implicada-en-ataque-incendiario-en-bar-de-puebla\/","name":"Detienen a mujer implicada en ataque incendiario en bar de Puebla","isPartOf":{"@id":"https:\/\/grupohoymexico.com\/puebla\/#website"},"primaryImageOfPage":{"@id":"https:\/\/grupohoymexico.com\/puebla\/2025\/12\/11\/detienen-a-mujer-implicada-en-ataque-incendiario-en-bar-de-puebla\/#primaryimage"},"image":{"@id":"https:\/\/grupohoymexico.com\/puebla\/2025\/12\/11\/detienen-a-mujer-implicada-en-ataque-incendiario-en-bar-de-puebla\/#primaryimage"},"thumbnailUrl":"https:\/\/grupohoymexico.com\/puebla\/wp-content\/uploads\/sites\/3\/2025\/12\/ataque-incendiario-en-Puebla.webp","datePublished":"2025-12-11T18:09:10+00:00","dateModified":"2025-12-11T18:09:11+00:00","author":{"@id":"https:\/\/grupohoymexico.com\/puebla\/#\/schema\/person\/e95b7b8df1e5c291ede743c160292779"},"description":"Las autoridades federales lograron la detenci\u00f3n de Isabel \u201cN\u201d, identificada como presunta responsable del ataque incendiario en Puebla","breadcrumb":{"@id":"https:\/\/grupohoymexico.com\/puebla\/2025\/12\/11\/detienen-a-mujer-implicada-en-ataque-incendiario-en-bar-de-puebla\/#breadcrumb"},"inLanguage":"es","potentialAction":[{"@type":"ReadAction","target":["https:\/\/grupohoymexico.com\/puebla\/2025\/12\/11\/detienen-a-mujer-implicada-en-ataque-incendiario-en-bar-de-puebla\/"]}]},{"@type":"ImageObject","inLanguage":"es","@id":"https:\/\/grupohoymexico.com\/puebla\/2025\/12\/11\/detienen-a-mujer-implicada-en-ataque-incendiario-en-bar-de-puebla\/#primaryimage","url":"https:\/\/grupohoymexico.com\/puebla\/wp-content\/uploads\/sites\/3\/2025\/12\/ataque-incendiario-en-Puebla.webp","contentUrl":"https:\/\/grupohoymexico.com\/puebla\/wp-content\/uploads\/sites\/3\/2025\/12\/ataque-incendiario-en-Puebla.webp","width":1201,"height":639,"caption":"Imagen: FreePik"},{"@type":"BreadcrumbList","@id":"https:\/\/grupohoymexico.com\/puebla\/2025\/12\/11\/detienen-a-mujer-implicada-en-ataque-incendiario-en-bar-de-puebla\/#breadcrumb","itemListElement":[{"@type":"ListItem","position":1,"name":"Inicio","item":"https:\/\/grupohoymexico.com\/puebla\/"},{"@type":"ListItem","position":2,"name":"Detienen a mujer implicada en ataque incendiario en bar de Puebla que dej\u00f3 siete muertos"}]},{"@type":"WebSite","@id":"https:\/\/grupohoymexico.com\/puebla\/#website","url":"https:\/\/grupohoymexico.com\/puebla\/","name":"Grupo Hoy Puebla","description":"","potentialAction":[{"@type":"SearchAction","target":{"@type":"EntryPoint","urlTemplate":"https:\/\/grupohoymexico.com\/puebla\/?s={search_term_string}"},"query-input":{"@type":"PropertyValueSpecification","valueRequired":true,"valueName":"search_term_string"}}],"inLanguage":"es"},{"@type":"Person","@id":"https:\/\/grupohoymexico.com\/puebla\/#\/schema\/person\/e95b7b8df1e5c291ede743c160292779","name":"eduardo","image":{"@type":"ImageObject","inLanguage":"es","@id":"https:\/\/secure.gravatar.com\/avatar\/ecdd30dcf3feeb5f57f13840c3daeb08334d3b69de7bb9e067a540c4925a9788?s=96&d=mm&r=g","url":"https:\/\/secure.gravatar.com\/avatar\/ecdd30dcf3feeb5f57f13840c3daeb08334d3b69de7bb9e067a540c4925a9788?s=96&d=mm&r=g","contentUrl":"https:\/\/secure.gravatar.com\/avatar\/ecdd30dcf3feeb5f57f13840c3daeb08334d3b69de7bb9e067a540c4925a9788?s=96&d=mm&r=g","caption":"eduardo"},"url":"https:\/\/grupohoymexico.com\/puebla\/author\/eduardo\/"}]}},"_links":{"self":[{"href":"https:\/\/grupohoymexico.com\/puebla\/wp-json\/wp\/v2\/posts\/79248","targetHints":{"allow":["GET"]}}],"collection":[{"href":"https:\/\/grupohoymexico.com\/puebla\/wp-json\/wp\/v2\/posts"}],"about":[{"href":"https:\/\/grupohoymexico.com\/puebla\/wp-json\/wp\/v2\/types\/post"}],"author":[{"embeddable":true,"href":"https:\/\/grupohoymexico.com\/puebla\/wp-json\/wp\/v2\/users\/30"}],"replies":[{"embeddable":true,"href":"https:\/\/grupohoymexico.com\/puebla\/wp-json\/wp\/v2\/comments?post=79248"}],"version-history":[{"count":1,"href":"https:\/\/grupohoymexico.com\/puebla\/wp-json\/wp\/v2\/posts\/79248\/revisions"}],"predecessor-version":[{"id":79249,"href":"https:\/\/grupohoymexico.com\/puebla\/wp-json\/wp\/v2\/posts\/79248\/revisions\/79249"}],"wp:featuredmedia":[{"embeddable":true,"href":"https:\/\/grupohoymexico.com\/puebla\/wp-json\/wp\/v2\/media\/79250"}],"wp:attachment":[{"href":"https:\/\/grupohoymexico.com\/puebla\/wp-json\/wp\/v2\/media?parent=79248"}],"wp:term":[{"taxonomy":"category","embeddable":true,"href":"https:\/\/grupohoymexico.com\/puebla\/wp-json\/wp\/v2\/categories?post=79248"},{"taxonomy":"post_tag","embeddable":true,"href":"https:\/\/grupohoymexico.com\/puebla\/wp-json\/wp\/v2\/tags?post=79248"}],"curies":[{"name":"wp","href":"https:\/\/api.w.org\/{rel}","templated":true}]}}