{"id":79238,"date":"2025-12-10T17:35:24","date_gmt":"2025-12-10T17:35:24","guid":{"rendered":"https:\/\/grupohoymexico.com\/puebla\/?p=79238"},"modified":"2025-12-10T17:35:25","modified_gmt":"2025-12-10T17:35:25","slug":"puebla-bajas-confirmadas-clausura-2026-liga-mx","status":"publish","type":"post","link":"https:\/\/grupohoymexico.com\/puebla\/2025\/12\/10\/puebla-bajas-confirmadas-clausura-2026-liga-mx\/","title":{"rendered":"Puebla anuncia sus primeras bajas rumbo al Clausura 2026"},"content":{"rendered":"\n<p>A pocos d\u00edas de que concluya el <strong>Apertura 2025<\/strong>, mientras <strong>Toluca<\/strong> y <strong>Tigres<\/strong> se preparan para disputar la final del futbol mexicano, otros clubes ya trabajan en la planeaci\u00f3n del pr\u00f3ximo semestre. Entre ellos destaca <strong>Puebla<\/strong>, que inici\u00f3 su reestructuraci\u00f3n tras un torneo particularmente complicado.<\/p>\n\n\n\n<p>La Franja termin\u00f3 como el peor equipo de la <strong>Fase Regular<\/strong>, con solo 12 puntos obtenidos mediante tres victorias y tres empates. Adem\u00e1s, finaliz\u00f3 en el \u00faltimo lugar de la tabla de cocientes, situaci\u00f3n que encendi\u00f3 las alarmas en la directiva. De cara al <strong>Clausura 2026<\/strong>, el club decidi\u00f3 apostar por <strong>Alberto Espigares<\/strong> como nuevo director t\u00e9cnico, con la misi\u00f3n de corregir el rumbo y devolver competitividad al plantel.<\/p>\n\n\n\n<p>LEE TAMBI\u00c9N: <a href=\"https:\/\/grupohoymexico.com\/puebla\/2025\/12\/10\/ibero-califica-como-inexistente-el-trabajo-de-la-cdh-en-puebla\/\" target=\"_blank\" rel=\"noreferrer noopener\">Ibero califica como \u2018inexistente\u2019 el trabajo de la CDH en Puebla <\/a><\/p>\n\n\n\n<p><strong>Primeras bajas confirmadas<\/strong><\/p>\n\n\n\n<p>Tras la presentaci\u00f3n de Espigares, Puebla anunci\u00f3 las primeras salidas oficiales del equipo. En total, cuatro jugadores no continuar\u00e1n con la instituci\u00f3n para el pr\u00f3ximo torneo.<\/p>\n\n\n\n<p><strong>Juan Fedorco<\/strong> y <strong>Ricardo Mar\u00edn<\/strong> encabezan la lista, luego de que sus pr\u00e9stamos concluyeran al cierre del Apertura 2025. Ninguno de los dos renov\u00f3 la cesi\u00f3n, por lo que deber\u00e1n reportar con sus clubes de origen. En el caso de Fedorco, se desconoce si Independiente lo mantendr\u00e1 en sus planes o buscar\u00e1 colocarlo nuevamente en el extranjero. Situaci\u00f3n similar vive Mar\u00edn, cuyo futuro con Chivas a\u00fan no est\u00e1 definido.<\/p>\n\n\n\n<p>A estas bajas se suman <strong>Jes\u00fas Rivas<\/strong> y <strong>Efra\u00edn Orona<\/strong>, quienes salen de manera definitiva despu\u00e9s de un par de torneos defendiendo la camiseta poblana. La directiva no detall\u00f3 si alguno de ellos ya tiene ofertas formales, por lo que su destino para 2026 sigue sin confirmarse.<\/p>\n","protected":false},"excerpt":{"rendered":"A pocos d\u00edas de que concluya el Apertura 2025, mientras Toluca y Tigres se preparan para disputar la&hellip;","protected":false},"author":30,"featured_media":79239,"comment_status":"open","ping_status":"open","sticky":false,"template":"","format":"standard","meta":{"csco_display_header_overlay":false,"csco_singular_sidebar":"","csco_page_header_type":"","csco_page_load_nextpost":"","csco_post_video_location":[],"csco_post_video_location_hash":"","csco_post_video_url":"","csco_post_video_bg_start_time":0,"csco_post_video_bg_end_time":0,"footnotes":""},"categories":[29],"tags":[3290,3292,3289,3168,3291,222,3288,3293],"class_list":{"0":"post-79238","1":"post","2":"type-post","3":"status-publish","4":"format-standard","5":"has-post-thumbnail","7":"category-estatal","8":"tag-alberto-espigares","9":"tag-apertura-2025-puebla","10":"tag-bajas-puebla","11":"tag-clausura-2026","12":"tag-jugadores-que-salen-de-puebla","13":"tag-liga-mx","14":"tag-puebla-fc","15":"tag-tabla-de-cocientes-liga-mx","16":"cs-entry","17":"cs-video-wrap"},"yoast_head":"<!-- This site is optimized with the Yoast SEO Premium plugin v24.7 (Yoast SEO v27.4) - https:\/\/yoast.com\/product\/yoast-seo-premium-wordpress\/ -->\n<title>Puebla anuncia sus primeras bajas rumbo al Clausura 2026<\/title>\n<meta name=\"description\" content=\"Puebla anunci\u00f3 sus primeras bajas rumbo al Clausura 2026 tras un Apertura 2025 complicado. Conoce qu\u00e9 jugadores dejan el club\" \/>\n<meta name=\"robots\" content=\"index, follow, max-snippet:-1, max-image-preview:large, max-video-preview:-1\" \/>\n<link rel=\"canonical\" href=\"https:\/\/grupohoymexico.com\/puebla\/2025\/12\/10\/puebla-bajas-confirmadas-clausura-2026-liga-mx\/\" \/>\n<meta property=\"og:locale\" content=\"es_MX\" \/>\n<meta property=\"og:type\" content=\"article\" \/>\n<meta property=\"og:title\" content=\"Puebla anuncia sus primeras bajas rumbo al Clausura 2026\" \/>\n<meta property=\"og:description\" content=\"Puebla anunci\u00f3 sus primeras bajas rumbo al Clausura 2026 tras un Apertura 2025 complicado. Conoce qu\u00e9 jugadores dejan el club\" \/>\n<meta property=\"og:url\" content=\"https:\/\/grupohoymexico.com\/puebla\/2025\/12\/10\/puebla-bajas-confirmadas-clausura-2026-liga-mx\/\" \/>\n<meta property=\"og:site_name\" content=\"Grupo Hoy Puebla\" \/>\n<meta property=\"article:published_time\" content=\"2025-12-10T17:35:24+00:00\" \/>\n<meta property=\"article:modified_time\" content=\"2025-12-10T17:35:25+00:00\" \/>\n<meta property=\"og:image\" content=\"https:\/\/grupohoymexico.com\/puebla\/wp-content\/uploads\/sites\/3\/2025\/12\/Puebla-bajas-Clausura-2026.webp\" \/>\n\t<meta property=\"og:image:width\" content=\"1201\" \/>\n\t<meta property=\"og:image:height\" content=\"639\" \/>\n\t<meta property=\"og:image:type\" content=\"image\/webp\" \/>\n<meta name=\"author\" content=\"eduardo\" \/>\n<meta name=\"twitter:card\" content=\"summary_large_image\" \/>\n<meta name=\"twitter:label1\" content=\"Escrito por\" \/>\n\t<meta name=\"twitter:data1\" content=\"eduardo\" \/>\n\t<meta name=\"twitter:label2\" content=\"Tiempo de lectura\" \/>\n\t<meta name=\"twitter:data2\" content=\"2 minutos\" \/>\n<script type=\"application\/ld+json\" class=\"yoast-schema-graph\">{\"@context\":\"https:\\\/\\\/schema.org\",\"@graph\":[{\"@type\":\"Article\",\"@id\":\"https:\\\/\\\/grupohoymexico.com\\\/puebla\\\/2025\\\/12\\\/10\\\/puebla-bajas-confirmadas-clausura-2026-liga-mx\\\/#article\",\"isPartOf\":{\"@id\":\"https:\\\/\\\/grupohoymexico.com\\\/puebla\\\/2025\\\/12\\\/10\\\/puebla-bajas-confirmadas-clausura-2026-liga-mx\\\/\"},\"author\":{\"name\":\"eduardo\",\"@id\":\"https:\\\/\\\/grupohoymexico.com\\\/puebla\\\/#\\\/schema\\\/person\\\/e95b7b8df1e5c291ede743c160292779\"},\"headline\":\"Puebla anuncia sus primeras bajas rumbo al Clausura 2026\",\"datePublished\":\"2025-12-10T17:35:24+00:00\",\"dateModified\":\"2025-12-10T17:35:25+00:00\",\"mainEntityOfPage\":{\"@id\":\"https:\\\/\\\/grupohoymexico.com\\\/puebla\\\/2025\\\/12\\\/10\\\/puebla-bajas-confirmadas-clausura-2026-liga-mx\\\/\"},\"wordCount\":298,\"commentCount\":0,\"image\":{\"@id\":\"https:\\\/\\\/grupohoymexico.com\\\/puebla\\\/2025\\\/12\\\/10\\\/puebla-bajas-confirmadas-clausura-2026-liga-mx\\\/#primaryimage\"},\"thumbnailUrl\":\"https:\\\/\\\/grupohoymexico.com\\\/puebla\\\/wp-content\\\/uploads\\\/sites\\\/3\\\/2025\\\/12\\\/Puebla-bajas-Clausura-2026.webp\",\"keywords\":[\"Alberto Espigares\",\"Apertura 2025 Puebla\",\"Bajas Puebla\",\"Clausura 2026\",\"Jugadores que salen de Puebla\",\"liga mx\",\"Puebla FC\",\"Tabla de cocientes Liga MX\"],\"articleSection\":[\"Estatal\"],\"inLanguage\":\"es\",\"potentialAction\":[{\"@type\":\"CommentAction\",\"name\":\"Comment\",\"target\":[\"https:\\\/\\\/grupohoymexico.com\\\/puebla\\\/2025\\\/12\\\/10\\\/puebla-bajas-confirmadas-clausura-2026-liga-mx\\\/#respond\"]}]},{\"@type\":\"WebPage\",\"@id\":\"https:\\\/\\\/grupohoymexico.com\\\/puebla\\\/2025\\\/12\\\/10\\\/puebla-bajas-confirmadas-clausura-2026-liga-mx\\\/\",\"url\":\"https:\\\/\\\/grupohoymexico.com\\\/puebla\\\/2025\\\/12\\\/10\\\/puebla-bajas-confirmadas-clausura-2026-liga-mx\\\/\",\"name\":\"Puebla anuncia sus primeras bajas rumbo al Clausura 2026\",\"isPartOf\":{\"@id\":\"https:\\\/\\\/grupohoymexico.com\\\/puebla\\\/#website\"},\"primaryImageOfPage\":{\"@id\":\"https:\\\/\\\/grupohoymexico.com\\\/puebla\\\/2025\\\/12\\\/10\\\/puebla-bajas-confirmadas-clausura-2026-liga-mx\\\/#primaryimage\"},\"image\":{\"@id\":\"https:\\\/\\\/grupohoymexico.com\\\/puebla\\\/2025\\\/12\\\/10\\\/puebla-bajas-confirmadas-clausura-2026-liga-mx\\\/#primaryimage\"},\"thumbnailUrl\":\"https:\\\/\\\/grupohoymexico.com\\\/puebla\\\/wp-content\\\/uploads\\\/sites\\\/3\\\/2025\\\/12\\\/Puebla-bajas-Clausura-2026.webp\",\"datePublished\":\"2025-12-10T17:35:24+00:00\",\"dateModified\":\"2025-12-10T17:35:25+00:00\",\"author\":{\"@id\":\"https:\\\/\\\/grupohoymexico.com\\\/puebla\\\/#\\\/schema\\\/person\\\/e95b7b8df1e5c291ede743c160292779\"},\"description\":\"Puebla anunci\u00f3 sus primeras bajas rumbo al Clausura 2026 tras un Apertura 2025 complicado. Conoce qu\u00e9 jugadores dejan el club\",\"breadcrumb\":{\"@id\":\"https:\\\/\\\/grupohoymexico.com\\\/puebla\\\/2025\\\/12\\\/10\\\/puebla-bajas-confirmadas-clausura-2026-liga-mx\\\/#breadcrumb\"},\"inLanguage\":\"es\",\"potentialAction\":[{\"@type\":\"ReadAction\",\"target\":[\"https:\\\/\\\/grupohoymexico.com\\\/puebla\\\/2025\\\/12\\\/10\\\/puebla-bajas-confirmadas-clausura-2026-liga-mx\\\/\"]}]},{\"@type\":\"ImageObject\",\"inLanguage\":\"es\",\"@id\":\"https:\\\/\\\/grupohoymexico.com\\\/puebla\\\/2025\\\/12\\\/10\\\/puebla-bajas-confirmadas-clausura-2026-liga-mx\\\/#primaryimage\",\"url\":\"https:\\\/\\\/grupohoymexico.com\\\/puebla\\\/wp-content\\\/uploads\\\/sites\\\/3\\\/2025\\\/12\\\/Puebla-bajas-Clausura-2026.webp\",\"contentUrl\":\"https:\\\/\\\/grupohoymexico.com\\\/puebla\\\/wp-content\\\/uploads\\\/sites\\\/3\\\/2025\\\/12\\\/Puebla-bajas-Clausura-2026.webp\",\"width\":1201,\"height\":639,\"caption\":\"Imagen: Facebook\"},{\"@type\":\"BreadcrumbList\",\"@id\":\"https:\\\/\\\/grupohoymexico.com\\\/puebla\\\/2025\\\/12\\\/10\\\/puebla-bajas-confirmadas-clausura-2026-liga-mx\\\/#breadcrumb\",\"itemListElement\":[{\"@type\":\"ListItem\",\"position\":1,\"name\":\"Inicio\",\"item\":\"https:\\\/\\\/grupohoymexico.com\\\/puebla\\\/\"},{\"@type\":\"ListItem\",\"position\":2,\"name\":\"Puebla anuncia sus primeras bajas rumbo al Clausura 2026\"}]},{\"@type\":\"WebSite\",\"@id\":\"https:\\\/\\\/grupohoymexico.com\\\/puebla\\\/#website\",\"url\":\"https:\\\/\\\/grupohoymexico.com\\\/puebla\\\/\",\"name\":\"Grupo Hoy Puebla\",\"description\":\"\",\"potentialAction\":[{\"@type\":\"SearchAction\",\"target\":{\"@type\":\"EntryPoint\",\"urlTemplate\":\"https:\\\/\\\/grupohoymexico.com\\\/puebla\\\/?s={search_term_string}\"},\"query-input\":{\"@type\":\"PropertyValueSpecification\",\"valueRequired\":true,\"valueName\":\"search_term_string\"}}],\"inLanguage\":\"es\"},{\"@type\":\"Person\",\"@id\":\"https:\\\/\\\/grupohoymexico.com\\\/puebla\\\/#\\\/schema\\\/person\\\/e95b7b8df1e5c291ede743c160292779\",\"name\":\"eduardo\",\"image\":{\"@type\":\"ImageObject\",\"inLanguage\":\"es\",\"@id\":\"https:\\\/\\\/secure.gravatar.com\\\/avatar\\\/ecdd30dcf3feeb5f57f13840c3daeb08334d3b69de7bb9e067a540c4925a9788?s=96&d=mm&r=g\",\"url\":\"https:\\\/\\\/secure.gravatar.com\\\/avatar\\\/ecdd30dcf3feeb5f57f13840c3daeb08334d3b69de7bb9e067a540c4925a9788?s=96&d=mm&r=g\",\"contentUrl\":\"https:\\\/\\\/secure.gravatar.com\\\/avatar\\\/ecdd30dcf3feeb5f57f13840c3daeb08334d3b69de7bb9e067a540c4925a9788?s=96&d=mm&r=g\",\"caption\":\"eduardo\"},\"url\":\"https:\\\/\\\/grupohoymexico.com\\\/puebla\\\/author\\\/eduardo\\\/\"}]}<\/script>\n<!-- \/ Yoast SEO Premium plugin. -->","yoast_head_json":{"title":"Puebla anuncia sus primeras bajas rumbo al Clausura 2026","description":"Puebla anunci\u00f3 sus primeras bajas rumbo al Clausura 2026 tras un Apertura 2025 complicado. Conoce qu\u00e9 jugadores dejan el club","robots":{"index":"index","follow":"follow","max-snippet":"max-snippet:-1","max-image-preview":"max-image-preview:large","max-video-preview":"max-video-preview:-1"},"canonical":"https:\/\/grupohoymexico.com\/puebla\/2025\/12\/10\/puebla-bajas-confirmadas-clausura-2026-liga-mx\/","og_locale":"es_MX","og_type":"article","og_title":"Puebla anuncia sus primeras bajas rumbo al Clausura 2026","og_description":"Puebla anunci\u00f3 sus primeras bajas rumbo al Clausura 2026 tras un Apertura 2025 complicado. Conoce qu\u00e9 jugadores dejan el club","og_url":"https:\/\/grupohoymexico.com\/puebla\/2025\/12\/10\/puebla-bajas-confirmadas-clausura-2026-liga-mx\/","og_site_name":"Grupo Hoy Puebla","article_published_time":"2025-12-10T17:35:24+00:00","article_modified_time":"2025-12-10T17:35:25+00:00","og_image":[{"width":1201,"height":639,"url":"https:\/\/grupohoymexico.com\/puebla\/wp-content\/uploads\/sites\/3\/2025\/12\/Puebla-bajas-Clausura-2026.webp","type":"image\/webp"}],"author":"eduardo","twitter_card":"summary_large_image","twitter_misc":{"Escrito por":"eduardo","Tiempo de lectura":"2 minutos"},"schema":{"@context":"https:\/\/schema.org","@graph":[{"@type":"Article","@id":"https:\/\/grupohoymexico.com\/puebla\/2025\/12\/10\/puebla-bajas-confirmadas-clausura-2026-liga-mx\/#article","isPartOf":{"@id":"https:\/\/grupohoymexico.com\/puebla\/2025\/12\/10\/puebla-bajas-confirmadas-clausura-2026-liga-mx\/"},"author":{"name":"eduardo","@id":"https:\/\/grupohoymexico.com\/puebla\/#\/schema\/person\/e95b7b8df1e5c291ede743c160292779"},"headline":"Puebla anuncia sus primeras bajas rumbo al Clausura 2026","datePublished":"2025-12-10T17:35:24+00:00","dateModified":"2025-12-10T17:35:25+00:00","mainEntityOfPage":{"@id":"https:\/\/grupohoymexico.com\/puebla\/2025\/12\/10\/puebla-bajas-confirmadas-clausura-2026-liga-mx\/"},"wordCount":298,"commentCount":0,"image":{"@id":"https:\/\/grupohoymexico.com\/puebla\/2025\/12\/10\/puebla-bajas-confirmadas-clausura-2026-liga-mx\/#primaryimage"},"thumbnailUrl":"https:\/\/grupohoymexico.com\/puebla\/wp-content\/uploads\/sites\/3\/2025\/12\/Puebla-bajas-Clausura-2026.webp","keywords":["Alberto Espigares","Apertura 2025 Puebla","Bajas Puebla","Clausura 2026","Jugadores que salen de Puebla","liga mx","Puebla FC","Tabla de cocientes Liga MX"],"articleSection":["Estatal"],"inLanguage":"es","potentialAction":[{"@type":"CommentAction","name":"Comment","target":["https:\/\/grupohoymexico.com\/puebla\/2025\/12\/10\/puebla-bajas-confirmadas-clausura-2026-liga-mx\/#respond"]}]},{"@type":"WebPage","@id":"https:\/\/grupohoymexico.com\/puebla\/2025\/12\/10\/puebla-bajas-confirmadas-clausura-2026-liga-mx\/","url":"https:\/\/grupohoymexico.com\/puebla\/2025\/12\/10\/puebla-bajas-confirmadas-clausura-2026-liga-mx\/","name":"Puebla anuncia sus primeras bajas rumbo al Clausura 2026","isPartOf":{"@id":"https:\/\/grupohoymexico.com\/puebla\/#website"},"primaryImageOfPage":{"@id":"https:\/\/grupohoymexico.com\/puebla\/2025\/12\/10\/puebla-bajas-confirmadas-clausura-2026-liga-mx\/#primaryimage"},"image":{"@id":"https:\/\/grupohoymexico.com\/puebla\/2025\/12\/10\/puebla-bajas-confirmadas-clausura-2026-liga-mx\/#primaryimage"},"thumbnailUrl":"https:\/\/grupohoymexico.com\/puebla\/wp-content\/uploads\/sites\/3\/2025\/12\/Puebla-bajas-Clausura-2026.webp","datePublished":"2025-12-10T17:35:24+00:00","dateModified":"2025-12-10T17:35:25+00:00","author":{"@id":"https:\/\/grupohoymexico.com\/puebla\/#\/schema\/person\/e95b7b8df1e5c291ede743c160292779"},"description":"Puebla anunci\u00f3 sus primeras bajas rumbo al Clausura 2026 tras un Apertura 2025 complicado. Conoce qu\u00e9 jugadores dejan el club","breadcrumb":{"@id":"https:\/\/grupohoymexico.com\/puebla\/2025\/12\/10\/puebla-bajas-confirmadas-clausura-2026-liga-mx\/#breadcrumb"},"inLanguage":"es","potentialAction":[{"@type":"ReadAction","target":["https:\/\/grupohoymexico.com\/puebla\/2025\/12\/10\/puebla-bajas-confirmadas-clausura-2026-liga-mx\/"]}]},{"@type":"ImageObject","inLanguage":"es","@id":"https:\/\/grupohoymexico.com\/puebla\/2025\/12\/10\/puebla-bajas-confirmadas-clausura-2026-liga-mx\/#primaryimage","url":"https:\/\/grupohoymexico.com\/puebla\/wp-content\/uploads\/sites\/3\/2025\/12\/Puebla-bajas-Clausura-2026.webp","contentUrl":"https:\/\/grupohoymexico.com\/puebla\/wp-content\/uploads\/sites\/3\/2025\/12\/Puebla-bajas-Clausura-2026.webp","width":1201,"height":639,"caption":"Imagen: Facebook"},{"@type":"BreadcrumbList","@id":"https:\/\/grupohoymexico.com\/puebla\/2025\/12\/10\/puebla-bajas-confirmadas-clausura-2026-liga-mx\/#breadcrumb","itemListElement":[{"@type":"ListItem","position":1,"name":"Inicio","item":"https:\/\/grupohoymexico.com\/puebla\/"},{"@type":"ListItem","position":2,"name":"Puebla anuncia sus primeras bajas rumbo al Clausura 2026"}]},{"@type":"WebSite","@id":"https:\/\/grupohoymexico.com\/puebla\/#website","url":"https:\/\/grupohoymexico.com\/puebla\/","name":"Grupo Hoy Puebla","description":"","potentialAction":[{"@type":"SearchAction","target":{"@type":"EntryPoint","urlTemplate":"https:\/\/grupohoymexico.com\/puebla\/?s={search_term_string}"},"query-input":{"@type":"PropertyValueSpecification","valueRequired":true,"valueName":"search_term_string"}}],"inLanguage":"es"},{"@type":"Person","@id":"https:\/\/grupohoymexico.com\/puebla\/#\/schema\/person\/e95b7b8df1e5c291ede743c160292779","name":"eduardo","image":{"@type":"ImageObject","inLanguage":"es","@id":"https:\/\/secure.gravatar.com\/avatar\/ecdd30dcf3feeb5f57f13840c3daeb08334d3b69de7bb9e067a540c4925a9788?s=96&d=mm&r=g","url":"https:\/\/secure.gravatar.com\/avatar\/ecdd30dcf3feeb5f57f13840c3daeb08334d3b69de7bb9e067a540c4925a9788?s=96&d=mm&r=g","contentUrl":"https:\/\/secure.gravatar.com\/avatar\/ecdd30dcf3feeb5f57f13840c3daeb08334d3b69de7bb9e067a540c4925a9788?s=96&d=mm&r=g","caption":"eduardo"},"url":"https:\/\/grupohoymexico.com\/puebla\/author\/eduardo\/"}]}},"_links":{"self":[{"href":"https:\/\/grupohoymexico.com\/puebla\/wp-json\/wp\/v2\/posts\/79238","targetHints":{"allow":["GET"]}}],"collection":[{"href":"https:\/\/grupohoymexico.com\/puebla\/wp-json\/wp\/v2\/posts"}],"about":[{"href":"https:\/\/grupohoymexico.com\/puebla\/wp-json\/wp\/v2\/types\/post"}],"author":[{"embeddable":true,"href":"https:\/\/grupohoymexico.com\/puebla\/wp-json\/wp\/v2\/users\/30"}],"replies":[{"embeddable":true,"href":"https:\/\/grupohoymexico.com\/puebla\/wp-json\/wp\/v2\/comments?post=79238"}],"version-history":[{"count":1,"href":"https:\/\/grupohoymexico.com\/puebla\/wp-json\/wp\/v2\/posts\/79238\/revisions"}],"predecessor-version":[{"id":79240,"href":"https:\/\/grupohoymexico.com\/puebla\/wp-json\/wp\/v2\/posts\/79238\/revisions\/79240"}],"wp:featuredmedia":[{"embeddable":true,"href":"https:\/\/grupohoymexico.com\/puebla\/wp-json\/wp\/v2\/media\/79239"}],"wp:attachment":[{"href":"https:\/\/grupohoymexico.com\/puebla\/wp-json\/wp\/v2\/media?parent=79238"}],"wp:term":[{"taxonomy":"category","embeddable":true,"href":"https:\/\/grupohoymexico.com\/puebla\/wp-json\/wp\/v2\/categories?post=79238"},{"taxonomy":"post_tag","embeddable":true,"href":"https:\/\/grupohoymexico.com\/puebla\/wp-json\/wp\/v2\/tags?post=79238"}],"curies":[{"name":"wp","href":"https:\/\/api.w.org\/{rel}","templated":true}]}}