{"id":79235,"date":"2025-12-10T16:53:20","date_gmt":"2025-12-10T16:53:20","guid":{"rendered":"https:\/\/grupohoymexico.com\/puebla\/?p=79235"},"modified":"2025-12-10T16:53:21","modified_gmt":"2025-12-10T16:53:21","slug":"ibero-califica-como-inexistente-el-trabajo-de-la-cdh-en-puebla","status":"publish","type":"post","link":"https:\/\/grupohoymexico.com\/puebla\/2025\/12\/10\/ibero-califica-como-inexistente-el-trabajo-de-la-cdh-en-puebla\/","title":{"rendered":"Ibero califica como &#8216;inexistente&#8217; el trabajo de la CDH en Puebla"},"content":{"rendered":"\n<p><strong>Alejandro Guevara Sangin\u00e9s<\/strong>, rector de la <strong>Ibero Puebla<\/strong>, critic\u00f3 el desempe\u00f1o de la <strong>Comisi\u00f3n de Derechos Humanos del Estado de Puebla (CDH)<\/strong> en la entidad. Calific\u00f3 su trabajo como \u201cinexistente\u201d debido al m\u00ednimo n\u00famero de casos que logra resolver. <\/p>\n\n\n\n<p>Durante una conferencia de prensa, se\u00f1al\u00f3 que la gesti\u00f3n de la titular del organismo, <strong>Rosa Isela S\u00e1nchez Soya<\/strong>, fue deficiente en su primer a\u00f1o ante un contexto estatal marcado por el incremento de la violencia y la falta de resultados gubernamentales.<\/p>\n\n\n\n<p>Enfatiz\u00f3 que de las <strong>8 mil 563 quejas formales<\/strong> ingresadas a la Comisi\u00f3n en el \u00faltimo a\u00f1o, \u00fanicamente <strong>68 fueron resueltas<\/strong>, es decir el <strong>0.7 <\/strong>% del total. Con ello, asegur\u00f3, la CDH opera pr\u00e1cticamente como un organismo decorativo. <\/p>\n\n\n\n<blockquote class=\"wp-block-quote is-layout-flow wp-block-quote-is-layout-flow\">\n<p>\u201cS\u00f3lo se resuelve el 0.7 por ciento de los casos que entran (&#8230;) eso es pr\u00e1cticamente como decir, es inexistente la Comisi\u00f3n de Derechos Humanos\u201d, afirm\u00f3.<\/p>\n<\/blockquote>\n\n\n\n<h2 class=\"wp-block-heading\" id=\"h-el-rector-de-la-ibero-puebla-condena-resultados-de-la-cdh\">El rector de la Ibero Puebla condena resultados de la CDH<\/h2>\n\n\n\n<p>El rector atribuy\u00f3 este bajo desempe\u00f1o a dos factores centrales: la falta de capacidad t\u00e9cnica dentro del organismo y la escasa voluntad pol\u00edtica para actuar con independencia. <\/p>\n\n\n\n<p>Se\u00f1al\u00f3 que la CDH Puebla debe contar con personal m\u00e1s preparado y, sobre todo, con autonom\u00eda real frente a los poderes p\u00fablicos, ya que sin estas condiciones su funci\u00f3n de defensa de los derechos humanos se vuelve irrelevante. <\/p>\n\n\n\n<blockquote class=\"wp-block-quote is-layout-flow wp-block-quote-is-layout-flow\">\n<p>\u201cPara tener mejores resultados se necesita gente m\u00e1s capacitada y m\u00e1s autonom\u00eda de la CDH a los diferentes poderes\u201d, sostuvo, advirtiendo que esta reforma sigue siendo un pendiente urgente en Puebla.<\/p>\n<\/blockquote>\n\n\n\n<p>Respecto a la <strong>ola de violencia<\/strong> que golpea al estado, Guevara Sangin\u00e9s dijo que los resultados del gobierno estatal han sido, hasta ahora, insuficientes. Se\u00f1al\u00f3 que la ciudadan\u00eda sigue esperando una estrategia efectiva, mientras los hechos violentos se acumulan sin una respuesta contundente por parte de las autoridades. <\/p>\n","protected":false},"excerpt":{"rendered":"Alejandro Guevara Sangin\u00e9s, rector de la Ibero Puebla, critic\u00f3 el desempe\u00f1o de la Comisi\u00f3n de Derechos Humanos del&hellip;","protected":false},"author":15,"featured_media":79237,"comment_status":"open","ping_status":"open","sticky":false,"template":"","format":"standard","meta":{"csco_display_header_overlay":false,"csco_singular_sidebar":"","csco_page_header_type":"","csco_page_load_nextpost":"","csco_post_video_location":[],"csco_post_video_location_hash":"","csco_post_video_url":"","csco_post_video_bg_start_time":0,"csco_post_video_bg_end_time":0,"footnotes":""},"categories":[29],"tags":[3286,3287,1050],"class_list":{"0":"post-79235","1":"post","2":"type-post","3":"status-publish","4":"format-standard","5":"has-post-thumbnail","7":"category-estatal","8":"tag-cdh-puebla","9":"tag-derechos-humanos","10":"tag-ibero-puebla","11":"cs-entry","12":"cs-video-wrap"},"yoast_head":"<!-- This site is optimized with the Yoast SEO Premium plugin v24.7 (Yoast SEO v27.4) - https:\/\/yoast.com\/product\/yoast-seo-premium-wordpress\/ -->\n<title>Ibero califica como &#039;inexistente&#039; el trabajo de la CDH en Puebla - Grupo Hoy Puebla<\/title>\n<meta name=\"description\" content=\"Alejandro Guevara, rector de la Ibero Puebla, calific\u00f3 como &#039;inexistente&#039; el trabajo de la Comisi\u00f3n de Derechos Humanos (CDH) en la entidad.\" \/>\n<meta name=\"robots\" content=\"index, follow, max-snippet:-1, max-image-preview:large, max-video-preview:-1\" \/>\n<link rel=\"canonical\" href=\"https:\/\/grupohoymexico.com\/puebla\/2025\/12\/10\/ibero-califica-como-inexistente-el-trabajo-de-la-cdh-en-puebla\/\" \/>\n<meta property=\"og:locale\" content=\"es_MX\" \/>\n<meta property=\"og:type\" content=\"article\" \/>\n<meta property=\"og:title\" content=\"Ibero califica como &#039;inexistente&#039; el trabajo de la CDH en Puebla\" \/>\n<meta property=\"og:description\" content=\"Alejandro Guevara, rector de la Ibero Puebla, calific\u00f3 como &#039;inexistente&#039; el trabajo de la Comisi\u00f3n de Derechos Humanos (CDH) en la entidad.\" \/>\n<meta property=\"og:url\" content=\"https:\/\/grupohoymexico.com\/puebla\/2025\/12\/10\/ibero-califica-como-inexistente-el-trabajo-de-la-cdh-en-puebla\/\" \/>\n<meta property=\"og:site_name\" content=\"Grupo Hoy Puebla\" \/>\n<meta property=\"article:published_time\" content=\"2025-12-10T16:53:20+00:00\" \/>\n<meta property=\"article:modified_time\" content=\"2025-12-10T16:53:21+00:00\" \/>\n<meta name=\"author\" content=\"nestor\" \/>\n<meta name=\"twitter:card\" content=\"summary_large_image\" \/>\n<meta name=\"twitter:label1\" content=\"Escrito por\" \/>\n\t<meta name=\"twitter:data1\" content=\"nestor\" \/>\n\t<meta name=\"twitter:label2\" content=\"Tiempo de lectura\" \/>\n\t<meta name=\"twitter:data2\" content=\"2 minutos\" \/>\n<script type=\"application\/ld+json\" class=\"yoast-schema-graph\">{\"@context\":\"https:\\\/\\\/schema.org\",\"@graph\":[{\"@type\":\"Article\",\"@id\":\"https:\\\/\\\/grupohoymexico.com\\\/puebla\\\/2025\\\/12\\\/10\\\/ibero-califica-como-inexistente-el-trabajo-de-la-cdh-en-puebla\\\/#article\",\"isPartOf\":{\"@id\":\"https:\\\/\\\/grupohoymexico.com\\\/puebla\\\/2025\\\/12\\\/10\\\/ibero-califica-como-inexistente-el-trabajo-de-la-cdh-en-puebla\\\/\"},\"author\":{\"name\":\"nestor\",\"@id\":\"https:\\\/\\\/grupohoymexico.com\\\/puebla\\\/#\\\/schema\\\/person\\\/8201f3fa49669f346d08e15801e0ebc2\"},\"headline\":\"Ibero califica como &#8216;inexistente&#8217; el trabajo de la CDH en Puebla\",\"datePublished\":\"2025-12-10T16:53:20+00:00\",\"dateModified\":\"2025-12-10T16:53:21+00:00\",\"mainEntityOfPage\":{\"@id\":\"https:\\\/\\\/grupohoymexico.com\\\/puebla\\\/2025\\\/12\\\/10\\\/ibero-califica-como-inexistente-el-trabajo-de-la-cdh-en-puebla\\\/\"},\"wordCount\":333,\"commentCount\":0,\"image\":{\"@id\":\"https:\\\/\\\/grupohoymexico.com\\\/puebla\\\/2025\\\/12\\\/10\\\/ibero-califica-como-inexistente-el-trabajo-de-la-cdh-en-puebla\\\/#primaryimage\"},\"thumbnailUrl\":\"https:\\\/\\\/grupohoymexico.com\\\/puebla\\\/wp-content\\\/uploads\\\/sites\\\/3\\\/2025\\\/12\\\/ibero_critica_el_trabajo_de_la_cdh_puebla_lo_califica_como_inexistente_.webp\",\"keywords\":[\"CDH Puebla\",\"Derechos Humanos\",\"IBERO Puebla\"],\"articleSection\":[\"Estatal\"],\"inLanguage\":\"es\",\"potentialAction\":[{\"@type\":\"CommentAction\",\"name\":\"Comment\",\"target\":[\"https:\\\/\\\/grupohoymexico.com\\\/puebla\\\/2025\\\/12\\\/10\\\/ibero-califica-como-inexistente-el-trabajo-de-la-cdh-en-puebla\\\/#respond\"]}]},{\"@type\":\"WebPage\",\"@id\":\"https:\\\/\\\/grupohoymexico.com\\\/puebla\\\/2025\\\/12\\\/10\\\/ibero-califica-como-inexistente-el-trabajo-de-la-cdh-en-puebla\\\/\",\"url\":\"https:\\\/\\\/grupohoymexico.com\\\/puebla\\\/2025\\\/12\\\/10\\\/ibero-califica-como-inexistente-el-trabajo-de-la-cdh-en-puebla\\\/\",\"name\":\"Ibero califica como 'inexistente' el trabajo de la CDH en Puebla - Grupo Hoy Puebla\",\"isPartOf\":{\"@id\":\"https:\\\/\\\/grupohoymexico.com\\\/puebla\\\/#website\"},\"primaryImageOfPage\":{\"@id\":\"https:\\\/\\\/grupohoymexico.com\\\/puebla\\\/2025\\\/12\\\/10\\\/ibero-califica-como-inexistente-el-trabajo-de-la-cdh-en-puebla\\\/#primaryimage\"},\"image\":{\"@id\":\"https:\\\/\\\/grupohoymexico.com\\\/puebla\\\/2025\\\/12\\\/10\\\/ibero-califica-como-inexistente-el-trabajo-de-la-cdh-en-puebla\\\/#primaryimage\"},\"thumbnailUrl\":\"https:\\\/\\\/grupohoymexico.com\\\/puebla\\\/wp-content\\\/uploads\\\/sites\\\/3\\\/2025\\\/12\\\/ibero_critica_el_trabajo_de_la_cdh_puebla_lo_califica_como_inexistente_.webp\",\"datePublished\":\"2025-12-10T16:53:20+00:00\",\"dateModified\":\"2025-12-10T16:53:21+00:00\",\"author\":{\"@id\":\"https:\\\/\\\/grupohoymexico.com\\\/puebla\\\/#\\\/schema\\\/person\\\/8201f3fa49669f346d08e15801e0ebc2\"},\"description\":\"Alejandro Guevara, rector de la Ibero Puebla, calific\u00f3 como 'inexistente' el trabajo de la Comisi\u00f3n de Derechos Humanos (CDH) en la entidad.\",\"breadcrumb\":{\"@id\":\"https:\\\/\\\/grupohoymexico.com\\\/puebla\\\/2025\\\/12\\\/10\\\/ibero-califica-como-inexistente-el-trabajo-de-la-cdh-en-puebla\\\/#breadcrumb\"},\"inLanguage\":\"es\",\"potentialAction\":[{\"@type\":\"ReadAction\",\"target\":[\"https:\\\/\\\/grupohoymexico.com\\\/puebla\\\/2025\\\/12\\\/10\\\/ibero-califica-como-inexistente-el-trabajo-de-la-cdh-en-puebla\\\/\"]}]},{\"@type\":\"ImageObject\",\"inLanguage\":\"es\",\"@id\":\"https:\\\/\\\/grupohoymexico.com\\\/puebla\\\/2025\\\/12\\\/10\\\/ibero-califica-como-inexistente-el-trabajo-de-la-cdh-en-puebla\\\/#primaryimage\",\"url\":\"https:\\\/\\\/grupohoymexico.com\\\/puebla\\\/wp-content\\\/uploads\\\/sites\\\/3\\\/2025\\\/12\\\/ibero_critica_el_trabajo_de_la_cdh_puebla_lo_califica_como_inexistente_.webp\",\"contentUrl\":\"https:\\\/\\\/grupohoymexico.com\\\/puebla\\\/wp-content\\\/uploads\\\/sites\\\/3\\\/2025\\\/12\\\/ibero_critica_el_trabajo_de_la_cdh_puebla_lo_califica_como_inexistente_.webp\",\"width\":1201,\"height\":639,\"caption\":\"Foto: Freepik\"},{\"@type\":\"BreadcrumbList\",\"@id\":\"https:\\\/\\\/grupohoymexico.com\\\/puebla\\\/2025\\\/12\\\/10\\\/ibero-califica-como-inexistente-el-trabajo-de-la-cdh-en-puebla\\\/#breadcrumb\",\"itemListElement\":[{\"@type\":\"ListItem\",\"position\":1,\"name\":\"Inicio\",\"item\":\"https:\\\/\\\/grupohoymexico.com\\\/puebla\\\/\"},{\"@type\":\"ListItem\",\"position\":2,\"name\":\"Ibero califica como &#8216;inexistente&#8217; el trabajo de la CDH en Puebla\"}]},{\"@type\":\"WebSite\",\"@id\":\"https:\\\/\\\/grupohoymexico.com\\\/puebla\\\/#website\",\"url\":\"https:\\\/\\\/grupohoymexico.com\\\/puebla\\\/\",\"name\":\"Grupo Hoy Puebla\",\"description\":\"\",\"potentialAction\":[{\"@type\":\"SearchAction\",\"target\":{\"@type\":\"EntryPoint\",\"urlTemplate\":\"https:\\\/\\\/grupohoymexico.com\\\/puebla\\\/?s={search_term_string}\"},\"query-input\":{\"@type\":\"PropertyValueSpecification\",\"valueRequired\":true,\"valueName\":\"search_term_string\"}}],\"inLanguage\":\"es\"},{\"@type\":\"Person\",\"@id\":\"https:\\\/\\\/grupohoymexico.com\\\/puebla\\\/#\\\/schema\\\/person\\\/8201f3fa49669f346d08e15801e0ebc2\",\"name\":\"nestor\",\"image\":{\"@type\":\"ImageObject\",\"inLanguage\":\"es\",\"@id\":\"https:\\\/\\\/secure.gravatar.com\\\/avatar\\\/6675a6d9279ab1d8e7b7c55956d0013492fdc51e007e555bc58e5e0eac33d094?s=96&d=mm&r=g\",\"url\":\"https:\\\/\\\/secure.gravatar.com\\\/avatar\\\/6675a6d9279ab1d8e7b7c55956d0013492fdc51e007e555bc58e5e0eac33d094?s=96&d=mm&r=g\",\"contentUrl\":\"https:\\\/\\\/secure.gravatar.com\\\/avatar\\\/6675a6d9279ab1d8e7b7c55956d0013492fdc51e007e555bc58e5e0eac33d094?s=96&d=mm&r=g\",\"caption\":\"nestor\"},\"url\":\"https:\\\/\\\/grupohoymexico.com\\\/puebla\\\/author\\\/nestor\\\/\"}]}<\/script>\n<!-- \/ Yoast SEO Premium plugin. -->","yoast_head_json":{"title":"Ibero califica como 'inexistente' el trabajo de la CDH en Puebla - Grupo Hoy Puebla","description":"Alejandro Guevara, rector de la Ibero Puebla, calific\u00f3 como 'inexistente' el trabajo de la Comisi\u00f3n de Derechos Humanos (CDH) en la entidad.","robots":{"index":"index","follow":"follow","max-snippet":"max-snippet:-1","max-image-preview":"max-image-preview:large","max-video-preview":"max-video-preview:-1"},"canonical":"https:\/\/grupohoymexico.com\/puebla\/2025\/12\/10\/ibero-califica-como-inexistente-el-trabajo-de-la-cdh-en-puebla\/","og_locale":"es_MX","og_type":"article","og_title":"Ibero califica como 'inexistente' el trabajo de la CDH en Puebla","og_description":"Alejandro Guevara, rector de la Ibero Puebla, calific\u00f3 como 'inexistente' el trabajo de la Comisi\u00f3n de Derechos Humanos (CDH) en la entidad.","og_url":"https:\/\/grupohoymexico.com\/puebla\/2025\/12\/10\/ibero-califica-como-inexistente-el-trabajo-de-la-cdh-en-puebla\/","og_site_name":"Grupo Hoy Puebla","article_published_time":"2025-12-10T16:53:20+00:00","article_modified_time":"2025-12-10T16:53:21+00:00","author":"nestor","twitter_card":"summary_large_image","twitter_misc":{"Escrito por":"nestor","Tiempo de lectura":"2 minutos"},"schema":{"@context":"https:\/\/schema.org","@graph":[{"@type":"Article","@id":"https:\/\/grupohoymexico.com\/puebla\/2025\/12\/10\/ibero-califica-como-inexistente-el-trabajo-de-la-cdh-en-puebla\/#article","isPartOf":{"@id":"https:\/\/grupohoymexico.com\/puebla\/2025\/12\/10\/ibero-califica-como-inexistente-el-trabajo-de-la-cdh-en-puebla\/"},"author":{"name":"nestor","@id":"https:\/\/grupohoymexico.com\/puebla\/#\/schema\/person\/8201f3fa49669f346d08e15801e0ebc2"},"headline":"Ibero califica como &#8216;inexistente&#8217; el trabajo de la CDH en Puebla","datePublished":"2025-12-10T16:53:20+00:00","dateModified":"2025-12-10T16:53:21+00:00","mainEntityOfPage":{"@id":"https:\/\/grupohoymexico.com\/puebla\/2025\/12\/10\/ibero-califica-como-inexistente-el-trabajo-de-la-cdh-en-puebla\/"},"wordCount":333,"commentCount":0,"image":{"@id":"https:\/\/grupohoymexico.com\/puebla\/2025\/12\/10\/ibero-califica-como-inexistente-el-trabajo-de-la-cdh-en-puebla\/#primaryimage"},"thumbnailUrl":"https:\/\/grupohoymexico.com\/puebla\/wp-content\/uploads\/sites\/3\/2025\/12\/ibero_critica_el_trabajo_de_la_cdh_puebla_lo_califica_como_inexistente_.webp","keywords":["CDH Puebla","Derechos Humanos","IBERO Puebla"],"articleSection":["Estatal"],"inLanguage":"es","potentialAction":[{"@type":"CommentAction","name":"Comment","target":["https:\/\/grupohoymexico.com\/puebla\/2025\/12\/10\/ibero-califica-como-inexistente-el-trabajo-de-la-cdh-en-puebla\/#respond"]}]},{"@type":"WebPage","@id":"https:\/\/grupohoymexico.com\/puebla\/2025\/12\/10\/ibero-califica-como-inexistente-el-trabajo-de-la-cdh-en-puebla\/","url":"https:\/\/grupohoymexico.com\/puebla\/2025\/12\/10\/ibero-califica-como-inexistente-el-trabajo-de-la-cdh-en-puebla\/","name":"Ibero califica como 'inexistente' el trabajo de la CDH en Puebla - Grupo Hoy Puebla","isPartOf":{"@id":"https:\/\/grupohoymexico.com\/puebla\/#website"},"primaryImageOfPage":{"@id":"https:\/\/grupohoymexico.com\/puebla\/2025\/12\/10\/ibero-califica-como-inexistente-el-trabajo-de-la-cdh-en-puebla\/#primaryimage"},"image":{"@id":"https:\/\/grupohoymexico.com\/puebla\/2025\/12\/10\/ibero-califica-como-inexistente-el-trabajo-de-la-cdh-en-puebla\/#primaryimage"},"thumbnailUrl":"https:\/\/grupohoymexico.com\/puebla\/wp-content\/uploads\/sites\/3\/2025\/12\/ibero_critica_el_trabajo_de_la_cdh_puebla_lo_califica_como_inexistente_.webp","datePublished":"2025-12-10T16:53:20+00:00","dateModified":"2025-12-10T16:53:21+00:00","author":{"@id":"https:\/\/grupohoymexico.com\/puebla\/#\/schema\/person\/8201f3fa49669f346d08e15801e0ebc2"},"description":"Alejandro Guevara, rector de la Ibero Puebla, calific\u00f3 como 'inexistente' el trabajo de la Comisi\u00f3n de Derechos Humanos (CDH) en la entidad.","breadcrumb":{"@id":"https:\/\/grupohoymexico.com\/puebla\/2025\/12\/10\/ibero-califica-como-inexistente-el-trabajo-de-la-cdh-en-puebla\/#breadcrumb"},"inLanguage":"es","potentialAction":[{"@type":"ReadAction","target":["https:\/\/grupohoymexico.com\/puebla\/2025\/12\/10\/ibero-califica-como-inexistente-el-trabajo-de-la-cdh-en-puebla\/"]}]},{"@type":"ImageObject","inLanguage":"es","@id":"https:\/\/grupohoymexico.com\/puebla\/2025\/12\/10\/ibero-califica-como-inexistente-el-trabajo-de-la-cdh-en-puebla\/#primaryimage","url":"https:\/\/grupohoymexico.com\/puebla\/wp-content\/uploads\/sites\/3\/2025\/12\/ibero_critica_el_trabajo_de_la_cdh_puebla_lo_califica_como_inexistente_.webp","contentUrl":"https:\/\/grupohoymexico.com\/puebla\/wp-content\/uploads\/sites\/3\/2025\/12\/ibero_critica_el_trabajo_de_la_cdh_puebla_lo_califica_como_inexistente_.webp","width":1201,"height":639,"caption":"Foto: Freepik"},{"@type":"BreadcrumbList","@id":"https:\/\/grupohoymexico.com\/puebla\/2025\/12\/10\/ibero-califica-como-inexistente-el-trabajo-de-la-cdh-en-puebla\/#breadcrumb","itemListElement":[{"@type":"ListItem","position":1,"name":"Inicio","item":"https:\/\/grupohoymexico.com\/puebla\/"},{"@type":"ListItem","position":2,"name":"Ibero califica como &#8216;inexistente&#8217; el trabajo de la CDH en Puebla"}]},{"@type":"WebSite","@id":"https:\/\/grupohoymexico.com\/puebla\/#website","url":"https:\/\/grupohoymexico.com\/puebla\/","name":"Grupo Hoy Puebla","description":"","potentialAction":[{"@type":"SearchAction","target":{"@type":"EntryPoint","urlTemplate":"https:\/\/grupohoymexico.com\/puebla\/?s={search_term_string}"},"query-input":{"@type":"PropertyValueSpecification","valueRequired":true,"valueName":"search_term_string"}}],"inLanguage":"es"},{"@type":"Person","@id":"https:\/\/grupohoymexico.com\/puebla\/#\/schema\/person\/8201f3fa49669f346d08e15801e0ebc2","name":"nestor","image":{"@type":"ImageObject","inLanguage":"es","@id":"https:\/\/secure.gravatar.com\/avatar\/6675a6d9279ab1d8e7b7c55956d0013492fdc51e007e555bc58e5e0eac33d094?s=96&d=mm&r=g","url":"https:\/\/secure.gravatar.com\/avatar\/6675a6d9279ab1d8e7b7c55956d0013492fdc51e007e555bc58e5e0eac33d094?s=96&d=mm&r=g","contentUrl":"https:\/\/secure.gravatar.com\/avatar\/6675a6d9279ab1d8e7b7c55956d0013492fdc51e007e555bc58e5e0eac33d094?s=96&d=mm&r=g","caption":"nestor"},"url":"https:\/\/grupohoymexico.com\/puebla\/author\/nestor\/"}]}},"_links":{"self":[{"href":"https:\/\/grupohoymexico.com\/puebla\/wp-json\/wp\/v2\/posts\/79235","targetHints":{"allow":["GET"]}}],"collection":[{"href":"https:\/\/grupohoymexico.com\/puebla\/wp-json\/wp\/v2\/posts"}],"about":[{"href":"https:\/\/grupohoymexico.com\/puebla\/wp-json\/wp\/v2\/types\/post"}],"author":[{"embeddable":true,"href":"https:\/\/grupohoymexico.com\/puebla\/wp-json\/wp\/v2\/users\/15"}],"replies":[{"embeddable":true,"href":"https:\/\/grupohoymexico.com\/puebla\/wp-json\/wp\/v2\/comments?post=79235"}],"version-history":[{"count":1,"href":"https:\/\/grupohoymexico.com\/puebla\/wp-json\/wp\/v2\/posts\/79235\/revisions"}],"predecessor-version":[{"id":79236,"href":"https:\/\/grupohoymexico.com\/puebla\/wp-json\/wp\/v2\/posts\/79235\/revisions\/79236"}],"wp:featuredmedia":[{"embeddable":true,"href":"https:\/\/grupohoymexico.com\/puebla\/wp-json\/wp\/v2\/media\/79237"}],"wp:attachment":[{"href":"https:\/\/grupohoymexico.com\/puebla\/wp-json\/wp\/v2\/media?parent=79235"}],"wp:term":[{"taxonomy":"category","embeddable":true,"href":"https:\/\/grupohoymexico.com\/puebla\/wp-json\/wp\/v2\/categories?post=79235"},{"taxonomy":"post_tag","embeddable":true,"href":"https:\/\/grupohoymexico.com\/puebla\/wp-json\/wp\/v2\/tags?post=79235"}],"curies":[{"name":"wp","href":"https:\/\/api.w.org\/{rel}","templated":true}]}}