{"id":79231,"date":"2025-12-09T22:56:10","date_gmt":"2025-12-09T22:56:10","guid":{"rendered":"https:\/\/grupohoymexico.com\/puebla\/?p=79231"},"modified":"2025-12-09T22:56:11","modified_gmt":"2025-12-09T22:56:11","slug":"inicia-operativo-guadalupe-reyes-en-puebla-capital","status":"publish","type":"post","link":"https:\/\/grupohoymexico.com\/puebla\/2025\/12\/09\/inicia-operativo-guadalupe-reyes-en-puebla-capital\/","title":{"rendered":"Inicia Operativo Guadalupe-Reyes en Puebla capital"},"content":{"rendered":"\n<p>La capital poblana se prepara para recibir miles de turistas con el <strong>Operativo Guadalupe-Reyes<\/strong>. Autoridades municipales estiman que <strong>Puebla <\/strong>superar\u00e1 los 3.2 millones de visitantes al cierre de 2025, una cifra hist\u00f3rica en materia tur\u00edstica.<\/p>\n\n\n\n<p>Para garantizar un ambiente seguro durante las celebraciones, el Ayuntamiento puso en marcha el <strong>operativo<\/strong>, que se realizar\u00e1 del 11 de diciembre al 6 de enero de 2026.<\/p>\n\n\n\n<p><strong>TAMBI\u00c9N LEE:<\/strong> <a href=\"https:\/\/grupohoymexico.com\/puebla\/2025\/12\/08\/puebla-celebra-el-dia-de-la-nochebuena-con-record-de-produccion\/\">Puebla celebra el D\u00eda de la Nochebuena con r\u00e9cord de producci\u00f3n<\/a><\/p>\n\n\n\n<h2 class=\"wp-block-heading\" id=\"h-despliegue-de-elementos\"><strong>Despliegue de elementos<\/strong><\/h2>\n\n\n\n<p>La Secretar\u00eda de Seguridad Ciudadana (SSC) anunci\u00f3 que el <strong>operativo <\/strong>incluye el despliegue de 600 elementos. Estar\u00e1n integrados por V\u00eda P\u00fablica, Seguridad P\u00fablica estatal, Sedena y Guardia Nacional. <\/p>\n\n\n\n<p>Estas fuerzas cubrir\u00e1n 15 eventos oficiales, entre ellos celebraciones guadalupanas, actividades culturales, festivales navide\u00f1os, el Desfile de Reyes y la tradicional partida de Rosca.<\/p>\n\n\n\n<h2 class=\"wp-block-heading\" id=\"h-patrullajes-drones-y-modulos-de-auxilio-durante-el-operativo-guadalupe-reyes\"><strong>Patrullajes, drones y m\u00f3dulos de auxilio durante el Operativo Guadalupe-Reyes<\/strong><\/h2>\n\n\n\n<p>El dispositivo de seguridad contempla patrullajes, proximidad policial, monitoreo con drones, m\u00f3dulos de asistencia y puntos de informaci\u00f3n tur\u00edstica. <\/p>\n\n\n\n<p>Se dar\u00e1 prioridad a zonas de alta concentraci\u00f3n como el Centro Hist\u00f3rico, la Feria Guadalupana de Analco, espacios comerciales, corredores gastron\u00f3micos y la vendimia del D\u00eda de Reyes. <\/p>\n\n\n\n<p>El objetivo principal del <strong>Operativo Guadalupe-Reyes<\/strong> es inhibir delitos, agilizar la atenci\u00f3n a emergencias y ofrecer condiciones de tranquilidad para compras, actividades religiosas y reuniones familiares.<\/p>\n\n\n\n<p><strong>TAMBI\u00c9N LEE:<\/strong> <a href=\"https:\/\/grupohoymexico.com\/puebla\/2025\/12\/04\/tetela-de-ocampo-esta-en-riesgo-de-perder-su-nombramiento-de-pueblo-magico\/\">Tetela de Ocampo est\u00e1 en riesgo de perder su nombramiento de Pueblo M\u00e1gico<\/a><\/p>\n\n\n\n<h2 class=\"wp-block-heading\" id=\"h-cifra-record-de-visitantes-en-temporada-decembrina\"><strong>Cifra r\u00e9cord de visitantes en temporada decembrina<\/strong><\/h2>\n\n\n\n<p>En materia tur\u00edstica, la afluencia prevista para diciembre y principios de enero estar\u00e1 compuesta en un 85 % por visitantes nacionales, mientras que el 15 % ser\u00e1 turismo internacional. <\/p>\n\n\n\n<p>La temporada decembrina generar\u00e1 una derrama econ\u00f3mica estimada en 6 mil millones de pesos. Estar\u00e1 impulsada por el sector hotelero, restaurantero y de servicios, adem\u00e1s de la creaci\u00f3n de m\u00e1s de 5 mil 400 empleos temporales. <\/p>\n\n\n\n<p>Con estas cifras, <strong>Puebla <\/strong>se posiciona como uno de los destinos urbanos m\u00e1s visitados del pa\u00eds durante el fin de a\u00f1o.<\/p>\n","protected":false},"excerpt":{"rendered":"La capital poblana se prepara para recibir miles de turistas con el Operativo Guadalupe-Reyes. Autoridades municipales estiman que&hellip;","protected":false},"author":1,"featured_media":79232,"comment_status":"open","ping_status":"open","sticky":false,"template":"","format":"standard","meta":{"csco_display_header_overlay":false,"csco_singular_sidebar":"","csco_page_header_type":"","csco_page_load_nextpost":"","csco_post_video_location":[],"csco_post_video_location_hash":"","csco_post_video_url":"","csco_post_video_bg_start_time":0,"csco_post_video_bg_end_time":0,"footnotes":""},"categories":[29],"tags":[3283,3284,1746,3285,569,40,176],"class_list":{"0":"post-79231","1":"post","2":"type-post","3":"status-publish","4":"format-standard","5":"has-post-thumbnail","7":"category-estatal","8":"tag-fiestas-decembrinas","9":"tag-guadalupe-reyes","10":"tag-operativo","11":"tag-operativo-de-seguridad","12":"tag-policia","13":"tag-puebla","14":"tag-turismo","15":"cs-entry","16":"cs-video-wrap"},"yoast_head":"<!-- This site is optimized with the Yoast SEO Premium plugin v24.7 (Yoast SEO v27.4) - https:\/\/yoast.com\/product\/yoast-seo-premium-wordpress\/ -->\n<title>Inicia Operativo Guadalupe-Reyes en Puebla capital - Grupo Hoy Puebla<\/title>\n<meta name=\"description\" content=\"Puebla activa el Operativo Guadalupe-Reyes con 600 elementos de seguridad para resguardar zonas clave y 15 eventos decembrinos.\" \/>\n<meta name=\"robots\" content=\"index, follow, max-snippet:-1, max-image-preview:large, max-video-preview:-1\" \/>\n<link rel=\"canonical\" href=\"https:\/\/grupohoymexico.com\/puebla\/2025\/12\/09\/inicia-operativo-guadalupe-reyes-en-puebla-capital\/\" \/>\n<meta property=\"og:locale\" content=\"es_MX\" \/>\n<meta property=\"og:type\" content=\"article\" \/>\n<meta property=\"og:title\" content=\"Inicia Operativo Guadalupe-Reyes en Puebla capital\" \/>\n<meta property=\"og:description\" content=\"Puebla activa el Operativo Guadalupe-Reyes con 600 elementos de seguridad para resguardar zonas clave y 15 eventos decembrinos.\" \/>\n<meta property=\"og:url\" content=\"https:\/\/grupohoymexico.com\/puebla\/2025\/12\/09\/inicia-operativo-guadalupe-reyes-en-puebla-capital\/\" \/>\n<meta property=\"og:site_name\" content=\"Grupo Hoy Puebla\" \/>\n<meta property=\"article:published_time\" content=\"2025-12-09T22:56:10+00:00\" \/>\n<meta property=\"article:modified_time\" content=\"2025-12-09T22:56:11+00:00\" \/>\n<meta property=\"og:image\" content=\"https:\/\/grupohoymexico.com\/puebla\/wp-content\/uploads\/sites\/3\/2025\/12\/1_GH_nicia-Operativo-Guadalupe_11zon.webp\" \/>\n\t<meta property=\"og:image:width\" content=\"1201\" \/>\n\t<meta property=\"og:image:height\" content=\"639\" \/>\n\t<meta property=\"og:image:type\" content=\"image\/webp\" \/>\n<meta name=\"author\" content=\"user\" \/>\n<meta name=\"twitter:card\" content=\"summary_large_image\" \/>\n<meta name=\"twitter:label1\" content=\"Escrito por\" \/>\n\t<meta name=\"twitter:data1\" content=\"user\" \/>\n\t<meta name=\"twitter:label2\" content=\"Tiempo de lectura\" \/>\n\t<meta name=\"twitter:data2\" content=\"2 minutos\" \/>\n<script type=\"application\/ld+json\" class=\"yoast-schema-graph\">{\"@context\":\"https:\\\/\\\/schema.org\",\"@graph\":[{\"@type\":\"Article\",\"@id\":\"https:\\\/\\\/grupohoymexico.com\\\/puebla\\\/2025\\\/12\\\/09\\\/inicia-operativo-guadalupe-reyes-en-puebla-capital\\\/#article\",\"isPartOf\":{\"@id\":\"https:\\\/\\\/grupohoymexico.com\\\/puebla\\\/2025\\\/12\\\/09\\\/inicia-operativo-guadalupe-reyes-en-puebla-capital\\\/\"},\"author\":{\"name\":\"user\",\"@id\":\"https:\\\/\\\/grupohoymexico.com\\\/puebla\\\/#\\\/schema\\\/person\\\/ce6086ac837852775a3a4f539356c297\"},\"headline\":\"Inicia Operativo Guadalupe-Reyes en Puebla capital\",\"datePublished\":\"2025-12-09T22:56:10+00:00\",\"dateModified\":\"2025-12-09T22:56:11+00:00\",\"mainEntityOfPage\":{\"@id\":\"https:\\\/\\\/grupohoymexico.com\\\/puebla\\\/2025\\\/12\\\/09\\\/inicia-operativo-guadalupe-reyes-en-puebla-capital\\\/\"},\"wordCount\":347,\"commentCount\":0,\"image\":{\"@id\":\"https:\\\/\\\/grupohoymexico.com\\\/puebla\\\/2025\\\/12\\\/09\\\/inicia-operativo-guadalupe-reyes-en-puebla-capital\\\/#primaryimage\"},\"thumbnailUrl\":\"https:\\\/\\\/grupohoymexico.com\\\/puebla\\\/wp-content\\\/uploads\\\/sites\\\/3\\\/2025\\\/12\\\/1_GH_nicia-Operativo-Guadalupe_11zon.webp\",\"keywords\":[\"Fiestas decembrinas\",\"Guadalupe-Reyes\",\"operativo\",\"Operativo de seguridad\",\"Polic\u00eda\",\"puebla\",\"Turismo\"],\"articleSection\":[\"Estatal\"],\"inLanguage\":\"es\",\"potentialAction\":[{\"@type\":\"CommentAction\",\"name\":\"Comment\",\"target\":[\"https:\\\/\\\/grupohoymexico.com\\\/puebla\\\/2025\\\/12\\\/09\\\/inicia-operativo-guadalupe-reyes-en-puebla-capital\\\/#respond\"]}]},{\"@type\":\"WebPage\",\"@id\":\"https:\\\/\\\/grupohoymexico.com\\\/puebla\\\/2025\\\/12\\\/09\\\/inicia-operativo-guadalupe-reyes-en-puebla-capital\\\/\",\"url\":\"https:\\\/\\\/grupohoymexico.com\\\/puebla\\\/2025\\\/12\\\/09\\\/inicia-operativo-guadalupe-reyes-en-puebla-capital\\\/\",\"name\":\"Inicia Operativo Guadalupe-Reyes en Puebla capital - Grupo Hoy Puebla\",\"isPartOf\":{\"@id\":\"https:\\\/\\\/grupohoymexico.com\\\/puebla\\\/#website\"},\"primaryImageOfPage\":{\"@id\":\"https:\\\/\\\/grupohoymexico.com\\\/puebla\\\/2025\\\/12\\\/09\\\/inicia-operativo-guadalupe-reyes-en-puebla-capital\\\/#primaryimage\"},\"image\":{\"@id\":\"https:\\\/\\\/grupohoymexico.com\\\/puebla\\\/2025\\\/12\\\/09\\\/inicia-operativo-guadalupe-reyes-en-puebla-capital\\\/#primaryimage\"},\"thumbnailUrl\":\"https:\\\/\\\/grupohoymexico.com\\\/puebla\\\/wp-content\\\/uploads\\\/sites\\\/3\\\/2025\\\/12\\\/1_GH_nicia-Operativo-Guadalupe_11zon.webp\",\"datePublished\":\"2025-12-09T22:56:10+00:00\",\"dateModified\":\"2025-12-09T22:56:11+00:00\",\"author\":{\"@id\":\"https:\\\/\\\/grupohoymexico.com\\\/puebla\\\/#\\\/schema\\\/person\\\/ce6086ac837852775a3a4f539356c297\"},\"description\":\"Puebla activa el Operativo Guadalupe-Reyes con 600 elementos de seguridad para resguardar zonas clave y 15 eventos decembrinos.\",\"breadcrumb\":{\"@id\":\"https:\\\/\\\/grupohoymexico.com\\\/puebla\\\/2025\\\/12\\\/09\\\/inicia-operativo-guadalupe-reyes-en-puebla-capital\\\/#breadcrumb\"},\"inLanguage\":\"es\",\"potentialAction\":[{\"@type\":\"ReadAction\",\"target\":[\"https:\\\/\\\/grupohoymexico.com\\\/puebla\\\/2025\\\/12\\\/09\\\/inicia-operativo-guadalupe-reyes-en-puebla-capital\\\/\"]}]},{\"@type\":\"ImageObject\",\"inLanguage\":\"es\",\"@id\":\"https:\\\/\\\/grupohoymexico.com\\\/puebla\\\/2025\\\/12\\\/09\\\/inicia-operativo-guadalupe-reyes-en-puebla-capital\\\/#primaryimage\",\"url\":\"https:\\\/\\\/grupohoymexico.com\\\/puebla\\\/wp-content\\\/uploads\\\/sites\\\/3\\\/2025\\\/12\\\/1_GH_nicia-Operativo-Guadalupe_11zon.webp\",\"contentUrl\":\"https:\\\/\\\/grupohoymexico.com\\\/puebla\\\/wp-content\\\/uploads\\\/sites\\\/3\\\/2025\\\/12\\\/1_GH_nicia-Operativo-Guadalupe_11zon.webp\",\"width\":1201,\"height\":639,\"caption\":\"Imagen: freepik\"},{\"@type\":\"BreadcrumbList\",\"@id\":\"https:\\\/\\\/grupohoymexico.com\\\/puebla\\\/2025\\\/12\\\/09\\\/inicia-operativo-guadalupe-reyes-en-puebla-capital\\\/#breadcrumb\",\"itemListElement\":[{\"@type\":\"ListItem\",\"position\":1,\"name\":\"Inicio\",\"item\":\"https:\\\/\\\/grupohoymexico.com\\\/puebla\\\/\"},{\"@type\":\"ListItem\",\"position\":2,\"name\":\"Inicia Operativo Guadalupe-Reyes en Puebla capital\"}]},{\"@type\":\"WebSite\",\"@id\":\"https:\\\/\\\/grupohoymexico.com\\\/puebla\\\/#website\",\"url\":\"https:\\\/\\\/grupohoymexico.com\\\/puebla\\\/\",\"name\":\"Grupo Hoy Puebla\",\"description\":\"\",\"potentialAction\":[{\"@type\":\"SearchAction\",\"target\":{\"@type\":\"EntryPoint\",\"urlTemplate\":\"https:\\\/\\\/grupohoymexico.com\\\/puebla\\\/?s={search_term_string}\"},\"query-input\":{\"@type\":\"PropertyValueSpecification\",\"valueRequired\":true,\"valueName\":\"search_term_string\"}}],\"inLanguage\":\"es\"},{\"@type\":\"Person\",\"@id\":\"https:\\\/\\\/grupohoymexico.com\\\/puebla\\\/#\\\/schema\\\/person\\\/ce6086ac837852775a3a4f539356c297\",\"name\":\"user\",\"image\":{\"@type\":\"ImageObject\",\"inLanguage\":\"es\",\"@id\":\"https:\\\/\\\/secure.gravatar.com\\\/avatar\\\/25f78de4fa956f6f7c01f8d96f8087d8958ebe06d57e630cd54e36aefb9dacea?s=96&d=mm&r=g\",\"url\":\"https:\\\/\\\/secure.gravatar.com\\\/avatar\\\/25f78de4fa956f6f7c01f8d96f8087d8958ebe06d57e630cd54e36aefb9dacea?s=96&d=mm&r=g\",\"contentUrl\":\"https:\\\/\\\/secure.gravatar.com\\\/avatar\\\/25f78de4fa956f6f7c01f8d96f8087d8958ebe06d57e630cd54e36aefb9dacea?s=96&d=mm&r=g\",\"caption\":\"user\"},\"sameAs\":[\"http:\\\/\\\/44.197.188.197.nip.io\"],\"url\":\"https:\\\/\\\/grupohoymexico.com\\\/puebla\\\/author\\\/user\\\/\"}]}<\/script>\n<!-- \/ Yoast SEO Premium plugin. -->","yoast_head_json":{"title":"Inicia Operativo Guadalupe-Reyes en Puebla capital - Grupo Hoy Puebla","description":"Puebla activa el Operativo Guadalupe-Reyes con 600 elementos de seguridad para resguardar zonas clave y 15 eventos decembrinos.","robots":{"index":"index","follow":"follow","max-snippet":"max-snippet:-1","max-image-preview":"max-image-preview:large","max-video-preview":"max-video-preview:-1"},"canonical":"https:\/\/grupohoymexico.com\/puebla\/2025\/12\/09\/inicia-operativo-guadalupe-reyes-en-puebla-capital\/","og_locale":"es_MX","og_type":"article","og_title":"Inicia Operativo Guadalupe-Reyes en Puebla capital","og_description":"Puebla activa el Operativo Guadalupe-Reyes con 600 elementos de seguridad para resguardar zonas clave y 15 eventos decembrinos.","og_url":"https:\/\/grupohoymexico.com\/puebla\/2025\/12\/09\/inicia-operativo-guadalupe-reyes-en-puebla-capital\/","og_site_name":"Grupo Hoy Puebla","article_published_time":"2025-12-09T22:56:10+00:00","article_modified_time":"2025-12-09T22:56:11+00:00","og_image":[{"width":1201,"height":639,"url":"https:\/\/grupohoymexico.com\/puebla\/wp-content\/uploads\/sites\/3\/2025\/12\/1_GH_nicia-Operativo-Guadalupe_11zon.webp","type":"image\/webp"}],"author":"user","twitter_card":"summary_large_image","twitter_misc":{"Escrito por":"user","Tiempo de lectura":"2 minutos"},"schema":{"@context":"https:\/\/schema.org","@graph":[{"@type":"Article","@id":"https:\/\/grupohoymexico.com\/puebla\/2025\/12\/09\/inicia-operativo-guadalupe-reyes-en-puebla-capital\/#article","isPartOf":{"@id":"https:\/\/grupohoymexico.com\/puebla\/2025\/12\/09\/inicia-operativo-guadalupe-reyes-en-puebla-capital\/"},"author":{"name":"user","@id":"https:\/\/grupohoymexico.com\/puebla\/#\/schema\/person\/ce6086ac837852775a3a4f539356c297"},"headline":"Inicia Operativo Guadalupe-Reyes en Puebla capital","datePublished":"2025-12-09T22:56:10+00:00","dateModified":"2025-12-09T22:56:11+00:00","mainEntityOfPage":{"@id":"https:\/\/grupohoymexico.com\/puebla\/2025\/12\/09\/inicia-operativo-guadalupe-reyes-en-puebla-capital\/"},"wordCount":347,"commentCount":0,"image":{"@id":"https:\/\/grupohoymexico.com\/puebla\/2025\/12\/09\/inicia-operativo-guadalupe-reyes-en-puebla-capital\/#primaryimage"},"thumbnailUrl":"https:\/\/grupohoymexico.com\/puebla\/wp-content\/uploads\/sites\/3\/2025\/12\/1_GH_nicia-Operativo-Guadalupe_11zon.webp","keywords":["Fiestas decembrinas","Guadalupe-Reyes","operativo","Operativo de seguridad","Polic\u00eda","puebla","Turismo"],"articleSection":["Estatal"],"inLanguage":"es","potentialAction":[{"@type":"CommentAction","name":"Comment","target":["https:\/\/grupohoymexico.com\/puebla\/2025\/12\/09\/inicia-operativo-guadalupe-reyes-en-puebla-capital\/#respond"]}]},{"@type":"WebPage","@id":"https:\/\/grupohoymexico.com\/puebla\/2025\/12\/09\/inicia-operativo-guadalupe-reyes-en-puebla-capital\/","url":"https:\/\/grupohoymexico.com\/puebla\/2025\/12\/09\/inicia-operativo-guadalupe-reyes-en-puebla-capital\/","name":"Inicia Operativo Guadalupe-Reyes en Puebla capital - Grupo Hoy Puebla","isPartOf":{"@id":"https:\/\/grupohoymexico.com\/puebla\/#website"},"primaryImageOfPage":{"@id":"https:\/\/grupohoymexico.com\/puebla\/2025\/12\/09\/inicia-operativo-guadalupe-reyes-en-puebla-capital\/#primaryimage"},"image":{"@id":"https:\/\/grupohoymexico.com\/puebla\/2025\/12\/09\/inicia-operativo-guadalupe-reyes-en-puebla-capital\/#primaryimage"},"thumbnailUrl":"https:\/\/grupohoymexico.com\/puebla\/wp-content\/uploads\/sites\/3\/2025\/12\/1_GH_nicia-Operativo-Guadalupe_11zon.webp","datePublished":"2025-12-09T22:56:10+00:00","dateModified":"2025-12-09T22:56:11+00:00","author":{"@id":"https:\/\/grupohoymexico.com\/puebla\/#\/schema\/person\/ce6086ac837852775a3a4f539356c297"},"description":"Puebla activa el Operativo Guadalupe-Reyes con 600 elementos de seguridad para resguardar zonas clave y 15 eventos decembrinos.","breadcrumb":{"@id":"https:\/\/grupohoymexico.com\/puebla\/2025\/12\/09\/inicia-operativo-guadalupe-reyes-en-puebla-capital\/#breadcrumb"},"inLanguage":"es","potentialAction":[{"@type":"ReadAction","target":["https:\/\/grupohoymexico.com\/puebla\/2025\/12\/09\/inicia-operativo-guadalupe-reyes-en-puebla-capital\/"]}]},{"@type":"ImageObject","inLanguage":"es","@id":"https:\/\/grupohoymexico.com\/puebla\/2025\/12\/09\/inicia-operativo-guadalupe-reyes-en-puebla-capital\/#primaryimage","url":"https:\/\/grupohoymexico.com\/puebla\/wp-content\/uploads\/sites\/3\/2025\/12\/1_GH_nicia-Operativo-Guadalupe_11zon.webp","contentUrl":"https:\/\/grupohoymexico.com\/puebla\/wp-content\/uploads\/sites\/3\/2025\/12\/1_GH_nicia-Operativo-Guadalupe_11zon.webp","width":1201,"height":639,"caption":"Imagen: freepik"},{"@type":"BreadcrumbList","@id":"https:\/\/grupohoymexico.com\/puebla\/2025\/12\/09\/inicia-operativo-guadalupe-reyes-en-puebla-capital\/#breadcrumb","itemListElement":[{"@type":"ListItem","position":1,"name":"Inicio","item":"https:\/\/grupohoymexico.com\/puebla\/"},{"@type":"ListItem","position":2,"name":"Inicia Operativo Guadalupe-Reyes en Puebla capital"}]},{"@type":"WebSite","@id":"https:\/\/grupohoymexico.com\/puebla\/#website","url":"https:\/\/grupohoymexico.com\/puebla\/","name":"Grupo Hoy Puebla","description":"","potentialAction":[{"@type":"SearchAction","target":{"@type":"EntryPoint","urlTemplate":"https:\/\/grupohoymexico.com\/puebla\/?s={search_term_string}"},"query-input":{"@type":"PropertyValueSpecification","valueRequired":true,"valueName":"search_term_string"}}],"inLanguage":"es"},{"@type":"Person","@id":"https:\/\/grupohoymexico.com\/puebla\/#\/schema\/person\/ce6086ac837852775a3a4f539356c297","name":"user","image":{"@type":"ImageObject","inLanguage":"es","@id":"https:\/\/secure.gravatar.com\/avatar\/25f78de4fa956f6f7c01f8d96f8087d8958ebe06d57e630cd54e36aefb9dacea?s=96&d=mm&r=g","url":"https:\/\/secure.gravatar.com\/avatar\/25f78de4fa956f6f7c01f8d96f8087d8958ebe06d57e630cd54e36aefb9dacea?s=96&d=mm&r=g","contentUrl":"https:\/\/secure.gravatar.com\/avatar\/25f78de4fa956f6f7c01f8d96f8087d8958ebe06d57e630cd54e36aefb9dacea?s=96&d=mm&r=g","caption":"user"},"sameAs":["http:\/\/44.197.188.197.nip.io"],"url":"https:\/\/grupohoymexico.com\/puebla\/author\/user\/"}]}},"_links":{"self":[{"href":"https:\/\/grupohoymexico.com\/puebla\/wp-json\/wp\/v2\/posts\/79231","targetHints":{"allow":["GET"]}}],"collection":[{"href":"https:\/\/grupohoymexico.com\/puebla\/wp-json\/wp\/v2\/posts"}],"about":[{"href":"https:\/\/grupohoymexico.com\/puebla\/wp-json\/wp\/v2\/types\/post"}],"author":[{"embeddable":true,"href":"https:\/\/grupohoymexico.com\/puebla\/wp-json\/wp\/v2\/users\/1"}],"replies":[{"embeddable":true,"href":"https:\/\/grupohoymexico.com\/puebla\/wp-json\/wp\/v2\/comments?post=79231"}],"version-history":[{"count":1,"href":"https:\/\/grupohoymexico.com\/puebla\/wp-json\/wp\/v2\/posts\/79231\/revisions"}],"predecessor-version":[{"id":79233,"href":"https:\/\/grupohoymexico.com\/puebla\/wp-json\/wp\/v2\/posts\/79231\/revisions\/79233"}],"wp:featuredmedia":[{"embeddable":true,"href":"https:\/\/grupohoymexico.com\/puebla\/wp-json\/wp\/v2\/media\/79232"}],"wp:attachment":[{"href":"https:\/\/grupohoymexico.com\/puebla\/wp-json\/wp\/v2\/media?parent=79231"}],"wp:term":[{"taxonomy":"category","embeddable":true,"href":"https:\/\/grupohoymexico.com\/puebla\/wp-json\/wp\/v2\/categories?post=79231"},{"taxonomy":"post_tag","embeddable":true,"href":"https:\/\/grupohoymexico.com\/puebla\/wp-json\/wp\/v2\/tags?post=79231"}],"curies":[{"name":"wp","href":"https:\/\/api.w.org\/{rel}","templated":true}]}}