{"id":79211,"date":"2025-12-08T22:24:35","date_gmt":"2025-12-08T22:24:35","guid":{"rendered":"https:\/\/grupohoymexico.com\/puebla\/?p=79211"},"modified":"2025-12-08T22:24:35","modified_gmt":"2025-12-08T22:24:35","slug":"puebla-celebra-el-dia-de-la-nochebuena-con-record-de-produccion","status":"publish","type":"post","link":"https:\/\/grupohoymexico.com\/puebla\/2025\/12\/08\/puebla-celebra-el-dia-de-la-nochebuena-con-record-de-produccion\/","title":{"rendered":"Puebla celebra el D\u00eda de la Nochebuena con r\u00e9cord de producci\u00f3n"},"content":{"rendered":"\n<p>En el marco del <strong>D\u00eda de la Nochebuena<\/strong>, las autoridades de <strong>Puebla <\/strong>dieron a conocer que en 2025 el estado vive una temporada hist\u00f3rica en la producci\u00f3n de esta flor emblem\u00e1tica de la <strong>Navidad<\/strong>. Se estima que este a\u00f1o alcanz\u00f3 una producci\u00f3n de m\u00e1s de 3 millones de plantas.<\/p>\n\n\n\n<p>M\u00e1s de 70 hect\u00e1reas fueron la base de esta producci\u00f3n, con destaque en municipios como Atlixco, Chignahuapan, Xicotepec y Huauchinango. Este volumen coloca a <strong>Puebla <\/strong>en el tercer lugar nacional en la producci\u00f3n de esta planta ornamental tan caracter\u00edstica de la \u00e9poca decembrina.<\/p>\n\n\n\n<p>Las y los agricultores \u2014quienes dedican entre 8 y 10 meses al cultivo de cada planta\u2014 trabajan bajo un riguroso control fitosanitario, manejo clim\u00e1tico y selecci\u00f3n varietal para garantizar la calidad de la flor.<\/p>\n\n\n\n<h2 class=\"wp-block-heading\" id=\"h-nochebuenas-igual-a-buena-economia\"><strong>Nochebuenas igual a buena econom\u00eda<\/strong><\/h2>\n\n\n\n<p>La producci\u00f3n de <strong>Nochebuena <\/strong>en el Puebla genera una derrama econ\u00f3mica superior a 110 millones de pesos. Adem\u00e1s, sostiene alrededor de 3 mil empleos directos e indirectos que benefician a comunidades rurales y familias productoras.<\/p>\n\n\n\n<p>Seg\u00fan datos de municipios floricultores, aproximadamente el 50 % de las plantas producidas se destinan a otros estados como Chiapas, Oaxaca, Veracruz y Tabasco. El resto permanece en <strong>Puebla <\/strong>para consumo local.<\/p>\n\n\n\n<p>El municipio de Atlixco lidera la producci\u00f3n en la entidad, con aproximadamente 2 millones de macetas y una oferta de m\u00e1s de 30 variedades en tama\u00f1os que van de 3 a 12 pulgadas.<\/p>\n\n\n\n<p><strong>TAMBI\u00c9N LEE: <a href=\"https:\/\/grupohoymexico.com\/puebla\/2025\/12\/06\/inauguran-arte-en-movimiento-en-el-centro-cultural-san-roque-de-puebla\/\">Inauguran \u2018Arte en movimiento\u2019 en el Centro Cultural San Roque de Puebla<\/a><br><\/strong><\/p>\n\n\n\n<h2 class=\"wp-block-heading\" id=\"h-importancia-de-la-nochebuena-en-puebla\"><strong>Importancia de la Nochebuena en Puebla<\/strong><\/h2>\n\n\n\n<p>Las autoridades estatales han destacado que las condiciones clim\u00e1ticas y la tradici\u00f3n flor\u00edcola de <strong>Puebla <\/strong>\u2014especialmente en Atlixco y la Sierra Norte\u2014 son clave para mantener la calidad de la flor, su diversidad varietal y su competitividad frente a otras regiones productoras.<\/p>\n\n\n\n<p>Para las comunidades productoras, el cultivo de la <strong>Nochebuena <\/strong>representa una fuente de ingresos esencial durante los \u00faltimos meses del a\u00f1o. Adem\u00e1s, contribuye a fortalecer actividades complementarias como la venta de artesan\u00edas, productos culturales y turismo rural.<\/p>\n\n\n\n<h2 class=\"wp-block-heading\" id=\"h-dia-de-la-nochebuena\"><strong>D\u00eda de la Nochebuena<\/strong><\/h2>\n\n\n\n<p>Cada 8 de diciembre se celebra en M\u00e9xico el <strong>D\u00eda Nacional de la Nochebuena<\/strong>, una fecha creada para reconocer la importancia cultural, hist\u00f3rica y econ\u00f3mica de esta flor originaria del pa\u00eds.<\/p>\n\n\n\n<p>El Senado estableci\u00f3 esta conmemoraci\u00f3n en 2019 con el prop\u00f3sito de promover su producci\u00f3n, fortalecer la cadena ornamental y destacar el trabajo de miles de familias que dependen de su cultivo.<\/p>\n\n\n\n<p><strong><strong>TAMBI\u00c9N LEE:<\/strong><\/strong> <a href=\"https:\/\/web.telegram.org\/k\/#-4722182040\">La Navidad llega a Puebla con la experiencia Distrito Polar<\/a><\/p>\n\n\n\n<h2 class=\"wp-block-heading\" id=\"h-datos-sobre-la-planta\"><strong>Datos sobre la planta<\/strong><\/h2>\n\n\n\n<p>La <strong>Nochebuena<\/strong>, conocida en lengua n\u00e1huatl como <em>cuetlax\u00f3chitl<\/em>, era utilizada por los pueblos prehisp\u00e1nicos en rituales y ceremonias, y hoy es uno de los s\u00edmbolos m\u00e1s reconocidos de la Navidad en el mundo.<\/p>\n\n\n\n<p>M\u00e9xico produce entre 20 y 30 millones de plantas cada a\u00f1o, lo que genera una derrama econ\u00f3mica nacional que supera los mil millones de pesos. Estados como <strong>Puebla<\/strong>, Morelos, Ciudad de M\u00e9xico, Estado de M\u00e9xico y Jalisco encabezan la producci\u00f3n.<\/p>\n\n\n\n<p>En el pa\u00eds existen m\u00e1s de un centenar de variedades de esta flor; sin embargo, predominan los tonos rojo, blanco, amarillo y rosa. La <strong>Nochebuena <\/strong>se consolida cada diciembre como la flor ornamental m\u00e1s vendida del pa\u00eds.<\/p>\n\n\n\n<p><\/p>\n","protected":false},"excerpt":{"rendered":"En el marco del D\u00eda de la Nochebuena, las autoridades de Puebla dieron a conocer que en 2025&hellip;","protected":false},"author":1,"featured_media":79212,"comment_status":"open","ping_status":"open","sticky":false,"template":"","format":"standard","meta":{"csco_display_header_overlay":false,"csco_singular_sidebar":"","csco_page_header_type":"","csco_page_load_nextpost":"","csco_post_video_location":[],"csco_post_video_location_hash":"","csco_post_video_url":"","csco_post_video_bg_start_time":0,"csco_post_video_bg_end_time":0,"footnotes":""},"categories":[29],"tags":[3271,2255,3270,3272,40,3273],"class_list":{"0":"post-79211","1":"post","2":"type-post","3":"status-publish","4":"format-standard","5":"has-post-thumbnail","7":"category-estatal","8":"tag-dia-de-la-nochebuena","9":"tag-navidad","10":"tag-nochebuena","11":"tag-produccion-de-flor","12":"tag-puebla","13":"tag-record-de-produccion","14":"cs-entry","15":"cs-video-wrap"},"yoast_head":"<!-- This site is optimized with the Yoast SEO Premium plugin v24.7 (Yoast SEO v27.4) - https:\/\/yoast.com\/product\/yoast-seo-premium-wordpress\/ -->\n<title>Puebla celebra el D\u00eda de la Nochebuena con r\u00e9cord de producci\u00f3n - Grupo Hoy Puebla<\/title>\n<meta name=\"description\" content=\"Puebla celebra el D\u00eda Nacional de la Nochebuena alcanzando un r\u00e9cord de producci\u00f3n con m\u00e1s 3 millones de plantas.\" \/>\n<meta name=\"robots\" content=\"index, follow, max-snippet:-1, max-image-preview:large, max-video-preview:-1\" \/>\n<link rel=\"canonical\" href=\"https:\/\/grupohoymexico.com\/puebla\/2025\/12\/08\/puebla-celebra-el-dia-de-la-nochebuena-con-record-de-produccion\/\" \/>\n<meta property=\"og:locale\" content=\"es_MX\" \/>\n<meta property=\"og:type\" content=\"article\" \/>\n<meta property=\"og:title\" content=\"Puebla celebra el D\u00eda de la Nochebuena con r\u00e9cord de producci\u00f3n\" \/>\n<meta property=\"og:description\" content=\"Puebla celebra el D\u00eda Nacional de la Nochebuena alcanzando un r\u00e9cord de producci\u00f3n con m\u00e1s 3 millones de plantas.\" \/>\n<meta property=\"og:url\" content=\"https:\/\/grupohoymexico.com\/puebla\/2025\/12\/08\/puebla-celebra-el-dia-de-la-nochebuena-con-record-de-produccion\/\" \/>\n<meta property=\"og:site_name\" content=\"Grupo Hoy Puebla\" \/>\n<meta property=\"article:published_time\" content=\"2025-12-08T22:24:35+00:00\" \/>\n<meta property=\"og:image\" content=\"https:\/\/grupohoymexico.com\/puebla\/wp-content\/uploads\/sites\/3\/2025\/12\/GH_1_Puebla_celebra_el_Dia_de_la_Nochebuena_con_record_de_produccion.webp\" \/>\n\t<meta property=\"og:image:width\" content=\"1201\" \/>\n\t<meta property=\"og:image:height\" content=\"639\" \/>\n\t<meta property=\"og:image:type\" content=\"image\/webp\" \/>\n<meta name=\"author\" content=\"user\" \/>\n<meta name=\"twitter:card\" content=\"summary_large_image\" \/>\n<meta name=\"twitter:label1\" content=\"Escrito por\" \/>\n\t<meta name=\"twitter:data1\" content=\"user\" \/>\n\t<meta name=\"twitter:label2\" content=\"Tiempo de lectura\" \/>\n\t<meta name=\"twitter:data2\" content=\"3 minutos\" \/>\n<script type=\"application\/ld+json\" class=\"yoast-schema-graph\">{\"@context\":\"https:\\\/\\\/schema.org\",\"@graph\":[{\"@type\":\"Article\",\"@id\":\"https:\\\/\\\/grupohoymexico.com\\\/puebla\\\/2025\\\/12\\\/08\\\/puebla-celebra-el-dia-de-la-nochebuena-con-record-de-produccion\\\/#article\",\"isPartOf\":{\"@id\":\"https:\\\/\\\/grupohoymexico.com\\\/puebla\\\/2025\\\/12\\\/08\\\/puebla-celebra-el-dia-de-la-nochebuena-con-record-de-produccion\\\/\"},\"author\":{\"name\":\"user\",\"@id\":\"https:\\\/\\\/grupohoymexico.com\\\/puebla\\\/#\\\/schema\\\/person\\\/ce6086ac837852775a3a4f539356c297\"},\"headline\":\"Puebla celebra el D\u00eda de la Nochebuena con r\u00e9cord de producci\u00f3n\",\"datePublished\":\"2025-12-08T22:24:35+00:00\",\"mainEntityOfPage\":{\"@id\":\"https:\\\/\\\/grupohoymexico.com\\\/puebla\\\/2025\\\/12\\\/08\\\/puebla-celebra-el-dia-de-la-nochebuena-con-record-de-produccion\\\/\"},\"wordCount\":573,\"commentCount\":0,\"image\":{\"@id\":\"https:\\\/\\\/grupohoymexico.com\\\/puebla\\\/2025\\\/12\\\/08\\\/puebla-celebra-el-dia-de-la-nochebuena-con-record-de-produccion\\\/#primaryimage\"},\"thumbnailUrl\":\"https:\\\/\\\/grupohoymexico.com\\\/puebla\\\/wp-content\\\/uploads\\\/sites\\\/3\\\/2025\\\/12\\\/GH_1_Puebla_celebra_el_Dia_de_la_Nochebuena_con_record_de_produccion.webp\",\"keywords\":[\"D\u00eda de la nochebuena\",\"Navidad\",\"Nochebuena\",\"producci\u00f3n de flor\",\"puebla\",\"R\u00e9cord de producci\u00f3n\"],\"articleSection\":[\"Estatal\"],\"inLanguage\":\"es\",\"potentialAction\":[{\"@type\":\"CommentAction\",\"name\":\"Comment\",\"target\":[\"https:\\\/\\\/grupohoymexico.com\\\/puebla\\\/2025\\\/12\\\/08\\\/puebla-celebra-el-dia-de-la-nochebuena-con-record-de-produccion\\\/#respond\"]}]},{\"@type\":\"WebPage\",\"@id\":\"https:\\\/\\\/grupohoymexico.com\\\/puebla\\\/2025\\\/12\\\/08\\\/puebla-celebra-el-dia-de-la-nochebuena-con-record-de-produccion\\\/\",\"url\":\"https:\\\/\\\/grupohoymexico.com\\\/puebla\\\/2025\\\/12\\\/08\\\/puebla-celebra-el-dia-de-la-nochebuena-con-record-de-produccion\\\/\",\"name\":\"Puebla celebra el D\u00eda de la Nochebuena con r\u00e9cord de producci\u00f3n - Grupo Hoy Puebla\",\"isPartOf\":{\"@id\":\"https:\\\/\\\/grupohoymexico.com\\\/puebla\\\/#website\"},\"primaryImageOfPage\":{\"@id\":\"https:\\\/\\\/grupohoymexico.com\\\/puebla\\\/2025\\\/12\\\/08\\\/puebla-celebra-el-dia-de-la-nochebuena-con-record-de-produccion\\\/#primaryimage\"},\"image\":{\"@id\":\"https:\\\/\\\/grupohoymexico.com\\\/puebla\\\/2025\\\/12\\\/08\\\/puebla-celebra-el-dia-de-la-nochebuena-con-record-de-produccion\\\/#primaryimage\"},\"thumbnailUrl\":\"https:\\\/\\\/grupohoymexico.com\\\/puebla\\\/wp-content\\\/uploads\\\/sites\\\/3\\\/2025\\\/12\\\/GH_1_Puebla_celebra_el_Dia_de_la_Nochebuena_con_record_de_produccion.webp\",\"datePublished\":\"2025-12-08T22:24:35+00:00\",\"author\":{\"@id\":\"https:\\\/\\\/grupohoymexico.com\\\/puebla\\\/#\\\/schema\\\/person\\\/ce6086ac837852775a3a4f539356c297\"},\"description\":\"Puebla celebra el D\u00eda Nacional de la Nochebuena alcanzando un r\u00e9cord de producci\u00f3n con m\u00e1s 3 millones de plantas.\",\"breadcrumb\":{\"@id\":\"https:\\\/\\\/grupohoymexico.com\\\/puebla\\\/2025\\\/12\\\/08\\\/puebla-celebra-el-dia-de-la-nochebuena-con-record-de-produccion\\\/#breadcrumb\"},\"inLanguage\":\"es\",\"potentialAction\":[{\"@type\":\"ReadAction\",\"target\":[\"https:\\\/\\\/grupohoymexico.com\\\/puebla\\\/2025\\\/12\\\/08\\\/puebla-celebra-el-dia-de-la-nochebuena-con-record-de-produccion\\\/\"]}]},{\"@type\":\"ImageObject\",\"inLanguage\":\"es\",\"@id\":\"https:\\\/\\\/grupohoymexico.com\\\/puebla\\\/2025\\\/12\\\/08\\\/puebla-celebra-el-dia-de-la-nochebuena-con-record-de-produccion\\\/#primaryimage\",\"url\":\"https:\\\/\\\/grupohoymexico.com\\\/puebla\\\/wp-content\\\/uploads\\\/sites\\\/3\\\/2025\\\/12\\\/GH_1_Puebla_celebra_el_Dia_de_la_Nochebuena_con_record_de_produccion.webp\",\"contentUrl\":\"https:\\\/\\\/grupohoymexico.com\\\/puebla\\\/wp-content\\\/uploads\\\/sites\\\/3\\\/2025\\\/12\\\/GH_1_Puebla_celebra_el_Dia_de_la_Nochebuena_con_record_de_produccion.webp\",\"width\":1201,\"height\":639,\"caption\":\"Imagen: freepik\"},{\"@type\":\"BreadcrumbList\",\"@id\":\"https:\\\/\\\/grupohoymexico.com\\\/puebla\\\/2025\\\/12\\\/08\\\/puebla-celebra-el-dia-de-la-nochebuena-con-record-de-produccion\\\/#breadcrumb\",\"itemListElement\":[{\"@type\":\"ListItem\",\"position\":1,\"name\":\"Inicio\",\"item\":\"https:\\\/\\\/grupohoymexico.com\\\/puebla\\\/\"},{\"@type\":\"ListItem\",\"position\":2,\"name\":\"Puebla celebra el D\u00eda de la Nochebuena con r\u00e9cord de producci\u00f3n\"}]},{\"@type\":\"WebSite\",\"@id\":\"https:\\\/\\\/grupohoymexico.com\\\/puebla\\\/#website\",\"url\":\"https:\\\/\\\/grupohoymexico.com\\\/puebla\\\/\",\"name\":\"Grupo Hoy Puebla\",\"description\":\"\",\"potentialAction\":[{\"@type\":\"SearchAction\",\"target\":{\"@type\":\"EntryPoint\",\"urlTemplate\":\"https:\\\/\\\/grupohoymexico.com\\\/puebla\\\/?s={search_term_string}\"},\"query-input\":{\"@type\":\"PropertyValueSpecification\",\"valueRequired\":true,\"valueName\":\"search_term_string\"}}],\"inLanguage\":\"es\"},{\"@type\":\"Person\",\"@id\":\"https:\\\/\\\/grupohoymexico.com\\\/puebla\\\/#\\\/schema\\\/person\\\/ce6086ac837852775a3a4f539356c297\",\"name\":\"user\",\"image\":{\"@type\":\"ImageObject\",\"inLanguage\":\"es\",\"@id\":\"https:\\\/\\\/secure.gravatar.com\\\/avatar\\\/25f78de4fa956f6f7c01f8d96f8087d8958ebe06d57e630cd54e36aefb9dacea?s=96&d=mm&r=g\",\"url\":\"https:\\\/\\\/secure.gravatar.com\\\/avatar\\\/25f78de4fa956f6f7c01f8d96f8087d8958ebe06d57e630cd54e36aefb9dacea?s=96&d=mm&r=g\",\"contentUrl\":\"https:\\\/\\\/secure.gravatar.com\\\/avatar\\\/25f78de4fa956f6f7c01f8d96f8087d8958ebe06d57e630cd54e36aefb9dacea?s=96&d=mm&r=g\",\"caption\":\"user\"},\"sameAs\":[\"http:\\\/\\\/44.197.188.197.nip.io\"],\"url\":\"https:\\\/\\\/grupohoymexico.com\\\/puebla\\\/author\\\/user\\\/\"}]}<\/script>\n<!-- \/ Yoast SEO Premium plugin. -->","yoast_head_json":{"title":"Puebla celebra el D\u00eda de la Nochebuena con r\u00e9cord de producci\u00f3n - Grupo Hoy Puebla","description":"Puebla celebra el D\u00eda Nacional de la Nochebuena alcanzando un r\u00e9cord de producci\u00f3n con m\u00e1s 3 millones de plantas.","robots":{"index":"index","follow":"follow","max-snippet":"max-snippet:-1","max-image-preview":"max-image-preview:large","max-video-preview":"max-video-preview:-1"},"canonical":"https:\/\/grupohoymexico.com\/puebla\/2025\/12\/08\/puebla-celebra-el-dia-de-la-nochebuena-con-record-de-produccion\/","og_locale":"es_MX","og_type":"article","og_title":"Puebla celebra el D\u00eda de la Nochebuena con r\u00e9cord de producci\u00f3n","og_description":"Puebla celebra el D\u00eda Nacional de la Nochebuena alcanzando un r\u00e9cord de producci\u00f3n con m\u00e1s 3 millones de plantas.","og_url":"https:\/\/grupohoymexico.com\/puebla\/2025\/12\/08\/puebla-celebra-el-dia-de-la-nochebuena-con-record-de-produccion\/","og_site_name":"Grupo Hoy Puebla","article_published_time":"2025-12-08T22:24:35+00:00","og_image":[{"width":1201,"height":639,"url":"https:\/\/grupohoymexico.com\/puebla\/wp-content\/uploads\/sites\/3\/2025\/12\/GH_1_Puebla_celebra_el_Dia_de_la_Nochebuena_con_record_de_produccion.webp","type":"image\/webp"}],"author":"user","twitter_card":"summary_large_image","twitter_misc":{"Escrito por":"user","Tiempo de lectura":"3 minutos"},"schema":{"@context":"https:\/\/schema.org","@graph":[{"@type":"Article","@id":"https:\/\/grupohoymexico.com\/puebla\/2025\/12\/08\/puebla-celebra-el-dia-de-la-nochebuena-con-record-de-produccion\/#article","isPartOf":{"@id":"https:\/\/grupohoymexico.com\/puebla\/2025\/12\/08\/puebla-celebra-el-dia-de-la-nochebuena-con-record-de-produccion\/"},"author":{"name":"user","@id":"https:\/\/grupohoymexico.com\/puebla\/#\/schema\/person\/ce6086ac837852775a3a4f539356c297"},"headline":"Puebla celebra el D\u00eda de la Nochebuena con r\u00e9cord de producci\u00f3n","datePublished":"2025-12-08T22:24:35+00:00","mainEntityOfPage":{"@id":"https:\/\/grupohoymexico.com\/puebla\/2025\/12\/08\/puebla-celebra-el-dia-de-la-nochebuena-con-record-de-produccion\/"},"wordCount":573,"commentCount":0,"image":{"@id":"https:\/\/grupohoymexico.com\/puebla\/2025\/12\/08\/puebla-celebra-el-dia-de-la-nochebuena-con-record-de-produccion\/#primaryimage"},"thumbnailUrl":"https:\/\/grupohoymexico.com\/puebla\/wp-content\/uploads\/sites\/3\/2025\/12\/GH_1_Puebla_celebra_el_Dia_de_la_Nochebuena_con_record_de_produccion.webp","keywords":["D\u00eda de la nochebuena","Navidad","Nochebuena","producci\u00f3n de flor","puebla","R\u00e9cord de producci\u00f3n"],"articleSection":["Estatal"],"inLanguage":"es","potentialAction":[{"@type":"CommentAction","name":"Comment","target":["https:\/\/grupohoymexico.com\/puebla\/2025\/12\/08\/puebla-celebra-el-dia-de-la-nochebuena-con-record-de-produccion\/#respond"]}]},{"@type":"WebPage","@id":"https:\/\/grupohoymexico.com\/puebla\/2025\/12\/08\/puebla-celebra-el-dia-de-la-nochebuena-con-record-de-produccion\/","url":"https:\/\/grupohoymexico.com\/puebla\/2025\/12\/08\/puebla-celebra-el-dia-de-la-nochebuena-con-record-de-produccion\/","name":"Puebla celebra el D\u00eda de la Nochebuena con r\u00e9cord de producci\u00f3n - Grupo Hoy Puebla","isPartOf":{"@id":"https:\/\/grupohoymexico.com\/puebla\/#website"},"primaryImageOfPage":{"@id":"https:\/\/grupohoymexico.com\/puebla\/2025\/12\/08\/puebla-celebra-el-dia-de-la-nochebuena-con-record-de-produccion\/#primaryimage"},"image":{"@id":"https:\/\/grupohoymexico.com\/puebla\/2025\/12\/08\/puebla-celebra-el-dia-de-la-nochebuena-con-record-de-produccion\/#primaryimage"},"thumbnailUrl":"https:\/\/grupohoymexico.com\/puebla\/wp-content\/uploads\/sites\/3\/2025\/12\/GH_1_Puebla_celebra_el_Dia_de_la_Nochebuena_con_record_de_produccion.webp","datePublished":"2025-12-08T22:24:35+00:00","author":{"@id":"https:\/\/grupohoymexico.com\/puebla\/#\/schema\/person\/ce6086ac837852775a3a4f539356c297"},"description":"Puebla celebra el D\u00eda Nacional de la Nochebuena alcanzando un r\u00e9cord de producci\u00f3n con m\u00e1s 3 millones de plantas.","breadcrumb":{"@id":"https:\/\/grupohoymexico.com\/puebla\/2025\/12\/08\/puebla-celebra-el-dia-de-la-nochebuena-con-record-de-produccion\/#breadcrumb"},"inLanguage":"es","potentialAction":[{"@type":"ReadAction","target":["https:\/\/grupohoymexico.com\/puebla\/2025\/12\/08\/puebla-celebra-el-dia-de-la-nochebuena-con-record-de-produccion\/"]}]},{"@type":"ImageObject","inLanguage":"es","@id":"https:\/\/grupohoymexico.com\/puebla\/2025\/12\/08\/puebla-celebra-el-dia-de-la-nochebuena-con-record-de-produccion\/#primaryimage","url":"https:\/\/grupohoymexico.com\/puebla\/wp-content\/uploads\/sites\/3\/2025\/12\/GH_1_Puebla_celebra_el_Dia_de_la_Nochebuena_con_record_de_produccion.webp","contentUrl":"https:\/\/grupohoymexico.com\/puebla\/wp-content\/uploads\/sites\/3\/2025\/12\/GH_1_Puebla_celebra_el_Dia_de_la_Nochebuena_con_record_de_produccion.webp","width":1201,"height":639,"caption":"Imagen: freepik"},{"@type":"BreadcrumbList","@id":"https:\/\/grupohoymexico.com\/puebla\/2025\/12\/08\/puebla-celebra-el-dia-de-la-nochebuena-con-record-de-produccion\/#breadcrumb","itemListElement":[{"@type":"ListItem","position":1,"name":"Inicio","item":"https:\/\/grupohoymexico.com\/puebla\/"},{"@type":"ListItem","position":2,"name":"Puebla celebra el D\u00eda de la Nochebuena con r\u00e9cord de producci\u00f3n"}]},{"@type":"WebSite","@id":"https:\/\/grupohoymexico.com\/puebla\/#website","url":"https:\/\/grupohoymexico.com\/puebla\/","name":"Grupo Hoy Puebla","description":"","potentialAction":[{"@type":"SearchAction","target":{"@type":"EntryPoint","urlTemplate":"https:\/\/grupohoymexico.com\/puebla\/?s={search_term_string}"},"query-input":{"@type":"PropertyValueSpecification","valueRequired":true,"valueName":"search_term_string"}}],"inLanguage":"es"},{"@type":"Person","@id":"https:\/\/grupohoymexico.com\/puebla\/#\/schema\/person\/ce6086ac837852775a3a4f539356c297","name":"user","image":{"@type":"ImageObject","inLanguage":"es","@id":"https:\/\/secure.gravatar.com\/avatar\/25f78de4fa956f6f7c01f8d96f8087d8958ebe06d57e630cd54e36aefb9dacea?s=96&d=mm&r=g","url":"https:\/\/secure.gravatar.com\/avatar\/25f78de4fa956f6f7c01f8d96f8087d8958ebe06d57e630cd54e36aefb9dacea?s=96&d=mm&r=g","contentUrl":"https:\/\/secure.gravatar.com\/avatar\/25f78de4fa956f6f7c01f8d96f8087d8958ebe06d57e630cd54e36aefb9dacea?s=96&d=mm&r=g","caption":"user"},"sameAs":["http:\/\/44.197.188.197.nip.io"],"url":"https:\/\/grupohoymexico.com\/puebla\/author\/user\/"}]}},"_links":{"self":[{"href":"https:\/\/grupohoymexico.com\/puebla\/wp-json\/wp\/v2\/posts\/79211","targetHints":{"allow":["GET"]}}],"collection":[{"href":"https:\/\/grupohoymexico.com\/puebla\/wp-json\/wp\/v2\/posts"}],"about":[{"href":"https:\/\/grupohoymexico.com\/puebla\/wp-json\/wp\/v2\/types\/post"}],"author":[{"embeddable":true,"href":"https:\/\/grupohoymexico.com\/puebla\/wp-json\/wp\/v2\/users\/1"}],"replies":[{"embeddable":true,"href":"https:\/\/grupohoymexico.com\/puebla\/wp-json\/wp\/v2\/comments?post=79211"}],"version-history":[{"count":1,"href":"https:\/\/grupohoymexico.com\/puebla\/wp-json\/wp\/v2\/posts\/79211\/revisions"}],"predecessor-version":[{"id":79213,"href":"https:\/\/grupohoymexico.com\/puebla\/wp-json\/wp\/v2\/posts\/79211\/revisions\/79213"}],"wp:featuredmedia":[{"embeddable":true,"href":"https:\/\/grupohoymexico.com\/puebla\/wp-json\/wp\/v2\/media\/79212"}],"wp:attachment":[{"href":"https:\/\/grupohoymexico.com\/puebla\/wp-json\/wp\/v2\/media?parent=79211"}],"wp:term":[{"taxonomy":"category","embeddable":true,"href":"https:\/\/grupohoymexico.com\/puebla\/wp-json\/wp\/v2\/categories?post=79211"},{"taxonomy":"post_tag","embeddable":true,"href":"https:\/\/grupohoymexico.com\/puebla\/wp-json\/wp\/v2\/tags?post=79211"}],"curies":[{"name":"wp","href":"https:\/\/api.w.org\/{rel}","templated":true}]}}