{"id":79208,"date":"2025-12-08T20:07:12","date_gmt":"2025-12-08T20:07:12","guid":{"rendered":"https:\/\/grupohoymexico.com\/puebla\/?p=79208"},"modified":"2025-12-08T20:07:13","modified_gmt":"2025-12-08T20:07:13","slug":"recorte-de-salud-en-puebla-golpea-a-poblacion-sin-seguro","status":"publish","type":"post","link":"https:\/\/grupohoymexico.com\/puebla\/2025\/12\/08\/recorte-de-salud-en-puebla-golpea-a-poblacion-sin-seguro\/","title":{"rendered":"Recorte de salud en Puebla golpea a poblaci\u00f3n sin seguro"},"content":{"rendered":"\n<p>El estado de <strong>Puebla<\/strong> perdi\u00f3 <strong>262<\/strong> <strong>mdp<\/strong> correspondientes al programa de Atenci\u00f3n a la Salud y Medicamentos Gratuitos para la Poblaci\u00f3n sin Seguridad Social Laboral en 2025.\u00a0<\/p>\n\n\n\n<p>Este recurso federal ten\u00eda como destino financiar servicios m\u00e9dicos para personas que no cuentan con cobertura del<strong> IMSS<\/strong> o <strong>ISSSTE<\/strong>. La p\u00e9rdida del presupuesto ocurri\u00f3 durante el primer semestre del presente a\u00f1o.<\/p>\n\n\n\n<p><strong>LEER M\u00c1S: <a href=\"https:\/\/grupohoymexico.com\/puebla\/2025\/12\/08\/suspension-clases-puebla-frente-frio-19\/\">Puebla suspende clases en m\u00e1s de 5,800 escuelas por el frente fr\u00edo n\u00famero 19<\/a><\/strong><\/p>\n\n\n\n<p>La Secretar\u00eda de Hacienda y Cr\u00e9dito P\u00fablico registr\u00f3 este incumplimiento en el reporte de gasto estatal. Los <strong>262 mdp<\/strong> formaban parte de una bolsa federal espec\u00edfica. La no aplicaci\u00f3n de estos fondos redujo el gasto total en salud p\u00fablica en la entidad.<\/p>\n\n\n\n<h2 class=\"wp-block-heading\" id=\"h-ciudadanos-afectados\"><strong>Ciudadanos afectados<\/strong><\/h2>\n\n\n\n<p>En <strong>Puebla<\/strong>,<strong> 4 millones 672 mil personas<\/strong> carecen de seguridad social, lo que representa el <strong>70.9%<\/strong> de la poblaci\u00f3n total del estado. De este grupo, aproximadamente <strong>1 mill\u00f3n<\/strong> ya se encuentra afiliado al programa <strong>IMSS-Bienestar<\/strong>. Sin embargo, cerca de <strong>3.6 millones<\/strong> de habitantes permanecen sin este registro, que facilita la planeaci\u00f3n de servicios.<\/p>\n\n\n\n<p>El gobierno federal y <strong>15 ayuntamientos de Puebla<\/strong> instalaron m\u00f3dulos para acelerar la afiliaci\u00f3n al <strong>IMSS-Bienestar<\/strong>. La medida busca eliminar barreras burocr\u00e1ticas como el requisito de correo electr\u00f3nico y comprobante domiciliario. La afiliaci\u00f3n no es un requisito para recibir atenci\u00f3n, pero permite una mejor identificaci\u00f3n de los usuarios y la planeaci\u00f3n de insumos.<\/p>\n\n\n\n<p>Los municipios con m\u00f3dulos de afiliaci\u00f3n incluyen:<\/p>\n\n\n\n<ul class=\"wp-block-list\">\n<li>Acatzingo<\/li>\n\n\n\n<li>Chalchicomula de Sesma<\/li>\n\n\n\n<li>Coyotepec<\/li>\n\n\n\n<li>Honey<\/li>\n\n\n\n<li>Huehuetla<\/li>\n\n\n\n<li>Ixcaquixtla<\/li>\n\n\n\n<li>Santa Clara Huitziltepec<\/li>\n\n\n\n<li>Santa In\u00e9s Ahuatempan<\/li>\n\n\n\n<li>Tecali de Herrera<\/li>\n\n\n\n<li>Tepexi de Rodr\u00edguez<\/li>\n\n\n\n<li>Tepatlaxco de Hidalgo<\/li>\n\n\n\n<li>Tetela de Ocampo<\/li>\n\n\n\n<li>Tlacotepec de Benito Ju\u00e1rez<\/li>\n\n\n\n<li>San Miguel Xoxtla<\/li>\n<\/ul>\n\n\n\n<p>La reducci\u00f3n de <strong>262 millones<\/strong> representa una contracci\u00f3n nacional del gasto estatal en salud p\u00fablica del <strong>15.5%<\/strong> en el primer semestre de 2025.<\/p>\n\n\n\n<h2 class=\"wp-block-heading\" id=\"h-presupuesto-de-la-salud-publica-nacional\"><strong>Presupuesto de la Salud P\u00fablica nacional<\/strong><\/h2>\n\n\n\n<p>A nivel nacional, el presupuesto de la Secretar\u00eda de Salud federal present\u00f3 una disminuci\u00f3n de 34 mil 421 millones de pesos entre 2024 y 2025. Tambi\u00e9n se registr\u00f3 una reducci\u00f3n de m\u00e1s de 60 mil millones de pesos en el Fondo de Aportaciones para los Servicios de Salud. El programa IMSS-Bienestar recibi\u00f3 un incremento presupuestal de 31 mil 207 millones de pesos en el mismo periodo.<\/p>\n\n\n\n<p><strong>LEER M\u00c1S: <a href=\"https:\/\/grupohoymexico.com\/puebla\/2025\/12\/08\/un-peregrino-muere-en-la-mexico-puebla-por-un-accidente\/\">Un peregrino muere en la M\u00e9xico-Puebla por un accidente<\/a><\/strong><\/p>\n\n\n\n<p>A nivel nacional, el presupuesto de la Secretar\u00eda de Salud federal present\u00f3 una disminuci\u00f3n de <strong>34 mil 421 mdp<\/strong> entre 2024 y 2025. Tambi\u00e9n se registr\u00f3 una reducci\u00f3n de m\u00e1s de <strong>60 mil mdp <\/strong>en el Fondo de Aportaciones para los Servicios de Salud. El programa <strong>IMSS-Bienestar<\/strong> recibi\u00f3 un incremento presupuestal de <strong>31 mil 207 mdp<\/strong> en el mismo periodo<\/p>\n","protected":false},"excerpt":{"rendered":"El estado de Puebla perdi\u00f3 262 mdp correspondientes al programa de Atenci\u00f3n a la Salud y Medicamentos Gratuitos&hellip;","protected":false},"author":1,"featured_media":79209,"comment_status":"open","ping_status":"open","sticky":false,"template":"","format":"standard","meta":{"csco_display_header_overlay":false,"csco_singular_sidebar":"","csco_page_header_type":"","csco_page_load_nextpost":"","csco_post_video_location":[],"csco_post_video_location_hash":"","csco_post_video_url":"","csco_post_video_bg_start_time":0,"csco_post_video_bg_end_time":0,"footnotes":""},"categories":[29],"tags":[],"class_list":{"0":"post-79208","1":"post","2":"type-post","3":"status-publish","4":"format-standard","5":"has-post-thumbnail","7":"category-estatal","8":"cs-entry","9":"cs-video-wrap"},"yoast_head":"<!-- This site is optimized with the Yoast SEO Premium plugin v24.7 (Yoast SEO v27.4) - https:\/\/yoast.com\/product\/yoast-seo-premium-wordpress\/ -->\n<title>Recorte de salud en Puebla golpea a poblaci\u00f3n sin seguro - Grupo Hoy Puebla<\/title>\n<meta name=\"description\" content=\"El estado de Puebla perdi\u00f3 262 mdp para financiar servicios m\u00e9dicos para personas que no cuentan con cobertura del IMSS o ISSSTE.\" \/>\n<meta name=\"robots\" content=\"index, follow, max-snippet:-1, max-image-preview:large, max-video-preview:-1\" \/>\n<link rel=\"canonical\" href=\"https:\/\/grupohoymexico.com\/puebla\/2025\/12\/08\/recorte-de-salud-en-puebla-golpea-a-poblacion-sin-seguro\/\" \/>\n<meta property=\"og:locale\" content=\"es_MX\" \/>\n<meta property=\"og:type\" content=\"article\" \/>\n<meta property=\"og:title\" content=\"Recorte de salud en Puebla golpea a poblaci\u00f3n sin seguro\" \/>\n<meta property=\"og:description\" content=\"El estado de Puebla perdi\u00f3 262 mdp para financiar servicios m\u00e9dicos para personas que no cuentan con cobertura del IMSS o ISSSTE.\" \/>\n<meta property=\"og:url\" content=\"https:\/\/grupohoymexico.com\/puebla\/2025\/12\/08\/recorte-de-salud-en-puebla-golpea-a-poblacion-sin-seguro\/\" \/>\n<meta property=\"og:site_name\" content=\"Grupo Hoy Puebla\" \/>\n<meta property=\"article:published_time\" content=\"2025-12-08T20:07:12+00:00\" \/>\n<meta property=\"article:modified_time\" content=\"2025-12-08T20:07:13+00:00\" \/>\n<meta property=\"og:image\" content=\"https:\/\/grupohoymexico.com\/puebla\/wp-content\/uploads\/sites\/3\/2025\/12\/Puebla_afecta_a-personas_sin_seguro_social_con_recorte_de_salud_publica.webp\" \/>\n\t<meta property=\"og:image:width\" content=\"1200\" \/>\n\t<meta property=\"og:image:height\" content=\"638\" \/>\n\t<meta property=\"og:image:type\" content=\"image\/webp\" \/>\n<meta name=\"author\" content=\"user\" \/>\n<meta name=\"twitter:card\" content=\"summary_large_image\" \/>\n<meta name=\"twitter:label1\" content=\"Escrito por\" \/>\n\t<meta name=\"twitter:data1\" content=\"user\" \/>\n\t<meta name=\"twitter:label2\" content=\"Tiempo de lectura\" \/>\n\t<meta name=\"twitter:data2\" content=\"3 minutos\" \/>\n<script type=\"application\/ld+json\" class=\"yoast-schema-graph\">{\"@context\":\"https:\\\/\\\/schema.org\",\"@graph\":[{\"@type\":\"Article\",\"@id\":\"https:\\\/\\\/grupohoymexico.com\\\/puebla\\\/2025\\\/12\\\/08\\\/recorte-de-salud-en-puebla-golpea-a-poblacion-sin-seguro\\\/#article\",\"isPartOf\":{\"@id\":\"https:\\\/\\\/grupohoymexico.com\\\/puebla\\\/2025\\\/12\\\/08\\\/recorte-de-salud-en-puebla-golpea-a-poblacion-sin-seguro\\\/\"},\"author\":{\"name\":\"user\",\"@id\":\"https:\\\/\\\/grupohoymexico.com\\\/puebla\\\/#\\\/schema\\\/person\\\/ce6086ac837852775a3a4f539356c297\"},\"headline\":\"Recorte de salud en Puebla golpea a poblaci\u00f3n sin seguro\",\"datePublished\":\"2025-12-08T20:07:12+00:00\",\"dateModified\":\"2025-12-08T20:07:13+00:00\",\"mainEntityOfPage\":{\"@id\":\"https:\\\/\\\/grupohoymexico.com\\\/puebla\\\/2025\\\/12\\\/08\\\/recorte-de-salud-en-puebla-golpea-a-poblacion-sin-seguro\\\/\"},\"wordCount\":462,\"commentCount\":0,\"image\":{\"@id\":\"https:\\\/\\\/grupohoymexico.com\\\/puebla\\\/2025\\\/12\\\/08\\\/recorte-de-salud-en-puebla-golpea-a-poblacion-sin-seguro\\\/#primaryimage\"},\"thumbnailUrl\":\"https:\\\/\\\/grupohoymexico.com\\\/puebla\\\/wp-content\\\/uploads\\\/sites\\\/3\\\/2025\\\/12\\\/Puebla_afecta_a-personas_sin_seguro_social_con_recorte_de_salud_publica.webp\",\"articleSection\":[\"Estatal\"],\"inLanguage\":\"es\",\"potentialAction\":[{\"@type\":\"CommentAction\",\"name\":\"Comment\",\"target\":[\"https:\\\/\\\/grupohoymexico.com\\\/puebla\\\/2025\\\/12\\\/08\\\/recorte-de-salud-en-puebla-golpea-a-poblacion-sin-seguro\\\/#respond\"]}]},{\"@type\":\"WebPage\",\"@id\":\"https:\\\/\\\/grupohoymexico.com\\\/puebla\\\/2025\\\/12\\\/08\\\/recorte-de-salud-en-puebla-golpea-a-poblacion-sin-seguro\\\/\",\"url\":\"https:\\\/\\\/grupohoymexico.com\\\/puebla\\\/2025\\\/12\\\/08\\\/recorte-de-salud-en-puebla-golpea-a-poblacion-sin-seguro\\\/\",\"name\":\"Recorte de salud en Puebla golpea a poblaci\u00f3n sin seguro - Grupo Hoy Puebla\",\"isPartOf\":{\"@id\":\"https:\\\/\\\/grupohoymexico.com\\\/puebla\\\/#website\"},\"primaryImageOfPage\":{\"@id\":\"https:\\\/\\\/grupohoymexico.com\\\/puebla\\\/2025\\\/12\\\/08\\\/recorte-de-salud-en-puebla-golpea-a-poblacion-sin-seguro\\\/#primaryimage\"},\"image\":{\"@id\":\"https:\\\/\\\/grupohoymexico.com\\\/puebla\\\/2025\\\/12\\\/08\\\/recorte-de-salud-en-puebla-golpea-a-poblacion-sin-seguro\\\/#primaryimage\"},\"thumbnailUrl\":\"https:\\\/\\\/grupohoymexico.com\\\/puebla\\\/wp-content\\\/uploads\\\/sites\\\/3\\\/2025\\\/12\\\/Puebla_afecta_a-personas_sin_seguro_social_con_recorte_de_salud_publica.webp\",\"datePublished\":\"2025-12-08T20:07:12+00:00\",\"dateModified\":\"2025-12-08T20:07:13+00:00\",\"author\":{\"@id\":\"https:\\\/\\\/grupohoymexico.com\\\/puebla\\\/#\\\/schema\\\/person\\\/ce6086ac837852775a3a4f539356c297\"},\"description\":\"El estado de Puebla perdi\u00f3 262 mdp para financiar servicios m\u00e9dicos para personas que no cuentan con cobertura del IMSS o ISSSTE.\",\"breadcrumb\":{\"@id\":\"https:\\\/\\\/grupohoymexico.com\\\/puebla\\\/2025\\\/12\\\/08\\\/recorte-de-salud-en-puebla-golpea-a-poblacion-sin-seguro\\\/#breadcrumb\"},\"inLanguage\":\"es\",\"potentialAction\":[{\"@type\":\"ReadAction\",\"target\":[\"https:\\\/\\\/grupohoymexico.com\\\/puebla\\\/2025\\\/12\\\/08\\\/recorte-de-salud-en-puebla-golpea-a-poblacion-sin-seguro\\\/\"]}]},{\"@type\":\"ImageObject\",\"inLanguage\":\"es\",\"@id\":\"https:\\\/\\\/grupohoymexico.com\\\/puebla\\\/2025\\\/12\\\/08\\\/recorte-de-salud-en-puebla-golpea-a-poblacion-sin-seguro\\\/#primaryimage\",\"url\":\"https:\\\/\\\/grupohoymexico.com\\\/puebla\\\/wp-content\\\/uploads\\\/sites\\\/3\\\/2025\\\/12\\\/Puebla_afecta_a-personas_sin_seguro_social_con_recorte_de_salud_publica.webp\",\"contentUrl\":\"https:\\\/\\\/grupohoymexico.com\\\/puebla\\\/wp-content\\\/uploads\\\/sites\\\/3\\\/2025\\\/12\\\/Puebla_afecta_a-personas_sin_seguro_social_con_recorte_de_salud_publica.webp\",\"width\":1200,\"height\":638,\"caption\":\"Foto Freepik\"},{\"@type\":\"BreadcrumbList\",\"@id\":\"https:\\\/\\\/grupohoymexico.com\\\/puebla\\\/2025\\\/12\\\/08\\\/recorte-de-salud-en-puebla-golpea-a-poblacion-sin-seguro\\\/#breadcrumb\",\"itemListElement\":[{\"@type\":\"ListItem\",\"position\":1,\"name\":\"Inicio\",\"item\":\"https:\\\/\\\/grupohoymexico.com\\\/puebla\\\/\"},{\"@type\":\"ListItem\",\"position\":2,\"name\":\"Recorte de salud en Puebla golpea a poblaci\u00f3n sin seguro\"}]},{\"@type\":\"WebSite\",\"@id\":\"https:\\\/\\\/grupohoymexico.com\\\/puebla\\\/#website\",\"url\":\"https:\\\/\\\/grupohoymexico.com\\\/puebla\\\/\",\"name\":\"Grupo Hoy Puebla\",\"description\":\"\",\"potentialAction\":[{\"@type\":\"SearchAction\",\"target\":{\"@type\":\"EntryPoint\",\"urlTemplate\":\"https:\\\/\\\/grupohoymexico.com\\\/puebla\\\/?s={search_term_string}\"},\"query-input\":{\"@type\":\"PropertyValueSpecification\",\"valueRequired\":true,\"valueName\":\"search_term_string\"}}],\"inLanguage\":\"es\"},{\"@type\":\"Person\",\"@id\":\"https:\\\/\\\/grupohoymexico.com\\\/puebla\\\/#\\\/schema\\\/person\\\/ce6086ac837852775a3a4f539356c297\",\"name\":\"user\",\"image\":{\"@type\":\"ImageObject\",\"inLanguage\":\"es\",\"@id\":\"https:\\\/\\\/secure.gravatar.com\\\/avatar\\\/25f78de4fa956f6f7c01f8d96f8087d8958ebe06d57e630cd54e36aefb9dacea?s=96&d=mm&r=g\",\"url\":\"https:\\\/\\\/secure.gravatar.com\\\/avatar\\\/25f78de4fa956f6f7c01f8d96f8087d8958ebe06d57e630cd54e36aefb9dacea?s=96&d=mm&r=g\",\"contentUrl\":\"https:\\\/\\\/secure.gravatar.com\\\/avatar\\\/25f78de4fa956f6f7c01f8d96f8087d8958ebe06d57e630cd54e36aefb9dacea?s=96&d=mm&r=g\",\"caption\":\"user\"},\"sameAs\":[\"http:\\\/\\\/44.197.188.197.nip.io\"],\"url\":\"https:\\\/\\\/grupohoymexico.com\\\/puebla\\\/author\\\/user\\\/\"}]}<\/script>\n<!-- \/ Yoast SEO Premium plugin. -->","yoast_head_json":{"title":"Recorte de salud en Puebla golpea a poblaci\u00f3n sin seguro - Grupo Hoy Puebla","description":"El estado de Puebla perdi\u00f3 262 mdp para financiar servicios m\u00e9dicos para personas que no cuentan con cobertura del IMSS o ISSSTE.","robots":{"index":"index","follow":"follow","max-snippet":"max-snippet:-1","max-image-preview":"max-image-preview:large","max-video-preview":"max-video-preview:-1"},"canonical":"https:\/\/grupohoymexico.com\/puebla\/2025\/12\/08\/recorte-de-salud-en-puebla-golpea-a-poblacion-sin-seguro\/","og_locale":"es_MX","og_type":"article","og_title":"Recorte de salud en Puebla golpea a poblaci\u00f3n sin seguro","og_description":"El estado de Puebla perdi\u00f3 262 mdp para financiar servicios m\u00e9dicos para personas que no cuentan con cobertura del IMSS o ISSSTE.","og_url":"https:\/\/grupohoymexico.com\/puebla\/2025\/12\/08\/recorte-de-salud-en-puebla-golpea-a-poblacion-sin-seguro\/","og_site_name":"Grupo Hoy Puebla","article_published_time":"2025-12-08T20:07:12+00:00","article_modified_time":"2025-12-08T20:07:13+00:00","og_image":[{"width":1200,"height":638,"url":"https:\/\/grupohoymexico.com\/puebla\/wp-content\/uploads\/sites\/3\/2025\/12\/Puebla_afecta_a-personas_sin_seguro_social_con_recorte_de_salud_publica.webp","type":"image\/webp"}],"author":"user","twitter_card":"summary_large_image","twitter_misc":{"Escrito por":"user","Tiempo de lectura":"3 minutos"},"schema":{"@context":"https:\/\/schema.org","@graph":[{"@type":"Article","@id":"https:\/\/grupohoymexico.com\/puebla\/2025\/12\/08\/recorte-de-salud-en-puebla-golpea-a-poblacion-sin-seguro\/#article","isPartOf":{"@id":"https:\/\/grupohoymexico.com\/puebla\/2025\/12\/08\/recorte-de-salud-en-puebla-golpea-a-poblacion-sin-seguro\/"},"author":{"name":"user","@id":"https:\/\/grupohoymexico.com\/puebla\/#\/schema\/person\/ce6086ac837852775a3a4f539356c297"},"headline":"Recorte de salud en Puebla golpea a poblaci\u00f3n sin seguro","datePublished":"2025-12-08T20:07:12+00:00","dateModified":"2025-12-08T20:07:13+00:00","mainEntityOfPage":{"@id":"https:\/\/grupohoymexico.com\/puebla\/2025\/12\/08\/recorte-de-salud-en-puebla-golpea-a-poblacion-sin-seguro\/"},"wordCount":462,"commentCount":0,"image":{"@id":"https:\/\/grupohoymexico.com\/puebla\/2025\/12\/08\/recorte-de-salud-en-puebla-golpea-a-poblacion-sin-seguro\/#primaryimage"},"thumbnailUrl":"https:\/\/grupohoymexico.com\/puebla\/wp-content\/uploads\/sites\/3\/2025\/12\/Puebla_afecta_a-personas_sin_seguro_social_con_recorte_de_salud_publica.webp","articleSection":["Estatal"],"inLanguage":"es","potentialAction":[{"@type":"CommentAction","name":"Comment","target":["https:\/\/grupohoymexico.com\/puebla\/2025\/12\/08\/recorte-de-salud-en-puebla-golpea-a-poblacion-sin-seguro\/#respond"]}]},{"@type":"WebPage","@id":"https:\/\/grupohoymexico.com\/puebla\/2025\/12\/08\/recorte-de-salud-en-puebla-golpea-a-poblacion-sin-seguro\/","url":"https:\/\/grupohoymexico.com\/puebla\/2025\/12\/08\/recorte-de-salud-en-puebla-golpea-a-poblacion-sin-seguro\/","name":"Recorte de salud en Puebla golpea a poblaci\u00f3n sin seguro - Grupo Hoy Puebla","isPartOf":{"@id":"https:\/\/grupohoymexico.com\/puebla\/#website"},"primaryImageOfPage":{"@id":"https:\/\/grupohoymexico.com\/puebla\/2025\/12\/08\/recorte-de-salud-en-puebla-golpea-a-poblacion-sin-seguro\/#primaryimage"},"image":{"@id":"https:\/\/grupohoymexico.com\/puebla\/2025\/12\/08\/recorte-de-salud-en-puebla-golpea-a-poblacion-sin-seguro\/#primaryimage"},"thumbnailUrl":"https:\/\/grupohoymexico.com\/puebla\/wp-content\/uploads\/sites\/3\/2025\/12\/Puebla_afecta_a-personas_sin_seguro_social_con_recorte_de_salud_publica.webp","datePublished":"2025-12-08T20:07:12+00:00","dateModified":"2025-12-08T20:07:13+00:00","author":{"@id":"https:\/\/grupohoymexico.com\/puebla\/#\/schema\/person\/ce6086ac837852775a3a4f539356c297"},"description":"El estado de Puebla perdi\u00f3 262 mdp para financiar servicios m\u00e9dicos para personas que no cuentan con cobertura del IMSS o ISSSTE.","breadcrumb":{"@id":"https:\/\/grupohoymexico.com\/puebla\/2025\/12\/08\/recorte-de-salud-en-puebla-golpea-a-poblacion-sin-seguro\/#breadcrumb"},"inLanguage":"es","potentialAction":[{"@type":"ReadAction","target":["https:\/\/grupohoymexico.com\/puebla\/2025\/12\/08\/recorte-de-salud-en-puebla-golpea-a-poblacion-sin-seguro\/"]}]},{"@type":"ImageObject","inLanguage":"es","@id":"https:\/\/grupohoymexico.com\/puebla\/2025\/12\/08\/recorte-de-salud-en-puebla-golpea-a-poblacion-sin-seguro\/#primaryimage","url":"https:\/\/grupohoymexico.com\/puebla\/wp-content\/uploads\/sites\/3\/2025\/12\/Puebla_afecta_a-personas_sin_seguro_social_con_recorte_de_salud_publica.webp","contentUrl":"https:\/\/grupohoymexico.com\/puebla\/wp-content\/uploads\/sites\/3\/2025\/12\/Puebla_afecta_a-personas_sin_seguro_social_con_recorte_de_salud_publica.webp","width":1200,"height":638,"caption":"Foto Freepik"},{"@type":"BreadcrumbList","@id":"https:\/\/grupohoymexico.com\/puebla\/2025\/12\/08\/recorte-de-salud-en-puebla-golpea-a-poblacion-sin-seguro\/#breadcrumb","itemListElement":[{"@type":"ListItem","position":1,"name":"Inicio","item":"https:\/\/grupohoymexico.com\/puebla\/"},{"@type":"ListItem","position":2,"name":"Recorte de salud en Puebla golpea a poblaci\u00f3n sin seguro"}]},{"@type":"WebSite","@id":"https:\/\/grupohoymexico.com\/puebla\/#website","url":"https:\/\/grupohoymexico.com\/puebla\/","name":"Grupo Hoy Puebla","description":"","potentialAction":[{"@type":"SearchAction","target":{"@type":"EntryPoint","urlTemplate":"https:\/\/grupohoymexico.com\/puebla\/?s={search_term_string}"},"query-input":{"@type":"PropertyValueSpecification","valueRequired":true,"valueName":"search_term_string"}}],"inLanguage":"es"},{"@type":"Person","@id":"https:\/\/grupohoymexico.com\/puebla\/#\/schema\/person\/ce6086ac837852775a3a4f539356c297","name":"user","image":{"@type":"ImageObject","inLanguage":"es","@id":"https:\/\/secure.gravatar.com\/avatar\/25f78de4fa956f6f7c01f8d96f8087d8958ebe06d57e630cd54e36aefb9dacea?s=96&d=mm&r=g","url":"https:\/\/secure.gravatar.com\/avatar\/25f78de4fa956f6f7c01f8d96f8087d8958ebe06d57e630cd54e36aefb9dacea?s=96&d=mm&r=g","contentUrl":"https:\/\/secure.gravatar.com\/avatar\/25f78de4fa956f6f7c01f8d96f8087d8958ebe06d57e630cd54e36aefb9dacea?s=96&d=mm&r=g","caption":"user"},"sameAs":["http:\/\/44.197.188.197.nip.io"],"url":"https:\/\/grupohoymexico.com\/puebla\/author\/user\/"}]}},"_links":{"self":[{"href":"https:\/\/grupohoymexico.com\/puebla\/wp-json\/wp\/v2\/posts\/79208","targetHints":{"allow":["GET"]}}],"collection":[{"href":"https:\/\/grupohoymexico.com\/puebla\/wp-json\/wp\/v2\/posts"}],"about":[{"href":"https:\/\/grupohoymexico.com\/puebla\/wp-json\/wp\/v2\/types\/post"}],"author":[{"embeddable":true,"href":"https:\/\/grupohoymexico.com\/puebla\/wp-json\/wp\/v2\/users\/1"}],"replies":[{"embeddable":true,"href":"https:\/\/grupohoymexico.com\/puebla\/wp-json\/wp\/v2\/comments?post=79208"}],"version-history":[{"count":1,"href":"https:\/\/grupohoymexico.com\/puebla\/wp-json\/wp\/v2\/posts\/79208\/revisions"}],"predecessor-version":[{"id":79210,"href":"https:\/\/grupohoymexico.com\/puebla\/wp-json\/wp\/v2\/posts\/79208\/revisions\/79210"}],"wp:featuredmedia":[{"embeddable":true,"href":"https:\/\/grupohoymexico.com\/puebla\/wp-json\/wp\/v2\/media\/79209"}],"wp:attachment":[{"href":"https:\/\/grupohoymexico.com\/puebla\/wp-json\/wp\/v2\/media?parent=79208"}],"wp:term":[{"taxonomy":"category","embeddable":true,"href":"https:\/\/grupohoymexico.com\/puebla\/wp-json\/wp\/v2\/categories?post=79208"},{"taxonomy":"post_tag","embeddable":true,"href":"https:\/\/grupohoymexico.com\/puebla\/wp-json\/wp\/v2\/tags?post=79208"}],"curies":[{"name":"wp","href":"https:\/\/api.w.org\/{rel}","templated":true}]}}