{"id":79202,"date":"2025-12-08T16:46:46","date_gmt":"2025-12-08T16:46:46","guid":{"rendered":"https:\/\/grupohoymexico.com\/puebla\/?p=79202"},"modified":"2025-12-08T16:46:47","modified_gmt":"2025-12-08T16:46:47","slug":"un-peregrino-muere-en-la-mexico-puebla-por-un-accidente","status":"publish","type":"post","link":"https:\/\/grupohoymexico.com\/puebla\/2025\/12\/08\/un-peregrino-muere-en-la-mexico-puebla-por-un-accidente\/","title":{"rendered":"Un peregrino muere en la M\u00e9xico-Puebla por un accidente"},"content":{"rendered":"\n<p>Un <strong>peregrino que iba rumbo a la Bas\u00edlica de Guadalupe <\/strong>muri\u00f3 en la <strong>autopista M\u00e9xico-Puebla<\/strong>. La causa no fue el fr\u00edo ni el cansancio, sino se trat\u00f3 de un accidente que se pudo prevenir. <\/p>\n\n\n\n<p>Todo ocurri\u00f3 por el choque entre tractocamiones y una camioneta, lo cual dej\u00f3 un peregrino fallecido. De inmediato se provoc\u00f3 un cierre parcial en la autopista a la altura de Tlahuapan. <\/p>\n\n\n\n<p><strong>TAMBI\u00c9N LEE:<\/strong> <a href=\"https:\/\/grupohoymexico.com\/puebla\/2025\/12\/06\/inauguran-arte-en-movimiento-en-el-centro-cultural-san-roque-de-puebla\/\" target=\"_blank\" rel=\"noreferrer noopener\">Inauguran \u2018Arte en movimiento\u2019 en el Centro Cultural San Roque de Puebla<\/a><\/p>\n\n\n\n<p>El impacto provoc\u00f3 un derrame de combustible y la movilizaci\u00f3n de equipos de emergencia. Aunque hubo versiones ciudadanas que se\u00f1alaron un posible intento de robo como origen del percance, la versi\u00f3n no fue confirmada por las autoridades.<\/p>\n\n\n\n<h2 class=\"wp-block-heading\" id=\"h-un-peregrino-muere-en-la-mexico-puebla-por-un-accidente\">Un peregrino muere en la M\u00e9xico-Puebla por un accidente<\/h2>\n\n\n\n<p>El incidente gener\u00f3 congesti\u00f3n vehicular en ambos sentidos y oblig\u00f3 a limitar la circulaci\u00f3n mientras avanzaban las maniobras. <\/p>\n\n\n\n<p>CAPUFE inform\u00f3 que el retiro de unidades y la limpieza de la zona continuaron durante varias horas, por lo que llam\u00f3 a los automovilistas a extremar precauciones, atender las indicaciones del personal y considerar rutas alternas.<\/p>\n\n\n\n<p>Recuerda que en esta temporada es frecuente ver en las autopistas a fieles de la Virgen de Guadalupe. Para evitar un accidente como el que vivi\u00f3 este peregrino en la M\u00e9xico-Puebla. evita conducir a altas velocidades. Respeta tambi\u00e9n a los fieles de la guadalupana, quienes usan diferentes medios para llegar a la CDMX.<\/p>\n","protected":false},"excerpt":{"rendered":"Un peregrino que iba rumbo a la Bas\u00edlica de Guadalupe muri\u00f3 en la autopista M\u00e9xico-Puebla. La causa no&hellip;","protected":false},"author":15,"featured_media":79204,"comment_status":"open","ping_status":"open","sticky":false,"template":"","format":"standard","meta":{"csco_display_header_overlay":false,"csco_singular_sidebar":"","csco_page_header_type":"","csco_page_load_nextpost":"","csco_post_video_location":[],"csco_post_video_location_hash":"","csco_post_video_url":"","csco_post_video_bg_start_time":0,"csco_post_video_bg_end_time":0,"footnotes":""},"categories":[29],"tags":[3267,3269,2756,3268],"class_list":{"0":"post-79202","1":"post","2":"type-post","3":"status-publish","4":"format-standard","5":"has-post-thumbnail","7":"category-estatal","8":"tag-capufe","9":"tag-dia-de-la-virgen","10":"tag-mexico-puebla","11":"tag-peregrinos","12":"cs-entry","13":"cs-video-wrap"},"yoast_head":"<!-- This site is optimized with the Yoast SEO Premium plugin v24.7 (Yoast SEO v27.4) - https:\/\/yoast.com\/product\/yoast-seo-premium-wordpress\/ -->\n<title>Un peregrino muere en la M\u00e9xico-Puebla por un accidente - Grupo Hoy Puebla<\/title>\n<meta name=\"robots\" content=\"index, follow, max-snippet:-1, max-image-preview:large, max-video-preview:-1\" \/>\n<link rel=\"canonical\" href=\"https:\/\/grupohoymexico.com\/puebla\/2025\/12\/08\/un-peregrino-muere-en-la-mexico-puebla-por-un-accidente\/\" \/>\n<meta property=\"og:locale\" content=\"es_MX\" \/>\n<meta property=\"og:type\" content=\"article\" \/>\n<meta property=\"og:title\" content=\"Un peregrino muere en la M\u00e9xico-Puebla por un accidente\" \/>\n<meta property=\"og:description\" content=\"Un peregrino que iba rumbo a la Bas\u00edlica de Guadalupe muri\u00f3 en la autopista M\u00e9xico-Puebla. La causa no&hellip;\" \/>\n<meta property=\"og:url\" content=\"https:\/\/grupohoymexico.com\/puebla\/2025\/12\/08\/un-peregrino-muere-en-la-mexico-puebla-por-un-accidente\/\" \/>\n<meta property=\"og:site_name\" content=\"Grupo Hoy Puebla\" \/>\n<meta property=\"article:published_time\" content=\"2025-12-08T16:46:46+00:00\" \/>\n<meta property=\"article:modified_time\" content=\"2025-12-08T16:46:47+00:00\" \/>\n<meta property=\"og:image\" content=\"https:\/\/grupohoymexico.com\/puebla\/wp-content\/uploads\/sites\/3\/2025\/12\/virgen_de_guadalupe_peregrino_mexico_puebla_accidente_.webp\" \/>\n\t<meta property=\"og:image:width\" content=\"1201\" \/>\n\t<meta property=\"og:image:height\" content=\"639\" \/>\n\t<meta property=\"og:image:type\" content=\"image\/webp\" \/>\n<meta name=\"author\" content=\"nestor\" \/>\n<meta name=\"twitter:card\" content=\"summary_large_image\" \/>\n<meta name=\"twitter:label1\" content=\"Escrito por\" \/>\n\t<meta name=\"twitter:data1\" content=\"nestor\" \/>\n\t<meta name=\"twitter:label2\" content=\"Tiempo de lectura\" \/>\n\t<meta name=\"twitter:data2\" content=\"2 minutos\" \/>\n<script type=\"application\/ld+json\" class=\"yoast-schema-graph\">{\"@context\":\"https:\\\/\\\/schema.org\",\"@graph\":[{\"@type\":\"Article\",\"@id\":\"https:\\\/\\\/grupohoymexico.com\\\/puebla\\\/2025\\\/12\\\/08\\\/un-peregrino-muere-en-la-mexico-puebla-por-un-accidente\\\/#article\",\"isPartOf\":{\"@id\":\"https:\\\/\\\/grupohoymexico.com\\\/puebla\\\/2025\\\/12\\\/08\\\/un-peregrino-muere-en-la-mexico-puebla-por-un-accidente\\\/\"},\"author\":{\"name\":\"nestor\",\"@id\":\"https:\\\/\\\/grupohoymexico.com\\\/puebla\\\/#\\\/schema\\\/person\\\/8201f3fa49669f346d08e15801e0ebc2\"},\"headline\":\"Un peregrino muere en la M\u00e9xico-Puebla por un accidente\",\"datePublished\":\"2025-12-08T16:46:46+00:00\",\"dateModified\":\"2025-12-08T16:46:47+00:00\",\"mainEntityOfPage\":{\"@id\":\"https:\\\/\\\/grupohoymexico.com\\\/puebla\\\/2025\\\/12\\\/08\\\/un-peregrino-muere-en-la-mexico-puebla-por-un-accidente\\\/\"},\"wordCount\":254,\"commentCount\":0,\"image\":{\"@id\":\"https:\\\/\\\/grupohoymexico.com\\\/puebla\\\/2025\\\/12\\\/08\\\/un-peregrino-muere-en-la-mexico-puebla-por-un-accidente\\\/#primaryimage\"},\"thumbnailUrl\":\"https:\\\/\\\/grupohoymexico.com\\\/puebla\\\/wp-content\\\/uploads\\\/sites\\\/3\\\/2025\\\/12\\\/virgen_de_guadalupe_peregrino_mexico_puebla_accidente_.webp\",\"keywords\":[\"Capufe\",\"D\u00eda de la Virgen\",\"M\u00e9xico-Puebla\",\"Peregrinos\"],\"articleSection\":[\"Estatal\"],\"inLanguage\":\"es\",\"potentialAction\":[{\"@type\":\"CommentAction\",\"name\":\"Comment\",\"target\":[\"https:\\\/\\\/grupohoymexico.com\\\/puebla\\\/2025\\\/12\\\/08\\\/un-peregrino-muere-en-la-mexico-puebla-por-un-accidente\\\/#respond\"]}]},{\"@type\":\"WebPage\",\"@id\":\"https:\\\/\\\/grupohoymexico.com\\\/puebla\\\/2025\\\/12\\\/08\\\/un-peregrino-muere-en-la-mexico-puebla-por-un-accidente\\\/\",\"url\":\"https:\\\/\\\/grupohoymexico.com\\\/puebla\\\/2025\\\/12\\\/08\\\/un-peregrino-muere-en-la-mexico-puebla-por-un-accidente\\\/\",\"name\":\"Un peregrino muere en la M\u00e9xico-Puebla por un accidente - Grupo Hoy Puebla\",\"isPartOf\":{\"@id\":\"https:\\\/\\\/grupohoymexico.com\\\/puebla\\\/#website\"},\"primaryImageOfPage\":{\"@id\":\"https:\\\/\\\/grupohoymexico.com\\\/puebla\\\/2025\\\/12\\\/08\\\/un-peregrino-muere-en-la-mexico-puebla-por-un-accidente\\\/#primaryimage\"},\"image\":{\"@id\":\"https:\\\/\\\/grupohoymexico.com\\\/puebla\\\/2025\\\/12\\\/08\\\/un-peregrino-muere-en-la-mexico-puebla-por-un-accidente\\\/#primaryimage\"},\"thumbnailUrl\":\"https:\\\/\\\/grupohoymexico.com\\\/puebla\\\/wp-content\\\/uploads\\\/sites\\\/3\\\/2025\\\/12\\\/virgen_de_guadalupe_peregrino_mexico_puebla_accidente_.webp\",\"datePublished\":\"2025-12-08T16:46:46+00:00\",\"dateModified\":\"2025-12-08T16:46:47+00:00\",\"author\":{\"@id\":\"https:\\\/\\\/grupohoymexico.com\\\/puebla\\\/#\\\/schema\\\/person\\\/8201f3fa49669f346d08e15801e0ebc2\"},\"breadcrumb\":{\"@id\":\"https:\\\/\\\/grupohoymexico.com\\\/puebla\\\/2025\\\/12\\\/08\\\/un-peregrino-muere-en-la-mexico-puebla-por-un-accidente\\\/#breadcrumb\"},\"inLanguage\":\"es\",\"potentialAction\":[{\"@type\":\"ReadAction\",\"target\":[\"https:\\\/\\\/grupohoymexico.com\\\/puebla\\\/2025\\\/12\\\/08\\\/un-peregrino-muere-en-la-mexico-puebla-por-un-accidente\\\/\"]}]},{\"@type\":\"ImageObject\",\"inLanguage\":\"es\",\"@id\":\"https:\\\/\\\/grupohoymexico.com\\\/puebla\\\/2025\\\/12\\\/08\\\/un-peregrino-muere-en-la-mexico-puebla-por-un-accidente\\\/#primaryimage\",\"url\":\"https:\\\/\\\/grupohoymexico.com\\\/puebla\\\/wp-content\\\/uploads\\\/sites\\\/3\\\/2025\\\/12\\\/virgen_de_guadalupe_peregrino_mexico_puebla_accidente_.webp\",\"contentUrl\":\"https:\\\/\\\/grupohoymexico.com\\\/puebla\\\/wp-content\\\/uploads\\\/sites\\\/3\\\/2025\\\/12\\\/virgen_de_guadalupe_peregrino_mexico_puebla_accidente_.webp\",\"width\":1201,\"height\":639,\"caption\":\"Foto: Freepik\"},{\"@type\":\"BreadcrumbList\",\"@id\":\"https:\\\/\\\/grupohoymexico.com\\\/puebla\\\/2025\\\/12\\\/08\\\/un-peregrino-muere-en-la-mexico-puebla-por-un-accidente\\\/#breadcrumb\",\"itemListElement\":[{\"@type\":\"ListItem\",\"position\":1,\"name\":\"Inicio\",\"item\":\"https:\\\/\\\/grupohoymexico.com\\\/puebla\\\/\"},{\"@type\":\"ListItem\",\"position\":2,\"name\":\"Un peregrino muere en la M\u00e9xico-Puebla por un accidente\"}]},{\"@type\":\"WebSite\",\"@id\":\"https:\\\/\\\/grupohoymexico.com\\\/puebla\\\/#website\",\"url\":\"https:\\\/\\\/grupohoymexico.com\\\/puebla\\\/\",\"name\":\"Grupo Hoy Puebla\",\"description\":\"\",\"potentialAction\":[{\"@type\":\"SearchAction\",\"target\":{\"@type\":\"EntryPoint\",\"urlTemplate\":\"https:\\\/\\\/grupohoymexico.com\\\/puebla\\\/?s={search_term_string}\"},\"query-input\":{\"@type\":\"PropertyValueSpecification\",\"valueRequired\":true,\"valueName\":\"search_term_string\"}}],\"inLanguage\":\"es\"},{\"@type\":\"Person\",\"@id\":\"https:\\\/\\\/grupohoymexico.com\\\/puebla\\\/#\\\/schema\\\/person\\\/8201f3fa49669f346d08e15801e0ebc2\",\"name\":\"nestor\",\"image\":{\"@type\":\"ImageObject\",\"inLanguage\":\"es\",\"@id\":\"https:\\\/\\\/secure.gravatar.com\\\/avatar\\\/6675a6d9279ab1d8e7b7c55956d0013492fdc51e007e555bc58e5e0eac33d094?s=96&d=mm&r=g\",\"url\":\"https:\\\/\\\/secure.gravatar.com\\\/avatar\\\/6675a6d9279ab1d8e7b7c55956d0013492fdc51e007e555bc58e5e0eac33d094?s=96&d=mm&r=g\",\"contentUrl\":\"https:\\\/\\\/secure.gravatar.com\\\/avatar\\\/6675a6d9279ab1d8e7b7c55956d0013492fdc51e007e555bc58e5e0eac33d094?s=96&d=mm&r=g\",\"caption\":\"nestor\"},\"url\":\"https:\\\/\\\/grupohoymexico.com\\\/puebla\\\/author\\\/nestor\\\/\"}]}<\/script>\n<!-- \/ Yoast SEO Premium plugin. -->","yoast_head_json":{"title":"Un peregrino muere en la M\u00e9xico-Puebla por un accidente - Grupo Hoy Puebla","robots":{"index":"index","follow":"follow","max-snippet":"max-snippet:-1","max-image-preview":"max-image-preview:large","max-video-preview":"max-video-preview:-1"},"canonical":"https:\/\/grupohoymexico.com\/puebla\/2025\/12\/08\/un-peregrino-muere-en-la-mexico-puebla-por-un-accidente\/","og_locale":"es_MX","og_type":"article","og_title":"Un peregrino muere en la M\u00e9xico-Puebla por un accidente","og_description":"Un peregrino que iba rumbo a la Bas\u00edlica de Guadalupe muri\u00f3 en la autopista M\u00e9xico-Puebla. La causa no&hellip;","og_url":"https:\/\/grupohoymexico.com\/puebla\/2025\/12\/08\/un-peregrino-muere-en-la-mexico-puebla-por-un-accidente\/","og_site_name":"Grupo Hoy Puebla","article_published_time":"2025-12-08T16:46:46+00:00","article_modified_time":"2025-12-08T16:46:47+00:00","og_image":[{"width":1201,"height":639,"url":"https:\/\/grupohoymexico.com\/puebla\/wp-content\/uploads\/sites\/3\/2025\/12\/virgen_de_guadalupe_peregrino_mexico_puebla_accidente_.webp","type":"image\/webp"}],"author":"nestor","twitter_card":"summary_large_image","twitter_misc":{"Escrito por":"nestor","Tiempo de lectura":"2 minutos"},"schema":{"@context":"https:\/\/schema.org","@graph":[{"@type":"Article","@id":"https:\/\/grupohoymexico.com\/puebla\/2025\/12\/08\/un-peregrino-muere-en-la-mexico-puebla-por-un-accidente\/#article","isPartOf":{"@id":"https:\/\/grupohoymexico.com\/puebla\/2025\/12\/08\/un-peregrino-muere-en-la-mexico-puebla-por-un-accidente\/"},"author":{"name":"nestor","@id":"https:\/\/grupohoymexico.com\/puebla\/#\/schema\/person\/8201f3fa49669f346d08e15801e0ebc2"},"headline":"Un peregrino muere en la M\u00e9xico-Puebla por un accidente","datePublished":"2025-12-08T16:46:46+00:00","dateModified":"2025-12-08T16:46:47+00:00","mainEntityOfPage":{"@id":"https:\/\/grupohoymexico.com\/puebla\/2025\/12\/08\/un-peregrino-muere-en-la-mexico-puebla-por-un-accidente\/"},"wordCount":254,"commentCount":0,"image":{"@id":"https:\/\/grupohoymexico.com\/puebla\/2025\/12\/08\/un-peregrino-muere-en-la-mexico-puebla-por-un-accidente\/#primaryimage"},"thumbnailUrl":"https:\/\/grupohoymexico.com\/puebla\/wp-content\/uploads\/sites\/3\/2025\/12\/virgen_de_guadalupe_peregrino_mexico_puebla_accidente_.webp","keywords":["Capufe","D\u00eda de la Virgen","M\u00e9xico-Puebla","Peregrinos"],"articleSection":["Estatal"],"inLanguage":"es","potentialAction":[{"@type":"CommentAction","name":"Comment","target":["https:\/\/grupohoymexico.com\/puebla\/2025\/12\/08\/un-peregrino-muere-en-la-mexico-puebla-por-un-accidente\/#respond"]}]},{"@type":"WebPage","@id":"https:\/\/grupohoymexico.com\/puebla\/2025\/12\/08\/un-peregrino-muere-en-la-mexico-puebla-por-un-accidente\/","url":"https:\/\/grupohoymexico.com\/puebla\/2025\/12\/08\/un-peregrino-muere-en-la-mexico-puebla-por-un-accidente\/","name":"Un peregrino muere en la M\u00e9xico-Puebla por un accidente - Grupo Hoy Puebla","isPartOf":{"@id":"https:\/\/grupohoymexico.com\/puebla\/#website"},"primaryImageOfPage":{"@id":"https:\/\/grupohoymexico.com\/puebla\/2025\/12\/08\/un-peregrino-muere-en-la-mexico-puebla-por-un-accidente\/#primaryimage"},"image":{"@id":"https:\/\/grupohoymexico.com\/puebla\/2025\/12\/08\/un-peregrino-muere-en-la-mexico-puebla-por-un-accidente\/#primaryimage"},"thumbnailUrl":"https:\/\/grupohoymexico.com\/puebla\/wp-content\/uploads\/sites\/3\/2025\/12\/virgen_de_guadalupe_peregrino_mexico_puebla_accidente_.webp","datePublished":"2025-12-08T16:46:46+00:00","dateModified":"2025-12-08T16:46:47+00:00","author":{"@id":"https:\/\/grupohoymexico.com\/puebla\/#\/schema\/person\/8201f3fa49669f346d08e15801e0ebc2"},"breadcrumb":{"@id":"https:\/\/grupohoymexico.com\/puebla\/2025\/12\/08\/un-peregrino-muere-en-la-mexico-puebla-por-un-accidente\/#breadcrumb"},"inLanguage":"es","potentialAction":[{"@type":"ReadAction","target":["https:\/\/grupohoymexico.com\/puebla\/2025\/12\/08\/un-peregrino-muere-en-la-mexico-puebla-por-un-accidente\/"]}]},{"@type":"ImageObject","inLanguage":"es","@id":"https:\/\/grupohoymexico.com\/puebla\/2025\/12\/08\/un-peregrino-muere-en-la-mexico-puebla-por-un-accidente\/#primaryimage","url":"https:\/\/grupohoymexico.com\/puebla\/wp-content\/uploads\/sites\/3\/2025\/12\/virgen_de_guadalupe_peregrino_mexico_puebla_accidente_.webp","contentUrl":"https:\/\/grupohoymexico.com\/puebla\/wp-content\/uploads\/sites\/3\/2025\/12\/virgen_de_guadalupe_peregrino_mexico_puebla_accidente_.webp","width":1201,"height":639,"caption":"Foto: Freepik"},{"@type":"BreadcrumbList","@id":"https:\/\/grupohoymexico.com\/puebla\/2025\/12\/08\/un-peregrino-muere-en-la-mexico-puebla-por-un-accidente\/#breadcrumb","itemListElement":[{"@type":"ListItem","position":1,"name":"Inicio","item":"https:\/\/grupohoymexico.com\/puebla\/"},{"@type":"ListItem","position":2,"name":"Un peregrino muere en la M\u00e9xico-Puebla por un accidente"}]},{"@type":"WebSite","@id":"https:\/\/grupohoymexico.com\/puebla\/#website","url":"https:\/\/grupohoymexico.com\/puebla\/","name":"Grupo Hoy Puebla","description":"","potentialAction":[{"@type":"SearchAction","target":{"@type":"EntryPoint","urlTemplate":"https:\/\/grupohoymexico.com\/puebla\/?s={search_term_string}"},"query-input":{"@type":"PropertyValueSpecification","valueRequired":true,"valueName":"search_term_string"}}],"inLanguage":"es"},{"@type":"Person","@id":"https:\/\/grupohoymexico.com\/puebla\/#\/schema\/person\/8201f3fa49669f346d08e15801e0ebc2","name":"nestor","image":{"@type":"ImageObject","inLanguage":"es","@id":"https:\/\/secure.gravatar.com\/avatar\/6675a6d9279ab1d8e7b7c55956d0013492fdc51e007e555bc58e5e0eac33d094?s=96&d=mm&r=g","url":"https:\/\/secure.gravatar.com\/avatar\/6675a6d9279ab1d8e7b7c55956d0013492fdc51e007e555bc58e5e0eac33d094?s=96&d=mm&r=g","contentUrl":"https:\/\/secure.gravatar.com\/avatar\/6675a6d9279ab1d8e7b7c55956d0013492fdc51e007e555bc58e5e0eac33d094?s=96&d=mm&r=g","caption":"nestor"},"url":"https:\/\/grupohoymexico.com\/puebla\/author\/nestor\/"}]}},"_links":{"self":[{"href":"https:\/\/grupohoymexico.com\/puebla\/wp-json\/wp\/v2\/posts\/79202","targetHints":{"allow":["GET"]}}],"collection":[{"href":"https:\/\/grupohoymexico.com\/puebla\/wp-json\/wp\/v2\/posts"}],"about":[{"href":"https:\/\/grupohoymexico.com\/puebla\/wp-json\/wp\/v2\/types\/post"}],"author":[{"embeddable":true,"href":"https:\/\/grupohoymexico.com\/puebla\/wp-json\/wp\/v2\/users\/15"}],"replies":[{"embeddable":true,"href":"https:\/\/grupohoymexico.com\/puebla\/wp-json\/wp\/v2\/comments?post=79202"}],"version-history":[{"count":2,"href":"https:\/\/grupohoymexico.com\/puebla\/wp-json\/wp\/v2\/posts\/79202\/revisions"}],"predecessor-version":[{"id":79205,"href":"https:\/\/grupohoymexico.com\/puebla\/wp-json\/wp\/v2\/posts\/79202\/revisions\/79205"}],"wp:featuredmedia":[{"embeddable":true,"href":"https:\/\/grupohoymexico.com\/puebla\/wp-json\/wp\/v2\/media\/79204"}],"wp:attachment":[{"href":"https:\/\/grupohoymexico.com\/puebla\/wp-json\/wp\/v2\/media?parent=79202"}],"wp:term":[{"taxonomy":"category","embeddable":true,"href":"https:\/\/grupohoymexico.com\/puebla\/wp-json\/wp\/v2\/categories?post=79202"},{"taxonomy":"post_tag","embeddable":true,"href":"https:\/\/grupohoymexico.com\/puebla\/wp-json\/wp\/v2\/tags?post=79202"}],"curies":[{"name":"wp","href":"https:\/\/api.w.org\/{rel}","templated":true}]}}