{"id":79201,"date":"2025-12-08T16:49:04","date_gmt":"2025-12-08T16:49:04","guid":{"rendered":"https:\/\/grupohoymexico.com\/puebla\/?p=79201"},"modified":"2025-12-08T16:49:04","modified_gmt":"2025-12-08T16:49:04","slug":"suspension-clases-puebla-frente-frio-19","status":"publish","type":"post","link":"https:\/\/grupohoymexico.com\/puebla\/2025\/12\/08\/suspension-clases-puebla-frente-frio-19\/","title":{"rendered":"Puebla suspende clases en m\u00e1s de 5,800 escuelas por el frente fr\u00edo n\u00famero 19"},"content":{"rendered":"\n<p>La <strong>Secretar\u00eda de Educaci\u00f3n P\u00fablica (SEP)<\/strong> confirm\u00f3 la suspensi\u00f3n de clases este lunes 8 de diciembre en 5,836 escuelas de 64 municipios de la <strong>Sierra Norte<\/strong> y <strong>Nororiental de Puebla<\/strong>. La medida preventiva responde a los efectos del frente fr\u00edo n\u00famero 19, que traer\u00e1 bajas temperaturas, lluvias y vientos fuertes en la regi\u00f3n. La decisi\u00f3n busca proteger la salud y seguridad de estudiantes, docentes y personal educativo.<\/p>\n\n\n\n<h2 class=\"wp-block-heading\" id=\"h-medida-preventiva-por-recomendaciones-de-proteccion-civil\"><strong>Medida preventiva por recomendaciones de Protecci\u00f3n Civil<\/strong><\/h2>\n\n\n\n<p>De acuerdo con la <strong><a href=\"https:\/\/www.gob.mx\/sep\" target=\"_blank\" rel=\"noreferrer noopener\">SEP<\/a><\/strong>, la determinaci\u00f3n se tom\u00f3 siguiendo las recomendaciones de la <strong>Coordinaci\u00f3n Estatal de Protecci\u00f3n Civil y Gesti\u00f3n del Riesgo de Desastres<\/strong>. La dependencia explic\u00f3 que el descenso de temperatura y las condiciones clim\u00e1ticas extremas representan riesgos para la comunidad escolar, especialmente en zonas de alta vulnerabilidad. Por ello, se activ\u00f3 el protocolo de suspensi\u00f3n temporal en todos los planteles ubicados en las \u00e1reas afectadas.<\/p>\n\n\n\n<p>LEE TAMBI\u00c9N: <a href=\"https:\/\/grupohoymexico.com\/puebla\/2025\/12\/06\/inauguran-arte-en-movimiento-en-el-centro-cultural-san-roque-de-puebla\/\" target=\"_blank\" rel=\"noreferrer noopener\">Inauguran \u2018Arte en movimiento\u2019 en el Centro Cultural San Roque de Puebla<\/a><\/p>\n\n\n\n<h2 class=\"wp-block-heading\" id=\"h-suspension-en-todos-los-niveles-educativos\"><strong>Suspensi\u00f3n en todos los niveles educativos<\/strong><\/h2>\n\n\n\n<p>La medida aplica para los niveles inicial, preescolar, primaria, secundaria, media superior y superior. Con esto, se busca evitar la exposici\u00f3n de ni\u00f1as, ni\u00f1os y j\u00f3venes a las temperaturas previstas y garantizar su bienestar durante la contingencia. La <strong>SEP<\/strong> reiter\u00f3 que la protecci\u00f3n de la comunidad educativa es la prioridad en situaciones climatol\u00f3gicas adversas.<\/p>\n","protected":false},"excerpt":{"rendered":"La Secretar\u00eda de Educaci\u00f3n P\u00fablica (SEP) confirm\u00f3 la suspensi\u00f3n de clases este lunes 8 de diciembre en 5,836&hellip;","protected":false},"author":30,"featured_media":79206,"comment_status":"open","ping_status":"open","sticky":false,"template":"","format":"standard","meta":{"csco_display_header_overlay":false,"csco_singular_sidebar":"","csco_page_header_type":"","csco_page_load_nextpost":"","csco_post_video_location":[],"csco_post_video_location_hash":"","csco_post_video_url":"","csco_post_video_bg_start_time":0,"csco_post_video_bg_end_time":0,"footnotes":""},"categories":[29],"tags":[3265,203,3266,40,42],"class_list":{"0":"post-79201","1":"post","2":"type-post","3":"status-publish","4":"format-standard","5":"has-post-thumbnail","7":"category-estatal","8":"tag-clases-puebla","9":"tag-clima-puebla","10":"tag-frente-frio-19-puebla","11":"tag-puebla","12":"tag-sep","13":"cs-entry","14":"cs-video-wrap"},"yoast_head":"<!-- This site is optimized with the Yoast SEO Premium plugin v24.7 (Yoast SEO v27.4) - https:\/\/yoast.com\/product\/yoast-seo-premium-wordpress\/ -->\n<title>Puebla suspende clases por el frente fr\u00edo 19<\/title>\n<meta name=\"description\" content=\"La SEP suspendi\u00f3 clases en 5,836 escuelas de Puebla por el frente fr\u00edo 19. M\u00e1s de 407 mil alumnos continuar\u00e1n actividades a distancia\" \/>\n<meta name=\"robots\" content=\"index, follow, max-snippet:-1, max-image-preview:large, max-video-preview:-1\" \/>\n<link rel=\"canonical\" href=\"https:\/\/grupohoymexico.com\/puebla\/2025\/12\/08\/suspension-clases-puebla-frente-frio-19\/\" \/>\n<meta property=\"og:locale\" content=\"es_MX\" \/>\n<meta property=\"og:type\" content=\"article\" \/>\n<meta property=\"og:title\" content=\"Puebla suspende clases en m\u00e1s de 5,800 escuelas por el frente fr\u00edo n\u00famero 19\" \/>\n<meta property=\"og:description\" content=\"La SEP suspendi\u00f3 clases en 5,836 escuelas de Puebla por el frente fr\u00edo 19. M\u00e1s de 407 mil alumnos continuar\u00e1n actividades a distancia\" \/>\n<meta property=\"og:url\" content=\"https:\/\/grupohoymexico.com\/puebla\/2025\/12\/08\/suspension-clases-puebla-frente-frio-19\/\" \/>\n<meta property=\"og:site_name\" content=\"Grupo Hoy Puebla\" \/>\n<meta property=\"article:published_time\" content=\"2025-12-08T16:49:04+00:00\" \/>\n<meta property=\"og:image\" content=\"https:\/\/grupohoymexico.com\/puebla\/wp-content\/uploads\/sites\/3\/2025\/12\/suspension-de-clases-en-Puebla.webp\" \/>\n\t<meta property=\"og:image:width\" content=\"1201\" \/>\n\t<meta property=\"og:image:height\" content=\"639\" \/>\n\t<meta property=\"og:image:type\" content=\"image\/webp\" \/>\n<meta name=\"author\" content=\"eduardo\" \/>\n<meta name=\"twitter:card\" content=\"summary_large_image\" \/>\n<meta name=\"twitter:label1\" content=\"Escrito por\" \/>\n\t<meta name=\"twitter:data1\" content=\"eduardo\" \/>\n\t<meta name=\"twitter:label2\" content=\"Tiempo de lectura\" \/>\n\t<meta name=\"twitter:data2\" content=\"2 minutos\" \/>\n<script type=\"application\/ld+json\" class=\"yoast-schema-graph\">{\"@context\":\"https:\\\/\\\/schema.org\",\"@graph\":[{\"@type\":\"Article\",\"@id\":\"https:\\\/\\\/grupohoymexico.com\\\/puebla\\\/2025\\\/12\\\/08\\\/suspension-clases-puebla-frente-frio-19\\\/#article\",\"isPartOf\":{\"@id\":\"https:\\\/\\\/grupohoymexico.com\\\/puebla\\\/2025\\\/12\\\/08\\\/suspension-clases-puebla-frente-frio-19\\\/\"},\"author\":{\"name\":\"eduardo\",\"@id\":\"https:\\\/\\\/grupohoymexico.com\\\/puebla\\\/#\\\/schema\\\/person\\\/e95b7b8df1e5c291ede743c160292779\"},\"headline\":\"Puebla suspende clases en m\u00e1s de 5,800 escuelas por el frente fr\u00edo n\u00famero 19\",\"datePublished\":\"2025-12-08T16:49:04+00:00\",\"mainEntityOfPage\":{\"@id\":\"https:\\\/\\\/grupohoymexico.com\\\/puebla\\\/2025\\\/12\\\/08\\\/suspension-clases-puebla-frente-frio-19\\\/\"},\"wordCount\":250,\"commentCount\":0,\"image\":{\"@id\":\"https:\\\/\\\/grupohoymexico.com\\\/puebla\\\/2025\\\/12\\\/08\\\/suspension-clases-puebla-frente-frio-19\\\/#primaryimage\"},\"thumbnailUrl\":\"https:\\\/\\\/grupohoymexico.com\\\/puebla\\\/wp-content\\\/uploads\\\/sites\\\/3\\\/2025\\\/12\\\/suspension-de-clases-en-Puebla.webp\",\"keywords\":[\"clases puebla\",\"Clima puebla\",\"frente frio 19 puebla\",\"puebla\",\"SEP\"],\"articleSection\":[\"Estatal\"],\"inLanguage\":\"es\",\"potentialAction\":[{\"@type\":\"CommentAction\",\"name\":\"Comment\",\"target\":[\"https:\\\/\\\/grupohoymexico.com\\\/puebla\\\/2025\\\/12\\\/08\\\/suspension-clases-puebla-frente-frio-19\\\/#respond\"]}]},{\"@type\":\"WebPage\",\"@id\":\"https:\\\/\\\/grupohoymexico.com\\\/puebla\\\/2025\\\/12\\\/08\\\/suspension-clases-puebla-frente-frio-19\\\/\",\"url\":\"https:\\\/\\\/grupohoymexico.com\\\/puebla\\\/2025\\\/12\\\/08\\\/suspension-clases-puebla-frente-frio-19\\\/\",\"name\":\"Puebla suspende clases por el frente fr\u00edo 19\",\"isPartOf\":{\"@id\":\"https:\\\/\\\/grupohoymexico.com\\\/puebla\\\/#website\"},\"primaryImageOfPage\":{\"@id\":\"https:\\\/\\\/grupohoymexico.com\\\/puebla\\\/2025\\\/12\\\/08\\\/suspension-clases-puebla-frente-frio-19\\\/#primaryimage\"},\"image\":{\"@id\":\"https:\\\/\\\/grupohoymexico.com\\\/puebla\\\/2025\\\/12\\\/08\\\/suspension-clases-puebla-frente-frio-19\\\/#primaryimage\"},\"thumbnailUrl\":\"https:\\\/\\\/grupohoymexico.com\\\/puebla\\\/wp-content\\\/uploads\\\/sites\\\/3\\\/2025\\\/12\\\/suspension-de-clases-en-Puebla.webp\",\"datePublished\":\"2025-12-08T16:49:04+00:00\",\"author\":{\"@id\":\"https:\\\/\\\/grupohoymexico.com\\\/puebla\\\/#\\\/schema\\\/person\\\/e95b7b8df1e5c291ede743c160292779\"},\"description\":\"La SEP suspendi\u00f3 clases en 5,836 escuelas de Puebla por el frente fr\u00edo 19. M\u00e1s de 407 mil alumnos continuar\u00e1n actividades a distancia\",\"breadcrumb\":{\"@id\":\"https:\\\/\\\/grupohoymexico.com\\\/puebla\\\/2025\\\/12\\\/08\\\/suspension-clases-puebla-frente-frio-19\\\/#breadcrumb\"},\"inLanguage\":\"es\",\"potentialAction\":[{\"@type\":\"ReadAction\",\"target\":[\"https:\\\/\\\/grupohoymexico.com\\\/puebla\\\/2025\\\/12\\\/08\\\/suspension-clases-puebla-frente-frio-19\\\/\"]}]},{\"@type\":\"ImageObject\",\"inLanguage\":\"es\",\"@id\":\"https:\\\/\\\/grupohoymexico.com\\\/puebla\\\/2025\\\/12\\\/08\\\/suspension-clases-puebla-frente-frio-19\\\/#primaryimage\",\"url\":\"https:\\\/\\\/grupohoymexico.com\\\/puebla\\\/wp-content\\\/uploads\\\/sites\\\/3\\\/2025\\\/12\\\/suspension-de-clases-en-Puebla.webp\",\"contentUrl\":\"https:\\\/\\\/grupohoymexico.com\\\/puebla\\\/wp-content\\\/uploads\\\/sites\\\/3\\\/2025\\\/12\\\/suspension-de-clases-en-Puebla.webp\",\"width\":1201,\"height\":639,\"caption\":\"Imagen: FreePik\"},{\"@type\":\"BreadcrumbList\",\"@id\":\"https:\\\/\\\/grupohoymexico.com\\\/puebla\\\/2025\\\/12\\\/08\\\/suspension-clases-puebla-frente-frio-19\\\/#breadcrumb\",\"itemListElement\":[{\"@type\":\"ListItem\",\"position\":1,\"name\":\"Inicio\",\"item\":\"https:\\\/\\\/grupohoymexico.com\\\/puebla\\\/\"},{\"@type\":\"ListItem\",\"position\":2,\"name\":\"Puebla suspende clases en m\u00e1s de 5,800 escuelas por el frente fr\u00edo n\u00famero 19\"}]},{\"@type\":\"WebSite\",\"@id\":\"https:\\\/\\\/grupohoymexico.com\\\/puebla\\\/#website\",\"url\":\"https:\\\/\\\/grupohoymexico.com\\\/puebla\\\/\",\"name\":\"Grupo Hoy Puebla\",\"description\":\"\",\"potentialAction\":[{\"@type\":\"SearchAction\",\"target\":{\"@type\":\"EntryPoint\",\"urlTemplate\":\"https:\\\/\\\/grupohoymexico.com\\\/puebla\\\/?s={search_term_string}\"},\"query-input\":{\"@type\":\"PropertyValueSpecification\",\"valueRequired\":true,\"valueName\":\"search_term_string\"}}],\"inLanguage\":\"es\"},{\"@type\":\"Person\",\"@id\":\"https:\\\/\\\/grupohoymexico.com\\\/puebla\\\/#\\\/schema\\\/person\\\/e95b7b8df1e5c291ede743c160292779\",\"name\":\"eduardo\",\"image\":{\"@type\":\"ImageObject\",\"inLanguage\":\"es\",\"@id\":\"https:\\\/\\\/secure.gravatar.com\\\/avatar\\\/ecdd30dcf3feeb5f57f13840c3daeb08334d3b69de7bb9e067a540c4925a9788?s=96&d=mm&r=g\",\"url\":\"https:\\\/\\\/secure.gravatar.com\\\/avatar\\\/ecdd30dcf3feeb5f57f13840c3daeb08334d3b69de7bb9e067a540c4925a9788?s=96&d=mm&r=g\",\"contentUrl\":\"https:\\\/\\\/secure.gravatar.com\\\/avatar\\\/ecdd30dcf3feeb5f57f13840c3daeb08334d3b69de7bb9e067a540c4925a9788?s=96&d=mm&r=g\",\"caption\":\"eduardo\"},\"url\":\"https:\\\/\\\/grupohoymexico.com\\\/puebla\\\/author\\\/eduardo\\\/\"}]}<\/script>\n<!-- \/ Yoast SEO Premium plugin. -->","yoast_head_json":{"title":"Puebla suspende clases por el frente fr\u00edo 19","description":"La SEP suspendi\u00f3 clases en 5,836 escuelas de Puebla por el frente fr\u00edo 19. M\u00e1s de 407 mil alumnos continuar\u00e1n actividades a distancia","robots":{"index":"index","follow":"follow","max-snippet":"max-snippet:-1","max-image-preview":"max-image-preview:large","max-video-preview":"max-video-preview:-1"},"canonical":"https:\/\/grupohoymexico.com\/puebla\/2025\/12\/08\/suspension-clases-puebla-frente-frio-19\/","og_locale":"es_MX","og_type":"article","og_title":"Puebla suspende clases en m\u00e1s de 5,800 escuelas por el frente fr\u00edo n\u00famero 19","og_description":"La SEP suspendi\u00f3 clases en 5,836 escuelas de Puebla por el frente fr\u00edo 19. M\u00e1s de 407 mil alumnos continuar\u00e1n actividades a distancia","og_url":"https:\/\/grupohoymexico.com\/puebla\/2025\/12\/08\/suspension-clases-puebla-frente-frio-19\/","og_site_name":"Grupo Hoy Puebla","article_published_time":"2025-12-08T16:49:04+00:00","og_image":[{"width":1201,"height":639,"url":"https:\/\/grupohoymexico.com\/puebla\/wp-content\/uploads\/sites\/3\/2025\/12\/suspension-de-clases-en-Puebla.webp","type":"image\/webp"}],"author":"eduardo","twitter_card":"summary_large_image","twitter_misc":{"Escrito por":"eduardo","Tiempo de lectura":"2 minutos"},"schema":{"@context":"https:\/\/schema.org","@graph":[{"@type":"Article","@id":"https:\/\/grupohoymexico.com\/puebla\/2025\/12\/08\/suspension-clases-puebla-frente-frio-19\/#article","isPartOf":{"@id":"https:\/\/grupohoymexico.com\/puebla\/2025\/12\/08\/suspension-clases-puebla-frente-frio-19\/"},"author":{"name":"eduardo","@id":"https:\/\/grupohoymexico.com\/puebla\/#\/schema\/person\/e95b7b8df1e5c291ede743c160292779"},"headline":"Puebla suspende clases en m\u00e1s de 5,800 escuelas por el frente fr\u00edo n\u00famero 19","datePublished":"2025-12-08T16:49:04+00:00","mainEntityOfPage":{"@id":"https:\/\/grupohoymexico.com\/puebla\/2025\/12\/08\/suspension-clases-puebla-frente-frio-19\/"},"wordCount":250,"commentCount":0,"image":{"@id":"https:\/\/grupohoymexico.com\/puebla\/2025\/12\/08\/suspension-clases-puebla-frente-frio-19\/#primaryimage"},"thumbnailUrl":"https:\/\/grupohoymexico.com\/puebla\/wp-content\/uploads\/sites\/3\/2025\/12\/suspension-de-clases-en-Puebla.webp","keywords":["clases puebla","Clima puebla","frente frio 19 puebla","puebla","SEP"],"articleSection":["Estatal"],"inLanguage":"es","potentialAction":[{"@type":"CommentAction","name":"Comment","target":["https:\/\/grupohoymexico.com\/puebla\/2025\/12\/08\/suspension-clases-puebla-frente-frio-19\/#respond"]}]},{"@type":"WebPage","@id":"https:\/\/grupohoymexico.com\/puebla\/2025\/12\/08\/suspension-clases-puebla-frente-frio-19\/","url":"https:\/\/grupohoymexico.com\/puebla\/2025\/12\/08\/suspension-clases-puebla-frente-frio-19\/","name":"Puebla suspende clases por el frente fr\u00edo 19","isPartOf":{"@id":"https:\/\/grupohoymexico.com\/puebla\/#website"},"primaryImageOfPage":{"@id":"https:\/\/grupohoymexico.com\/puebla\/2025\/12\/08\/suspension-clases-puebla-frente-frio-19\/#primaryimage"},"image":{"@id":"https:\/\/grupohoymexico.com\/puebla\/2025\/12\/08\/suspension-clases-puebla-frente-frio-19\/#primaryimage"},"thumbnailUrl":"https:\/\/grupohoymexico.com\/puebla\/wp-content\/uploads\/sites\/3\/2025\/12\/suspension-de-clases-en-Puebla.webp","datePublished":"2025-12-08T16:49:04+00:00","author":{"@id":"https:\/\/grupohoymexico.com\/puebla\/#\/schema\/person\/e95b7b8df1e5c291ede743c160292779"},"description":"La SEP suspendi\u00f3 clases en 5,836 escuelas de Puebla por el frente fr\u00edo 19. M\u00e1s de 407 mil alumnos continuar\u00e1n actividades a distancia","breadcrumb":{"@id":"https:\/\/grupohoymexico.com\/puebla\/2025\/12\/08\/suspension-clases-puebla-frente-frio-19\/#breadcrumb"},"inLanguage":"es","potentialAction":[{"@type":"ReadAction","target":["https:\/\/grupohoymexico.com\/puebla\/2025\/12\/08\/suspension-clases-puebla-frente-frio-19\/"]}]},{"@type":"ImageObject","inLanguage":"es","@id":"https:\/\/grupohoymexico.com\/puebla\/2025\/12\/08\/suspension-clases-puebla-frente-frio-19\/#primaryimage","url":"https:\/\/grupohoymexico.com\/puebla\/wp-content\/uploads\/sites\/3\/2025\/12\/suspension-de-clases-en-Puebla.webp","contentUrl":"https:\/\/grupohoymexico.com\/puebla\/wp-content\/uploads\/sites\/3\/2025\/12\/suspension-de-clases-en-Puebla.webp","width":1201,"height":639,"caption":"Imagen: FreePik"},{"@type":"BreadcrumbList","@id":"https:\/\/grupohoymexico.com\/puebla\/2025\/12\/08\/suspension-clases-puebla-frente-frio-19\/#breadcrumb","itemListElement":[{"@type":"ListItem","position":1,"name":"Inicio","item":"https:\/\/grupohoymexico.com\/puebla\/"},{"@type":"ListItem","position":2,"name":"Puebla suspende clases en m\u00e1s de 5,800 escuelas por el frente fr\u00edo n\u00famero 19"}]},{"@type":"WebSite","@id":"https:\/\/grupohoymexico.com\/puebla\/#website","url":"https:\/\/grupohoymexico.com\/puebla\/","name":"Grupo Hoy Puebla","description":"","potentialAction":[{"@type":"SearchAction","target":{"@type":"EntryPoint","urlTemplate":"https:\/\/grupohoymexico.com\/puebla\/?s={search_term_string}"},"query-input":{"@type":"PropertyValueSpecification","valueRequired":true,"valueName":"search_term_string"}}],"inLanguage":"es"},{"@type":"Person","@id":"https:\/\/grupohoymexico.com\/puebla\/#\/schema\/person\/e95b7b8df1e5c291ede743c160292779","name":"eduardo","image":{"@type":"ImageObject","inLanguage":"es","@id":"https:\/\/secure.gravatar.com\/avatar\/ecdd30dcf3feeb5f57f13840c3daeb08334d3b69de7bb9e067a540c4925a9788?s=96&d=mm&r=g","url":"https:\/\/secure.gravatar.com\/avatar\/ecdd30dcf3feeb5f57f13840c3daeb08334d3b69de7bb9e067a540c4925a9788?s=96&d=mm&r=g","contentUrl":"https:\/\/secure.gravatar.com\/avatar\/ecdd30dcf3feeb5f57f13840c3daeb08334d3b69de7bb9e067a540c4925a9788?s=96&d=mm&r=g","caption":"eduardo"},"url":"https:\/\/grupohoymexico.com\/puebla\/author\/eduardo\/"}]}},"_links":{"self":[{"href":"https:\/\/grupohoymexico.com\/puebla\/wp-json\/wp\/v2\/posts\/79201","targetHints":{"allow":["GET"]}}],"collection":[{"href":"https:\/\/grupohoymexico.com\/puebla\/wp-json\/wp\/v2\/posts"}],"about":[{"href":"https:\/\/grupohoymexico.com\/puebla\/wp-json\/wp\/v2\/types\/post"}],"author":[{"embeddable":true,"href":"https:\/\/grupohoymexico.com\/puebla\/wp-json\/wp\/v2\/users\/30"}],"replies":[{"embeddable":true,"href":"https:\/\/grupohoymexico.com\/puebla\/wp-json\/wp\/v2\/comments?post=79201"}],"version-history":[{"count":1,"href":"https:\/\/grupohoymexico.com\/puebla\/wp-json\/wp\/v2\/posts\/79201\/revisions"}],"predecessor-version":[{"id":79207,"href":"https:\/\/grupohoymexico.com\/puebla\/wp-json\/wp\/v2\/posts\/79201\/revisions\/79207"}],"wp:featuredmedia":[{"embeddable":true,"href":"https:\/\/grupohoymexico.com\/puebla\/wp-json\/wp\/v2\/media\/79206"}],"wp:attachment":[{"href":"https:\/\/grupohoymexico.com\/puebla\/wp-json\/wp\/v2\/media?parent=79201"}],"wp:term":[{"taxonomy":"category","embeddable":true,"href":"https:\/\/grupohoymexico.com\/puebla\/wp-json\/wp\/v2\/categories?post=79201"},{"taxonomy":"post_tag","embeddable":true,"href":"https:\/\/grupohoymexico.com\/puebla\/wp-json\/wp\/v2\/tags?post=79201"}],"curies":[{"name":"wp","href":"https:\/\/api.w.org\/{rel}","templated":true}]}}