{"id":79194,"date":"2025-12-06T18:07:54","date_gmt":"2025-12-06T18:07:54","guid":{"rendered":"https:\/\/grupohoymexico.com\/puebla\/?p=79194"},"modified":"2025-12-06T18:07:55","modified_gmt":"2025-12-06T18:07:55","slug":"inauguran-arte-en-movimiento-en-el-centro-cultural-san-roque-de-puebla","status":"publish","type":"post","link":"https:\/\/grupohoymexico.com\/puebla\/2025\/12\/06\/inauguran-arte-en-movimiento-en-el-centro-cultural-san-roque-de-puebla\/","title":{"rendered":"Inauguran &#8216;Arte en movimiento&#8217; en el Centro Cultural San Roque de Puebla"},"content":{"rendered":"\n<p>El Centro Cultural San Roque de Puebla inaugur\u00f3 la exhibici\u00f3n\u00a0<strong>\u201cArte en movimiento\u201d<\/strong>, presentada por la Secretar\u00eda de Cultura del Gobierno de M\u00e9xico, a trav\u00e9s del Sistema de Apoyos a la Creaci\u00f3n, y la Secretar\u00eda de Arte y Cultura estatal.<\/p>\n\n\n\n<p>El evento reuni\u00f3 a autoridades federales y estatales, junto con artistas de distintas regiones del pa\u00eds, dieron inicio a una jornada dedicada al talento emergente y al intercambio creativo. Esta muestra surge en el marco del Foro Nacional de Creadores 2025.<\/p>\n\n\n\n<p>La exposici\u00f3n re\u00fane&nbsp;<strong>120 obras creadas por 97 artistas<\/strong>&nbsp;de la vertiente J\u00f3venes Creadores, abarcando once disciplinas que incluyen artes aplicadas, dibujo, fotograf\u00eda, escultura, gr\u00e1fica, dise\u00f1o arquitect\u00f3nico, nuevas tecnolog\u00edas y performance.<\/p>\n\n\n\n<p>Las piezas presentan narrativas que exploran tem\u00e1ticas contempor\u00e1neas como la migraci\u00f3n, las disidencias sexogen\u00e9ricas, el paisaje urbano y el cruce entre arqueolog\u00eda y modernidad, ofreciendo al p\u00fablico m\u00faltiples lecturas sobre los desaf\u00edos culturales y sociales actuales.<\/p>\n\n\n\n<h2 class=\"wp-block-heading\" id=\"h-el-foro-nacional-de-creadores-2025-llega-a-puebla-por-primera-vez\">El Foro Nacional de Creadores 2025 llega a Puebla por primera vez<\/h2>\n\n\n\n<p>El estado de Puebla se convirti\u00f3 por primera vez en sede del Foro Nacional de Creadores 2025. Contempla\u00a0<strong>29 actividades gratuitas<\/strong>\u00a0del 5 al 7 de diciembre en diversas sedes de la ciudad de Puebla y el municipio de San Juan Ixcaquixtla.<\/p>\n\n\n\n<p>La programaci\u00f3n incluye talleres, mesas de di\u00e1logo, presentaciones editoriales en lenguas originarias \u2014como maya, n\u00e1huatl, tsotsil y mixteco\u2014, as\u00ed como muestras de danza, teatro, performance, m\u00fasica tradicional mexicana y m\u00fasica electroac\u00fastica, con la participaci\u00f3n especial de la Banda Sinf\u00f3nica del Centro de Capacitaci\u00f3n de M\u00fasica de Banda.<\/p>\n","protected":false},"excerpt":{"rendered":"El Centro Cultural San Roque de Puebla inaugur\u00f3 la exhibici\u00f3n\u00a0\u201cArte en movimiento\u201d, presentada por la Secretar\u00eda de Cultura&hellip;","protected":false},"author":15,"featured_media":79195,"comment_status":"open","ping_status":"open","sticky":false,"template":"","format":"standard","meta":{"csco_display_header_overlay":false,"csco_singular_sidebar":"","csco_page_header_type":"","csco_page_load_nextpost":"","csco_post_video_location":[],"csco_post_video_location_hash":"","csco_post_video_url":"","csco_post_video_bg_start_time":0,"csco_post_video_bg_end_time":0,"footnotes":""},"categories":[29],"tags":[3262,3263],"class_list":{"0":"post-79194","1":"post","2":"type-post","3":"status-publish","4":"format-standard","5":"has-post-thumbnail","7":"category-estatal","8":"tag-arte-en-movimiento","9":"tag-centro-cultural-san-roque","10":"cs-entry","11":"cs-video-wrap"},"yoast_head":"<!-- This site is optimized with the Yoast SEO Premium plugin v24.7 (Yoast SEO v27.4) - https:\/\/yoast.com\/product\/yoast-seo-premium-wordpress\/ -->\n<title>Inauguran &#039;Arte en movimiento&#039; en el Centro Cultural San Roque - Grupo Hoy Puebla<\/title>\n<meta name=\"description\" content=\"Autoridades federales y estatales inauguraron la exposici\u00f3n &#039;Arte en movimiento&#039; en el Centro Cultural San Roque.\" \/>\n<meta name=\"robots\" content=\"index, follow, max-snippet:-1, max-image-preview:large, max-video-preview:-1\" \/>\n<link rel=\"canonical\" href=\"https:\/\/grupohoymexico.com\/puebla\/2025\/12\/06\/inauguran-arte-en-movimiento-en-el-centro-cultural-san-roque-de-puebla\/\" \/>\n<meta property=\"og:locale\" content=\"es_MX\" \/>\n<meta property=\"og:type\" content=\"article\" \/>\n<meta property=\"og:title\" content=\"Inauguran &#039;Arte en movimiento&#039; en el Centro Cultural San Roque de Puebla\" \/>\n<meta property=\"og:description\" content=\"Autoridades federales y estatales inauguraron la exposici\u00f3n &#039;Arte en movimiento&#039; en el Centro Cultural San Roque.\" \/>\n<meta property=\"og:url\" content=\"https:\/\/grupohoymexico.com\/puebla\/2025\/12\/06\/inauguran-arte-en-movimiento-en-el-centro-cultural-san-roque-de-puebla\/\" \/>\n<meta property=\"og:site_name\" content=\"Grupo Hoy Puebla\" \/>\n<meta property=\"article:published_time\" content=\"2025-12-06T18:07:54+00:00\" \/>\n<meta property=\"article:modified_time\" content=\"2025-12-06T18:07:55+00:00\" \/>\n<meta property=\"og:image\" content=\"https:\/\/grupohoymexico.com\/puebla\/wp-content\/uploads\/sites\/3\/2025\/12\/exposicion_arte_en_movimiento_centro_cultural_san_roque_puebla.jpg\" \/>\n\t<meta property=\"og:image:width\" content=\"1200\" \/>\n\t<meta property=\"og:image:height\" content=\"638\" \/>\n\t<meta property=\"og:image:type\" content=\"image\/jpeg\" \/>\n<meta name=\"author\" content=\"nestor\" \/>\n<meta name=\"twitter:card\" content=\"summary_large_image\" \/>\n<meta name=\"twitter:label1\" content=\"Escrito por\" \/>\n\t<meta name=\"twitter:data1\" content=\"nestor\" \/>\n\t<meta name=\"twitter:label2\" content=\"Tiempo de lectura\" \/>\n\t<meta name=\"twitter:data2\" content=\"2 minutos\" \/>\n<script type=\"application\/ld+json\" class=\"yoast-schema-graph\">{\"@context\":\"https:\\\/\\\/schema.org\",\"@graph\":[{\"@type\":\"Article\",\"@id\":\"https:\\\/\\\/grupohoymexico.com\\\/puebla\\\/2025\\\/12\\\/06\\\/inauguran-arte-en-movimiento-en-el-centro-cultural-san-roque-de-puebla\\\/#article\",\"isPartOf\":{\"@id\":\"https:\\\/\\\/grupohoymexico.com\\\/puebla\\\/2025\\\/12\\\/06\\\/inauguran-arte-en-movimiento-en-el-centro-cultural-san-roque-de-puebla\\\/\"},\"author\":{\"name\":\"nestor\",\"@id\":\"https:\\\/\\\/grupohoymexico.com\\\/puebla\\\/#\\\/schema\\\/person\\\/8201f3fa49669f346d08e15801e0ebc2\"},\"headline\":\"Inauguran &#8216;Arte en movimiento&#8217; en el Centro Cultural San Roque de Puebla\",\"datePublished\":\"2025-12-06T18:07:54+00:00\",\"dateModified\":\"2025-12-06T18:07:55+00:00\",\"mainEntityOfPage\":{\"@id\":\"https:\\\/\\\/grupohoymexico.com\\\/puebla\\\/2025\\\/12\\\/06\\\/inauguran-arte-en-movimiento-en-el-centro-cultural-san-roque-de-puebla\\\/\"},\"wordCount\":288,\"commentCount\":0,\"image\":{\"@id\":\"https:\\\/\\\/grupohoymexico.com\\\/puebla\\\/2025\\\/12\\\/06\\\/inauguran-arte-en-movimiento-en-el-centro-cultural-san-roque-de-puebla\\\/#primaryimage\"},\"thumbnailUrl\":\"https:\\\/\\\/grupohoymexico.com\\\/puebla\\\/wp-content\\\/uploads\\\/sites\\\/3\\\/2025\\\/12\\\/exposicion_arte_en_movimiento_centro_cultural_san_roque_puebla.jpg\",\"keywords\":[\"Arte en movimiento\",\"Centro Cultural San Roque\"],\"articleSection\":[\"Estatal\"],\"inLanguage\":\"es\",\"potentialAction\":[{\"@type\":\"CommentAction\",\"name\":\"Comment\",\"target\":[\"https:\\\/\\\/grupohoymexico.com\\\/puebla\\\/2025\\\/12\\\/06\\\/inauguran-arte-en-movimiento-en-el-centro-cultural-san-roque-de-puebla\\\/#respond\"]}]},{\"@type\":\"WebPage\",\"@id\":\"https:\\\/\\\/grupohoymexico.com\\\/puebla\\\/2025\\\/12\\\/06\\\/inauguran-arte-en-movimiento-en-el-centro-cultural-san-roque-de-puebla\\\/\",\"url\":\"https:\\\/\\\/grupohoymexico.com\\\/puebla\\\/2025\\\/12\\\/06\\\/inauguran-arte-en-movimiento-en-el-centro-cultural-san-roque-de-puebla\\\/\",\"name\":\"Inauguran 'Arte en movimiento' en el Centro Cultural San Roque - Grupo Hoy Puebla\",\"isPartOf\":{\"@id\":\"https:\\\/\\\/grupohoymexico.com\\\/puebla\\\/#website\"},\"primaryImageOfPage\":{\"@id\":\"https:\\\/\\\/grupohoymexico.com\\\/puebla\\\/2025\\\/12\\\/06\\\/inauguran-arte-en-movimiento-en-el-centro-cultural-san-roque-de-puebla\\\/#primaryimage\"},\"image\":{\"@id\":\"https:\\\/\\\/grupohoymexico.com\\\/puebla\\\/2025\\\/12\\\/06\\\/inauguran-arte-en-movimiento-en-el-centro-cultural-san-roque-de-puebla\\\/#primaryimage\"},\"thumbnailUrl\":\"https:\\\/\\\/grupohoymexico.com\\\/puebla\\\/wp-content\\\/uploads\\\/sites\\\/3\\\/2025\\\/12\\\/exposicion_arte_en_movimiento_centro_cultural_san_roque_puebla.jpg\",\"datePublished\":\"2025-12-06T18:07:54+00:00\",\"dateModified\":\"2025-12-06T18:07:55+00:00\",\"author\":{\"@id\":\"https:\\\/\\\/grupohoymexico.com\\\/puebla\\\/#\\\/schema\\\/person\\\/8201f3fa49669f346d08e15801e0ebc2\"},\"description\":\"Autoridades federales y estatales inauguraron la exposici\u00f3n 'Arte en movimiento' en el Centro Cultural San Roque.\",\"breadcrumb\":{\"@id\":\"https:\\\/\\\/grupohoymexico.com\\\/puebla\\\/2025\\\/12\\\/06\\\/inauguran-arte-en-movimiento-en-el-centro-cultural-san-roque-de-puebla\\\/#breadcrumb\"},\"inLanguage\":\"es\",\"potentialAction\":[{\"@type\":\"ReadAction\",\"target\":[\"https:\\\/\\\/grupohoymexico.com\\\/puebla\\\/2025\\\/12\\\/06\\\/inauguran-arte-en-movimiento-en-el-centro-cultural-san-roque-de-puebla\\\/\"]}]},{\"@type\":\"ImageObject\",\"inLanguage\":\"es\",\"@id\":\"https:\\\/\\\/grupohoymexico.com\\\/puebla\\\/2025\\\/12\\\/06\\\/inauguran-arte-en-movimiento-en-el-centro-cultural-san-roque-de-puebla\\\/#primaryimage\",\"url\":\"https:\\\/\\\/grupohoymexico.com\\\/puebla\\\/wp-content\\\/uploads\\\/sites\\\/3\\\/2025\\\/12\\\/exposicion_arte_en_movimiento_centro_cultural_san_roque_puebla.jpg\",\"contentUrl\":\"https:\\\/\\\/grupohoymexico.com\\\/puebla\\\/wp-content\\\/uploads\\\/sites\\\/3\\\/2025\\\/12\\\/exposicion_arte_en_movimiento_centro_cultural_san_roque_puebla.jpg\",\"width\":1200,\"height\":638,\"caption\":\"Foto: Secretar\u00eda de Cultura\"},{\"@type\":\"BreadcrumbList\",\"@id\":\"https:\\\/\\\/grupohoymexico.com\\\/puebla\\\/2025\\\/12\\\/06\\\/inauguran-arte-en-movimiento-en-el-centro-cultural-san-roque-de-puebla\\\/#breadcrumb\",\"itemListElement\":[{\"@type\":\"ListItem\",\"position\":1,\"name\":\"Inicio\",\"item\":\"https:\\\/\\\/grupohoymexico.com\\\/puebla\\\/\"},{\"@type\":\"ListItem\",\"position\":2,\"name\":\"Inauguran &#8216;Arte en movimiento&#8217; en el Centro Cultural San Roque de Puebla\"}]},{\"@type\":\"WebSite\",\"@id\":\"https:\\\/\\\/grupohoymexico.com\\\/puebla\\\/#website\",\"url\":\"https:\\\/\\\/grupohoymexico.com\\\/puebla\\\/\",\"name\":\"Grupo Hoy Puebla\",\"description\":\"\",\"potentialAction\":[{\"@type\":\"SearchAction\",\"target\":{\"@type\":\"EntryPoint\",\"urlTemplate\":\"https:\\\/\\\/grupohoymexico.com\\\/puebla\\\/?s={search_term_string}\"},\"query-input\":{\"@type\":\"PropertyValueSpecification\",\"valueRequired\":true,\"valueName\":\"search_term_string\"}}],\"inLanguage\":\"es\"},{\"@type\":\"Person\",\"@id\":\"https:\\\/\\\/grupohoymexico.com\\\/puebla\\\/#\\\/schema\\\/person\\\/8201f3fa49669f346d08e15801e0ebc2\",\"name\":\"nestor\",\"image\":{\"@type\":\"ImageObject\",\"inLanguage\":\"es\",\"@id\":\"https:\\\/\\\/secure.gravatar.com\\\/avatar\\\/6675a6d9279ab1d8e7b7c55956d0013492fdc51e007e555bc58e5e0eac33d094?s=96&d=mm&r=g\",\"url\":\"https:\\\/\\\/secure.gravatar.com\\\/avatar\\\/6675a6d9279ab1d8e7b7c55956d0013492fdc51e007e555bc58e5e0eac33d094?s=96&d=mm&r=g\",\"contentUrl\":\"https:\\\/\\\/secure.gravatar.com\\\/avatar\\\/6675a6d9279ab1d8e7b7c55956d0013492fdc51e007e555bc58e5e0eac33d094?s=96&d=mm&r=g\",\"caption\":\"nestor\"},\"url\":\"https:\\\/\\\/grupohoymexico.com\\\/puebla\\\/author\\\/nestor\\\/\"}]}<\/script>\n<!-- \/ Yoast SEO Premium plugin. -->","yoast_head_json":{"title":"Inauguran 'Arte en movimiento' en el Centro Cultural San Roque - Grupo Hoy Puebla","description":"Autoridades federales y estatales inauguraron la exposici\u00f3n 'Arte en movimiento' en el Centro Cultural San Roque.","robots":{"index":"index","follow":"follow","max-snippet":"max-snippet:-1","max-image-preview":"max-image-preview:large","max-video-preview":"max-video-preview:-1"},"canonical":"https:\/\/grupohoymexico.com\/puebla\/2025\/12\/06\/inauguran-arte-en-movimiento-en-el-centro-cultural-san-roque-de-puebla\/","og_locale":"es_MX","og_type":"article","og_title":"Inauguran 'Arte en movimiento' en el Centro Cultural San Roque de Puebla","og_description":"Autoridades federales y estatales inauguraron la exposici\u00f3n 'Arte en movimiento' en el Centro Cultural San Roque.","og_url":"https:\/\/grupohoymexico.com\/puebla\/2025\/12\/06\/inauguran-arte-en-movimiento-en-el-centro-cultural-san-roque-de-puebla\/","og_site_name":"Grupo Hoy Puebla","article_published_time":"2025-12-06T18:07:54+00:00","article_modified_time":"2025-12-06T18:07:55+00:00","og_image":[{"width":1200,"height":638,"url":"https:\/\/grupohoymexico.com\/puebla\/wp-content\/uploads\/sites\/3\/2025\/12\/exposicion_arte_en_movimiento_centro_cultural_san_roque_puebla.jpg","type":"image\/jpeg"}],"author":"nestor","twitter_card":"summary_large_image","twitter_misc":{"Escrito por":"nestor","Tiempo de lectura":"2 minutos"},"schema":{"@context":"https:\/\/schema.org","@graph":[{"@type":"Article","@id":"https:\/\/grupohoymexico.com\/puebla\/2025\/12\/06\/inauguran-arte-en-movimiento-en-el-centro-cultural-san-roque-de-puebla\/#article","isPartOf":{"@id":"https:\/\/grupohoymexico.com\/puebla\/2025\/12\/06\/inauguran-arte-en-movimiento-en-el-centro-cultural-san-roque-de-puebla\/"},"author":{"name":"nestor","@id":"https:\/\/grupohoymexico.com\/puebla\/#\/schema\/person\/8201f3fa49669f346d08e15801e0ebc2"},"headline":"Inauguran &#8216;Arte en movimiento&#8217; en el Centro Cultural San Roque de Puebla","datePublished":"2025-12-06T18:07:54+00:00","dateModified":"2025-12-06T18:07:55+00:00","mainEntityOfPage":{"@id":"https:\/\/grupohoymexico.com\/puebla\/2025\/12\/06\/inauguran-arte-en-movimiento-en-el-centro-cultural-san-roque-de-puebla\/"},"wordCount":288,"commentCount":0,"image":{"@id":"https:\/\/grupohoymexico.com\/puebla\/2025\/12\/06\/inauguran-arte-en-movimiento-en-el-centro-cultural-san-roque-de-puebla\/#primaryimage"},"thumbnailUrl":"https:\/\/grupohoymexico.com\/puebla\/wp-content\/uploads\/sites\/3\/2025\/12\/exposicion_arte_en_movimiento_centro_cultural_san_roque_puebla.jpg","keywords":["Arte en movimiento","Centro Cultural San Roque"],"articleSection":["Estatal"],"inLanguage":"es","potentialAction":[{"@type":"CommentAction","name":"Comment","target":["https:\/\/grupohoymexico.com\/puebla\/2025\/12\/06\/inauguran-arte-en-movimiento-en-el-centro-cultural-san-roque-de-puebla\/#respond"]}]},{"@type":"WebPage","@id":"https:\/\/grupohoymexico.com\/puebla\/2025\/12\/06\/inauguran-arte-en-movimiento-en-el-centro-cultural-san-roque-de-puebla\/","url":"https:\/\/grupohoymexico.com\/puebla\/2025\/12\/06\/inauguran-arte-en-movimiento-en-el-centro-cultural-san-roque-de-puebla\/","name":"Inauguran 'Arte en movimiento' en el Centro Cultural San Roque - Grupo Hoy Puebla","isPartOf":{"@id":"https:\/\/grupohoymexico.com\/puebla\/#website"},"primaryImageOfPage":{"@id":"https:\/\/grupohoymexico.com\/puebla\/2025\/12\/06\/inauguran-arte-en-movimiento-en-el-centro-cultural-san-roque-de-puebla\/#primaryimage"},"image":{"@id":"https:\/\/grupohoymexico.com\/puebla\/2025\/12\/06\/inauguran-arte-en-movimiento-en-el-centro-cultural-san-roque-de-puebla\/#primaryimage"},"thumbnailUrl":"https:\/\/grupohoymexico.com\/puebla\/wp-content\/uploads\/sites\/3\/2025\/12\/exposicion_arte_en_movimiento_centro_cultural_san_roque_puebla.jpg","datePublished":"2025-12-06T18:07:54+00:00","dateModified":"2025-12-06T18:07:55+00:00","author":{"@id":"https:\/\/grupohoymexico.com\/puebla\/#\/schema\/person\/8201f3fa49669f346d08e15801e0ebc2"},"description":"Autoridades federales y estatales inauguraron la exposici\u00f3n 'Arte en movimiento' en el Centro Cultural San Roque.","breadcrumb":{"@id":"https:\/\/grupohoymexico.com\/puebla\/2025\/12\/06\/inauguran-arte-en-movimiento-en-el-centro-cultural-san-roque-de-puebla\/#breadcrumb"},"inLanguage":"es","potentialAction":[{"@type":"ReadAction","target":["https:\/\/grupohoymexico.com\/puebla\/2025\/12\/06\/inauguran-arte-en-movimiento-en-el-centro-cultural-san-roque-de-puebla\/"]}]},{"@type":"ImageObject","inLanguage":"es","@id":"https:\/\/grupohoymexico.com\/puebla\/2025\/12\/06\/inauguran-arte-en-movimiento-en-el-centro-cultural-san-roque-de-puebla\/#primaryimage","url":"https:\/\/grupohoymexico.com\/puebla\/wp-content\/uploads\/sites\/3\/2025\/12\/exposicion_arte_en_movimiento_centro_cultural_san_roque_puebla.jpg","contentUrl":"https:\/\/grupohoymexico.com\/puebla\/wp-content\/uploads\/sites\/3\/2025\/12\/exposicion_arte_en_movimiento_centro_cultural_san_roque_puebla.jpg","width":1200,"height":638,"caption":"Foto: Secretar\u00eda de Cultura"},{"@type":"BreadcrumbList","@id":"https:\/\/grupohoymexico.com\/puebla\/2025\/12\/06\/inauguran-arte-en-movimiento-en-el-centro-cultural-san-roque-de-puebla\/#breadcrumb","itemListElement":[{"@type":"ListItem","position":1,"name":"Inicio","item":"https:\/\/grupohoymexico.com\/puebla\/"},{"@type":"ListItem","position":2,"name":"Inauguran &#8216;Arte en movimiento&#8217; en el Centro Cultural San Roque de Puebla"}]},{"@type":"WebSite","@id":"https:\/\/grupohoymexico.com\/puebla\/#website","url":"https:\/\/grupohoymexico.com\/puebla\/","name":"Grupo Hoy Puebla","description":"","potentialAction":[{"@type":"SearchAction","target":{"@type":"EntryPoint","urlTemplate":"https:\/\/grupohoymexico.com\/puebla\/?s={search_term_string}"},"query-input":{"@type":"PropertyValueSpecification","valueRequired":true,"valueName":"search_term_string"}}],"inLanguage":"es"},{"@type":"Person","@id":"https:\/\/grupohoymexico.com\/puebla\/#\/schema\/person\/8201f3fa49669f346d08e15801e0ebc2","name":"nestor","image":{"@type":"ImageObject","inLanguage":"es","@id":"https:\/\/secure.gravatar.com\/avatar\/6675a6d9279ab1d8e7b7c55956d0013492fdc51e007e555bc58e5e0eac33d094?s=96&d=mm&r=g","url":"https:\/\/secure.gravatar.com\/avatar\/6675a6d9279ab1d8e7b7c55956d0013492fdc51e007e555bc58e5e0eac33d094?s=96&d=mm&r=g","contentUrl":"https:\/\/secure.gravatar.com\/avatar\/6675a6d9279ab1d8e7b7c55956d0013492fdc51e007e555bc58e5e0eac33d094?s=96&d=mm&r=g","caption":"nestor"},"url":"https:\/\/grupohoymexico.com\/puebla\/author\/nestor\/"}]}},"_links":{"self":[{"href":"https:\/\/grupohoymexico.com\/puebla\/wp-json\/wp\/v2\/posts\/79194","targetHints":{"allow":["GET"]}}],"collection":[{"href":"https:\/\/grupohoymexico.com\/puebla\/wp-json\/wp\/v2\/posts"}],"about":[{"href":"https:\/\/grupohoymexico.com\/puebla\/wp-json\/wp\/v2\/types\/post"}],"author":[{"embeddable":true,"href":"https:\/\/grupohoymexico.com\/puebla\/wp-json\/wp\/v2\/users\/15"}],"replies":[{"embeddable":true,"href":"https:\/\/grupohoymexico.com\/puebla\/wp-json\/wp\/v2\/comments?post=79194"}],"version-history":[{"count":1,"href":"https:\/\/grupohoymexico.com\/puebla\/wp-json\/wp\/v2\/posts\/79194\/revisions"}],"predecessor-version":[{"id":79196,"href":"https:\/\/grupohoymexico.com\/puebla\/wp-json\/wp\/v2\/posts\/79194\/revisions\/79196"}],"wp:featuredmedia":[{"embeddable":true,"href":"https:\/\/grupohoymexico.com\/puebla\/wp-json\/wp\/v2\/media\/79195"}],"wp:attachment":[{"href":"https:\/\/grupohoymexico.com\/puebla\/wp-json\/wp\/v2\/media?parent=79194"}],"wp:term":[{"taxonomy":"category","embeddable":true,"href":"https:\/\/grupohoymexico.com\/puebla\/wp-json\/wp\/v2\/categories?post=79194"},{"taxonomy":"post_tag","embeddable":true,"href":"https:\/\/grupohoymexico.com\/puebla\/wp-json\/wp\/v2\/tags?post=79194"}],"curies":[{"name":"wp","href":"https:\/\/api.w.org\/{rel}","templated":true}]}}