{"id":79180,"date":"2025-12-04T22:27:04","date_gmt":"2025-12-04T22:27:04","guid":{"rendered":"https:\/\/grupohoymexico.com\/puebla\/?p=79180"},"modified":"2025-12-04T22:27:04","modified_gmt":"2025-12-04T22:27:04","slug":"puebla-refuerza-medidas-por-el-gusano-barrenador","status":"publish","type":"post","link":"https:\/\/grupohoymexico.com\/puebla\/2025\/12\/04\/puebla-refuerza-medidas-por-el-gusano-barrenador\/","title":{"rendered":"Puebla refuerza medidas por el gusano barrenador"},"content":{"rendered":"\n<p>La <strong>regi\u00f3n ganadera de la Mixteca poblana<\/strong> mantiene una alerta preventiva del gusano barrenador. Estas acciones llegan luego que en el <strong>municipio de Tlapanal\u00e1<\/strong> se detect\u00f3 un posible brote de este agente infeccioso. <\/p>\n\n\n\n<p>El Ayuntamiento de Iz\u00facar de Matamoros activ\u00f3 un <strong>barrido sanitario integral<\/strong> para confirmar que la plaga no haya ingresado a su territorio.<\/p>\n\n\n\n<p>El operativo es coordinado por especialistas del <strong>Organismo Internacional Regional de Sanidad Agropecuaria (OIRSA)<\/strong> y personal de la Direcci\u00f3n de Desarrollo Rural, Agricultura y Ganader\u00eda municipal, quienes ya recorren comunidades ganaderas estrat\u00e9gicas.<\/p>\n\n\n\n<p>Los brigadistas inspeccionan hatos y animales dom\u00e9sticos para detectar heridas que puedan convertirse en puntos de infestaci\u00f3n. <\/p>\n\n\n\n<h2 class=\"wp-block-heading\" id=\"h-puebla-refuerza-la-proteccion-ante-el-gusano-barrenador\">Puebla refuerza la protecci\u00f3n ante el gusano barrenador<\/h2>\n\n\n\n<p>Este agente, record\u00f3 el presidente municipal Eliseo Morales Rosales, representa una amenaza directa para ganado bovino, caprino, ovino, porcino y equino, as\u00ed como para mascotas como perros y gatos, e incluso para cualquier ser vivo con lesiones expuestas donde la mosca depositar\u00eda sus larvas.<\/p>\n\n\n\n<p>Las inspecciones incluyen evaluaciones visuales y orientaciones a productores y propietarios sobre el manejo inmediato de heridas. Si se detectan lesiones susceptibles de infecci\u00f3n, se solicita su atenci\u00f3n urgente para evitar un desarrollo larvario que pudiera dar origen a un foco de contagio.<\/p>\n\n\n\n<p>Morales Rosales detall\u00f3 que el barrido sanitario avanza por etapas hasta cubrir la totalidad del municipio, con el objetivo de <strong>mantener a Iz\u00facar como una zona libre de gusano barrenador<\/strong>.<\/p>\n\n\n\n<p>Aunque hasta el momento no se han registrado casos dentro del territorio izucarense, el reporte en Tlapanal\u00e1 obliga a sostener una vigilancia continua para evitar la propagaci\u00f3n de esta plaga que amenaza a la actividad ganadera regional.<\/p>\n","protected":false},"excerpt":{"rendered":"La regi\u00f3n ganadera de la Mixteca poblana mantiene una alerta preventiva del gusano barrenador. Estas acciones llegan luego&hellip;","protected":false},"author":15,"featured_media":79182,"comment_status":"open","ping_status":"open","sticky":false,"template":"","format":"standard","meta":{"csco_display_header_overlay":false,"csco_singular_sidebar":"","csco_page_header_type":"","csco_page_load_nextpost":"","csco_post_video_location":[],"csco_post_video_location_hash":"","csco_post_video_url":"","csco_post_video_bg_start_time":0,"csco_post_video_bg_end_time":0,"footnotes":""},"categories":[29],"tags":[2068,2276,40],"class_list":{"0":"post-79180","1":"post","2":"type-post","3":"status-publish","4":"format-standard","5":"has-post-thumbnail","7":"category-estatal","8":"tag-gusano-barrenador","9":"tag-mixteca-poblana","10":"tag-puebla","11":"cs-entry","12":"cs-video-wrap"},"yoast_head":"<!-- This site is optimized with the Yoast SEO Premium plugin v24.7 (Yoast SEO v27.4) - https:\/\/yoast.com\/product\/yoast-seo-premium-wordpress\/ -->\n<title>Puebla refuerza medidas por el gusano barrenador - Grupo Hoy Puebla<\/title>\n<meta name=\"description\" content=\"Puebla anunci\u00f3 el refuerzo de las medidas por el gusano barrenador luego de un posible brote detectado en la mixteca.\" \/>\n<meta name=\"robots\" content=\"index, follow, max-snippet:-1, max-image-preview:large, max-video-preview:-1\" \/>\n<link rel=\"canonical\" href=\"https:\/\/grupohoymexico.com\/puebla\/2025\/12\/04\/puebla-refuerza-medidas-por-el-gusano-barrenador\/\" \/>\n<meta property=\"og:locale\" content=\"es_MX\" \/>\n<meta property=\"og:type\" content=\"article\" \/>\n<meta property=\"og:title\" content=\"Puebla refuerza medidas por el gusano barrenador\" \/>\n<meta property=\"og:description\" content=\"Puebla anunci\u00f3 el refuerzo de las medidas por el gusano barrenador luego de un posible brote detectado en la mixteca.\" \/>\n<meta property=\"og:url\" content=\"https:\/\/grupohoymexico.com\/puebla\/2025\/12\/04\/puebla-refuerza-medidas-por-el-gusano-barrenador\/\" \/>\n<meta property=\"og:site_name\" content=\"Grupo Hoy Puebla\" \/>\n<meta property=\"article:published_time\" content=\"2025-12-04T22:27:04+00:00\" \/>\n<meta property=\"og:image\" content=\"https:\/\/grupohoymexico.com\/puebla\/wp-content\/uploads\/sites\/3\/2025\/12\/puebla_refuerza_medidas_por_el_gusano_barrenador.webp\" \/>\n\t<meta property=\"og:image:width\" content=\"1201\" \/>\n\t<meta property=\"og:image:height\" content=\"639\" \/>\n\t<meta property=\"og:image:type\" content=\"image\/webp\" \/>\n<meta name=\"author\" content=\"nestor\" \/>\n<meta name=\"twitter:card\" content=\"summary_large_image\" \/>\n<meta name=\"twitter:label1\" content=\"Escrito por\" \/>\n\t<meta name=\"twitter:data1\" content=\"nestor\" \/>\n\t<meta name=\"twitter:label2\" content=\"Tiempo de lectura\" \/>\n\t<meta name=\"twitter:data2\" content=\"2 minutos\" \/>\n<script type=\"application\/ld+json\" class=\"yoast-schema-graph\">{\"@context\":\"https:\\\/\\\/schema.org\",\"@graph\":[{\"@type\":\"Article\",\"@id\":\"https:\\\/\\\/grupohoymexico.com\\\/puebla\\\/2025\\\/12\\\/04\\\/puebla-refuerza-medidas-por-el-gusano-barrenador\\\/#article\",\"isPartOf\":{\"@id\":\"https:\\\/\\\/grupohoymexico.com\\\/puebla\\\/2025\\\/12\\\/04\\\/puebla-refuerza-medidas-por-el-gusano-barrenador\\\/\"},\"author\":{\"name\":\"nestor\",\"@id\":\"https:\\\/\\\/grupohoymexico.com\\\/puebla\\\/#\\\/schema\\\/person\\\/8201f3fa49669f346d08e15801e0ebc2\"},\"headline\":\"Puebla refuerza medidas por el gusano barrenador\",\"datePublished\":\"2025-12-04T22:27:04+00:00\",\"mainEntityOfPage\":{\"@id\":\"https:\\\/\\\/grupohoymexico.com\\\/puebla\\\/2025\\\/12\\\/04\\\/puebla-refuerza-medidas-por-el-gusano-barrenador\\\/\"},\"wordCount\":286,\"commentCount\":0,\"image\":{\"@id\":\"https:\\\/\\\/grupohoymexico.com\\\/puebla\\\/2025\\\/12\\\/04\\\/puebla-refuerza-medidas-por-el-gusano-barrenador\\\/#primaryimage\"},\"thumbnailUrl\":\"https:\\\/\\\/grupohoymexico.com\\\/puebla\\\/wp-content\\\/uploads\\\/sites\\\/3\\\/2025\\\/12\\\/puebla_refuerza_medidas_por_el_gusano_barrenador.webp\",\"keywords\":[\"Gusano barrenador\",\"Mixteca Poblana\",\"puebla\"],\"articleSection\":[\"Estatal\"],\"inLanguage\":\"es\",\"potentialAction\":[{\"@type\":\"CommentAction\",\"name\":\"Comment\",\"target\":[\"https:\\\/\\\/grupohoymexico.com\\\/puebla\\\/2025\\\/12\\\/04\\\/puebla-refuerza-medidas-por-el-gusano-barrenador\\\/#respond\"]}]},{\"@type\":\"WebPage\",\"@id\":\"https:\\\/\\\/grupohoymexico.com\\\/puebla\\\/2025\\\/12\\\/04\\\/puebla-refuerza-medidas-por-el-gusano-barrenador\\\/\",\"url\":\"https:\\\/\\\/grupohoymexico.com\\\/puebla\\\/2025\\\/12\\\/04\\\/puebla-refuerza-medidas-por-el-gusano-barrenador\\\/\",\"name\":\"Puebla refuerza medidas por el gusano barrenador - Grupo Hoy Puebla\",\"isPartOf\":{\"@id\":\"https:\\\/\\\/grupohoymexico.com\\\/puebla\\\/#website\"},\"primaryImageOfPage\":{\"@id\":\"https:\\\/\\\/grupohoymexico.com\\\/puebla\\\/2025\\\/12\\\/04\\\/puebla-refuerza-medidas-por-el-gusano-barrenador\\\/#primaryimage\"},\"image\":{\"@id\":\"https:\\\/\\\/grupohoymexico.com\\\/puebla\\\/2025\\\/12\\\/04\\\/puebla-refuerza-medidas-por-el-gusano-barrenador\\\/#primaryimage\"},\"thumbnailUrl\":\"https:\\\/\\\/grupohoymexico.com\\\/puebla\\\/wp-content\\\/uploads\\\/sites\\\/3\\\/2025\\\/12\\\/puebla_refuerza_medidas_por_el_gusano_barrenador.webp\",\"datePublished\":\"2025-12-04T22:27:04+00:00\",\"author\":{\"@id\":\"https:\\\/\\\/grupohoymexico.com\\\/puebla\\\/#\\\/schema\\\/person\\\/8201f3fa49669f346d08e15801e0ebc2\"},\"description\":\"Puebla anunci\u00f3 el refuerzo de las medidas por el gusano barrenador luego de un posible brote detectado en la mixteca.\",\"breadcrumb\":{\"@id\":\"https:\\\/\\\/grupohoymexico.com\\\/puebla\\\/2025\\\/12\\\/04\\\/puebla-refuerza-medidas-por-el-gusano-barrenador\\\/#breadcrumb\"},\"inLanguage\":\"es\",\"potentialAction\":[{\"@type\":\"ReadAction\",\"target\":[\"https:\\\/\\\/grupohoymexico.com\\\/puebla\\\/2025\\\/12\\\/04\\\/puebla-refuerza-medidas-por-el-gusano-barrenador\\\/\"]}]},{\"@type\":\"ImageObject\",\"inLanguage\":\"es\",\"@id\":\"https:\\\/\\\/grupohoymexico.com\\\/puebla\\\/2025\\\/12\\\/04\\\/puebla-refuerza-medidas-por-el-gusano-barrenador\\\/#primaryimage\",\"url\":\"https:\\\/\\\/grupohoymexico.com\\\/puebla\\\/wp-content\\\/uploads\\\/sites\\\/3\\\/2025\\\/12\\\/puebla_refuerza_medidas_por_el_gusano_barrenador.webp\",\"contentUrl\":\"https:\\\/\\\/grupohoymexico.com\\\/puebla\\\/wp-content\\\/uploads\\\/sites\\\/3\\\/2025\\\/12\\\/puebla_refuerza_medidas_por_el_gusano_barrenador.webp\",\"width\":1201,\"height\":639,\"caption\":\"Foto: Gobierno de M\u00e9xico\"},{\"@type\":\"BreadcrumbList\",\"@id\":\"https:\\\/\\\/grupohoymexico.com\\\/puebla\\\/2025\\\/12\\\/04\\\/puebla-refuerza-medidas-por-el-gusano-barrenador\\\/#breadcrumb\",\"itemListElement\":[{\"@type\":\"ListItem\",\"position\":1,\"name\":\"Inicio\",\"item\":\"https:\\\/\\\/grupohoymexico.com\\\/puebla\\\/\"},{\"@type\":\"ListItem\",\"position\":2,\"name\":\"Puebla refuerza medidas por el gusano barrenador\"}]},{\"@type\":\"WebSite\",\"@id\":\"https:\\\/\\\/grupohoymexico.com\\\/puebla\\\/#website\",\"url\":\"https:\\\/\\\/grupohoymexico.com\\\/puebla\\\/\",\"name\":\"Grupo Hoy Puebla\",\"description\":\"\",\"potentialAction\":[{\"@type\":\"SearchAction\",\"target\":{\"@type\":\"EntryPoint\",\"urlTemplate\":\"https:\\\/\\\/grupohoymexico.com\\\/puebla\\\/?s={search_term_string}\"},\"query-input\":{\"@type\":\"PropertyValueSpecification\",\"valueRequired\":true,\"valueName\":\"search_term_string\"}}],\"inLanguage\":\"es\"},{\"@type\":\"Person\",\"@id\":\"https:\\\/\\\/grupohoymexico.com\\\/puebla\\\/#\\\/schema\\\/person\\\/8201f3fa49669f346d08e15801e0ebc2\",\"name\":\"nestor\",\"image\":{\"@type\":\"ImageObject\",\"inLanguage\":\"es\",\"@id\":\"https:\\\/\\\/secure.gravatar.com\\\/avatar\\\/6675a6d9279ab1d8e7b7c55956d0013492fdc51e007e555bc58e5e0eac33d094?s=96&d=mm&r=g\",\"url\":\"https:\\\/\\\/secure.gravatar.com\\\/avatar\\\/6675a6d9279ab1d8e7b7c55956d0013492fdc51e007e555bc58e5e0eac33d094?s=96&d=mm&r=g\",\"contentUrl\":\"https:\\\/\\\/secure.gravatar.com\\\/avatar\\\/6675a6d9279ab1d8e7b7c55956d0013492fdc51e007e555bc58e5e0eac33d094?s=96&d=mm&r=g\",\"caption\":\"nestor\"},\"url\":\"https:\\\/\\\/grupohoymexico.com\\\/puebla\\\/author\\\/nestor\\\/\"}]}<\/script>\n<!-- \/ Yoast SEO Premium plugin. -->","yoast_head_json":{"title":"Puebla refuerza medidas por el gusano barrenador - Grupo Hoy Puebla","description":"Puebla anunci\u00f3 el refuerzo de las medidas por el gusano barrenador luego de un posible brote detectado en la mixteca.","robots":{"index":"index","follow":"follow","max-snippet":"max-snippet:-1","max-image-preview":"max-image-preview:large","max-video-preview":"max-video-preview:-1"},"canonical":"https:\/\/grupohoymexico.com\/puebla\/2025\/12\/04\/puebla-refuerza-medidas-por-el-gusano-barrenador\/","og_locale":"es_MX","og_type":"article","og_title":"Puebla refuerza medidas por el gusano barrenador","og_description":"Puebla anunci\u00f3 el refuerzo de las medidas por el gusano barrenador luego de un posible brote detectado en la mixteca.","og_url":"https:\/\/grupohoymexico.com\/puebla\/2025\/12\/04\/puebla-refuerza-medidas-por-el-gusano-barrenador\/","og_site_name":"Grupo Hoy Puebla","article_published_time":"2025-12-04T22:27:04+00:00","og_image":[{"width":1201,"height":639,"url":"https:\/\/grupohoymexico.com\/puebla\/wp-content\/uploads\/sites\/3\/2025\/12\/puebla_refuerza_medidas_por_el_gusano_barrenador.webp","type":"image\/webp"}],"author":"nestor","twitter_card":"summary_large_image","twitter_misc":{"Escrito por":"nestor","Tiempo de lectura":"2 minutos"},"schema":{"@context":"https:\/\/schema.org","@graph":[{"@type":"Article","@id":"https:\/\/grupohoymexico.com\/puebla\/2025\/12\/04\/puebla-refuerza-medidas-por-el-gusano-barrenador\/#article","isPartOf":{"@id":"https:\/\/grupohoymexico.com\/puebla\/2025\/12\/04\/puebla-refuerza-medidas-por-el-gusano-barrenador\/"},"author":{"name":"nestor","@id":"https:\/\/grupohoymexico.com\/puebla\/#\/schema\/person\/8201f3fa49669f346d08e15801e0ebc2"},"headline":"Puebla refuerza medidas por el gusano barrenador","datePublished":"2025-12-04T22:27:04+00:00","mainEntityOfPage":{"@id":"https:\/\/grupohoymexico.com\/puebla\/2025\/12\/04\/puebla-refuerza-medidas-por-el-gusano-barrenador\/"},"wordCount":286,"commentCount":0,"image":{"@id":"https:\/\/grupohoymexico.com\/puebla\/2025\/12\/04\/puebla-refuerza-medidas-por-el-gusano-barrenador\/#primaryimage"},"thumbnailUrl":"https:\/\/grupohoymexico.com\/puebla\/wp-content\/uploads\/sites\/3\/2025\/12\/puebla_refuerza_medidas_por_el_gusano_barrenador.webp","keywords":["Gusano barrenador","Mixteca Poblana","puebla"],"articleSection":["Estatal"],"inLanguage":"es","potentialAction":[{"@type":"CommentAction","name":"Comment","target":["https:\/\/grupohoymexico.com\/puebla\/2025\/12\/04\/puebla-refuerza-medidas-por-el-gusano-barrenador\/#respond"]}]},{"@type":"WebPage","@id":"https:\/\/grupohoymexico.com\/puebla\/2025\/12\/04\/puebla-refuerza-medidas-por-el-gusano-barrenador\/","url":"https:\/\/grupohoymexico.com\/puebla\/2025\/12\/04\/puebla-refuerza-medidas-por-el-gusano-barrenador\/","name":"Puebla refuerza medidas por el gusano barrenador - Grupo Hoy Puebla","isPartOf":{"@id":"https:\/\/grupohoymexico.com\/puebla\/#website"},"primaryImageOfPage":{"@id":"https:\/\/grupohoymexico.com\/puebla\/2025\/12\/04\/puebla-refuerza-medidas-por-el-gusano-barrenador\/#primaryimage"},"image":{"@id":"https:\/\/grupohoymexico.com\/puebla\/2025\/12\/04\/puebla-refuerza-medidas-por-el-gusano-barrenador\/#primaryimage"},"thumbnailUrl":"https:\/\/grupohoymexico.com\/puebla\/wp-content\/uploads\/sites\/3\/2025\/12\/puebla_refuerza_medidas_por_el_gusano_barrenador.webp","datePublished":"2025-12-04T22:27:04+00:00","author":{"@id":"https:\/\/grupohoymexico.com\/puebla\/#\/schema\/person\/8201f3fa49669f346d08e15801e0ebc2"},"description":"Puebla anunci\u00f3 el refuerzo de las medidas por el gusano barrenador luego de un posible brote detectado en la mixteca.","breadcrumb":{"@id":"https:\/\/grupohoymexico.com\/puebla\/2025\/12\/04\/puebla-refuerza-medidas-por-el-gusano-barrenador\/#breadcrumb"},"inLanguage":"es","potentialAction":[{"@type":"ReadAction","target":["https:\/\/grupohoymexico.com\/puebla\/2025\/12\/04\/puebla-refuerza-medidas-por-el-gusano-barrenador\/"]}]},{"@type":"ImageObject","inLanguage":"es","@id":"https:\/\/grupohoymexico.com\/puebla\/2025\/12\/04\/puebla-refuerza-medidas-por-el-gusano-barrenador\/#primaryimage","url":"https:\/\/grupohoymexico.com\/puebla\/wp-content\/uploads\/sites\/3\/2025\/12\/puebla_refuerza_medidas_por_el_gusano_barrenador.webp","contentUrl":"https:\/\/grupohoymexico.com\/puebla\/wp-content\/uploads\/sites\/3\/2025\/12\/puebla_refuerza_medidas_por_el_gusano_barrenador.webp","width":1201,"height":639,"caption":"Foto: Gobierno de M\u00e9xico"},{"@type":"BreadcrumbList","@id":"https:\/\/grupohoymexico.com\/puebla\/2025\/12\/04\/puebla-refuerza-medidas-por-el-gusano-barrenador\/#breadcrumb","itemListElement":[{"@type":"ListItem","position":1,"name":"Inicio","item":"https:\/\/grupohoymexico.com\/puebla\/"},{"@type":"ListItem","position":2,"name":"Puebla refuerza medidas por el gusano barrenador"}]},{"@type":"WebSite","@id":"https:\/\/grupohoymexico.com\/puebla\/#website","url":"https:\/\/grupohoymexico.com\/puebla\/","name":"Grupo Hoy Puebla","description":"","potentialAction":[{"@type":"SearchAction","target":{"@type":"EntryPoint","urlTemplate":"https:\/\/grupohoymexico.com\/puebla\/?s={search_term_string}"},"query-input":{"@type":"PropertyValueSpecification","valueRequired":true,"valueName":"search_term_string"}}],"inLanguage":"es"},{"@type":"Person","@id":"https:\/\/grupohoymexico.com\/puebla\/#\/schema\/person\/8201f3fa49669f346d08e15801e0ebc2","name":"nestor","image":{"@type":"ImageObject","inLanguage":"es","@id":"https:\/\/secure.gravatar.com\/avatar\/6675a6d9279ab1d8e7b7c55956d0013492fdc51e007e555bc58e5e0eac33d094?s=96&d=mm&r=g","url":"https:\/\/secure.gravatar.com\/avatar\/6675a6d9279ab1d8e7b7c55956d0013492fdc51e007e555bc58e5e0eac33d094?s=96&d=mm&r=g","contentUrl":"https:\/\/secure.gravatar.com\/avatar\/6675a6d9279ab1d8e7b7c55956d0013492fdc51e007e555bc58e5e0eac33d094?s=96&d=mm&r=g","caption":"nestor"},"url":"https:\/\/grupohoymexico.com\/puebla\/author\/nestor\/"}]}},"_links":{"self":[{"href":"https:\/\/grupohoymexico.com\/puebla\/wp-json\/wp\/v2\/posts\/79180","targetHints":{"allow":["GET"]}}],"collection":[{"href":"https:\/\/grupohoymexico.com\/puebla\/wp-json\/wp\/v2\/posts"}],"about":[{"href":"https:\/\/grupohoymexico.com\/puebla\/wp-json\/wp\/v2\/types\/post"}],"author":[{"embeddable":true,"href":"https:\/\/grupohoymexico.com\/puebla\/wp-json\/wp\/v2\/users\/15"}],"replies":[{"embeddable":true,"href":"https:\/\/grupohoymexico.com\/puebla\/wp-json\/wp\/v2\/comments?post=79180"}],"version-history":[{"count":1,"href":"https:\/\/grupohoymexico.com\/puebla\/wp-json\/wp\/v2\/posts\/79180\/revisions"}],"predecessor-version":[{"id":79181,"href":"https:\/\/grupohoymexico.com\/puebla\/wp-json\/wp\/v2\/posts\/79180\/revisions\/79181"}],"wp:featuredmedia":[{"embeddable":true,"href":"https:\/\/grupohoymexico.com\/puebla\/wp-json\/wp\/v2\/media\/79182"}],"wp:attachment":[{"href":"https:\/\/grupohoymexico.com\/puebla\/wp-json\/wp\/v2\/media?parent=79180"}],"wp:term":[{"taxonomy":"category","embeddable":true,"href":"https:\/\/grupohoymexico.com\/puebla\/wp-json\/wp\/v2\/categories?post=79180"},{"taxonomy":"post_tag","embeddable":true,"href":"https:\/\/grupohoymexico.com\/puebla\/wp-json\/wp\/v2\/tags?post=79180"}],"curies":[{"name":"wp","href":"https:\/\/api.w.org\/{rel}","templated":true}]}}