{"id":79179,"date":"2025-12-04T22:42:21","date_gmt":"2025-12-04T22:42:21","guid":{"rendered":"https:\/\/grupohoymexico.com\/puebla\/?p=79179"},"modified":"2025-12-04T22:42:22","modified_gmt":"2025-12-04T22:42:22","slug":"tetela-de-ocampo-esta-en-riesgo-de-perder-su-nombramiento-de-pueblo-magico","status":"publish","type":"post","link":"https:\/\/grupohoymexico.com\/puebla\/2025\/12\/04\/tetela-de-ocampo-esta-en-riesgo-de-perder-su-nombramiento-de-pueblo-magico\/","title":{"rendered":"Tetela de Ocampo est\u00e1 en riesgo de perder su nombramiento de Pueblo M\u00e1gico"},"content":{"rendered":"\n<p>Tetela de Ocampo, Puebla, atraviesa una crisis sanitaria que, adem\u00e1s de generar el descontento de los pobladores, pone en riesgo su nombramiento de Pueblo M\u00e1gico. El municipio est\u00e1 enfrentando el colapso de su sistema de recolecci\u00f3n de basura. Sus calles est\u00e1n abarrotadas de desechos que han derivado en otros problemas, como la proliferaci\u00f3n de plagas y la quema indiscriminada de residuos.<\/p>\n\n\n\n<h2 class=\"wp-block-heading\" id=\"h-por-que-tetela-podria-perder-su-nombramiento\">\u00bfPor qu\u00e9 Tetela podr\u00eda perder su nombramiento?<\/h2>\n\n\n\n<p>Parte de los requisitos para que un municipio sea considerado Pueblo M\u00e1gico es el manejo adecuado de residuos. Los lineamientos de la Secretar\u00eda de Turismo obligan a los ayuntamientos a contar con:<\/p>\n\n\n\n<ul class=\"wp-block-list\">\n<li>Un reglamento<\/li>\n\n\n\n<li>Un plan de manejo<\/li>\n\n\n\n<li>Sistemas de recolecci\u00f3n funcionales<\/li>\n\n\n\n<li>Campa\u00f1as de reciclaje<\/li>\n\n\n\n<li>Estrategias de reducci\u00f3n de desechos<\/li>\n<\/ul>\n\n\n\n<p>En el caso del municipio, el incumplimiento es evidente, lo que pone en riesgo las evaluaciones anuales necesarias para conservar el distintivo. La basura acumulada, visible para cualquier visitante, afecta directamente la imagen tur\u00edstica, uno de los principales motores econ\u00f3micos del municipio.<\/p>\n\n\n\n<p>Cabe mencionar que hace apenas cinco a\u00f1os, en abril de 2020, Tetela de Ocampo obtuvo dicho nombramiento.<\/p>\n\n\n\n<p><strong>LEE M\u00c1S:<\/strong> <a href=\"https:\/\/grupohoymexico.com\/puebla\/2025\/12\/03\/de-victimas-a-ladrones-secretario-de-seguridad-de-puebla-afirma-que-asaltos-a-cuentahabientes-son-autorrobos\/\">De v\u00edctimas a ladrones: secretario de Seguridad de Puebla afirma que asaltos a cuentahabientes son \u2018autorrobos\u2019<\/a><\/p>\n\n\n\n<h2 class=\"wp-block-heading\" id=\"h-separacion-de-residuos-solucion-o-problema\">Separaci\u00f3n de residuos: \u00bfsoluci\u00f3n o problema?<\/h2>\n\n\n\n<p>La crisis de basura se deton\u00f3 cuando el ayuntamiento impuso la separaci\u00f3n obligatoria de residuos org\u00e1nicos e inorg\u00e1nicos. Aunque en teor\u00eda la medida es positiva, su ejecuci\u00f3n ha resultado ca\u00f3tica.<\/p>\n\n\n\n<p>Los vecinos se\u00f1alan que son los mismos trabajadores de limpia quienes incumplen la disposici\u00f3n. Afirman que s\u00f3lo recogen lo que consideran conveniente, dejando el resto abandonado en banquetas y calles del centro hist\u00f3rico.<\/p>\n\n\n\n<p>En un intento por controlar el problema, el municipio opt\u00f3 por sancionar a quienes no separan correctamente su basura o la dejan en la v\u00eda p\u00fablica; sin embargo, esto tampoco ha mostrado mejor\u00eda.<\/p>\n\n\n\n<p><strong>LEE M\u00c1S:<\/strong> <a href=\"https:\/\/grupohoymexico.com\/puebla\/2025\/12\/04\/puebla-refuerza-medidas-por-el-gusano-barrenador\/\">Puebla refuerza medidas por el gusano barrenador<\/a><\/p>\n\n\n\n<h2 class=\"wp-block-heading\" id=\"h-falta-de-relleno-sanitario-el-verdadero-problema\">Falta de relleno sanitario: el verdadero problema<\/h2>\n\n\n\n<p>Los habitantes se\u00f1alan que el municipio ni siquiera cuenta con un relleno sanitario autorizado, lo que provoca que los residuos terminen dispersos en diferentes terrenos.<\/p>\n\n\n\n<p>En noviembre de 2023 se document\u00f3 un tiradero a cielo abierto en la entrada del municipio que daba la \u201cbienvenida\u201d a los turistas. En ese basurero clandestino hab\u00eda incendios recurrentes que afectaron la salud de los pobladores.<\/p>\n\n\n\n<p>En febrero de 2024, los habitantes bloquearon la carretera principal para exigir la sofocaci\u00f3n del incendio, que avanzaba hacia zonas boscosas. La presi\u00f3n social deriv\u00f3 en el cierre del tiradero, aunque no en una soluci\u00f3n integral.<\/p>\n\n\n\n<p>Actualmente, la Secretar\u00eda de Medio Ambiente estatal tiene un procedimiento en contra de varios ayuntamientos por el mal manejo de residuos. Sin embargo, el problema persiste e incluso crece en Tetela de Ocampo con afectaciones ambientales, de salud, tur\u00edsticas y econ\u00f3micas con el riesgo de que se le retire el nombramiento.<\/p>\n\n\n\n<p><\/p>\n","protected":false},"excerpt":{"rendered":"Tetela de Ocampo, Puebla, atraviesa una crisis sanitaria que, adem\u00e1s de generar el descontento de los pobladores, pone&hellip;","protected":false},"author":1,"featured_media":79184,"comment_status":"open","ping_status":"open","sticky":false,"template":"","format":"standard","meta":{"csco_display_header_overlay":false,"csco_singular_sidebar":"","csco_page_header_type":"","csco_page_load_nextpost":"","csco_post_video_location":[],"csco_post_video_location_hash":"","csco_post_video_url":"","csco_post_video_bg_start_time":0,"csco_post_video_bg_end_time":0,"footnotes":""},"categories":[29],"tags":[3258,3257,40,3255,3256,176],"class_list":{"0":"post-79179","1":"post","2":"type-post","3":"status-publish","4":"format-standard","5":"has-post-thumbnail","7":"category-estatal","8":"tag-basura","9":"tag-crisis-sanitaria","10":"tag-puebla","11":"tag-pueblo-magico","12":"tag-tetela-de-ocampo","13":"tag-turismo","14":"cs-entry","15":"cs-video-wrap"},"yoast_head":"<!-- This site is optimized with the Yoast SEO Premium plugin v24.7 (Yoast SEO v27.4) - https:\/\/yoast.com\/product\/yoast-seo-premium-wordpress\/ -->\n<title>Tetela de Ocampo est\u00e1 en riesgo de perder su nombramiento de Pueblo M\u00e1gico - Grupo Hoy Puebla<\/title>\n<meta name=\"description\" content=\"Tetela de Ocampo enfrenta una crisis de recolecci\u00f3n de residuos que amenaza su nombramiento como Pueblo M\u00e1gico.\" \/>\n<meta name=\"robots\" content=\"index, follow, max-snippet:-1, max-image-preview:large, max-video-preview:-1\" \/>\n<link rel=\"canonical\" href=\"https:\/\/grupohoymexico.com\/puebla\/2025\/12\/04\/tetela-de-ocampo-esta-en-riesgo-de-perder-su-nombramiento-de-pueblo-magico\/\" \/>\n<meta property=\"og:locale\" content=\"es_MX\" \/>\n<meta property=\"og:type\" content=\"article\" \/>\n<meta property=\"og:title\" content=\"Tetela de Ocampo est\u00e1 en riesgo de perder su nombramiento de Pueblo M\u00e1gico\" \/>\n<meta property=\"og:description\" content=\"Tetela de Ocampo enfrenta una crisis de recolecci\u00f3n de residuos que amenaza su nombramiento como Pueblo M\u00e1gico.\" \/>\n<meta property=\"og:url\" content=\"https:\/\/grupohoymexico.com\/puebla\/2025\/12\/04\/tetela-de-ocampo-esta-en-riesgo-de-perder-su-nombramiento-de-pueblo-magico\/\" \/>\n<meta property=\"og:site_name\" content=\"Grupo Hoy Puebla\" \/>\n<meta property=\"article:published_time\" content=\"2025-12-04T22:42:21+00:00\" \/>\n<meta property=\"article:modified_time\" content=\"2025-12-04T22:42:22+00:00\" \/>\n<meta property=\"og:image\" content=\"https:\/\/grupohoymexico.com\/puebla\/wp-content\/uploads\/sites\/3\/2025\/12\/GH_1_Tetela_de_Ocampo_podria_perder_su_titulo_de_Pueblo_Magico_copia-1.webp\" \/>\n\t<meta property=\"og:image:width\" content=\"1201\" \/>\n\t<meta property=\"og:image:height\" content=\"639\" \/>\n\t<meta property=\"og:image:type\" content=\"image\/webp\" \/>\n<meta name=\"author\" content=\"user\" \/>\n<meta name=\"twitter:card\" content=\"summary_large_image\" \/>\n<meta name=\"twitter:label1\" content=\"Escrito por\" \/>\n\t<meta name=\"twitter:data1\" content=\"user\" \/>\n\t<meta name=\"twitter:label2\" content=\"Tiempo de lectura\" \/>\n\t<meta name=\"twitter:data2\" content=\"3 minutos\" \/>\n<script type=\"application\/ld+json\" class=\"yoast-schema-graph\">{\"@context\":\"https:\\\/\\\/schema.org\",\"@graph\":[{\"@type\":\"Article\",\"@id\":\"https:\\\/\\\/grupohoymexico.com\\\/puebla\\\/2025\\\/12\\\/04\\\/tetela-de-ocampo-esta-en-riesgo-de-perder-su-nombramiento-de-pueblo-magico\\\/#article\",\"isPartOf\":{\"@id\":\"https:\\\/\\\/grupohoymexico.com\\\/puebla\\\/2025\\\/12\\\/04\\\/tetela-de-ocampo-esta-en-riesgo-de-perder-su-nombramiento-de-pueblo-magico\\\/\"},\"author\":{\"name\":\"user\",\"@id\":\"https:\\\/\\\/grupohoymexico.com\\\/puebla\\\/#\\\/schema\\\/person\\\/ce6086ac837852775a3a4f539356c297\"},\"headline\":\"Tetela de Ocampo est\u00e1 en riesgo de perder su nombramiento de Pueblo M\u00e1gico\",\"datePublished\":\"2025-12-04T22:42:21+00:00\",\"dateModified\":\"2025-12-04T22:42:22+00:00\",\"mainEntityOfPage\":{\"@id\":\"https:\\\/\\\/grupohoymexico.com\\\/puebla\\\/2025\\\/12\\\/04\\\/tetela-de-ocampo-esta-en-riesgo-de-perder-su-nombramiento-de-pueblo-magico\\\/\"},\"wordCount\":513,\"commentCount\":0,\"image\":{\"@id\":\"https:\\\/\\\/grupohoymexico.com\\\/puebla\\\/2025\\\/12\\\/04\\\/tetela-de-ocampo-esta-en-riesgo-de-perder-su-nombramiento-de-pueblo-magico\\\/#primaryimage\"},\"thumbnailUrl\":\"https:\\\/\\\/grupohoymexico.com\\\/puebla\\\/wp-content\\\/uploads\\\/sites\\\/3\\\/2025\\\/12\\\/GH_1_Tetela_de_Ocampo_podria_perder_su_titulo_de_Pueblo_Magico_copia-1.webp\",\"keywords\":[\"Basura\",\"Crisis sanitaria\",\"puebla\",\"Pueblo M\u00e1gico\",\"Tetela de Ocampo\",\"Turismo\"],\"articleSection\":[\"Estatal\"],\"inLanguage\":\"es\",\"potentialAction\":[{\"@type\":\"CommentAction\",\"name\":\"Comment\",\"target\":[\"https:\\\/\\\/grupohoymexico.com\\\/puebla\\\/2025\\\/12\\\/04\\\/tetela-de-ocampo-esta-en-riesgo-de-perder-su-nombramiento-de-pueblo-magico\\\/#respond\"]}]},{\"@type\":\"WebPage\",\"@id\":\"https:\\\/\\\/grupohoymexico.com\\\/puebla\\\/2025\\\/12\\\/04\\\/tetela-de-ocampo-esta-en-riesgo-de-perder-su-nombramiento-de-pueblo-magico\\\/\",\"url\":\"https:\\\/\\\/grupohoymexico.com\\\/puebla\\\/2025\\\/12\\\/04\\\/tetela-de-ocampo-esta-en-riesgo-de-perder-su-nombramiento-de-pueblo-magico\\\/\",\"name\":\"Tetela de Ocampo est\u00e1 en riesgo de perder su nombramiento de Pueblo M\u00e1gico - Grupo Hoy Puebla\",\"isPartOf\":{\"@id\":\"https:\\\/\\\/grupohoymexico.com\\\/puebla\\\/#website\"},\"primaryImageOfPage\":{\"@id\":\"https:\\\/\\\/grupohoymexico.com\\\/puebla\\\/2025\\\/12\\\/04\\\/tetela-de-ocampo-esta-en-riesgo-de-perder-su-nombramiento-de-pueblo-magico\\\/#primaryimage\"},\"image\":{\"@id\":\"https:\\\/\\\/grupohoymexico.com\\\/puebla\\\/2025\\\/12\\\/04\\\/tetela-de-ocampo-esta-en-riesgo-de-perder-su-nombramiento-de-pueblo-magico\\\/#primaryimage\"},\"thumbnailUrl\":\"https:\\\/\\\/grupohoymexico.com\\\/puebla\\\/wp-content\\\/uploads\\\/sites\\\/3\\\/2025\\\/12\\\/GH_1_Tetela_de_Ocampo_podria_perder_su_titulo_de_Pueblo_Magico_copia-1.webp\",\"datePublished\":\"2025-12-04T22:42:21+00:00\",\"dateModified\":\"2025-12-04T22:42:22+00:00\",\"author\":{\"@id\":\"https:\\\/\\\/grupohoymexico.com\\\/puebla\\\/#\\\/schema\\\/person\\\/ce6086ac837852775a3a4f539356c297\"},\"description\":\"Tetela de Ocampo enfrenta una crisis de recolecci\u00f3n de residuos que amenaza su nombramiento como Pueblo M\u00e1gico.\",\"breadcrumb\":{\"@id\":\"https:\\\/\\\/grupohoymexico.com\\\/puebla\\\/2025\\\/12\\\/04\\\/tetela-de-ocampo-esta-en-riesgo-de-perder-su-nombramiento-de-pueblo-magico\\\/#breadcrumb\"},\"inLanguage\":\"es\",\"potentialAction\":[{\"@type\":\"ReadAction\",\"target\":[\"https:\\\/\\\/grupohoymexico.com\\\/puebla\\\/2025\\\/12\\\/04\\\/tetela-de-ocampo-esta-en-riesgo-de-perder-su-nombramiento-de-pueblo-magico\\\/\"]}]},{\"@type\":\"ImageObject\",\"inLanguage\":\"es\",\"@id\":\"https:\\\/\\\/grupohoymexico.com\\\/puebla\\\/2025\\\/12\\\/04\\\/tetela-de-ocampo-esta-en-riesgo-de-perder-su-nombramiento-de-pueblo-magico\\\/#primaryimage\",\"url\":\"https:\\\/\\\/grupohoymexico.com\\\/puebla\\\/wp-content\\\/uploads\\\/sites\\\/3\\\/2025\\\/12\\\/GH_1_Tetela_de_Ocampo_podria_perder_su_titulo_de_Pueblo_Magico_copia-1.webp\",\"contentUrl\":\"https:\\\/\\\/grupohoymexico.com\\\/puebla\\\/wp-content\\\/uploads\\\/sites\\\/3\\\/2025\\\/12\\\/GH_1_Tetela_de_Ocampo_podria_perder_su_titulo_de_Pueblo_Magico_copia-1.webp\",\"width\":1201,\"height\":639,\"caption\":\"Imagen: FreePik\"},{\"@type\":\"BreadcrumbList\",\"@id\":\"https:\\\/\\\/grupohoymexico.com\\\/puebla\\\/2025\\\/12\\\/04\\\/tetela-de-ocampo-esta-en-riesgo-de-perder-su-nombramiento-de-pueblo-magico\\\/#breadcrumb\",\"itemListElement\":[{\"@type\":\"ListItem\",\"position\":1,\"name\":\"Inicio\",\"item\":\"https:\\\/\\\/grupohoymexico.com\\\/puebla\\\/\"},{\"@type\":\"ListItem\",\"position\":2,\"name\":\"Tetela de Ocampo est\u00e1 en riesgo de perder su nombramiento de Pueblo M\u00e1gico\"}]},{\"@type\":\"WebSite\",\"@id\":\"https:\\\/\\\/grupohoymexico.com\\\/puebla\\\/#website\",\"url\":\"https:\\\/\\\/grupohoymexico.com\\\/puebla\\\/\",\"name\":\"Grupo Hoy Puebla\",\"description\":\"\",\"potentialAction\":[{\"@type\":\"SearchAction\",\"target\":{\"@type\":\"EntryPoint\",\"urlTemplate\":\"https:\\\/\\\/grupohoymexico.com\\\/puebla\\\/?s={search_term_string}\"},\"query-input\":{\"@type\":\"PropertyValueSpecification\",\"valueRequired\":true,\"valueName\":\"search_term_string\"}}],\"inLanguage\":\"es\"},{\"@type\":\"Person\",\"@id\":\"https:\\\/\\\/grupohoymexico.com\\\/puebla\\\/#\\\/schema\\\/person\\\/ce6086ac837852775a3a4f539356c297\",\"name\":\"user\",\"image\":{\"@type\":\"ImageObject\",\"inLanguage\":\"es\",\"@id\":\"https:\\\/\\\/secure.gravatar.com\\\/avatar\\\/25f78de4fa956f6f7c01f8d96f8087d8958ebe06d57e630cd54e36aefb9dacea?s=96&d=mm&r=g\",\"url\":\"https:\\\/\\\/secure.gravatar.com\\\/avatar\\\/25f78de4fa956f6f7c01f8d96f8087d8958ebe06d57e630cd54e36aefb9dacea?s=96&d=mm&r=g\",\"contentUrl\":\"https:\\\/\\\/secure.gravatar.com\\\/avatar\\\/25f78de4fa956f6f7c01f8d96f8087d8958ebe06d57e630cd54e36aefb9dacea?s=96&d=mm&r=g\",\"caption\":\"user\"},\"sameAs\":[\"http:\\\/\\\/44.197.188.197.nip.io\"],\"url\":\"https:\\\/\\\/grupohoymexico.com\\\/puebla\\\/author\\\/user\\\/\"}]}<\/script>\n<!-- \/ Yoast SEO Premium plugin. -->","yoast_head_json":{"title":"Tetela de Ocampo est\u00e1 en riesgo de perder su nombramiento de Pueblo M\u00e1gico - Grupo Hoy Puebla","description":"Tetela de Ocampo enfrenta una crisis de recolecci\u00f3n de residuos que amenaza su nombramiento como Pueblo M\u00e1gico.","robots":{"index":"index","follow":"follow","max-snippet":"max-snippet:-1","max-image-preview":"max-image-preview:large","max-video-preview":"max-video-preview:-1"},"canonical":"https:\/\/grupohoymexico.com\/puebla\/2025\/12\/04\/tetela-de-ocampo-esta-en-riesgo-de-perder-su-nombramiento-de-pueblo-magico\/","og_locale":"es_MX","og_type":"article","og_title":"Tetela de Ocampo est\u00e1 en riesgo de perder su nombramiento de Pueblo M\u00e1gico","og_description":"Tetela de Ocampo enfrenta una crisis de recolecci\u00f3n de residuos que amenaza su nombramiento como Pueblo M\u00e1gico.","og_url":"https:\/\/grupohoymexico.com\/puebla\/2025\/12\/04\/tetela-de-ocampo-esta-en-riesgo-de-perder-su-nombramiento-de-pueblo-magico\/","og_site_name":"Grupo Hoy Puebla","article_published_time":"2025-12-04T22:42:21+00:00","article_modified_time":"2025-12-04T22:42:22+00:00","og_image":[{"width":1201,"height":639,"url":"https:\/\/grupohoymexico.com\/puebla\/wp-content\/uploads\/sites\/3\/2025\/12\/GH_1_Tetela_de_Ocampo_podria_perder_su_titulo_de_Pueblo_Magico_copia-1.webp","type":"image\/webp"}],"author":"user","twitter_card":"summary_large_image","twitter_misc":{"Escrito por":"user","Tiempo de lectura":"3 minutos"},"schema":{"@context":"https:\/\/schema.org","@graph":[{"@type":"Article","@id":"https:\/\/grupohoymexico.com\/puebla\/2025\/12\/04\/tetela-de-ocampo-esta-en-riesgo-de-perder-su-nombramiento-de-pueblo-magico\/#article","isPartOf":{"@id":"https:\/\/grupohoymexico.com\/puebla\/2025\/12\/04\/tetela-de-ocampo-esta-en-riesgo-de-perder-su-nombramiento-de-pueblo-magico\/"},"author":{"name":"user","@id":"https:\/\/grupohoymexico.com\/puebla\/#\/schema\/person\/ce6086ac837852775a3a4f539356c297"},"headline":"Tetela de Ocampo est\u00e1 en riesgo de perder su nombramiento de Pueblo M\u00e1gico","datePublished":"2025-12-04T22:42:21+00:00","dateModified":"2025-12-04T22:42:22+00:00","mainEntityOfPage":{"@id":"https:\/\/grupohoymexico.com\/puebla\/2025\/12\/04\/tetela-de-ocampo-esta-en-riesgo-de-perder-su-nombramiento-de-pueblo-magico\/"},"wordCount":513,"commentCount":0,"image":{"@id":"https:\/\/grupohoymexico.com\/puebla\/2025\/12\/04\/tetela-de-ocampo-esta-en-riesgo-de-perder-su-nombramiento-de-pueblo-magico\/#primaryimage"},"thumbnailUrl":"https:\/\/grupohoymexico.com\/puebla\/wp-content\/uploads\/sites\/3\/2025\/12\/GH_1_Tetela_de_Ocampo_podria_perder_su_titulo_de_Pueblo_Magico_copia-1.webp","keywords":["Basura","Crisis sanitaria","puebla","Pueblo M\u00e1gico","Tetela de Ocampo","Turismo"],"articleSection":["Estatal"],"inLanguage":"es","potentialAction":[{"@type":"CommentAction","name":"Comment","target":["https:\/\/grupohoymexico.com\/puebla\/2025\/12\/04\/tetela-de-ocampo-esta-en-riesgo-de-perder-su-nombramiento-de-pueblo-magico\/#respond"]}]},{"@type":"WebPage","@id":"https:\/\/grupohoymexico.com\/puebla\/2025\/12\/04\/tetela-de-ocampo-esta-en-riesgo-de-perder-su-nombramiento-de-pueblo-magico\/","url":"https:\/\/grupohoymexico.com\/puebla\/2025\/12\/04\/tetela-de-ocampo-esta-en-riesgo-de-perder-su-nombramiento-de-pueblo-magico\/","name":"Tetela de Ocampo est\u00e1 en riesgo de perder su nombramiento de Pueblo M\u00e1gico - Grupo Hoy Puebla","isPartOf":{"@id":"https:\/\/grupohoymexico.com\/puebla\/#website"},"primaryImageOfPage":{"@id":"https:\/\/grupohoymexico.com\/puebla\/2025\/12\/04\/tetela-de-ocampo-esta-en-riesgo-de-perder-su-nombramiento-de-pueblo-magico\/#primaryimage"},"image":{"@id":"https:\/\/grupohoymexico.com\/puebla\/2025\/12\/04\/tetela-de-ocampo-esta-en-riesgo-de-perder-su-nombramiento-de-pueblo-magico\/#primaryimage"},"thumbnailUrl":"https:\/\/grupohoymexico.com\/puebla\/wp-content\/uploads\/sites\/3\/2025\/12\/GH_1_Tetela_de_Ocampo_podria_perder_su_titulo_de_Pueblo_Magico_copia-1.webp","datePublished":"2025-12-04T22:42:21+00:00","dateModified":"2025-12-04T22:42:22+00:00","author":{"@id":"https:\/\/grupohoymexico.com\/puebla\/#\/schema\/person\/ce6086ac837852775a3a4f539356c297"},"description":"Tetela de Ocampo enfrenta una crisis de recolecci\u00f3n de residuos que amenaza su nombramiento como Pueblo M\u00e1gico.","breadcrumb":{"@id":"https:\/\/grupohoymexico.com\/puebla\/2025\/12\/04\/tetela-de-ocampo-esta-en-riesgo-de-perder-su-nombramiento-de-pueblo-magico\/#breadcrumb"},"inLanguage":"es","potentialAction":[{"@type":"ReadAction","target":["https:\/\/grupohoymexico.com\/puebla\/2025\/12\/04\/tetela-de-ocampo-esta-en-riesgo-de-perder-su-nombramiento-de-pueblo-magico\/"]}]},{"@type":"ImageObject","inLanguage":"es","@id":"https:\/\/grupohoymexico.com\/puebla\/2025\/12\/04\/tetela-de-ocampo-esta-en-riesgo-de-perder-su-nombramiento-de-pueblo-magico\/#primaryimage","url":"https:\/\/grupohoymexico.com\/puebla\/wp-content\/uploads\/sites\/3\/2025\/12\/GH_1_Tetela_de_Ocampo_podria_perder_su_titulo_de_Pueblo_Magico_copia-1.webp","contentUrl":"https:\/\/grupohoymexico.com\/puebla\/wp-content\/uploads\/sites\/3\/2025\/12\/GH_1_Tetela_de_Ocampo_podria_perder_su_titulo_de_Pueblo_Magico_copia-1.webp","width":1201,"height":639,"caption":"Imagen: FreePik"},{"@type":"BreadcrumbList","@id":"https:\/\/grupohoymexico.com\/puebla\/2025\/12\/04\/tetela-de-ocampo-esta-en-riesgo-de-perder-su-nombramiento-de-pueblo-magico\/#breadcrumb","itemListElement":[{"@type":"ListItem","position":1,"name":"Inicio","item":"https:\/\/grupohoymexico.com\/puebla\/"},{"@type":"ListItem","position":2,"name":"Tetela de Ocampo est\u00e1 en riesgo de perder su nombramiento de Pueblo M\u00e1gico"}]},{"@type":"WebSite","@id":"https:\/\/grupohoymexico.com\/puebla\/#website","url":"https:\/\/grupohoymexico.com\/puebla\/","name":"Grupo Hoy Puebla","description":"","potentialAction":[{"@type":"SearchAction","target":{"@type":"EntryPoint","urlTemplate":"https:\/\/grupohoymexico.com\/puebla\/?s={search_term_string}"},"query-input":{"@type":"PropertyValueSpecification","valueRequired":true,"valueName":"search_term_string"}}],"inLanguage":"es"},{"@type":"Person","@id":"https:\/\/grupohoymexico.com\/puebla\/#\/schema\/person\/ce6086ac837852775a3a4f539356c297","name":"user","image":{"@type":"ImageObject","inLanguage":"es","@id":"https:\/\/secure.gravatar.com\/avatar\/25f78de4fa956f6f7c01f8d96f8087d8958ebe06d57e630cd54e36aefb9dacea?s=96&d=mm&r=g","url":"https:\/\/secure.gravatar.com\/avatar\/25f78de4fa956f6f7c01f8d96f8087d8958ebe06d57e630cd54e36aefb9dacea?s=96&d=mm&r=g","contentUrl":"https:\/\/secure.gravatar.com\/avatar\/25f78de4fa956f6f7c01f8d96f8087d8958ebe06d57e630cd54e36aefb9dacea?s=96&d=mm&r=g","caption":"user"},"sameAs":["http:\/\/44.197.188.197.nip.io"],"url":"https:\/\/grupohoymexico.com\/puebla\/author\/user\/"}]}},"_links":{"self":[{"href":"https:\/\/grupohoymexico.com\/puebla\/wp-json\/wp\/v2\/posts\/79179","targetHints":{"allow":["GET"]}}],"collection":[{"href":"https:\/\/grupohoymexico.com\/puebla\/wp-json\/wp\/v2\/posts"}],"about":[{"href":"https:\/\/grupohoymexico.com\/puebla\/wp-json\/wp\/v2\/types\/post"}],"author":[{"embeddable":true,"href":"https:\/\/grupohoymexico.com\/puebla\/wp-json\/wp\/v2\/users\/1"}],"replies":[{"embeddable":true,"href":"https:\/\/grupohoymexico.com\/puebla\/wp-json\/wp\/v2\/comments?post=79179"}],"version-history":[{"count":1,"href":"https:\/\/grupohoymexico.com\/puebla\/wp-json\/wp\/v2\/posts\/79179\/revisions"}],"predecessor-version":[{"id":79185,"href":"https:\/\/grupohoymexico.com\/puebla\/wp-json\/wp\/v2\/posts\/79179\/revisions\/79185"}],"wp:featuredmedia":[{"embeddable":true,"href":"https:\/\/grupohoymexico.com\/puebla\/wp-json\/wp\/v2\/media\/79184"}],"wp:attachment":[{"href":"https:\/\/grupohoymexico.com\/puebla\/wp-json\/wp\/v2\/media?parent=79179"}],"wp:term":[{"taxonomy":"category","embeddable":true,"href":"https:\/\/grupohoymexico.com\/puebla\/wp-json\/wp\/v2\/categories?post=79179"},{"taxonomy":"post_tag","embeddable":true,"href":"https:\/\/grupohoymexico.com\/puebla\/wp-json\/wp\/v2\/tags?post=79179"}],"curies":[{"name":"wp","href":"https:\/\/api.w.org\/{rel}","templated":true}]}}