{"id":79146,"date":"2025-12-01T15:43:35","date_gmt":"2025-12-01T15:43:35","guid":{"rendered":"https:\/\/grupohoymexico.com\/puebla\/?p=79146"},"modified":"2025-12-01T15:43:36","modified_gmt":"2025-12-01T15:43:36","slug":"puebla-destaca-campeonato-nacional-del-pavo-halterofilia-2025","status":"publish","type":"post","link":"https:\/\/grupohoymexico.com\/puebla\/2025\/12\/01\/puebla-destaca-campeonato-nacional-del-pavo-halterofilia-2025\/","title":{"rendered":"Puebla destaca en el Campeonato Nacional del Pavo 2025"},"content":{"rendered":"\n<p>La delegaci\u00f3n poblana de halterofilia tuvo una sobresaliente actuaci\u00f3n en el <strong>Campeonato Nacional del Pavo de Levantamiento de Pesas 2025<\/strong>, realizado en San Luis Potos\u00ed. La <strong>Secretar\u00eda de Deporte y Juventud<\/strong> acompa\u00f1\u00f3 a las y los atletas durante la competencia, representada por el subsecretario de Deporte, Mauricio Garc\u00eda, quien acudi\u00f3 para respaldar el esfuerzo y compromiso del equipo poblano.<\/p>\n\n\n\n<p><strong>Puebla<\/strong> demostr\u00f3 su fortaleza y proyecci\u00f3n deportiva al obtener una destacada cosecha de medallas en diversas categor\u00edas. En total, se lograron tres medallas de oro a cargo de <strong>Alexis Segura<\/strong> en categor\u00eda mayor y tres m\u00e1s por parte de Sof\u00eda Bello en la categor\u00eda Sub-13. Las preseas de plata fueron obtenidas por Karol D\u00edaz en Sub-13, Olivia Romero en la divisi\u00f3n de hasta 63 kilogramos y Yoselin Bail\u00f3n en hasta 53 kilogramos. Adem\u00e1s, <strong>Alejandro L\u00f3pez (Sub-15)<\/strong>, <strong>Renata Espinosa (Sub-17)<\/strong>, <strong>Ian Israel del Carmen (Sub-13)<\/strong> y la propia <strong>Olivia Romero<\/strong> sumaron medallas de bronce, esta \u00faltima con dos preseas adicionales en 63 kilogramos.<\/p>\n\n\n\n<p>LEE TAMBI\u00c9N: <a href=\"https:\/\/grupohoymexico.com\/puebla\/2025\/11\/28\/nina-viaja-4-horas-para-denunciar-una-violacion-y-no-es-atendida-por-hablar-nahuatl\/\" target=\"_blank\" rel=\"noreferrer noopener\">Ni\u00f1a viaja 4 horas para denunciar una violaci\u00f3n y no es atendida por hablar n\u00e1huatl<\/a><br><\/p>\n\n\n\n<figure class=\"wp-block-image size-large\"><img fetchpriority=\"high\" decoding=\"async\" width=\"1024\" height=\"588\" src=\"https:\/\/grupohoymexico.com\/puebla\/wp-content\/uploads\/sites\/3\/2025\/12\/image-1024x588.png\" alt=\"\" class=\"wp-image-79147\" srcset=\"https:\/\/grupohoymexico.com\/puebla\/wp-content\/uploads\/sites\/3\/2025\/12\/image-1024x588.png 1024w, https:\/\/grupohoymexico.com\/puebla\/wp-content\/uploads\/sites\/3\/2025\/12\/image-300x172.png 300w, https:\/\/grupohoymexico.com\/puebla\/wp-content\/uploads\/sites\/3\/2025\/12\/image-768x441.png 768w, https:\/\/grupohoymexico.com\/puebla\/wp-content\/uploads\/sites\/3\/2025\/12\/image-332x191.png 332w, https:\/\/grupohoymexico.com\/puebla\/wp-content\/uploads\/sites\/3\/2025\/12\/image-664x381.png 664w, https:\/\/grupohoymexico.com\/puebla\/wp-content\/uploads\/sites\/3\/2025\/12\/image-688x395.png 688w, https:\/\/grupohoymexico.com\/puebla\/wp-content\/uploads\/sites\/3\/2025\/12\/image-1044x600.png 1044w, https:\/\/grupohoymexico.com\/puebla\/wp-content\/uploads\/sites\/3\/2025\/12\/image.png 1050w\" sizes=\"(max-width: 1024px) 100vw, 1024px\" \/><\/figure>\n\n\n\n<p>Tambi\u00e9n se reconoci\u00f3 la participaci\u00f3n de <strong>Ana Ferrer<\/strong> en la categor\u00eda hasta 58 kilogramos, consolidando el crecimiento t\u00e9cnico y competitivo de la halterofilia poblana.<\/p>\n\n\n\n<p>El subsecretario <strong>Mauricio Garc\u00eda<\/strong> destac\u00f3 la disciplina y dedicaci\u00f3n del equipo, reiterando el respaldo de la<strong> Secretar\u00eda de Deporte y Juventud<\/strong>, encabezada por <strong>Gaby \u201cLa Bonita\u201d S\u00e1nchez<\/strong>, para seguir impulsando el alto rendimiento. Con estos resultados, el <strong>Gobierno del Estado<\/strong>, liderado por <strong>Alejandro Armenta<\/strong>, reafirma a Puebla como una potencia nacional en levantamiento de pesas.<\/p>\n","protected":false},"excerpt":{"rendered":"La delegaci\u00f3n poblana de halterofilia tuvo una sobresaliente actuaci\u00f3n en el Campeonato Nacional del Pavo de Levantamiento de&hellip;","protected":false},"author":30,"featured_media":79148,"comment_status":"open","ping_status":"open","sticky":false,"template":"","format":"standard","meta":{"csco_display_header_overlay":false,"csco_singular_sidebar":"","csco_page_header_type":"","csco_page_load_nextpost":"","csco_post_video_location":[],"csco_post_video_location_hash":"","csco_post_video_url":"","csco_post_video_bg_start_time":0,"csco_post_video_bg_end_time":0,"footnotes":""},"categories":[27],"tags":[3237,3236,3238,40],"class_list":{"0":"post-79146","1":"post","2":"type-post","3":"status-publish","4":"format-standard","5":"has-post-thumbnail","7":"category-deportes","8":"tag-campeonato-nacional-del-pavo-2025","9":"tag-deporte-puebla","10":"tag-levantamiento-de-pesas-puebla","11":"tag-puebla","12":"cs-entry","13":"cs-video-wrap"},"yoast_head":"<!-- This site is optimized with the Yoast SEO Premium plugin v24.7 (Yoast SEO v27.4) - https:\/\/yoast.com\/product\/yoast-seo-premium-wordpress\/ -->\n<title>Puebla destaca en el Campeonato Nacional del Pavo 2025<\/title>\n<meta name=\"description\" content=\"Puebla brill\u00f3 en el Campeonato Nacional del Pavo 2025 con m\u00faltiples medallas en halterofilia, destacando a j\u00f3venes talentos\" \/>\n<meta name=\"robots\" content=\"index, follow, max-snippet:-1, max-image-preview:large, max-video-preview:-1\" \/>\n<link rel=\"canonical\" href=\"https:\/\/grupohoymexico.com\/puebla\/2025\/12\/01\/puebla-destaca-campeonato-nacional-del-pavo-halterofilia-2025\/\" \/>\n<meta property=\"og:locale\" content=\"es_MX\" \/>\n<meta property=\"og:type\" content=\"article\" \/>\n<meta property=\"og:title\" content=\"Puebla destaca en el Campeonato Nacional del Pavo 2025\" \/>\n<meta property=\"og:description\" content=\"Puebla brill\u00f3 en el Campeonato Nacional del Pavo 2025 con m\u00faltiples medallas en halterofilia, destacando a j\u00f3venes talentos\" \/>\n<meta property=\"og:url\" content=\"https:\/\/grupohoymexico.com\/puebla\/2025\/12\/01\/puebla-destaca-campeonato-nacional-del-pavo-halterofilia-2025\/\" \/>\n<meta property=\"og:site_name\" content=\"Grupo Hoy Puebla\" \/>\n<meta property=\"article:published_time\" content=\"2025-12-01T15:43:35+00:00\" \/>\n<meta property=\"article:modified_time\" content=\"2025-12-01T15:43:36+00:00\" \/>\n<meta property=\"og:image\" content=\"https:\/\/grupohoymexico.com\/puebla\/wp-content\/uploads\/sites\/3\/2025\/12\/halterofilia-Puebla-Campeonato-Nacional-del-Pavo.webp\" \/>\n\t<meta property=\"og:image:width\" content=\"1201\" \/>\n\t<meta property=\"og:image:height\" content=\"639\" \/>\n\t<meta property=\"og:image:type\" content=\"image\/webp\" \/>\n<meta name=\"author\" content=\"eduardo\" \/>\n<meta name=\"twitter:card\" content=\"summary_large_image\" \/>\n<meta name=\"twitter:label1\" content=\"Escrito por\" \/>\n\t<meta name=\"twitter:data1\" content=\"eduardo\" \/>\n\t<meta name=\"twitter:label2\" content=\"Tiempo de lectura\" \/>\n\t<meta name=\"twitter:data2\" content=\"2 minutos\" \/>\n<script type=\"application\/ld+json\" class=\"yoast-schema-graph\">{\"@context\":\"https:\\\/\\\/schema.org\",\"@graph\":[{\"@type\":\"Article\",\"@id\":\"https:\\\/\\\/grupohoymexico.com\\\/puebla\\\/2025\\\/12\\\/01\\\/puebla-destaca-campeonato-nacional-del-pavo-halterofilia-2025\\\/#article\",\"isPartOf\":{\"@id\":\"https:\\\/\\\/grupohoymexico.com\\\/puebla\\\/2025\\\/12\\\/01\\\/puebla-destaca-campeonato-nacional-del-pavo-halterofilia-2025\\\/\"},\"author\":{\"name\":\"eduardo\",\"@id\":\"https:\\\/\\\/grupohoymexico.com\\\/puebla\\\/#\\\/schema\\\/person\\\/e95b7b8df1e5c291ede743c160292779\"},\"headline\":\"Puebla destaca en el Campeonato Nacional del Pavo 2025\",\"datePublished\":\"2025-12-01T15:43:35+00:00\",\"dateModified\":\"2025-12-01T15:43:36+00:00\",\"mainEntityOfPage\":{\"@id\":\"https:\\\/\\\/grupohoymexico.com\\\/puebla\\\/2025\\\/12\\\/01\\\/puebla-destaca-campeonato-nacional-del-pavo-halterofilia-2025\\\/\"},\"wordCount\":286,\"commentCount\":0,\"image\":{\"@id\":\"https:\\\/\\\/grupohoymexico.com\\\/puebla\\\/2025\\\/12\\\/01\\\/puebla-destaca-campeonato-nacional-del-pavo-halterofilia-2025\\\/#primaryimage\"},\"thumbnailUrl\":\"https:\\\/\\\/grupohoymexico.com\\\/puebla\\\/wp-content\\\/uploads\\\/sites\\\/3\\\/2025\\\/12\\\/halterofilia-Puebla-Campeonato-Nacional-del-Pavo.webp\",\"keywords\":[\"CAMPEONATO NACIONAL DEL PAVO 2025\",\"DEPORTE PUEBLA\",\"Levantamiento de pesas Puebla\",\"puebla\"],\"articleSection\":[\"Deportes\"],\"inLanguage\":\"es\",\"potentialAction\":[{\"@type\":\"CommentAction\",\"name\":\"Comment\",\"target\":[\"https:\\\/\\\/grupohoymexico.com\\\/puebla\\\/2025\\\/12\\\/01\\\/puebla-destaca-campeonato-nacional-del-pavo-halterofilia-2025\\\/#respond\"]}]},{\"@type\":\"WebPage\",\"@id\":\"https:\\\/\\\/grupohoymexico.com\\\/puebla\\\/2025\\\/12\\\/01\\\/puebla-destaca-campeonato-nacional-del-pavo-halterofilia-2025\\\/\",\"url\":\"https:\\\/\\\/grupohoymexico.com\\\/puebla\\\/2025\\\/12\\\/01\\\/puebla-destaca-campeonato-nacional-del-pavo-halterofilia-2025\\\/\",\"name\":\"Puebla destaca en el Campeonato Nacional del Pavo 2025\",\"isPartOf\":{\"@id\":\"https:\\\/\\\/grupohoymexico.com\\\/puebla\\\/#website\"},\"primaryImageOfPage\":{\"@id\":\"https:\\\/\\\/grupohoymexico.com\\\/puebla\\\/2025\\\/12\\\/01\\\/puebla-destaca-campeonato-nacional-del-pavo-halterofilia-2025\\\/#primaryimage\"},\"image\":{\"@id\":\"https:\\\/\\\/grupohoymexico.com\\\/puebla\\\/2025\\\/12\\\/01\\\/puebla-destaca-campeonato-nacional-del-pavo-halterofilia-2025\\\/#primaryimage\"},\"thumbnailUrl\":\"https:\\\/\\\/grupohoymexico.com\\\/puebla\\\/wp-content\\\/uploads\\\/sites\\\/3\\\/2025\\\/12\\\/halterofilia-Puebla-Campeonato-Nacional-del-Pavo.webp\",\"datePublished\":\"2025-12-01T15:43:35+00:00\",\"dateModified\":\"2025-12-01T15:43:36+00:00\",\"author\":{\"@id\":\"https:\\\/\\\/grupohoymexico.com\\\/puebla\\\/#\\\/schema\\\/person\\\/e95b7b8df1e5c291ede743c160292779\"},\"description\":\"Puebla brill\u00f3 en el Campeonato Nacional del Pavo 2025 con m\u00faltiples medallas en halterofilia, destacando a j\u00f3venes talentos\",\"breadcrumb\":{\"@id\":\"https:\\\/\\\/grupohoymexico.com\\\/puebla\\\/2025\\\/12\\\/01\\\/puebla-destaca-campeonato-nacional-del-pavo-halterofilia-2025\\\/#breadcrumb\"},\"inLanguage\":\"es\",\"potentialAction\":[{\"@type\":\"ReadAction\",\"target\":[\"https:\\\/\\\/grupohoymexico.com\\\/puebla\\\/2025\\\/12\\\/01\\\/puebla-destaca-campeonato-nacional-del-pavo-halterofilia-2025\\\/\"]}]},{\"@type\":\"ImageObject\",\"inLanguage\":\"es\",\"@id\":\"https:\\\/\\\/grupohoymexico.com\\\/puebla\\\/2025\\\/12\\\/01\\\/puebla-destaca-campeonato-nacional-del-pavo-halterofilia-2025\\\/#primaryimage\",\"url\":\"https:\\\/\\\/grupohoymexico.com\\\/puebla\\\/wp-content\\\/uploads\\\/sites\\\/3\\\/2025\\\/12\\\/halterofilia-Puebla-Campeonato-Nacional-del-Pavo.webp\",\"contentUrl\":\"https:\\\/\\\/grupohoymexico.com\\\/puebla\\\/wp-content\\\/uploads\\\/sites\\\/3\\\/2025\\\/12\\\/halterofilia-Puebla-Campeonato-Nacional-del-Pavo.webp\",\"width\":1201,\"height\":639,\"caption\":\"Imagen: Gobierno de Puebla\"},{\"@type\":\"BreadcrumbList\",\"@id\":\"https:\\\/\\\/grupohoymexico.com\\\/puebla\\\/2025\\\/12\\\/01\\\/puebla-destaca-campeonato-nacional-del-pavo-halterofilia-2025\\\/#breadcrumb\",\"itemListElement\":[{\"@type\":\"ListItem\",\"position\":1,\"name\":\"Inicio\",\"item\":\"https:\\\/\\\/grupohoymexico.com\\\/puebla\\\/\"},{\"@type\":\"ListItem\",\"position\":2,\"name\":\"Puebla destaca en el Campeonato Nacional del Pavo 2025\"}]},{\"@type\":\"WebSite\",\"@id\":\"https:\\\/\\\/grupohoymexico.com\\\/puebla\\\/#website\",\"url\":\"https:\\\/\\\/grupohoymexico.com\\\/puebla\\\/\",\"name\":\"Grupo Hoy Puebla\",\"description\":\"\",\"potentialAction\":[{\"@type\":\"SearchAction\",\"target\":{\"@type\":\"EntryPoint\",\"urlTemplate\":\"https:\\\/\\\/grupohoymexico.com\\\/puebla\\\/?s={search_term_string}\"},\"query-input\":{\"@type\":\"PropertyValueSpecification\",\"valueRequired\":true,\"valueName\":\"search_term_string\"}}],\"inLanguage\":\"es\"},{\"@type\":\"Person\",\"@id\":\"https:\\\/\\\/grupohoymexico.com\\\/puebla\\\/#\\\/schema\\\/person\\\/e95b7b8df1e5c291ede743c160292779\",\"name\":\"eduardo\",\"image\":{\"@type\":\"ImageObject\",\"inLanguage\":\"es\",\"@id\":\"https:\\\/\\\/secure.gravatar.com\\\/avatar\\\/ecdd30dcf3feeb5f57f13840c3daeb08334d3b69de7bb9e067a540c4925a9788?s=96&d=mm&r=g\",\"url\":\"https:\\\/\\\/secure.gravatar.com\\\/avatar\\\/ecdd30dcf3feeb5f57f13840c3daeb08334d3b69de7bb9e067a540c4925a9788?s=96&d=mm&r=g\",\"contentUrl\":\"https:\\\/\\\/secure.gravatar.com\\\/avatar\\\/ecdd30dcf3feeb5f57f13840c3daeb08334d3b69de7bb9e067a540c4925a9788?s=96&d=mm&r=g\",\"caption\":\"eduardo\"},\"url\":\"https:\\\/\\\/grupohoymexico.com\\\/puebla\\\/author\\\/eduardo\\\/\"}]}<\/script>\n<!-- \/ Yoast SEO Premium plugin. -->","yoast_head_json":{"title":"Puebla destaca en el Campeonato Nacional del Pavo 2025","description":"Puebla brill\u00f3 en el Campeonato Nacional del Pavo 2025 con m\u00faltiples medallas en halterofilia, destacando a j\u00f3venes talentos","robots":{"index":"index","follow":"follow","max-snippet":"max-snippet:-1","max-image-preview":"max-image-preview:large","max-video-preview":"max-video-preview:-1"},"canonical":"https:\/\/grupohoymexico.com\/puebla\/2025\/12\/01\/puebla-destaca-campeonato-nacional-del-pavo-halterofilia-2025\/","og_locale":"es_MX","og_type":"article","og_title":"Puebla destaca en el Campeonato Nacional del Pavo 2025","og_description":"Puebla brill\u00f3 en el Campeonato Nacional del Pavo 2025 con m\u00faltiples medallas en halterofilia, destacando a j\u00f3venes talentos","og_url":"https:\/\/grupohoymexico.com\/puebla\/2025\/12\/01\/puebla-destaca-campeonato-nacional-del-pavo-halterofilia-2025\/","og_site_name":"Grupo Hoy Puebla","article_published_time":"2025-12-01T15:43:35+00:00","article_modified_time":"2025-12-01T15:43:36+00:00","og_image":[{"width":1201,"height":639,"url":"https:\/\/grupohoymexico.com\/puebla\/wp-content\/uploads\/sites\/3\/2025\/12\/halterofilia-Puebla-Campeonato-Nacional-del-Pavo.webp","type":"image\/webp"}],"author":"eduardo","twitter_card":"summary_large_image","twitter_misc":{"Escrito por":"eduardo","Tiempo de lectura":"2 minutos"},"schema":{"@context":"https:\/\/schema.org","@graph":[{"@type":"Article","@id":"https:\/\/grupohoymexico.com\/puebla\/2025\/12\/01\/puebla-destaca-campeonato-nacional-del-pavo-halterofilia-2025\/#article","isPartOf":{"@id":"https:\/\/grupohoymexico.com\/puebla\/2025\/12\/01\/puebla-destaca-campeonato-nacional-del-pavo-halterofilia-2025\/"},"author":{"name":"eduardo","@id":"https:\/\/grupohoymexico.com\/puebla\/#\/schema\/person\/e95b7b8df1e5c291ede743c160292779"},"headline":"Puebla destaca en el Campeonato Nacional del Pavo 2025","datePublished":"2025-12-01T15:43:35+00:00","dateModified":"2025-12-01T15:43:36+00:00","mainEntityOfPage":{"@id":"https:\/\/grupohoymexico.com\/puebla\/2025\/12\/01\/puebla-destaca-campeonato-nacional-del-pavo-halterofilia-2025\/"},"wordCount":286,"commentCount":0,"image":{"@id":"https:\/\/grupohoymexico.com\/puebla\/2025\/12\/01\/puebla-destaca-campeonato-nacional-del-pavo-halterofilia-2025\/#primaryimage"},"thumbnailUrl":"https:\/\/grupohoymexico.com\/puebla\/wp-content\/uploads\/sites\/3\/2025\/12\/halterofilia-Puebla-Campeonato-Nacional-del-Pavo.webp","keywords":["CAMPEONATO NACIONAL DEL PAVO 2025","DEPORTE PUEBLA","Levantamiento de pesas Puebla","puebla"],"articleSection":["Deportes"],"inLanguage":"es","potentialAction":[{"@type":"CommentAction","name":"Comment","target":["https:\/\/grupohoymexico.com\/puebla\/2025\/12\/01\/puebla-destaca-campeonato-nacional-del-pavo-halterofilia-2025\/#respond"]}]},{"@type":"WebPage","@id":"https:\/\/grupohoymexico.com\/puebla\/2025\/12\/01\/puebla-destaca-campeonato-nacional-del-pavo-halterofilia-2025\/","url":"https:\/\/grupohoymexico.com\/puebla\/2025\/12\/01\/puebla-destaca-campeonato-nacional-del-pavo-halterofilia-2025\/","name":"Puebla destaca en el Campeonato Nacional del Pavo 2025","isPartOf":{"@id":"https:\/\/grupohoymexico.com\/puebla\/#website"},"primaryImageOfPage":{"@id":"https:\/\/grupohoymexico.com\/puebla\/2025\/12\/01\/puebla-destaca-campeonato-nacional-del-pavo-halterofilia-2025\/#primaryimage"},"image":{"@id":"https:\/\/grupohoymexico.com\/puebla\/2025\/12\/01\/puebla-destaca-campeonato-nacional-del-pavo-halterofilia-2025\/#primaryimage"},"thumbnailUrl":"https:\/\/grupohoymexico.com\/puebla\/wp-content\/uploads\/sites\/3\/2025\/12\/halterofilia-Puebla-Campeonato-Nacional-del-Pavo.webp","datePublished":"2025-12-01T15:43:35+00:00","dateModified":"2025-12-01T15:43:36+00:00","author":{"@id":"https:\/\/grupohoymexico.com\/puebla\/#\/schema\/person\/e95b7b8df1e5c291ede743c160292779"},"description":"Puebla brill\u00f3 en el Campeonato Nacional del Pavo 2025 con m\u00faltiples medallas en halterofilia, destacando a j\u00f3venes talentos","breadcrumb":{"@id":"https:\/\/grupohoymexico.com\/puebla\/2025\/12\/01\/puebla-destaca-campeonato-nacional-del-pavo-halterofilia-2025\/#breadcrumb"},"inLanguage":"es","potentialAction":[{"@type":"ReadAction","target":["https:\/\/grupohoymexico.com\/puebla\/2025\/12\/01\/puebla-destaca-campeonato-nacional-del-pavo-halterofilia-2025\/"]}]},{"@type":"ImageObject","inLanguage":"es","@id":"https:\/\/grupohoymexico.com\/puebla\/2025\/12\/01\/puebla-destaca-campeonato-nacional-del-pavo-halterofilia-2025\/#primaryimage","url":"https:\/\/grupohoymexico.com\/puebla\/wp-content\/uploads\/sites\/3\/2025\/12\/halterofilia-Puebla-Campeonato-Nacional-del-Pavo.webp","contentUrl":"https:\/\/grupohoymexico.com\/puebla\/wp-content\/uploads\/sites\/3\/2025\/12\/halterofilia-Puebla-Campeonato-Nacional-del-Pavo.webp","width":1201,"height":639,"caption":"Imagen: Gobierno de Puebla"},{"@type":"BreadcrumbList","@id":"https:\/\/grupohoymexico.com\/puebla\/2025\/12\/01\/puebla-destaca-campeonato-nacional-del-pavo-halterofilia-2025\/#breadcrumb","itemListElement":[{"@type":"ListItem","position":1,"name":"Inicio","item":"https:\/\/grupohoymexico.com\/puebla\/"},{"@type":"ListItem","position":2,"name":"Puebla destaca en el Campeonato Nacional del Pavo 2025"}]},{"@type":"WebSite","@id":"https:\/\/grupohoymexico.com\/puebla\/#website","url":"https:\/\/grupohoymexico.com\/puebla\/","name":"Grupo Hoy Puebla","description":"","potentialAction":[{"@type":"SearchAction","target":{"@type":"EntryPoint","urlTemplate":"https:\/\/grupohoymexico.com\/puebla\/?s={search_term_string}"},"query-input":{"@type":"PropertyValueSpecification","valueRequired":true,"valueName":"search_term_string"}}],"inLanguage":"es"},{"@type":"Person","@id":"https:\/\/grupohoymexico.com\/puebla\/#\/schema\/person\/e95b7b8df1e5c291ede743c160292779","name":"eduardo","image":{"@type":"ImageObject","inLanguage":"es","@id":"https:\/\/secure.gravatar.com\/avatar\/ecdd30dcf3feeb5f57f13840c3daeb08334d3b69de7bb9e067a540c4925a9788?s=96&d=mm&r=g","url":"https:\/\/secure.gravatar.com\/avatar\/ecdd30dcf3feeb5f57f13840c3daeb08334d3b69de7bb9e067a540c4925a9788?s=96&d=mm&r=g","contentUrl":"https:\/\/secure.gravatar.com\/avatar\/ecdd30dcf3feeb5f57f13840c3daeb08334d3b69de7bb9e067a540c4925a9788?s=96&d=mm&r=g","caption":"eduardo"},"url":"https:\/\/grupohoymexico.com\/puebla\/author\/eduardo\/"}]}},"_links":{"self":[{"href":"https:\/\/grupohoymexico.com\/puebla\/wp-json\/wp\/v2\/posts\/79146","targetHints":{"allow":["GET"]}}],"collection":[{"href":"https:\/\/grupohoymexico.com\/puebla\/wp-json\/wp\/v2\/posts"}],"about":[{"href":"https:\/\/grupohoymexico.com\/puebla\/wp-json\/wp\/v2\/types\/post"}],"author":[{"embeddable":true,"href":"https:\/\/grupohoymexico.com\/puebla\/wp-json\/wp\/v2\/users\/30"}],"replies":[{"embeddable":true,"href":"https:\/\/grupohoymexico.com\/puebla\/wp-json\/wp\/v2\/comments?post=79146"}],"version-history":[{"count":1,"href":"https:\/\/grupohoymexico.com\/puebla\/wp-json\/wp\/v2\/posts\/79146\/revisions"}],"predecessor-version":[{"id":79149,"href":"https:\/\/grupohoymexico.com\/puebla\/wp-json\/wp\/v2\/posts\/79146\/revisions\/79149"}],"wp:featuredmedia":[{"embeddable":true,"href":"https:\/\/grupohoymexico.com\/puebla\/wp-json\/wp\/v2\/media\/79148"}],"wp:attachment":[{"href":"https:\/\/grupohoymexico.com\/puebla\/wp-json\/wp\/v2\/media?parent=79146"}],"wp:term":[{"taxonomy":"category","embeddable":true,"href":"https:\/\/grupohoymexico.com\/puebla\/wp-json\/wp\/v2\/categories?post=79146"},{"taxonomy":"post_tag","embeddable":true,"href":"https:\/\/grupohoymexico.com\/puebla\/wp-json\/wp\/v2\/tags?post=79146"}],"curies":[{"name":"wp","href":"https:\/\/api.w.org\/{rel}","templated":true}]}}