{"id":78320,"date":"2025-10-20T17:01:56","date_gmt":"2025-10-20T17:01:56","guid":{"rendered":"https:\/\/grupohoymexico.com\/puebla\/?p=78320"},"modified":"2025-10-20T17:01:56","modified_gmt":"2025-10-20T17:01:56","slug":"defensa-de-marilyn-cote-busca-su-liberacion","status":"publish","type":"post","link":"https:\/\/grupohoymexico.com\/puebla\/2025\/10\/20\/defensa-de-marilyn-cote-busca-su-liberacion\/","title":{"rendered":"Defensa de Marilyn Cote busca su liberaci\u00f3n"},"content":{"rendered":"\n<p><\/p>\n\n\n\n<p><strong>La defensa de Marilyn N busca liberar a la presunta \u201cfalsa psiquiatra\u201d<\/strong> antes de su audiencia federal. <strong>Este 20 de octubre se llevar\u00e1 a cabo una audiencia en el fuero com\u00fan<\/strong>, donde su abogado, Israel N., exagente del Ministerio P\u00fablico, <strong>solicitar\u00e1 la suspensi\u00f3n condicional del proceso<\/strong> que enfrenta por amenazas y usurpaci\u00f3n de funciones. Tres d\u00edas despu\u00e9s, <strong>el 23 de octubre, se celebrar\u00e1 la audiencia federal por acusaciones de prescripci\u00f3n indebida de narc\u00f3ticos<\/strong>, por lo que la estrategia de la defensa apunta a obtener la libertad antes de ese procedimiento.<\/p>\n\n\n\n<figure class=\"wp-block-image size-large\"><img fetchpriority=\"high\" decoding=\"async\" width=\"1024\" height=\"576\" src=\"https:\/\/grupohoymexico.com\/puebla\/wp-content\/uploads\/sites\/3\/2025\/10\/484490481_1086754930153228_1434074316549733847_n-1024x576.jpg\" alt=\"\" class=\"wp-image-78321\" srcset=\"https:\/\/grupohoymexico.com\/puebla\/wp-content\/uploads\/sites\/3\/2025\/10\/484490481_1086754930153228_1434074316549733847_n-1024x576.jpg 1024w, https:\/\/grupohoymexico.com\/puebla\/wp-content\/uploads\/sites\/3\/2025\/10\/484490481_1086754930153228_1434074316549733847_n-300x169.jpg 300w, https:\/\/grupohoymexico.com\/puebla\/wp-content\/uploads\/sites\/3\/2025\/10\/484490481_1086754930153228_1434074316549733847_n-768x432.jpg 768w, https:\/\/grupohoymexico.com\/puebla\/wp-content\/uploads\/sites\/3\/2025\/10\/484490481_1086754930153228_1434074316549733847_n-1536x864.jpg 1536w, https:\/\/grupohoymexico.com\/puebla\/wp-content\/uploads\/sites\/3\/2025\/10\/484490481_1086754930153228_1434074316549733847_n-332x187.jpg 332w, https:\/\/grupohoymexico.com\/puebla\/wp-content\/uploads\/sites\/3\/2025\/10\/484490481_1086754930153228_1434074316549733847_n-664x374.jpg 664w, https:\/\/grupohoymexico.com\/puebla\/wp-content\/uploads\/sites\/3\/2025\/10\/484490481_1086754930153228_1434074316549733847_n-688x387.jpg 688w, https:\/\/grupohoymexico.com\/puebla\/wp-content\/uploads\/sites\/3\/2025\/10\/484490481_1086754930153228_1434074316549733847_n-1376x774.jpg 1376w, https:\/\/grupohoymexico.com\/puebla\/wp-content\/uploads\/sites\/3\/2025\/10\/484490481_1086754930153228_1434074316549733847_n-1044x587.jpg 1044w, https:\/\/grupohoymexico.com\/puebla\/wp-content\/uploads\/sites\/3\/2025\/10\/484490481_1086754930153228_1434074316549733847_n-1400x788.jpg 1400w, https:\/\/grupohoymexico.com\/puebla\/wp-content\/uploads\/sites\/3\/2025\/10\/484490481_1086754930153228_1434074316549733847_n.jpg 1920w\" sizes=\"(max-width: 1024px) 100vw, 1024px\" \/><\/figure>\n\n\n\n<h3 class=\"wp-block-heading\" id=\"h-audiencia-clave-este-20-de-octubre\"><strong>Audiencia clave este 20 de octubre<\/strong><\/h3>\n\n\n\n<p><strong>Israel N. se incorpora al equipo legal de Marilyn N<\/strong>., un abogado con trayectoria en la <a href=\"https:\/\/fiscalia.puebla.gob.mx\/\">Fiscal\u00eda General del Estado<\/a> (FGE) durante la administraci\u00f3n de Gilberto Higuera Bernal. Su experiencia incluye<strong> litigios de alto perfil<\/strong> y, seg\u00fan fuentes, <strong>participaci\u00f3n en casos de liberaciones pol\u00e9micas<\/strong>. Mientras tanto, la Fiscal\u00eda mantiene evidencia que a\u00fan no ha sido judicializada y <strong>monitorea las acciones de la acusada dentro del penal femenil de Ciudad Serd\u00e1n<\/strong>. All\u00ed, Marilyn N. dirige un grupo de oraci\u00f3n, presuntamente para<strong> mostrar buen comportamiento y favorecer su proceso legal.<\/strong><\/p>\n\n\n\n<p>LEE TAMBI\u00c9N: <a href=\"https:\/\/grupohoymexico.com\/puebla\/2025\/10\/16\/muerte-de-stephany-carmona-genera-protesta-en-ajalpan\/\">Muerte de Stephany Carmona genera protesta en Ajalpan<\/a><\/p>\n\n\n\n<figure class=\"wp-block-image size-full is-resized\"><img decoding=\"async\" width=\"394\" height=\"423\" src=\"https:\/\/grupohoymexico.com\/puebla\/wp-content\/uploads\/sites\/3\/2025\/10\/Captura-de-pantalla-65.png\" alt=\"\" class=\"wp-image-78322\" style=\"width:374px;height:auto\" srcset=\"https:\/\/grupohoymexico.com\/puebla\/wp-content\/uploads\/sites\/3\/2025\/10\/Captura-de-pantalla-65.png 394w, https:\/\/grupohoymexico.com\/puebla\/wp-content\/uploads\/sites\/3\/2025\/10\/Captura-de-pantalla-65-279x300.png 279w, https:\/\/grupohoymexico.com\/puebla\/wp-content\/uploads\/sites\/3\/2025\/10\/Captura-de-pantalla-65-332x356.png 332w\" sizes=\"(max-width: 394px) 100vw, 394px\" \/><\/figure>\n\n\n\n<h3 class=\"wp-block-heading\" id=\"h-antecedentes-y-acusaciones-de-la-falsa-psiquiatra\"><strong>Antecedentes y acusaciones de la falsa psiquiatra<\/strong><\/h3>\n\n\n\n<p>Marilyn N., originaria de Acuitlapilco, Tlaxcala, <strong>ejerci\u00f3 como psiquiatra en un consultorio de las Torres M\u00e9dicas<\/strong>, en San Andr\u00e9s Cholula, <strong>usando t\u00edtulos falsos de universidades internacionales<\/strong>. Aunque es abogada por la <a href=\"https:\/\/www.buap.mx\/\">BUAP<\/a> y posee <strong>estudios en criminal\u00edstica y psicolog\u00eda<\/strong>, nunca estuvo acreditada para <strong>practicar la medicina ni prescribir medicamentos controlados<\/strong>. Su caso se revel\u00f3 tras la denuncia p\u00fablica de la cuenta de X \u201c<strong>Charlatanes M\u00e9dicos<\/strong>\u201d, que mostr\u00f3 documentos con t\u00edtulos falsos y recetas irregulares. La <a href=\"https:\/\/www.gob.mx\/cofepris\">Cofepris<\/a> intervino, <strong>clausur\u00f3 el consultorio y dio inicio a la investigaci\u00f3n penal <\/strong>que culmin\u00f3 en su arresto.<\/p>\n\n\n\n<p>El desenlace del caso de Marilyn N. <strong>depende de las audiencias de octubre y de la valoraci\u00f3n del juez <\/strong>sobre la suspensi\u00f3n condicional del proceso. La estrategia de su defensa<strong> busca adelantarse a la audiencia federal y asegurar su liberaci\u00f3n <\/strong>temporal mientras se define la situaci\u00f3n legal de la acusada.<\/p>\n","protected":false},"excerpt":{"rendered":"La defensa de Marilyn N busca liberar a la presunta \u201cfalsa psiquiatra\u201d antes de su audiencia federal. Este&hellip;","protected":false},"author":1,"featured_media":78323,"comment_status":"open","ping_status":"open","sticky":false,"template":"","format":"standard","meta":{"csco_display_header_overlay":false,"csco_singular_sidebar":"","csco_page_header_type":"","csco_page_load_nextpost":"","csco_post_video_location":[],"csco_post_video_location_hash":"","csco_post_video_url":"","csco_post_video_bg_start_time":0,"csco_post_video_bg_end_time":0,"footnotes":""},"categories":[29,111],"tags":[1006,556,659,2397,126,120,1568,40],"class_list":{"0":"post-78320","1":"post","2":"type-post","3":"status-publish","4":"format-standard","5":"has-post-thumbnail","7":"category-estatal","8":"category-policiaco","9":"tag-buap","10":"tag-cofepris","11":"tag-fge","12":"tag-marilyn-cote","13":"tag-mexico","14":"tag-noticias","15":"tag-policiaco-2","16":"tag-puebla","17":"cs-entry","18":"cs-video-wrap"},"yoast_head":"<!-- This site is optimized with the Yoast SEO Premium plugin v24.7 (Yoast SEO v27.4) - https:\/\/yoast.com\/product\/yoast-seo-premium-wordpress\/ -->\n<title>Defensa de Marilyn Cote busca su liberaci\u00f3n - Grupo Hoy Puebla<\/title>\n<meta name=\"description\" content=\"La defensa de Marilyn N, detenida por usurpaci\u00f3n de funciones, busca su liberaci\u00f3n antes de la audiencia federal del 23 de octubre.\" \/>\n<meta name=\"robots\" content=\"index, follow, max-snippet:-1, max-image-preview:large, max-video-preview:-1\" \/>\n<link rel=\"canonical\" href=\"https:\/\/grupohoymexico.com\/puebla\/2025\/10\/20\/defensa-de-marilyn-cote-busca-su-liberacion\/\" \/>\n<meta property=\"og:locale\" content=\"es_MX\" \/>\n<meta property=\"og:type\" content=\"article\" \/>\n<meta property=\"og:title\" content=\"Defensa de Marilyn Cote busca su liberaci\u00f3n\" \/>\n<meta property=\"og:description\" content=\"La defensa de Marilyn N, detenida por usurpaci\u00f3n de funciones, busca su liberaci\u00f3n antes de la audiencia federal del 23 de octubre.\" \/>\n<meta property=\"og:url\" content=\"https:\/\/grupohoymexico.com\/puebla\/2025\/10\/20\/defensa-de-marilyn-cote-busca-su-liberacion\/\" \/>\n<meta property=\"og:site_name\" content=\"Grupo Hoy Puebla\" \/>\n<meta property=\"article:published_time\" content=\"2025-10-20T17:01:56+00:00\" \/>\n<meta property=\"og:image\" content=\"https:\/\/grupohoymexico.com\/puebla\/wp-content\/uploads\/sites\/3\/2025\/10\/GH_1_Nuevo-abogado-impulsa-libertad-de-Marilyn-Cote-copia.webp\" \/>\n\t<meta property=\"og:image:width\" content=\"1201\" \/>\n\t<meta property=\"og:image:height\" content=\"639\" \/>\n\t<meta property=\"og:image:type\" content=\"image\/webp\" \/>\n<meta name=\"author\" content=\"user\" \/>\n<meta name=\"twitter:card\" content=\"summary_large_image\" \/>\n<meta name=\"twitter:label1\" content=\"Escrito por\" \/>\n\t<meta name=\"twitter:data1\" content=\"user\" \/>\n\t<meta name=\"twitter:label2\" content=\"Tiempo de lectura\" \/>\n\t<meta name=\"twitter:data2\" content=\"3 minutos\" \/>\n<script type=\"application\/ld+json\" class=\"yoast-schema-graph\">{\"@context\":\"https:\\\/\\\/schema.org\",\"@graph\":[{\"@type\":\"Article\",\"@id\":\"https:\\\/\\\/grupohoymexico.com\\\/puebla\\\/2025\\\/10\\\/20\\\/defensa-de-marilyn-cote-busca-su-liberacion\\\/#article\",\"isPartOf\":{\"@id\":\"https:\\\/\\\/grupohoymexico.com\\\/puebla\\\/2025\\\/10\\\/20\\\/defensa-de-marilyn-cote-busca-su-liberacion\\\/\"},\"author\":{\"name\":\"user\",\"@id\":\"https:\\\/\\\/grupohoymexico.com\\\/puebla\\\/#\\\/schema\\\/person\\\/ce6086ac837852775a3a4f539356c297\"},\"headline\":\"Defensa de Marilyn Cote busca su liberaci\u00f3n\",\"datePublished\":\"2025-10-20T17:01:56+00:00\",\"mainEntityOfPage\":{\"@id\":\"https:\\\/\\\/grupohoymexico.com\\\/puebla\\\/2025\\\/10\\\/20\\\/defensa-de-marilyn-cote-busca-su-liberacion\\\/\"},\"wordCount\":379,\"commentCount\":0,\"image\":{\"@id\":\"https:\\\/\\\/grupohoymexico.com\\\/puebla\\\/2025\\\/10\\\/20\\\/defensa-de-marilyn-cote-busca-su-liberacion\\\/#primaryimage\"},\"thumbnailUrl\":\"https:\\\/\\\/grupohoymexico.com\\\/puebla\\\/wp-content\\\/uploads\\\/sites\\\/3\\\/2025\\\/10\\\/GH_1_Nuevo-abogado-impulsa-libertad-de-Marilyn-Cote-copia.webp\",\"keywords\":[\"BUAP\",\"Cofepris\",\"FGE\",\"Marilyn Cote\",\"M\u00e9xico\",\"noticias\",\"Policiaco\",\"puebla\"],\"articleSection\":[\"Estatal\",\"Policiaco\"],\"inLanguage\":\"es\",\"potentialAction\":[{\"@type\":\"CommentAction\",\"name\":\"Comment\",\"target\":[\"https:\\\/\\\/grupohoymexico.com\\\/puebla\\\/2025\\\/10\\\/20\\\/defensa-de-marilyn-cote-busca-su-liberacion\\\/#respond\"]}]},{\"@type\":\"WebPage\",\"@id\":\"https:\\\/\\\/grupohoymexico.com\\\/puebla\\\/2025\\\/10\\\/20\\\/defensa-de-marilyn-cote-busca-su-liberacion\\\/\",\"url\":\"https:\\\/\\\/grupohoymexico.com\\\/puebla\\\/2025\\\/10\\\/20\\\/defensa-de-marilyn-cote-busca-su-liberacion\\\/\",\"name\":\"Defensa de Marilyn Cote busca su liberaci\u00f3n - Grupo Hoy Puebla\",\"isPartOf\":{\"@id\":\"https:\\\/\\\/grupohoymexico.com\\\/puebla\\\/#website\"},\"primaryImageOfPage\":{\"@id\":\"https:\\\/\\\/grupohoymexico.com\\\/puebla\\\/2025\\\/10\\\/20\\\/defensa-de-marilyn-cote-busca-su-liberacion\\\/#primaryimage\"},\"image\":{\"@id\":\"https:\\\/\\\/grupohoymexico.com\\\/puebla\\\/2025\\\/10\\\/20\\\/defensa-de-marilyn-cote-busca-su-liberacion\\\/#primaryimage\"},\"thumbnailUrl\":\"https:\\\/\\\/grupohoymexico.com\\\/puebla\\\/wp-content\\\/uploads\\\/sites\\\/3\\\/2025\\\/10\\\/GH_1_Nuevo-abogado-impulsa-libertad-de-Marilyn-Cote-copia.webp\",\"datePublished\":\"2025-10-20T17:01:56+00:00\",\"author\":{\"@id\":\"https:\\\/\\\/grupohoymexico.com\\\/puebla\\\/#\\\/schema\\\/person\\\/ce6086ac837852775a3a4f539356c297\"},\"description\":\"La defensa de Marilyn N, detenida por usurpaci\u00f3n de funciones, busca su liberaci\u00f3n antes de la audiencia federal del 23 de octubre.\",\"breadcrumb\":{\"@id\":\"https:\\\/\\\/grupohoymexico.com\\\/puebla\\\/2025\\\/10\\\/20\\\/defensa-de-marilyn-cote-busca-su-liberacion\\\/#breadcrumb\"},\"inLanguage\":\"es\",\"potentialAction\":[{\"@type\":\"ReadAction\",\"target\":[\"https:\\\/\\\/grupohoymexico.com\\\/puebla\\\/2025\\\/10\\\/20\\\/defensa-de-marilyn-cote-busca-su-liberacion\\\/\"]}]},{\"@type\":\"ImageObject\",\"inLanguage\":\"es\",\"@id\":\"https:\\\/\\\/grupohoymexico.com\\\/puebla\\\/2025\\\/10\\\/20\\\/defensa-de-marilyn-cote-busca-su-liberacion\\\/#primaryimage\",\"url\":\"https:\\\/\\\/grupohoymexico.com\\\/puebla\\\/wp-content\\\/uploads\\\/sites\\\/3\\\/2025\\\/10\\\/GH_1_Nuevo-abogado-impulsa-libertad-de-Marilyn-Cote-copia.webp\",\"contentUrl\":\"https:\\\/\\\/grupohoymexico.com\\\/puebla\\\/wp-content\\\/uploads\\\/sites\\\/3\\\/2025\\\/10\\\/GH_1_Nuevo-abogado-impulsa-libertad-de-Marilyn-Cote-copia.webp\",\"width\":1201,\"height\":639,\"caption\":\"La defensa de Marilyn N, detenida por usurpaci\u00f3n de funciones, busca su liberaci\u00f3n antes de la audiencia federal del 23 de octubre.\"},{\"@type\":\"BreadcrumbList\",\"@id\":\"https:\\\/\\\/grupohoymexico.com\\\/puebla\\\/2025\\\/10\\\/20\\\/defensa-de-marilyn-cote-busca-su-liberacion\\\/#breadcrumb\",\"itemListElement\":[{\"@type\":\"ListItem\",\"position\":1,\"name\":\"Inicio\",\"item\":\"https:\\\/\\\/grupohoymexico.com\\\/puebla\\\/\"},{\"@type\":\"ListItem\",\"position\":2,\"name\":\"Defensa de Marilyn Cote busca su liberaci\u00f3n\"}]},{\"@type\":\"WebSite\",\"@id\":\"https:\\\/\\\/grupohoymexico.com\\\/puebla\\\/#website\",\"url\":\"https:\\\/\\\/grupohoymexico.com\\\/puebla\\\/\",\"name\":\"Grupo Hoy Puebla\",\"description\":\"\",\"potentialAction\":[{\"@type\":\"SearchAction\",\"target\":{\"@type\":\"EntryPoint\",\"urlTemplate\":\"https:\\\/\\\/grupohoymexico.com\\\/puebla\\\/?s={search_term_string}\"},\"query-input\":{\"@type\":\"PropertyValueSpecification\",\"valueRequired\":true,\"valueName\":\"search_term_string\"}}],\"inLanguage\":\"es\"},{\"@type\":\"Person\",\"@id\":\"https:\\\/\\\/grupohoymexico.com\\\/puebla\\\/#\\\/schema\\\/person\\\/ce6086ac837852775a3a4f539356c297\",\"name\":\"user\",\"image\":{\"@type\":\"ImageObject\",\"inLanguage\":\"es\",\"@id\":\"https:\\\/\\\/secure.gravatar.com\\\/avatar\\\/25f78de4fa956f6f7c01f8d96f8087d8958ebe06d57e630cd54e36aefb9dacea?s=96&d=mm&r=g\",\"url\":\"https:\\\/\\\/secure.gravatar.com\\\/avatar\\\/25f78de4fa956f6f7c01f8d96f8087d8958ebe06d57e630cd54e36aefb9dacea?s=96&d=mm&r=g\",\"contentUrl\":\"https:\\\/\\\/secure.gravatar.com\\\/avatar\\\/25f78de4fa956f6f7c01f8d96f8087d8958ebe06d57e630cd54e36aefb9dacea?s=96&d=mm&r=g\",\"caption\":\"user\"},\"sameAs\":[\"http:\\\/\\\/44.197.188.197.nip.io\"],\"url\":\"https:\\\/\\\/grupohoymexico.com\\\/puebla\\\/author\\\/user\\\/\"}]}<\/script>\n<!-- \/ Yoast SEO Premium plugin. -->","yoast_head_json":{"title":"Defensa de Marilyn Cote busca su liberaci\u00f3n - Grupo Hoy Puebla","description":"La defensa de Marilyn N, detenida por usurpaci\u00f3n de funciones, busca su liberaci\u00f3n antes de la audiencia federal del 23 de octubre.","robots":{"index":"index","follow":"follow","max-snippet":"max-snippet:-1","max-image-preview":"max-image-preview:large","max-video-preview":"max-video-preview:-1"},"canonical":"https:\/\/grupohoymexico.com\/puebla\/2025\/10\/20\/defensa-de-marilyn-cote-busca-su-liberacion\/","og_locale":"es_MX","og_type":"article","og_title":"Defensa de Marilyn Cote busca su liberaci\u00f3n","og_description":"La defensa de Marilyn N, detenida por usurpaci\u00f3n de funciones, busca su liberaci\u00f3n antes de la audiencia federal del 23 de octubre.","og_url":"https:\/\/grupohoymexico.com\/puebla\/2025\/10\/20\/defensa-de-marilyn-cote-busca-su-liberacion\/","og_site_name":"Grupo Hoy Puebla","article_published_time":"2025-10-20T17:01:56+00:00","og_image":[{"width":1201,"height":639,"url":"https:\/\/grupohoymexico.com\/puebla\/wp-content\/uploads\/sites\/3\/2025\/10\/GH_1_Nuevo-abogado-impulsa-libertad-de-Marilyn-Cote-copia.webp","type":"image\/webp"}],"author":"user","twitter_card":"summary_large_image","twitter_misc":{"Escrito por":"user","Tiempo de lectura":"3 minutos"},"schema":{"@context":"https:\/\/schema.org","@graph":[{"@type":"Article","@id":"https:\/\/grupohoymexico.com\/puebla\/2025\/10\/20\/defensa-de-marilyn-cote-busca-su-liberacion\/#article","isPartOf":{"@id":"https:\/\/grupohoymexico.com\/puebla\/2025\/10\/20\/defensa-de-marilyn-cote-busca-su-liberacion\/"},"author":{"name":"user","@id":"https:\/\/grupohoymexico.com\/puebla\/#\/schema\/person\/ce6086ac837852775a3a4f539356c297"},"headline":"Defensa de Marilyn Cote busca su liberaci\u00f3n","datePublished":"2025-10-20T17:01:56+00:00","mainEntityOfPage":{"@id":"https:\/\/grupohoymexico.com\/puebla\/2025\/10\/20\/defensa-de-marilyn-cote-busca-su-liberacion\/"},"wordCount":379,"commentCount":0,"image":{"@id":"https:\/\/grupohoymexico.com\/puebla\/2025\/10\/20\/defensa-de-marilyn-cote-busca-su-liberacion\/#primaryimage"},"thumbnailUrl":"https:\/\/grupohoymexico.com\/puebla\/wp-content\/uploads\/sites\/3\/2025\/10\/GH_1_Nuevo-abogado-impulsa-libertad-de-Marilyn-Cote-copia.webp","keywords":["BUAP","Cofepris","FGE","Marilyn Cote","M\u00e9xico","noticias","Policiaco","puebla"],"articleSection":["Estatal","Policiaco"],"inLanguage":"es","potentialAction":[{"@type":"CommentAction","name":"Comment","target":["https:\/\/grupohoymexico.com\/puebla\/2025\/10\/20\/defensa-de-marilyn-cote-busca-su-liberacion\/#respond"]}]},{"@type":"WebPage","@id":"https:\/\/grupohoymexico.com\/puebla\/2025\/10\/20\/defensa-de-marilyn-cote-busca-su-liberacion\/","url":"https:\/\/grupohoymexico.com\/puebla\/2025\/10\/20\/defensa-de-marilyn-cote-busca-su-liberacion\/","name":"Defensa de Marilyn Cote busca su liberaci\u00f3n - Grupo Hoy Puebla","isPartOf":{"@id":"https:\/\/grupohoymexico.com\/puebla\/#website"},"primaryImageOfPage":{"@id":"https:\/\/grupohoymexico.com\/puebla\/2025\/10\/20\/defensa-de-marilyn-cote-busca-su-liberacion\/#primaryimage"},"image":{"@id":"https:\/\/grupohoymexico.com\/puebla\/2025\/10\/20\/defensa-de-marilyn-cote-busca-su-liberacion\/#primaryimage"},"thumbnailUrl":"https:\/\/grupohoymexico.com\/puebla\/wp-content\/uploads\/sites\/3\/2025\/10\/GH_1_Nuevo-abogado-impulsa-libertad-de-Marilyn-Cote-copia.webp","datePublished":"2025-10-20T17:01:56+00:00","author":{"@id":"https:\/\/grupohoymexico.com\/puebla\/#\/schema\/person\/ce6086ac837852775a3a4f539356c297"},"description":"La defensa de Marilyn N, detenida por usurpaci\u00f3n de funciones, busca su liberaci\u00f3n antes de la audiencia federal del 23 de octubre.","breadcrumb":{"@id":"https:\/\/grupohoymexico.com\/puebla\/2025\/10\/20\/defensa-de-marilyn-cote-busca-su-liberacion\/#breadcrumb"},"inLanguage":"es","potentialAction":[{"@type":"ReadAction","target":["https:\/\/grupohoymexico.com\/puebla\/2025\/10\/20\/defensa-de-marilyn-cote-busca-su-liberacion\/"]}]},{"@type":"ImageObject","inLanguage":"es","@id":"https:\/\/grupohoymexico.com\/puebla\/2025\/10\/20\/defensa-de-marilyn-cote-busca-su-liberacion\/#primaryimage","url":"https:\/\/grupohoymexico.com\/puebla\/wp-content\/uploads\/sites\/3\/2025\/10\/GH_1_Nuevo-abogado-impulsa-libertad-de-Marilyn-Cote-copia.webp","contentUrl":"https:\/\/grupohoymexico.com\/puebla\/wp-content\/uploads\/sites\/3\/2025\/10\/GH_1_Nuevo-abogado-impulsa-libertad-de-Marilyn-Cote-copia.webp","width":1201,"height":639,"caption":"La defensa de Marilyn N, detenida por usurpaci\u00f3n de funciones, busca su liberaci\u00f3n antes de la audiencia federal del 23 de octubre."},{"@type":"BreadcrumbList","@id":"https:\/\/grupohoymexico.com\/puebla\/2025\/10\/20\/defensa-de-marilyn-cote-busca-su-liberacion\/#breadcrumb","itemListElement":[{"@type":"ListItem","position":1,"name":"Inicio","item":"https:\/\/grupohoymexico.com\/puebla\/"},{"@type":"ListItem","position":2,"name":"Defensa de Marilyn Cote busca su liberaci\u00f3n"}]},{"@type":"WebSite","@id":"https:\/\/grupohoymexico.com\/puebla\/#website","url":"https:\/\/grupohoymexico.com\/puebla\/","name":"Grupo Hoy Puebla","description":"","potentialAction":[{"@type":"SearchAction","target":{"@type":"EntryPoint","urlTemplate":"https:\/\/grupohoymexico.com\/puebla\/?s={search_term_string}"},"query-input":{"@type":"PropertyValueSpecification","valueRequired":true,"valueName":"search_term_string"}}],"inLanguage":"es"},{"@type":"Person","@id":"https:\/\/grupohoymexico.com\/puebla\/#\/schema\/person\/ce6086ac837852775a3a4f539356c297","name":"user","image":{"@type":"ImageObject","inLanguage":"es","@id":"https:\/\/secure.gravatar.com\/avatar\/25f78de4fa956f6f7c01f8d96f8087d8958ebe06d57e630cd54e36aefb9dacea?s=96&d=mm&r=g","url":"https:\/\/secure.gravatar.com\/avatar\/25f78de4fa956f6f7c01f8d96f8087d8958ebe06d57e630cd54e36aefb9dacea?s=96&d=mm&r=g","contentUrl":"https:\/\/secure.gravatar.com\/avatar\/25f78de4fa956f6f7c01f8d96f8087d8958ebe06d57e630cd54e36aefb9dacea?s=96&d=mm&r=g","caption":"user"},"sameAs":["http:\/\/44.197.188.197.nip.io"],"url":"https:\/\/grupohoymexico.com\/puebla\/author\/user\/"}]}},"_links":{"self":[{"href":"https:\/\/grupohoymexico.com\/puebla\/wp-json\/wp\/v2\/posts\/78320","targetHints":{"allow":["GET"]}}],"collection":[{"href":"https:\/\/grupohoymexico.com\/puebla\/wp-json\/wp\/v2\/posts"}],"about":[{"href":"https:\/\/grupohoymexico.com\/puebla\/wp-json\/wp\/v2\/types\/post"}],"author":[{"embeddable":true,"href":"https:\/\/grupohoymexico.com\/puebla\/wp-json\/wp\/v2\/users\/1"}],"replies":[{"embeddable":true,"href":"https:\/\/grupohoymexico.com\/puebla\/wp-json\/wp\/v2\/comments?post=78320"}],"version-history":[{"count":1,"href":"https:\/\/grupohoymexico.com\/puebla\/wp-json\/wp\/v2\/posts\/78320\/revisions"}],"predecessor-version":[{"id":78324,"href":"https:\/\/grupohoymexico.com\/puebla\/wp-json\/wp\/v2\/posts\/78320\/revisions\/78324"}],"wp:featuredmedia":[{"embeddable":true,"href":"https:\/\/grupohoymexico.com\/puebla\/wp-json\/wp\/v2\/media\/78323"}],"wp:attachment":[{"href":"https:\/\/grupohoymexico.com\/puebla\/wp-json\/wp\/v2\/media?parent=78320"}],"wp:term":[{"taxonomy":"category","embeddable":true,"href":"https:\/\/grupohoymexico.com\/puebla\/wp-json\/wp\/v2\/categories?post=78320"},{"taxonomy":"post_tag","embeddable":true,"href":"https:\/\/grupohoymexico.com\/puebla\/wp-json\/wp\/v2\/tags?post=78320"}],"curies":[{"name":"wp","href":"https:\/\/api.w.org\/{rel}","templated":true}]}}