{"id":78315,"date":"2025-10-20T16:37:56","date_gmt":"2025-10-20T16:37:56","guid":{"rendered":"https:\/\/grupohoymexico.com\/puebla\/?p=78315"},"modified":"2025-10-20T16:37:56","modified_gmt":"2025-10-20T16:37:56","slug":"mentiras-el-musical-llega-a-puebla-todo-lo-que-debes-saber","status":"publish","type":"post","link":"https:\/\/grupohoymexico.com\/puebla\/2025\/10\/20\/mentiras-el-musical-llega-a-puebla-todo-lo-que-debes-saber\/","title":{"rendered":"Mentiras, el Musical, llega a Puebla: Todo lo que debes saber"},"content":{"rendered":"\n<p>El fen\u00f3meno teatral<strong> Mentiras, el Musical <\/strong>regresa a los escenarios mexicanos con una gira nacional que despert\u00f3 gran expectativa. <strong>Puebla<\/strong> se prepara para recibir una de las funciones m\u00e1s esperadas el pr\u00f3ximo <strong>29 de octubre<\/strong>. La obra combina <strong>nostalgia ochentera, humor y melodrama<\/strong>, prometiendo diversi\u00f3n y emoci\u00f3n en cada escena.<\/p>\n\n\n\n<p>Aunque la producci\u00f3n a\u00fan no confirma oficialmente el elenco, los rumores se\u00f1alan que<strong> Belinda y Mariana Trevi\u00f1o<\/strong> podr\u00edan subir al escenario en la <strong>Angel\u00f3polis<\/strong>.<\/p>\n\n\n\n<h2 class=\"wp-block-heading\" id=\"h-mentiras-el-musical-en-puebla-fecha-lugar-y-venta-de-boletos\"><strong>Mentiras, el Musical, en Puebla: Fecha, lugar y venta de boletos <\/strong><\/h2>\n\n\n\n<ul class=\"wp-block-list\">\n<li><strong>Fecha: <\/strong>29 de octubre<\/li>\n\n\n\n<li><strong>Hora: <\/strong>20:30 horas<\/li>\n\n\n\n<li><strong>Lugar:<\/strong> Auditorio del CCU<\/li>\n\n\n\n<li><strong>Boletos:<\/strong> disponibles en las taquillas del CCU y en <a href=\"https:\/\/www.eticket.mx\/masinformacion.aspx?idevento=34287\">Eticket<\/a><\/li>\n<\/ul>\n\n\n\n<p><strong>Se recomienda adquirir las entradas con anticipaci\u00f3n<\/strong>, ya que la demanda suele ser alta y las funciones r\u00e1pidamente se agotan.<\/p>\n\n\n\n<figure class=\"wp-block-image size-large\"><img fetchpriority=\"high\" decoding=\"async\" width=\"1024\" height=\"576\" src=\"https:\/\/grupohoymexico.com\/puebla\/wp-content\/uploads\/sites\/3\/2025\/10\/mentiras-el-musical-anuncia-gira-nacional-tras-el-exito-de-su-serie-habra-fecha-en-sonora-ca4af31d-1024x576.jpg\" alt=\"Mentiras, el Musical\" class=\"wp-image-78317\" srcset=\"https:\/\/grupohoymexico.com\/puebla\/wp-content\/uploads\/sites\/3\/2025\/10\/mentiras-el-musical-anuncia-gira-nacional-tras-el-exito-de-su-serie-habra-fecha-en-sonora-ca4af31d-1024x576.jpg 1024w, https:\/\/grupohoymexico.com\/puebla\/wp-content\/uploads\/sites\/3\/2025\/10\/mentiras-el-musical-anuncia-gira-nacional-tras-el-exito-de-su-serie-habra-fecha-en-sonora-ca4af31d-300x169.jpg 300w, https:\/\/grupohoymexico.com\/puebla\/wp-content\/uploads\/sites\/3\/2025\/10\/mentiras-el-musical-anuncia-gira-nacional-tras-el-exito-de-su-serie-habra-fecha-en-sonora-ca4af31d-768x432.jpg 768w, https:\/\/grupohoymexico.com\/puebla\/wp-content\/uploads\/sites\/3\/2025\/10\/mentiras-el-musical-anuncia-gira-nacional-tras-el-exito-de-su-serie-habra-fecha-en-sonora-ca4af31d-1536x864.jpg 1536w, https:\/\/grupohoymexico.com\/puebla\/wp-content\/uploads\/sites\/3\/2025\/10\/mentiras-el-musical-anuncia-gira-nacional-tras-el-exito-de-su-serie-habra-fecha-en-sonora-ca4af31d-332x187.jpg 332w, https:\/\/grupohoymexico.com\/puebla\/wp-content\/uploads\/sites\/3\/2025\/10\/mentiras-el-musical-anuncia-gira-nacional-tras-el-exito-de-su-serie-habra-fecha-en-sonora-ca4af31d-664x374.jpg 664w, https:\/\/grupohoymexico.com\/puebla\/wp-content\/uploads\/sites\/3\/2025\/10\/mentiras-el-musical-anuncia-gira-nacional-tras-el-exito-de-su-serie-habra-fecha-en-sonora-ca4af31d-688x387.jpg 688w, https:\/\/grupohoymexico.com\/puebla\/wp-content\/uploads\/sites\/3\/2025\/10\/mentiras-el-musical-anuncia-gira-nacional-tras-el-exito-de-su-serie-habra-fecha-en-sonora-ca4af31d-1376x774.jpg 1376w, https:\/\/grupohoymexico.com\/puebla\/wp-content\/uploads\/sites\/3\/2025\/10\/mentiras-el-musical-anuncia-gira-nacional-tras-el-exito-de-su-serie-habra-fecha-en-sonora-ca4af31d-1044x587.jpg 1044w, https:\/\/grupohoymexico.com\/puebla\/wp-content\/uploads\/sites\/3\/2025\/10\/mentiras-el-musical-anuncia-gira-nacional-tras-el-exito-de-su-serie-habra-fecha-en-sonora-ca4af31d-1400x788.jpg 1400w, https:\/\/grupohoymexico.com\/puebla\/wp-content\/uploads\/sites\/3\/2025\/10\/mentiras-el-musical-anuncia-gira-nacional-tras-el-exito-de-su-serie-habra-fecha-en-sonora-ca4af31d.jpg 1920w\" sizes=\"(max-width: 1024px) 100vw, 1024px\" \/><\/figure>\n\n\n\n<h2 class=\"wp-block-heading\" id=\"h-gira-nacional-2025-todas-las-fechas\"><strong>Gira nacional 2025: todas las fechas<\/strong><\/h2>\n\n\n\n<p>La producci\u00f3n inici\u00f3 el <strong>4 de septiembre en Tampico<\/strong> y recorrer\u00e1 <strong>15 ciudades de <a href=\"https:\/\/grupohoymexico.com\/puebla\/2025\/10\/16\/senado-aprueba-medida-para-combatir-el-vph-desde-los-9-anos-en-mexico\/\">M\u00e9xico<\/a><\/strong> durante los pr\u00f3ximos meses. Las fechas completas del tour son:<\/p>\n\n\n\n<ul class=\"wp-block-list\">\n<li><strong>Tampico<\/strong> \u2013 4 de septiembre<\/li>\n\n\n\n<li><strong>Veracruz<\/strong> \u2013 4 de octubre<\/li>\n\n\n\n<li><strong>Orizaba<\/strong> \u2013 8 de octubre<\/li>\n\n\n\n<li><strong>Hermosillo<\/strong> \u2013 14 de octubre<\/li>\n\n\n\n<li><strong>M\u00e9rida<\/strong> \u2013 18 de octubre<\/li>\n\n\n\n<li><strong>Guadalajara<\/strong> \u2013 23, 24 y 25 de octubre<\/li>\n\n\n\n<li><strong>Puebla<\/strong> \u2013 29 de octubre<\/li>\n\n\n\n<li><strong>Monterrey<\/strong> \u2013 8 de noviembre<\/li>\n\n\n\n<li><strong>Villahermosa<\/strong> \u2013 11 de noviembre<\/li>\n\n\n\n<li><strong>Tuxtla Guti\u00e9rrez<\/strong> \u2013 14 de noviembre<\/li>\n\n\n\n<li><strong>Le\u00f3n<\/strong> \u2013 20 de noviembre<\/li>\n\n\n\n<li><strong>Quer\u00e9taro<\/strong> \u2013 3 de diciembre<\/li>\n\n\n\n<li><strong>Chihuahua<\/strong> \u2013 6 de diciembre<\/li>\n\n\n\n<li><strong>San Luis Potos\u00ed<\/strong> \u2013 14 de diciembre<\/li>\n<\/ul>\n\n\n\n<p><strong>Los boletos siguen disponibles en las plataformas oficiales de cada ciudad<\/strong>, y la producci\u00f3n recomienda seguir las redes sociales de <strong>Mentiras, el Musical <\/strong>para <strong>confirmar horarios y elenco de cada funci\u00f3n.<\/strong><\/p>\n\n\n\n<h2 class=\"wp-block-heading\" id=\"h-de-que-trata-mentiras-el-musical\"><strong>De qu\u00e9 trata Mentiras, el Musical<\/strong><\/h2>\n\n\n\n<p>La historia gira en torno a <strong>Daniela, Dulce, Yuri y Lupita, cuatro mujeres que descubren que compartieron al mismo hombre, Emmanuel.<\/strong> Lo que inicia como un enfrentamiento durante un funeral se convierte en una intensa b\u00fasqueda de secretos, traiciones y muchas mentiras. Inspirada en los <strong>\u00edconos del pop en espa\u00f1ol<\/strong>, la obra mezcla<strong> comedia, melodrama y nostalgia ochentera<\/strong>, ofreciendo al p\u00fablico una experiencia entretenida y emotiva.<\/p>\n\n\n\n<h2 class=\"wp-block-heading\" id=\"h-expectativa-por-belinda-y-mariana-trevino\"><strong>Expectativa por Belinda y Mariana Trevi\u00f1o<\/strong><\/h2>\n\n\n\n<p>Los fans de Puebla ya muestran entusiasmo ante la posibilidad de ver a <strong>Belinda y Mariana Trevi\u00f1o<\/strong> en escena. La producci\u00f3n mantiene el suspenso y promete sorpresas en cada funci\u00f3n, asegurando que cada presentaci\u00f3n del tour sea \u00fanica y memorable.<\/p>\n\n\n\n<figure class=\"wp-block-image size-full\"><img decoding=\"async\" width=\"766\" height=\"297\" src=\"https:\/\/grupohoymexico.com\/puebla\/wp-content\/uploads\/sites\/3\/2025\/10\/Captura-de-pantalla-2025-10-20-094103.png\" alt=\"Belinda y Mariana Trevi\u00f1o Mentiras\" class=\"wp-image-78316\" srcset=\"https:\/\/grupohoymexico.com\/puebla\/wp-content\/uploads\/sites\/3\/2025\/10\/Captura-de-pantalla-2025-10-20-094103.png 766w, https:\/\/grupohoymexico.com\/puebla\/wp-content\/uploads\/sites\/3\/2025\/10\/Captura-de-pantalla-2025-10-20-094103-300x116.png 300w, https:\/\/grupohoymexico.com\/puebla\/wp-content\/uploads\/sites\/3\/2025\/10\/Captura-de-pantalla-2025-10-20-094103-332x129.png 332w, https:\/\/grupohoymexico.com\/puebla\/wp-content\/uploads\/sites\/3\/2025\/10\/Captura-de-pantalla-2025-10-20-094103-664x257.png 664w, https:\/\/grupohoymexico.com\/puebla\/wp-content\/uploads\/sites\/3\/2025\/10\/Captura-de-pantalla-2025-10-20-094103-688x267.png 688w\" sizes=\"(max-width: 766px) 100vw, 766px\" \/><figcaption class=\"wp-element-caption\">Foto: Los 40 Prinicipales<\/figcaption><\/figure>\n","protected":false},"excerpt":{"rendered":"El fen\u00f3meno teatral Mentiras, el Musical regresa a los escenarios mexicanos con una gira nacional que despert\u00f3 gran&hellip;","protected":false},"author":1,"featured_media":78318,"comment_status":"open","ping_status":"open","sticky":false,"template":"","format":"standard","meta":{"csco_display_header_overlay":false,"csco_singular_sidebar":"","csco_page_header_type":"","csco_page_load_nextpost":"","csco_post_video_location":[],"csco_post_video_location_hash":"","csco_post_video_url":"","csco_post_video_bg_start_time":0,"csco_post_video_bg_end_time":0,"footnotes":""},"categories":[21,29],"tags":[2849,1148,2850,2846,2848,40,2665,1194],"class_list":{"0":"post-78315","1":"post","2":"type-post","3":"status-publish","4":"format-standard","5":"has-post-thumbnail","7":"category-espectaculos","8":"category-estatal","9":"tag-belinda","10":"tag-boletos","11":"tag-mariana-trevino","12":"tag-mentiras","13":"tag-musical","14":"tag-puebla","15":"tag-show","16":"tag-teatro","17":"cs-entry","18":"cs-video-wrap"},"yoast_head":"<!-- This site is optimized with the Yoast SEO Premium plugin v24.7 (Yoast SEO v27.4) - https:\/\/yoast.com\/product\/yoast-seo-premium-wordpress\/ -->\n<title>Mentiras, el Musical, llega a Puebla: Todo lo que debes saber - Grupo Hoy Puebla<\/title>\n<meta name=\"description\" content=\"El fen\u00f3meno teatral Mentiras, el Musical regresa a M\u00e9xico y Puebla recibir\u00e1 la funci\u00f3n el 29 de octubre en el Auditorio CCU.\" \/>\n<meta name=\"robots\" content=\"index, follow, max-snippet:-1, max-image-preview:large, max-video-preview:-1\" \/>\n<link rel=\"canonical\" href=\"https:\/\/grupohoymexico.com\/puebla\/2025\/10\/20\/mentiras-el-musical-llega-a-puebla-todo-lo-que-debes-saber\/\" \/>\n<meta property=\"og:locale\" content=\"es_MX\" \/>\n<meta property=\"og:type\" content=\"article\" \/>\n<meta property=\"og:title\" content=\"Mentiras, el Musical, llega a Puebla: Todo lo que debes saber\" \/>\n<meta property=\"og:description\" content=\"El fen\u00f3meno teatral Mentiras, el Musical regresa a M\u00e9xico y Puebla recibir\u00e1 la funci\u00f3n el 29 de octubre en el Auditorio CCU.\" \/>\n<meta property=\"og:url\" content=\"https:\/\/grupohoymexico.com\/puebla\/2025\/10\/20\/mentiras-el-musical-llega-a-puebla-todo-lo-que-debes-saber\/\" \/>\n<meta property=\"og:site_name\" content=\"Grupo Hoy Puebla\" \/>\n<meta property=\"article:published_time\" content=\"2025-10-20T16:37:56+00:00\" \/>\n<meta property=\"og:image\" content=\"https:\/\/grupohoymexico.com\/puebla\/wp-content\/uploads\/sites\/3\/2025\/10\/5168350832671852178.webp\" \/>\n\t<meta property=\"og:image:width\" content=\"1201\" \/>\n\t<meta property=\"og:image:height\" content=\"639\" \/>\n\t<meta property=\"og:image:type\" content=\"image\/webp\" \/>\n<meta name=\"author\" content=\"user\" \/>\n<meta name=\"twitter:card\" content=\"summary_large_image\" \/>\n<meta name=\"twitter:label1\" content=\"Escrito por\" \/>\n\t<meta name=\"twitter:data1\" content=\"user\" \/>\n\t<meta name=\"twitter:label2\" content=\"Tiempo de lectura\" \/>\n\t<meta name=\"twitter:data2\" content=\"3 minutos\" \/>\n<script type=\"application\/ld+json\" class=\"yoast-schema-graph\">{\"@context\":\"https:\\\/\\\/schema.org\",\"@graph\":[{\"@type\":\"Article\",\"@id\":\"https:\\\/\\\/grupohoymexico.com\\\/puebla\\\/2025\\\/10\\\/20\\\/mentiras-el-musical-llega-a-puebla-todo-lo-que-debes-saber\\\/#article\",\"isPartOf\":{\"@id\":\"https:\\\/\\\/grupohoymexico.com\\\/puebla\\\/2025\\\/10\\\/20\\\/mentiras-el-musical-llega-a-puebla-todo-lo-que-debes-saber\\\/\"},\"author\":{\"name\":\"user\",\"@id\":\"https:\\\/\\\/grupohoymexico.com\\\/puebla\\\/#\\\/schema\\\/person\\\/ce6086ac837852775a3a4f539356c297\"},\"headline\":\"Mentiras, el Musical, llega a Puebla: Todo lo que debes saber\",\"datePublished\":\"2025-10-20T16:37:56+00:00\",\"mainEntityOfPage\":{\"@id\":\"https:\\\/\\\/grupohoymexico.com\\\/puebla\\\/2025\\\/10\\\/20\\\/mentiras-el-musical-llega-a-puebla-todo-lo-que-debes-saber\\\/\"},\"wordCount\":390,\"commentCount\":0,\"image\":{\"@id\":\"https:\\\/\\\/grupohoymexico.com\\\/puebla\\\/2025\\\/10\\\/20\\\/mentiras-el-musical-llega-a-puebla-todo-lo-que-debes-saber\\\/#primaryimage\"},\"thumbnailUrl\":\"https:\\\/\\\/grupohoymexico.com\\\/puebla\\\/wp-content\\\/uploads\\\/sites\\\/3\\\/2025\\\/10\\\/5168350832671852178.webp\",\"keywords\":[\"Belinda\",\"Boletos\",\"Mariana Trevi\u00f1o\",\"Mentiras\",\"Musical\",\"puebla\",\"show\",\"teatro\"],\"articleSection\":[\"Espect\u00e1culos\",\"Estatal\"],\"inLanguage\":\"es\",\"potentialAction\":[{\"@type\":\"CommentAction\",\"name\":\"Comment\",\"target\":[\"https:\\\/\\\/grupohoymexico.com\\\/puebla\\\/2025\\\/10\\\/20\\\/mentiras-el-musical-llega-a-puebla-todo-lo-que-debes-saber\\\/#respond\"]}]},{\"@type\":\"WebPage\",\"@id\":\"https:\\\/\\\/grupohoymexico.com\\\/puebla\\\/2025\\\/10\\\/20\\\/mentiras-el-musical-llega-a-puebla-todo-lo-que-debes-saber\\\/\",\"url\":\"https:\\\/\\\/grupohoymexico.com\\\/puebla\\\/2025\\\/10\\\/20\\\/mentiras-el-musical-llega-a-puebla-todo-lo-que-debes-saber\\\/\",\"name\":\"Mentiras, el Musical, llega a Puebla: Todo lo que debes saber - Grupo Hoy Puebla\",\"isPartOf\":{\"@id\":\"https:\\\/\\\/grupohoymexico.com\\\/puebla\\\/#website\"},\"primaryImageOfPage\":{\"@id\":\"https:\\\/\\\/grupohoymexico.com\\\/puebla\\\/2025\\\/10\\\/20\\\/mentiras-el-musical-llega-a-puebla-todo-lo-que-debes-saber\\\/#primaryimage\"},\"image\":{\"@id\":\"https:\\\/\\\/grupohoymexico.com\\\/puebla\\\/2025\\\/10\\\/20\\\/mentiras-el-musical-llega-a-puebla-todo-lo-que-debes-saber\\\/#primaryimage\"},\"thumbnailUrl\":\"https:\\\/\\\/grupohoymexico.com\\\/puebla\\\/wp-content\\\/uploads\\\/sites\\\/3\\\/2025\\\/10\\\/5168350832671852178.webp\",\"datePublished\":\"2025-10-20T16:37:56+00:00\",\"author\":{\"@id\":\"https:\\\/\\\/grupohoymexico.com\\\/puebla\\\/#\\\/schema\\\/person\\\/ce6086ac837852775a3a4f539356c297\"},\"description\":\"El fen\u00f3meno teatral Mentiras, el Musical regresa a M\u00e9xico y Puebla recibir\u00e1 la funci\u00f3n el 29 de octubre en el Auditorio CCU.\",\"breadcrumb\":{\"@id\":\"https:\\\/\\\/grupohoymexico.com\\\/puebla\\\/2025\\\/10\\\/20\\\/mentiras-el-musical-llega-a-puebla-todo-lo-que-debes-saber\\\/#breadcrumb\"},\"inLanguage\":\"es\",\"potentialAction\":[{\"@type\":\"ReadAction\",\"target\":[\"https:\\\/\\\/grupohoymexico.com\\\/puebla\\\/2025\\\/10\\\/20\\\/mentiras-el-musical-llega-a-puebla-todo-lo-que-debes-saber\\\/\"]}]},{\"@type\":\"ImageObject\",\"inLanguage\":\"es\",\"@id\":\"https:\\\/\\\/grupohoymexico.com\\\/puebla\\\/2025\\\/10\\\/20\\\/mentiras-el-musical-llega-a-puebla-todo-lo-que-debes-saber\\\/#primaryimage\",\"url\":\"https:\\\/\\\/grupohoymexico.com\\\/puebla\\\/wp-content\\\/uploads\\\/sites\\\/3\\\/2025\\\/10\\\/5168350832671852178.webp\",\"contentUrl\":\"https:\\\/\\\/grupohoymexico.com\\\/puebla\\\/wp-content\\\/uploads\\\/sites\\\/3\\\/2025\\\/10\\\/5168350832671852178.webp\",\"width\":1201,\"height\":639,\"caption\":\"Foto: FB \\\/ Belinda\"},{\"@type\":\"BreadcrumbList\",\"@id\":\"https:\\\/\\\/grupohoymexico.com\\\/puebla\\\/2025\\\/10\\\/20\\\/mentiras-el-musical-llega-a-puebla-todo-lo-que-debes-saber\\\/#breadcrumb\",\"itemListElement\":[{\"@type\":\"ListItem\",\"position\":1,\"name\":\"Inicio\",\"item\":\"https:\\\/\\\/grupohoymexico.com\\\/puebla\\\/\"},{\"@type\":\"ListItem\",\"position\":2,\"name\":\"Mentiras, el Musical, llega a Puebla: Todo lo que debes saber\"}]},{\"@type\":\"WebSite\",\"@id\":\"https:\\\/\\\/grupohoymexico.com\\\/puebla\\\/#website\",\"url\":\"https:\\\/\\\/grupohoymexico.com\\\/puebla\\\/\",\"name\":\"Grupo Hoy Puebla\",\"description\":\"\",\"potentialAction\":[{\"@type\":\"SearchAction\",\"target\":{\"@type\":\"EntryPoint\",\"urlTemplate\":\"https:\\\/\\\/grupohoymexico.com\\\/puebla\\\/?s={search_term_string}\"},\"query-input\":{\"@type\":\"PropertyValueSpecification\",\"valueRequired\":true,\"valueName\":\"search_term_string\"}}],\"inLanguage\":\"es\"},{\"@type\":\"Person\",\"@id\":\"https:\\\/\\\/grupohoymexico.com\\\/puebla\\\/#\\\/schema\\\/person\\\/ce6086ac837852775a3a4f539356c297\",\"name\":\"user\",\"image\":{\"@type\":\"ImageObject\",\"inLanguage\":\"es\",\"@id\":\"https:\\\/\\\/secure.gravatar.com\\\/avatar\\\/25f78de4fa956f6f7c01f8d96f8087d8958ebe06d57e630cd54e36aefb9dacea?s=96&d=mm&r=g\",\"url\":\"https:\\\/\\\/secure.gravatar.com\\\/avatar\\\/25f78de4fa956f6f7c01f8d96f8087d8958ebe06d57e630cd54e36aefb9dacea?s=96&d=mm&r=g\",\"contentUrl\":\"https:\\\/\\\/secure.gravatar.com\\\/avatar\\\/25f78de4fa956f6f7c01f8d96f8087d8958ebe06d57e630cd54e36aefb9dacea?s=96&d=mm&r=g\",\"caption\":\"user\"},\"sameAs\":[\"http:\\\/\\\/44.197.188.197.nip.io\"],\"url\":\"https:\\\/\\\/grupohoymexico.com\\\/puebla\\\/author\\\/user\\\/\"}]}<\/script>\n<!-- \/ Yoast SEO Premium plugin. -->","yoast_head_json":{"title":"Mentiras, el Musical, llega a Puebla: Todo lo que debes saber - Grupo Hoy Puebla","description":"El fen\u00f3meno teatral Mentiras, el Musical regresa a M\u00e9xico y Puebla recibir\u00e1 la funci\u00f3n el 29 de octubre en el Auditorio CCU.","robots":{"index":"index","follow":"follow","max-snippet":"max-snippet:-1","max-image-preview":"max-image-preview:large","max-video-preview":"max-video-preview:-1"},"canonical":"https:\/\/grupohoymexico.com\/puebla\/2025\/10\/20\/mentiras-el-musical-llega-a-puebla-todo-lo-que-debes-saber\/","og_locale":"es_MX","og_type":"article","og_title":"Mentiras, el Musical, llega a Puebla: Todo lo que debes saber","og_description":"El fen\u00f3meno teatral Mentiras, el Musical regresa a M\u00e9xico y Puebla recibir\u00e1 la funci\u00f3n el 29 de octubre en el Auditorio CCU.","og_url":"https:\/\/grupohoymexico.com\/puebla\/2025\/10\/20\/mentiras-el-musical-llega-a-puebla-todo-lo-que-debes-saber\/","og_site_name":"Grupo Hoy Puebla","article_published_time":"2025-10-20T16:37:56+00:00","og_image":[{"width":1201,"height":639,"url":"https:\/\/grupohoymexico.com\/puebla\/wp-content\/uploads\/sites\/3\/2025\/10\/5168350832671852178.webp","type":"image\/webp"}],"author":"user","twitter_card":"summary_large_image","twitter_misc":{"Escrito por":"user","Tiempo de lectura":"3 minutos"},"schema":{"@context":"https:\/\/schema.org","@graph":[{"@type":"Article","@id":"https:\/\/grupohoymexico.com\/puebla\/2025\/10\/20\/mentiras-el-musical-llega-a-puebla-todo-lo-que-debes-saber\/#article","isPartOf":{"@id":"https:\/\/grupohoymexico.com\/puebla\/2025\/10\/20\/mentiras-el-musical-llega-a-puebla-todo-lo-que-debes-saber\/"},"author":{"name":"user","@id":"https:\/\/grupohoymexico.com\/puebla\/#\/schema\/person\/ce6086ac837852775a3a4f539356c297"},"headline":"Mentiras, el Musical, llega a Puebla: Todo lo que debes saber","datePublished":"2025-10-20T16:37:56+00:00","mainEntityOfPage":{"@id":"https:\/\/grupohoymexico.com\/puebla\/2025\/10\/20\/mentiras-el-musical-llega-a-puebla-todo-lo-que-debes-saber\/"},"wordCount":390,"commentCount":0,"image":{"@id":"https:\/\/grupohoymexico.com\/puebla\/2025\/10\/20\/mentiras-el-musical-llega-a-puebla-todo-lo-que-debes-saber\/#primaryimage"},"thumbnailUrl":"https:\/\/grupohoymexico.com\/puebla\/wp-content\/uploads\/sites\/3\/2025\/10\/5168350832671852178.webp","keywords":["Belinda","Boletos","Mariana Trevi\u00f1o","Mentiras","Musical","puebla","show","teatro"],"articleSection":["Espect\u00e1culos","Estatal"],"inLanguage":"es","potentialAction":[{"@type":"CommentAction","name":"Comment","target":["https:\/\/grupohoymexico.com\/puebla\/2025\/10\/20\/mentiras-el-musical-llega-a-puebla-todo-lo-que-debes-saber\/#respond"]}]},{"@type":"WebPage","@id":"https:\/\/grupohoymexico.com\/puebla\/2025\/10\/20\/mentiras-el-musical-llega-a-puebla-todo-lo-que-debes-saber\/","url":"https:\/\/grupohoymexico.com\/puebla\/2025\/10\/20\/mentiras-el-musical-llega-a-puebla-todo-lo-que-debes-saber\/","name":"Mentiras, el Musical, llega a Puebla: Todo lo que debes saber - Grupo Hoy Puebla","isPartOf":{"@id":"https:\/\/grupohoymexico.com\/puebla\/#website"},"primaryImageOfPage":{"@id":"https:\/\/grupohoymexico.com\/puebla\/2025\/10\/20\/mentiras-el-musical-llega-a-puebla-todo-lo-que-debes-saber\/#primaryimage"},"image":{"@id":"https:\/\/grupohoymexico.com\/puebla\/2025\/10\/20\/mentiras-el-musical-llega-a-puebla-todo-lo-que-debes-saber\/#primaryimage"},"thumbnailUrl":"https:\/\/grupohoymexico.com\/puebla\/wp-content\/uploads\/sites\/3\/2025\/10\/5168350832671852178.webp","datePublished":"2025-10-20T16:37:56+00:00","author":{"@id":"https:\/\/grupohoymexico.com\/puebla\/#\/schema\/person\/ce6086ac837852775a3a4f539356c297"},"description":"El fen\u00f3meno teatral Mentiras, el Musical regresa a M\u00e9xico y Puebla recibir\u00e1 la funci\u00f3n el 29 de octubre en el Auditorio CCU.","breadcrumb":{"@id":"https:\/\/grupohoymexico.com\/puebla\/2025\/10\/20\/mentiras-el-musical-llega-a-puebla-todo-lo-que-debes-saber\/#breadcrumb"},"inLanguage":"es","potentialAction":[{"@type":"ReadAction","target":["https:\/\/grupohoymexico.com\/puebla\/2025\/10\/20\/mentiras-el-musical-llega-a-puebla-todo-lo-que-debes-saber\/"]}]},{"@type":"ImageObject","inLanguage":"es","@id":"https:\/\/grupohoymexico.com\/puebla\/2025\/10\/20\/mentiras-el-musical-llega-a-puebla-todo-lo-que-debes-saber\/#primaryimage","url":"https:\/\/grupohoymexico.com\/puebla\/wp-content\/uploads\/sites\/3\/2025\/10\/5168350832671852178.webp","contentUrl":"https:\/\/grupohoymexico.com\/puebla\/wp-content\/uploads\/sites\/3\/2025\/10\/5168350832671852178.webp","width":1201,"height":639,"caption":"Foto: FB \/ Belinda"},{"@type":"BreadcrumbList","@id":"https:\/\/grupohoymexico.com\/puebla\/2025\/10\/20\/mentiras-el-musical-llega-a-puebla-todo-lo-que-debes-saber\/#breadcrumb","itemListElement":[{"@type":"ListItem","position":1,"name":"Inicio","item":"https:\/\/grupohoymexico.com\/puebla\/"},{"@type":"ListItem","position":2,"name":"Mentiras, el Musical, llega a Puebla: Todo lo que debes saber"}]},{"@type":"WebSite","@id":"https:\/\/grupohoymexico.com\/puebla\/#website","url":"https:\/\/grupohoymexico.com\/puebla\/","name":"Grupo Hoy Puebla","description":"","potentialAction":[{"@type":"SearchAction","target":{"@type":"EntryPoint","urlTemplate":"https:\/\/grupohoymexico.com\/puebla\/?s={search_term_string}"},"query-input":{"@type":"PropertyValueSpecification","valueRequired":true,"valueName":"search_term_string"}}],"inLanguage":"es"},{"@type":"Person","@id":"https:\/\/grupohoymexico.com\/puebla\/#\/schema\/person\/ce6086ac837852775a3a4f539356c297","name":"user","image":{"@type":"ImageObject","inLanguage":"es","@id":"https:\/\/secure.gravatar.com\/avatar\/25f78de4fa956f6f7c01f8d96f8087d8958ebe06d57e630cd54e36aefb9dacea?s=96&d=mm&r=g","url":"https:\/\/secure.gravatar.com\/avatar\/25f78de4fa956f6f7c01f8d96f8087d8958ebe06d57e630cd54e36aefb9dacea?s=96&d=mm&r=g","contentUrl":"https:\/\/secure.gravatar.com\/avatar\/25f78de4fa956f6f7c01f8d96f8087d8958ebe06d57e630cd54e36aefb9dacea?s=96&d=mm&r=g","caption":"user"},"sameAs":["http:\/\/44.197.188.197.nip.io"],"url":"https:\/\/grupohoymexico.com\/puebla\/author\/user\/"}]}},"_links":{"self":[{"href":"https:\/\/grupohoymexico.com\/puebla\/wp-json\/wp\/v2\/posts\/78315","targetHints":{"allow":["GET"]}}],"collection":[{"href":"https:\/\/grupohoymexico.com\/puebla\/wp-json\/wp\/v2\/posts"}],"about":[{"href":"https:\/\/grupohoymexico.com\/puebla\/wp-json\/wp\/v2\/types\/post"}],"author":[{"embeddable":true,"href":"https:\/\/grupohoymexico.com\/puebla\/wp-json\/wp\/v2\/users\/1"}],"replies":[{"embeddable":true,"href":"https:\/\/grupohoymexico.com\/puebla\/wp-json\/wp\/v2\/comments?post=78315"}],"version-history":[{"count":1,"href":"https:\/\/grupohoymexico.com\/puebla\/wp-json\/wp\/v2\/posts\/78315\/revisions"}],"predecessor-version":[{"id":78319,"href":"https:\/\/grupohoymexico.com\/puebla\/wp-json\/wp\/v2\/posts\/78315\/revisions\/78319"}],"wp:featuredmedia":[{"embeddable":true,"href":"https:\/\/grupohoymexico.com\/puebla\/wp-json\/wp\/v2\/media\/78318"}],"wp:attachment":[{"href":"https:\/\/grupohoymexico.com\/puebla\/wp-json\/wp\/v2\/media?parent=78315"}],"wp:term":[{"taxonomy":"category","embeddable":true,"href":"https:\/\/grupohoymexico.com\/puebla\/wp-json\/wp\/v2\/categories?post=78315"},{"taxonomy":"post_tag","embeddable":true,"href":"https:\/\/grupohoymexico.com\/puebla\/wp-json\/wp\/v2\/tags?post=78315"}],"curies":[{"name":"wp","href":"https:\/\/api.w.org\/{rel}","templated":true}]}}