{"id":78305,"date":"2025-10-19T23:40:02","date_gmt":"2025-10-19T23:40:02","guid":{"rendered":"https:\/\/grupohoymexico.com\/puebla\/?p=78305"},"modified":"2025-10-19T23:40:03","modified_gmt":"2025-10-19T23:40:03","slug":"y-el-bacheton-ciudadanos-de-puebla-pierden-su-patrimonio-por-los-baches","status":"publish","type":"post","link":"https:\/\/grupohoymexico.com\/puebla\/2025\/10\/19\/y-el-bacheton-ciudadanos-de-puebla-pierden-su-patrimonio-por-los-baches\/","title":{"rendered":"\u00bfY el bachet\u00f3n? Ciudadanos de Puebla pierden su patrimonio por los baches"},"content":{"rendered":"\n<p>Mientras las autoridades presumen <strong>resultados del bachet\u00f3n<\/strong>, la gente de <strong>Puebla<\/strong> pierde su patrimonio debido a los <strong>baches<\/strong> y las inundaciones que se han presentado en la entidad. <\/p>\n\n\n\n<p>Calles como la <strong>25 Poniente<\/strong>, una de las principales de la capital, a\u00fan presenta varios encharcamientos. Esto provoca que los hundimientos sean imperceptibles para los automovilistas, quienes denuncian da\u00f1os en sus veh\u00edculos que van desde las llantas hasta la propia carrocer\u00eda.<\/p>\n\n\n\n<p>A inicios de julio pasado fue que las autoridades dijeron que dieron detalle de obras realizadas con una inversi\u00f3n de 50 millones de pesos. Sin embargo la ciudadan\u00eda contin\u00faa con afectaciones. Este fin de semana se viraliz\u00f3 un video en el que una camioneta cay\u00f3 en uno de los agujeros.<\/p>\n\n\n\n<p>No solo consisti\u00f3 en la ca\u00edda y da\u00f1os en la llanta. La defensa delantera se vio arruinada, afectando con notoriedad la <strong>cubierta externa<\/strong>. Ante esto fue que el propietario del veh\u00edculo anunci\u00f3 que presentar\u00e1 una denuncia en busca de justicia.<\/p>\n\n\n\n<blockquote class=\"wp-block-quote is-layout-flow wp-block-quote-is-layout-flow\">\n<p>&#8220;Vean nada m\u00e1s c\u00f3mo acab\u00f3 mi facia (&#8230;) Pero seg\u00fan est\u00e1n bachenado&#8221;, coment\u00f3. <\/p>\n<\/blockquote>\n\n\n\n<p>No solo se tratan de las afectaciones en la 23 Poniente. La ciudadan\u00eda tambi\u00e9n condena los hundimientos que se han presentado en diferentes partes de la entidad. Tal es el caso de la colonia Galaxia Manzanilla, sobre Camino a Resurrecci\u00f3n. <\/p>\n\n\n\n<p>A su vez tambi\u00e9n registraron los baches en la calle Tepetitl\u00e1n, antes de llegar al cruce de Avenida, colonia Vicente Guerrero, y m\u00e1s puntos del estado. <\/p>\n","protected":false},"excerpt":{"rendered":"Mientras las autoridades presumen resultados del bachet\u00f3n, la gente de Puebla pierde su patrimonio debido a los baches&hellip;","protected":false},"author":15,"featured_media":78306,"comment_status":"open","ping_status":"open","sticky":false,"template":"","format":"standard","meta":{"csco_display_header_overlay":false,"csco_singular_sidebar":"","csco_page_header_type":"","csco_page_load_nextpost":"","csco_post_video_location":[],"csco_post_video_location_hash":"","csco_post_video_url":"","csco_post_video_bg_start_time":0,"csco_post_video_bg_end_time":0,"footnotes":""},"categories":[29],"tags":[2842,2841,2843],"class_list":{"0":"post-78305","1":"post","2":"type-post","3":"status-publish","4":"format-standard","5":"has-post-thumbnail","7":"category-estatal","8":"tag-baches-en-puebla","9":"tag-bacheton","10":"tag-bacheton-en-puebla","11":"cs-entry","12":"cs-video-wrap"},"yoast_head":"<!-- This site is optimized with the Yoast SEO Premium plugin v24.7 (Yoast SEO v27.4) - https:\/\/yoast.com\/product\/yoast-seo-premium-wordpress\/ -->\n<title>\u00bfY el bachet\u00f3n? Baches provocan p\u00e9rdidas a habitantes Puebla - Grupo Hoy Puebla<\/title>\n<meta name=\"description\" content=\"Gente de Puebla pierde su patrimonio por los baches, a pesar de una presunta implementaci\u00f3n eficaz del bachet\u00f3n.\" \/>\n<meta name=\"robots\" content=\"index, follow, max-snippet:-1, max-image-preview:large, max-video-preview:-1\" \/>\n<link rel=\"canonical\" href=\"https:\/\/grupohoymexico.com\/puebla\/2025\/10\/19\/y-el-bacheton-ciudadanos-de-puebla-pierden-su-patrimonio-por-los-baches\/\" \/>\n<meta property=\"og:locale\" content=\"es_MX\" \/>\n<meta property=\"og:type\" content=\"article\" \/>\n<meta property=\"og:title\" content=\"\u00bfY el bachet\u00f3n? Ciudadanos de Puebla pierden su patrimonio por los baches\" \/>\n<meta property=\"og:description\" content=\"Gente de Puebla pierde su patrimonio por los baches, a pesar de una presunta implementaci\u00f3n eficaz del bachet\u00f3n.\" \/>\n<meta property=\"og:url\" content=\"https:\/\/grupohoymexico.com\/puebla\/2025\/10\/19\/y-el-bacheton-ciudadanos-de-puebla-pierden-su-patrimonio-por-los-baches\/\" \/>\n<meta property=\"og:site_name\" content=\"Grupo Hoy Puebla\" \/>\n<meta property=\"article:published_time\" content=\"2025-10-19T23:40:02+00:00\" \/>\n<meta property=\"article:modified_time\" content=\"2025-10-19T23:40:03+00:00\" \/>\n<meta property=\"og:image\" content=\"https:\/\/grupohoymexico.com\/puebla\/wp-content\/uploads\/sites\/3\/2025\/10\/bacheton_ciudadanos_puebla_pierden_patrimonio_baches.webp\" \/>\n\t<meta property=\"og:image:width\" content=\"1200\" \/>\n\t<meta property=\"og:image:height\" content=\"638\" \/>\n\t<meta property=\"og:image:type\" content=\"image\/webp\" \/>\n<meta name=\"author\" content=\"nestor\" \/>\n<meta name=\"twitter:card\" content=\"summary_large_image\" \/>\n<meta name=\"twitter:label1\" content=\"Escrito por\" \/>\n\t<meta name=\"twitter:data1\" content=\"nestor\" \/>\n\t<meta name=\"twitter:label2\" content=\"Tiempo de lectura\" \/>\n\t<meta name=\"twitter:data2\" content=\"2 minutos\" \/>\n<script type=\"application\/ld+json\" class=\"yoast-schema-graph\">{\"@context\":\"https:\\\/\\\/schema.org\",\"@graph\":[{\"@type\":\"Article\",\"@id\":\"https:\\\/\\\/grupohoymexico.com\\\/puebla\\\/2025\\\/10\\\/19\\\/y-el-bacheton-ciudadanos-de-puebla-pierden-su-patrimonio-por-los-baches\\\/#article\",\"isPartOf\":{\"@id\":\"https:\\\/\\\/grupohoymexico.com\\\/puebla\\\/2025\\\/10\\\/19\\\/y-el-bacheton-ciudadanos-de-puebla-pierden-su-patrimonio-por-los-baches\\\/\"},\"author\":{\"name\":\"nestor\",\"@id\":\"https:\\\/\\\/grupohoymexico.com\\\/puebla\\\/#\\\/schema\\\/person\\\/8201f3fa49669f346d08e15801e0ebc2\"},\"headline\":\"\u00bfY el bachet\u00f3n? Ciudadanos de Puebla pierden su patrimonio por los baches\",\"datePublished\":\"2025-10-19T23:40:02+00:00\",\"dateModified\":\"2025-10-19T23:40:03+00:00\",\"mainEntityOfPage\":{\"@id\":\"https:\\\/\\\/grupohoymexico.com\\\/puebla\\\/2025\\\/10\\\/19\\\/y-el-bacheton-ciudadanos-de-puebla-pierden-su-patrimonio-por-los-baches\\\/\"},\"wordCount\":268,\"commentCount\":0,\"image\":{\"@id\":\"https:\\\/\\\/grupohoymexico.com\\\/puebla\\\/2025\\\/10\\\/19\\\/y-el-bacheton-ciudadanos-de-puebla-pierden-su-patrimonio-por-los-baches\\\/#primaryimage\"},\"thumbnailUrl\":\"https:\\\/\\\/grupohoymexico.com\\\/puebla\\\/wp-content\\\/uploads\\\/sites\\\/3\\\/2025\\\/10\\\/bacheton_ciudadanos_puebla_pierden_patrimonio_baches.webp\",\"keywords\":[\"Baches en Puebla\",\"Bachet\u00f3n\",\"Bachet\u00f3n en Puebla\"],\"articleSection\":[\"Estatal\"],\"inLanguage\":\"es\",\"potentialAction\":[{\"@type\":\"CommentAction\",\"name\":\"Comment\",\"target\":[\"https:\\\/\\\/grupohoymexico.com\\\/puebla\\\/2025\\\/10\\\/19\\\/y-el-bacheton-ciudadanos-de-puebla-pierden-su-patrimonio-por-los-baches\\\/#respond\"]}]},{\"@type\":\"WebPage\",\"@id\":\"https:\\\/\\\/grupohoymexico.com\\\/puebla\\\/2025\\\/10\\\/19\\\/y-el-bacheton-ciudadanos-de-puebla-pierden-su-patrimonio-por-los-baches\\\/\",\"url\":\"https:\\\/\\\/grupohoymexico.com\\\/puebla\\\/2025\\\/10\\\/19\\\/y-el-bacheton-ciudadanos-de-puebla-pierden-su-patrimonio-por-los-baches\\\/\",\"name\":\"\u00bfY el bachet\u00f3n? Baches provocan p\u00e9rdidas a habitantes Puebla - Grupo Hoy Puebla\",\"isPartOf\":{\"@id\":\"https:\\\/\\\/grupohoymexico.com\\\/puebla\\\/#website\"},\"primaryImageOfPage\":{\"@id\":\"https:\\\/\\\/grupohoymexico.com\\\/puebla\\\/2025\\\/10\\\/19\\\/y-el-bacheton-ciudadanos-de-puebla-pierden-su-patrimonio-por-los-baches\\\/#primaryimage\"},\"image\":{\"@id\":\"https:\\\/\\\/grupohoymexico.com\\\/puebla\\\/2025\\\/10\\\/19\\\/y-el-bacheton-ciudadanos-de-puebla-pierden-su-patrimonio-por-los-baches\\\/#primaryimage\"},\"thumbnailUrl\":\"https:\\\/\\\/grupohoymexico.com\\\/puebla\\\/wp-content\\\/uploads\\\/sites\\\/3\\\/2025\\\/10\\\/bacheton_ciudadanos_puebla_pierden_patrimonio_baches.webp\",\"datePublished\":\"2025-10-19T23:40:02+00:00\",\"dateModified\":\"2025-10-19T23:40:03+00:00\",\"author\":{\"@id\":\"https:\\\/\\\/grupohoymexico.com\\\/puebla\\\/#\\\/schema\\\/person\\\/8201f3fa49669f346d08e15801e0ebc2\"},\"description\":\"Gente de Puebla pierde su patrimonio por los baches, a pesar de una presunta implementaci\u00f3n eficaz del bachet\u00f3n.\",\"breadcrumb\":{\"@id\":\"https:\\\/\\\/grupohoymexico.com\\\/puebla\\\/2025\\\/10\\\/19\\\/y-el-bacheton-ciudadanos-de-puebla-pierden-su-patrimonio-por-los-baches\\\/#breadcrumb\"},\"inLanguage\":\"es\",\"potentialAction\":[{\"@type\":\"ReadAction\",\"target\":[\"https:\\\/\\\/grupohoymexico.com\\\/puebla\\\/2025\\\/10\\\/19\\\/y-el-bacheton-ciudadanos-de-puebla-pierden-su-patrimonio-por-los-baches\\\/\"]}]},{\"@type\":\"ImageObject\",\"inLanguage\":\"es\",\"@id\":\"https:\\\/\\\/grupohoymexico.com\\\/puebla\\\/2025\\\/10\\\/19\\\/y-el-bacheton-ciudadanos-de-puebla-pierden-su-patrimonio-por-los-baches\\\/#primaryimage\",\"url\":\"https:\\\/\\\/grupohoymexico.com\\\/puebla\\\/wp-content\\\/uploads\\\/sites\\\/3\\\/2025\\\/10\\\/bacheton_ciudadanos_puebla_pierden_patrimonio_baches.webp\",\"contentUrl\":\"https:\\\/\\\/grupohoymexico.com\\\/puebla\\\/wp-content\\\/uploads\\\/sites\\\/3\\\/2025\\\/10\\\/bacheton_ciudadanos_puebla_pierden_patrimonio_baches.webp\",\"width\":1200,\"height\":638},{\"@type\":\"BreadcrumbList\",\"@id\":\"https:\\\/\\\/grupohoymexico.com\\\/puebla\\\/2025\\\/10\\\/19\\\/y-el-bacheton-ciudadanos-de-puebla-pierden-su-patrimonio-por-los-baches\\\/#breadcrumb\",\"itemListElement\":[{\"@type\":\"ListItem\",\"position\":1,\"name\":\"Inicio\",\"item\":\"https:\\\/\\\/grupohoymexico.com\\\/puebla\\\/\"},{\"@type\":\"ListItem\",\"position\":2,\"name\":\"\u00bfY el bachet\u00f3n? Ciudadanos de Puebla pierden su patrimonio por los baches\"}]},{\"@type\":\"WebSite\",\"@id\":\"https:\\\/\\\/grupohoymexico.com\\\/puebla\\\/#website\",\"url\":\"https:\\\/\\\/grupohoymexico.com\\\/puebla\\\/\",\"name\":\"Grupo Hoy Puebla\",\"description\":\"\",\"potentialAction\":[{\"@type\":\"SearchAction\",\"target\":{\"@type\":\"EntryPoint\",\"urlTemplate\":\"https:\\\/\\\/grupohoymexico.com\\\/puebla\\\/?s={search_term_string}\"},\"query-input\":{\"@type\":\"PropertyValueSpecification\",\"valueRequired\":true,\"valueName\":\"search_term_string\"}}],\"inLanguage\":\"es\"},{\"@type\":\"Person\",\"@id\":\"https:\\\/\\\/grupohoymexico.com\\\/puebla\\\/#\\\/schema\\\/person\\\/8201f3fa49669f346d08e15801e0ebc2\",\"name\":\"nestor\",\"image\":{\"@type\":\"ImageObject\",\"inLanguage\":\"es\",\"@id\":\"https:\\\/\\\/secure.gravatar.com\\\/avatar\\\/6675a6d9279ab1d8e7b7c55956d0013492fdc51e007e555bc58e5e0eac33d094?s=96&d=mm&r=g\",\"url\":\"https:\\\/\\\/secure.gravatar.com\\\/avatar\\\/6675a6d9279ab1d8e7b7c55956d0013492fdc51e007e555bc58e5e0eac33d094?s=96&d=mm&r=g\",\"contentUrl\":\"https:\\\/\\\/secure.gravatar.com\\\/avatar\\\/6675a6d9279ab1d8e7b7c55956d0013492fdc51e007e555bc58e5e0eac33d094?s=96&d=mm&r=g\",\"caption\":\"nestor\"},\"url\":\"https:\\\/\\\/grupohoymexico.com\\\/puebla\\\/author\\\/nestor\\\/\"}]}<\/script>\n<!-- \/ Yoast SEO Premium plugin. -->","yoast_head_json":{"title":"\u00bfY el bachet\u00f3n? Baches provocan p\u00e9rdidas a habitantes Puebla - Grupo Hoy Puebla","description":"Gente de Puebla pierde su patrimonio por los baches, a pesar de una presunta implementaci\u00f3n eficaz del bachet\u00f3n.","robots":{"index":"index","follow":"follow","max-snippet":"max-snippet:-1","max-image-preview":"max-image-preview:large","max-video-preview":"max-video-preview:-1"},"canonical":"https:\/\/grupohoymexico.com\/puebla\/2025\/10\/19\/y-el-bacheton-ciudadanos-de-puebla-pierden-su-patrimonio-por-los-baches\/","og_locale":"es_MX","og_type":"article","og_title":"\u00bfY el bachet\u00f3n? Ciudadanos de Puebla pierden su patrimonio por los baches","og_description":"Gente de Puebla pierde su patrimonio por los baches, a pesar de una presunta implementaci\u00f3n eficaz del bachet\u00f3n.","og_url":"https:\/\/grupohoymexico.com\/puebla\/2025\/10\/19\/y-el-bacheton-ciudadanos-de-puebla-pierden-su-patrimonio-por-los-baches\/","og_site_name":"Grupo Hoy Puebla","article_published_time":"2025-10-19T23:40:02+00:00","article_modified_time":"2025-10-19T23:40:03+00:00","og_image":[{"width":1200,"height":638,"url":"https:\/\/grupohoymexico.com\/puebla\/wp-content\/uploads\/sites\/3\/2025\/10\/bacheton_ciudadanos_puebla_pierden_patrimonio_baches.webp","type":"image\/webp"}],"author":"nestor","twitter_card":"summary_large_image","twitter_misc":{"Escrito por":"nestor","Tiempo de lectura":"2 minutos"},"schema":{"@context":"https:\/\/schema.org","@graph":[{"@type":"Article","@id":"https:\/\/grupohoymexico.com\/puebla\/2025\/10\/19\/y-el-bacheton-ciudadanos-de-puebla-pierden-su-patrimonio-por-los-baches\/#article","isPartOf":{"@id":"https:\/\/grupohoymexico.com\/puebla\/2025\/10\/19\/y-el-bacheton-ciudadanos-de-puebla-pierden-su-patrimonio-por-los-baches\/"},"author":{"name":"nestor","@id":"https:\/\/grupohoymexico.com\/puebla\/#\/schema\/person\/8201f3fa49669f346d08e15801e0ebc2"},"headline":"\u00bfY el bachet\u00f3n? Ciudadanos de Puebla pierden su patrimonio por los baches","datePublished":"2025-10-19T23:40:02+00:00","dateModified":"2025-10-19T23:40:03+00:00","mainEntityOfPage":{"@id":"https:\/\/grupohoymexico.com\/puebla\/2025\/10\/19\/y-el-bacheton-ciudadanos-de-puebla-pierden-su-patrimonio-por-los-baches\/"},"wordCount":268,"commentCount":0,"image":{"@id":"https:\/\/grupohoymexico.com\/puebla\/2025\/10\/19\/y-el-bacheton-ciudadanos-de-puebla-pierden-su-patrimonio-por-los-baches\/#primaryimage"},"thumbnailUrl":"https:\/\/grupohoymexico.com\/puebla\/wp-content\/uploads\/sites\/3\/2025\/10\/bacheton_ciudadanos_puebla_pierden_patrimonio_baches.webp","keywords":["Baches en Puebla","Bachet\u00f3n","Bachet\u00f3n en Puebla"],"articleSection":["Estatal"],"inLanguage":"es","potentialAction":[{"@type":"CommentAction","name":"Comment","target":["https:\/\/grupohoymexico.com\/puebla\/2025\/10\/19\/y-el-bacheton-ciudadanos-de-puebla-pierden-su-patrimonio-por-los-baches\/#respond"]}]},{"@type":"WebPage","@id":"https:\/\/grupohoymexico.com\/puebla\/2025\/10\/19\/y-el-bacheton-ciudadanos-de-puebla-pierden-su-patrimonio-por-los-baches\/","url":"https:\/\/grupohoymexico.com\/puebla\/2025\/10\/19\/y-el-bacheton-ciudadanos-de-puebla-pierden-su-patrimonio-por-los-baches\/","name":"\u00bfY el bachet\u00f3n? Baches provocan p\u00e9rdidas a habitantes Puebla - Grupo Hoy Puebla","isPartOf":{"@id":"https:\/\/grupohoymexico.com\/puebla\/#website"},"primaryImageOfPage":{"@id":"https:\/\/grupohoymexico.com\/puebla\/2025\/10\/19\/y-el-bacheton-ciudadanos-de-puebla-pierden-su-patrimonio-por-los-baches\/#primaryimage"},"image":{"@id":"https:\/\/grupohoymexico.com\/puebla\/2025\/10\/19\/y-el-bacheton-ciudadanos-de-puebla-pierden-su-patrimonio-por-los-baches\/#primaryimage"},"thumbnailUrl":"https:\/\/grupohoymexico.com\/puebla\/wp-content\/uploads\/sites\/3\/2025\/10\/bacheton_ciudadanos_puebla_pierden_patrimonio_baches.webp","datePublished":"2025-10-19T23:40:02+00:00","dateModified":"2025-10-19T23:40:03+00:00","author":{"@id":"https:\/\/grupohoymexico.com\/puebla\/#\/schema\/person\/8201f3fa49669f346d08e15801e0ebc2"},"description":"Gente de Puebla pierde su patrimonio por los baches, a pesar de una presunta implementaci\u00f3n eficaz del bachet\u00f3n.","breadcrumb":{"@id":"https:\/\/grupohoymexico.com\/puebla\/2025\/10\/19\/y-el-bacheton-ciudadanos-de-puebla-pierden-su-patrimonio-por-los-baches\/#breadcrumb"},"inLanguage":"es","potentialAction":[{"@type":"ReadAction","target":["https:\/\/grupohoymexico.com\/puebla\/2025\/10\/19\/y-el-bacheton-ciudadanos-de-puebla-pierden-su-patrimonio-por-los-baches\/"]}]},{"@type":"ImageObject","inLanguage":"es","@id":"https:\/\/grupohoymexico.com\/puebla\/2025\/10\/19\/y-el-bacheton-ciudadanos-de-puebla-pierden-su-patrimonio-por-los-baches\/#primaryimage","url":"https:\/\/grupohoymexico.com\/puebla\/wp-content\/uploads\/sites\/3\/2025\/10\/bacheton_ciudadanos_puebla_pierden_patrimonio_baches.webp","contentUrl":"https:\/\/grupohoymexico.com\/puebla\/wp-content\/uploads\/sites\/3\/2025\/10\/bacheton_ciudadanos_puebla_pierden_patrimonio_baches.webp","width":1200,"height":638},{"@type":"BreadcrumbList","@id":"https:\/\/grupohoymexico.com\/puebla\/2025\/10\/19\/y-el-bacheton-ciudadanos-de-puebla-pierden-su-patrimonio-por-los-baches\/#breadcrumb","itemListElement":[{"@type":"ListItem","position":1,"name":"Inicio","item":"https:\/\/grupohoymexico.com\/puebla\/"},{"@type":"ListItem","position":2,"name":"\u00bfY el bachet\u00f3n? Ciudadanos de Puebla pierden su patrimonio por los baches"}]},{"@type":"WebSite","@id":"https:\/\/grupohoymexico.com\/puebla\/#website","url":"https:\/\/grupohoymexico.com\/puebla\/","name":"Grupo Hoy Puebla","description":"","potentialAction":[{"@type":"SearchAction","target":{"@type":"EntryPoint","urlTemplate":"https:\/\/grupohoymexico.com\/puebla\/?s={search_term_string}"},"query-input":{"@type":"PropertyValueSpecification","valueRequired":true,"valueName":"search_term_string"}}],"inLanguage":"es"},{"@type":"Person","@id":"https:\/\/grupohoymexico.com\/puebla\/#\/schema\/person\/8201f3fa49669f346d08e15801e0ebc2","name":"nestor","image":{"@type":"ImageObject","inLanguage":"es","@id":"https:\/\/secure.gravatar.com\/avatar\/6675a6d9279ab1d8e7b7c55956d0013492fdc51e007e555bc58e5e0eac33d094?s=96&d=mm&r=g","url":"https:\/\/secure.gravatar.com\/avatar\/6675a6d9279ab1d8e7b7c55956d0013492fdc51e007e555bc58e5e0eac33d094?s=96&d=mm&r=g","contentUrl":"https:\/\/secure.gravatar.com\/avatar\/6675a6d9279ab1d8e7b7c55956d0013492fdc51e007e555bc58e5e0eac33d094?s=96&d=mm&r=g","caption":"nestor"},"url":"https:\/\/grupohoymexico.com\/puebla\/author\/nestor\/"}]}},"_links":{"self":[{"href":"https:\/\/grupohoymexico.com\/puebla\/wp-json\/wp\/v2\/posts\/78305","targetHints":{"allow":["GET"]}}],"collection":[{"href":"https:\/\/grupohoymexico.com\/puebla\/wp-json\/wp\/v2\/posts"}],"about":[{"href":"https:\/\/grupohoymexico.com\/puebla\/wp-json\/wp\/v2\/types\/post"}],"author":[{"embeddable":true,"href":"https:\/\/grupohoymexico.com\/puebla\/wp-json\/wp\/v2\/users\/15"}],"replies":[{"embeddable":true,"href":"https:\/\/grupohoymexico.com\/puebla\/wp-json\/wp\/v2\/comments?post=78305"}],"version-history":[{"count":1,"href":"https:\/\/grupohoymexico.com\/puebla\/wp-json\/wp\/v2\/posts\/78305\/revisions"}],"predecessor-version":[{"id":78307,"href":"https:\/\/grupohoymexico.com\/puebla\/wp-json\/wp\/v2\/posts\/78305\/revisions\/78307"}],"wp:featuredmedia":[{"embeddable":true,"href":"https:\/\/grupohoymexico.com\/puebla\/wp-json\/wp\/v2\/media\/78306"}],"wp:attachment":[{"href":"https:\/\/grupohoymexico.com\/puebla\/wp-json\/wp\/v2\/media?parent=78305"}],"wp:term":[{"taxonomy":"category","embeddable":true,"href":"https:\/\/grupohoymexico.com\/puebla\/wp-json\/wp\/v2\/categories?post=78305"},{"taxonomy":"post_tag","embeddable":true,"href":"https:\/\/grupohoymexico.com\/puebla\/wp-json\/wp\/v2\/tags?post=78305"}],"curies":[{"name":"wp","href":"https:\/\/api.w.org\/{rel}","templated":true}]}}