{"id":78245,"date":"2025-10-16T16:59:08","date_gmt":"2025-10-16T16:59:08","guid":{"rendered":"https:\/\/grupohoymexico.com\/puebla\/?p=78245"},"modified":"2025-10-16T16:59:09","modified_gmt":"2025-10-16T16:59:09","slug":"muerte-de-stephany-carmona-genera-protesta-en-ajalpan","status":"publish","type":"post","link":"https:\/\/grupohoymexico.com\/puebla\/2025\/10\/16\/muerte-de-stephany-carmona-genera-protesta-en-ajalpan\/","title":{"rendered":"Muerte de Stephany Carmona genera protesta en Ajalpan"},"content":{"rendered":"\n<p><\/p>\n\n\n\n<p><strong>Exigen justicia en Ajalpan tras la tr\u00e1gica muerte de la joven oficial Stephany Carmona Rojas dentro del 51 Batall\u00f3n de la Guardia Nacional en Acapulco<\/strong>, Guerrero, el pasado 14 de octubre. La oficial, <strong>originaria del municipio de Ajalpan<\/strong>, falleci\u00f3<strong> a causa de dos disparos en la cabeza<\/strong> mientras se encontraba en las instalaciones de la corporaci\u00f3n. La noticia<strong> ha generado indignaci\u00f3n entre familiares, amigos y pobladores<\/strong>, quienes claman esclarecimiento del caso y sanci\u00f3n para el o los responsables.<\/p>\n\n\n\n<p>Los padres de Stephany acudieron al Ministerio P\u00fablico en Acapulco<strong> para solicitar que se realicen todas las diligencias necesarias y se garantice justicia<\/strong>. Inicialmente, las autoridades se\u00f1alaron que la muerte podr\u00eda tratarse de un homicidio imprudencial durante pr\u00e1cticas de tiro. Sin embargo, el dictamen pericial confirm\u00f3 que<strong> la oficial presentaba dos impactos de arma de fuego a la altura de la cabeza<\/strong>, lo que ha generado dudas y cuestionamientos sobre la versi\u00f3n oficial de los hechos.<\/p>\n\n\n\n<figure class=\"wp-block-image size-large\"><img fetchpriority=\"high\" decoding=\"async\" width=\"1024\" height=\"566\" src=\"https:\/\/grupohoymexico.com\/puebla\/wp-content\/uploads\/sites\/3\/2025\/10\/561441505_1507382817053249_2095447947368340317_n-1024x566.jpg\" alt=\"\" class=\"wp-image-78246\" srcset=\"https:\/\/grupohoymexico.com\/puebla\/wp-content\/uploads\/sites\/3\/2025\/10\/561441505_1507382817053249_2095447947368340317_n-1024x566.jpg 1024w, https:\/\/grupohoymexico.com\/puebla\/wp-content\/uploads\/sites\/3\/2025\/10\/561441505_1507382817053249_2095447947368340317_n-300x166.jpg 300w, https:\/\/grupohoymexico.com\/puebla\/wp-content\/uploads\/sites\/3\/2025\/10\/561441505_1507382817053249_2095447947368340317_n-768x424.jpg 768w, https:\/\/grupohoymexico.com\/puebla\/wp-content\/uploads\/sites\/3\/2025\/10\/561441505_1507382817053249_2095447947368340317_n-1536x849.jpg 1536w, https:\/\/grupohoymexico.com\/puebla\/wp-content\/uploads\/sites\/3\/2025\/10\/561441505_1507382817053249_2095447947368340317_n-332x183.jpg 332w, https:\/\/grupohoymexico.com\/puebla\/wp-content\/uploads\/sites\/3\/2025\/10\/561441505_1507382817053249_2095447947368340317_n-664x367.jpg 664w, https:\/\/grupohoymexico.com\/puebla\/wp-content\/uploads\/sites\/3\/2025\/10\/561441505_1507382817053249_2095447947368340317_n-688x380.jpg 688w, https:\/\/grupohoymexico.com\/puebla\/wp-content\/uploads\/sites\/3\/2025\/10\/561441505_1507382817053249_2095447947368340317_n-1044x577.jpg 1044w, https:\/\/grupohoymexico.com\/puebla\/wp-content\/uploads\/sites\/3\/2025\/10\/561441505_1507382817053249_2095447947368340317_n-1400x774.jpg 1400w, https:\/\/grupohoymexico.com\/puebla\/wp-content\/uploads\/sites\/3\/2025\/10\/561441505_1507382817053249_2095447947368340317_n-rotated.jpg 1600w\" sizes=\"(max-width: 1024px) 100vw, 1024px\" \/><\/figure>\n\n\n\n<h3 class=\"wp-block-heading\" id=\"h-busqueda-del-presunto-responsable-y-reaccion-comunitaria\"><strong>B\u00fasqueda del presunto responsable y reacci\u00f3n comunitaria<\/strong><\/h3>\n\n\n\n<p>De acuerdo con informaci\u00f3n difundida en redes sociales, <strong>el presunto responsable ser\u00eda un sargento de la misma corporaci\u00f3n<\/strong> que habr\u00eda huido tras el ataque. Ante esta situaci\u00f3n, <strong>se han instalado filtros de seguridad en el aeropuerto y la terminal de autobuses de Acapulco<\/strong> para localizar al sospechoso y asegurar su detenci\u00f3n.<\/p>\n\n\n\n<p>Mientras tanto, <strong>familiares, amigos y habitantes de Ajalpan esperan recibir el cuerpo de Stephany,<\/strong> acompa\u00f1ados por una profunda indignaci\u00f3n y dolor. En redes sociales, <strong>la describen como una mujer llena de vida, con sue\u00f1os y luz<\/strong>, cuya sonrisa iluminaba a quienes la rodeaban. Su partida ha dejado un vac\u00edo, pero tambi\u00e9n un clamor colectivo <strong>que exige justicia y verdad sobre lo sucedido.<\/strong><\/p>\n\n\n\n<figure class=\"wp-block-image size-large is-resized\"><img decoding=\"async\" width=\"850\" height=\"1024\" src=\"https:\/\/grupohoymexico.com\/puebla\/wp-content\/uploads\/sites\/3\/2025\/10\/560044743_1507382763719921_897254327814787731_n-850x1024.jpg\" alt=\"\" class=\"wp-image-78247\" style=\"width:421px;height:auto\" srcset=\"https:\/\/grupohoymexico.com\/puebla\/wp-content\/uploads\/sites\/3\/2025\/10\/560044743_1507382763719921_897254327814787731_n-850x1024.jpg 850w, https:\/\/grupohoymexico.com\/puebla\/wp-content\/uploads\/sites\/3\/2025\/10\/560044743_1507382763719921_897254327814787731_n-249x300.jpg 249w, https:\/\/grupohoymexico.com\/puebla\/wp-content\/uploads\/sites\/3\/2025\/10\/560044743_1507382763719921_897254327814787731_n-768x925.jpg 768w, https:\/\/grupohoymexico.com\/puebla\/wp-content\/uploads\/sites\/3\/2025\/10\/560044743_1507382763719921_897254327814787731_n-332x400.jpg 332w, https:\/\/grupohoymexico.com\/puebla\/wp-content\/uploads\/sites\/3\/2025\/10\/560044743_1507382763719921_897254327814787731_n-664x800.jpg 664w, https:\/\/grupohoymexico.com\/puebla\/wp-content\/uploads\/sites\/3\/2025\/10\/560044743_1507382763719921_897254327814787731_n-688x829.jpg 688w, https:\/\/grupohoymexico.com\/puebla\/wp-content\/uploads\/sites\/3\/2025\/10\/560044743_1507382763719921_897254327814787731_n-1044x1258.jpg 1044w, https:\/\/grupohoymexico.com\/puebla\/wp-content\/uploads\/sites\/3\/2025\/10\/560044743_1507382763719921_897254327814787731_n.jpg 1080w\" sizes=\"(max-width: 850px) 100vw, 850px\" \/><\/figure>\n\n\n\n<p>Adem\u00e1s, <strong>se ha organizado una colecta solidaria para apoyar a la familia en este momento dif\u00edcil <\/strong>y para mantener viva la memoria de Stephany. Los mensajes difundidos destacan que <strong>\u201cno pedimos solo apoyo, pedimos coraz\u00f3n\u2026 <\/strong>pedimos que su nombre siga vivo, que su historia siga cont\u00e1ndose, <strong>que su luz siga brillando donde la oscuridad quiso entrar\u201d.<\/strong><\/p>\n\n\n\n<p>LEE TAMBI\u00c9N: <a href=\"https:\/\/grupohoymexico.com\/puebla\/2025\/10\/10\/hasta-66-anos-de-carcel-por-homicidio-a-docentes\/\">Hasta 66 a\u00f1os de c\u00e1rcel por homicidio a docentes<\/a><\/p>\n","protected":false},"excerpt":{"rendered":"Exigen justicia en Ajalpan tras la tr\u00e1gica muerte de la joven oficial Stephany Carmona Rojas dentro del 51&hellip;","protected":false},"author":1,"featured_media":78248,"comment_status":"open","ping_status":"open","sticky":false,"template":"","format":"standard","meta":{"csco_display_header_overlay":false,"csco_singular_sidebar":"","csco_page_header_type":"","csco_page_load_nextpost":"","csco_post_video_location":[],"csco_post_video_location_hash":"","csco_post_video_url":"","csco_post_video_bg_start_time":0,"csco_post_video_bg_end_time":0,"footnotes":""},"categories":[111],"tags":[347,2818,2816,126,120,1568,40,2817],"class_list":{"0":"post-78245","1":"post","2":"type-post","3":"status-publish","4":"format-standard","5":"has-post-thumbnail","7":"category-policiaco","8":"tag-acapulco","9":"tag-ajalpan","10":"tag-gn","11":"tag-mexico","12":"tag-noticias","13":"tag-policiaco-2","14":"tag-puebla","15":"tag-stephany-carmona-rojas","16":"cs-entry","17":"cs-video-wrap"},"yoast_head":"<!-- This site is optimized with the Yoast SEO Premium plugin v24.7 (Yoast SEO v27.4) - https:\/\/yoast.com\/product\/yoast-seo-premium-wordpress\/ -->\n<title>Muerte de Stephany Carmona genera protesta en Ajalpan - Grupo Hoy Puebla<\/title>\n<meta name=\"description\" content=\"Familiares, amigos y pobladores de Ajalpan exigen justicia por la muerte de Stephany Carmona Rojas en instalaciones de la Guardia Nacional.\" \/>\n<meta name=\"robots\" content=\"index, follow, max-snippet:-1, max-image-preview:large, max-video-preview:-1\" \/>\n<link rel=\"canonical\" href=\"https:\/\/grupohoymexico.com\/puebla\/2025\/10\/16\/muerte-de-stephany-carmona-genera-protesta-en-ajalpan\/\" \/>\n<meta property=\"og:locale\" content=\"es_MX\" \/>\n<meta property=\"og:type\" content=\"article\" \/>\n<meta property=\"og:title\" content=\"Muerte de Stephany Carmona genera protesta en Ajalpan\" \/>\n<meta property=\"og:description\" content=\"Familiares, amigos y pobladores de Ajalpan exigen justicia por la muerte de Stephany Carmona Rojas en instalaciones de la Guardia Nacional.\" \/>\n<meta property=\"og:url\" content=\"https:\/\/grupohoymexico.com\/puebla\/2025\/10\/16\/muerte-de-stephany-carmona-genera-protesta-en-ajalpan\/\" \/>\n<meta property=\"og:site_name\" content=\"Grupo Hoy Puebla\" \/>\n<meta property=\"article:published_time\" content=\"2025-10-16T16:59:08+00:00\" \/>\n<meta property=\"article:modified_time\" content=\"2025-10-16T16:59:09+00:00\" \/>\n<meta property=\"og:image\" content=\"https:\/\/grupohoymexico.com\/puebla\/wp-content\/uploads\/sites\/3\/2025\/10\/GH_1_Familia_exige_esclarecer_muerte_de_Stephany_Carmona_copia.webp\" \/>\n\t<meta property=\"og:image:width\" content=\"1201\" \/>\n\t<meta property=\"og:image:height\" content=\"639\" \/>\n\t<meta property=\"og:image:type\" content=\"image\/webp\" \/>\n<meta name=\"author\" content=\"user\" \/>\n<meta name=\"twitter:card\" content=\"summary_large_image\" \/>\n<meta name=\"twitter:label1\" content=\"Escrito por\" \/>\n\t<meta name=\"twitter:data1\" content=\"user\" \/>\n\t<meta name=\"twitter:label2\" content=\"Tiempo de lectura\" \/>\n\t<meta name=\"twitter:data2\" content=\"3 minutos\" \/>\n<script type=\"application\/ld+json\" class=\"yoast-schema-graph\">{\"@context\":\"https:\\\/\\\/schema.org\",\"@graph\":[{\"@type\":\"Article\",\"@id\":\"https:\\\/\\\/grupohoymexico.com\\\/puebla\\\/2025\\\/10\\\/16\\\/muerte-de-stephany-carmona-genera-protesta-en-ajalpan\\\/#article\",\"isPartOf\":{\"@id\":\"https:\\\/\\\/grupohoymexico.com\\\/puebla\\\/2025\\\/10\\\/16\\\/muerte-de-stephany-carmona-genera-protesta-en-ajalpan\\\/\"},\"author\":{\"name\":\"user\",\"@id\":\"https:\\\/\\\/grupohoymexico.com\\\/puebla\\\/#\\\/schema\\\/person\\\/ce6086ac837852775a3a4f539356c297\"},\"headline\":\"Muerte de Stephany Carmona genera protesta en Ajalpan\",\"datePublished\":\"2025-10-16T16:59:08+00:00\",\"dateModified\":\"2025-10-16T16:59:09+00:00\",\"mainEntityOfPage\":{\"@id\":\"https:\\\/\\\/grupohoymexico.com\\\/puebla\\\/2025\\\/10\\\/16\\\/muerte-de-stephany-carmona-genera-protesta-en-ajalpan\\\/\"},\"wordCount\":376,\"commentCount\":0,\"image\":{\"@id\":\"https:\\\/\\\/grupohoymexico.com\\\/puebla\\\/2025\\\/10\\\/16\\\/muerte-de-stephany-carmona-genera-protesta-en-ajalpan\\\/#primaryimage\"},\"thumbnailUrl\":\"https:\\\/\\\/grupohoymexico.com\\\/puebla\\\/wp-content\\\/uploads\\\/sites\\\/3\\\/2025\\\/10\\\/GH_1_Familia_exige_esclarecer_muerte_de_Stephany_Carmona_copia.webp\",\"keywords\":[\"Acapulco\",\"Ajalpan\",\"GN\",\"M\u00e9xico\",\"noticias\",\"Policiaco\",\"puebla\",\"Stephany Carmona Rojas\"],\"articleSection\":[\"Policiaco\"],\"inLanguage\":\"es\",\"potentialAction\":[{\"@type\":\"CommentAction\",\"name\":\"Comment\",\"target\":[\"https:\\\/\\\/grupohoymexico.com\\\/puebla\\\/2025\\\/10\\\/16\\\/muerte-de-stephany-carmona-genera-protesta-en-ajalpan\\\/#respond\"]}]},{\"@type\":\"WebPage\",\"@id\":\"https:\\\/\\\/grupohoymexico.com\\\/puebla\\\/2025\\\/10\\\/16\\\/muerte-de-stephany-carmona-genera-protesta-en-ajalpan\\\/\",\"url\":\"https:\\\/\\\/grupohoymexico.com\\\/puebla\\\/2025\\\/10\\\/16\\\/muerte-de-stephany-carmona-genera-protesta-en-ajalpan\\\/\",\"name\":\"Muerte de Stephany Carmona genera protesta en Ajalpan - Grupo Hoy Puebla\",\"isPartOf\":{\"@id\":\"https:\\\/\\\/grupohoymexico.com\\\/puebla\\\/#website\"},\"primaryImageOfPage\":{\"@id\":\"https:\\\/\\\/grupohoymexico.com\\\/puebla\\\/2025\\\/10\\\/16\\\/muerte-de-stephany-carmona-genera-protesta-en-ajalpan\\\/#primaryimage\"},\"image\":{\"@id\":\"https:\\\/\\\/grupohoymexico.com\\\/puebla\\\/2025\\\/10\\\/16\\\/muerte-de-stephany-carmona-genera-protesta-en-ajalpan\\\/#primaryimage\"},\"thumbnailUrl\":\"https:\\\/\\\/grupohoymexico.com\\\/puebla\\\/wp-content\\\/uploads\\\/sites\\\/3\\\/2025\\\/10\\\/GH_1_Familia_exige_esclarecer_muerte_de_Stephany_Carmona_copia.webp\",\"datePublished\":\"2025-10-16T16:59:08+00:00\",\"dateModified\":\"2025-10-16T16:59:09+00:00\",\"author\":{\"@id\":\"https:\\\/\\\/grupohoymexico.com\\\/puebla\\\/#\\\/schema\\\/person\\\/ce6086ac837852775a3a4f539356c297\"},\"description\":\"Familiares, amigos y pobladores de Ajalpan exigen justicia por la muerte de Stephany Carmona Rojas en instalaciones de la Guardia Nacional.\",\"breadcrumb\":{\"@id\":\"https:\\\/\\\/grupohoymexico.com\\\/puebla\\\/2025\\\/10\\\/16\\\/muerte-de-stephany-carmona-genera-protesta-en-ajalpan\\\/#breadcrumb\"},\"inLanguage\":\"es\",\"potentialAction\":[{\"@type\":\"ReadAction\",\"target\":[\"https:\\\/\\\/grupohoymexico.com\\\/puebla\\\/2025\\\/10\\\/16\\\/muerte-de-stephany-carmona-genera-protesta-en-ajalpan\\\/\"]}]},{\"@type\":\"ImageObject\",\"inLanguage\":\"es\",\"@id\":\"https:\\\/\\\/grupohoymexico.com\\\/puebla\\\/2025\\\/10\\\/16\\\/muerte-de-stephany-carmona-genera-protesta-en-ajalpan\\\/#primaryimage\",\"url\":\"https:\\\/\\\/grupohoymexico.com\\\/puebla\\\/wp-content\\\/uploads\\\/sites\\\/3\\\/2025\\\/10\\\/GH_1_Familia_exige_esclarecer_muerte_de_Stephany_Carmona_copia.webp\",\"contentUrl\":\"https:\\\/\\\/grupohoymexico.com\\\/puebla\\\/wp-content\\\/uploads\\\/sites\\\/3\\\/2025\\\/10\\\/GH_1_Familia_exige_esclarecer_muerte_de_Stephany_Carmona_copia.webp\",\"width\":1201,\"height\":639,\"caption\":\"Familiares, amigos y pobladores de Ajalpan exigen justicia por la muerte de Stephany Carmona Rojas en instalaciones de la Guardia Nacional.\"},{\"@type\":\"BreadcrumbList\",\"@id\":\"https:\\\/\\\/grupohoymexico.com\\\/puebla\\\/2025\\\/10\\\/16\\\/muerte-de-stephany-carmona-genera-protesta-en-ajalpan\\\/#breadcrumb\",\"itemListElement\":[{\"@type\":\"ListItem\",\"position\":1,\"name\":\"Inicio\",\"item\":\"https:\\\/\\\/grupohoymexico.com\\\/puebla\\\/\"},{\"@type\":\"ListItem\",\"position\":2,\"name\":\"Muerte de Stephany Carmona genera protesta en Ajalpan\"}]},{\"@type\":\"WebSite\",\"@id\":\"https:\\\/\\\/grupohoymexico.com\\\/puebla\\\/#website\",\"url\":\"https:\\\/\\\/grupohoymexico.com\\\/puebla\\\/\",\"name\":\"Grupo Hoy Puebla\",\"description\":\"\",\"potentialAction\":[{\"@type\":\"SearchAction\",\"target\":{\"@type\":\"EntryPoint\",\"urlTemplate\":\"https:\\\/\\\/grupohoymexico.com\\\/puebla\\\/?s={search_term_string}\"},\"query-input\":{\"@type\":\"PropertyValueSpecification\",\"valueRequired\":true,\"valueName\":\"search_term_string\"}}],\"inLanguage\":\"es\"},{\"@type\":\"Person\",\"@id\":\"https:\\\/\\\/grupohoymexico.com\\\/puebla\\\/#\\\/schema\\\/person\\\/ce6086ac837852775a3a4f539356c297\",\"name\":\"user\",\"image\":{\"@type\":\"ImageObject\",\"inLanguage\":\"es\",\"@id\":\"https:\\\/\\\/secure.gravatar.com\\\/avatar\\\/25f78de4fa956f6f7c01f8d96f8087d8958ebe06d57e630cd54e36aefb9dacea?s=96&d=mm&r=g\",\"url\":\"https:\\\/\\\/secure.gravatar.com\\\/avatar\\\/25f78de4fa956f6f7c01f8d96f8087d8958ebe06d57e630cd54e36aefb9dacea?s=96&d=mm&r=g\",\"contentUrl\":\"https:\\\/\\\/secure.gravatar.com\\\/avatar\\\/25f78de4fa956f6f7c01f8d96f8087d8958ebe06d57e630cd54e36aefb9dacea?s=96&d=mm&r=g\",\"caption\":\"user\"},\"sameAs\":[\"http:\\\/\\\/44.197.188.197.nip.io\"],\"url\":\"https:\\\/\\\/grupohoymexico.com\\\/puebla\\\/author\\\/user\\\/\"}]}<\/script>\n<!-- \/ Yoast SEO Premium plugin. -->","yoast_head_json":{"title":"Muerte de Stephany Carmona genera protesta en Ajalpan - Grupo Hoy Puebla","description":"Familiares, amigos y pobladores de Ajalpan exigen justicia por la muerte de Stephany Carmona Rojas en instalaciones de la Guardia Nacional.","robots":{"index":"index","follow":"follow","max-snippet":"max-snippet:-1","max-image-preview":"max-image-preview:large","max-video-preview":"max-video-preview:-1"},"canonical":"https:\/\/grupohoymexico.com\/puebla\/2025\/10\/16\/muerte-de-stephany-carmona-genera-protesta-en-ajalpan\/","og_locale":"es_MX","og_type":"article","og_title":"Muerte de Stephany Carmona genera protesta en Ajalpan","og_description":"Familiares, amigos y pobladores de Ajalpan exigen justicia por la muerte de Stephany Carmona Rojas en instalaciones de la Guardia Nacional.","og_url":"https:\/\/grupohoymexico.com\/puebla\/2025\/10\/16\/muerte-de-stephany-carmona-genera-protesta-en-ajalpan\/","og_site_name":"Grupo Hoy Puebla","article_published_time":"2025-10-16T16:59:08+00:00","article_modified_time":"2025-10-16T16:59:09+00:00","og_image":[{"width":1201,"height":639,"url":"https:\/\/grupohoymexico.com\/puebla\/wp-content\/uploads\/sites\/3\/2025\/10\/GH_1_Familia_exige_esclarecer_muerte_de_Stephany_Carmona_copia.webp","type":"image\/webp"}],"author":"user","twitter_card":"summary_large_image","twitter_misc":{"Escrito por":"user","Tiempo de lectura":"3 minutos"},"schema":{"@context":"https:\/\/schema.org","@graph":[{"@type":"Article","@id":"https:\/\/grupohoymexico.com\/puebla\/2025\/10\/16\/muerte-de-stephany-carmona-genera-protesta-en-ajalpan\/#article","isPartOf":{"@id":"https:\/\/grupohoymexico.com\/puebla\/2025\/10\/16\/muerte-de-stephany-carmona-genera-protesta-en-ajalpan\/"},"author":{"name":"user","@id":"https:\/\/grupohoymexico.com\/puebla\/#\/schema\/person\/ce6086ac837852775a3a4f539356c297"},"headline":"Muerte de Stephany Carmona genera protesta en Ajalpan","datePublished":"2025-10-16T16:59:08+00:00","dateModified":"2025-10-16T16:59:09+00:00","mainEntityOfPage":{"@id":"https:\/\/grupohoymexico.com\/puebla\/2025\/10\/16\/muerte-de-stephany-carmona-genera-protesta-en-ajalpan\/"},"wordCount":376,"commentCount":0,"image":{"@id":"https:\/\/grupohoymexico.com\/puebla\/2025\/10\/16\/muerte-de-stephany-carmona-genera-protesta-en-ajalpan\/#primaryimage"},"thumbnailUrl":"https:\/\/grupohoymexico.com\/puebla\/wp-content\/uploads\/sites\/3\/2025\/10\/GH_1_Familia_exige_esclarecer_muerte_de_Stephany_Carmona_copia.webp","keywords":["Acapulco","Ajalpan","GN","M\u00e9xico","noticias","Policiaco","puebla","Stephany Carmona Rojas"],"articleSection":["Policiaco"],"inLanguage":"es","potentialAction":[{"@type":"CommentAction","name":"Comment","target":["https:\/\/grupohoymexico.com\/puebla\/2025\/10\/16\/muerte-de-stephany-carmona-genera-protesta-en-ajalpan\/#respond"]}]},{"@type":"WebPage","@id":"https:\/\/grupohoymexico.com\/puebla\/2025\/10\/16\/muerte-de-stephany-carmona-genera-protesta-en-ajalpan\/","url":"https:\/\/grupohoymexico.com\/puebla\/2025\/10\/16\/muerte-de-stephany-carmona-genera-protesta-en-ajalpan\/","name":"Muerte de Stephany Carmona genera protesta en Ajalpan - Grupo Hoy Puebla","isPartOf":{"@id":"https:\/\/grupohoymexico.com\/puebla\/#website"},"primaryImageOfPage":{"@id":"https:\/\/grupohoymexico.com\/puebla\/2025\/10\/16\/muerte-de-stephany-carmona-genera-protesta-en-ajalpan\/#primaryimage"},"image":{"@id":"https:\/\/grupohoymexico.com\/puebla\/2025\/10\/16\/muerte-de-stephany-carmona-genera-protesta-en-ajalpan\/#primaryimage"},"thumbnailUrl":"https:\/\/grupohoymexico.com\/puebla\/wp-content\/uploads\/sites\/3\/2025\/10\/GH_1_Familia_exige_esclarecer_muerte_de_Stephany_Carmona_copia.webp","datePublished":"2025-10-16T16:59:08+00:00","dateModified":"2025-10-16T16:59:09+00:00","author":{"@id":"https:\/\/grupohoymexico.com\/puebla\/#\/schema\/person\/ce6086ac837852775a3a4f539356c297"},"description":"Familiares, amigos y pobladores de Ajalpan exigen justicia por la muerte de Stephany Carmona Rojas en instalaciones de la Guardia Nacional.","breadcrumb":{"@id":"https:\/\/grupohoymexico.com\/puebla\/2025\/10\/16\/muerte-de-stephany-carmona-genera-protesta-en-ajalpan\/#breadcrumb"},"inLanguage":"es","potentialAction":[{"@type":"ReadAction","target":["https:\/\/grupohoymexico.com\/puebla\/2025\/10\/16\/muerte-de-stephany-carmona-genera-protesta-en-ajalpan\/"]}]},{"@type":"ImageObject","inLanguage":"es","@id":"https:\/\/grupohoymexico.com\/puebla\/2025\/10\/16\/muerte-de-stephany-carmona-genera-protesta-en-ajalpan\/#primaryimage","url":"https:\/\/grupohoymexico.com\/puebla\/wp-content\/uploads\/sites\/3\/2025\/10\/GH_1_Familia_exige_esclarecer_muerte_de_Stephany_Carmona_copia.webp","contentUrl":"https:\/\/grupohoymexico.com\/puebla\/wp-content\/uploads\/sites\/3\/2025\/10\/GH_1_Familia_exige_esclarecer_muerte_de_Stephany_Carmona_copia.webp","width":1201,"height":639,"caption":"Familiares, amigos y pobladores de Ajalpan exigen justicia por la muerte de Stephany Carmona Rojas en instalaciones de la Guardia Nacional."},{"@type":"BreadcrumbList","@id":"https:\/\/grupohoymexico.com\/puebla\/2025\/10\/16\/muerte-de-stephany-carmona-genera-protesta-en-ajalpan\/#breadcrumb","itemListElement":[{"@type":"ListItem","position":1,"name":"Inicio","item":"https:\/\/grupohoymexico.com\/puebla\/"},{"@type":"ListItem","position":2,"name":"Muerte de Stephany Carmona genera protesta en Ajalpan"}]},{"@type":"WebSite","@id":"https:\/\/grupohoymexico.com\/puebla\/#website","url":"https:\/\/grupohoymexico.com\/puebla\/","name":"Grupo Hoy Puebla","description":"","potentialAction":[{"@type":"SearchAction","target":{"@type":"EntryPoint","urlTemplate":"https:\/\/grupohoymexico.com\/puebla\/?s={search_term_string}"},"query-input":{"@type":"PropertyValueSpecification","valueRequired":true,"valueName":"search_term_string"}}],"inLanguage":"es"},{"@type":"Person","@id":"https:\/\/grupohoymexico.com\/puebla\/#\/schema\/person\/ce6086ac837852775a3a4f539356c297","name":"user","image":{"@type":"ImageObject","inLanguage":"es","@id":"https:\/\/secure.gravatar.com\/avatar\/25f78de4fa956f6f7c01f8d96f8087d8958ebe06d57e630cd54e36aefb9dacea?s=96&d=mm&r=g","url":"https:\/\/secure.gravatar.com\/avatar\/25f78de4fa956f6f7c01f8d96f8087d8958ebe06d57e630cd54e36aefb9dacea?s=96&d=mm&r=g","contentUrl":"https:\/\/secure.gravatar.com\/avatar\/25f78de4fa956f6f7c01f8d96f8087d8958ebe06d57e630cd54e36aefb9dacea?s=96&d=mm&r=g","caption":"user"},"sameAs":["http:\/\/44.197.188.197.nip.io"],"url":"https:\/\/grupohoymexico.com\/puebla\/author\/user\/"}]}},"_links":{"self":[{"href":"https:\/\/grupohoymexico.com\/puebla\/wp-json\/wp\/v2\/posts\/78245","targetHints":{"allow":["GET"]}}],"collection":[{"href":"https:\/\/grupohoymexico.com\/puebla\/wp-json\/wp\/v2\/posts"}],"about":[{"href":"https:\/\/grupohoymexico.com\/puebla\/wp-json\/wp\/v2\/types\/post"}],"author":[{"embeddable":true,"href":"https:\/\/grupohoymexico.com\/puebla\/wp-json\/wp\/v2\/users\/1"}],"replies":[{"embeddable":true,"href":"https:\/\/grupohoymexico.com\/puebla\/wp-json\/wp\/v2\/comments?post=78245"}],"version-history":[{"count":1,"href":"https:\/\/grupohoymexico.com\/puebla\/wp-json\/wp\/v2\/posts\/78245\/revisions"}],"predecessor-version":[{"id":78249,"href":"https:\/\/grupohoymexico.com\/puebla\/wp-json\/wp\/v2\/posts\/78245\/revisions\/78249"}],"wp:featuredmedia":[{"embeddable":true,"href":"https:\/\/grupohoymexico.com\/puebla\/wp-json\/wp\/v2\/media\/78248"}],"wp:attachment":[{"href":"https:\/\/grupohoymexico.com\/puebla\/wp-json\/wp\/v2\/media?parent=78245"}],"wp:term":[{"taxonomy":"category","embeddable":true,"href":"https:\/\/grupohoymexico.com\/puebla\/wp-json\/wp\/v2\/categories?post=78245"},{"taxonomy":"post_tag","embeddable":true,"href":"https:\/\/grupohoymexico.com\/puebla\/wp-json\/wp\/v2\/tags?post=78245"}],"curies":[{"name":"wp","href":"https:\/\/api.w.org\/{rel}","templated":true}]}}