{"id":78128,"date":"2025-10-13T17:00:01","date_gmt":"2025-10-13T17:00:01","guid":{"rendered":"https:\/\/grupohoymexico.com\/puebla\/?p=78128"},"modified":"2025-10-13T17:00:02","modified_gmt":"2025-10-13T17:00:02","slug":"empresarios-poblanos-ofrecen-ayuda-tras-las-lluvias-en-la-sierra-norte","status":"publish","type":"post","link":"https:\/\/grupohoymexico.com\/puebla\/2025\/10\/13\/empresarios-poblanos-ofrecen-ayuda-tras-las-lluvias-en-la-sierra-norte\/","title":{"rendered":"Empresarios poblanos ofrecen ayuda tras las lluvias en la Sierra Norte"},"content":{"rendered":"\n<p>Empresarios poblanos han mostrado un firme compromiso social al activar centros de acopio y enviar maquinaria pesada para atender las afectaciones provocadas por las intensas lluvias en la Sierra Norte de Puebla. La iniciativa privada<strong> respondi\u00f3 con rapidez para apoyar a las comunidades que resultaron aisladas por deslaves y da\u00f1os en caminos<\/strong>, sumando esfuerzos con las autoridades estatales y municipales.<\/p>\n\n\n\n<p>A trav\u00e9s de un comunicado conjunto, diversos representantes del sector empresarial lamentaron la p\u00e9rdida de vidas humanas y los da\u00f1os materiales registrados. Como parte de su compromiso <strong>habilitaron un centro de acopio en la 11 Poniente n\u00famero 1313, Colonia Santiago, en la capital poblana<\/strong>.<\/p>\n\n\n\n<p>Este espacio <strong>recibir\u00e1 donaciones de lunes a s\u00e1bado, de 9:00 a 18:00 horas<\/strong>, y est\u00e1 abierto a la participaci\u00f3n de ciudadanos y compa\u00f1\u00edas que deseen contribuir con alimentos no perecederos, art\u00edculos de limpieza, pa\u00f1ales, cobertores y alimento para mascotas.<\/p>\n\n\n\n<p>Los empresarios destacaron que la uni\u00f3n y la colaboraci\u00f3n son esenciales para enfrentar esta contingencia. \u201cNos unimos al dolor de las familias afectadas y reafirmamos nuestra disposici\u00f3n para canalizar ayuda a quienes m\u00e1s lo necesitan\u201d, se\u00f1alaron los organizadores.<\/p>\n\n\n\n<figure class=\"wp-block-image size-large\"><img fetchpriority=\"high\" decoding=\"async\" width=\"1024\" height=\"683\" src=\"https:\/\/grupohoymexico.com\/puebla\/wp-content\/uploads\/sites\/3\/2025\/10\/Empresarios-poblanos-ofrecen-ayuda-tras-las-lluvias-en-la-Sierra-Norte-1024x683.jpg\" alt=\"\" class=\"wp-image-78129\" srcset=\"https:\/\/grupohoymexico.com\/puebla\/wp-content\/uploads\/sites\/3\/2025\/10\/Empresarios-poblanos-ofrecen-ayuda-tras-las-lluvias-en-la-Sierra-Norte-1024x683.jpg 1024w, https:\/\/grupohoymexico.com\/puebla\/wp-content\/uploads\/sites\/3\/2025\/10\/Empresarios-poblanos-ofrecen-ayuda-tras-las-lluvias-en-la-Sierra-Norte-300x200.jpg 300w, https:\/\/grupohoymexico.com\/puebla\/wp-content\/uploads\/sites\/3\/2025\/10\/Empresarios-poblanos-ofrecen-ayuda-tras-las-lluvias-en-la-Sierra-Norte-768x512.jpg 768w, https:\/\/grupohoymexico.com\/puebla\/wp-content\/uploads\/sites\/3\/2025\/10\/Empresarios-poblanos-ofrecen-ayuda-tras-las-lluvias-en-la-Sierra-Norte-332x221.jpg 332w, https:\/\/grupohoymexico.com\/puebla\/wp-content\/uploads\/sites\/3\/2025\/10\/Empresarios-poblanos-ofrecen-ayuda-tras-las-lluvias-en-la-Sierra-Norte-664x443.jpg 664w, https:\/\/grupohoymexico.com\/puebla\/wp-content\/uploads\/sites\/3\/2025\/10\/Empresarios-poblanos-ofrecen-ayuda-tras-las-lluvias-en-la-Sierra-Norte-688x459.jpg 688w, https:\/\/grupohoymexico.com\/puebla\/wp-content\/uploads\/sites\/3\/2025\/10\/Empresarios-poblanos-ofrecen-ayuda-tras-las-lluvias-en-la-Sierra-Norte-1044x696.jpg 1044w, https:\/\/grupohoymexico.com\/puebla\/wp-content\/uploads\/sites\/3\/2025\/10\/Empresarios-poblanos-ofrecen-ayuda-tras-las-lluvias-en-la-Sierra-Norte-1400x933.jpg 1400w, https:\/\/grupohoymexico.com\/puebla\/wp-content\/uploads\/sites\/3\/2025\/10\/Empresarios-poblanos-ofrecen-ayuda-tras-las-lluvias-en-la-Sierra-Norte.jpg 1440w\" sizes=\"(max-width: 1024px) 100vw, 1024px\" \/><\/figure>\n\n\n\n<p>Fuente: Coordinaci\u00f3n General de Protecci\u00f3n Civil del Estado de Puebla<\/p>\n\n\n\n<h2 class=\"wp-block-heading\" id=\"h-apoyo-tecnico-y-maquinaria-de-empresarios-poblanos-para-restablecer-caminos-de-la-sierra-norte\"><strong>Apoyo t\u00e9cnico y maquinaria de empresarios poblanos para restablecer caminos<\/strong> <strong>de la Sierra Norte<\/strong><\/h2>\n\n\n\n<p>Adem\u00e1s del acopio de v\u00edveres, <strong>integrantes del sector de la construcci\u00f3n enviaron maquinaria pesada y personal especializado a las zonas m\u00e1s afectadas<\/strong>. Su objetivo es remover escombros, despejar carreteras y restablecer la comunicaci\u00f3n terrestre entre las comunidades.<\/p>\n\n\n\n<p>Lee tambi\u00e9n: <a href=\"https:\/\/grupohoymexico.com\/puebla\/2025\/08\/26\/viviendas-afectadas-por-lluvias-en-puebla-pueden-acceder-al-seguro-de-danos-de-infonavit\/\">Viviendas afectadas por lluvias en Puebla pueden acceder al Seguro de Da\u00f1os de Infonavit<\/a><\/p>\n\n\n\n<p>Los l\u00edderes del gremio explicaron que <strong>las acciones se coordinan con Protecci\u00f3n Civil,<\/strong> que eval\u00faa las necesidades m\u00e1s urgentes para determinar cu\u00e1ntas unidades y equipos ser\u00e1n enviados. Subrayaron tambi\u00e9n que <strong>esta colaboraci\u00f3n no se limita a una respuesta inmediata, sino que continuar\u00e1 hasta que las zonas afectadas recuperen la normalidad.<\/strong><\/p>\n\n\n\n<p>Los empresarios hicieron un llamado a la ciudadan\u00eda para mantener el esp\u00edritu de solidaridad que caracteriza a Puebla y continuar aportando en esta causa. Recordaron que <strong>la participaci\u00f3n de todos, incluidos sociedad civil, empresas y gobierno<\/strong>, es fundamental para acelerar la recuperaci\u00f3n y acompa\u00f1ar a las familias que atraviesan una situaci\u00f3n cr\u00edtica.<\/p>\n","protected":false},"excerpt":{"rendered":"Empresarios poblanos han mostrado un firme compromiso social al activar centros de acopio y enviar maquinaria pesada para&hellip;","protected":false},"author":62,"featured_media":78132,"comment_status":"open","ping_status":"open","sticky":false,"template":"","format":"standard","meta":{"csco_display_header_overlay":false,"csco_singular_sidebar":"","csco_page_header_type":"","csco_page_load_nextpost":"","csco_post_video_location":[],"csco_post_video_location_hash":"","csco_post_video_url":"","csco_post_video_bg_start_time":0,"csco_post_video_bg_end_time":0,"footnotes":""},"categories":[29],"tags":[468,1186,1206,158,2489],"class_list":{"0":"post-78128","1":"post","2":"type-post","3":"status-publish","4":"format-standard","5":"has-post-thumbnail","7":"category-estatal","8":"tag-empresarios","9":"tag-inundaciones","10":"tag-lluvias","11":"tag-proteccion-civil","12":"tag-sierra-norte","13":"cs-entry","14":"cs-video-wrap"},"yoast_head":"<!-- This site is optimized with the Yoast SEO Premium plugin v24.7 (Yoast SEO v27.4) - https:\/\/yoast.com\/product\/yoast-seo-premium-wordpress\/ -->\n<title>Empresarios poblanos ofrecen ayuda tras las lluvias en la Sierra Norte<\/title>\n<meta name=\"description\" content=\"Empresarios poblanos activan centros de acopio y env\u00edan maquinaria para apoyar a las comunidades afectadas por las lluvias en la Sierra Norte de Puebla.\" \/>\n<meta name=\"robots\" content=\"index, follow, max-snippet:-1, max-image-preview:large, max-video-preview:-1\" \/>\n<link rel=\"canonical\" href=\"https:\/\/grupohoymexico.com\/puebla\/2025\/10\/13\/empresarios-poblanos-ofrecen-ayuda-tras-las-lluvias-en-la-sierra-norte\/\" \/>\n<meta property=\"og:locale\" content=\"es_MX\" \/>\n<meta property=\"og:type\" content=\"article\" \/>\n<meta property=\"og:title\" content=\"Empresarios poblanos ofrecen ayuda tras las lluvias en la Sierra Norte\" \/>\n<meta property=\"og:description\" content=\"Empresarios poblanos activan centros de acopio y env\u00edan maquinaria para apoyar a las comunidades afectadas por las lluvias en la Sierra Norte de Puebla.\" \/>\n<meta property=\"og:url\" content=\"https:\/\/grupohoymexico.com\/puebla\/2025\/10\/13\/empresarios-poblanos-ofrecen-ayuda-tras-las-lluvias-en-la-sierra-norte\/\" \/>\n<meta property=\"og:site_name\" content=\"Grupo Hoy Puebla\" \/>\n<meta property=\"article:published_time\" content=\"2025-10-13T17:00:01+00:00\" \/>\n<meta property=\"article:modified_time\" content=\"2025-10-13T17:00:02+00:00\" \/>\n<meta property=\"og:image\" content=\"https:\/\/grupohoymexico.com\/puebla\/wp-content\/uploads\/sites\/3\/2025\/10\/GH_1_Empresarios_poblanos_ofrecen_ayuda_tras_las_lluvias_en_la_Sierra.webp\" \/>\n\t<meta property=\"og:image:width\" content=\"1201\" \/>\n\t<meta property=\"og:image:height\" content=\"639\" \/>\n\t<meta property=\"og:image:type\" content=\"image\/webp\" \/>\n<meta name=\"author\" content=\"ARango\" \/>\n<meta name=\"twitter:card\" content=\"summary_large_image\" \/>\n<meta name=\"twitter:label1\" content=\"Escrito por\" \/>\n\t<meta name=\"twitter:data1\" content=\"ARango\" \/>\n\t<meta name=\"twitter:label2\" content=\"Tiempo de lectura\" \/>\n\t<meta name=\"twitter:data2\" content=\"3 minutos\" \/>\n<script type=\"application\/ld+json\" class=\"yoast-schema-graph\">{\"@context\":\"https:\\\/\\\/schema.org\",\"@graph\":[{\"@type\":\"Article\",\"@id\":\"https:\\\/\\\/grupohoymexico.com\\\/puebla\\\/2025\\\/10\\\/13\\\/empresarios-poblanos-ofrecen-ayuda-tras-las-lluvias-en-la-sierra-norte\\\/#article\",\"isPartOf\":{\"@id\":\"https:\\\/\\\/grupohoymexico.com\\\/puebla\\\/2025\\\/10\\\/13\\\/empresarios-poblanos-ofrecen-ayuda-tras-las-lluvias-en-la-sierra-norte\\\/\"},\"author\":{\"name\":\"ARango\",\"@id\":\"https:\\\/\\\/grupohoymexico.com\\\/puebla\\\/#\\\/schema\\\/person\\\/421241255aec9bce4f8c1367c0606def\"},\"headline\":\"Empresarios poblanos ofrecen ayuda tras las lluvias en la Sierra Norte\",\"datePublished\":\"2025-10-13T17:00:01+00:00\",\"dateModified\":\"2025-10-13T17:00:02+00:00\",\"mainEntityOfPage\":{\"@id\":\"https:\\\/\\\/grupohoymexico.com\\\/puebla\\\/2025\\\/10\\\/13\\\/empresarios-poblanos-ofrecen-ayuda-tras-las-lluvias-en-la-sierra-norte\\\/\"},\"wordCount\":407,\"commentCount\":0,\"image\":{\"@id\":\"https:\\\/\\\/grupohoymexico.com\\\/puebla\\\/2025\\\/10\\\/13\\\/empresarios-poblanos-ofrecen-ayuda-tras-las-lluvias-en-la-sierra-norte\\\/#primaryimage\"},\"thumbnailUrl\":\"https:\\\/\\\/grupohoymexico.com\\\/puebla\\\/wp-content\\\/uploads\\\/sites\\\/3\\\/2025\\\/10\\\/GH_1_Empresarios_poblanos_ofrecen_ayuda_tras_las_lluvias_en_la_Sierra.webp\",\"keywords\":[\"empresarios\",\"inundaciones\",\"lluvias\",\"protecci\u00f3n civil\",\"Sierra Norte\"],\"articleSection\":[\"Estatal\"],\"inLanguage\":\"es\",\"potentialAction\":[{\"@type\":\"CommentAction\",\"name\":\"Comment\",\"target\":[\"https:\\\/\\\/grupohoymexico.com\\\/puebla\\\/2025\\\/10\\\/13\\\/empresarios-poblanos-ofrecen-ayuda-tras-las-lluvias-en-la-sierra-norte\\\/#respond\"]}]},{\"@type\":\"WebPage\",\"@id\":\"https:\\\/\\\/grupohoymexico.com\\\/puebla\\\/2025\\\/10\\\/13\\\/empresarios-poblanos-ofrecen-ayuda-tras-las-lluvias-en-la-sierra-norte\\\/\",\"url\":\"https:\\\/\\\/grupohoymexico.com\\\/puebla\\\/2025\\\/10\\\/13\\\/empresarios-poblanos-ofrecen-ayuda-tras-las-lluvias-en-la-sierra-norte\\\/\",\"name\":\"Empresarios poblanos ofrecen ayuda tras las lluvias en la Sierra Norte\",\"isPartOf\":{\"@id\":\"https:\\\/\\\/grupohoymexico.com\\\/puebla\\\/#website\"},\"primaryImageOfPage\":{\"@id\":\"https:\\\/\\\/grupohoymexico.com\\\/puebla\\\/2025\\\/10\\\/13\\\/empresarios-poblanos-ofrecen-ayuda-tras-las-lluvias-en-la-sierra-norte\\\/#primaryimage\"},\"image\":{\"@id\":\"https:\\\/\\\/grupohoymexico.com\\\/puebla\\\/2025\\\/10\\\/13\\\/empresarios-poblanos-ofrecen-ayuda-tras-las-lluvias-en-la-sierra-norte\\\/#primaryimage\"},\"thumbnailUrl\":\"https:\\\/\\\/grupohoymexico.com\\\/puebla\\\/wp-content\\\/uploads\\\/sites\\\/3\\\/2025\\\/10\\\/GH_1_Empresarios_poblanos_ofrecen_ayuda_tras_las_lluvias_en_la_Sierra.webp\",\"datePublished\":\"2025-10-13T17:00:01+00:00\",\"dateModified\":\"2025-10-13T17:00:02+00:00\",\"author\":{\"@id\":\"https:\\\/\\\/grupohoymexico.com\\\/puebla\\\/#\\\/schema\\\/person\\\/421241255aec9bce4f8c1367c0606def\"},\"description\":\"Empresarios poblanos activan centros de acopio y env\u00edan maquinaria para apoyar a las comunidades afectadas por las lluvias en la Sierra Norte de Puebla.\",\"breadcrumb\":{\"@id\":\"https:\\\/\\\/grupohoymexico.com\\\/puebla\\\/2025\\\/10\\\/13\\\/empresarios-poblanos-ofrecen-ayuda-tras-las-lluvias-en-la-sierra-norte\\\/#breadcrumb\"},\"inLanguage\":\"es\",\"potentialAction\":[{\"@type\":\"ReadAction\",\"target\":[\"https:\\\/\\\/grupohoymexico.com\\\/puebla\\\/2025\\\/10\\\/13\\\/empresarios-poblanos-ofrecen-ayuda-tras-las-lluvias-en-la-sierra-norte\\\/\"]}]},{\"@type\":\"ImageObject\",\"inLanguage\":\"es\",\"@id\":\"https:\\\/\\\/grupohoymexico.com\\\/puebla\\\/2025\\\/10\\\/13\\\/empresarios-poblanos-ofrecen-ayuda-tras-las-lluvias-en-la-sierra-norte\\\/#primaryimage\",\"url\":\"https:\\\/\\\/grupohoymexico.com\\\/puebla\\\/wp-content\\\/uploads\\\/sites\\\/3\\\/2025\\\/10\\\/GH_1_Empresarios_poblanos_ofrecen_ayuda_tras_las_lluvias_en_la_Sierra.webp\",\"contentUrl\":\"https:\\\/\\\/grupohoymexico.com\\\/puebla\\\/wp-content\\\/uploads\\\/sites\\\/3\\\/2025\\\/10\\\/GH_1_Empresarios_poblanos_ofrecen_ayuda_tras_las_lluvias_en_la_Sierra.webp\",\"width\":1201,\"height\":639,\"caption\":\"Empresarios_poblanos_ofrecen_ayuda_tras_las_lluvias_en_la_Sierra\"},{\"@type\":\"BreadcrumbList\",\"@id\":\"https:\\\/\\\/grupohoymexico.com\\\/puebla\\\/2025\\\/10\\\/13\\\/empresarios-poblanos-ofrecen-ayuda-tras-las-lluvias-en-la-sierra-norte\\\/#breadcrumb\",\"itemListElement\":[{\"@type\":\"ListItem\",\"position\":1,\"name\":\"Inicio\",\"item\":\"https:\\\/\\\/grupohoymexico.com\\\/puebla\\\/\"},{\"@type\":\"ListItem\",\"position\":2,\"name\":\"Empresarios poblanos ofrecen ayuda tras las lluvias en la Sierra Norte\"}]},{\"@type\":\"WebSite\",\"@id\":\"https:\\\/\\\/grupohoymexico.com\\\/puebla\\\/#website\",\"url\":\"https:\\\/\\\/grupohoymexico.com\\\/puebla\\\/\",\"name\":\"Grupo Hoy Puebla\",\"description\":\"\",\"potentialAction\":[{\"@type\":\"SearchAction\",\"target\":{\"@type\":\"EntryPoint\",\"urlTemplate\":\"https:\\\/\\\/grupohoymexico.com\\\/puebla\\\/?s={search_term_string}\"},\"query-input\":{\"@type\":\"PropertyValueSpecification\",\"valueRequired\":true,\"valueName\":\"search_term_string\"}}],\"inLanguage\":\"es\"},{\"@type\":\"Person\",\"@id\":\"https:\\\/\\\/grupohoymexico.com\\\/puebla\\\/#\\\/schema\\\/person\\\/421241255aec9bce4f8c1367c0606def\",\"name\":\"ARango\",\"image\":{\"@type\":\"ImageObject\",\"inLanguage\":\"es\",\"@id\":\"https:\\\/\\\/secure.gravatar.com\\\/avatar\\\/3017e9743fa03859f8febde9859407b53113cb5d878eb5e9022a0e5d116dcd2c?s=96&d=mm&r=g\",\"url\":\"https:\\\/\\\/secure.gravatar.com\\\/avatar\\\/3017e9743fa03859f8febde9859407b53113cb5d878eb5e9022a0e5d116dcd2c?s=96&d=mm&r=g\",\"contentUrl\":\"https:\\\/\\\/secure.gravatar.com\\\/avatar\\\/3017e9743fa03859f8febde9859407b53113cb5d878eb5e9022a0e5d116dcd2c?s=96&d=mm&r=g\",\"caption\":\"ARango\"},\"url\":\"https:\\\/\\\/grupohoymexico.com\\\/puebla\\\/author\\\/arletis\\\/\"}]}<\/script>\n<!-- \/ Yoast SEO Premium plugin. -->","yoast_head_json":{"title":"Empresarios poblanos ofrecen ayuda tras las lluvias en la Sierra Norte","description":"Empresarios poblanos activan centros de acopio y env\u00edan maquinaria para apoyar a las comunidades afectadas por las lluvias en la Sierra Norte de Puebla.","robots":{"index":"index","follow":"follow","max-snippet":"max-snippet:-1","max-image-preview":"max-image-preview:large","max-video-preview":"max-video-preview:-1"},"canonical":"https:\/\/grupohoymexico.com\/puebla\/2025\/10\/13\/empresarios-poblanos-ofrecen-ayuda-tras-las-lluvias-en-la-sierra-norte\/","og_locale":"es_MX","og_type":"article","og_title":"Empresarios poblanos ofrecen ayuda tras las lluvias en la Sierra Norte","og_description":"Empresarios poblanos activan centros de acopio y env\u00edan maquinaria para apoyar a las comunidades afectadas por las lluvias en la Sierra Norte de Puebla.","og_url":"https:\/\/grupohoymexico.com\/puebla\/2025\/10\/13\/empresarios-poblanos-ofrecen-ayuda-tras-las-lluvias-en-la-sierra-norte\/","og_site_name":"Grupo Hoy Puebla","article_published_time":"2025-10-13T17:00:01+00:00","article_modified_time":"2025-10-13T17:00:02+00:00","og_image":[{"width":1201,"height":639,"url":"https:\/\/grupohoymexico.com\/puebla\/wp-content\/uploads\/sites\/3\/2025\/10\/GH_1_Empresarios_poblanos_ofrecen_ayuda_tras_las_lluvias_en_la_Sierra.webp","type":"image\/webp"}],"author":"ARango","twitter_card":"summary_large_image","twitter_misc":{"Escrito por":"ARango","Tiempo de lectura":"3 minutos"},"schema":{"@context":"https:\/\/schema.org","@graph":[{"@type":"Article","@id":"https:\/\/grupohoymexico.com\/puebla\/2025\/10\/13\/empresarios-poblanos-ofrecen-ayuda-tras-las-lluvias-en-la-sierra-norte\/#article","isPartOf":{"@id":"https:\/\/grupohoymexico.com\/puebla\/2025\/10\/13\/empresarios-poblanos-ofrecen-ayuda-tras-las-lluvias-en-la-sierra-norte\/"},"author":{"name":"ARango","@id":"https:\/\/grupohoymexico.com\/puebla\/#\/schema\/person\/421241255aec9bce4f8c1367c0606def"},"headline":"Empresarios poblanos ofrecen ayuda tras las lluvias en la Sierra Norte","datePublished":"2025-10-13T17:00:01+00:00","dateModified":"2025-10-13T17:00:02+00:00","mainEntityOfPage":{"@id":"https:\/\/grupohoymexico.com\/puebla\/2025\/10\/13\/empresarios-poblanos-ofrecen-ayuda-tras-las-lluvias-en-la-sierra-norte\/"},"wordCount":407,"commentCount":0,"image":{"@id":"https:\/\/grupohoymexico.com\/puebla\/2025\/10\/13\/empresarios-poblanos-ofrecen-ayuda-tras-las-lluvias-en-la-sierra-norte\/#primaryimage"},"thumbnailUrl":"https:\/\/grupohoymexico.com\/puebla\/wp-content\/uploads\/sites\/3\/2025\/10\/GH_1_Empresarios_poblanos_ofrecen_ayuda_tras_las_lluvias_en_la_Sierra.webp","keywords":["empresarios","inundaciones","lluvias","protecci\u00f3n civil","Sierra Norte"],"articleSection":["Estatal"],"inLanguage":"es","potentialAction":[{"@type":"CommentAction","name":"Comment","target":["https:\/\/grupohoymexico.com\/puebla\/2025\/10\/13\/empresarios-poblanos-ofrecen-ayuda-tras-las-lluvias-en-la-sierra-norte\/#respond"]}]},{"@type":"WebPage","@id":"https:\/\/grupohoymexico.com\/puebla\/2025\/10\/13\/empresarios-poblanos-ofrecen-ayuda-tras-las-lluvias-en-la-sierra-norte\/","url":"https:\/\/grupohoymexico.com\/puebla\/2025\/10\/13\/empresarios-poblanos-ofrecen-ayuda-tras-las-lluvias-en-la-sierra-norte\/","name":"Empresarios poblanos ofrecen ayuda tras las lluvias en la Sierra Norte","isPartOf":{"@id":"https:\/\/grupohoymexico.com\/puebla\/#website"},"primaryImageOfPage":{"@id":"https:\/\/grupohoymexico.com\/puebla\/2025\/10\/13\/empresarios-poblanos-ofrecen-ayuda-tras-las-lluvias-en-la-sierra-norte\/#primaryimage"},"image":{"@id":"https:\/\/grupohoymexico.com\/puebla\/2025\/10\/13\/empresarios-poblanos-ofrecen-ayuda-tras-las-lluvias-en-la-sierra-norte\/#primaryimage"},"thumbnailUrl":"https:\/\/grupohoymexico.com\/puebla\/wp-content\/uploads\/sites\/3\/2025\/10\/GH_1_Empresarios_poblanos_ofrecen_ayuda_tras_las_lluvias_en_la_Sierra.webp","datePublished":"2025-10-13T17:00:01+00:00","dateModified":"2025-10-13T17:00:02+00:00","author":{"@id":"https:\/\/grupohoymexico.com\/puebla\/#\/schema\/person\/421241255aec9bce4f8c1367c0606def"},"description":"Empresarios poblanos activan centros de acopio y env\u00edan maquinaria para apoyar a las comunidades afectadas por las lluvias en la Sierra Norte de Puebla.","breadcrumb":{"@id":"https:\/\/grupohoymexico.com\/puebla\/2025\/10\/13\/empresarios-poblanos-ofrecen-ayuda-tras-las-lluvias-en-la-sierra-norte\/#breadcrumb"},"inLanguage":"es","potentialAction":[{"@type":"ReadAction","target":["https:\/\/grupohoymexico.com\/puebla\/2025\/10\/13\/empresarios-poblanos-ofrecen-ayuda-tras-las-lluvias-en-la-sierra-norte\/"]}]},{"@type":"ImageObject","inLanguage":"es","@id":"https:\/\/grupohoymexico.com\/puebla\/2025\/10\/13\/empresarios-poblanos-ofrecen-ayuda-tras-las-lluvias-en-la-sierra-norte\/#primaryimage","url":"https:\/\/grupohoymexico.com\/puebla\/wp-content\/uploads\/sites\/3\/2025\/10\/GH_1_Empresarios_poblanos_ofrecen_ayuda_tras_las_lluvias_en_la_Sierra.webp","contentUrl":"https:\/\/grupohoymexico.com\/puebla\/wp-content\/uploads\/sites\/3\/2025\/10\/GH_1_Empresarios_poblanos_ofrecen_ayuda_tras_las_lluvias_en_la_Sierra.webp","width":1201,"height":639,"caption":"Empresarios_poblanos_ofrecen_ayuda_tras_las_lluvias_en_la_Sierra"},{"@type":"BreadcrumbList","@id":"https:\/\/grupohoymexico.com\/puebla\/2025\/10\/13\/empresarios-poblanos-ofrecen-ayuda-tras-las-lluvias-en-la-sierra-norte\/#breadcrumb","itemListElement":[{"@type":"ListItem","position":1,"name":"Inicio","item":"https:\/\/grupohoymexico.com\/puebla\/"},{"@type":"ListItem","position":2,"name":"Empresarios poblanos ofrecen ayuda tras las lluvias en la Sierra Norte"}]},{"@type":"WebSite","@id":"https:\/\/grupohoymexico.com\/puebla\/#website","url":"https:\/\/grupohoymexico.com\/puebla\/","name":"Grupo Hoy Puebla","description":"","potentialAction":[{"@type":"SearchAction","target":{"@type":"EntryPoint","urlTemplate":"https:\/\/grupohoymexico.com\/puebla\/?s={search_term_string}"},"query-input":{"@type":"PropertyValueSpecification","valueRequired":true,"valueName":"search_term_string"}}],"inLanguage":"es"},{"@type":"Person","@id":"https:\/\/grupohoymexico.com\/puebla\/#\/schema\/person\/421241255aec9bce4f8c1367c0606def","name":"ARango","image":{"@type":"ImageObject","inLanguage":"es","@id":"https:\/\/secure.gravatar.com\/avatar\/3017e9743fa03859f8febde9859407b53113cb5d878eb5e9022a0e5d116dcd2c?s=96&d=mm&r=g","url":"https:\/\/secure.gravatar.com\/avatar\/3017e9743fa03859f8febde9859407b53113cb5d878eb5e9022a0e5d116dcd2c?s=96&d=mm&r=g","contentUrl":"https:\/\/secure.gravatar.com\/avatar\/3017e9743fa03859f8febde9859407b53113cb5d878eb5e9022a0e5d116dcd2c?s=96&d=mm&r=g","caption":"ARango"},"url":"https:\/\/grupohoymexico.com\/puebla\/author\/arletis\/"}]}},"_links":{"self":[{"href":"https:\/\/grupohoymexico.com\/puebla\/wp-json\/wp\/v2\/posts\/78128","targetHints":{"allow":["GET"]}}],"collection":[{"href":"https:\/\/grupohoymexico.com\/puebla\/wp-json\/wp\/v2\/posts"}],"about":[{"href":"https:\/\/grupohoymexico.com\/puebla\/wp-json\/wp\/v2\/types\/post"}],"author":[{"embeddable":true,"href":"https:\/\/grupohoymexico.com\/puebla\/wp-json\/wp\/v2\/users\/62"}],"replies":[{"embeddable":true,"href":"https:\/\/grupohoymexico.com\/puebla\/wp-json\/wp\/v2\/comments?post=78128"}],"version-history":[{"count":1,"href":"https:\/\/grupohoymexico.com\/puebla\/wp-json\/wp\/v2\/posts\/78128\/revisions"}],"predecessor-version":[{"id":78133,"href":"https:\/\/grupohoymexico.com\/puebla\/wp-json\/wp\/v2\/posts\/78128\/revisions\/78133"}],"wp:featuredmedia":[{"embeddable":true,"href":"https:\/\/grupohoymexico.com\/puebla\/wp-json\/wp\/v2\/media\/78132"}],"wp:attachment":[{"href":"https:\/\/grupohoymexico.com\/puebla\/wp-json\/wp\/v2\/media?parent=78128"}],"wp:term":[{"taxonomy":"category","embeddable":true,"href":"https:\/\/grupohoymexico.com\/puebla\/wp-json\/wp\/v2\/categories?post=78128"},{"taxonomy":"post_tag","embeddable":true,"href":"https:\/\/grupohoymexico.com\/puebla\/wp-json\/wp\/v2\/tags?post=78128"}],"curies":[{"name":"wp","href":"https:\/\/api.w.org\/{rel}","templated":true}]}}