{"id":78124,"date":"2025-10-13T16:57:43","date_gmt":"2025-10-13T16:57:43","guid":{"rendered":"https:\/\/grupohoymexico.com\/puebla\/?p=78124"},"modified":"2025-10-13T18:35:49","modified_gmt":"2025-10-13T18:35:49","slug":"visita-de-claudia-sheinbaum-a-puebla-tras-inundaciones","status":"publish","type":"post","link":"https:\/\/grupohoymexico.com\/puebla\/2025\/10\/13\/visita-de-claudia-sheinbaum-a-puebla-tras-inundaciones\/","title":{"rendered":"Visita de Claudia Sheinbaum a Puebla tras inundaciones"},"content":{"rendered":"\n<p><\/p>\n\n\n\n<p><strong>La presidenta Claudia Sheinbaum visit\u00f3 Puebla este domingo<\/strong> luego de que intensas lluvias afectaran a la entidad y a los estados de Veracruz, Hidalgo, San Luis Potos\u00ed y Quer\u00e9taro. La mandataria<strong> supervis\u00f3 la atenci\u00f3n a la emergencia y acompa\u00f1\u00f3 la entrega de apoyos a las familias damnificadas.<\/strong><\/p>\n\n\n\n<p>El anuncio de su visita se realiz\u00f3 a trav\u00e9s de sus redes sociales, donde explic\u00f3 que desde el pasado jueves por la tarde<strong> se registraron precipitaciones torrenciales que provocaron graves afectaciones<\/strong> en la Huasteca y municipios colindantes. Hasta el momento, las autoridades locales <strong>reportan 18 fallecimientos en Veracruz, 9 en Puebla, 16 en Hidalgo y 1 en Quer\u00e9taro<\/strong>.<\/p>\n\n\n\n<p>Sheinbaum detall\u00f3 que <strong>se activaron los planes DN-III-E y Marina desde el jueves<\/strong> para reforzar las labores de rescate y apoyo a la poblaci\u00f3n. Desde el viernes, el <a href=\"https:\/\/www.gob.mx\/sspc\/acciones-y-programas\/coordinacion-nacional-de-proteccion-civil-357857\">Comit\u00e9 Nacional de Protecci\u00f3n Civil<\/a> permanece operativo, <strong>supervisando las acciones de auxilio y garantizando la atenci\u00f3n m\u00e9dica<\/strong>, la <strong>seguridad y el suministro de insumos b\u00e1sicos<\/strong> a las comunidades m\u00e1s afectadas.<\/p>\n\n\n\n<figure class=\"wp-block-image size-large\"><img fetchpriority=\"high\" decoding=\"async\" width=\"1024\" height=\"683\" src=\"https:\/\/grupohoymexico.com\/puebla\/wp-content\/uploads\/sites\/3\/2025\/10\/G3FJTX_XYAAmrJU-1024x683.jpg\" alt=\"\" class=\"wp-image-78125\" srcset=\"https:\/\/grupohoymexico.com\/puebla\/wp-content\/uploads\/sites\/3\/2025\/10\/G3FJTX_XYAAmrJU-1024x683.jpg 1024w, https:\/\/grupohoymexico.com\/puebla\/wp-content\/uploads\/sites\/3\/2025\/10\/G3FJTX_XYAAmrJU-300x200.jpg 300w, https:\/\/grupohoymexico.com\/puebla\/wp-content\/uploads\/sites\/3\/2025\/10\/G3FJTX_XYAAmrJU-768x512.jpg 768w, https:\/\/grupohoymexico.com\/puebla\/wp-content\/uploads\/sites\/3\/2025\/10\/G3FJTX_XYAAmrJU-332x222.jpg 332w, https:\/\/grupohoymexico.com\/puebla\/wp-content\/uploads\/sites\/3\/2025\/10\/G3FJTX_XYAAmrJU-664x443.jpg 664w, https:\/\/grupohoymexico.com\/puebla\/wp-content\/uploads\/sites\/3\/2025\/10\/G3FJTX_XYAAmrJU-688x459.jpg 688w, https:\/\/grupohoymexico.com\/puebla\/wp-content\/uploads\/sites\/3\/2025\/10\/G3FJTX_XYAAmrJU-1044x697.jpg 1044w, https:\/\/grupohoymexico.com\/puebla\/wp-content\/uploads\/sites\/3\/2025\/10\/G3FJTX_XYAAmrJU.jpg 1280w\" sizes=\"(max-width: 1024px) 100vw, 1024px\" \/><\/figure>\n\n\n\n<h3 class=\"wp-block-heading\" id=\"h-supervision-de-zonas-afectadas\"><strong>Supervisi\u00f3n de zonas afectadas<\/strong><\/h3>\n\n\n\n<p><strong>La presidenta visit\u00f3 Huauchinango<\/strong>, uno de los municipios m\u00e1s impactados de Puebla, donde constat\u00f3 el avance de las labores de rescate. <strong>Elementos de la Secretar\u00eda de la Defensa Nacional y de la Secretar\u00eda de Marina<\/strong>, junto con autoridades estatales y municipales, <strong>participan en los trabajos para restablecer la comunicaci\u00f3n y brindar asistencia <\/strong>a las familias aisladas.<\/p>\n\n\n\n<p>Actualmente,<strong> se reportan 111 municipios afectados y 108 interrupciones en 18 carreteras federales, de las cuales 103 ya han sido atendidas<\/strong>, mientras contin\u00faan los esfuerzos para abrir los cinco tramos restantes. Sheinbaum destac\u00f3 que <strong>el clima favorable permite avanzar con puentes a\u00e9reos hacia las comunidades <\/strong>que a\u00fan permanecen incomunicadas.<\/p>\n\n\n\n<p>LEE TAMBI\u00c9N: <a href=\"https:\/\/grupohoymexico.com\/puebla\/2025\/10\/13\/empleo-formal-en-puebla-sufre-su-peor-retroceso\/\">Empleo formal en Puebla sufre su peor retroceso<\/a><\/p>\n\n\n\n<figure class=\"wp-block-image size-full\"><img decoding=\"async\" width=\"978\" height=\"647\" src=\"https:\/\/grupohoymexico.com\/puebla\/wp-content\/uploads\/sites\/3\/2025\/10\/Captura-de-pantalla-29.png\" alt=\"\" class=\"wp-image-78126\" srcset=\"https:\/\/grupohoymexico.com\/puebla\/wp-content\/uploads\/sites\/3\/2025\/10\/Captura-de-pantalla-29.png 978w, https:\/\/grupohoymexico.com\/puebla\/wp-content\/uploads\/sites\/3\/2025\/10\/Captura-de-pantalla-29-300x198.png 300w, https:\/\/grupohoymexico.com\/puebla\/wp-content\/uploads\/sites\/3\/2025\/10\/Captura-de-pantalla-29-768x508.png 768w, https:\/\/grupohoymexico.com\/puebla\/wp-content\/uploads\/sites\/3\/2025\/10\/Captura-de-pantalla-29-332x220.png 332w, https:\/\/grupohoymexico.com\/puebla\/wp-content\/uploads\/sites\/3\/2025\/10\/Captura-de-pantalla-29-664x439.png 664w, https:\/\/grupohoymexico.com\/puebla\/wp-content\/uploads\/sites\/3\/2025\/10\/Captura-de-pantalla-29-688x455.png 688w\" sizes=\"(max-width: 978px) 100vw, 978px\" \/><\/figure>\n\n\n\n<h3 class=\"wp-block-heading\" id=\"h-coordinacion-federal-y-local\"><strong>Coordinaci\u00f3n federal y local<\/strong><\/h3>\n\n\n\n<p>La presidenta subray\u00f3 que <strong>el gobierno federal trabaja de manera coordinada con las autoridades locales<\/strong> para garantizar la entrega de apoyos, supervisar los protocolos de atenci\u00f3n y acompa\u00f1ar a la poblaci\u00f3n en este proceso. Asimismo, adelant\u00f3 que en los pr\u00f3ximos d\u00edas<strong> iniciar\u00e1 un censo de viviendas y da\u00f1os para asegurar la entrega de recursos <\/strong>a quienes m\u00e1s los necesitan.<\/p>\n\n\n\n<p>El compromiso del gobierno federal<strong> busca minimizar el impacto de las lluvias, proteger a la poblaci\u00f3n y acelerar la recuperaci\u00f3n de los municipios afectados <\/strong>en Puebla y las dem\u00e1s entidades del pa\u00eds.<\/p>\n","protected":false},"excerpt":{"rendered":"La presidenta Claudia Sheinbaum visit\u00f3 Puebla este domingo luego de que intensas lluvias afectaran a la entidad y&hellip;","protected":false},"author":1,"featured_media":78130,"comment_status":"open","ping_status":"open","sticky":false,"template":"","format":"standard","meta":{"csco_display_header_overlay":false,"csco_singular_sidebar":"","csco_page_header_type":"","csco_page_load_nextpost":"","csco_post_video_location":[],"csco_post_video_location_hash":"","csco_post_video_url":"","csco_post_video_bg_start_time":0,"csco_post_video_bg_end_time":0,"footnotes":""},"categories":[29,26],"tags":[107,2760,2236,126,120,1568,40,2021,2761],"class_list":{"0":"post-78124","1":"post","2":"type-post","3":"status-publish","4":"format-standard","5":"has-post-thumbnail","7":"category-estatal","8":"category-politica","9":"tag-claudia-sheinbaum","10":"tag-comite-nacional-de-proteccion-civil","11":"tag-estatal","12":"tag-mexico","13":"tag-noticias","14":"tag-policiaco-2","15":"tag-puebla","16":"tag-secretaria-de-la-defensa-nacional","17":"tag-secretaria-de-marina","18":"cs-entry","19":"cs-video-wrap"},"yoast_head":"<!-- This site is optimized with the Yoast SEO Premium plugin v24.7 (Yoast SEO v27.4) - https:\/\/yoast.com\/product\/yoast-seo-premium-wordpress\/ -->\n<title>Visita de Claudia Sheinbaum a Puebla tras inundaciones - Grupo Hoy Puebla<\/title>\n<meta name=\"description\" content=\"La presidenta Claudia Sheinbaum visita Puebla tras las fuertes lluvias, supervisando apoyos y acciones de rescate.\" \/>\n<meta name=\"robots\" content=\"index, follow, max-snippet:-1, max-image-preview:large, max-video-preview:-1\" \/>\n<link rel=\"canonical\" href=\"https:\/\/grupohoymexico.com\/puebla\/2025\/10\/13\/visita-de-claudia-sheinbaum-a-puebla-tras-inundaciones\/\" \/>\n<meta property=\"og:locale\" content=\"es_MX\" \/>\n<meta property=\"og:type\" content=\"article\" \/>\n<meta property=\"og:title\" content=\"Visita de Claudia Sheinbaum a Puebla tras inundaciones\" \/>\n<meta property=\"og:description\" content=\"La presidenta Claudia Sheinbaum visita Puebla tras las fuertes lluvias, supervisando apoyos y acciones de rescate.\" \/>\n<meta property=\"og:url\" content=\"https:\/\/grupohoymexico.com\/puebla\/2025\/10\/13\/visita-de-claudia-sheinbaum-a-puebla-tras-inundaciones\/\" \/>\n<meta property=\"og:site_name\" content=\"Grupo Hoy Puebla\" \/>\n<meta property=\"article:published_time\" content=\"2025-10-13T16:57:43+00:00\" \/>\n<meta property=\"article:modified_time\" content=\"2025-10-13T18:35:49+00:00\" \/>\n<meta property=\"og:image\" content=\"https:\/\/grupohoymexico.com\/puebla\/wp-content\/uploads\/sites\/3\/2025\/10\/GH_1_Claudia_sheinbaum_recorre_zonas_afectadas_de_Puebla_copia.webp\" \/>\n\t<meta property=\"og:image:width\" content=\"1201\" \/>\n\t<meta property=\"og:image:height\" content=\"639\" \/>\n\t<meta property=\"og:image:type\" content=\"image\/webp\" \/>\n<meta name=\"author\" content=\"user\" \/>\n<meta name=\"twitter:card\" content=\"summary_large_image\" \/>\n<meta name=\"twitter:label1\" content=\"Escrito por\" \/>\n\t<meta name=\"twitter:data1\" content=\"user\" \/>\n\t<meta name=\"twitter:label2\" content=\"Tiempo de lectura\" \/>\n\t<meta name=\"twitter:data2\" content=\"3 minutos\" \/>\n<script type=\"application\/ld+json\" class=\"yoast-schema-graph\">{\"@context\":\"https:\\\/\\\/schema.org\",\"@graph\":[{\"@type\":\"Article\",\"@id\":\"https:\\\/\\\/grupohoymexico.com\\\/puebla\\\/2025\\\/10\\\/13\\\/visita-de-claudia-sheinbaum-a-puebla-tras-inundaciones\\\/#article\",\"isPartOf\":{\"@id\":\"https:\\\/\\\/grupohoymexico.com\\\/puebla\\\/2025\\\/10\\\/13\\\/visita-de-claudia-sheinbaum-a-puebla-tras-inundaciones\\\/\"},\"author\":{\"name\":\"user\",\"@id\":\"https:\\\/\\\/grupohoymexico.com\\\/puebla\\\/#\\\/schema\\\/person\\\/ce6086ac837852775a3a4f539356c297\"},\"headline\":\"Visita de Claudia Sheinbaum a Puebla tras inundaciones\",\"datePublished\":\"2025-10-13T16:57:43+00:00\",\"dateModified\":\"2025-10-13T18:35:49+00:00\",\"mainEntityOfPage\":{\"@id\":\"https:\\\/\\\/grupohoymexico.com\\\/puebla\\\/2025\\\/10\\\/13\\\/visita-de-claudia-sheinbaum-a-puebla-tras-inundaciones\\\/\"},\"wordCount\":408,\"commentCount\":0,\"image\":{\"@id\":\"https:\\\/\\\/grupohoymexico.com\\\/puebla\\\/2025\\\/10\\\/13\\\/visita-de-claudia-sheinbaum-a-puebla-tras-inundaciones\\\/#primaryimage\"},\"thumbnailUrl\":\"https:\\\/\\\/grupohoymexico.com\\\/puebla\\\/wp-content\\\/uploads\\\/sites\\\/3\\\/2025\\\/10\\\/GH_1_Claudia_sheinbaum_recorre_zonas_afectadas_de_Puebla_copia.webp\",\"keywords\":[\"Claudia Sheinbaum\",\"Comit\u00e9 Nacional de Protecci\u00f3n Civil\",\"Estatal\",\"M\u00e9xico\",\"noticias\",\"Policiaco\",\"puebla\",\"Secretar\u00eda de la Defensa Nacional\",\"Secretar\u00eda de Marina\"],\"articleSection\":[\"Estatal\",\"Pol\u00edtica\"],\"inLanguage\":\"es\",\"potentialAction\":[{\"@type\":\"CommentAction\",\"name\":\"Comment\",\"target\":[\"https:\\\/\\\/grupohoymexico.com\\\/puebla\\\/2025\\\/10\\\/13\\\/visita-de-claudia-sheinbaum-a-puebla-tras-inundaciones\\\/#respond\"]}]},{\"@type\":\"WebPage\",\"@id\":\"https:\\\/\\\/grupohoymexico.com\\\/puebla\\\/2025\\\/10\\\/13\\\/visita-de-claudia-sheinbaum-a-puebla-tras-inundaciones\\\/\",\"url\":\"https:\\\/\\\/grupohoymexico.com\\\/puebla\\\/2025\\\/10\\\/13\\\/visita-de-claudia-sheinbaum-a-puebla-tras-inundaciones\\\/\",\"name\":\"Visita de Claudia Sheinbaum a Puebla tras inundaciones - Grupo Hoy Puebla\",\"isPartOf\":{\"@id\":\"https:\\\/\\\/grupohoymexico.com\\\/puebla\\\/#website\"},\"primaryImageOfPage\":{\"@id\":\"https:\\\/\\\/grupohoymexico.com\\\/puebla\\\/2025\\\/10\\\/13\\\/visita-de-claudia-sheinbaum-a-puebla-tras-inundaciones\\\/#primaryimage\"},\"image\":{\"@id\":\"https:\\\/\\\/grupohoymexico.com\\\/puebla\\\/2025\\\/10\\\/13\\\/visita-de-claudia-sheinbaum-a-puebla-tras-inundaciones\\\/#primaryimage\"},\"thumbnailUrl\":\"https:\\\/\\\/grupohoymexico.com\\\/puebla\\\/wp-content\\\/uploads\\\/sites\\\/3\\\/2025\\\/10\\\/GH_1_Claudia_sheinbaum_recorre_zonas_afectadas_de_Puebla_copia.webp\",\"datePublished\":\"2025-10-13T16:57:43+00:00\",\"dateModified\":\"2025-10-13T18:35:49+00:00\",\"author\":{\"@id\":\"https:\\\/\\\/grupohoymexico.com\\\/puebla\\\/#\\\/schema\\\/person\\\/ce6086ac837852775a3a4f539356c297\"},\"description\":\"La presidenta Claudia Sheinbaum visita Puebla tras las fuertes lluvias, supervisando apoyos y acciones de rescate.\",\"breadcrumb\":{\"@id\":\"https:\\\/\\\/grupohoymexico.com\\\/puebla\\\/2025\\\/10\\\/13\\\/visita-de-claudia-sheinbaum-a-puebla-tras-inundaciones\\\/#breadcrumb\"},\"inLanguage\":\"es\",\"potentialAction\":[{\"@type\":\"ReadAction\",\"target\":[\"https:\\\/\\\/grupohoymexico.com\\\/puebla\\\/2025\\\/10\\\/13\\\/visita-de-claudia-sheinbaum-a-puebla-tras-inundaciones\\\/\"]}]},{\"@type\":\"ImageObject\",\"inLanguage\":\"es\",\"@id\":\"https:\\\/\\\/grupohoymexico.com\\\/puebla\\\/2025\\\/10\\\/13\\\/visita-de-claudia-sheinbaum-a-puebla-tras-inundaciones\\\/#primaryimage\",\"url\":\"https:\\\/\\\/grupohoymexico.com\\\/puebla\\\/wp-content\\\/uploads\\\/sites\\\/3\\\/2025\\\/10\\\/GH_1_Claudia_sheinbaum_recorre_zonas_afectadas_de_Puebla_copia.webp\",\"contentUrl\":\"https:\\\/\\\/grupohoymexico.com\\\/puebla\\\/wp-content\\\/uploads\\\/sites\\\/3\\\/2025\\\/10\\\/GH_1_Claudia_sheinbaum_recorre_zonas_afectadas_de_Puebla_copia.webp\",\"width\":1201,\"height\":639,\"caption\":\"La presidenta Claudia Sheinbaum visita Puebla tras las fuertes lluvias, supervisando apoyos y acciones de rescate.\"},{\"@type\":\"BreadcrumbList\",\"@id\":\"https:\\\/\\\/grupohoymexico.com\\\/puebla\\\/2025\\\/10\\\/13\\\/visita-de-claudia-sheinbaum-a-puebla-tras-inundaciones\\\/#breadcrumb\",\"itemListElement\":[{\"@type\":\"ListItem\",\"position\":1,\"name\":\"Inicio\",\"item\":\"https:\\\/\\\/grupohoymexico.com\\\/puebla\\\/\"},{\"@type\":\"ListItem\",\"position\":2,\"name\":\"Visita de Claudia Sheinbaum a Puebla tras inundaciones\"}]},{\"@type\":\"WebSite\",\"@id\":\"https:\\\/\\\/grupohoymexico.com\\\/puebla\\\/#website\",\"url\":\"https:\\\/\\\/grupohoymexico.com\\\/puebla\\\/\",\"name\":\"Grupo Hoy Puebla\",\"description\":\"\",\"potentialAction\":[{\"@type\":\"SearchAction\",\"target\":{\"@type\":\"EntryPoint\",\"urlTemplate\":\"https:\\\/\\\/grupohoymexico.com\\\/puebla\\\/?s={search_term_string}\"},\"query-input\":{\"@type\":\"PropertyValueSpecification\",\"valueRequired\":true,\"valueName\":\"search_term_string\"}}],\"inLanguage\":\"es\"},{\"@type\":\"Person\",\"@id\":\"https:\\\/\\\/grupohoymexico.com\\\/puebla\\\/#\\\/schema\\\/person\\\/ce6086ac837852775a3a4f539356c297\",\"name\":\"user\",\"image\":{\"@type\":\"ImageObject\",\"inLanguage\":\"es\",\"@id\":\"https:\\\/\\\/secure.gravatar.com\\\/avatar\\\/25f78de4fa956f6f7c01f8d96f8087d8958ebe06d57e630cd54e36aefb9dacea?s=96&d=mm&r=g\",\"url\":\"https:\\\/\\\/secure.gravatar.com\\\/avatar\\\/25f78de4fa956f6f7c01f8d96f8087d8958ebe06d57e630cd54e36aefb9dacea?s=96&d=mm&r=g\",\"contentUrl\":\"https:\\\/\\\/secure.gravatar.com\\\/avatar\\\/25f78de4fa956f6f7c01f8d96f8087d8958ebe06d57e630cd54e36aefb9dacea?s=96&d=mm&r=g\",\"caption\":\"user\"},\"sameAs\":[\"http:\\\/\\\/44.197.188.197.nip.io\"],\"url\":\"https:\\\/\\\/grupohoymexico.com\\\/puebla\\\/author\\\/user\\\/\"}]}<\/script>\n<!-- \/ Yoast SEO Premium plugin. -->","yoast_head_json":{"title":"Visita de Claudia Sheinbaum a Puebla tras inundaciones - Grupo Hoy Puebla","description":"La presidenta Claudia Sheinbaum visita Puebla tras las fuertes lluvias, supervisando apoyos y acciones de rescate.","robots":{"index":"index","follow":"follow","max-snippet":"max-snippet:-1","max-image-preview":"max-image-preview:large","max-video-preview":"max-video-preview:-1"},"canonical":"https:\/\/grupohoymexico.com\/puebla\/2025\/10\/13\/visita-de-claudia-sheinbaum-a-puebla-tras-inundaciones\/","og_locale":"es_MX","og_type":"article","og_title":"Visita de Claudia Sheinbaum a Puebla tras inundaciones","og_description":"La presidenta Claudia Sheinbaum visita Puebla tras las fuertes lluvias, supervisando apoyos y acciones de rescate.","og_url":"https:\/\/grupohoymexico.com\/puebla\/2025\/10\/13\/visita-de-claudia-sheinbaum-a-puebla-tras-inundaciones\/","og_site_name":"Grupo Hoy Puebla","article_published_time":"2025-10-13T16:57:43+00:00","article_modified_time":"2025-10-13T18:35:49+00:00","og_image":[{"width":1201,"height":639,"url":"https:\/\/grupohoymexico.com\/puebla\/wp-content\/uploads\/sites\/3\/2025\/10\/GH_1_Claudia_sheinbaum_recorre_zonas_afectadas_de_Puebla_copia.webp","type":"image\/webp"}],"author":"user","twitter_card":"summary_large_image","twitter_misc":{"Escrito por":"user","Tiempo de lectura":"3 minutos"},"schema":{"@context":"https:\/\/schema.org","@graph":[{"@type":"Article","@id":"https:\/\/grupohoymexico.com\/puebla\/2025\/10\/13\/visita-de-claudia-sheinbaum-a-puebla-tras-inundaciones\/#article","isPartOf":{"@id":"https:\/\/grupohoymexico.com\/puebla\/2025\/10\/13\/visita-de-claudia-sheinbaum-a-puebla-tras-inundaciones\/"},"author":{"name":"user","@id":"https:\/\/grupohoymexico.com\/puebla\/#\/schema\/person\/ce6086ac837852775a3a4f539356c297"},"headline":"Visita de Claudia Sheinbaum a Puebla tras inundaciones","datePublished":"2025-10-13T16:57:43+00:00","dateModified":"2025-10-13T18:35:49+00:00","mainEntityOfPage":{"@id":"https:\/\/grupohoymexico.com\/puebla\/2025\/10\/13\/visita-de-claudia-sheinbaum-a-puebla-tras-inundaciones\/"},"wordCount":408,"commentCount":0,"image":{"@id":"https:\/\/grupohoymexico.com\/puebla\/2025\/10\/13\/visita-de-claudia-sheinbaum-a-puebla-tras-inundaciones\/#primaryimage"},"thumbnailUrl":"https:\/\/grupohoymexico.com\/puebla\/wp-content\/uploads\/sites\/3\/2025\/10\/GH_1_Claudia_sheinbaum_recorre_zonas_afectadas_de_Puebla_copia.webp","keywords":["Claudia Sheinbaum","Comit\u00e9 Nacional de Protecci\u00f3n Civil","Estatal","M\u00e9xico","noticias","Policiaco","puebla","Secretar\u00eda de la Defensa Nacional","Secretar\u00eda de Marina"],"articleSection":["Estatal","Pol\u00edtica"],"inLanguage":"es","potentialAction":[{"@type":"CommentAction","name":"Comment","target":["https:\/\/grupohoymexico.com\/puebla\/2025\/10\/13\/visita-de-claudia-sheinbaum-a-puebla-tras-inundaciones\/#respond"]}]},{"@type":"WebPage","@id":"https:\/\/grupohoymexico.com\/puebla\/2025\/10\/13\/visita-de-claudia-sheinbaum-a-puebla-tras-inundaciones\/","url":"https:\/\/grupohoymexico.com\/puebla\/2025\/10\/13\/visita-de-claudia-sheinbaum-a-puebla-tras-inundaciones\/","name":"Visita de Claudia Sheinbaum a Puebla tras inundaciones - Grupo Hoy Puebla","isPartOf":{"@id":"https:\/\/grupohoymexico.com\/puebla\/#website"},"primaryImageOfPage":{"@id":"https:\/\/grupohoymexico.com\/puebla\/2025\/10\/13\/visita-de-claudia-sheinbaum-a-puebla-tras-inundaciones\/#primaryimage"},"image":{"@id":"https:\/\/grupohoymexico.com\/puebla\/2025\/10\/13\/visita-de-claudia-sheinbaum-a-puebla-tras-inundaciones\/#primaryimage"},"thumbnailUrl":"https:\/\/grupohoymexico.com\/puebla\/wp-content\/uploads\/sites\/3\/2025\/10\/GH_1_Claudia_sheinbaum_recorre_zonas_afectadas_de_Puebla_copia.webp","datePublished":"2025-10-13T16:57:43+00:00","dateModified":"2025-10-13T18:35:49+00:00","author":{"@id":"https:\/\/grupohoymexico.com\/puebla\/#\/schema\/person\/ce6086ac837852775a3a4f539356c297"},"description":"La presidenta Claudia Sheinbaum visita Puebla tras las fuertes lluvias, supervisando apoyos y acciones de rescate.","breadcrumb":{"@id":"https:\/\/grupohoymexico.com\/puebla\/2025\/10\/13\/visita-de-claudia-sheinbaum-a-puebla-tras-inundaciones\/#breadcrumb"},"inLanguage":"es","potentialAction":[{"@type":"ReadAction","target":["https:\/\/grupohoymexico.com\/puebla\/2025\/10\/13\/visita-de-claudia-sheinbaum-a-puebla-tras-inundaciones\/"]}]},{"@type":"ImageObject","inLanguage":"es","@id":"https:\/\/grupohoymexico.com\/puebla\/2025\/10\/13\/visita-de-claudia-sheinbaum-a-puebla-tras-inundaciones\/#primaryimage","url":"https:\/\/grupohoymexico.com\/puebla\/wp-content\/uploads\/sites\/3\/2025\/10\/GH_1_Claudia_sheinbaum_recorre_zonas_afectadas_de_Puebla_copia.webp","contentUrl":"https:\/\/grupohoymexico.com\/puebla\/wp-content\/uploads\/sites\/3\/2025\/10\/GH_1_Claudia_sheinbaum_recorre_zonas_afectadas_de_Puebla_copia.webp","width":1201,"height":639,"caption":"La presidenta Claudia Sheinbaum visita Puebla tras las fuertes lluvias, supervisando apoyos y acciones de rescate."},{"@type":"BreadcrumbList","@id":"https:\/\/grupohoymexico.com\/puebla\/2025\/10\/13\/visita-de-claudia-sheinbaum-a-puebla-tras-inundaciones\/#breadcrumb","itemListElement":[{"@type":"ListItem","position":1,"name":"Inicio","item":"https:\/\/grupohoymexico.com\/puebla\/"},{"@type":"ListItem","position":2,"name":"Visita de Claudia Sheinbaum a Puebla tras inundaciones"}]},{"@type":"WebSite","@id":"https:\/\/grupohoymexico.com\/puebla\/#website","url":"https:\/\/grupohoymexico.com\/puebla\/","name":"Grupo Hoy Puebla","description":"","potentialAction":[{"@type":"SearchAction","target":{"@type":"EntryPoint","urlTemplate":"https:\/\/grupohoymexico.com\/puebla\/?s={search_term_string}"},"query-input":{"@type":"PropertyValueSpecification","valueRequired":true,"valueName":"search_term_string"}}],"inLanguage":"es"},{"@type":"Person","@id":"https:\/\/grupohoymexico.com\/puebla\/#\/schema\/person\/ce6086ac837852775a3a4f539356c297","name":"user","image":{"@type":"ImageObject","inLanguage":"es","@id":"https:\/\/secure.gravatar.com\/avatar\/25f78de4fa956f6f7c01f8d96f8087d8958ebe06d57e630cd54e36aefb9dacea?s=96&d=mm&r=g","url":"https:\/\/secure.gravatar.com\/avatar\/25f78de4fa956f6f7c01f8d96f8087d8958ebe06d57e630cd54e36aefb9dacea?s=96&d=mm&r=g","contentUrl":"https:\/\/secure.gravatar.com\/avatar\/25f78de4fa956f6f7c01f8d96f8087d8958ebe06d57e630cd54e36aefb9dacea?s=96&d=mm&r=g","caption":"user"},"sameAs":["http:\/\/44.197.188.197.nip.io"],"url":"https:\/\/grupohoymexico.com\/puebla\/author\/user\/"}]}},"_links":{"self":[{"href":"https:\/\/grupohoymexico.com\/puebla\/wp-json\/wp\/v2\/posts\/78124","targetHints":{"allow":["GET"]}}],"collection":[{"href":"https:\/\/grupohoymexico.com\/puebla\/wp-json\/wp\/v2\/posts"}],"about":[{"href":"https:\/\/grupohoymexico.com\/puebla\/wp-json\/wp\/v2\/types\/post"}],"author":[{"embeddable":true,"href":"https:\/\/grupohoymexico.com\/puebla\/wp-json\/wp\/v2\/users\/1"}],"replies":[{"embeddable":true,"href":"https:\/\/grupohoymexico.com\/puebla\/wp-json\/wp\/v2\/comments?post=78124"}],"version-history":[{"count":2,"href":"https:\/\/grupohoymexico.com\/puebla\/wp-json\/wp\/v2\/posts\/78124\/revisions"}],"predecessor-version":[{"id":78131,"href":"https:\/\/grupohoymexico.com\/puebla\/wp-json\/wp\/v2\/posts\/78124\/revisions\/78131"}],"wp:featuredmedia":[{"embeddable":true,"href":"https:\/\/grupohoymexico.com\/puebla\/wp-json\/wp\/v2\/media\/78130"}],"wp:attachment":[{"href":"https:\/\/grupohoymexico.com\/puebla\/wp-json\/wp\/v2\/media?parent=78124"}],"wp:term":[{"taxonomy":"category","embeddable":true,"href":"https:\/\/grupohoymexico.com\/puebla\/wp-json\/wp\/v2\/categories?post=78124"},{"taxonomy":"post_tag","embeddable":true,"href":"https:\/\/grupohoymexico.com\/puebla\/wp-json\/wp\/v2\/tags?post=78124"}],"curies":[{"name":"wp","href":"https:\/\/api.w.org\/{rel}","templated":true}]}}