{"id":77175,"date":"2025-09-05T19:52:54","date_gmt":"2025-09-05T19:52:54","guid":{"rendered":"https:\/\/grupohoymexico.com\/puebla\/?p=77175"},"modified":"2025-09-05T19:52:55","modified_gmt":"2025-09-05T19:52:55","slug":"padres-del-instituto-damicis-exigen-expulsion-de-alumno-procesado-por-feminicidio","status":"publish","type":"post","link":"https:\/\/grupohoymexico.com\/puebla\/2025\/09\/05\/padres-del-instituto-damicis-exigen-expulsion-de-alumno-procesado-por-feminicidio\/","title":{"rendered":"Padres del Instituto D&#8217;Amicis exigen expulsi\u00f3n de alumno procesado por feminicidio"},"content":{"rendered":"\n<p>Padres de familia que forman parte del <strong>Instituto D&#8217;Amicis<\/strong> protestaron porque la escuela retire de sus aulas a un estudiante que forma parte de su matr\u00edcula. Esto luego que el alumno es presuntamente responsable de un asesinato en <strong>Lomas de Angel\u00f3polis<\/strong>.<\/p>\n\n\n\n<p>Fue en junio 2025 cuando Alex &#8220;N&#8221;, con 12 a\u00f1os de edad, fue vinculado a proceso por la muerte de <strong>Natalia Andrade<\/strong>, polit\u00f3loga argentina de 45 a\u00f1os. El crimen ocurri\u00f3 en marzo pasado. El joven confes\u00f3 a su madre que intent\u00f3 grabar a la v\u00edctima en secreto como parte de un reto viral. Cuando fue descubierto agredi\u00f3 a la mujer. Las autoridades catalogaron el crimen como feminicidio.<\/p>\n\n\n\n<p><strong>TAMBI\u00c9N LEE:<\/strong> <a href=\"https:\/\/grupohoymexico.com\/puebla\/2025\/07\/16\/puebla-logra-reducir-40-los-feminicidios-y-fortalece-seguridad-en-el-estado\/\" target=\"_blank\" rel=\"noreferrer noopener\">Puebla logra reducir 40% los feminicidios y fortalece la seguridad en el estado<\/a><\/p>\n\n\n\n<p>Los pap\u00e1s y mam\u00e1s de los estudiantes se opusieron a enviar a la escuela a sus hijos este viernes. Esto luego que consideraron que enviar a sus hijos a clases representaba un riesgo por la presencia del adolescente.<\/p>\n\n\n\n<p><\/p>\n\n\n\n<h2 class=\"wp-block-heading\" id=\"h-padres-de-familia-exigen-al-instituto-d-amicis-la-expulsion-de-un-estudiante-acusado-de-feminicidio\">Padres de familia exigen al Instituto D&#8217;Amicis la expulsi\u00f3n de un estudiante acusado de feminicidio<\/h2>\n\n\n\n<p>La manifestaci\u00f3n ocurre en el marco del regreso a clases 2025-2026. A trav\u00e9s de una carta manifestaron su rechazo porque Alex &#8220;N&#8221; forme parte de la instituci\u00f3n educativa de car\u00e1cter privado. <\/p>\n\n\n\n<blockquote class=\"wp-block-quote is-layout-flow wp-block-quote-is-layout-flow\">\n<p>&#8220;Consideramos que la presencia de este alumno pone en riesgo a toda la comunidad educativa, ya que genera un ambiente de temor, inseguridad e incertidumbre que afecta directamente a nuestros hijos&#8221;, escribieron.<\/p>\n<\/blockquote>\n\n\n\n<p><strong>TAMBI\u00c9N LEE:<\/strong> <a href=\"https:\/\/grupohoymexico.com\/puebla\/2025\/06\/17\/armenta-entrega-patrullas-y-torres-de-vigilancia-en-puebla-refuerzo-historico-de-la-seguridad-publica\/\" target=\"_blank\" rel=\"noreferrer noopener\">Armenta entrega patrullas y torres de vigilancia en Puebla: Refuerzo hist\u00f3rico de la seguridad p\u00fablica<\/a><\/p>\n\n\n\n<p>En su mensaje recordaron que el <strong>Instituto D&#8217;Amicis<\/strong> tiene un compromiso con garantizar espacios tranquilos con la seguridad e integridad de los estudiantes como prioridad. A prop\u00f3sito recordaron el art\u00edculo 57 de la <a href=\"https:\/\/www.diputados.gob.mx\/LeyesBiblio\/pdf\/LGDNNA.pdf\" target=\"_blank\" rel=\"noreferrer noopener\">Ley General de los Derechos de Ni\u00f1as, Ni\u00f1os y Adolescentes<\/a>, que obliga a las instituciones educativas a garantizar entornos protectores. <\/p>\n\n\n\n<p>A pesar de las manifestaciones, la escuela sostuvo que mantendr\u00e1 al menor acusado de asesinato como su alumno. En atenci\u00f3n con los padres de familia sostuvieron que implementar\u00e1n las medidas de seguridad necesarias para garantizar la seguridad.<\/p>\n\n\n\n<p><strong>TAMBI\u00c9N LEE:<\/strong> <a href=\"https:\/\/grupohoymexico.com\/puebla\/2025\/06\/13\/puebla-fortalece-la-ciberseguridad-con-nueva-ley-para-sancionar-delitos-digitales\/\" target=\"_blank\" rel=\"noreferrer noopener\">Puebla aprueba la nueva Ley de ciberseguridad para sancionar delitos digitales<\/a><\/p>\n\n\n\n<p>El Consejo de Administraci\u00f3n, la Direcci\u00f3n General, la Direcci\u00f3n de Secundaria y el \u00c1rea Jur\u00eddica est\u00e1n en\u00a0<strong>coordinaci\u00f3n con las autoridades competentes<\/strong>\u00a0para actuar dentro del marco legal.<\/p>\n\n\n\n<figure class=\"wp-block-embed is-type-video is-provider-youtube wp-block-embed-youtube wp-embed-aspect-16-9 wp-has-aspect-ratio\"><div class=\"wp-block-embed__wrapper\">\n<iframe title=\"Nuevas torres de videovigilancia\" width=\"1200\" height=\"675\" src=\"https:\/\/www.youtube.com\/embed\/TZLH7L7_NK8?feature=oembed\" frameborder=\"0\" allow=\"accelerometer; autoplay; clipboard-write; encrypted-media; gyroscope; picture-in-picture; web-share\" referrerpolicy=\"strict-origin-when-cross-origin\" allowfullscreen><\/iframe>\n<\/div><\/figure>\n","protected":false},"excerpt":{"rendered":"Padres de familia que forman parte del Instituto D&#8217;Amicis protestaron porque la escuela retire de sus aulas a&hellip;","protected":false},"author":15,"featured_media":77179,"comment_status":"open","ping_status":"open","sticky":false,"template":"","format":"standard","meta":{"csco_display_header_overlay":false,"csco_singular_sidebar":"","csco_page_header_type":"","csco_page_load_nextpost":"","csco_post_video_location":[],"csco_post_video_location_hash":"","csco_post_video_url":"","csco_post_video_bg_start_time":0,"csco_post_video_bg_end_time":0,"footnotes":""},"categories":[29],"tags":[2213,872,2212,2211],"class_list":{"0":"post-77175","1":"post","2":"type-post","3":"status-publish","4":"format-standard","5":"has-post-thumbnail","7":"category-estatal","8":"tag-alumno-procesado-por-homicidio","9":"tag-cuautlancingo","10":"tag-inseguridad-en-las-escuelas","11":"tag-instituto-damicis","12":"cs-entry","13":"cs-video-wrap"},"yoast_head":"<!-- This site is optimized with the Yoast SEO Premium plugin v24.7 (Yoast SEO v27.4) - https:\/\/yoast.com\/product\/yoast-seo-premium-wordpress\/ -->\n<title>Padres del Instituto D&#039;Amicis exigen expulsi\u00f3n de alumno procesado por homicidio - Grupo Hoy Puebla<\/title>\n<meta name=\"description\" content=\"Padres del Instituto D&#039;Amicis exigen la expulsi\u00f3n de un alumno procesado por homicidio; escuela mantendr\u00e1 al estudiante.\" \/>\n<meta name=\"robots\" content=\"index, follow, max-snippet:-1, max-image-preview:large, max-video-preview:-1\" \/>\n<link rel=\"canonical\" href=\"https:\/\/grupohoymexico.com\/puebla\/2025\/09\/05\/padres-del-instituto-damicis-exigen-expulsion-de-alumno-procesado-por-feminicidio\/\" \/>\n<meta property=\"og:locale\" content=\"es_MX\" \/>\n<meta property=\"og:type\" content=\"article\" \/>\n<meta property=\"og:title\" content=\"Padres del Instituto D&#039;Amicis exigen expulsi\u00f3n de alumno procesado por feminicidio\" \/>\n<meta property=\"og:description\" content=\"Padres del Instituto D&#039;Amicis exigen la expulsi\u00f3n de un alumno procesado por homicidio; escuela mantendr\u00e1 al estudiante.\" \/>\n<meta property=\"og:url\" content=\"https:\/\/grupohoymexico.com\/puebla\/2025\/09\/05\/padres-del-instituto-damicis-exigen-expulsion-de-alumno-procesado-por-feminicidio\/\" \/>\n<meta property=\"og:site_name\" content=\"Grupo Hoy Puebla\" \/>\n<meta property=\"article:published_time\" content=\"2025-09-05T19:52:54+00:00\" \/>\n<meta property=\"article:modified_time\" content=\"2025-09-05T19:52:55+00:00\" \/>\n<meta property=\"og:image\" content=\"https:\/\/grupohoymexico.com\/puebla\/wp-content\/uploads\/sites\/3\/2025\/09\/instituto_damicis_alumno_feminicidio.webp\" \/>\n\t<meta property=\"og:image:width\" content=\"1201\" \/>\n\t<meta property=\"og:image:height\" content=\"639\" \/>\n\t<meta property=\"og:image:type\" content=\"image\/webp\" \/>\n<meta name=\"author\" content=\"nestor\" \/>\n<meta name=\"twitter:card\" content=\"summary_large_image\" \/>\n<meta name=\"twitter:label1\" content=\"Escrito por\" \/>\n\t<meta name=\"twitter:data1\" content=\"nestor\" \/>\n\t<meta name=\"twitter:label2\" content=\"Tiempo de lectura\" \/>\n\t<meta name=\"twitter:data2\" content=\"2 minutos\" \/>\n<script type=\"application\/ld+json\" class=\"yoast-schema-graph\">{\"@context\":\"https:\\\/\\\/schema.org\",\"@graph\":[{\"@type\":\"Article\",\"@id\":\"https:\\\/\\\/grupohoymexico.com\\\/puebla\\\/2025\\\/09\\\/05\\\/padres-del-instituto-damicis-exigen-expulsion-de-alumno-procesado-por-feminicidio\\\/#article\",\"isPartOf\":{\"@id\":\"https:\\\/\\\/grupohoymexico.com\\\/puebla\\\/2025\\\/09\\\/05\\\/padres-del-instituto-damicis-exigen-expulsion-de-alumno-procesado-por-feminicidio\\\/\"},\"author\":{\"name\":\"nestor\",\"@id\":\"https:\\\/\\\/grupohoymexico.com\\\/puebla\\\/#\\\/schema\\\/person\\\/8201f3fa49669f346d08e15801e0ebc2\"},\"headline\":\"Padres del Instituto D&#8217;Amicis exigen expulsi\u00f3n de alumno procesado por feminicidio\",\"datePublished\":\"2025-09-05T19:52:54+00:00\",\"dateModified\":\"2025-09-05T19:52:55+00:00\",\"mainEntityOfPage\":{\"@id\":\"https:\\\/\\\/grupohoymexico.com\\\/puebla\\\/2025\\\/09\\\/05\\\/padres-del-instituto-damicis-exigen-expulsion-de-alumno-procesado-por-feminicidio\\\/\"},\"wordCount\":437,\"commentCount\":0,\"image\":{\"@id\":\"https:\\\/\\\/grupohoymexico.com\\\/puebla\\\/2025\\\/09\\\/05\\\/padres-del-instituto-damicis-exigen-expulsion-de-alumno-procesado-por-feminicidio\\\/#primaryimage\"},\"thumbnailUrl\":\"https:\\\/\\\/grupohoymexico.com\\\/puebla\\\/wp-content\\\/uploads\\\/sites\\\/3\\\/2025\\\/09\\\/instituto_damicis_alumno_feminicidio.webp\",\"keywords\":[\"Alumno procesado por homicidio\",\"Cuautlancingo\",\"Inseguridad en las escuelas\",\"Instituto D'Amicis\"],\"articleSection\":[\"Estatal\"],\"inLanguage\":\"es\",\"potentialAction\":[{\"@type\":\"CommentAction\",\"name\":\"Comment\",\"target\":[\"https:\\\/\\\/grupohoymexico.com\\\/puebla\\\/2025\\\/09\\\/05\\\/padres-del-instituto-damicis-exigen-expulsion-de-alumno-procesado-por-feminicidio\\\/#respond\"]}]},{\"@type\":\"WebPage\",\"@id\":\"https:\\\/\\\/grupohoymexico.com\\\/puebla\\\/2025\\\/09\\\/05\\\/padres-del-instituto-damicis-exigen-expulsion-de-alumno-procesado-por-feminicidio\\\/\",\"url\":\"https:\\\/\\\/grupohoymexico.com\\\/puebla\\\/2025\\\/09\\\/05\\\/padres-del-instituto-damicis-exigen-expulsion-de-alumno-procesado-por-feminicidio\\\/\",\"name\":\"Padres del Instituto D'Amicis exigen expulsi\u00f3n de alumno procesado por homicidio - Grupo Hoy Puebla\",\"isPartOf\":{\"@id\":\"https:\\\/\\\/grupohoymexico.com\\\/puebla\\\/#website\"},\"primaryImageOfPage\":{\"@id\":\"https:\\\/\\\/grupohoymexico.com\\\/puebla\\\/2025\\\/09\\\/05\\\/padres-del-instituto-damicis-exigen-expulsion-de-alumno-procesado-por-feminicidio\\\/#primaryimage\"},\"image\":{\"@id\":\"https:\\\/\\\/grupohoymexico.com\\\/puebla\\\/2025\\\/09\\\/05\\\/padres-del-instituto-damicis-exigen-expulsion-de-alumno-procesado-por-feminicidio\\\/#primaryimage\"},\"thumbnailUrl\":\"https:\\\/\\\/grupohoymexico.com\\\/puebla\\\/wp-content\\\/uploads\\\/sites\\\/3\\\/2025\\\/09\\\/instituto_damicis_alumno_feminicidio.webp\",\"datePublished\":\"2025-09-05T19:52:54+00:00\",\"dateModified\":\"2025-09-05T19:52:55+00:00\",\"author\":{\"@id\":\"https:\\\/\\\/grupohoymexico.com\\\/puebla\\\/#\\\/schema\\\/person\\\/8201f3fa49669f346d08e15801e0ebc2\"},\"description\":\"Padres del Instituto D'Amicis exigen la expulsi\u00f3n de un alumno procesado por homicidio; escuela mantendr\u00e1 al estudiante.\",\"breadcrumb\":{\"@id\":\"https:\\\/\\\/grupohoymexico.com\\\/puebla\\\/2025\\\/09\\\/05\\\/padres-del-instituto-damicis-exigen-expulsion-de-alumno-procesado-por-feminicidio\\\/#breadcrumb\"},\"inLanguage\":\"es\",\"potentialAction\":[{\"@type\":\"ReadAction\",\"target\":[\"https:\\\/\\\/grupohoymexico.com\\\/puebla\\\/2025\\\/09\\\/05\\\/padres-del-instituto-damicis-exigen-expulsion-de-alumno-procesado-por-feminicidio\\\/\"]}]},{\"@type\":\"ImageObject\",\"inLanguage\":\"es\",\"@id\":\"https:\\\/\\\/grupohoymexico.com\\\/puebla\\\/2025\\\/09\\\/05\\\/padres-del-instituto-damicis-exigen-expulsion-de-alumno-procesado-por-feminicidio\\\/#primaryimage\",\"url\":\"https:\\\/\\\/grupohoymexico.com\\\/puebla\\\/wp-content\\\/uploads\\\/sites\\\/3\\\/2025\\\/09\\\/instituto_damicis_alumno_feminicidio.webp\",\"contentUrl\":\"https:\\\/\\\/grupohoymexico.com\\\/puebla\\\/wp-content\\\/uploads\\\/sites\\\/3\\\/2025\\\/09\\\/instituto_damicis_alumno_feminicidio.webp\",\"width\":1201,\"height\":639,\"caption\":\"Foto: Facebook\"},{\"@type\":\"BreadcrumbList\",\"@id\":\"https:\\\/\\\/grupohoymexico.com\\\/puebla\\\/2025\\\/09\\\/05\\\/padres-del-instituto-damicis-exigen-expulsion-de-alumno-procesado-por-feminicidio\\\/#breadcrumb\",\"itemListElement\":[{\"@type\":\"ListItem\",\"position\":1,\"name\":\"Inicio\",\"item\":\"https:\\\/\\\/grupohoymexico.com\\\/puebla\\\/\"},{\"@type\":\"ListItem\",\"position\":2,\"name\":\"Padres del Instituto D&#8217;Amicis exigen expulsi\u00f3n de alumno procesado por feminicidio\"}]},{\"@type\":\"WebSite\",\"@id\":\"https:\\\/\\\/grupohoymexico.com\\\/puebla\\\/#website\",\"url\":\"https:\\\/\\\/grupohoymexico.com\\\/puebla\\\/\",\"name\":\"Grupo Hoy Puebla\",\"description\":\"\",\"potentialAction\":[{\"@type\":\"SearchAction\",\"target\":{\"@type\":\"EntryPoint\",\"urlTemplate\":\"https:\\\/\\\/grupohoymexico.com\\\/puebla\\\/?s={search_term_string}\"},\"query-input\":{\"@type\":\"PropertyValueSpecification\",\"valueRequired\":true,\"valueName\":\"search_term_string\"}}],\"inLanguage\":\"es\"},{\"@type\":\"Person\",\"@id\":\"https:\\\/\\\/grupohoymexico.com\\\/puebla\\\/#\\\/schema\\\/person\\\/8201f3fa49669f346d08e15801e0ebc2\",\"name\":\"nestor\",\"image\":{\"@type\":\"ImageObject\",\"inLanguage\":\"es\",\"@id\":\"https:\\\/\\\/secure.gravatar.com\\\/avatar\\\/6675a6d9279ab1d8e7b7c55956d0013492fdc51e007e555bc58e5e0eac33d094?s=96&d=mm&r=g\",\"url\":\"https:\\\/\\\/secure.gravatar.com\\\/avatar\\\/6675a6d9279ab1d8e7b7c55956d0013492fdc51e007e555bc58e5e0eac33d094?s=96&d=mm&r=g\",\"contentUrl\":\"https:\\\/\\\/secure.gravatar.com\\\/avatar\\\/6675a6d9279ab1d8e7b7c55956d0013492fdc51e007e555bc58e5e0eac33d094?s=96&d=mm&r=g\",\"caption\":\"nestor\"},\"url\":\"https:\\\/\\\/grupohoymexico.com\\\/puebla\\\/author\\\/nestor\\\/\"}]}<\/script>\n<!-- \/ Yoast SEO Premium plugin. -->","yoast_head_json":{"title":"Padres del Instituto D'Amicis exigen expulsi\u00f3n de alumno procesado por homicidio - Grupo Hoy Puebla","description":"Padres del Instituto D'Amicis exigen la expulsi\u00f3n de un alumno procesado por homicidio; escuela mantendr\u00e1 al estudiante.","robots":{"index":"index","follow":"follow","max-snippet":"max-snippet:-1","max-image-preview":"max-image-preview:large","max-video-preview":"max-video-preview:-1"},"canonical":"https:\/\/grupohoymexico.com\/puebla\/2025\/09\/05\/padres-del-instituto-damicis-exigen-expulsion-de-alumno-procesado-por-feminicidio\/","og_locale":"es_MX","og_type":"article","og_title":"Padres del Instituto D'Amicis exigen expulsi\u00f3n de alumno procesado por feminicidio","og_description":"Padres del Instituto D'Amicis exigen la expulsi\u00f3n de un alumno procesado por homicidio; escuela mantendr\u00e1 al estudiante.","og_url":"https:\/\/grupohoymexico.com\/puebla\/2025\/09\/05\/padres-del-instituto-damicis-exigen-expulsion-de-alumno-procesado-por-feminicidio\/","og_site_name":"Grupo Hoy Puebla","article_published_time":"2025-09-05T19:52:54+00:00","article_modified_time":"2025-09-05T19:52:55+00:00","og_image":[{"width":1201,"height":639,"url":"https:\/\/grupohoymexico.com\/puebla\/wp-content\/uploads\/sites\/3\/2025\/09\/instituto_damicis_alumno_feminicidio.webp","type":"image\/webp"}],"author":"nestor","twitter_card":"summary_large_image","twitter_misc":{"Escrito por":"nestor","Tiempo de lectura":"2 minutos"},"schema":{"@context":"https:\/\/schema.org","@graph":[{"@type":"Article","@id":"https:\/\/grupohoymexico.com\/puebla\/2025\/09\/05\/padres-del-instituto-damicis-exigen-expulsion-de-alumno-procesado-por-feminicidio\/#article","isPartOf":{"@id":"https:\/\/grupohoymexico.com\/puebla\/2025\/09\/05\/padres-del-instituto-damicis-exigen-expulsion-de-alumno-procesado-por-feminicidio\/"},"author":{"name":"nestor","@id":"https:\/\/grupohoymexico.com\/puebla\/#\/schema\/person\/8201f3fa49669f346d08e15801e0ebc2"},"headline":"Padres del Instituto D&#8217;Amicis exigen expulsi\u00f3n de alumno procesado por feminicidio","datePublished":"2025-09-05T19:52:54+00:00","dateModified":"2025-09-05T19:52:55+00:00","mainEntityOfPage":{"@id":"https:\/\/grupohoymexico.com\/puebla\/2025\/09\/05\/padres-del-instituto-damicis-exigen-expulsion-de-alumno-procesado-por-feminicidio\/"},"wordCount":437,"commentCount":0,"image":{"@id":"https:\/\/grupohoymexico.com\/puebla\/2025\/09\/05\/padres-del-instituto-damicis-exigen-expulsion-de-alumno-procesado-por-feminicidio\/#primaryimage"},"thumbnailUrl":"https:\/\/grupohoymexico.com\/puebla\/wp-content\/uploads\/sites\/3\/2025\/09\/instituto_damicis_alumno_feminicidio.webp","keywords":["Alumno procesado por homicidio","Cuautlancingo","Inseguridad en las escuelas","Instituto D'Amicis"],"articleSection":["Estatal"],"inLanguage":"es","potentialAction":[{"@type":"CommentAction","name":"Comment","target":["https:\/\/grupohoymexico.com\/puebla\/2025\/09\/05\/padres-del-instituto-damicis-exigen-expulsion-de-alumno-procesado-por-feminicidio\/#respond"]}]},{"@type":"WebPage","@id":"https:\/\/grupohoymexico.com\/puebla\/2025\/09\/05\/padres-del-instituto-damicis-exigen-expulsion-de-alumno-procesado-por-feminicidio\/","url":"https:\/\/grupohoymexico.com\/puebla\/2025\/09\/05\/padres-del-instituto-damicis-exigen-expulsion-de-alumno-procesado-por-feminicidio\/","name":"Padres del Instituto D'Amicis exigen expulsi\u00f3n de alumno procesado por homicidio - Grupo Hoy Puebla","isPartOf":{"@id":"https:\/\/grupohoymexico.com\/puebla\/#website"},"primaryImageOfPage":{"@id":"https:\/\/grupohoymexico.com\/puebla\/2025\/09\/05\/padres-del-instituto-damicis-exigen-expulsion-de-alumno-procesado-por-feminicidio\/#primaryimage"},"image":{"@id":"https:\/\/grupohoymexico.com\/puebla\/2025\/09\/05\/padres-del-instituto-damicis-exigen-expulsion-de-alumno-procesado-por-feminicidio\/#primaryimage"},"thumbnailUrl":"https:\/\/grupohoymexico.com\/puebla\/wp-content\/uploads\/sites\/3\/2025\/09\/instituto_damicis_alumno_feminicidio.webp","datePublished":"2025-09-05T19:52:54+00:00","dateModified":"2025-09-05T19:52:55+00:00","author":{"@id":"https:\/\/grupohoymexico.com\/puebla\/#\/schema\/person\/8201f3fa49669f346d08e15801e0ebc2"},"description":"Padres del Instituto D'Amicis exigen la expulsi\u00f3n de un alumno procesado por homicidio; escuela mantendr\u00e1 al estudiante.","breadcrumb":{"@id":"https:\/\/grupohoymexico.com\/puebla\/2025\/09\/05\/padres-del-instituto-damicis-exigen-expulsion-de-alumno-procesado-por-feminicidio\/#breadcrumb"},"inLanguage":"es","potentialAction":[{"@type":"ReadAction","target":["https:\/\/grupohoymexico.com\/puebla\/2025\/09\/05\/padres-del-instituto-damicis-exigen-expulsion-de-alumno-procesado-por-feminicidio\/"]}]},{"@type":"ImageObject","inLanguage":"es","@id":"https:\/\/grupohoymexico.com\/puebla\/2025\/09\/05\/padres-del-instituto-damicis-exigen-expulsion-de-alumno-procesado-por-feminicidio\/#primaryimage","url":"https:\/\/grupohoymexico.com\/puebla\/wp-content\/uploads\/sites\/3\/2025\/09\/instituto_damicis_alumno_feminicidio.webp","contentUrl":"https:\/\/grupohoymexico.com\/puebla\/wp-content\/uploads\/sites\/3\/2025\/09\/instituto_damicis_alumno_feminicidio.webp","width":1201,"height":639,"caption":"Foto: Facebook"},{"@type":"BreadcrumbList","@id":"https:\/\/grupohoymexico.com\/puebla\/2025\/09\/05\/padres-del-instituto-damicis-exigen-expulsion-de-alumno-procesado-por-feminicidio\/#breadcrumb","itemListElement":[{"@type":"ListItem","position":1,"name":"Inicio","item":"https:\/\/grupohoymexico.com\/puebla\/"},{"@type":"ListItem","position":2,"name":"Padres del Instituto D&#8217;Amicis exigen expulsi\u00f3n de alumno procesado por feminicidio"}]},{"@type":"WebSite","@id":"https:\/\/grupohoymexico.com\/puebla\/#website","url":"https:\/\/grupohoymexico.com\/puebla\/","name":"Grupo Hoy Puebla","description":"","potentialAction":[{"@type":"SearchAction","target":{"@type":"EntryPoint","urlTemplate":"https:\/\/grupohoymexico.com\/puebla\/?s={search_term_string}"},"query-input":{"@type":"PropertyValueSpecification","valueRequired":true,"valueName":"search_term_string"}}],"inLanguage":"es"},{"@type":"Person","@id":"https:\/\/grupohoymexico.com\/puebla\/#\/schema\/person\/8201f3fa49669f346d08e15801e0ebc2","name":"nestor","image":{"@type":"ImageObject","inLanguage":"es","@id":"https:\/\/secure.gravatar.com\/avatar\/6675a6d9279ab1d8e7b7c55956d0013492fdc51e007e555bc58e5e0eac33d094?s=96&d=mm&r=g","url":"https:\/\/secure.gravatar.com\/avatar\/6675a6d9279ab1d8e7b7c55956d0013492fdc51e007e555bc58e5e0eac33d094?s=96&d=mm&r=g","contentUrl":"https:\/\/secure.gravatar.com\/avatar\/6675a6d9279ab1d8e7b7c55956d0013492fdc51e007e555bc58e5e0eac33d094?s=96&d=mm&r=g","caption":"nestor"},"url":"https:\/\/grupohoymexico.com\/puebla\/author\/nestor\/"}]}},"_links":{"self":[{"href":"https:\/\/grupohoymexico.com\/puebla\/wp-json\/wp\/v2\/posts\/77175","targetHints":{"allow":["GET"]}}],"collection":[{"href":"https:\/\/grupohoymexico.com\/puebla\/wp-json\/wp\/v2\/posts"}],"about":[{"href":"https:\/\/grupohoymexico.com\/puebla\/wp-json\/wp\/v2\/types\/post"}],"author":[{"embeddable":true,"href":"https:\/\/grupohoymexico.com\/puebla\/wp-json\/wp\/v2\/users\/15"}],"replies":[{"embeddable":true,"href":"https:\/\/grupohoymexico.com\/puebla\/wp-json\/wp\/v2\/comments?post=77175"}],"version-history":[{"count":4,"href":"https:\/\/grupohoymexico.com\/puebla\/wp-json\/wp\/v2\/posts\/77175\/revisions"}],"predecessor-version":[{"id":77180,"href":"https:\/\/grupohoymexico.com\/puebla\/wp-json\/wp\/v2\/posts\/77175\/revisions\/77180"}],"wp:featuredmedia":[{"embeddable":true,"href":"https:\/\/grupohoymexico.com\/puebla\/wp-json\/wp\/v2\/media\/77179"}],"wp:attachment":[{"href":"https:\/\/grupohoymexico.com\/puebla\/wp-json\/wp\/v2\/media?parent=77175"}],"wp:term":[{"taxonomy":"category","embeddable":true,"href":"https:\/\/grupohoymexico.com\/puebla\/wp-json\/wp\/v2\/categories?post=77175"},{"taxonomy":"post_tag","embeddable":true,"href":"https:\/\/grupohoymexico.com\/puebla\/wp-json\/wp\/v2\/tags?post=77175"}],"curies":[{"name":"wp","href":"https:\/\/api.w.org\/{rel}","templated":true}]}}