{"id":77171,"date":"2025-09-05T19:21:21","date_gmt":"2025-09-05T19:21:21","guid":{"rendered":"https:\/\/grupohoymexico.com\/puebla\/?p=77171"},"modified":"2025-09-05T19:21:22","modified_gmt":"2025-09-05T19:21:22","slug":"llega-a-puebla-el-podcast-casos-de-la-risa-real-con-su-show-en-vivo","status":"publish","type":"post","link":"https:\/\/grupohoymexico.com\/puebla\/2025\/09\/05\/llega-a-puebla-el-podcast-casos-de-la-risa-real-con-su-show-en-vivo\/","title":{"rendered":"Llega a Puebla el podcast \u201cCasos de la Risa Real\u201d con su show en vivo"},"content":{"rendered":"\n<p>El <strong>Diente D\u2019 Oro, Poncho Borbolla y Karla Morales, creadores del podcast \u201cCasos de la Risa Real\u201d<\/strong>, presentan su contenido en vivo por primera vez en <strong>Puebla<\/strong>. Tras recorrer <strong>Guadalajara y Quer\u00e9taro<\/strong>, este <strong>viernes <\/strong>cierran su minigira en <strong>Sala Forum, San Andr\u00e9s Cholula<\/strong>, con un espect\u00e1culo lleno de improvisaci\u00f3n y humor.<\/p>\n\n\n\n<h2 class=\"wp-block-heading\" id=\"h-casos-de-la-risa-real-que-esperar-del-show\"><strong>Casos de la Risa Real: Qu\u00e9 esperar del show<\/strong><\/h2>\n\n\n\n<ul class=\"wp-block-list\">\n<li><strong>Tema principal: <\/strong>\u00c1ngeles. Todo comentario relacionado con esta palabra servir\u00e1 como detonante para las historias improvisadas.<\/li>\n\n\n\n<li><strong>Interacci\u00f3n con el p\u00fablico:<\/strong> Los conductores seleccionar\u00e1n a algunos asistentes para participar en el escenario y compartir sus an\u00e9cdotas.<\/li>\n\n\n\n<li><strong>Improvisaci\u00f3n: <\/strong>Cada relato se construye a partir de las historias enviadas por los seguidores del podcast.<\/li>\n\n\n\n<li><strong>Formato en vivo:<\/strong> Adaptar el podcast al <a href=\"https:\/\/grupohoymexico.com\/puebla\/2025\/08\/15\/julion-alvarez-dara-el-grito-del-15-de-septiembre-en-puebla\/\">escenario<\/a> solo implica subir un poco el tono; la esencia sigue siendo contar historias divertidas.<\/li>\n<\/ul>\n\n\n<div class=\"wp-block-image\">\n<figure class=\"aligncenter size-large is-resized\"><img fetchpriority=\"high\" decoding=\"async\" width=\"819\" height=\"1024\" src=\"https:\/\/grupohoymexico.com\/puebla\/wp-content\/uploads\/sites\/3\/2025\/09\/\u00a1Puebla.-Link-de-boletos-en-bio.-1-819x1024.jpg\" alt=\"Llega a Puebla el podcast \u201cCasos de la Risa Real\u201d con su show en vivo\" class=\"wp-image-77172\" style=\"width:437px;height:auto\" srcset=\"https:\/\/grupohoymexico.com\/puebla\/wp-content\/uploads\/sites\/3\/2025\/09\/\u00a1Puebla.-Link-de-boletos-en-bio.-1-819x1024.jpg 819w, https:\/\/grupohoymexico.com\/puebla\/wp-content\/uploads\/sites\/3\/2025\/09\/\u00a1Puebla.-Link-de-boletos-en-bio.-1-240x300.jpg 240w, https:\/\/grupohoymexico.com\/puebla\/wp-content\/uploads\/sites\/3\/2025\/09\/\u00a1Puebla.-Link-de-boletos-en-bio.-1-768x960.jpg 768w, https:\/\/grupohoymexico.com\/puebla\/wp-content\/uploads\/sites\/3\/2025\/09\/\u00a1Puebla.-Link-de-boletos-en-bio.-1-332x415.jpg 332w, https:\/\/grupohoymexico.com\/puebla\/wp-content\/uploads\/sites\/3\/2025\/09\/\u00a1Puebla.-Link-de-boletos-en-bio.-1-664x830.jpg 664w, https:\/\/grupohoymexico.com\/puebla\/wp-content\/uploads\/sites\/3\/2025\/09\/\u00a1Puebla.-Link-de-boletos-en-bio.-1-688x860.jpg 688w, https:\/\/grupohoymexico.com\/puebla\/wp-content\/uploads\/sites\/3\/2025\/09\/\u00a1Puebla.-Link-de-boletos-en-bio.-1-1044x1305.jpg 1044w, https:\/\/grupohoymexico.com\/puebla\/wp-content\/uploads\/sites\/3\/2025\/09\/\u00a1Puebla.-Link-de-boletos-en-bio.-1.jpg 1080w\" sizes=\"(max-width: 819px) 100vw, 819px\" \/><figcaption class=\"wp-element-caption\">Foto: IG \/ Casos de la Risa Real<\/figcaption><\/figure><\/div>\n\n\n<h2 class=\"wp-block-heading\" id=\"h-datos-importantes-del-evento\"><strong>Datos importantes del evento<\/strong><\/h2>\n\n\n\n<ul class=\"wp-block-list\">\n<li><strong>Fecha y hora:<\/strong> Viernes, 21:00 horas.<\/li>\n\n\n\n<li><strong>Lugar: <\/strong><a href=\"https:\/\/www.instagram.com\/sala_forum?utm_source=ig_web_button_share_sheet&amp;igsh=ZDNlZDc0MzIxNw==\">Sala Forum<\/a>, San Andr\u00e9s Cholula.<\/li>\n\n\n\n<li><strong>Boletos:<\/strong> A la venta en Arema, desde 400 pesos en zona general.<\/li>\n\n\n\n<li><strong>Experiencia: <\/strong>Los creadores destacan la cercan\u00eda con los fans como uno de los momentos m\u00e1s gratificantes de la gira.<\/li>\n<\/ul>\n\n\n\n<p><strong>Karla Morales<\/strong> comenta que la interacci\u00f3n directa con el p\u00fablico les permite disfrutar de la energ\u00eda de sus seguidores y adaptar sus historias en tiempo real. <\/p>\n\n\n\n<blockquote class=\"wp-block-quote is-layout-flow wp-block-quote-is-layout-flow\">\n<p>\u201cNos encanta ver sus reacciones, es parte de lo que hace \u00fanico el show\u201d, agrega.<\/p>\n<\/blockquote>\n\n\n\n<p>Este cierre de minigira promete un espect\u00e1culo lleno de humor, participaci\u00f3n y muchas risas para los seguidores de <strong>\u201cCasos de la Risa Real\u201d en Puebla.<\/strong><\/p>\n","protected":false},"excerpt":{"rendered":"El Diente D\u2019 Oro, Poncho Borbolla y Karla Morales, creadores del podcast \u201cCasos de la Risa Real\u201d, presentan&hellip;","protected":false},"author":1,"featured_media":77173,"comment_status":"open","ping_status":"open","sticky":false,"template":"","format":"standard","meta":{"csco_display_header_overlay":false,"csco_singular_sidebar":"","csco_page_header_type":"","csco_page_load_nextpost":"","csco_post_video_location":[],"csco_post_video_location_hash":"","csco_post_video_url":"","csco_post_video_bg_start_time":0,"csco_post_video_bg_end_time":0,"footnotes":""},"categories":[21,29],"tags":[2207,2210,40,2209,968,2208],"class_list":{"0":"post-77171","1":"post","2":"type-post","3":"status-publish","4":"format-standard","5":"has-post-thumbnail","7":"category-espectaculos","8":"category-estatal","9":"tag-casos-de-la-risa-real","10":"tag-podcast","11":"tag-puebla","12":"tag-sala-forum","13":"tag-san-andres-cholula","14":"tag-show-en-vivo","15":"cs-entry","16":"cs-video-wrap"},"yoast_head":"<!-- This site is optimized with the Yoast SEO Premium plugin v24.7 (Yoast SEO v27.4) - https:\/\/yoast.com\/product\/yoast-seo-premium-wordpress\/ -->\n<title>Llega a Puebla el podcast \u201cCasos de la Risa Real\u201d con su show en vivo - Grupo Hoy Puebla<\/title>\n<meta name=\"description\" content=\"Casos de la Risa Real llega a Puebla: improvisaci\u00f3n, humor y participaci\u00f3n del p\u00fablico en Sala Forum, San Andr\u00e9s Cholula.\" \/>\n<meta name=\"robots\" content=\"index, follow, max-snippet:-1, max-image-preview:large, max-video-preview:-1\" \/>\n<link rel=\"canonical\" href=\"https:\/\/grupohoymexico.com\/puebla\/2025\/09\/05\/llega-a-puebla-el-podcast-casos-de-la-risa-real-con-su-show-en-vivo\/\" \/>\n<meta property=\"og:locale\" content=\"es_MX\" \/>\n<meta property=\"og:type\" content=\"article\" \/>\n<meta property=\"og:title\" content=\"Llega a Puebla el podcast \u201cCasos de la Risa Real\u201d con su show en vivo\" \/>\n<meta property=\"og:description\" content=\"Casos de la Risa Real llega a Puebla: improvisaci\u00f3n, humor y participaci\u00f3n del p\u00fablico en Sala Forum, San Andr\u00e9s Cholula.\" \/>\n<meta property=\"og:url\" content=\"https:\/\/grupohoymexico.com\/puebla\/2025\/09\/05\/llega-a-puebla-el-podcast-casos-de-la-risa-real-con-su-show-en-vivo\/\" \/>\n<meta property=\"og:site_name\" content=\"Grupo Hoy Puebla\" \/>\n<meta property=\"article:published_time\" content=\"2025-09-05T19:21:21+00:00\" \/>\n<meta property=\"article:modified_time\" content=\"2025-09-05T19:21:22+00:00\" \/>\n<meta property=\"og:image\" content=\"https:\/\/grupohoymexico.com\/puebla\/wp-content\/uploads\/sites\/3\/2025\/09\/5033094341061511371.webp\" \/>\n\t<meta property=\"og:image:width\" content=\"1201\" \/>\n\t<meta property=\"og:image:height\" content=\"639\" \/>\n\t<meta property=\"og:image:type\" content=\"image\/webp\" \/>\n<meta name=\"author\" content=\"user\" \/>\n<meta name=\"twitter:card\" content=\"summary_large_image\" \/>\n<meta name=\"twitter:label1\" content=\"Escrito por\" \/>\n\t<meta name=\"twitter:data1\" content=\"user\" \/>\n\t<meta name=\"twitter:label2\" content=\"Tiempo de lectura\" \/>\n\t<meta name=\"twitter:data2\" content=\"2 minutos\" \/>\n<script type=\"application\/ld+json\" class=\"yoast-schema-graph\">{\"@context\":\"https:\\\/\\\/schema.org\",\"@graph\":[{\"@type\":\"Article\",\"@id\":\"https:\\\/\\\/grupohoymexico.com\\\/puebla\\\/2025\\\/09\\\/05\\\/llega-a-puebla-el-podcast-casos-de-la-risa-real-con-su-show-en-vivo\\\/#article\",\"isPartOf\":{\"@id\":\"https:\\\/\\\/grupohoymexico.com\\\/puebla\\\/2025\\\/09\\\/05\\\/llega-a-puebla-el-podcast-casos-de-la-risa-real-con-su-show-en-vivo\\\/\"},\"author\":{\"name\":\"user\",\"@id\":\"https:\\\/\\\/grupohoymexico.com\\\/puebla\\\/#\\\/schema\\\/person\\\/ce6086ac837852775a3a4f539356c297\"},\"headline\":\"Llega a Puebla el podcast \u201cCasos de la Risa Real\u201d con su show en vivo\",\"datePublished\":\"2025-09-05T19:21:21+00:00\",\"dateModified\":\"2025-09-05T19:21:22+00:00\",\"mainEntityOfPage\":{\"@id\":\"https:\\\/\\\/grupohoymexico.com\\\/puebla\\\/2025\\\/09\\\/05\\\/llega-a-puebla-el-podcast-casos-de-la-risa-real-con-su-show-en-vivo\\\/\"},\"wordCount\":283,\"commentCount\":0,\"image\":{\"@id\":\"https:\\\/\\\/grupohoymexico.com\\\/puebla\\\/2025\\\/09\\\/05\\\/llega-a-puebla-el-podcast-casos-de-la-risa-real-con-su-show-en-vivo\\\/#primaryimage\"},\"thumbnailUrl\":\"https:\\\/\\\/grupohoymexico.com\\\/puebla\\\/wp-content\\\/uploads\\\/sites\\\/3\\\/2025\\\/09\\\/5033094341061511371.webp\",\"keywords\":[\"\u201cCasos de la Risa Real\u201d\",\"podcast\",\"puebla\",\"Sala Forum\",\"San Andr\u00e9s Cholula\",\"show en vivo\"],\"articleSection\":[\"Espect\u00e1culos\",\"Estatal\"],\"inLanguage\":\"es\",\"potentialAction\":[{\"@type\":\"CommentAction\",\"name\":\"Comment\",\"target\":[\"https:\\\/\\\/grupohoymexico.com\\\/puebla\\\/2025\\\/09\\\/05\\\/llega-a-puebla-el-podcast-casos-de-la-risa-real-con-su-show-en-vivo\\\/#respond\"]}]},{\"@type\":\"WebPage\",\"@id\":\"https:\\\/\\\/grupohoymexico.com\\\/puebla\\\/2025\\\/09\\\/05\\\/llega-a-puebla-el-podcast-casos-de-la-risa-real-con-su-show-en-vivo\\\/\",\"url\":\"https:\\\/\\\/grupohoymexico.com\\\/puebla\\\/2025\\\/09\\\/05\\\/llega-a-puebla-el-podcast-casos-de-la-risa-real-con-su-show-en-vivo\\\/\",\"name\":\"Llega a Puebla el podcast \u201cCasos de la Risa Real\u201d con su show en vivo - Grupo Hoy Puebla\",\"isPartOf\":{\"@id\":\"https:\\\/\\\/grupohoymexico.com\\\/puebla\\\/#website\"},\"primaryImageOfPage\":{\"@id\":\"https:\\\/\\\/grupohoymexico.com\\\/puebla\\\/2025\\\/09\\\/05\\\/llega-a-puebla-el-podcast-casos-de-la-risa-real-con-su-show-en-vivo\\\/#primaryimage\"},\"image\":{\"@id\":\"https:\\\/\\\/grupohoymexico.com\\\/puebla\\\/2025\\\/09\\\/05\\\/llega-a-puebla-el-podcast-casos-de-la-risa-real-con-su-show-en-vivo\\\/#primaryimage\"},\"thumbnailUrl\":\"https:\\\/\\\/grupohoymexico.com\\\/puebla\\\/wp-content\\\/uploads\\\/sites\\\/3\\\/2025\\\/09\\\/5033094341061511371.webp\",\"datePublished\":\"2025-09-05T19:21:21+00:00\",\"dateModified\":\"2025-09-05T19:21:22+00:00\",\"author\":{\"@id\":\"https:\\\/\\\/grupohoymexico.com\\\/puebla\\\/#\\\/schema\\\/person\\\/ce6086ac837852775a3a4f539356c297\"},\"description\":\"Casos de la Risa Real llega a Puebla: improvisaci\u00f3n, humor y participaci\u00f3n del p\u00fablico en Sala Forum, San Andr\u00e9s Cholula.\",\"breadcrumb\":{\"@id\":\"https:\\\/\\\/grupohoymexico.com\\\/puebla\\\/2025\\\/09\\\/05\\\/llega-a-puebla-el-podcast-casos-de-la-risa-real-con-su-show-en-vivo\\\/#breadcrumb\"},\"inLanguage\":\"es\",\"potentialAction\":[{\"@type\":\"ReadAction\",\"target\":[\"https:\\\/\\\/grupohoymexico.com\\\/puebla\\\/2025\\\/09\\\/05\\\/llega-a-puebla-el-podcast-casos-de-la-risa-real-con-su-show-en-vivo\\\/\"]}]},{\"@type\":\"ImageObject\",\"inLanguage\":\"es\",\"@id\":\"https:\\\/\\\/grupohoymexico.com\\\/puebla\\\/2025\\\/09\\\/05\\\/llega-a-puebla-el-podcast-casos-de-la-risa-real-con-su-show-en-vivo\\\/#primaryimage\",\"url\":\"https:\\\/\\\/grupohoymexico.com\\\/puebla\\\/wp-content\\\/uploads\\\/sites\\\/3\\\/2025\\\/09\\\/5033094341061511371.webp\",\"contentUrl\":\"https:\\\/\\\/grupohoymexico.com\\\/puebla\\\/wp-content\\\/uploads\\\/sites\\\/3\\\/2025\\\/09\\\/5033094341061511371.webp\",\"width\":1201,\"height\":639,\"caption\":\"Foto: Spotify\"},{\"@type\":\"BreadcrumbList\",\"@id\":\"https:\\\/\\\/grupohoymexico.com\\\/puebla\\\/2025\\\/09\\\/05\\\/llega-a-puebla-el-podcast-casos-de-la-risa-real-con-su-show-en-vivo\\\/#breadcrumb\",\"itemListElement\":[{\"@type\":\"ListItem\",\"position\":1,\"name\":\"Inicio\",\"item\":\"https:\\\/\\\/grupohoymexico.com\\\/puebla\\\/\"},{\"@type\":\"ListItem\",\"position\":2,\"name\":\"Llega a Puebla el podcast \u201cCasos de la Risa Real\u201d con su show en vivo\"}]},{\"@type\":\"WebSite\",\"@id\":\"https:\\\/\\\/grupohoymexico.com\\\/puebla\\\/#website\",\"url\":\"https:\\\/\\\/grupohoymexico.com\\\/puebla\\\/\",\"name\":\"Grupo Hoy Puebla\",\"description\":\"\",\"potentialAction\":[{\"@type\":\"SearchAction\",\"target\":{\"@type\":\"EntryPoint\",\"urlTemplate\":\"https:\\\/\\\/grupohoymexico.com\\\/puebla\\\/?s={search_term_string}\"},\"query-input\":{\"@type\":\"PropertyValueSpecification\",\"valueRequired\":true,\"valueName\":\"search_term_string\"}}],\"inLanguage\":\"es\"},{\"@type\":\"Person\",\"@id\":\"https:\\\/\\\/grupohoymexico.com\\\/puebla\\\/#\\\/schema\\\/person\\\/ce6086ac837852775a3a4f539356c297\",\"name\":\"user\",\"image\":{\"@type\":\"ImageObject\",\"inLanguage\":\"es\",\"@id\":\"https:\\\/\\\/secure.gravatar.com\\\/avatar\\\/25f78de4fa956f6f7c01f8d96f8087d8958ebe06d57e630cd54e36aefb9dacea?s=96&d=mm&r=g\",\"url\":\"https:\\\/\\\/secure.gravatar.com\\\/avatar\\\/25f78de4fa956f6f7c01f8d96f8087d8958ebe06d57e630cd54e36aefb9dacea?s=96&d=mm&r=g\",\"contentUrl\":\"https:\\\/\\\/secure.gravatar.com\\\/avatar\\\/25f78de4fa956f6f7c01f8d96f8087d8958ebe06d57e630cd54e36aefb9dacea?s=96&d=mm&r=g\",\"caption\":\"user\"},\"sameAs\":[\"http:\\\/\\\/44.197.188.197.nip.io\"],\"url\":\"https:\\\/\\\/grupohoymexico.com\\\/puebla\\\/author\\\/user\\\/\"}]}<\/script>\n<!-- \/ Yoast SEO Premium plugin. -->","yoast_head_json":{"title":"Llega a Puebla el podcast \u201cCasos de la Risa Real\u201d con su show en vivo - Grupo Hoy Puebla","description":"Casos de la Risa Real llega a Puebla: improvisaci\u00f3n, humor y participaci\u00f3n del p\u00fablico en Sala Forum, San Andr\u00e9s Cholula.","robots":{"index":"index","follow":"follow","max-snippet":"max-snippet:-1","max-image-preview":"max-image-preview:large","max-video-preview":"max-video-preview:-1"},"canonical":"https:\/\/grupohoymexico.com\/puebla\/2025\/09\/05\/llega-a-puebla-el-podcast-casos-de-la-risa-real-con-su-show-en-vivo\/","og_locale":"es_MX","og_type":"article","og_title":"Llega a Puebla el podcast \u201cCasos de la Risa Real\u201d con su show en vivo","og_description":"Casos de la Risa Real llega a Puebla: improvisaci\u00f3n, humor y participaci\u00f3n del p\u00fablico en Sala Forum, San Andr\u00e9s Cholula.","og_url":"https:\/\/grupohoymexico.com\/puebla\/2025\/09\/05\/llega-a-puebla-el-podcast-casos-de-la-risa-real-con-su-show-en-vivo\/","og_site_name":"Grupo Hoy Puebla","article_published_time":"2025-09-05T19:21:21+00:00","article_modified_time":"2025-09-05T19:21:22+00:00","og_image":[{"width":1201,"height":639,"url":"https:\/\/grupohoymexico.com\/puebla\/wp-content\/uploads\/sites\/3\/2025\/09\/5033094341061511371.webp","type":"image\/webp"}],"author":"user","twitter_card":"summary_large_image","twitter_misc":{"Escrito por":"user","Tiempo de lectura":"2 minutos"},"schema":{"@context":"https:\/\/schema.org","@graph":[{"@type":"Article","@id":"https:\/\/grupohoymexico.com\/puebla\/2025\/09\/05\/llega-a-puebla-el-podcast-casos-de-la-risa-real-con-su-show-en-vivo\/#article","isPartOf":{"@id":"https:\/\/grupohoymexico.com\/puebla\/2025\/09\/05\/llega-a-puebla-el-podcast-casos-de-la-risa-real-con-su-show-en-vivo\/"},"author":{"name":"user","@id":"https:\/\/grupohoymexico.com\/puebla\/#\/schema\/person\/ce6086ac837852775a3a4f539356c297"},"headline":"Llega a Puebla el podcast \u201cCasos de la Risa Real\u201d con su show en vivo","datePublished":"2025-09-05T19:21:21+00:00","dateModified":"2025-09-05T19:21:22+00:00","mainEntityOfPage":{"@id":"https:\/\/grupohoymexico.com\/puebla\/2025\/09\/05\/llega-a-puebla-el-podcast-casos-de-la-risa-real-con-su-show-en-vivo\/"},"wordCount":283,"commentCount":0,"image":{"@id":"https:\/\/grupohoymexico.com\/puebla\/2025\/09\/05\/llega-a-puebla-el-podcast-casos-de-la-risa-real-con-su-show-en-vivo\/#primaryimage"},"thumbnailUrl":"https:\/\/grupohoymexico.com\/puebla\/wp-content\/uploads\/sites\/3\/2025\/09\/5033094341061511371.webp","keywords":["\u201cCasos de la Risa Real\u201d","podcast","puebla","Sala Forum","San Andr\u00e9s Cholula","show en vivo"],"articleSection":["Espect\u00e1culos","Estatal"],"inLanguage":"es","potentialAction":[{"@type":"CommentAction","name":"Comment","target":["https:\/\/grupohoymexico.com\/puebla\/2025\/09\/05\/llega-a-puebla-el-podcast-casos-de-la-risa-real-con-su-show-en-vivo\/#respond"]}]},{"@type":"WebPage","@id":"https:\/\/grupohoymexico.com\/puebla\/2025\/09\/05\/llega-a-puebla-el-podcast-casos-de-la-risa-real-con-su-show-en-vivo\/","url":"https:\/\/grupohoymexico.com\/puebla\/2025\/09\/05\/llega-a-puebla-el-podcast-casos-de-la-risa-real-con-su-show-en-vivo\/","name":"Llega a Puebla el podcast \u201cCasos de la Risa Real\u201d con su show en vivo - Grupo Hoy Puebla","isPartOf":{"@id":"https:\/\/grupohoymexico.com\/puebla\/#website"},"primaryImageOfPage":{"@id":"https:\/\/grupohoymexico.com\/puebla\/2025\/09\/05\/llega-a-puebla-el-podcast-casos-de-la-risa-real-con-su-show-en-vivo\/#primaryimage"},"image":{"@id":"https:\/\/grupohoymexico.com\/puebla\/2025\/09\/05\/llega-a-puebla-el-podcast-casos-de-la-risa-real-con-su-show-en-vivo\/#primaryimage"},"thumbnailUrl":"https:\/\/grupohoymexico.com\/puebla\/wp-content\/uploads\/sites\/3\/2025\/09\/5033094341061511371.webp","datePublished":"2025-09-05T19:21:21+00:00","dateModified":"2025-09-05T19:21:22+00:00","author":{"@id":"https:\/\/grupohoymexico.com\/puebla\/#\/schema\/person\/ce6086ac837852775a3a4f539356c297"},"description":"Casos de la Risa Real llega a Puebla: improvisaci\u00f3n, humor y participaci\u00f3n del p\u00fablico en Sala Forum, San Andr\u00e9s Cholula.","breadcrumb":{"@id":"https:\/\/grupohoymexico.com\/puebla\/2025\/09\/05\/llega-a-puebla-el-podcast-casos-de-la-risa-real-con-su-show-en-vivo\/#breadcrumb"},"inLanguage":"es","potentialAction":[{"@type":"ReadAction","target":["https:\/\/grupohoymexico.com\/puebla\/2025\/09\/05\/llega-a-puebla-el-podcast-casos-de-la-risa-real-con-su-show-en-vivo\/"]}]},{"@type":"ImageObject","inLanguage":"es","@id":"https:\/\/grupohoymexico.com\/puebla\/2025\/09\/05\/llega-a-puebla-el-podcast-casos-de-la-risa-real-con-su-show-en-vivo\/#primaryimage","url":"https:\/\/grupohoymexico.com\/puebla\/wp-content\/uploads\/sites\/3\/2025\/09\/5033094341061511371.webp","contentUrl":"https:\/\/grupohoymexico.com\/puebla\/wp-content\/uploads\/sites\/3\/2025\/09\/5033094341061511371.webp","width":1201,"height":639,"caption":"Foto: Spotify"},{"@type":"BreadcrumbList","@id":"https:\/\/grupohoymexico.com\/puebla\/2025\/09\/05\/llega-a-puebla-el-podcast-casos-de-la-risa-real-con-su-show-en-vivo\/#breadcrumb","itemListElement":[{"@type":"ListItem","position":1,"name":"Inicio","item":"https:\/\/grupohoymexico.com\/puebla\/"},{"@type":"ListItem","position":2,"name":"Llega a Puebla el podcast \u201cCasos de la Risa Real\u201d con su show en vivo"}]},{"@type":"WebSite","@id":"https:\/\/grupohoymexico.com\/puebla\/#website","url":"https:\/\/grupohoymexico.com\/puebla\/","name":"Grupo Hoy Puebla","description":"","potentialAction":[{"@type":"SearchAction","target":{"@type":"EntryPoint","urlTemplate":"https:\/\/grupohoymexico.com\/puebla\/?s={search_term_string}"},"query-input":{"@type":"PropertyValueSpecification","valueRequired":true,"valueName":"search_term_string"}}],"inLanguage":"es"},{"@type":"Person","@id":"https:\/\/grupohoymexico.com\/puebla\/#\/schema\/person\/ce6086ac837852775a3a4f539356c297","name":"user","image":{"@type":"ImageObject","inLanguage":"es","@id":"https:\/\/secure.gravatar.com\/avatar\/25f78de4fa956f6f7c01f8d96f8087d8958ebe06d57e630cd54e36aefb9dacea?s=96&d=mm&r=g","url":"https:\/\/secure.gravatar.com\/avatar\/25f78de4fa956f6f7c01f8d96f8087d8958ebe06d57e630cd54e36aefb9dacea?s=96&d=mm&r=g","contentUrl":"https:\/\/secure.gravatar.com\/avatar\/25f78de4fa956f6f7c01f8d96f8087d8958ebe06d57e630cd54e36aefb9dacea?s=96&d=mm&r=g","caption":"user"},"sameAs":["http:\/\/44.197.188.197.nip.io"],"url":"https:\/\/grupohoymexico.com\/puebla\/author\/user\/"}]}},"_links":{"self":[{"href":"https:\/\/grupohoymexico.com\/puebla\/wp-json\/wp\/v2\/posts\/77171","targetHints":{"allow":["GET"]}}],"collection":[{"href":"https:\/\/grupohoymexico.com\/puebla\/wp-json\/wp\/v2\/posts"}],"about":[{"href":"https:\/\/grupohoymexico.com\/puebla\/wp-json\/wp\/v2\/types\/post"}],"author":[{"embeddable":true,"href":"https:\/\/grupohoymexico.com\/puebla\/wp-json\/wp\/v2\/users\/1"}],"replies":[{"embeddable":true,"href":"https:\/\/grupohoymexico.com\/puebla\/wp-json\/wp\/v2\/comments?post=77171"}],"version-history":[{"count":1,"href":"https:\/\/grupohoymexico.com\/puebla\/wp-json\/wp\/v2\/posts\/77171\/revisions"}],"predecessor-version":[{"id":77174,"href":"https:\/\/grupohoymexico.com\/puebla\/wp-json\/wp\/v2\/posts\/77171\/revisions\/77174"}],"wp:featuredmedia":[{"embeddable":true,"href":"https:\/\/grupohoymexico.com\/puebla\/wp-json\/wp\/v2\/media\/77173"}],"wp:attachment":[{"href":"https:\/\/grupohoymexico.com\/puebla\/wp-json\/wp\/v2\/media?parent=77171"}],"wp:term":[{"taxonomy":"category","embeddable":true,"href":"https:\/\/grupohoymexico.com\/puebla\/wp-json\/wp\/v2\/categories?post=77171"},{"taxonomy":"post_tag","embeddable":true,"href":"https:\/\/grupohoymexico.com\/puebla\/wp-json\/wp\/v2\/tags?post=77171"}],"curies":[{"name":"wp","href":"https:\/\/api.w.org\/{rel}","templated":true}]}}