{"id":77167,"date":"2025-09-05T17:04:06","date_gmt":"2025-09-05T17:04:06","guid":{"rendered":"https:\/\/grupohoymexico.com\/puebla\/?p=77167"},"modified":"2025-09-05T17:04:07","modified_gmt":"2025-09-05T17:04:07","slug":"nave-de-hojalateria-en-volkswagen-mexico-sufre-explosion","status":"publish","type":"post","link":"https:\/\/grupohoymexico.com\/puebla\/2025\/09\/05\/nave-de-hojalateria-en-volkswagen-mexico-sufre-explosion\/","title":{"rendered":"Nave de hojalater\u00eda en Volkswagen M\u00e9xico sufre explosi\u00f3n"},"content":{"rendered":"\n<p>La <strong>noche del jueves<\/strong>, una <strong>explosi\u00f3n<\/strong> sacudi\u00f3 la planta de <strong>Volkswagen M\u00e9xico en Cuautlancingo<\/strong>, espec\u00edficamente en la<strong> nave 82<\/strong>, donde se realizan trabajos de hojalater\u00eda. Afortunadamente, no se reportaron personas lesionadas, aunque el incidente<strong> provoc\u00f3 da\u00f1os materiales en el \u00e1rea afectada<\/strong> y gener\u00f3 alarma entre los trabajadores.<\/p>\n\n\n\n<h2 class=\"wp-block-heading\" id=\"h-detonacion-en-cabina-laser\"><strong>Detonaci\u00f3n en cabina l\u00e1ser<\/strong><\/h2>\n\n\n\n<p>Seg\u00fan empleados de la planta, la explosi\u00f3n se origin\u00f3 en una <strong>cabina l\u00e1ser<\/strong>, equipo utilizado para <strong>cortar, soldar y marcar piezas met\u00e1licas<\/strong>. La detonaci\u00f3n provoc\u00f3 una columna de humo que se extendi\u00f3 r\u00e1pidamente por la nave. Ante la emergencia, <strong>los equipos de seguridad activaron los protocolos internos y procedieron a evacuar a todo el personal de manera ordenada<\/strong>.<\/p>\n\n\n\n<p>Los <a href=\"https:\/\/grupohoymexico.com\/puebla\/2025\/06\/12\/gobernacion-atiende-demandas-laborales-de-trabajadores-de-salud-en-mesa-de-dialogo\/\">trabajadores<\/a> destacaron la rapidez con la que se aplicaron las medidas de emergencia. Mientras el humo se dispersaba, <strong>el personal de seguridad logr\u00f3 controlar la situaci\u00f3n y evitar que el siniestro se propagara a otras \u00e1reas de la planta<\/strong>.<\/p>\n\n\n\n<figure class=\"wp-block-image size-large\"><img fetchpriority=\"high\" decoding=\"async\" width=\"1024\" height=\"579\" src=\"https:\/\/grupohoymexico.com\/puebla\/wp-content\/uploads\/sites\/3\/2025\/09\/explosion-nave-volkswagen-puebla-provoca-1024x579.jpg\" alt=\"Nave de hojalater\u00eda en Volkswagen M\u00e9xico sufre explosi\u00f3n\" class=\"wp-image-77168\" srcset=\"https:\/\/grupohoymexico.com\/puebla\/wp-content\/uploads\/sites\/3\/2025\/09\/explosion-nave-volkswagen-puebla-provoca-1024x579.jpg 1024w, https:\/\/grupohoymexico.com\/puebla\/wp-content\/uploads\/sites\/3\/2025\/09\/explosion-nave-volkswagen-puebla-provoca-300x170.jpg 300w, https:\/\/grupohoymexico.com\/puebla\/wp-content\/uploads\/sites\/3\/2025\/09\/explosion-nave-volkswagen-puebla-provoca-768x434.jpg 768w, https:\/\/grupohoymexico.com\/puebla\/wp-content\/uploads\/sites\/3\/2025\/09\/explosion-nave-volkswagen-puebla-provoca-332x188.jpg 332w, https:\/\/grupohoymexico.com\/puebla\/wp-content\/uploads\/sites\/3\/2025\/09\/explosion-nave-volkswagen-puebla-provoca-664x375.jpg 664w, https:\/\/grupohoymexico.com\/puebla\/wp-content\/uploads\/sites\/3\/2025\/09\/explosion-nave-volkswagen-puebla-provoca-688x389.jpg 688w, https:\/\/grupohoymexico.com\/puebla\/wp-content\/uploads\/sites\/3\/2025\/09\/explosion-nave-volkswagen-puebla-provoca-1044x590.jpg 1044w, https:\/\/grupohoymexico.com\/puebla\/wp-content\/uploads\/sites\/3\/2025\/09\/explosion-nave-volkswagen-puebla-provoca.jpg 1200w\" sizes=\"(max-width: 1024px) 100vw, 1024px\" \/><\/figure>\n\n\n\n<h2 class=\"wp-block-heading\" id=\"h-causas-e-investigaciones\"><strong>Causas e investigaciones<\/strong><\/h2>\n\n\n\n<p>Aunque <strong>Volkswagen M\u00e9xico<\/strong> a\u00fan no emite un comunicado oficial, fuentes internas se\u00f1alaron que una posible sobrecarga el\u00e9ctrica pudo haber provocado la explosi\u00f3n. <strong>La empresa realizar\u00e1 una investigaci\u00f3n detallada<\/strong> para confirmar la causa y determinar las medidas necesarias para evitar que un incidente similar ocurra en el futuro.<\/p>\n\n\n\n<p>El hecho genera preocupaci\u00f3n en el sector automotriz de <strong>Puebla<\/strong>, que ha enfrentado situaciones similares en los \u00faltimos a\u00f1os. Por ejemplo, el <strong>22 de marzo de 2024<\/strong>, una explosi\u00f3n en la planta <strong><a href=\"https:\/\/www.audi.com.mx\/es\/\">Audi M\u00e9xico<\/a><\/strong>, tambi\u00e9n ubicada en <strong>Puebla<\/strong>, dej\u00f3 <strong>dos trabajadores lesionados<\/strong> debido a una fuga de gas en la <strong>nave A50.<\/strong><\/p>\n\n\n\n<p>Estos antecedentes resaltan la importancia de mantener <strong>protocolos de seguridad estrictos y revisiones constantes<\/strong> en instalaciones industriales de alta tecnolog\u00eda.<\/p>\n\n\n\n<h2 class=\"wp-block-heading\" id=\"h-danos-y-seguimiento\"><strong>Da\u00f1os y seguimiento<\/strong><\/h2>\n\n\n\n<p>Por el momento, los da\u00f1os se concentran \u00fanicamente en la <strong>nave 82 <\/strong>y no se reportan afectaciones a otras \u00e1reas de producci\u00f3n. La planta continuar\u00e1 sus operaciones mientras se lleva a cabo la revisi\u00f3n de los equipos y <strong>se eval\u00faan los da\u00f1os materiales.<\/strong><\/p>\n\n\n\n<p><strong>Volkswagen M\u00e9xico<\/strong> se espera que emita en las pr\u00f3ximas horas un informe m\u00e1s detallado sobre el incidente, incluyendo la <strong>confirmaci\u00f3n de las causas y las acciones preventivas adoptadas.<\/strong><\/p>\n\n\n\n<p>La r\u00e1pida respuesta de los equipos de seguridad y la evacuaci\u00f3n ordenada de los trabajadores evitaron que la explosi\u00f3n se convirtiera en un accidente mayor.<\/p>\n","protected":false},"excerpt":{"rendered":"La noche del jueves, una explosi\u00f3n sacudi\u00f3 la planta de Volkswagen M\u00e9xico en Cuautlancingo, espec\u00edficamente en la nave&hellip;","protected":false},"author":1,"featured_media":77169,"comment_status":"open","ping_status":"open","sticky":false,"template":"","format":"standard","meta":{"csco_display_header_overlay":false,"csco_singular_sidebar":"","csco_page_header_type":"","csco_page_load_nextpost":"","csco_post_video_location":[],"csco_post_video_location_hash":"","csco_post_video_url":"","csco_post_video_bg_start_time":0,"csco_post_video_bg_end_time":0,"footnotes":""},"categories":[29],"tags":[872,2204,2206,2205,316,40,842,2203],"class_list":{"0":"post-77167","1":"post","2":"type-post","3":"status-publish","4":"format-standard","5":"has-post-thumbnail","7":"category-estatal","8":"tag-cuautlancingo","9":"tag-explosion","10":"tag-hojalateria","11":"tag-nave-82","12":"tag-planta","13":"tag-puebla","14":"tag-trabajadores","15":"tag-volkswagen-mexico","16":"cs-entry","17":"cs-video-wrap"},"yoast_head":"<!-- This site is optimized with the Yoast SEO Premium plugin v24.7 (Yoast SEO v27.4) - https:\/\/yoast.com\/product\/yoast-seo-premium-wordpress\/ -->\n<title>Nave de hojalater\u00eda en Volkswagen M\u00e9xico sufre explosi\u00f3n - Grupo Hoy Puebla<\/title>\n<meta name=\"description\" content=\"Explosi\u00f3n en la nave 82 de Volkswagen M\u00e9xico en Cuautlancingo caus\u00f3 da\u00f1os materiales. Evacuaci\u00f3n ordenada evit\u00f3 lesiones.\" \/>\n<meta name=\"robots\" content=\"index, follow, max-snippet:-1, max-image-preview:large, max-video-preview:-1\" \/>\n<link rel=\"canonical\" href=\"https:\/\/grupohoymexico.com\/puebla\/2025\/09\/05\/nave-de-hojalateria-en-volkswagen-mexico-sufre-explosion\/\" \/>\n<meta property=\"og:locale\" content=\"es_MX\" \/>\n<meta property=\"og:type\" content=\"article\" \/>\n<meta property=\"og:title\" content=\"Nave de hojalater\u00eda en Volkswagen M\u00e9xico sufre explosi\u00f3n\" \/>\n<meta property=\"og:description\" content=\"Explosi\u00f3n en la nave 82 de Volkswagen M\u00e9xico en Cuautlancingo caus\u00f3 da\u00f1os materiales. Evacuaci\u00f3n ordenada evit\u00f3 lesiones.\" \/>\n<meta property=\"og:url\" content=\"https:\/\/grupohoymexico.com\/puebla\/2025\/09\/05\/nave-de-hojalateria-en-volkswagen-mexico-sufre-explosion\/\" \/>\n<meta property=\"og:site_name\" content=\"Grupo Hoy Puebla\" \/>\n<meta property=\"article:published_time\" content=\"2025-09-05T17:04:06+00:00\" \/>\n<meta property=\"article:modified_time\" content=\"2025-09-05T17:04:07+00:00\" \/>\n<meta property=\"og:image\" content=\"https:\/\/grupohoymexico.com\/puebla\/wp-content\/uploads\/sites\/3\/2025\/09\/5033094341061511150.webp\" \/>\n\t<meta property=\"og:image:width\" content=\"1201\" \/>\n\t<meta property=\"og:image:height\" content=\"639\" \/>\n\t<meta property=\"og:image:type\" content=\"image\/webp\" \/>\n<meta name=\"author\" content=\"user\" \/>\n<meta name=\"twitter:card\" content=\"summary_large_image\" \/>\n<meta name=\"twitter:label1\" content=\"Escrito por\" \/>\n\t<meta name=\"twitter:data1\" content=\"user\" \/>\n\t<meta name=\"twitter:label2\" content=\"Tiempo de lectura\" \/>\n\t<meta name=\"twitter:data2\" content=\"3 minutos\" \/>\n<script type=\"application\/ld+json\" class=\"yoast-schema-graph\">{\"@context\":\"https:\\\/\\\/schema.org\",\"@graph\":[{\"@type\":\"Article\",\"@id\":\"https:\\\/\\\/grupohoymexico.com\\\/puebla\\\/2025\\\/09\\\/05\\\/nave-de-hojalateria-en-volkswagen-mexico-sufre-explosion\\\/#article\",\"isPartOf\":{\"@id\":\"https:\\\/\\\/grupohoymexico.com\\\/puebla\\\/2025\\\/09\\\/05\\\/nave-de-hojalateria-en-volkswagen-mexico-sufre-explosion\\\/\"},\"author\":{\"name\":\"user\",\"@id\":\"https:\\\/\\\/grupohoymexico.com\\\/puebla\\\/#\\\/schema\\\/person\\\/ce6086ac837852775a3a4f539356c297\"},\"headline\":\"Nave de hojalater\u00eda en Volkswagen M\u00e9xico sufre explosi\u00f3n\",\"datePublished\":\"2025-09-05T17:04:06+00:00\",\"dateModified\":\"2025-09-05T17:04:07+00:00\",\"mainEntityOfPage\":{\"@id\":\"https:\\\/\\\/grupohoymexico.com\\\/puebla\\\/2025\\\/09\\\/05\\\/nave-de-hojalateria-en-volkswagen-mexico-sufre-explosion\\\/\"},\"wordCount\":416,\"commentCount\":0,\"image\":{\"@id\":\"https:\\\/\\\/grupohoymexico.com\\\/puebla\\\/2025\\\/09\\\/05\\\/nave-de-hojalateria-en-volkswagen-mexico-sufre-explosion\\\/#primaryimage\"},\"thumbnailUrl\":\"https:\\\/\\\/grupohoymexico.com\\\/puebla\\\/wp-content\\\/uploads\\\/sites\\\/3\\\/2025\\\/09\\\/5033094341061511150.webp\",\"keywords\":[\"Cuautlancingo\",\"explosi\u00f3n\",\"hojalater\u00eda\",\"nave 82\",\"planta\",\"puebla\",\"Trabajadores\",\"Volkswagen M\u00e9xico\"],\"articleSection\":[\"Estatal\"],\"inLanguage\":\"es\",\"potentialAction\":[{\"@type\":\"CommentAction\",\"name\":\"Comment\",\"target\":[\"https:\\\/\\\/grupohoymexico.com\\\/puebla\\\/2025\\\/09\\\/05\\\/nave-de-hojalateria-en-volkswagen-mexico-sufre-explosion\\\/#respond\"]}]},{\"@type\":\"WebPage\",\"@id\":\"https:\\\/\\\/grupohoymexico.com\\\/puebla\\\/2025\\\/09\\\/05\\\/nave-de-hojalateria-en-volkswagen-mexico-sufre-explosion\\\/\",\"url\":\"https:\\\/\\\/grupohoymexico.com\\\/puebla\\\/2025\\\/09\\\/05\\\/nave-de-hojalateria-en-volkswagen-mexico-sufre-explosion\\\/\",\"name\":\"Nave de hojalater\u00eda en Volkswagen M\u00e9xico sufre explosi\u00f3n - Grupo Hoy Puebla\",\"isPartOf\":{\"@id\":\"https:\\\/\\\/grupohoymexico.com\\\/puebla\\\/#website\"},\"primaryImageOfPage\":{\"@id\":\"https:\\\/\\\/grupohoymexico.com\\\/puebla\\\/2025\\\/09\\\/05\\\/nave-de-hojalateria-en-volkswagen-mexico-sufre-explosion\\\/#primaryimage\"},\"image\":{\"@id\":\"https:\\\/\\\/grupohoymexico.com\\\/puebla\\\/2025\\\/09\\\/05\\\/nave-de-hojalateria-en-volkswagen-mexico-sufre-explosion\\\/#primaryimage\"},\"thumbnailUrl\":\"https:\\\/\\\/grupohoymexico.com\\\/puebla\\\/wp-content\\\/uploads\\\/sites\\\/3\\\/2025\\\/09\\\/5033094341061511150.webp\",\"datePublished\":\"2025-09-05T17:04:06+00:00\",\"dateModified\":\"2025-09-05T17:04:07+00:00\",\"author\":{\"@id\":\"https:\\\/\\\/grupohoymexico.com\\\/puebla\\\/#\\\/schema\\\/person\\\/ce6086ac837852775a3a4f539356c297\"},\"description\":\"Explosi\u00f3n en la nave 82 de Volkswagen M\u00e9xico en Cuautlancingo caus\u00f3 da\u00f1os materiales. Evacuaci\u00f3n ordenada evit\u00f3 lesiones.\",\"breadcrumb\":{\"@id\":\"https:\\\/\\\/grupohoymexico.com\\\/puebla\\\/2025\\\/09\\\/05\\\/nave-de-hojalateria-en-volkswagen-mexico-sufre-explosion\\\/#breadcrumb\"},\"inLanguage\":\"es\",\"potentialAction\":[{\"@type\":\"ReadAction\",\"target\":[\"https:\\\/\\\/grupohoymexico.com\\\/puebla\\\/2025\\\/09\\\/05\\\/nave-de-hojalateria-en-volkswagen-mexico-sufre-explosion\\\/\"]}]},{\"@type\":\"ImageObject\",\"inLanguage\":\"es\",\"@id\":\"https:\\\/\\\/grupohoymexico.com\\\/puebla\\\/2025\\\/09\\\/05\\\/nave-de-hojalateria-en-volkswagen-mexico-sufre-explosion\\\/#primaryimage\",\"url\":\"https:\\\/\\\/grupohoymexico.com\\\/puebla\\\/wp-content\\\/uploads\\\/sites\\\/3\\\/2025\\\/09\\\/5033094341061511150.webp\",\"contentUrl\":\"https:\\\/\\\/grupohoymexico.com\\\/puebla\\\/wp-content\\\/uploads\\\/sites\\\/3\\\/2025\\\/09\\\/5033094341061511150.webp\",\"width\":1201,\"height\":639,\"caption\":\"Foto: Volkswagen Puebla\"},{\"@type\":\"BreadcrumbList\",\"@id\":\"https:\\\/\\\/grupohoymexico.com\\\/puebla\\\/2025\\\/09\\\/05\\\/nave-de-hojalateria-en-volkswagen-mexico-sufre-explosion\\\/#breadcrumb\",\"itemListElement\":[{\"@type\":\"ListItem\",\"position\":1,\"name\":\"Inicio\",\"item\":\"https:\\\/\\\/grupohoymexico.com\\\/puebla\\\/\"},{\"@type\":\"ListItem\",\"position\":2,\"name\":\"Nave de hojalater\u00eda en Volkswagen M\u00e9xico sufre explosi\u00f3n\"}]},{\"@type\":\"WebSite\",\"@id\":\"https:\\\/\\\/grupohoymexico.com\\\/puebla\\\/#website\",\"url\":\"https:\\\/\\\/grupohoymexico.com\\\/puebla\\\/\",\"name\":\"Grupo Hoy Puebla\",\"description\":\"\",\"potentialAction\":[{\"@type\":\"SearchAction\",\"target\":{\"@type\":\"EntryPoint\",\"urlTemplate\":\"https:\\\/\\\/grupohoymexico.com\\\/puebla\\\/?s={search_term_string}\"},\"query-input\":{\"@type\":\"PropertyValueSpecification\",\"valueRequired\":true,\"valueName\":\"search_term_string\"}}],\"inLanguage\":\"es\"},{\"@type\":\"Person\",\"@id\":\"https:\\\/\\\/grupohoymexico.com\\\/puebla\\\/#\\\/schema\\\/person\\\/ce6086ac837852775a3a4f539356c297\",\"name\":\"user\",\"image\":{\"@type\":\"ImageObject\",\"inLanguage\":\"es\",\"@id\":\"https:\\\/\\\/secure.gravatar.com\\\/avatar\\\/25f78de4fa956f6f7c01f8d96f8087d8958ebe06d57e630cd54e36aefb9dacea?s=96&d=mm&r=g\",\"url\":\"https:\\\/\\\/secure.gravatar.com\\\/avatar\\\/25f78de4fa956f6f7c01f8d96f8087d8958ebe06d57e630cd54e36aefb9dacea?s=96&d=mm&r=g\",\"contentUrl\":\"https:\\\/\\\/secure.gravatar.com\\\/avatar\\\/25f78de4fa956f6f7c01f8d96f8087d8958ebe06d57e630cd54e36aefb9dacea?s=96&d=mm&r=g\",\"caption\":\"user\"},\"sameAs\":[\"http:\\\/\\\/44.197.188.197.nip.io\"],\"url\":\"https:\\\/\\\/grupohoymexico.com\\\/puebla\\\/author\\\/user\\\/\"}]}<\/script>\n<!-- \/ Yoast SEO Premium plugin. -->","yoast_head_json":{"title":"Nave de hojalater\u00eda en Volkswagen M\u00e9xico sufre explosi\u00f3n - Grupo Hoy Puebla","description":"Explosi\u00f3n en la nave 82 de Volkswagen M\u00e9xico en Cuautlancingo caus\u00f3 da\u00f1os materiales. Evacuaci\u00f3n ordenada evit\u00f3 lesiones.","robots":{"index":"index","follow":"follow","max-snippet":"max-snippet:-1","max-image-preview":"max-image-preview:large","max-video-preview":"max-video-preview:-1"},"canonical":"https:\/\/grupohoymexico.com\/puebla\/2025\/09\/05\/nave-de-hojalateria-en-volkswagen-mexico-sufre-explosion\/","og_locale":"es_MX","og_type":"article","og_title":"Nave de hojalater\u00eda en Volkswagen M\u00e9xico sufre explosi\u00f3n","og_description":"Explosi\u00f3n en la nave 82 de Volkswagen M\u00e9xico en Cuautlancingo caus\u00f3 da\u00f1os materiales. Evacuaci\u00f3n ordenada evit\u00f3 lesiones.","og_url":"https:\/\/grupohoymexico.com\/puebla\/2025\/09\/05\/nave-de-hojalateria-en-volkswagen-mexico-sufre-explosion\/","og_site_name":"Grupo Hoy Puebla","article_published_time":"2025-09-05T17:04:06+00:00","article_modified_time":"2025-09-05T17:04:07+00:00","og_image":[{"width":1201,"height":639,"url":"https:\/\/grupohoymexico.com\/puebla\/wp-content\/uploads\/sites\/3\/2025\/09\/5033094341061511150.webp","type":"image\/webp"}],"author":"user","twitter_card":"summary_large_image","twitter_misc":{"Escrito por":"user","Tiempo de lectura":"3 minutos"},"schema":{"@context":"https:\/\/schema.org","@graph":[{"@type":"Article","@id":"https:\/\/grupohoymexico.com\/puebla\/2025\/09\/05\/nave-de-hojalateria-en-volkswagen-mexico-sufre-explosion\/#article","isPartOf":{"@id":"https:\/\/grupohoymexico.com\/puebla\/2025\/09\/05\/nave-de-hojalateria-en-volkswagen-mexico-sufre-explosion\/"},"author":{"name":"user","@id":"https:\/\/grupohoymexico.com\/puebla\/#\/schema\/person\/ce6086ac837852775a3a4f539356c297"},"headline":"Nave de hojalater\u00eda en Volkswagen M\u00e9xico sufre explosi\u00f3n","datePublished":"2025-09-05T17:04:06+00:00","dateModified":"2025-09-05T17:04:07+00:00","mainEntityOfPage":{"@id":"https:\/\/grupohoymexico.com\/puebla\/2025\/09\/05\/nave-de-hojalateria-en-volkswagen-mexico-sufre-explosion\/"},"wordCount":416,"commentCount":0,"image":{"@id":"https:\/\/grupohoymexico.com\/puebla\/2025\/09\/05\/nave-de-hojalateria-en-volkswagen-mexico-sufre-explosion\/#primaryimage"},"thumbnailUrl":"https:\/\/grupohoymexico.com\/puebla\/wp-content\/uploads\/sites\/3\/2025\/09\/5033094341061511150.webp","keywords":["Cuautlancingo","explosi\u00f3n","hojalater\u00eda","nave 82","planta","puebla","Trabajadores","Volkswagen M\u00e9xico"],"articleSection":["Estatal"],"inLanguage":"es","potentialAction":[{"@type":"CommentAction","name":"Comment","target":["https:\/\/grupohoymexico.com\/puebla\/2025\/09\/05\/nave-de-hojalateria-en-volkswagen-mexico-sufre-explosion\/#respond"]}]},{"@type":"WebPage","@id":"https:\/\/grupohoymexico.com\/puebla\/2025\/09\/05\/nave-de-hojalateria-en-volkswagen-mexico-sufre-explosion\/","url":"https:\/\/grupohoymexico.com\/puebla\/2025\/09\/05\/nave-de-hojalateria-en-volkswagen-mexico-sufre-explosion\/","name":"Nave de hojalater\u00eda en Volkswagen M\u00e9xico sufre explosi\u00f3n - Grupo Hoy Puebla","isPartOf":{"@id":"https:\/\/grupohoymexico.com\/puebla\/#website"},"primaryImageOfPage":{"@id":"https:\/\/grupohoymexico.com\/puebla\/2025\/09\/05\/nave-de-hojalateria-en-volkswagen-mexico-sufre-explosion\/#primaryimage"},"image":{"@id":"https:\/\/grupohoymexico.com\/puebla\/2025\/09\/05\/nave-de-hojalateria-en-volkswagen-mexico-sufre-explosion\/#primaryimage"},"thumbnailUrl":"https:\/\/grupohoymexico.com\/puebla\/wp-content\/uploads\/sites\/3\/2025\/09\/5033094341061511150.webp","datePublished":"2025-09-05T17:04:06+00:00","dateModified":"2025-09-05T17:04:07+00:00","author":{"@id":"https:\/\/grupohoymexico.com\/puebla\/#\/schema\/person\/ce6086ac837852775a3a4f539356c297"},"description":"Explosi\u00f3n en la nave 82 de Volkswagen M\u00e9xico en Cuautlancingo caus\u00f3 da\u00f1os materiales. Evacuaci\u00f3n ordenada evit\u00f3 lesiones.","breadcrumb":{"@id":"https:\/\/grupohoymexico.com\/puebla\/2025\/09\/05\/nave-de-hojalateria-en-volkswagen-mexico-sufre-explosion\/#breadcrumb"},"inLanguage":"es","potentialAction":[{"@type":"ReadAction","target":["https:\/\/grupohoymexico.com\/puebla\/2025\/09\/05\/nave-de-hojalateria-en-volkswagen-mexico-sufre-explosion\/"]}]},{"@type":"ImageObject","inLanguage":"es","@id":"https:\/\/grupohoymexico.com\/puebla\/2025\/09\/05\/nave-de-hojalateria-en-volkswagen-mexico-sufre-explosion\/#primaryimage","url":"https:\/\/grupohoymexico.com\/puebla\/wp-content\/uploads\/sites\/3\/2025\/09\/5033094341061511150.webp","contentUrl":"https:\/\/grupohoymexico.com\/puebla\/wp-content\/uploads\/sites\/3\/2025\/09\/5033094341061511150.webp","width":1201,"height":639,"caption":"Foto: Volkswagen Puebla"},{"@type":"BreadcrumbList","@id":"https:\/\/grupohoymexico.com\/puebla\/2025\/09\/05\/nave-de-hojalateria-en-volkswagen-mexico-sufre-explosion\/#breadcrumb","itemListElement":[{"@type":"ListItem","position":1,"name":"Inicio","item":"https:\/\/grupohoymexico.com\/puebla\/"},{"@type":"ListItem","position":2,"name":"Nave de hojalater\u00eda en Volkswagen M\u00e9xico sufre explosi\u00f3n"}]},{"@type":"WebSite","@id":"https:\/\/grupohoymexico.com\/puebla\/#website","url":"https:\/\/grupohoymexico.com\/puebla\/","name":"Grupo Hoy Puebla","description":"","potentialAction":[{"@type":"SearchAction","target":{"@type":"EntryPoint","urlTemplate":"https:\/\/grupohoymexico.com\/puebla\/?s={search_term_string}"},"query-input":{"@type":"PropertyValueSpecification","valueRequired":true,"valueName":"search_term_string"}}],"inLanguage":"es"},{"@type":"Person","@id":"https:\/\/grupohoymexico.com\/puebla\/#\/schema\/person\/ce6086ac837852775a3a4f539356c297","name":"user","image":{"@type":"ImageObject","inLanguage":"es","@id":"https:\/\/secure.gravatar.com\/avatar\/25f78de4fa956f6f7c01f8d96f8087d8958ebe06d57e630cd54e36aefb9dacea?s=96&d=mm&r=g","url":"https:\/\/secure.gravatar.com\/avatar\/25f78de4fa956f6f7c01f8d96f8087d8958ebe06d57e630cd54e36aefb9dacea?s=96&d=mm&r=g","contentUrl":"https:\/\/secure.gravatar.com\/avatar\/25f78de4fa956f6f7c01f8d96f8087d8958ebe06d57e630cd54e36aefb9dacea?s=96&d=mm&r=g","caption":"user"},"sameAs":["http:\/\/44.197.188.197.nip.io"],"url":"https:\/\/grupohoymexico.com\/puebla\/author\/user\/"}]}},"_links":{"self":[{"href":"https:\/\/grupohoymexico.com\/puebla\/wp-json\/wp\/v2\/posts\/77167","targetHints":{"allow":["GET"]}}],"collection":[{"href":"https:\/\/grupohoymexico.com\/puebla\/wp-json\/wp\/v2\/posts"}],"about":[{"href":"https:\/\/grupohoymexico.com\/puebla\/wp-json\/wp\/v2\/types\/post"}],"author":[{"embeddable":true,"href":"https:\/\/grupohoymexico.com\/puebla\/wp-json\/wp\/v2\/users\/1"}],"replies":[{"embeddable":true,"href":"https:\/\/grupohoymexico.com\/puebla\/wp-json\/wp\/v2\/comments?post=77167"}],"version-history":[{"count":1,"href":"https:\/\/grupohoymexico.com\/puebla\/wp-json\/wp\/v2\/posts\/77167\/revisions"}],"predecessor-version":[{"id":77170,"href":"https:\/\/grupohoymexico.com\/puebla\/wp-json\/wp\/v2\/posts\/77167\/revisions\/77170"}],"wp:featuredmedia":[{"embeddable":true,"href":"https:\/\/grupohoymexico.com\/puebla\/wp-json\/wp\/v2\/media\/77169"}],"wp:attachment":[{"href":"https:\/\/grupohoymexico.com\/puebla\/wp-json\/wp\/v2\/media?parent=77167"}],"wp:term":[{"taxonomy":"category","embeddable":true,"href":"https:\/\/grupohoymexico.com\/puebla\/wp-json\/wp\/v2\/categories?post=77167"},{"taxonomy":"post_tag","embeddable":true,"href":"https:\/\/grupohoymexico.com\/puebla\/wp-json\/wp\/v2\/tags?post=77167"}],"curies":[{"name":"wp","href":"https:\/\/api.w.org\/{rel}","templated":true}]}}