{"id":77150,"date":"2025-09-04T19:17:27","date_gmt":"2025-09-04T19:17:27","guid":{"rendered":"https:\/\/grupohoymexico.com\/puebla\/?p=77150"},"modified":"2025-09-04T19:17:28","modified_gmt":"2025-09-04T19:17:28","slug":"puebla-refuerza-la-atencion-en-salud-mental-infantil-y-adolescente-con-la-apertura-del-ceposami","status":"publish","type":"post","link":"https:\/\/grupohoymexico.com\/puebla\/2025\/09\/04\/puebla-refuerza-la-atencion-en-salud-mental-infantil-y-adolescente-con-la-apertura-del-ceposami\/","title":{"rendered":"Puebla refuerza la atenci\u00f3n en salud mental infantil y adolescente con la apertura del CEPOSAMI"},"content":{"rendered":"\n<p>El <strong>gobernador de Puebla, Alejandro Armenta Mier<\/strong>, anunci\u00f3 la apertura del <strong>Centro Poblano de Salud Mental Integral para Ni\u00f1as, Ni\u00f1os y Adolescentes (CEPOSAMI)<\/strong>, ubicado en <strong>Casa Puebla<\/strong>, en la zona de <strong>Los Fuertes<\/strong>. Esta iniciativa del <strong>Sistema Estatal DIF<\/strong> busca ofrecer atenci\u00f3n especializada en <strong>salud mental a menores de 10 a 18 a\u00f1os<\/strong>, ante el aumento de casos de <strong>ansiedad y depresi\u00f3n<\/strong> en este grupo etario.<\/p>\n\n\n\n<figure class=\"wp-block-image size-large\"><img fetchpriority=\"high\" decoding=\"async\" width=\"1024\" height=\"637\" src=\"https:\/\/grupohoymexico.com\/puebla\/wp-content\/uploads\/sites\/3\/2025\/09\/AA_624_2-1024x637.jpeg\" alt=\"Puebla refuerza la atenci\u00f3n en salud mental infantil y adolescente con la apertura del CEPOSAMI\" class=\"wp-image-77151\" srcset=\"https:\/\/grupohoymexico.com\/puebla\/wp-content\/uploads\/sites\/3\/2025\/09\/AA_624_2-1024x637.jpeg 1024w, https:\/\/grupohoymexico.com\/puebla\/wp-content\/uploads\/sites\/3\/2025\/09\/AA_624_2-300x187.jpeg 300w, https:\/\/grupohoymexico.com\/puebla\/wp-content\/uploads\/sites\/3\/2025\/09\/AA_624_2-768x478.jpeg 768w, https:\/\/grupohoymexico.com\/puebla\/wp-content\/uploads\/sites\/3\/2025\/09\/AA_624_2-332x206.jpeg 332w, https:\/\/grupohoymexico.com\/puebla\/wp-content\/uploads\/sites\/3\/2025\/09\/AA_624_2-664x413.jpeg 664w, https:\/\/grupohoymexico.com\/puebla\/wp-content\/uploads\/sites\/3\/2025\/09\/AA_624_2-688x428.jpeg 688w, https:\/\/grupohoymexico.com\/puebla\/wp-content\/uploads\/sites\/3\/2025\/09\/AA_624_2-1044x649.jpeg 1044w, https:\/\/grupohoymexico.com\/puebla\/wp-content\/uploads\/sites\/3\/2025\/09\/AA_624_2.jpeg 1280w\" sizes=\"(max-width: 1024px) 100vw, 1024px\" \/><figcaption class=\"wp-element-caption\">Foto: Gobierno del Estado de Puebla<\/figcaption><\/figure>\n\n\n\n<h2 class=\"wp-block-heading\" id=\"h-creciente-demanda-de-atencion-en-salud-mental\"><strong>Creciente demanda de atenci\u00f3n en salud mental<\/strong><\/h2>\n\n\n\n<p>En <strong>2024, Puebla<\/strong> registr\u00f3 <strong>10,716 <\/strong>consultas de primera vez por problemas de salud mental. De estas, aproximadamente el <strong>20%<\/strong> correspondieron a menores de <strong>14 a\u00f1os<\/strong>, siendo la <strong>ansiedad y la depresi\u00f3n<\/strong> los trastornos m\u00e1s comunes. Adem\u00e1s, el<strong> 7.4%<\/strong> de los casos fueron adolescentes de entre <strong>15 y 19 a\u00f1os<\/strong>. Estos datos reflejan una tendencia preocupante en la salud mental infantil y adolescente en el estado.<\/p>\n\n\n\n<h2 class=\"wp-block-heading\" id=\"h-factores-que-contribuyen-al-deterioro-emocional\"><strong>Factores que contribuyen al deterioro emocional<\/strong><\/h2>\n\n\n\n<p>Diversos estudios se\u00f1alan que el <strong>uso excesivo de dispositivos electr\u00f3nicos<\/strong>, especialmente durante la <strong>pandemia de <a href=\"https:\/\/grupohoymexico.com\/puebla\/2025\/08\/28\/mexico-recibira-nueva-vacuna-contra-covid-19-este-otono\/\">COVID-19<\/a><\/strong>, ha afectado negativamente la salud mental de los j\u00f3venes. El <strong>especialista Javier Albares <\/strong>advierte sobre los efectos del abuso de pantallas, como la <strong>privaci\u00f3n de sue\u00f1o, disminuci\u00f3n de la concentraci\u00f3n y aumento de la ansiedad y depresi\u00f3n.<\/strong><\/p>\n\n\n\n<p>Adem\u00e1s, el fen\u00f3meno del <strong>&#8220;contagio emocional&#8221; en redes sociales<\/strong> agrava estos problemas, ya que los j\u00f3venes encuentran respuestas inadecuadas que intensifican sus dificultades emocionales.<\/p>\n\n\n\n<figure class=\"wp-block-image size-large\"><img decoding=\"async\" width=\"1024\" height=\"690\" src=\"https:\/\/grupohoymexico.com\/puebla\/wp-content\/uploads\/sites\/3\/2025\/09\/uso_del_movil_en_nios-1024x690.jpg\" alt=\"\" class=\"wp-image-77152\" srcset=\"https:\/\/grupohoymexico.com\/puebla\/wp-content\/uploads\/sites\/3\/2025\/09\/uso_del_movil_en_nios-1024x690.jpg 1024w, https:\/\/grupohoymexico.com\/puebla\/wp-content\/uploads\/sites\/3\/2025\/09\/uso_del_movil_en_nios-300x202.jpg 300w, https:\/\/grupohoymexico.com\/puebla\/wp-content\/uploads\/sites\/3\/2025\/09\/uso_del_movil_en_nios-768x518.jpg 768w, https:\/\/grupohoymexico.com\/puebla\/wp-content\/uploads\/sites\/3\/2025\/09\/uso_del_movil_en_nios-1536x1035.jpg 1536w, https:\/\/grupohoymexico.com\/puebla\/wp-content\/uploads\/sites\/3\/2025\/09\/uso_del_movil_en_nios-332x224.jpg 332w, https:\/\/grupohoymexico.com\/puebla\/wp-content\/uploads\/sites\/3\/2025\/09\/uso_del_movil_en_nios-664x447.jpg 664w, https:\/\/grupohoymexico.com\/puebla\/wp-content\/uploads\/sites\/3\/2025\/09\/uso_del_movil_en_nios-688x464.jpg 688w, https:\/\/grupohoymexico.com\/puebla\/wp-content\/uploads\/sites\/3\/2025\/09\/uso_del_movil_en_nios-1044x703.jpg 1044w, https:\/\/grupohoymexico.com\/puebla\/wp-content\/uploads\/sites\/3\/2025\/09\/uso_del_movil_en_nios-1400x943.jpg 1400w, https:\/\/grupohoymexico.com\/puebla\/wp-content\/uploads\/sites\/3\/2025\/09\/uso_del_movil_en_nios-1920x1294.jpg 1920w, https:\/\/grupohoymexico.com\/puebla\/wp-content\/uploads\/sites\/3\/2025\/09\/uso_del_movil_en_nios.jpg 2048w\" sizes=\"(max-width: 1024px) 100vw, 1024px\" \/><\/figure>\n\n\n\n<h2 class=\"wp-block-heading\" id=\"h-modelo-innovador-de-atencion-integral\"><strong>Modelo innovador de atenci\u00f3n integral<\/strong><\/h2>\n\n\n\n<p>El <strong>CEPOSAMI<\/strong> implementa un modelo de atenci\u00f3n integral que incluye <strong>servicios de psicoterapia, talleres de prevenci\u00f3n, apoyo emocional y asesoramiento a familias.<\/strong> Esta propuesta es reconocida a nivel nacional como un modelo \u00fanico en su tipo, posicionando a <strong>Puebla <\/strong>como referente en atenci\u00f3n especializada para ni\u00f1as, ni\u00f1os y adolescentes.<\/p>\n\n\n\n<h2 class=\"wp-block-heading\" id=\"h-iniciativas-complementarias-para-el-bienestar-juvenil\"><strong>Iniciativas complementarias para el bienestar juvenil<\/strong><\/h2>\n\n\n\n<p>El gobierno estatal tambi\u00e9n fortalece la infraestructura de salud mental y adicciones, con la construcci\u00f3n de una <strong>cl\u00ednica especializada en <a href=\"https:\/\/maps.app.goo.gl\/1XZcJTo4iznJFfkj8\">Flor del Bosque <\/a><\/strong>y la instalaci\u00f3n de tecnolog\u00eda en casas de salud para ofrecer <strong>teleconsulta en comunidades alejadas<\/strong>. Estas acciones buscan mejorar el acceso a servicios de salud mental en todo el estado.<\/p>\n\n\n\n<figure class=\"wp-block-image size-large\"><img decoding=\"async\" width=\"1024\" height=\"682\" src=\"https:\/\/grupohoymexico.com\/puebla\/wp-content\/uploads\/sites\/3\/2025\/09\/WhatsApp_Image_2025-06-02_at_4.35.22_PM-1024x682.jpeg\" alt=\"Flor del Bosque \" class=\"wp-image-77153\" srcset=\"https:\/\/grupohoymexico.com\/puebla\/wp-content\/uploads\/sites\/3\/2025\/09\/WhatsApp_Image_2025-06-02_at_4.35.22_PM-1024x682.jpeg 1024w, https:\/\/grupohoymexico.com\/puebla\/wp-content\/uploads\/sites\/3\/2025\/09\/WhatsApp_Image_2025-06-02_at_4.35.22_PM-300x200.jpeg 300w, https:\/\/grupohoymexico.com\/puebla\/wp-content\/uploads\/sites\/3\/2025\/09\/WhatsApp_Image_2025-06-02_at_4.35.22_PM-768x512.jpeg 768w, https:\/\/grupohoymexico.com\/puebla\/wp-content\/uploads\/sites\/3\/2025\/09\/WhatsApp_Image_2025-06-02_at_4.35.22_PM-332x221.jpeg 332w, https:\/\/grupohoymexico.com\/puebla\/wp-content\/uploads\/sites\/3\/2025\/09\/WhatsApp_Image_2025-06-02_at_4.35.22_PM-664x442.jpeg 664w, https:\/\/grupohoymexico.com\/puebla\/wp-content\/uploads\/sites\/3\/2025\/09\/WhatsApp_Image_2025-06-02_at_4.35.22_PM-688x458.jpeg 688w, https:\/\/grupohoymexico.com\/puebla\/wp-content\/uploads\/sites\/3\/2025\/09\/WhatsApp_Image_2025-06-02_at_4.35.22_PM-1044x696.jpeg 1044w, https:\/\/grupohoymexico.com\/puebla\/wp-content\/uploads\/sites\/3\/2025\/09\/WhatsApp_Image_2025-06-02_at_4.35.22_PM.jpeg 1280w\" sizes=\"(max-width: 1024px) 100vw, 1024px\" \/><figcaption class=\"wp-element-caption\">Foto: Gobierno del Estado de Puebla<\/figcaption><\/figure>\n\n\n\n<h2 class=\"wp-block-heading\" id=\"h-eventos-culturales-para-promover-la-salud-mental-en-puebla\"><strong>Eventos culturales para promover la salud mental en Puebla<\/strong><\/h2>\n\n\n\n<p>Como parte de las acciones para promover el bienestar emocional, el gobierno estatal organiz\u00f3 eventos culturales. El <strong>7 de septiembre <\/strong>se presentar\u00e1 el <strong>musical &#8220;Frida Kahlo&#8221; en el Teatro Principal,<\/strong> con boletos desde <strong>180 pesos<\/strong>. El <strong>18 de septiembre, el Auditorio Metropolitano<\/strong> recibir\u00e1 a la compa\u00f1\u00eda <strong>Rodar\u00e1 con &#8220;El Mago Interno&#8221;<\/strong>, un espect\u00e1culo de reflexi\u00f3n que combina actos circenses.<\/p>\n\n\n\n<p>La apertura del <strong>CEPOSAMI<\/strong> representa un paso significativo en la atenci\u00f3n de la salud mental de los menores en <strong>Puebla<\/strong>. Sin embargo, es crucial continuar fortaleciendo los <strong>servicios de salud mental y promover una cultura de bienestar emocional <\/strong>para garantizar un desarrollo integral de la ni\u00f1ez y adolescencia en el estado.<\/p>\n","protected":false},"excerpt":{"rendered":"El gobernador de Puebla, Alejandro Armenta Mier, anunci\u00f3 la apertura del Centro Poblano de Salud Mental Integral para&hellip;","protected":false},"author":1,"featured_media":77154,"comment_status":"open","ping_status":"open","sticky":false,"template":"","format":"standard","meta":{"csco_display_header_overlay":false,"csco_singular_sidebar":"","csco_page_header_type":"","csco_page_load_nextpost":"","csco_post_video_location":[],"csco_post_video_location_hash":"","csco_post_video_url":"","csco_post_video_bg_start_time":0,"csco_post_video_bg_end_time":0,"footnotes":""},"categories":[29],"tags":[1632,98,2194,546,40,2195],"class_list":{"0":"post-77150","1":"post","2":"type-post","3":"status-publish","4":"format-standard","5":"has-post-thumbnail","7":"category-estatal","8":"tag-adolescentes","9":"tag-alejandro-armenta","10":"tag-ceposami","11":"tag-ninos","12":"tag-puebla","13":"tag-salud-mental","14":"cs-entry","15":"cs-video-wrap"},"yoast_head":"<!-- This site is optimized with the Yoast SEO Premium plugin v24.7 (Yoast SEO v27.4) - https:\/\/yoast.com\/product\/yoast-seo-premium-wordpress\/ -->\n<title>Puebla refuerza la atenci\u00f3n en salud mental infantil y adolescente con la apertura del CEPOSAMI - Grupo Hoy Puebla<\/title>\n<meta name=\"description\" content=\"El gobernador abre el Centro de Salud Mental CEPOSAMI para atender a ni\u00f1os y adolescentes ante el aumento de ansiedad y depresi\u00f3n.\" \/>\n<meta name=\"robots\" content=\"index, follow, max-snippet:-1, max-image-preview:large, max-video-preview:-1\" \/>\n<link rel=\"canonical\" href=\"https:\/\/grupohoymexico.com\/puebla\/2025\/09\/04\/puebla-refuerza-la-atencion-en-salud-mental-infantil-y-adolescente-con-la-apertura-del-ceposami\/\" \/>\n<meta property=\"og:locale\" content=\"es_MX\" \/>\n<meta property=\"og:type\" content=\"article\" \/>\n<meta property=\"og:title\" content=\"Puebla refuerza la atenci\u00f3n en salud mental infantil y adolescente con la apertura del CEPOSAMI\" \/>\n<meta property=\"og:description\" content=\"El gobernador abre el Centro de Salud Mental CEPOSAMI para atender a ni\u00f1os y adolescentes ante el aumento de ansiedad y depresi\u00f3n.\" \/>\n<meta property=\"og:url\" content=\"https:\/\/grupohoymexico.com\/puebla\/2025\/09\/04\/puebla-refuerza-la-atencion-en-salud-mental-infantil-y-adolescente-con-la-apertura-del-ceposami\/\" \/>\n<meta property=\"og:site_name\" content=\"Grupo Hoy Puebla\" \/>\n<meta property=\"article:published_time\" content=\"2025-09-04T19:17:27+00:00\" \/>\n<meta property=\"article:modified_time\" content=\"2025-09-04T19:17:28+00:00\" \/>\n<meta property=\"og:image\" content=\"https:\/\/grupohoymexico.com\/puebla\/wp-content\/uploads\/sites\/3\/2025\/09\/5030842541247825444.webp\" \/>\n\t<meta property=\"og:image:width\" content=\"1201\" \/>\n\t<meta property=\"og:image:height\" content=\"639\" \/>\n\t<meta property=\"og:image:type\" content=\"image\/webp\" \/>\n<meta name=\"author\" content=\"user\" \/>\n<meta name=\"twitter:card\" content=\"summary_large_image\" \/>\n<meta name=\"twitter:label1\" content=\"Escrito por\" \/>\n\t<meta name=\"twitter:data1\" content=\"user\" \/>\n\t<meta name=\"twitter:label2\" content=\"Tiempo de lectura\" \/>\n\t<meta name=\"twitter:data2\" content=\"3 minutos\" \/>\n<script type=\"application\/ld+json\" class=\"yoast-schema-graph\">{\"@context\":\"https:\\\/\\\/schema.org\",\"@graph\":[{\"@type\":\"Article\",\"@id\":\"https:\\\/\\\/grupohoymexico.com\\\/puebla\\\/2025\\\/09\\\/04\\\/puebla-refuerza-la-atencion-en-salud-mental-infantil-y-adolescente-con-la-apertura-del-ceposami\\\/#article\",\"isPartOf\":{\"@id\":\"https:\\\/\\\/grupohoymexico.com\\\/puebla\\\/2025\\\/09\\\/04\\\/puebla-refuerza-la-atencion-en-salud-mental-infantil-y-adolescente-con-la-apertura-del-ceposami\\\/\"},\"author\":{\"name\":\"user\",\"@id\":\"https:\\\/\\\/grupohoymexico.com\\\/puebla\\\/#\\\/schema\\\/person\\\/ce6086ac837852775a3a4f539356c297\"},\"headline\":\"Puebla refuerza la atenci\u00f3n en salud mental infantil y adolescente con la apertura del CEPOSAMI\",\"datePublished\":\"2025-09-04T19:17:27+00:00\",\"dateModified\":\"2025-09-04T19:17:28+00:00\",\"mainEntityOfPage\":{\"@id\":\"https:\\\/\\\/grupohoymexico.com\\\/puebla\\\/2025\\\/09\\\/04\\\/puebla-refuerza-la-atencion-en-salud-mental-infantil-y-adolescente-con-la-apertura-del-ceposami\\\/\"},\"wordCount\":507,\"commentCount\":0,\"image\":{\"@id\":\"https:\\\/\\\/grupohoymexico.com\\\/puebla\\\/2025\\\/09\\\/04\\\/puebla-refuerza-la-atencion-en-salud-mental-infantil-y-adolescente-con-la-apertura-del-ceposami\\\/#primaryimage\"},\"thumbnailUrl\":\"https:\\\/\\\/grupohoymexico.com\\\/puebla\\\/wp-content\\\/uploads\\\/sites\\\/3\\\/2025\\\/09\\\/5030842541247825444.webp\",\"keywords\":[\"adolescentes\",\"Alejandro Armenta\",\"CEPOSAMI\",\"ni\u00f1os\",\"puebla\",\"salud mental\"],\"articleSection\":[\"Estatal\"],\"inLanguage\":\"es\",\"potentialAction\":[{\"@type\":\"CommentAction\",\"name\":\"Comment\",\"target\":[\"https:\\\/\\\/grupohoymexico.com\\\/puebla\\\/2025\\\/09\\\/04\\\/puebla-refuerza-la-atencion-en-salud-mental-infantil-y-adolescente-con-la-apertura-del-ceposami\\\/#respond\"]}]},{\"@type\":\"WebPage\",\"@id\":\"https:\\\/\\\/grupohoymexico.com\\\/puebla\\\/2025\\\/09\\\/04\\\/puebla-refuerza-la-atencion-en-salud-mental-infantil-y-adolescente-con-la-apertura-del-ceposami\\\/\",\"url\":\"https:\\\/\\\/grupohoymexico.com\\\/puebla\\\/2025\\\/09\\\/04\\\/puebla-refuerza-la-atencion-en-salud-mental-infantil-y-adolescente-con-la-apertura-del-ceposami\\\/\",\"name\":\"Puebla refuerza la atenci\u00f3n en salud mental infantil y adolescente con la apertura del CEPOSAMI - Grupo Hoy Puebla\",\"isPartOf\":{\"@id\":\"https:\\\/\\\/grupohoymexico.com\\\/puebla\\\/#website\"},\"primaryImageOfPage\":{\"@id\":\"https:\\\/\\\/grupohoymexico.com\\\/puebla\\\/2025\\\/09\\\/04\\\/puebla-refuerza-la-atencion-en-salud-mental-infantil-y-adolescente-con-la-apertura-del-ceposami\\\/#primaryimage\"},\"image\":{\"@id\":\"https:\\\/\\\/grupohoymexico.com\\\/puebla\\\/2025\\\/09\\\/04\\\/puebla-refuerza-la-atencion-en-salud-mental-infantil-y-adolescente-con-la-apertura-del-ceposami\\\/#primaryimage\"},\"thumbnailUrl\":\"https:\\\/\\\/grupohoymexico.com\\\/puebla\\\/wp-content\\\/uploads\\\/sites\\\/3\\\/2025\\\/09\\\/5030842541247825444.webp\",\"datePublished\":\"2025-09-04T19:17:27+00:00\",\"dateModified\":\"2025-09-04T19:17:28+00:00\",\"author\":{\"@id\":\"https:\\\/\\\/grupohoymexico.com\\\/puebla\\\/#\\\/schema\\\/person\\\/ce6086ac837852775a3a4f539356c297\"},\"description\":\"El gobernador abre el Centro de Salud Mental CEPOSAMI para atender a ni\u00f1os y adolescentes ante el aumento de ansiedad y depresi\u00f3n.\",\"breadcrumb\":{\"@id\":\"https:\\\/\\\/grupohoymexico.com\\\/puebla\\\/2025\\\/09\\\/04\\\/puebla-refuerza-la-atencion-en-salud-mental-infantil-y-adolescente-con-la-apertura-del-ceposami\\\/#breadcrumb\"},\"inLanguage\":\"es\",\"potentialAction\":[{\"@type\":\"ReadAction\",\"target\":[\"https:\\\/\\\/grupohoymexico.com\\\/puebla\\\/2025\\\/09\\\/04\\\/puebla-refuerza-la-atencion-en-salud-mental-infantil-y-adolescente-con-la-apertura-del-ceposami\\\/\"]}]},{\"@type\":\"ImageObject\",\"inLanguage\":\"es\",\"@id\":\"https:\\\/\\\/grupohoymexico.com\\\/puebla\\\/2025\\\/09\\\/04\\\/puebla-refuerza-la-atencion-en-salud-mental-infantil-y-adolescente-con-la-apertura-del-ceposami\\\/#primaryimage\",\"url\":\"https:\\\/\\\/grupohoymexico.com\\\/puebla\\\/wp-content\\\/uploads\\\/sites\\\/3\\\/2025\\\/09\\\/5030842541247825444.webp\",\"contentUrl\":\"https:\\\/\\\/grupohoymexico.com\\\/puebla\\\/wp-content\\\/uploads\\\/sites\\\/3\\\/2025\\\/09\\\/5030842541247825444.webp\",\"width\":1201,\"height\":639,\"caption\":\"centro salud mental Puebla\"},{\"@type\":\"BreadcrumbList\",\"@id\":\"https:\\\/\\\/grupohoymexico.com\\\/puebla\\\/2025\\\/09\\\/04\\\/puebla-refuerza-la-atencion-en-salud-mental-infantil-y-adolescente-con-la-apertura-del-ceposami\\\/#breadcrumb\",\"itemListElement\":[{\"@type\":\"ListItem\",\"position\":1,\"name\":\"Inicio\",\"item\":\"https:\\\/\\\/grupohoymexico.com\\\/puebla\\\/\"},{\"@type\":\"ListItem\",\"position\":2,\"name\":\"Puebla refuerza la atenci\u00f3n en salud mental infantil y adolescente con la apertura del CEPOSAMI\"}]},{\"@type\":\"WebSite\",\"@id\":\"https:\\\/\\\/grupohoymexico.com\\\/puebla\\\/#website\",\"url\":\"https:\\\/\\\/grupohoymexico.com\\\/puebla\\\/\",\"name\":\"Grupo Hoy Puebla\",\"description\":\"\",\"potentialAction\":[{\"@type\":\"SearchAction\",\"target\":{\"@type\":\"EntryPoint\",\"urlTemplate\":\"https:\\\/\\\/grupohoymexico.com\\\/puebla\\\/?s={search_term_string}\"},\"query-input\":{\"@type\":\"PropertyValueSpecification\",\"valueRequired\":true,\"valueName\":\"search_term_string\"}}],\"inLanguage\":\"es\"},{\"@type\":\"Person\",\"@id\":\"https:\\\/\\\/grupohoymexico.com\\\/puebla\\\/#\\\/schema\\\/person\\\/ce6086ac837852775a3a4f539356c297\",\"name\":\"user\",\"image\":{\"@type\":\"ImageObject\",\"inLanguage\":\"es\",\"@id\":\"https:\\\/\\\/secure.gravatar.com\\\/avatar\\\/25f78de4fa956f6f7c01f8d96f8087d8958ebe06d57e630cd54e36aefb9dacea?s=96&d=mm&r=g\",\"url\":\"https:\\\/\\\/secure.gravatar.com\\\/avatar\\\/25f78de4fa956f6f7c01f8d96f8087d8958ebe06d57e630cd54e36aefb9dacea?s=96&d=mm&r=g\",\"contentUrl\":\"https:\\\/\\\/secure.gravatar.com\\\/avatar\\\/25f78de4fa956f6f7c01f8d96f8087d8958ebe06d57e630cd54e36aefb9dacea?s=96&d=mm&r=g\",\"caption\":\"user\"},\"sameAs\":[\"http:\\\/\\\/44.197.188.197.nip.io\"],\"url\":\"https:\\\/\\\/grupohoymexico.com\\\/puebla\\\/author\\\/user\\\/\"}]}<\/script>\n<!-- \/ Yoast SEO Premium plugin. -->","yoast_head_json":{"title":"Puebla refuerza la atenci\u00f3n en salud mental infantil y adolescente con la apertura del CEPOSAMI - Grupo Hoy Puebla","description":"El gobernador abre el Centro de Salud Mental CEPOSAMI para atender a ni\u00f1os y adolescentes ante el aumento de ansiedad y depresi\u00f3n.","robots":{"index":"index","follow":"follow","max-snippet":"max-snippet:-1","max-image-preview":"max-image-preview:large","max-video-preview":"max-video-preview:-1"},"canonical":"https:\/\/grupohoymexico.com\/puebla\/2025\/09\/04\/puebla-refuerza-la-atencion-en-salud-mental-infantil-y-adolescente-con-la-apertura-del-ceposami\/","og_locale":"es_MX","og_type":"article","og_title":"Puebla refuerza la atenci\u00f3n en salud mental infantil y adolescente con la apertura del CEPOSAMI","og_description":"El gobernador abre el Centro de Salud Mental CEPOSAMI para atender a ni\u00f1os y adolescentes ante el aumento de ansiedad y depresi\u00f3n.","og_url":"https:\/\/grupohoymexico.com\/puebla\/2025\/09\/04\/puebla-refuerza-la-atencion-en-salud-mental-infantil-y-adolescente-con-la-apertura-del-ceposami\/","og_site_name":"Grupo Hoy Puebla","article_published_time":"2025-09-04T19:17:27+00:00","article_modified_time":"2025-09-04T19:17:28+00:00","og_image":[{"width":1201,"height":639,"url":"https:\/\/grupohoymexico.com\/puebla\/wp-content\/uploads\/sites\/3\/2025\/09\/5030842541247825444.webp","type":"image\/webp"}],"author":"user","twitter_card":"summary_large_image","twitter_misc":{"Escrito por":"user","Tiempo de lectura":"3 minutos"},"schema":{"@context":"https:\/\/schema.org","@graph":[{"@type":"Article","@id":"https:\/\/grupohoymexico.com\/puebla\/2025\/09\/04\/puebla-refuerza-la-atencion-en-salud-mental-infantil-y-adolescente-con-la-apertura-del-ceposami\/#article","isPartOf":{"@id":"https:\/\/grupohoymexico.com\/puebla\/2025\/09\/04\/puebla-refuerza-la-atencion-en-salud-mental-infantil-y-adolescente-con-la-apertura-del-ceposami\/"},"author":{"name":"user","@id":"https:\/\/grupohoymexico.com\/puebla\/#\/schema\/person\/ce6086ac837852775a3a4f539356c297"},"headline":"Puebla refuerza la atenci\u00f3n en salud mental infantil y adolescente con la apertura del CEPOSAMI","datePublished":"2025-09-04T19:17:27+00:00","dateModified":"2025-09-04T19:17:28+00:00","mainEntityOfPage":{"@id":"https:\/\/grupohoymexico.com\/puebla\/2025\/09\/04\/puebla-refuerza-la-atencion-en-salud-mental-infantil-y-adolescente-con-la-apertura-del-ceposami\/"},"wordCount":507,"commentCount":0,"image":{"@id":"https:\/\/grupohoymexico.com\/puebla\/2025\/09\/04\/puebla-refuerza-la-atencion-en-salud-mental-infantil-y-adolescente-con-la-apertura-del-ceposami\/#primaryimage"},"thumbnailUrl":"https:\/\/grupohoymexico.com\/puebla\/wp-content\/uploads\/sites\/3\/2025\/09\/5030842541247825444.webp","keywords":["adolescentes","Alejandro Armenta","CEPOSAMI","ni\u00f1os","puebla","salud mental"],"articleSection":["Estatal"],"inLanguage":"es","potentialAction":[{"@type":"CommentAction","name":"Comment","target":["https:\/\/grupohoymexico.com\/puebla\/2025\/09\/04\/puebla-refuerza-la-atencion-en-salud-mental-infantil-y-adolescente-con-la-apertura-del-ceposami\/#respond"]}]},{"@type":"WebPage","@id":"https:\/\/grupohoymexico.com\/puebla\/2025\/09\/04\/puebla-refuerza-la-atencion-en-salud-mental-infantil-y-adolescente-con-la-apertura-del-ceposami\/","url":"https:\/\/grupohoymexico.com\/puebla\/2025\/09\/04\/puebla-refuerza-la-atencion-en-salud-mental-infantil-y-adolescente-con-la-apertura-del-ceposami\/","name":"Puebla refuerza la atenci\u00f3n en salud mental infantil y adolescente con la apertura del CEPOSAMI - Grupo Hoy Puebla","isPartOf":{"@id":"https:\/\/grupohoymexico.com\/puebla\/#website"},"primaryImageOfPage":{"@id":"https:\/\/grupohoymexico.com\/puebla\/2025\/09\/04\/puebla-refuerza-la-atencion-en-salud-mental-infantil-y-adolescente-con-la-apertura-del-ceposami\/#primaryimage"},"image":{"@id":"https:\/\/grupohoymexico.com\/puebla\/2025\/09\/04\/puebla-refuerza-la-atencion-en-salud-mental-infantil-y-adolescente-con-la-apertura-del-ceposami\/#primaryimage"},"thumbnailUrl":"https:\/\/grupohoymexico.com\/puebla\/wp-content\/uploads\/sites\/3\/2025\/09\/5030842541247825444.webp","datePublished":"2025-09-04T19:17:27+00:00","dateModified":"2025-09-04T19:17:28+00:00","author":{"@id":"https:\/\/grupohoymexico.com\/puebla\/#\/schema\/person\/ce6086ac837852775a3a4f539356c297"},"description":"El gobernador abre el Centro de Salud Mental CEPOSAMI para atender a ni\u00f1os y adolescentes ante el aumento de ansiedad y depresi\u00f3n.","breadcrumb":{"@id":"https:\/\/grupohoymexico.com\/puebla\/2025\/09\/04\/puebla-refuerza-la-atencion-en-salud-mental-infantil-y-adolescente-con-la-apertura-del-ceposami\/#breadcrumb"},"inLanguage":"es","potentialAction":[{"@type":"ReadAction","target":["https:\/\/grupohoymexico.com\/puebla\/2025\/09\/04\/puebla-refuerza-la-atencion-en-salud-mental-infantil-y-adolescente-con-la-apertura-del-ceposami\/"]}]},{"@type":"ImageObject","inLanguage":"es","@id":"https:\/\/grupohoymexico.com\/puebla\/2025\/09\/04\/puebla-refuerza-la-atencion-en-salud-mental-infantil-y-adolescente-con-la-apertura-del-ceposami\/#primaryimage","url":"https:\/\/grupohoymexico.com\/puebla\/wp-content\/uploads\/sites\/3\/2025\/09\/5030842541247825444.webp","contentUrl":"https:\/\/grupohoymexico.com\/puebla\/wp-content\/uploads\/sites\/3\/2025\/09\/5030842541247825444.webp","width":1201,"height":639,"caption":"centro salud mental Puebla"},{"@type":"BreadcrumbList","@id":"https:\/\/grupohoymexico.com\/puebla\/2025\/09\/04\/puebla-refuerza-la-atencion-en-salud-mental-infantil-y-adolescente-con-la-apertura-del-ceposami\/#breadcrumb","itemListElement":[{"@type":"ListItem","position":1,"name":"Inicio","item":"https:\/\/grupohoymexico.com\/puebla\/"},{"@type":"ListItem","position":2,"name":"Puebla refuerza la atenci\u00f3n en salud mental infantil y adolescente con la apertura del CEPOSAMI"}]},{"@type":"WebSite","@id":"https:\/\/grupohoymexico.com\/puebla\/#website","url":"https:\/\/grupohoymexico.com\/puebla\/","name":"Grupo Hoy Puebla","description":"","potentialAction":[{"@type":"SearchAction","target":{"@type":"EntryPoint","urlTemplate":"https:\/\/grupohoymexico.com\/puebla\/?s={search_term_string}"},"query-input":{"@type":"PropertyValueSpecification","valueRequired":true,"valueName":"search_term_string"}}],"inLanguage":"es"},{"@type":"Person","@id":"https:\/\/grupohoymexico.com\/puebla\/#\/schema\/person\/ce6086ac837852775a3a4f539356c297","name":"user","image":{"@type":"ImageObject","inLanguage":"es","@id":"https:\/\/secure.gravatar.com\/avatar\/25f78de4fa956f6f7c01f8d96f8087d8958ebe06d57e630cd54e36aefb9dacea?s=96&d=mm&r=g","url":"https:\/\/secure.gravatar.com\/avatar\/25f78de4fa956f6f7c01f8d96f8087d8958ebe06d57e630cd54e36aefb9dacea?s=96&d=mm&r=g","contentUrl":"https:\/\/secure.gravatar.com\/avatar\/25f78de4fa956f6f7c01f8d96f8087d8958ebe06d57e630cd54e36aefb9dacea?s=96&d=mm&r=g","caption":"user"},"sameAs":["http:\/\/44.197.188.197.nip.io"],"url":"https:\/\/grupohoymexico.com\/puebla\/author\/user\/"}]}},"_links":{"self":[{"href":"https:\/\/grupohoymexico.com\/puebla\/wp-json\/wp\/v2\/posts\/77150","targetHints":{"allow":["GET"]}}],"collection":[{"href":"https:\/\/grupohoymexico.com\/puebla\/wp-json\/wp\/v2\/posts"}],"about":[{"href":"https:\/\/grupohoymexico.com\/puebla\/wp-json\/wp\/v2\/types\/post"}],"author":[{"embeddable":true,"href":"https:\/\/grupohoymexico.com\/puebla\/wp-json\/wp\/v2\/users\/1"}],"replies":[{"embeddable":true,"href":"https:\/\/grupohoymexico.com\/puebla\/wp-json\/wp\/v2\/comments?post=77150"}],"version-history":[{"count":1,"href":"https:\/\/grupohoymexico.com\/puebla\/wp-json\/wp\/v2\/posts\/77150\/revisions"}],"predecessor-version":[{"id":77155,"href":"https:\/\/grupohoymexico.com\/puebla\/wp-json\/wp\/v2\/posts\/77150\/revisions\/77155"}],"wp:featuredmedia":[{"embeddable":true,"href":"https:\/\/grupohoymexico.com\/puebla\/wp-json\/wp\/v2\/media\/77154"}],"wp:attachment":[{"href":"https:\/\/grupohoymexico.com\/puebla\/wp-json\/wp\/v2\/media?parent=77150"}],"wp:term":[{"taxonomy":"category","embeddable":true,"href":"https:\/\/grupohoymexico.com\/puebla\/wp-json\/wp\/v2\/categories?post=77150"},{"taxonomy":"post_tag","embeddable":true,"href":"https:\/\/grupohoymexico.com\/puebla\/wp-json\/wp\/v2\/tags?post=77150"}],"curies":[{"name":"wp","href":"https:\/\/api.w.org\/{rel}","templated":true}]}}