{"id":77145,"date":"2025-09-04T18:38:30","date_gmt":"2025-09-04T18:38:30","guid":{"rendered":"https:\/\/grupohoymexico.com\/puebla\/?p=77145"},"modified":"2025-09-04T18:38:31","modified_gmt":"2025-09-04T18:38:31","slug":"vecinos-de-teteles-piden-cierre-definitivo-de-la-normal-rural-carmen-serdan","status":"publish","type":"post","link":"https:\/\/grupohoymexico.com\/puebla\/2025\/09\/04\/vecinos-de-teteles-piden-cierre-definitivo-de-la-normal-rural-carmen-serdan\/","title":{"rendered":"Vecinos de Teteles piden cierre definitivo de la Normal Rural \u201cCarmen Serd\u00e1n\u201d"},"content":{"rendered":"\n<p><strong>Vecinos del municipio de Teteles, Puebla<\/strong>, iniciaron una campa\u00f1a para recolectar firmas y exigir al <strong>gobierno del estado<\/strong> el <strong>cierre de la Escuela Normal Rural \u201cCarmen Serd\u00e1n\u201d<\/strong>, conocida como la <strong>Normal de Teteles<\/strong>. La acci\u00f3n surge tras los recientes conflictos protagonizados por las estudiantes, que han generado preocupaci\u00f3n entre la poblaci\u00f3n local.<\/p>\n\n\n\n<p>El <strong>grupo ciudadano Municipios Unidos <\/strong>afirm\u00f3 que la<strong> Normal <\/strong>se convirti\u00f3 en un foco constante de confrontaciones y problemas que afectan la vida cotidiana del municipio. Por ello,<strong> solicitan la clausura total de la instituci\u00f3n<\/strong> para evitar nuevos incidentes y proteger la tranquilidad de los habitantes.<\/p>\n\n\n\n<h2 class=\"wp-block-heading\" id=\"h-protestas-que-escalaron-a-violencia\"><strong>Protestas que escalaron a violencia<\/strong><\/h2>\n\n\n\n<p>El conflicto se intensific\u00f3 luego de dos protestas recientes. La primera ocurri\u00f3 en <strong>Puebla capital<\/strong>, donde las normalistas quemaron un autob\u00fas de la <strong><a href=\"https:\/\/ruta.puebla.gob.mx\/\">Red Urbana de Transporte P\u00fablico (RUTA)<\/a><\/strong>, provocando p\u00e9rdidas econ\u00f3micas y afectaciones en el transporte. La segunda manifestaci\u00f3n se registr\u00f3 en <strong>Teteles<\/strong>, cuando las estudiantes tomaron el <strong>Palacio Municipal<\/strong>. Los pobladores se organizaron para retirarlas y recuperar el control del edificio.<\/p>\n\n\n\n<p>Los vecinos denuncian que estos hechos se suman a a\u00f1os de bloqueos en carreteras, interrupciones en el transporte p\u00fablico, da\u00f1os a la econom\u00eda local y afectaciones a la movilidad de miles de personas. <strong>Consideran que estas acciones alteran el orden p\u00fablico y obstaculizan el desarrollo de la comunidad.<\/strong><\/p>\n\n\n\n<figure class=\"wp-block-image size-large\"><img fetchpriority=\"high\" decoding=\"async\" width=\"1024\" height=\"768\" src=\"https:\/\/grupohoymexico.com\/puebla\/wp-content\/uploads\/sites\/3\/2025\/09\/769a634a-99bb-4538-9160-cec01b29f384-1024x768.jpg\" alt=\" Normal de Teteles protesta\" class=\"wp-image-77146\" srcset=\"https:\/\/grupohoymexico.com\/puebla\/wp-content\/uploads\/sites\/3\/2025\/09\/769a634a-99bb-4538-9160-cec01b29f384-1024x768.jpg 1024w, https:\/\/grupohoymexico.com\/puebla\/wp-content\/uploads\/sites\/3\/2025\/09\/769a634a-99bb-4538-9160-cec01b29f384-300x225.jpg 300w, https:\/\/grupohoymexico.com\/puebla\/wp-content\/uploads\/sites\/3\/2025\/09\/769a634a-99bb-4538-9160-cec01b29f384-768x576.jpg 768w, https:\/\/grupohoymexico.com\/puebla\/wp-content\/uploads\/sites\/3\/2025\/09\/769a634a-99bb-4538-9160-cec01b29f384-1536x1152.jpg 1536w, https:\/\/grupohoymexico.com\/puebla\/wp-content\/uploads\/sites\/3\/2025\/09\/769a634a-99bb-4538-9160-cec01b29f384-332x249.jpg 332w, https:\/\/grupohoymexico.com\/puebla\/wp-content\/uploads\/sites\/3\/2025\/09\/769a634a-99bb-4538-9160-cec01b29f384-664x498.jpg 664w, https:\/\/grupohoymexico.com\/puebla\/wp-content\/uploads\/sites\/3\/2025\/09\/769a634a-99bb-4538-9160-cec01b29f384-688x516.jpg 688w, https:\/\/grupohoymexico.com\/puebla\/wp-content\/uploads\/sites\/3\/2025\/09\/769a634a-99bb-4538-9160-cec01b29f384-1044x783.jpg 1044w, https:\/\/grupohoymexico.com\/puebla\/wp-content\/uploads\/sites\/3\/2025\/09\/769a634a-99bb-4538-9160-cec01b29f384-1400x1050.jpg 1400w, https:\/\/grupohoymexico.com\/puebla\/wp-content\/uploads\/sites\/3\/2025\/09\/769a634a-99bb-4538-9160-cec01b29f384.jpg 1600w\" sizes=\"(max-width: 1024px) 100vw, 1024px\" \/><\/figure>\n\n\n\n<h2 class=\"wp-block-heading\" id=\"h-solicitudes-legales-y-respaldo-ciudadano\"><strong>Solicitudes legales y respaldo ciudadano<\/strong><\/h2>\n\n\n\n<p>La petici\u00f3n de cierre se une a denuncias legales existentes. El <strong>concesionario de la l\u00ednea 3 de la RUTA present\u00f3 una denuncia por la quema del autob\u00fas<\/strong>, mientras que las autoridades investigan la retenci\u00f3n de <strong>siete unidades y sus conductores<\/strong>, usados para trasladar a las <strong>normalistas de Teteles a Puebla y de regreso el 2 de septiembre.<\/strong><\/p>\n\n\n\n<p><strong>Municipios Unidos<\/strong> hizo un llamado a toda la ciudadan\u00eda para firmar la solicitud y respaldar lo que consideran una demanda leg\u00edtima. <\/p>\n\n\n\n<blockquote class=\"wp-block-quote is-layout-flow wp-block-quote-is-layout-flow\">\n<p>\u201cPedimos una respuesta inmediata y contundente a esta solicitud\u201d, se\u00f1ala el documento. <\/p>\n<\/blockquote>\n\n\n\n<p>Los vecinos buscan que las autoridades act\u00faen y garanticen la seguridad y bienestar de la comunidad.<\/p>\n\n\n\n<p><strong>Con la <a href=\"https:\/\/grupohoymexico.com\/puebla\/2025\/03\/14\/vive-la-cuaresma-sin-salir-en-puebla-campana-para-disfrutar-platillos-de-mar-en-la-capital\/\">campa\u00f1a<\/a> de firmas, la comunidad busca visibilizar su malestar<\/strong> y presionar al gobierno del estado para que tome medidas inmediatas, garantizando la estabilidad y tranquilidad en <strong>Teteles.<\/strong><\/p>\n\n\n\n<figure class=\"wp-block-image size-full\"><img decoding=\"async\" width=\"900\" height=\"676\" src=\"https:\/\/grupohoymexico.com\/puebla\/wp-content\/uploads\/sites\/3\/2025\/09\/7c1e447b255bbf211e80f00dade07568_XL.jpg\" alt=\" Normal de Teteles \" class=\"wp-image-77147\" srcset=\"https:\/\/grupohoymexico.com\/puebla\/wp-content\/uploads\/sites\/3\/2025\/09\/7c1e447b255bbf211e80f00dade07568_XL.jpg 900w, https:\/\/grupohoymexico.com\/puebla\/wp-content\/uploads\/sites\/3\/2025\/09\/7c1e447b255bbf211e80f00dade07568_XL-300x225.jpg 300w, https:\/\/grupohoymexico.com\/puebla\/wp-content\/uploads\/sites\/3\/2025\/09\/7c1e447b255bbf211e80f00dade07568_XL-768x577.jpg 768w, https:\/\/grupohoymexico.com\/puebla\/wp-content\/uploads\/sites\/3\/2025\/09\/7c1e447b255bbf211e80f00dade07568_XL-332x249.jpg 332w, https:\/\/grupohoymexico.com\/puebla\/wp-content\/uploads\/sites\/3\/2025\/09\/7c1e447b255bbf211e80f00dade07568_XL-664x499.jpg 664w, https:\/\/grupohoymexico.com\/puebla\/wp-content\/uploads\/sites\/3\/2025\/09\/7c1e447b255bbf211e80f00dade07568_XL-688x517.jpg 688w\" sizes=\"(max-width: 900px) 100vw, 900px\" \/><\/figure>\n","protected":false},"excerpt":{"rendered":"Vecinos del municipio de Teteles, Puebla, iniciaron una campa\u00f1a para recolectar firmas y exigir al gobierno del estado&hellip;","protected":false},"author":1,"featured_media":77148,"comment_status":"open","ping_status":"open","sticky":false,"template":"","format":"standard","meta":{"csco_display_header_overlay":false,"csco_singular_sidebar":"","csco_page_header_type":"","csco_page_load_nextpost":"","csco_post_video_location":[],"csco_post_video_location_hash":"","csco_post_video_url":"","csco_post_video_bg_start_time":0,"csco_post_video_bg_end_time":0,"footnotes":""},"categories":[29],"tags":[2192,2191,2193,168,2188,2190,1116,40,2189],"class_list":{"0":"post-77145","1":"post","2":"type-post","3":"status-publish","4":"format-standard","5":"has-post-thumbnail","7":"category-estatal","8":"tag-campana","9":"tag-cierre","10":"tag-firmas","11":"tag-gobierno-de-puebla","12":"tag-normal-de-teteles","13":"tag-normal-rural-carmen-serdan","14":"tag-protestas","15":"tag-puebla","16":"tag-teteles","17":"cs-entry","18":"cs-video-wrap"},"yoast_head":"<!-- This site is optimized with the Yoast SEO Premium plugin v24.7 (Yoast SEO v27.4) - https:\/\/yoast.com\/product\/yoast-seo-premium-wordpress\/ -->\n<title>Vecinos de Teteles piden cierre definitivo de la Normal Rural \u201cCarmen Serd\u00e1n\u201d - Grupo Hoy Puebla<\/title>\n<meta name=\"description\" content=\"Habitantes de Teteles, Puebla, piden cerrar la Normal \u201cCarmen Serd\u00e1n\u201d tras protestas y bloqueos que afectan la comunidad.\" \/>\n<meta name=\"robots\" content=\"index, follow, max-snippet:-1, max-image-preview:large, max-video-preview:-1\" \/>\n<link rel=\"canonical\" href=\"https:\/\/grupohoymexico.com\/puebla\/2025\/09\/04\/vecinos-de-teteles-piden-cierre-definitivo-de-la-normal-rural-carmen-serdan\/\" \/>\n<meta property=\"og:locale\" content=\"es_MX\" \/>\n<meta property=\"og:type\" content=\"article\" \/>\n<meta property=\"og:title\" content=\"Vecinos de Teteles piden cierre definitivo de la Normal Rural \u201cCarmen Serd\u00e1n\u201d\" \/>\n<meta property=\"og:description\" content=\"Habitantes de Teteles, Puebla, piden cerrar la Normal \u201cCarmen Serd\u00e1n\u201d tras protestas y bloqueos que afectan la comunidad.\" \/>\n<meta property=\"og:url\" content=\"https:\/\/grupohoymexico.com\/puebla\/2025\/09\/04\/vecinos-de-teteles-piden-cierre-definitivo-de-la-normal-rural-carmen-serdan\/\" \/>\n<meta property=\"og:site_name\" content=\"Grupo Hoy Puebla\" \/>\n<meta property=\"article:published_time\" content=\"2025-09-04T18:38:30+00:00\" \/>\n<meta property=\"article:modified_time\" content=\"2025-09-04T18:38:31+00:00\" \/>\n<meta property=\"og:image\" content=\"https:\/\/grupohoymexico.com\/puebla\/wp-content\/uploads\/sites\/3\/2025\/09\/5030842541247825429.webp\" \/>\n\t<meta property=\"og:image:width\" content=\"1201\" \/>\n\t<meta property=\"og:image:height\" content=\"639\" \/>\n\t<meta property=\"og:image:type\" content=\"image\/webp\" \/>\n<meta name=\"author\" content=\"user\" \/>\n<meta name=\"twitter:card\" content=\"summary_large_image\" \/>\n<meta name=\"twitter:label1\" content=\"Escrito por\" \/>\n\t<meta name=\"twitter:data1\" content=\"user\" \/>\n\t<meta name=\"twitter:label2\" content=\"Tiempo de lectura\" \/>\n\t<meta name=\"twitter:data2\" content=\"3 minutos\" \/>\n<script type=\"application\/ld+json\" class=\"yoast-schema-graph\">{\"@context\":\"https:\\\/\\\/schema.org\",\"@graph\":[{\"@type\":\"Article\",\"@id\":\"https:\\\/\\\/grupohoymexico.com\\\/puebla\\\/2025\\\/09\\\/04\\\/vecinos-de-teteles-piden-cierre-definitivo-de-la-normal-rural-carmen-serdan\\\/#article\",\"isPartOf\":{\"@id\":\"https:\\\/\\\/grupohoymexico.com\\\/puebla\\\/2025\\\/09\\\/04\\\/vecinos-de-teteles-piden-cierre-definitivo-de-la-normal-rural-carmen-serdan\\\/\"},\"author\":{\"name\":\"user\",\"@id\":\"https:\\\/\\\/grupohoymexico.com\\\/puebla\\\/#\\\/schema\\\/person\\\/ce6086ac837852775a3a4f539356c297\"},\"headline\":\"Vecinos de Teteles piden cierre definitivo de la Normal Rural \u201cCarmen Serd\u00e1n\u201d\",\"datePublished\":\"2025-09-04T18:38:30+00:00\",\"dateModified\":\"2025-09-04T18:38:31+00:00\",\"mainEntityOfPage\":{\"@id\":\"https:\\\/\\\/grupohoymexico.com\\\/puebla\\\/2025\\\/09\\\/04\\\/vecinos-de-teteles-piden-cierre-definitivo-de-la-normal-rural-carmen-serdan\\\/\"},\"wordCount\":390,\"commentCount\":0,\"image\":{\"@id\":\"https:\\\/\\\/grupohoymexico.com\\\/puebla\\\/2025\\\/09\\\/04\\\/vecinos-de-teteles-piden-cierre-definitivo-de-la-normal-rural-carmen-serdan\\\/#primaryimage\"},\"thumbnailUrl\":\"https:\\\/\\\/grupohoymexico.com\\\/puebla\\\/wp-content\\\/uploads\\\/sites\\\/3\\\/2025\\\/09\\\/5030842541247825429.webp\",\"keywords\":[\"campa\u00f1a\",\"cierre\",\"firmas\",\"Gobierno de Puebla\",\"Normal de Teteles\",\"Normal Rural \u201cCarmen Serd\u00e1n\u201d\",\"protestas\",\"puebla\",\"Teteles\"],\"articleSection\":[\"Estatal\"],\"inLanguage\":\"es\",\"potentialAction\":[{\"@type\":\"CommentAction\",\"name\":\"Comment\",\"target\":[\"https:\\\/\\\/grupohoymexico.com\\\/puebla\\\/2025\\\/09\\\/04\\\/vecinos-de-teteles-piden-cierre-definitivo-de-la-normal-rural-carmen-serdan\\\/#respond\"]}]},{\"@type\":\"WebPage\",\"@id\":\"https:\\\/\\\/grupohoymexico.com\\\/puebla\\\/2025\\\/09\\\/04\\\/vecinos-de-teteles-piden-cierre-definitivo-de-la-normal-rural-carmen-serdan\\\/\",\"url\":\"https:\\\/\\\/grupohoymexico.com\\\/puebla\\\/2025\\\/09\\\/04\\\/vecinos-de-teteles-piden-cierre-definitivo-de-la-normal-rural-carmen-serdan\\\/\",\"name\":\"Vecinos de Teteles piden cierre definitivo de la Normal Rural \u201cCarmen Serd\u00e1n\u201d - Grupo Hoy Puebla\",\"isPartOf\":{\"@id\":\"https:\\\/\\\/grupohoymexico.com\\\/puebla\\\/#website\"},\"primaryImageOfPage\":{\"@id\":\"https:\\\/\\\/grupohoymexico.com\\\/puebla\\\/2025\\\/09\\\/04\\\/vecinos-de-teteles-piden-cierre-definitivo-de-la-normal-rural-carmen-serdan\\\/#primaryimage\"},\"image\":{\"@id\":\"https:\\\/\\\/grupohoymexico.com\\\/puebla\\\/2025\\\/09\\\/04\\\/vecinos-de-teteles-piden-cierre-definitivo-de-la-normal-rural-carmen-serdan\\\/#primaryimage\"},\"thumbnailUrl\":\"https:\\\/\\\/grupohoymexico.com\\\/puebla\\\/wp-content\\\/uploads\\\/sites\\\/3\\\/2025\\\/09\\\/5030842541247825429.webp\",\"datePublished\":\"2025-09-04T18:38:30+00:00\",\"dateModified\":\"2025-09-04T18:38:31+00:00\",\"author\":{\"@id\":\"https:\\\/\\\/grupohoymexico.com\\\/puebla\\\/#\\\/schema\\\/person\\\/ce6086ac837852775a3a4f539356c297\"},\"description\":\"Habitantes de Teteles, Puebla, piden cerrar la Normal \u201cCarmen Serd\u00e1n\u201d tras protestas y bloqueos que afectan la comunidad.\",\"breadcrumb\":{\"@id\":\"https:\\\/\\\/grupohoymexico.com\\\/puebla\\\/2025\\\/09\\\/04\\\/vecinos-de-teteles-piden-cierre-definitivo-de-la-normal-rural-carmen-serdan\\\/#breadcrumb\"},\"inLanguage\":\"es\",\"potentialAction\":[{\"@type\":\"ReadAction\",\"target\":[\"https:\\\/\\\/grupohoymexico.com\\\/puebla\\\/2025\\\/09\\\/04\\\/vecinos-de-teteles-piden-cierre-definitivo-de-la-normal-rural-carmen-serdan\\\/\"]}]},{\"@type\":\"ImageObject\",\"inLanguage\":\"es\",\"@id\":\"https:\\\/\\\/grupohoymexico.com\\\/puebla\\\/2025\\\/09\\\/04\\\/vecinos-de-teteles-piden-cierre-definitivo-de-la-normal-rural-carmen-serdan\\\/#primaryimage\",\"url\":\"https:\\\/\\\/grupohoymexico.com\\\/puebla\\\/wp-content\\\/uploads\\\/sites\\\/3\\\/2025\\\/09\\\/5030842541247825429.webp\",\"contentUrl\":\"https:\\\/\\\/grupohoymexico.com\\\/puebla\\\/wp-content\\\/uploads\\\/sites\\\/3\\\/2025\\\/09\\\/5030842541247825429.webp\",\"width\":1201,\"height\":639,\"caption\":\"Normal de Teteles\"},{\"@type\":\"BreadcrumbList\",\"@id\":\"https:\\\/\\\/grupohoymexico.com\\\/puebla\\\/2025\\\/09\\\/04\\\/vecinos-de-teteles-piden-cierre-definitivo-de-la-normal-rural-carmen-serdan\\\/#breadcrumb\",\"itemListElement\":[{\"@type\":\"ListItem\",\"position\":1,\"name\":\"Inicio\",\"item\":\"https:\\\/\\\/grupohoymexico.com\\\/puebla\\\/\"},{\"@type\":\"ListItem\",\"position\":2,\"name\":\"Vecinos de Teteles piden cierre definitivo de la Normal Rural \u201cCarmen Serd\u00e1n\u201d\"}]},{\"@type\":\"WebSite\",\"@id\":\"https:\\\/\\\/grupohoymexico.com\\\/puebla\\\/#website\",\"url\":\"https:\\\/\\\/grupohoymexico.com\\\/puebla\\\/\",\"name\":\"Grupo Hoy Puebla\",\"description\":\"\",\"potentialAction\":[{\"@type\":\"SearchAction\",\"target\":{\"@type\":\"EntryPoint\",\"urlTemplate\":\"https:\\\/\\\/grupohoymexico.com\\\/puebla\\\/?s={search_term_string}\"},\"query-input\":{\"@type\":\"PropertyValueSpecification\",\"valueRequired\":true,\"valueName\":\"search_term_string\"}}],\"inLanguage\":\"es\"},{\"@type\":\"Person\",\"@id\":\"https:\\\/\\\/grupohoymexico.com\\\/puebla\\\/#\\\/schema\\\/person\\\/ce6086ac837852775a3a4f539356c297\",\"name\":\"user\",\"image\":{\"@type\":\"ImageObject\",\"inLanguage\":\"es\",\"@id\":\"https:\\\/\\\/secure.gravatar.com\\\/avatar\\\/25f78de4fa956f6f7c01f8d96f8087d8958ebe06d57e630cd54e36aefb9dacea?s=96&d=mm&r=g\",\"url\":\"https:\\\/\\\/secure.gravatar.com\\\/avatar\\\/25f78de4fa956f6f7c01f8d96f8087d8958ebe06d57e630cd54e36aefb9dacea?s=96&d=mm&r=g\",\"contentUrl\":\"https:\\\/\\\/secure.gravatar.com\\\/avatar\\\/25f78de4fa956f6f7c01f8d96f8087d8958ebe06d57e630cd54e36aefb9dacea?s=96&d=mm&r=g\",\"caption\":\"user\"},\"sameAs\":[\"http:\\\/\\\/44.197.188.197.nip.io\"],\"url\":\"https:\\\/\\\/grupohoymexico.com\\\/puebla\\\/author\\\/user\\\/\"}]}<\/script>\n<!-- \/ Yoast SEO Premium plugin. -->","yoast_head_json":{"title":"Vecinos de Teteles piden cierre definitivo de la Normal Rural \u201cCarmen Serd\u00e1n\u201d - Grupo Hoy Puebla","description":"Habitantes de Teteles, Puebla, piden cerrar la Normal \u201cCarmen Serd\u00e1n\u201d tras protestas y bloqueos que afectan la comunidad.","robots":{"index":"index","follow":"follow","max-snippet":"max-snippet:-1","max-image-preview":"max-image-preview:large","max-video-preview":"max-video-preview:-1"},"canonical":"https:\/\/grupohoymexico.com\/puebla\/2025\/09\/04\/vecinos-de-teteles-piden-cierre-definitivo-de-la-normal-rural-carmen-serdan\/","og_locale":"es_MX","og_type":"article","og_title":"Vecinos de Teteles piden cierre definitivo de la Normal Rural \u201cCarmen Serd\u00e1n\u201d","og_description":"Habitantes de Teteles, Puebla, piden cerrar la Normal \u201cCarmen Serd\u00e1n\u201d tras protestas y bloqueos que afectan la comunidad.","og_url":"https:\/\/grupohoymexico.com\/puebla\/2025\/09\/04\/vecinos-de-teteles-piden-cierre-definitivo-de-la-normal-rural-carmen-serdan\/","og_site_name":"Grupo Hoy Puebla","article_published_time":"2025-09-04T18:38:30+00:00","article_modified_time":"2025-09-04T18:38:31+00:00","og_image":[{"width":1201,"height":639,"url":"https:\/\/grupohoymexico.com\/puebla\/wp-content\/uploads\/sites\/3\/2025\/09\/5030842541247825429.webp","type":"image\/webp"}],"author":"user","twitter_card":"summary_large_image","twitter_misc":{"Escrito por":"user","Tiempo de lectura":"3 minutos"},"schema":{"@context":"https:\/\/schema.org","@graph":[{"@type":"Article","@id":"https:\/\/grupohoymexico.com\/puebla\/2025\/09\/04\/vecinos-de-teteles-piden-cierre-definitivo-de-la-normal-rural-carmen-serdan\/#article","isPartOf":{"@id":"https:\/\/grupohoymexico.com\/puebla\/2025\/09\/04\/vecinos-de-teteles-piden-cierre-definitivo-de-la-normal-rural-carmen-serdan\/"},"author":{"name":"user","@id":"https:\/\/grupohoymexico.com\/puebla\/#\/schema\/person\/ce6086ac837852775a3a4f539356c297"},"headline":"Vecinos de Teteles piden cierre definitivo de la Normal Rural \u201cCarmen Serd\u00e1n\u201d","datePublished":"2025-09-04T18:38:30+00:00","dateModified":"2025-09-04T18:38:31+00:00","mainEntityOfPage":{"@id":"https:\/\/grupohoymexico.com\/puebla\/2025\/09\/04\/vecinos-de-teteles-piden-cierre-definitivo-de-la-normal-rural-carmen-serdan\/"},"wordCount":390,"commentCount":0,"image":{"@id":"https:\/\/grupohoymexico.com\/puebla\/2025\/09\/04\/vecinos-de-teteles-piden-cierre-definitivo-de-la-normal-rural-carmen-serdan\/#primaryimage"},"thumbnailUrl":"https:\/\/grupohoymexico.com\/puebla\/wp-content\/uploads\/sites\/3\/2025\/09\/5030842541247825429.webp","keywords":["campa\u00f1a","cierre","firmas","Gobierno de Puebla","Normal de Teteles","Normal Rural \u201cCarmen Serd\u00e1n\u201d","protestas","puebla","Teteles"],"articleSection":["Estatal"],"inLanguage":"es","potentialAction":[{"@type":"CommentAction","name":"Comment","target":["https:\/\/grupohoymexico.com\/puebla\/2025\/09\/04\/vecinos-de-teteles-piden-cierre-definitivo-de-la-normal-rural-carmen-serdan\/#respond"]}]},{"@type":"WebPage","@id":"https:\/\/grupohoymexico.com\/puebla\/2025\/09\/04\/vecinos-de-teteles-piden-cierre-definitivo-de-la-normal-rural-carmen-serdan\/","url":"https:\/\/grupohoymexico.com\/puebla\/2025\/09\/04\/vecinos-de-teteles-piden-cierre-definitivo-de-la-normal-rural-carmen-serdan\/","name":"Vecinos de Teteles piden cierre definitivo de la Normal Rural \u201cCarmen Serd\u00e1n\u201d - Grupo Hoy Puebla","isPartOf":{"@id":"https:\/\/grupohoymexico.com\/puebla\/#website"},"primaryImageOfPage":{"@id":"https:\/\/grupohoymexico.com\/puebla\/2025\/09\/04\/vecinos-de-teteles-piden-cierre-definitivo-de-la-normal-rural-carmen-serdan\/#primaryimage"},"image":{"@id":"https:\/\/grupohoymexico.com\/puebla\/2025\/09\/04\/vecinos-de-teteles-piden-cierre-definitivo-de-la-normal-rural-carmen-serdan\/#primaryimage"},"thumbnailUrl":"https:\/\/grupohoymexico.com\/puebla\/wp-content\/uploads\/sites\/3\/2025\/09\/5030842541247825429.webp","datePublished":"2025-09-04T18:38:30+00:00","dateModified":"2025-09-04T18:38:31+00:00","author":{"@id":"https:\/\/grupohoymexico.com\/puebla\/#\/schema\/person\/ce6086ac837852775a3a4f539356c297"},"description":"Habitantes de Teteles, Puebla, piden cerrar la Normal \u201cCarmen Serd\u00e1n\u201d tras protestas y bloqueos que afectan la comunidad.","breadcrumb":{"@id":"https:\/\/grupohoymexico.com\/puebla\/2025\/09\/04\/vecinos-de-teteles-piden-cierre-definitivo-de-la-normal-rural-carmen-serdan\/#breadcrumb"},"inLanguage":"es","potentialAction":[{"@type":"ReadAction","target":["https:\/\/grupohoymexico.com\/puebla\/2025\/09\/04\/vecinos-de-teteles-piden-cierre-definitivo-de-la-normal-rural-carmen-serdan\/"]}]},{"@type":"ImageObject","inLanguage":"es","@id":"https:\/\/grupohoymexico.com\/puebla\/2025\/09\/04\/vecinos-de-teteles-piden-cierre-definitivo-de-la-normal-rural-carmen-serdan\/#primaryimage","url":"https:\/\/grupohoymexico.com\/puebla\/wp-content\/uploads\/sites\/3\/2025\/09\/5030842541247825429.webp","contentUrl":"https:\/\/grupohoymexico.com\/puebla\/wp-content\/uploads\/sites\/3\/2025\/09\/5030842541247825429.webp","width":1201,"height":639,"caption":"Normal de Teteles"},{"@type":"BreadcrumbList","@id":"https:\/\/grupohoymexico.com\/puebla\/2025\/09\/04\/vecinos-de-teteles-piden-cierre-definitivo-de-la-normal-rural-carmen-serdan\/#breadcrumb","itemListElement":[{"@type":"ListItem","position":1,"name":"Inicio","item":"https:\/\/grupohoymexico.com\/puebla\/"},{"@type":"ListItem","position":2,"name":"Vecinos de Teteles piden cierre definitivo de la Normal Rural \u201cCarmen Serd\u00e1n\u201d"}]},{"@type":"WebSite","@id":"https:\/\/grupohoymexico.com\/puebla\/#website","url":"https:\/\/grupohoymexico.com\/puebla\/","name":"Grupo Hoy Puebla","description":"","potentialAction":[{"@type":"SearchAction","target":{"@type":"EntryPoint","urlTemplate":"https:\/\/grupohoymexico.com\/puebla\/?s={search_term_string}"},"query-input":{"@type":"PropertyValueSpecification","valueRequired":true,"valueName":"search_term_string"}}],"inLanguage":"es"},{"@type":"Person","@id":"https:\/\/grupohoymexico.com\/puebla\/#\/schema\/person\/ce6086ac837852775a3a4f539356c297","name":"user","image":{"@type":"ImageObject","inLanguage":"es","@id":"https:\/\/secure.gravatar.com\/avatar\/25f78de4fa956f6f7c01f8d96f8087d8958ebe06d57e630cd54e36aefb9dacea?s=96&d=mm&r=g","url":"https:\/\/secure.gravatar.com\/avatar\/25f78de4fa956f6f7c01f8d96f8087d8958ebe06d57e630cd54e36aefb9dacea?s=96&d=mm&r=g","contentUrl":"https:\/\/secure.gravatar.com\/avatar\/25f78de4fa956f6f7c01f8d96f8087d8958ebe06d57e630cd54e36aefb9dacea?s=96&d=mm&r=g","caption":"user"},"sameAs":["http:\/\/44.197.188.197.nip.io"],"url":"https:\/\/grupohoymexico.com\/puebla\/author\/user\/"}]}},"_links":{"self":[{"href":"https:\/\/grupohoymexico.com\/puebla\/wp-json\/wp\/v2\/posts\/77145","targetHints":{"allow":["GET"]}}],"collection":[{"href":"https:\/\/grupohoymexico.com\/puebla\/wp-json\/wp\/v2\/posts"}],"about":[{"href":"https:\/\/grupohoymexico.com\/puebla\/wp-json\/wp\/v2\/types\/post"}],"author":[{"embeddable":true,"href":"https:\/\/grupohoymexico.com\/puebla\/wp-json\/wp\/v2\/users\/1"}],"replies":[{"embeddable":true,"href":"https:\/\/grupohoymexico.com\/puebla\/wp-json\/wp\/v2\/comments?post=77145"}],"version-history":[{"count":1,"href":"https:\/\/grupohoymexico.com\/puebla\/wp-json\/wp\/v2\/posts\/77145\/revisions"}],"predecessor-version":[{"id":77149,"href":"https:\/\/grupohoymexico.com\/puebla\/wp-json\/wp\/v2\/posts\/77145\/revisions\/77149"}],"wp:featuredmedia":[{"embeddable":true,"href":"https:\/\/grupohoymexico.com\/puebla\/wp-json\/wp\/v2\/media\/77148"}],"wp:attachment":[{"href":"https:\/\/grupohoymexico.com\/puebla\/wp-json\/wp\/v2\/media?parent=77145"}],"wp:term":[{"taxonomy":"category","embeddable":true,"href":"https:\/\/grupohoymexico.com\/puebla\/wp-json\/wp\/v2\/categories?post=77145"},{"taxonomy":"post_tag","embeddable":true,"href":"https:\/\/grupohoymexico.com\/puebla\/wp-json\/wp\/v2\/tags?post=77145"}],"curies":[{"name":"wp","href":"https:\/\/api.w.org\/{rel}","templated":true}]}}