{"id":77134,"date":"2025-09-04T16:53:53","date_gmt":"2025-09-04T16:53:53","guid":{"rendered":"https:\/\/grupohoymexico.com\/puebla\/?p=77134"},"modified":"2025-09-04T16:53:54","modified_gmt":"2025-09-04T16:53:54","slug":"armenta-firma-convenio-con-cenagas-y-apoya-la-innovacion-universitaria-en-puebla","status":"publish","type":"post","link":"https:\/\/grupohoymexico.com\/puebla\/2025\/09\/04\/armenta-firma-convenio-con-cenagas-y-apoya-la-innovacion-universitaria-en-puebla\/","title":{"rendered":"Armenta firma convenio con CENAGAS y apoya la innovaci\u00f3n universitaria en Puebla"},"content":{"rendered":"\n<p>El<strong> gobernador Alejandro Armenta <\/strong>anunci\u00f3 que todos los proyectos de innovaci\u00f3n tecnol\u00f3gica creados por estudiantes universitarios recibir\u00e1n apoyo del <strong>gobierno de Puebla<\/strong>. El objetivo es reforzar la <strong>soberan\u00eda energ\u00e9tica <\/strong>en la entidad y en <strong>M\u00e9xico.<\/strong><\/p>\n\n\n\n<p>Durante el <strong>Foro Gas Natural Puebla 2025<\/strong>, el mandatario destac\u00f3 que el talento joven y la investigaci\u00f3n cient\u00edfica son fundamentales. Espec\u00edficamente, se refiri\u00f3 que para transformar el sector energ\u00e9tico y garantizar un desarrollo econ\u00f3mico sostenible. <strong>Armenta<\/strong> invit\u00f3 a <strong>universidades, investigadores y cient\u00edficos<\/strong> a presentar propuestas innovadoras que contribuyan a una mayor eficiencia en el <strong>uso de energ\u00eda y al crecimiento industrial.<\/strong><\/p>\n\n\n\n<figure class=\"wp-block-image size-large\"><img fetchpriority=\"high\" decoding=\"async\" width=\"1024\" height=\"683\" src=\"https:\/\/grupohoymexico.com\/puebla\/wp-content\/uploads\/sites\/3\/2025\/09\/acbdf990-2a3d-4be9-838d-c7fc33e75bf9-1024x683.jpeg\" alt=\"Armenta firma convenio con CENAGAS \" class=\"wp-image-77136\" srcset=\"https:\/\/grupohoymexico.com\/puebla\/wp-content\/uploads\/sites\/3\/2025\/09\/acbdf990-2a3d-4be9-838d-c7fc33e75bf9-1024x683.jpeg 1024w, https:\/\/grupohoymexico.com\/puebla\/wp-content\/uploads\/sites\/3\/2025\/09\/acbdf990-2a3d-4be9-838d-c7fc33e75bf9-300x200.jpeg 300w, https:\/\/grupohoymexico.com\/puebla\/wp-content\/uploads\/sites\/3\/2025\/09\/acbdf990-2a3d-4be9-838d-c7fc33e75bf9-768x512.jpeg 768w, https:\/\/grupohoymexico.com\/puebla\/wp-content\/uploads\/sites\/3\/2025\/09\/acbdf990-2a3d-4be9-838d-c7fc33e75bf9-1536x1024.jpeg 1536w, https:\/\/grupohoymexico.com\/puebla\/wp-content\/uploads\/sites\/3\/2025\/09\/acbdf990-2a3d-4be9-838d-c7fc33e75bf9-2048x1366.jpeg 2048w, https:\/\/grupohoymexico.com\/puebla\/wp-content\/uploads\/sites\/3\/2025\/09\/acbdf990-2a3d-4be9-838d-c7fc33e75bf9-332x221.jpeg 332w, https:\/\/grupohoymexico.com\/puebla\/wp-content\/uploads\/sites\/3\/2025\/09\/acbdf990-2a3d-4be9-838d-c7fc33e75bf9-664x443.jpeg 664w, https:\/\/grupohoymexico.com\/puebla\/wp-content\/uploads\/sites\/3\/2025\/09\/acbdf990-2a3d-4be9-838d-c7fc33e75bf9-688x459.jpeg 688w, https:\/\/grupohoymexico.com\/puebla\/wp-content\/uploads\/sites\/3\/2025\/09\/acbdf990-2a3d-4be9-838d-c7fc33e75bf9-1044x696.jpeg 1044w, https:\/\/grupohoymexico.com\/puebla\/wp-content\/uploads\/sites\/3\/2025\/09\/acbdf990-2a3d-4be9-838d-c7fc33e75bf9-1400x934.jpeg 1400w, https:\/\/grupohoymexico.com\/puebla\/wp-content\/uploads\/sites\/3\/2025\/09\/acbdf990-2a3d-4be9-838d-c7fc33e75bf9-1920x1280.jpeg 1920w, https:\/\/grupohoymexico.com\/puebla\/wp-content\/uploads\/sites\/3\/2025\/09\/acbdf990-2a3d-4be9-838d-c7fc33e75bf9-scaled.jpeg 2560w\" sizes=\"(max-width: 1024px) 100vw, 1024px\" \/><figcaption class=\"wp-element-caption\">Foto: Gobierno del Estado de Puebla<\/figcaption><\/figure>\n\n\n\n<h2 class=\"wp-block-heading\" id=\"h-alejandro-armenta-puebla-ubicacion-estrategica-que-potencia-la-competitividad-y-el-desarrollo-industrial\"><strong>Alejandro Armenta:<\/strong> <strong>Puebla, ubicaci\u00f3n estrat\u00e9gica que potencia la competitividad y el desarrollo industrial<\/strong><\/h2>\n\n\n\n<p>El gobernador resalt\u00f3 que la ubicaci\u00f3n geogr\u00e1fica de <strong>Puebla<\/strong>, atravesada por los principales gasoductos del pa\u00eds, representa una ventaja estrat\u00e9gica que debe aprovecharse para el desarrollo econ\u00f3mico y tecnol\u00f3gico de la regi\u00f3n. S<strong>ubray\u00f3 que la energ\u00eda no solo es un recurso, sino un motor de bienestar social y prosperidad compartida, capaz de atraer inversiones, generar empleo y fomentar la competitividad industrial.<\/strong><\/p>\n\n\n\n<p><strong>Cuitl\u00e1huac Garc\u00eda Jim\u00e9nez, director general del <a href=\"https:\/\/www.gob.mx\/cenagas\">Centro Nacional de Control del Gas Natural (CENAGAS)<\/a><\/strong>, explic\u00f3 que el gas natural es un combustible limpio y eficiente que facilita la transici\u00f3n hacia energ\u00edas renovables. Destac\u00f3 que <strong>tres gasoductos importantes atraviesan Puebla<\/strong>, incluido el <strong>gasoducto Morelos<\/strong>, conectado con el <strong>Polo de Desarrollo de Bienestar<\/strong> en el <strong>norte del estado<\/strong>, lo que representa una oportunidad para potenciar proyectos industriales y sociales.<\/p>\n\n\n\n<p><strong>Celina Pe\u00f1a Guzm\u00e1n, secretaria de Ciencia, Humanidades, Tecnolog\u00eda e Innovaci\u00f3n<\/strong>, se\u00f1al\u00f3 que <strong>Puebla<\/strong> participa en <strong>15 proyectos estrat\u00e9gicos en tecnolog\u00eda<\/strong>, como el <strong><a href=\"https:\/\/grupohoymexico.com\/puebla\/2025\/08\/17\/marcelo-ebrard-destaca-el-papel-de-los-polos-de-desarrollo-economico-puebla\/\">Centro de Dise\u00f1o de Semiconductores<\/a>, el auto Olinia y el proyecto Ixtli<\/strong>, en colaboraci\u00f3n con <strong>universidades p\u00fablicas y privadas.<\/strong><\/p>\n\n\n\n<p>Adem\u00e1s, el convenio firmado entre el <strong>gobierno de Puebla y CENAGAS <\/strong>busca promover el uso racional y sostenible del gas natural, atraer inversiones en infraestructura energ\u00e9tica y establecer un modelo de desarrollo m\u00e1s competitivo e inclusivo, <strong>donde la energ\u00eda sea un motor de progreso para la poblaci\u00f3n.<\/strong><\/p>\n\n\n\n<figure class=\"wp-block-image size-large\"><img decoding=\"async\" width=\"1024\" height=\"605\" src=\"https:\/\/grupohoymexico.com\/puebla\/wp-content\/uploads\/sites\/3\/2025\/09\/f0c928fd-8c17-4246-adeb-e2edbec49f18-1024x605.jpeg\" alt=\"Armenta firma convenio con CENAGAS \" class=\"wp-image-77137\" srcset=\"https:\/\/grupohoymexico.com\/puebla\/wp-content\/uploads\/sites\/3\/2025\/09\/f0c928fd-8c17-4246-adeb-e2edbec49f18-1024x605.jpeg 1024w, https:\/\/grupohoymexico.com\/puebla\/wp-content\/uploads\/sites\/3\/2025\/09\/f0c928fd-8c17-4246-adeb-e2edbec49f18-300x177.jpeg 300w, https:\/\/grupohoymexico.com\/puebla\/wp-content\/uploads\/sites\/3\/2025\/09\/f0c928fd-8c17-4246-adeb-e2edbec49f18-768x453.jpeg 768w, https:\/\/grupohoymexico.com\/puebla\/wp-content\/uploads\/sites\/3\/2025\/09\/f0c928fd-8c17-4246-adeb-e2edbec49f18-1536x907.jpeg 1536w, https:\/\/grupohoymexico.com\/puebla\/wp-content\/uploads\/sites\/3\/2025\/09\/f0c928fd-8c17-4246-adeb-e2edbec49f18-2048x1209.jpeg 2048w, https:\/\/grupohoymexico.com\/puebla\/wp-content\/uploads\/sites\/3\/2025\/09\/f0c928fd-8c17-4246-adeb-e2edbec49f18-332x196.jpeg 332w, https:\/\/grupohoymexico.com\/puebla\/wp-content\/uploads\/sites\/3\/2025\/09\/f0c928fd-8c17-4246-adeb-e2edbec49f18-664x392.jpeg 664w, https:\/\/grupohoymexico.com\/puebla\/wp-content\/uploads\/sites\/3\/2025\/09\/f0c928fd-8c17-4246-adeb-e2edbec49f18-688x406.jpeg 688w, https:\/\/grupohoymexico.com\/puebla\/wp-content\/uploads\/sites\/3\/2025\/09\/f0c928fd-8c17-4246-adeb-e2edbec49f18-1044x616.jpeg 1044w, https:\/\/grupohoymexico.com\/puebla\/wp-content\/uploads\/sites\/3\/2025\/09\/f0c928fd-8c17-4246-adeb-e2edbec49f18-1400x827.jpeg 1400w, https:\/\/grupohoymexico.com\/puebla\/wp-content\/uploads\/sites\/3\/2025\/09\/f0c928fd-8c17-4246-adeb-e2edbec49f18-1920x1134.jpeg 1920w, https:\/\/grupohoymexico.com\/puebla\/wp-content\/uploads\/sites\/3\/2025\/09\/f0c928fd-8c17-4246-adeb-e2edbec49f18-scaled.jpeg 2560w\" sizes=\"(max-width: 1024px) 100vw, 1024px\" \/><figcaption class=\"wp-element-caption\">Foto: Gobierno del Estado de Puebla<\/figcaption><\/figure>\n","protected":false},"excerpt":{"rendered":"El gobernador Alejandro Armenta anunci\u00f3 que todos los proyectos de innovaci\u00f3n tecnol\u00f3gica creados por estudiantes universitarios recibir\u00e1n apoyo&hellip;","protected":false},"author":1,"featured_media":77138,"comment_status":"open","ping_status":"open","sticky":false,"template":"","format":"standard","meta":{"csco_display_header_overlay":false,"csco_singular_sidebar":"","csco_page_header_type":"","csco_page_load_nextpost":"","csco_post_video_location":[],"csco_post_video_location_hash":"","csco_post_video_url":"","csco_post_video_bg_start_time":0,"csco_post_video_bg_end_time":0,"footnotes":""},"categories":[29],"tags":[98,2185,168,126,2187,2186],"class_list":{"0":"post-77134","1":"post","2":"type-post","3":"status-publish","4":"format-standard","5":"has-post-thumbnail","7":"category-estatal","8":"tag-alejandro-armenta","9":"tag-cenagas","10":"tag-gobierno-de-puebla","11":"tag-mexico","12":"tag-soberania-energetica","13":"tag-universitarios","14":"cs-entry","15":"cs-video-wrap"},"yoast_head":"<!-- This site is optimized with the Yoast SEO Premium plugin v24.7 (Yoast SEO v27.4) - https:\/\/yoast.com\/product\/yoast-seo-premium-wordpress\/ -->\n<title>Armenta firma convenio con CENAGAS y apoya la innovaci\u00f3n universitaria en Puebla - Grupo Hoy Puebla<\/title>\n<meta name=\"description\" content=\"Alejandro Armenta respalda proyectos tecnol\u00f3gicos y firma convenio con CENAGAS para fortalecer la energ\u00eda en Puebla.\" \/>\n<meta name=\"robots\" content=\"index, follow, max-snippet:-1, max-image-preview:large, max-video-preview:-1\" \/>\n<link rel=\"canonical\" href=\"https:\/\/grupohoymexico.com\/puebla\/2025\/09\/04\/armenta-firma-convenio-con-cenagas-y-apoya-la-innovacion-universitaria-en-puebla\/\" \/>\n<meta property=\"og:locale\" content=\"es_MX\" \/>\n<meta property=\"og:type\" content=\"article\" \/>\n<meta property=\"og:title\" content=\"Armenta firma convenio con CENAGAS y apoya la innovaci\u00f3n universitaria en Puebla\" \/>\n<meta property=\"og:description\" content=\"Alejandro Armenta respalda proyectos tecnol\u00f3gicos y firma convenio con CENAGAS para fortalecer la energ\u00eda en Puebla.\" \/>\n<meta property=\"og:url\" content=\"https:\/\/grupohoymexico.com\/puebla\/2025\/09\/04\/armenta-firma-convenio-con-cenagas-y-apoya-la-innovacion-universitaria-en-puebla\/\" \/>\n<meta property=\"og:site_name\" content=\"Grupo Hoy Puebla\" \/>\n<meta property=\"article:published_time\" content=\"2025-09-04T16:53:53+00:00\" \/>\n<meta property=\"article:modified_time\" content=\"2025-09-04T16:53:54+00:00\" \/>\n<meta property=\"og:image\" content=\"https:\/\/grupohoymexico.com\/puebla\/wp-content\/uploads\/sites\/3\/2025\/09\/5030842541247825341.webp\" \/>\n\t<meta property=\"og:image:width\" content=\"1201\" \/>\n\t<meta property=\"og:image:height\" content=\"639\" \/>\n\t<meta property=\"og:image:type\" content=\"image\/webp\" \/>\n<meta name=\"author\" content=\"user\" \/>\n<meta name=\"twitter:card\" content=\"summary_large_image\" \/>\n<meta name=\"twitter:label1\" content=\"Escrito por\" \/>\n\t<meta name=\"twitter:data1\" content=\"user\" \/>\n\t<meta name=\"twitter:label2\" content=\"Tiempo de lectura\" \/>\n\t<meta name=\"twitter:data2\" content=\"3 minutos\" \/>\n<script type=\"application\/ld+json\" class=\"yoast-schema-graph\">{\"@context\":\"https:\\\/\\\/schema.org\",\"@graph\":[{\"@type\":\"Article\",\"@id\":\"https:\\\/\\\/grupohoymexico.com\\\/puebla\\\/2025\\\/09\\\/04\\\/armenta-firma-convenio-con-cenagas-y-apoya-la-innovacion-universitaria-en-puebla\\\/#article\",\"isPartOf\":{\"@id\":\"https:\\\/\\\/grupohoymexico.com\\\/puebla\\\/2025\\\/09\\\/04\\\/armenta-firma-convenio-con-cenagas-y-apoya-la-innovacion-universitaria-en-puebla\\\/\"},\"author\":{\"name\":\"user\",\"@id\":\"https:\\\/\\\/grupohoymexico.com\\\/puebla\\\/#\\\/schema\\\/person\\\/ce6086ac837852775a3a4f539356c297\"},\"headline\":\"Armenta firma convenio con CENAGAS y apoya la innovaci\u00f3n universitaria en Puebla\",\"datePublished\":\"2025-09-04T16:53:53+00:00\",\"dateModified\":\"2025-09-04T16:53:54+00:00\",\"mainEntityOfPage\":{\"@id\":\"https:\\\/\\\/grupohoymexico.com\\\/puebla\\\/2025\\\/09\\\/04\\\/armenta-firma-convenio-con-cenagas-y-apoya-la-innovacion-universitaria-en-puebla\\\/\"},\"wordCount\":391,\"commentCount\":0,\"image\":{\"@id\":\"https:\\\/\\\/grupohoymexico.com\\\/puebla\\\/2025\\\/09\\\/04\\\/armenta-firma-convenio-con-cenagas-y-apoya-la-innovacion-universitaria-en-puebla\\\/#primaryimage\"},\"thumbnailUrl\":\"https:\\\/\\\/grupohoymexico.com\\\/puebla\\\/wp-content\\\/uploads\\\/sites\\\/3\\\/2025\\\/09\\\/5030842541247825341.webp\",\"keywords\":[\"Alejandro Armenta\",\"CENAGAS\",\"Gobierno de Puebla\",\"M\u00e9xico\",\"soberan\u00eda energ\u00e9tica\",\"universitarios\"],\"articleSection\":[\"Estatal\"],\"inLanguage\":\"es\",\"potentialAction\":[{\"@type\":\"CommentAction\",\"name\":\"Comment\",\"target\":[\"https:\\\/\\\/grupohoymexico.com\\\/puebla\\\/2025\\\/09\\\/04\\\/armenta-firma-convenio-con-cenagas-y-apoya-la-innovacion-universitaria-en-puebla\\\/#respond\"]}]},{\"@type\":\"WebPage\",\"@id\":\"https:\\\/\\\/grupohoymexico.com\\\/puebla\\\/2025\\\/09\\\/04\\\/armenta-firma-convenio-con-cenagas-y-apoya-la-innovacion-universitaria-en-puebla\\\/\",\"url\":\"https:\\\/\\\/grupohoymexico.com\\\/puebla\\\/2025\\\/09\\\/04\\\/armenta-firma-convenio-con-cenagas-y-apoya-la-innovacion-universitaria-en-puebla\\\/\",\"name\":\"Armenta firma convenio con CENAGAS y apoya la innovaci\u00f3n universitaria en Puebla - Grupo Hoy Puebla\",\"isPartOf\":{\"@id\":\"https:\\\/\\\/grupohoymexico.com\\\/puebla\\\/#website\"},\"primaryImageOfPage\":{\"@id\":\"https:\\\/\\\/grupohoymexico.com\\\/puebla\\\/2025\\\/09\\\/04\\\/armenta-firma-convenio-con-cenagas-y-apoya-la-innovacion-universitaria-en-puebla\\\/#primaryimage\"},\"image\":{\"@id\":\"https:\\\/\\\/grupohoymexico.com\\\/puebla\\\/2025\\\/09\\\/04\\\/armenta-firma-convenio-con-cenagas-y-apoya-la-innovacion-universitaria-en-puebla\\\/#primaryimage\"},\"thumbnailUrl\":\"https:\\\/\\\/grupohoymexico.com\\\/puebla\\\/wp-content\\\/uploads\\\/sites\\\/3\\\/2025\\\/09\\\/5030842541247825341.webp\",\"datePublished\":\"2025-09-04T16:53:53+00:00\",\"dateModified\":\"2025-09-04T16:53:54+00:00\",\"author\":{\"@id\":\"https:\\\/\\\/grupohoymexico.com\\\/puebla\\\/#\\\/schema\\\/person\\\/ce6086ac837852775a3a4f539356c297\"},\"description\":\"Alejandro Armenta respalda proyectos tecnol\u00f3gicos y firma convenio con CENAGAS para fortalecer la energ\u00eda en Puebla.\",\"breadcrumb\":{\"@id\":\"https:\\\/\\\/grupohoymexico.com\\\/puebla\\\/2025\\\/09\\\/04\\\/armenta-firma-convenio-con-cenagas-y-apoya-la-innovacion-universitaria-en-puebla\\\/#breadcrumb\"},\"inLanguage\":\"es\",\"potentialAction\":[{\"@type\":\"ReadAction\",\"target\":[\"https:\\\/\\\/grupohoymexico.com\\\/puebla\\\/2025\\\/09\\\/04\\\/armenta-firma-convenio-con-cenagas-y-apoya-la-innovacion-universitaria-en-puebla\\\/\"]}]},{\"@type\":\"ImageObject\",\"inLanguage\":\"es\",\"@id\":\"https:\\\/\\\/grupohoymexico.com\\\/puebla\\\/2025\\\/09\\\/04\\\/armenta-firma-convenio-con-cenagas-y-apoya-la-innovacion-universitaria-en-puebla\\\/#primaryimage\",\"url\":\"https:\\\/\\\/grupohoymexico.com\\\/puebla\\\/wp-content\\\/uploads\\\/sites\\\/3\\\/2025\\\/09\\\/5030842541247825341.webp\",\"contentUrl\":\"https:\\\/\\\/grupohoymexico.com\\\/puebla\\\/wp-content\\\/uploads\\\/sites\\\/3\\\/2025\\\/09\\\/5030842541247825341.webp\",\"width\":1201,\"height\":639,\"caption\":\"Foto: Gobierno del Estado de Puebla\"},{\"@type\":\"BreadcrumbList\",\"@id\":\"https:\\\/\\\/grupohoymexico.com\\\/puebla\\\/2025\\\/09\\\/04\\\/armenta-firma-convenio-con-cenagas-y-apoya-la-innovacion-universitaria-en-puebla\\\/#breadcrumb\",\"itemListElement\":[{\"@type\":\"ListItem\",\"position\":1,\"name\":\"Inicio\",\"item\":\"https:\\\/\\\/grupohoymexico.com\\\/puebla\\\/\"},{\"@type\":\"ListItem\",\"position\":2,\"name\":\"Armenta firma convenio con CENAGAS y apoya la innovaci\u00f3n universitaria en Puebla\"}]},{\"@type\":\"WebSite\",\"@id\":\"https:\\\/\\\/grupohoymexico.com\\\/puebla\\\/#website\",\"url\":\"https:\\\/\\\/grupohoymexico.com\\\/puebla\\\/\",\"name\":\"Grupo Hoy Puebla\",\"description\":\"\",\"potentialAction\":[{\"@type\":\"SearchAction\",\"target\":{\"@type\":\"EntryPoint\",\"urlTemplate\":\"https:\\\/\\\/grupohoymexico.com\\\/puebla\\\/?s={search_term_string}\"},\"query-input\":{\"@type\":\"PropertyValueSpecification\",\"valueRequired\":true,\"valueName\":\"search_term_string\"}}],\"inLanguage\":\"es\"},{\"@type\":\"Person\",\"@id\":\"https:\\\/\\\/grupohoymexico.com\\\/puebla\\\/#\\\/schema\\\/person\\\/ce6086ac837852775a3a4f539356c297\",\"name\":\"user\",\"image\":{\"@type\":\"ImageObject\",\"inLanguage\":\"es\",\"@id\":\"https:\\\/\\\/secure.gravatar.com\\\/avatar\\\/25f78de4fa956f6f7c01f8d96f8087d8958ebe06d57e630cd54e36aefb9dacea?s=96&d=mm&r=g\",\"url\":\"https:\\\/\\\/secure.gravatar.com\\\/avatar\\\/25f78de4fa956f6f7c01f8d96f8087d8958ebe06d57e630cd54e36aefb9dacea?s=96&d=mm&r=g\",\"contentUrl\":\"https:\\\/\\\/secure.gravatar.com\\\/avatar\\\/25f78de4fa956f6f7c01f8d96f8087d8958ebe06d57e630cd54e36aefb9dacea?s=96&d=mm&r=g\",\"caption\":\"user\"},\"sameAs\":[\"http:\\\/\\\/44.197.188.197.nip.io\"],\"url\":\"https:\\\/\\\/grupohoymexico.com\\\/puebla\\\/author\\\/user\\\/\"}]}<\/script>\n<!-- \/ Yoast SEO Premium plugin. -->","yoast_head_json":{"title":"Armenta firma convenio con CENAGAS y apoya la innovaci\u00f3n universitaria en Puebla - Grupo Hoy Puebla","description":"Alejandro Armenta respalda proyectos tecnol\u00f3gicos y firma convenio con CENAGAS para fortalecer la energ\u00eda en Puebla.","robots":{"index":"index","follow":"follow","max-snippet":"max-snippet:-1","max-image-preview":"max-image-preview:large","max-video-preview":"max-video-preview:-1"},"canonical":"https:\/\/grupohoymexico.com\/puebla\/2025\/09\/04\/armenta-firma-convenio-con-cenagas-y-apoya-la-innovacion-universitaria-en-puebla\/","og_locale":"es_MX","og_type":"article","og_title":"Armenta firma convenio con CENAGAS y apoya la innovaci\u00f3n universitaria en Puebla","og_description":"Alejandro Armenta respalda proyectos tecnol\u00f3gicos y firma convenio con CENAGAS para fortalecer la energ\u00eda en Puebla.","og_url":"https:\/\/grupohoymexico.com\/puebla\/2025\/09\/04\/armenta-firma-convenio-con-cenagas-y-apoya-la-innovacion-universitaria-en-puebla\/","og_site_name":"Grupo Hoy Puebla","article_published_time":"2025-09-04T16:53:53+00:00","article_modified_time":"2025-09-04T16:53:54+00:00","og_image":[{"width":1201,"height":639,"url":"https:\/\/grupohoymexico.com\/puebla\/wp-content\/uploads\/sites\/3\/2025\/09\/5030842541247825341.webp","type":"image\/webp"}],"author":"user","twitter_card":"summary_large_image","twitter_misc":{"Escrito por":"user","Tiempo de lectura":"3 minutos"},"schema":{"@context":"https:\/\/schema.org","@graph":[{"@type":"Article","@id":"https:\/\/grupohoymexico.com\/puebla\/2025\/09\/04\/armenta-firma-convenio-con-cenagas-y-apoya-la-innovacion-universitaria-en-puebla\/#article","isPartOf":{"@id":"https:\/\/grupohoymexico.com\/puebla\/2025\/09\/04\/armenta-firma-convenio-con-cenagas-y-apoya-la-innovacion-universitaria-en-puebla\/"},"author":{"name":"user","@id":"https:\/\/grupohoymexico.com\/puebla\/#\/schema\/person\/ce6086ac837852775a3a4f539356c297"},"headline":"Armenta firma convenio con CENAGAS y apoya la innovaci\u00f3n universitaria en Puebla","datePublished":"2025-09-04T16:53:53+00:00","dateModified":"2025-09-04T16:53:54+00:00","mainEntityOfPage":{"@id":"https:\/\/grupohoymexico.com\/puebla\/2025\/09\/04\/armenta-firma-convenio-con-cenagas-y-apoya-la-innovacion-universitaria-en-puebla\/"},"wordCount":391,"commentCount":0,"image":{"@id":"https:\/\/grupohoymexico.com\/puebla\/2025\/09\/04\/armenta-firma-convenio-con-cenagas-y-apoya-la-innovacion-universitaria-en-puebla\/#primaryimage"},"thumbnailUrl":"https:\/\/grupohoymexico.com\/puebla\/wp-content\/uploads\/sites\/3\/2025\/09\/5030842541247825341.webp","keywords":["Alejandro Armenta","CENAGAS","Gobierno de Puebla","M\u00e9xico","soberan\u00eda energ\u00e9tica","universitarios"],"articleSection":["Estatal"],"inLanguage":"es","potentialAction":[{"@type":"CommentAction","name":"Comment","target":["https:\/\/grupohoymexico.com\/puebla\/2025\/09\/04\/armenta-firma-convenio-con-cenagas-y-apoya-la-innovacion-universitaria-en-puebla\/#respond"]}]},{"@type":"WebPage","@id":"https:\/\/grupohoymexico.com\/puebla\/2025\/09\/04\/armenta-firma-convenio-con-cenagas-y-apoya-la-innovacion-universitaria-en-puebla\/","url":"https:\/\/grupohoymexico.com\/puebla\/2025\/09\/04\/armenta-firma-convenio-con-cenagas-y-apoya-la-innovacion-universitaria-en-puebla\/","name":"Armenta firma convenio con CENAGAS y apoya la innovaci\u00f3n universitaria en Puebla - Grupo Hoy Puebla","isPartOf":{"@id":"https:\/\/grupohoymexico.com\/puebla\/#website"},"primaryImageOfPage":{"@id":"https:\/\/grupohoymexico.com\/puebla\/2025\/09\/04\/armenta-firma-convenio-con-cenagas-y-apoya-la-innovacion-universitaria-en-puebla\/#primaryimage"},"image":{"@id":"https:\/\/grupohoymexico.com\/puebla\/2025\/09\/04\/armenta-firma-convenio-con-cenagas-y-apoya-la-innovacion-universitaria-en-puebla\/#primaryimage"},"thumbnailUrl":"https:\/\/grupohoymexico.com\/puebla\/wp-content\/uploads\/sites\/3\/2025\/09\/5030842541247825341.webp","datePublished":"2025-09-04T16:53:53+00:00","dateModified":"2025-09-04T16:53:54+00:00","author":{"@id":"https:\/\/grupohoymexico.com\/puebla\/#\/schema\/person\/ce6086ac837852775a3a4f539356c297"},"description":"Alejandro Armenta respalda proyectos tecnol\u00f3gicos y firma convenio con CENAGAS para fortalecer la energ\u00eda en Puebla.","breadcrumb":{"@id":"https:\/\/grupohoymexico.com\/puebla\/2025\/09\/04\/armenta-firma-convenio-con-cenagas-y-apoya-la-innovacion-universitaria-en-puebla\/#breadcrumb"},"inLanguage":"es","potentialAction":[{"@type":"ReadAction","target":["https:\/\/grupohoymexico.com\/puebla\/2025\/09\/04\/armenta-firma-convenio-con-cenagas-y-apoya-la-innovacion-universitaria-en-puebla\/"]}]},{"@type":"ImageObject","inLanguage":"es","@id":"https:\/\/grupohoymexico.com\/puebla\/2025\/09\/04\/armenta-firma-convenio-con-cenagas-y-apoya-la-innovacion-universitaria-en-puebla\/#primaryimage","url":"https:\/\/grupohoymexico.com\/puebla\/wp-content\/uploads\/sites\/3\/2025\/09\/5030842541247825341.webp","contentUrl":"https:\/\/grupohoymexico.com\/puebla\/wp-content\/uploads\/sites\/3\/2025\/09\/5030842541247825341.webp","width":1201,"height":639,"caption":"Foto: Gobierno del Estado de Puebla"},{"@type":"BreadcrumbList","@id":"https:\/\/grupohoymexico.com\/puebla\/2025\/09\/04\/armenta-firma-convenio-con-cenagas-y-apoya-la-innovacion-universitaria-en-puebla\/#breadcrumb","itemListElement":[{"@type":"ListItem","position":1,"name":"Inicio","item":"https:\/\/grupohoymexico.com\/puebla\/"},{"@type":"ListItem","position":2,"name":"Armenta firma convenio con CENAGAS y apoya la innovaci\u00f3n universitaria en Puebla"}]},{"@type":"WebSite","@id":"https:\/\/grupohoymexico.com\/puebla\/#website","url":"https:\/\/grupohoymexico.com\/puebla\/","name":"Grupo Hoy Puebla","description":"","potentialAction":[{"@type":"SearchAction","target":{"@type":"EntryPoint","urlTemplate":"https:\/\/grupohoymexico.com\/puebla\/?s={search_term_string}"},"query-input":{"@type":"PropertyValueSpecification","valueRequired":true,"valueName":"search_term_string"}}],"inLanguage":"es"},{"@type":"Person","@id":"https:\/\/grupohoymexico.com\/puebla\/#\/schema\/person\/ce6086ac837852775a3a4f539356c297","name":"user","image":{"@type":"ImageObject","inLanguage":"es","@id":"https:\/\/secure.gravatar.com\/avatar\/25f78de4fa956f6f7c01f8d96f8087d8958ebe06d57e630cd54e36aefb9dacea?s=96&d=mm&r=g","url":"https:\/\/secure.gravatar.com\/avatar\/25f78de4fa956f6f7c01f8d96f8087d8958ebe06d57e630cd54e36aefb9dacea?s=96&d=mm&r=g","contentUrl":"https:\/\/secure.gravatar.com\/avatar\/25f78de4fa956f6f7c01f8d96f8087d8958ebe06d57e630cd54e36aefb9dacea?s=96&d=mm&r=g","caption":"user"},"sameAs":["http:\/\/44.197.188.197.nip.io"],"url":"https:\/\/grupohoymexico.com\/puebla\/author\/user\/"}]}},"_links":{"self":[{"href":"https:\/\/grupohoymexico.com\/puebla\/wp-json\/wp\/v2\/posts\/77134","targetHints":{"allow":["GET"]}}],"collection":[{"href":"https:\/\/grupohoymexico.com\/puebla\/wp-json\/wp\/v2\/posts"}],"about":[{"href":"https:\/\/grupohoymexico.com\/puebla\/wp-json\/wp\/v2\/types\/post"}],"author":[{"embeddable":true,"href":"https:\/\/grupohoymexico.com\/puebla\/wp-json\/wp\/v2\/users\/1"}],"replies":[{"embeddable":true,"href":"https:\/\/grupohoymexico.com\/puebla\/wp-json\/wp\/v2\/comments?post=77134"}],"version-history":[{"count":1,"href":"https:\/\/grupohoymexico.com\/puebla\/wp-json\/wp\/v2\/posts\/77134\/revisions"}],"predecessor-version":[{"id":77139,"href":"https:\/\/grupohoymexico.com\/puebla\/wp-json\/wp\/v2\/posts\/77134\/revisions\/77139"}],"wp:featuredmedia":[{"embeddable":true,"href":"https:\/\/grupohoymexico.com\/puebla\/wp-json\/wp\/v2\/media\/77138"}],"wp:attachment":[{"href":"https:\/\/grupohoymexico.com\/puebla\/wp-json\/wp\/v2\/media?parent=77134"}],"wp:term":[{"taxonomy":"category","embeddable":true,"href":"https:\/\/grupohoymexico.com\/puebla\/wp-json\/wp\/v2\/categories?post=77134"},{"taxonomy":"post_tag","embeddable":true,"href":"https:\/\/grupohoymexico.com\/puebla\/wp-json\/wp\/v2\/tags?post=77134"}],"curies":[{"name":"wp","href":"https:\/\/api.w.org\/{rel}","templated":true}]}}