{"id":77119,"date":"2025-09-03T18:45:58","date_gmt":"2025-09-03T18:45:58","guid":{"rendered":"https:\/\/grupohoymexico.com\/puebla\/?p=77119"},"modified":"2025-09-03T18:45:59","modified_gmt":"2025-09-03T18:45:59","slug":"armenta-responsabiliza-a-la-28-de-octubre-por-quema-de-ruta-durante-protestas-en-puebla","status":"publish","type":"post","link":"https:\/\/grupohoymexico.com\/puebla\/2025\/09\/03\/armenta-responsabiliza-a-la-28-de-octubre-por-quema-de-ruta-durante-protestas-en-puebla\/","title":{"rendered":"Armenta responsabiliza a la \u201c28 de Octubre\u201d por quema de RUTA durante protestas en Puebla"},"content":{"rendered":"\n<p>El <strong>gobernador de Puebla, Alejandro Armenta<\/strong>, vincul\u00f3 a la <strong>organizaci\u00f3n de comerciantes &#8220;28 de Octubre&#8221;<\/strong> con la <strong>quema de un autob\u00fas de la Red Urbana de Transporte Articulado (RUTA)<\/strong>, hecho ocurrido el <strong>martes 2 de septiembre<\/strong> en medio de las manifestaciones de estudiantes de la <strong>normal Carmen Serd\u00e1n de Teteles de \u00c1vila.<\/strong><\/p>\n\n\n\n<p>Durante su conferencia matutina del <strong>mi\u00e9rcoles<\/strong>, <strong>Armenta<\/strong> lanz\u00f3 un reproche p\u00fablico al <strong>l\u00edder del grupo, Rub\u00e9n Sarabia<\/strong>, conocido como <strong>\u201cSimitrio\u201d: <\/strong><\/p>\n\n\n\n<blockquote class=\"wp-block-quote is-layout-flow wp-block-quote-is-layout-flow\">\n<p>\u201cUsted me pide di\u00e1logo y di\u00e1logo hay. \u00bfPor qu\u00e9 manda a su equipo a quemar autobuses?\u201d. <\/p>\n<\/blockquote>\n\n\n\n<p>El mandatario reiter\u00f3 que el gobierno mantiene abiertas las v\u00edas de negociaci\u00f3n, pero que <strong>no tolerar\u00e1 acciones violentas ni ataques a la <a href=\"https:\/\/grupohoymexico.com\/puebla\/2025\/06\/23\/reconocen-a-puebla-como-la-joya-de-la-corona-de-la-republica-mexicana\/\">infraestructura p\u00fablica<\/a>.<\/strong><\/p>\n\n\n\n<blockquote class=\"wp-block-quote is-layout-flow wp-block-quote-is-layout-flow\">\n<p>\u201cEl pueblo de Puebla sabe qu\u00e9 pas\u00f3 y qui\u00e9n est\u00e1 detr\u00e1s de ese incidente. Aqu\u00ed se respetan los derechos sociales, pero tambi\u00e9n se aplica la ley\u201d, enfatiz\u00f3.<\/p>\n<\/blockquote>\n\n\n\n<figure class=\"wp-block-image size-large\"><img fetchpriority=\"high\" decoding=\"async\" width=\"1024\" height=\"683\" src=\"https:\/\/grupohoymexico.com\/puebla\/wp-content\/uploads\/sites\/3\/2025\/09\/Gz74GuKWAAIhbjP-1024x683.jpg\" alt=\"gobernador de Puebla, Alejandro Armenta\" class=\"wp-image-77122\" srcset=\"https:\/\/grupohoymexico.com\/puebla\/wp-content\/uploads\/sites\/3\/2025\/09\/Gz74GuKWAAIhbjP-1024x683.jpg 1024w, https:\/\/grupohoymexico.com\/puebla\/wp-content\/uploads\/sites\/3\/2025\/09\/Gz74GuKWAAIhbjP-300x200.jpg 300w, https:\/\/grupohoymexico.com\/puebla\/wp-content\/uploads\/sites\/3\/2025\/09\/Gz74GuKWAAIhbjP-768x512.jpg 768w, https:\/\/grupohoymexico.com\/puebla\/wp-content\/uploads\/sites\/3\/2025\/09\/Gz74GuKWAAIhbjP-1536x1025.jpg 1536w, https:\/\/grupohoymexico.com\/puebla\/wp-content\/uploads\/sites\/3\/2025\/09\/Gz74GuKWAAIhbjP-332x221.jpg 332w, https:\/\/grupohoymexico.com\/puebla\/wp-content\/uploads\/sites\/3\/2025\/09\/Gz74GuKWAAIhbjP-664x443.jpg 664w, https:\/\/grupohoymexico.com\/puebla\/wp-content\/uploads\/sites\/3\/2025\/09\/Gz74GuKWAAIhbjP-688x459.jpg 688w, https:\/\/grupohoymexico.com\/puebla\/wp-content\/uploads\/sites\/3\/2025\/09\/Gz74GuKWAAIhbjP-1044x696.jpg 1044w, https:\/\/grupohoymexico.com\/puebla\/wp-content\/uploads\/sites\/3\/2025\/09\/Gz74GuKWAAIhbjP-1400x934.jpg 1400w, https:\/\/grupohoymexico.com\/puebla\/wp-content\/uploads\/sites\/3\/2025\/09\/Gz74GuKWAAIhbjP-1920x1281.jpg 1920w, https:\/\/grupohoymexico.com\/puebla\/wp-content\/uploads\/sites\/3\/2025\/09\/Gz74GuKWAAIhbjP.jpg 2048w\" sizes=\"(max-width: 1024px) 100vw, 1024px\" \/><figcaption class=\"wp-element-caption\">Foto: Gobierno del Estado de Puebla<\/figcaption><\/figure>\n\n\n\n<h2 class=\"wp-block-heading\" id=\"h-28-de-octubre-una-protesta-que-escalo-en-la-capital\"><strong>\u201c28 de Octubre\u201d:<\/strong> <strong>Una protesta que escal\u00f3 en la capital<\/strong><\/h2>\n\n\n\n<p>El conflicto inici\u00f3 cuando un grupo de normalistas <strong>bloque\u00f3 el bulevar 5 de Mayo por m\u00e1s de cinco horas<\/strong>. Encubiertos aprovecharon el caos para incendiar una unidad de <strong><a href=\"https:\/\/ruta.puebla.gob.mx\/\">RUTA<\/a><\/strong>, lo que gener\u00f3 p\u00e1nico entre personas en la calle y automovilistas.<\/p>\n\n\n\n<p>Bomberos y polic\u00edas acudieron de inmediato para controlar la situaci\u00f3n, aunque el incendio paraliz\u00f3 la circulaci\u00f3n durante gran parte del d\u00eda. <strong>Pese a la gravedad de los hechos, no se reportaron personas lesionadas.<\/strong><\/p>\n\n\n\n<p>Las manifestantes abandonaron la ciudad horas m\u00e1s tarde y regresaron a <strong>Teteles <\/strong>a bordo de autobuses que fueron revisados por las autoridades, con el fin de asegurarse de que<strong> no trasladaran explosivos ni material peligroso<\/strong>. Esto motiv\u00f3 dos operativos de seguridad en distintos puntos de <strong>Puebla capital.<\/strong><\/p>\n\n\n\n<blockquote class=\"wp-block-quote is-layout-flow wp-block-quote-is-layout-flow\">\n<p>\u201cLo ocurrido es lamentable y la Fiscal\u00eda ya investiga los hechos\u201d, dijo Armenta.<\/p>\n<\/blockquote>\n\n\n\n<figure class=\"wp-block-image size-large\"><img decoding=\"async\" width=\"1024\" height=\"768\" src=\"https:\/\/grupohoymexico.com\/puebla\/wp-content\/uploads\/sites\/3\/2025\/09\/WhatsApp-Image-2025-09-02-at-5.49.54-PM-1024x768.jpeg\" alt=\"\" class=\"wp-image-77123\" srcset=\"https:\/\/grupohoymexico.com\/puebla\/wp-content\/uploads\/sites\/3\/2025\/09\/WhatsApp-Image-2025-09-02-at-5.49.54-PM-1024x768.jpeg 1024w, https:\/\/grupohoymexico.com\/puebla\/wp-content\/uploads\/sites\/3\/2025\/09\/WhatsApp-Image-2025-09-02-at-5.49.54-PM-300x225.jpeg 300w, https:\/\/grupohoymexico.com\/puebla\/wp-content\/uploads\/sites\/3\/2025\/09\/WhatsApp-Image-2025-09-02-at-5.49.54-PM-768x576.jpeg 768w, https:\/\/grupohoymexico.com\/puebla\/wp-content\/uploads\/sites\/3\/2025\/09\/WhatsApp-Image-2025-09-02-at-5.49.54-PM-1536x1152.jpeg 1536w, https:\/\/grupohoymexico.com\/puebla\/wp-content\/uploads\/sites\/3\/2025\/09\/WhatsApp-Image-2025-09-02-at-5.49.54-PM-332x249.jpeg 332w, https:\/\/grupohoymexico.com\/puebla\/wp-content\/uploads\/sites\/3\/2025\/09\/WhatsApp-Image-2025-09-02-at-5.49.54-PM-664x498.jpeg 664w, https:\/\/grupohoymexico.com\/puebla\/wp-content\/uploads\/sites\/3\/2025\/09\/WhatsApp-Image-2025-09-02-at-5.49.54-PM-688x516.jpeg 688w, https:\/\/grupohoymexico.com\/puebla\/wp-content\/uploads\/sites\/3\/2025\/09\/WhatsApp-Image-2025-09-02-at-5.49.54-PM-1044x783.jpeg 1044w, https:\/\/grupohoymexico.com\/puebla\/wp-content\/uploads\/sites\/3\/2025\/09\/WhatsApp-Image-2025-09-02-at-5.49.54-PM-1400x1050.jpeg 1400w, https:\/\/grupohoymexico.com\/puebla\/wp-content\/uploads\/sites\/3\/2025\/09\/WhatsApp-Image-2025-09-02-at-5.49.54-PM.jpeg 1600w\" sizes=\"(max-width: 1024px) 100vw, 1024px\" \/><\/figure>\n\n\n\n<h2 class=\"wp-block-heading\" id=\"h-exigen-control-en-la-normal-de-teteles\"><strong>Exigen control en la normal de Teteles<\/strong><\/h2>\n\n\n\n<p>El conflicto no se limita a las calles. De acuerdo con el <strong>secretario de Gobernaci\u00f3n, Samuel Aguilar Pala, las estudiantes de Teteles<\/strong> buscan asumir un <strong>\u201ccontrol absoluto<\/strong>\u201d dentro de la instituci\u00f3n. Explic\u00f3 que una de sus demandas es validar <strong>qui\u00e9n ingresa a la escuela<\/strong>, adem\u00e1s de la propuesta de incluir a un <strong>grupo de hombres<\/strong>, algo que el gobierno no acept\u00f3.<\/p>\n\n\n\n<p>La inconformidad se traslad\u00f3 tambi\u00e9n a <strong>Teteles<\/strong>, donde las <strong>alumnas cerraron el Palacio Municipal<\/strong>. Sin embargo, los habitantes del lugar reaccionaron y las desalojaron, lo que evit\u00f3 que la protesta se extendiera como en la capital poblana.<\/p>\n\n\n\n<h2 class=\"wp-block-heading\" id=\"h-un-clima-de-tension-que-persiste\"><strong>Un clima de tensi\u00f3n que persiste<\/strong><\/h2>\n\n\n\n<p>El<strong> gobierno estatal<\/strong> insiste en que las puertas al di\u00e1logo permanecen abiertas, pero advierte que actuar\u00e1 con firmeza contra los responsables de los disturbios. Para <strong>Armenta<\/strong>, el caso refleja <strong>c\u00f3mo algunos grupos sociales intentan usar la inconformidad estudiantil para generar actos de violencia en Puebla.<\/strong><\/p>\n","protected":false},"excerpt":{"rendered":"El gobernador de Puebla, Alejandro Armenta, vincul\u00f3 a la organizaci\u00f3n de comerciantes &#8220;28 de Octubre&#8221; con la quema&hellip;","protected":false},"author":1,"featured_media":77124,"comment_status":"open","ping_status":"open","sticky":false,"template":"","format":"standard","meta":{"csco_display_header_overlay":false,"csco_singular_sidebar":"","csco_page_header_type":"","csco_page_load_nextpost":"","csco_post_video_location":[],"csco_post_video_location_hash":"","csco_post_video_url":"","csco_post_video_bg_start_time":0,"csco_post_video_bg_end_time":0,"footnotes":""},"categories":[29],"tags":[780,98,2172,1116,40,1172],"class_list":{"0":"post-77119","1":"post","2":"type-post","3":"status-publish","4":"format-standard","5":"has-post-thumbnail","7":"category-estatal","8":"tag-28-de-octubre","9":"tag-alejandro-armenta","10":"tag-autobus","11":"tag-protestas","12":"tag-puebla","13":"tag-ruta","14":"cs-entry","15":"cs-video-wrap"},"yoast_head":"<!-- This site is optimized with the Yoast SEO Premium plugin v24.7 (Yoast SEO v27.4) - https:\/\/yoast.com\/product\/yoast-seo-premium-wordpress\/ -->\n<title>Armenta responsabiliza a la \u201c28 de Octubre\u201d por quema de RUTA durante protestas en Puebla - Grupo Hoy Puebla<\/title>\n<meta name=\"description\" content=\"Alejandro Armenta acusa al grupo de comerciantes &quot;28 de Octubre&quot; de incendiar un autob\u00fas durante protestas estudiantiles en Puebla.\" \/>\n<meta name=\"robots\" content=\"index, follow, max-snippet:-1, max-image-preview:large, max-video-preview:-1\" \/>\n<link rel=\"canonical\" href=\"https:\/\/grupohoymexico.com\/puebla\/2025\/09\/03\/armenta-responsabiliza-a-la-28-de-octubre-por-quema-de-ruta-durante-protestas-en-puebla\/\" \/>\n<meta property=\"og:locale\" content=\"es_MX\" \/>\n<meta property=\"og:type\" content=\"article\" \/>\n<meta property=\"og:title\" content=\"Armenta responsabiliza a la \u201c28 de Octubre\u201d por quema de RUTA durante protestas en Puebla\" \/>\n<meta property=\"og:description\" content=\"Alejandro Armenta acusa al grupo de comerciantes &quot;28 de Octubre&quot; de incendiar un autob\u00fas durante protestas estudiantiles en Puebla.\" \/>\n<meta property=\"og:url\" content=\"https:\/\/grupohoymexico.com\/puebla\/2025\/09\/03\/armenta-responsabiliza-a-la-28-de-octubre-por-quema-de-ruta-durante-protestas-en-puebla\/\" \/>\n<meta property=\"og:site_name\" content=\"Grupo Hoy Puebla\" \/>\n<meta property=\"article:published_time\" content=\"2025-09-03T18:45:58+00:00\" \/>\n<meta property=\"article:modified_time\" content=\"2025-09-03T18:45:59+00:00\" \/>\n<meta property=\"og:image\" content=\"https:\/\/grupohoymexico.com\/puebla\/wp-content\/uploads\/sites\/3\/2025\/09\/5028522107856750143.webp\" \/>\n\t<meta property=\"og:image:width\" content=\"1201\" \/>\n\t<meta property=\"og:image:height\" content=\"639\" \/>\n\t<meta property=\"og:image:type\" content=\"image\/webp\" \/>\n<meta name=\"author\" content=\"user\" \/>\n<meta name=\"twitter:card\" content=\"summary_large_image\" \/>\n<meta name=\"twitter:label1\" content=\"Escrito por\" \/>\n\t<meta name=\"twitter:data1\" content=\"user\" \/>\n\t<meta name=\"twitter:label2\" content=\"Tiempo de lectura\" \/>\n\t<meta name=\"twitter:data2\" content=\"3 minutos\" \/>\n<script type=\"application\/ld+json\" class=\"yoast-schema-graph\">{\"@context\":\"https:\\\/\\\/schema.org\",\"@graph\":[{\"@type\":\"Article\",\"@id\":\"https:\\\/\\\/grupohoymexico.com\\\/puebla\\\/2025\\\/09\\\/03\\\/armenta-responsabiliza-a-la-28-de-octubre-por-quema-de-ruta-durante-protestas-en-puebla\\\/#article\",\"isPartOf\":{\"@id\":\"https:\\\/\\\/grupohoymexico.com\\\/puebla\\\/2025\\\/09\\\/03\\\/armenta-responsabiliza-a-la-28-de-octubre-por-quema-de-ruta-durante-protestas-en-puebla\\\/\"},\"author\":{\"name\":\"user\",\"@id\":\"https:\\\/\\\/grupohoymexico.com\\\/puebla\\\/#\\\/schema\\\/person\\\/ce6086ac837852775a3a4f539356c297\"},\"headline\":\"Armenta responsabiliza a la \u201c28 de Octubre\u201d por quema de RUTA durante protestas en Puebla\",\"datePublished\":\"2025-09-03T18:45:58+00:00\",\"dateModified\":\"2025-09-03T18:45:59+00:00\",\"mainEntityOfPage\":{\"@id\":\"https:\\\/\\\/grupohoymexico.com\\\/puebla\\\/2025\\\/09\\\/03\\\/armenta-responsabiliza-a-la-28-de-octubre-por-quema-de-ruta-durante-protestas-en-puebla\\\/\"},\"wordCount\":485,\"commentCount\":0,\"image\":{\"@id\":\"https:\\\/\\\/grupohoymexico.com\\\/puebla\\\/2025\\\/09\\\/03\\\/armenta-responsabiliza-a-la-28-de-octubre-por-quema-de-ruta-durante-protestas-en-puebla\\\/#primaryimage\"},\"thumbnailUrl\":\"https:\\\/\\\/grupohoymexico.com\\\/puebla\\\/wp-content\\\/uploads\\\/sites\\\/3\\\/2025\\\/09\\\/5028522107856750143.webp\",\"keywords\":[\"28 de octubre\",\"Alejandro Armenta\",\"autob\u00fas\",\"protestas\",\"puebla\",\"RUTA\"],\"articleSection\":[\"Estatal\"],\"inLanguage\":\"es\",\"potentialAction\":[{\"@type\":\"CommentAction\",\"name\":\"Comment\",\"target\":[\"https:\\\/\\\/grupohoymexico.com\\\/puebla\\\/2025\\\/09\\\/03\\\/armenta-responsabiliza-a-la-28-de-octubre-por-quema-de-ruta-durante-protestas-en-puebla\\\/#respond\"]}]},{\"@type\":\"WebPage\",\"@id\":\"https:\\\/\\\/grupohoymexico.com\\\/puebla\\\/2025\\\/09\\\/03\\\/armenta-responsabiliza-a-la-28-de-octubre-por-quema-de-ruta-durante-protestas-en-puebla\\\/\",\"url\":\"https:\\\/\\\/grupohoymexico.com\\\/puebla\\\/2025\\\/09\\\/03\\\/armenta-responsabiliza-a-la-28-de-octubre-por-quema-de-ruta-durante-protestas-en-puebla\\\/\",\"name\":\"Armenta responsabiliza a la \u201c28 de Octubre\u201d por quema de RUTA durante protestas en Puebla - Grupo Hoy Puebla\",\"isPartOf\":{\"@id\":\"https:\\\/\\\/grupohoymexico.com\\\/puebla\\\/#website\"},\"primaryImageOfPage\":{\"@id\":\"https:\\\/\\\/grupohoymexico.com\\\/puebla\\\/2025\\\/09\\\/03\\\/armenta-responsabiliza-a-la-28-de-octubre-por-quema-de-ruta-durante-protestas-en-puebla\\\/#primaryimage\"},\"image\":{\"@id\":\"https:\\\/\\\/grupohoymexico.com\\\/puebla\\\/2025\\\/09\\\/03\\\/armenta-responsabiliza-a-la-28-de-octubre-por-quema-de-ruta-durante-protestas-en-puebla\\\/#primaryimage\"},\"thumbnailUrl\":\"https:\\\/\\\/grupohoymexico.com\\\/puebla\\\/wp-content\\\/uploads\\\/sites\\\/3\\\/2025\\\/09\\\/5028522107856750143.webp\",\"datePublished\":\"2025-09-03T18:45:58+00:00\",\"dateModified\":\"2025-09-03T18:45:59+00:00\",\"author\":{\"@id\":\"https:\\\/\\\/grupohoymexico.com\\\/puebla\\\/#\\\/schema\\\/person\\\/ce6086ac837852775a3a4f539356c297\"},\"description\":\"Alejandro Armenta acusa al grupo de comerciantes \\\"28 de Octubre\\\" de incendiar un autob\u00fas durante protestas estudiantiles en Puebla.\",\"breadcrumb\":{\"@id\":\"https:\\\/\\\/grupohoymexico.com\\\/puebla\\\/2025\\\/09\\\/03\\\/armenta-responsabiliza-a-la-28-de-octubre-por-quema-de-ruta-durante-protestas-en-puebla\\\/#breadcrumb\"},\"inLanguage\":\"es\",\"potentialAction\":[{\"@type\":\"ReadAction\",\"target\":[\"https:\\\/\\\/grupohoymexico.com\\\/puebla\\\/2025\\\/09\\\/03\\\/armenta-responsabiliza-a-la-28-de-octubre-por-quema-de-ruta-durante-protestas-en-puebla\\\/\"]}]},{\"@type\":\"ImageObject\",\"inLanguage\":\"es\",\"@id\":\"https:\\\/\\\/grupohoymexico.com\\\/puebla\\\/2025\\\/09\\\/03\\\/armenta-responsabiliza-a-la-28-de-octubre-por-quema-de-ruta-durante-protestas-en-puebla\\\/#primaryimage\",\"url\":\"https:\\\/\\\/grupohoymexico.com\\\/puebla\\\/wp-content\\\/uploads\\\/sites\\\/3\\\/2025\\\/09\\\/5028522107856750143.webp\",\"contentUrl\":\"https:\\\/\\\/grupohoymexico.com\\\/puebla\\\/wp-content\\\/uploads\\\/sites\\\/3\\\/2025\\\/09\\\/5028522107856750143.webp\",\"width\":1201,\"height\":639,\"caption\":\"Foto: Gobierno del Estado de Puebla\"},{\"@type\":\"BreadcrumbList\",\"@id\":\"https:\\\/\\\/grupohoymexico.com\\\/puebla\\\/2025\\\/09\\\/03\\\/armenta-responsabiliza-a-la-28-de-octubre-por-quema-de-ruta-durante-protestas-en-puebla\\\/#breadcrumb\",\"itemListElement\":[{\"@type\":\"ListItem\",\"position\":1,\"name\":\"Inicio\",\"item\":\"https:\\\/\\\/grupohoymexico.com\\\/puebla\\\/\"},{\"@type\":\"ListItem\",\"position\":2,\"name\":\"Armenta responsabiliza a la \u201c28 de Octubre\u201d por quema de RUTA durante protestas en Puebla\"}]},{\"@type\":\"WebSite\",\"@id\":\"https:\\\/\\\/grupohoymexico.com\\\/puebla\\\/#website\",\"url\":\"https:\\\/\\\/grupohoymexico.com\\\/puebla\\\/\",\"name\":\"Grupo Hoy Puebla\",\"description\":\"\",\"potentialAction\":[{\"@type\":\"SearchAction\",\"target\":{\"@type\":\"EntryPoint\",\"urlTemplate\":\"https:\\\/\\\/grupohoymexico.com\\\/puebla\\\/?s={search_term_string}\"},\"query-input\":{\"@type\":\"PropertyValueSpecification\",\"valueRequired\":true,\"valueName\":\"search_term_string\"}}],\"inLanguage\":\"es\"},{\"@type\":\"Person\",\"@id\":\"https:\\\/\\\/grupohoymexico.com\\\/puebla\\\/#\\\/schema\\\/person\\\/ce6086ac837852775a3a4f539356c297\",\"name\":\"user\",\"image\":{\"@type\":\"ImageObject\",\"inLanguage\":\"es\",\"@id\":\"https:\\\/\\\/secure.gravatar.com\\\/avatar\\\/25f78de4fa956f6f7c01f8d96f8087d8958ebe06d57e630cd54e36aefb9dacea?s=96&d=mm&r=g\",\"url\":\"https:\\\/\\\/secure.gravatar.com\\\/avatar\\\/25f78de4fa956f6f7c01f8d96f8087d8958ebe06d57e630cd54e36aefb9dacea?s=96&d=mm&r=g\",\"contentUrl\":\"https:\\\/\\\/secure.gravatar.com\\\/avatar\\\/25f78de4fa956f6f7c01f8d96f8087d8958ebe06d57e630cd54e36aefb9dacea?s=96&d=mm&r=g\",\"caption\":\"user\"},\"sameAs\":[\"http:\\\/\\\/44.197.188.197.nip.io\"],\"url\":\"https:\\\/\\\/grupohoymexico.com\\\/puebla\\\/author\\\/user\\\/\"}]}<\/script>\n<!-- \/ Yoast SEO Premium plugin. -->","yoast_head_json":{"title":"Armenta responsabiliza a la \u201c28 de Octubre\u201d por quema de RUTA durante protestas en Puebla - Grupo Hoy Puebla","description":"Alejandro Armenta acusa al grupo de comerciantes \"28 de Octubre\" de incendiar un autob\u00fas durante protestas estudiantiles en Puebla.","robots":{"index":"index","follow":"follow","max-snippet":"max-snippet:-1","max-image-preview":"max-image-preview:large","max-video-preview":"max-video-preview:-1"},"canonical":"https:\/\/grupohoymexico.com\/puebla\/2025\/09\/03\/armenta-responsabiliza-a-la-28-de-octubre-por-quema-de-ruta-durante-protestas-en-puebla\/","og_locale":"es_MX","og_type":"article","og_title":"Armenta responsabiliza a la \u201c28 de Octubre\u201d por quema de RUTA durante protestas en Puebla","og_description":"Alejandro Armenta acusa al grupo de comerciantes \"28 de Octubre\" de incendiar un autob\u00fas durante protestas estudiantiles en Puebla.","og_url":"https:\/\/grupohoymexico.com\/puebla\/2025\/09\/03\/armenta-responsabiliza-a-la-28-de-octubre-por-quema-de-ruta-durante-protestas-en-puebla\/","og_site_name":"Grupo Hoy Puebla","article_published_time":"2025-09-03T18:45:58+00:00","article_modified_time":"2025-09-03T18:45:59+00:00","og_image":[{"width":1201,"height":639,"url":"https:\/\/grupohoymexico.com\/puebla\/wp-content\/uploads\/sites\/3\/2025\/09\/5028522107856750143.webp","type":"image\/webp"}],"author":"user","twitter_card":"summary_large_image","twitter_misc":{"Escrito por":"user","Tiempo de lectura":"3 minutos"},"schema":{"@context":"https:\/\/schema.org","@graph":[{"@type":"Article","@id":"https:\/\/grupohoymexico.com\/puebla\/2025\/09\/03\/armenta-responsabiliza-a-la-28-de-octubre-por-quema-de-ruta-durante-protestas-en-puebla\/#article","isPartOf":{"@id":"https:\/\/grupohoymexico.com\/puebla\/2025\/09\/03\/armenta-responsabiliza-a-la-28-de-octubre-por-quema-de-ruta-durante-protestas-en-puebla\/"},"author":{"name":"user","@id":"https:\/\/grupohoymexico.com\/puebla\/#\/schema\/person\/ce6086ac837852775a3a4f539356c297"},"headline":"Armenta responsabiliza a la \u201c28 de Octubre\u201d por quema de RUTA durante protestas en Puebla","datePublished":"2025-09-03T18:45:58+00:00","dateModified":"2025-09-03T18:45:59+00:00","mainEntityOfPage":{"@id":"https:\/\/grupohoymexico.com\/puebla\/2025\/09\/03\/armenta-responsabiliza-a-la-28-de-octubre-por-quema-de-ruta-durante-protestas-en-puebla\/"},"wordCount":485,"commentCount":0,"image":{"@id":"https:\/\/grupohoymexico.com\/puebla\/2025\/09\/03\/armenta-responsabiliza-a-la-28-de-octubre-por-quema-de-ruta-durante-protestas-en-puebla\/#primaryimage"},"thumbnailUrl":"https:\/\/grupohoymexico.com\/puebla\/wp-content\/uploads\/sites\/3\/2025\/09\/5028522107856750143.webp","keywords":["28 de octubre","Alejandro Armenta","autob\u00fas","protestas","puebla","RUTA"],"articleSection":["Estatal"],"inLanguage":"es","potentialAction":[{"@type":"CommentAction","name":"Comment","target":["https:\/\/grupohoymexico.com\/puebla\/2025\/09\/03\/armenta-responsabiliza-a-la-28-de-octubre-por-quema-de-ruta-durante-protestas-en-puebla\/#respond"]}]},{"@type":"WebPage","@id":"https:\/\/grupohoymexico.com\/puebla\/2025\/09\/03\/armenta-responsabiliza-a-la-28-de-octubre-por-quema-de-ruta-durante-protestas-en-puebla\/","url":"https:\/\/grupohoymexico.com\/puebla\/2025\/09\/03\/armenta-responsabiliza-a-la-28-de-octubre-por-quema-de-ruta-durante-protestas-en-puebla\/","name":"Armenta responsabiliza a la \u201c28 de Octubre\u201d por quema de RUTA durante protestas en Puebla - Grupo Hoy Puebla","isPartOf":{"@id":"https:\/\/grupohoymexico.com\/puebla\/#website"},"primaryImageOfPage":{"@id":"https:\/\/grupohoymexico.com\/puebla\/2025\/09\/03\/armenta-responsabiliza-a-la-28-de-octubre-por-quema-de-ruta-durante-protestas-en-puebla\/#primaryimage"},"image":{"@id":"https:\/\/grupohoymexico.com\/puebla\/2025\/09\/03\/armenta-responsabiliza-a-la-28-de-octubre-por-quema-de-ruta-durante-protestas-en-puebla\/#primaryimage"},"thumbnailUrl":"https:\/\/grupohoymexico.com\/puebla\/wp-content\/uploads\/sites\/3\/2025\/09\/5028522107856750143.webp","datePublished":"2025-09-03T18:45:58+00:00","dateModified":"2025-09-03T18:45:59+00:00","author":{"@id":"https:\/\/grupohoymexico.com\/puebla\/#\/schema\/person\/ce6086ac837852775a3a4f539356c297"},"description":"Alejandro Armenta acusa al grupo de comerciantes \"28 de Octubre\" de incendiar un autob\u00fas durante protestas estudiantiles en Puebla.","breadcrumb":{"@id":"https:\/\/grupohoymexico.com\/puebla\/2025\/09\/03\/armenta-responsabiliza-a-la-28-de-octubre-por-quema-de-ruta-durante-protestas-en-puebla\/#breadcrumb"},"inLanguage":"es","potentialAction":[{"@type":"ReadAction","target":["https:\/\/grupohoymexico.com\/puebla\/2025\/09\/03\/armenta-responsabiliza-a-la-28-de-octubre-por-quema-de-ruta-durante-protestas-en-puebla\/"]}]},{"@type":"ImageObject","inLanguage":"es","@id":"https:\/\/grupohoymexico.com\/puebla\/2025\/09\/03\/armenta-responsabiliza-a-la-28-de-octubre-por-quema-de-ruta-durante-protestas-en-puebla\/#primaryimage","url":"https:\/\/grupohoymexico.com\/puebla\/wp-content\/uploads\/sites\/3\/2025\/09\/5028522107856750143.webp","contentUrl":"https:\/\/grupohoymexico.com\/puebla\/wp-content\/uploads\/sites\/3\/2025\/09\/5028522107856750143.webp","width":1201,"height":639,"caption":"Foto: Gobierno del Estado de Puebla"},{"@type":"BreadcrumbList","@id":"https:\/\/grupohoymexico.com\/puebla\/2025\/09\/03\/armenta-responsabiliza-a-la-28-de-octubre-por-quema-de-ruta-durante-protestas-en-puebla\/#breadcrumb","itemListElement":[{"@type":"ListItem","position":1,"name":"Inicio","item":"https:\/\/grupohoymexico.com\/puebla\/"},{"@type":"ListItem","position":2,"name":"Armenta responsabiliza a la \u201c28 de Octubre\u201d por quema de RUTA durante protestas en Puebla"}]},{"@type":"WebSite","@id":"https:\/\/grupohoymexico.com\/puebla\/#website","url":"https:\/\/grupohoymexico.com\/puebla\/","name":"Grupo Hoy Puebla","description":"","potentialAction":[{"@type":"SearchAction","target":{"@type":"EntryPoint","urlTemplate":"https:\/\/grupohoymexico.com\/puebla\/?s={search_term_string}"},"query-input":{"@type":"PropertyValueSpecification","valueRequired":true,"valueName":"search_term_string"}}],"inLanguage":"es"},{"@type":"Person","@id":"https:\/\/grupohoymexico.com\/puebla\/#\/schema\/person\/ce6086ac837852775a3a4f539356c297","name":"user","image":{"@type":"ImageObject","inLanguage":"es","@id":"https:\/\/secure.gravatar.com\/avatar\/25f78de4fa956f6f7c01f8d96f8087d8958ebe06d57e630cd54e36aefb9dacea?s=96&d=mm&r=g","url":"https:\/\/secure.gravatar.com\/avatar\/25f78de4fa956f6f7c01f8d96f8087d8958ebe06d57e630cd54e36aefb9dacea?s=96&d=mm&r=g","contentUrl":"https:\/\/secure.gravatar.com\/avatar\/25f78de4fa956f6f7c01f8d96f8087d8958ebe06d57e630cd54e36aefb9dacea?s=96&d=mm&r=g","caption":"user"},"sameAs":["http:\/\/44.197.188.197.nip.io"],"url":"https:\/\/grupohoymexico.com\/puebla\/author\/user\/"}]}},"_links":{"self":[{"href":"https:\/\/grupohoymexico.com\/puebla\/wp-json\/wp\/v2\/posts\/77119","targetHints":{"allow":["GET"]}}],"collection":[{"href":"https:\/\/grupohoymexico.com\/puebla\/wp-json\/wp\/v2\/posts"}],"about":[{"href":"https:\/\/grupohoymexico.com\/puebla\/wp-json\/wp\/v2\/types\/post"}],"author":[{"embeddable":true,"href":"https:\/\/grupohoymexico.com\/puebla\/wp-json\/wp\/v2\/users\/1"}],"replies":[{"embeddable":true,"href":"https:\/\/grupohoymexico.com\/puebla\/wp-json\/wp\/v2\/comments?post=77119"}],"version-history":[{"count":1,"href":"https:\/\/grupohoymexico.com\/puebla\/wp-json\/wp\/v2\/posts\/77119\/revisions"}],"predecessor-version":[{"id":77125,"href":"https:\/\/grupohoymexico.com\/puebla\/wp-json\/wp\/v2\/posts\/77119\/revisions\/77125"}],"wp:featuredmedia":[{"embeddable":true,"href":"https:\/\/grupohoymexico.com\/puebla\/wp-json\/wp\/v2\/media\/77124"}],"wp:attachment":[{"href":"https:\/\/grupohoymexico.com\/puebla\/wp-json\/wp\/v2\/media?parent=77119"}],"wp:term":[{"taxonomy":"category","embeddable":true,"href":"https:\/\/grupohoymexico.com\/puebla\/wp-json\/wp\/v2\/categories?post=77119"},{"taxonomy":"post_tag","embeddable":true,"href":"https:\/\/grupohoymexico.com\/puebla\/wp-json\/wp\/v2\/tags?post=77119"}],"curies":[{"name":"wp","href":"https:\/\/api.w.org\/{rel}","templated":true}]}}