{"id":77053,"date":"2025-08-28T19:26:15","date_gmt":"2025-08-28T19:26:15","guid":{"rendered":"https:\/\/grupohoymexico.com\/puebla\/?p=77053"},"modified":"2025-08-28T23:29:10","modified_gmt":"2025-08-28T23:29:10","slug":"mexico-recibira-nueva-vacuna-contra-covid-19-este-otono","status":"publish","type":"post","link":"https:\/\/grupohoymexico.com\/puebla\/2025\/08\/28\/mexico-recibira-nueva-vacuna-contra-covid-19-este-otono\/","title":{"rendered":"M\u00e9xico recibir\u00e1 nueva vacuna contra Covid-19 este oto\u00f1o"},"content":{"rendered":"\n<p><strong>Pfizer<\/strong> anunci\u00f3 que su<strong> nueva vacuna contra Covid-19<\/strong> estar\u00e1 disponible en <strong>M\u00e9xico<\/strong> a partir de <strong>octubre<\/strong>, justo para la temporada invernal. <strong>Andrea del Bosque, l\u00edder m\u00e9dica de la compa\u00f1\u00eda en el pa\u00eds<\/strong>, destac\u00f3 que la dosis protege contra la <strong>variante LP.8.1<\/strong>, la m\u00e1s com\u00fan en los \u00faltimos meses. La <strong>Cofepris <\/strong>ya aprob\u00f3 su venta en farmacias y a trav\u00e9s de m\u00e9dicos vacunadores.<\/p>\n\n\n\n<h2 class=\"wp-block-heading\" id=\"h-protegiendo-a-los-mas-vulnerables\"><strong>Protegiendo a los m\u00e1s vulnerables<\/strong><\/h2>\n\n\n\n<p><strong>Del Bosque<\/strong> explic\u00f3 que la nueva <a href=\"https:\/\/grupohoymexico.com\/puebla\/2025\/04\/21\/puebla-intensifica-acciones-preventivas-con-la-semana-nacional-de-vacunacion-2025\/\">vacuna<\/a> busca disminuir hospitalizaciones, casos graves y secuelas post-<strong>Covid<\/strong>. Los grupos que m\u00e1s se beneficiar\u00e1n incluyen:<\/p>\n\n\n\n<ul class=\"wp-block-list\">\n<li>Adultos mayores<\/li>\n\n\n\n<li>Personas con inmunodepresi\u00f3n o enfermedades cr\u00f3nicas<\/li>\n\n\n\n<li>Mujeres embarazadas<\/li>\n\n\n\n<li>Ni\u00f1os menores de 5 a\u00f1os<\/li>\n<\/ul>\n\n\n\n<figure class=\"wp-block-embed is-type-video is-provider-spotify wp-block-embed-spotify wp-embed-aspect-16-9 wp-has-aspect-ratio\"><div class=\"wp-block-embed__wrapper\">\n<iframe title=\"Spotify Embed: Ep 1: \u00bfQu\u00e9 es un buen gobierno?\" style=\"border-radius: 12px\" width=\"624\" height=\"351\" frameborder=\"0\" allowfullscreen allow=\"autoplay; clipboard-write; encrypted-media; fullscreen; picture-in-picture\" loading=\"lazy\" src=\"https:\/\/open.spotify.com\/embed\/episode\/1Czw9a5ntUC2yQRiDFM7xr\/video?si=8EqverhgQRu80J56eDSMtg&#038;utm_source=oembed\"><\/iframe>\n<\/div><\/figure>\n\n\n\n<p><strong>La variante LP.8.1 ha mostrado un crecimiento constante:<\/strong><\/p>\n\n\n\n<ul class=\"wp-block-list\">\n<li><strong>Febrero: <\/strong>3 de cada 10 casos<\/li>\n\n\n\n<li><strong>Marzo: <\/strong>5 de cada 10 casos<\/li>\n\n\n\n<li><strong>Abril: <\/strong>6 de cada 10 casos<\/li>\n<\/ul>\n\n\n\n<p>Aunque la<strong> OMS <\/strong>la considera de bajo riesgo, su alta transmisibilidad mantiene la vigilancia internacional.<\/p>\n\n\n\n<figure class=\"wp-block-image size-large\"><img fetchpriority=\"high\" decoding=\"async\" width=\"1024\" height=\"683\" src=\"https:\/\/grupohoymexico.com\/puebla\/wp-content\/uploads\/sites\/3\/2025\/08\/vacuna_china_contra_covid_19_en_mexico-1024x683.jpg\" alt=\"vacuna contra Covid-19\" class=\"wp-image-77054\" srcset=\"https:\/\/grupohoymexico.com\/puebla\/wp-content\/uploads\/sites\/3\/2025\/08\/vacuna_china_contra_covid_19_en_mexico-1024x683.jpg 1024w, https:\/\/grupohoymexico.com\/puebla\/wp-content\/uploads\/sites\/3\/2025\/08\/vacuna_china_contra_covid_19_en_mexico-300x200.jpg 300w, https:\/\/grupohoymexico.com\/puebla\/wp-content\/uploads\/sites\/3\/2025\/08\/vacuna_china_contra_covid_19_en_mexico-768x512.jpg 768w, https:\/\/grupohoymexico.com\/puebla\/wp-content\/uploads\/sites\/3\/2025\/08\/vacuna_china_contra_covid_19_en_mexico-1536x1024.jpg 1536w, https:\/\/grupohoymexico.com\/puebla\/wp-content\/uploads\/sites\/3\/2025\/08\/vacuna_china_contra_covid_19_en_mexico-332x221.jpg 332w, https:\/\/grupohoymexico.com\/puebla\/wp-content\/uploads\/sites\/3\/2025\/08\/vacuna_china_contra_covid_19_en_mexico-664x443.jpg 664w, https:\/\/grupohoymexico.com\/puebla\/wp-content\/uploads\/sites\/3\/2025\/08\/vacuna_china_contra_covid_19_en_mexico-688x459.jpg 688w, https:\/\/grupohoymexico.com\/puebla\/wp-content\/uploads\/sites\/3\/2025\/08\/vacuna_china_contra_covid_19_en_mexico-1044x696.jpg 1044w, https:\/\/grupohoymexico.com\/puebla\/wp-content\/uploads\/sites\/3\/2025\/08\/vacuna_china_contra_covid_19_en_mexico-1400x934.jpg 1400w, https:\/\/grupohoymexico.com\/puebla\/wp-content\/uploads\/sites\/3\/2025\/08\/vacuna_china_contra_covid_19_en_mexico.jpg 1600w\" sizes=\"(max-width: 1024px) 100vw, 1024px\" \/><\/figure>\n\n\n\n<h2 class=\"wp-block-heading\" id=\"h-datos-clave-de-covid-19-en-2025\"><strong>Datos clave de Covid-19 en 2025<\/strong><\/h2>\n\n\n\n<p>La <strong><a href=\"https:\/\/www.gob.mx\/salud\">Secretar\u00eda de Salud <\/a><\/strong>reporta que hasta ahora:<\/p>\n\n\n\n<ul class=\"wp-block-list\">\n<li><strong>Casos sospechosos:<\/strong> 105,651<\/li>\n\n\n\n<li><strong>Casos confirmados: <\/strong>5,998 (5.7%)<\/li>\n\n\n\n<li><strong>Estados con m\u00e1s contagios: <\/strong>Ciudad de M\u00e9xico (1,311), Quer\u00e9taro (552), Nuevo Le\u00f3n (475), Estado de M\u00e9xico (473), Puebla (366)<\/li>\n\n\n\n<li><strong>Defunciones:<\/strong> 192, concentradas principalmente en Ciudad de M\u00e9xico, Puebla, Estado de M\u00e9xico, Quer\u00e9taro y Aguascalientes<\/li>\n\n\n\n<li><strong>Grupos de edad m\u00e1s afectados:<\/strong> mayores de 95 a\u00f1os y adultos de 85 a 89 a\u00f1os<\/li>\n<\/ul>\n\n\n\n<p><strong>Pfizer <\/strong>asegur\u00f3 que el precio de la vacuna ser\u00e1 accesible, porque la prioridad es que la poblaci\u00f3n se proteja ante la nueva variante. <strong>La campa\u00f1a oficial de vacunaci\u00f3n invernal iniciar\u00e1 en octubre<\/strong> y ser\u00e1 entonces cuando la <strong>Secretar\u00eda de Salud<\/strong> informe los detalles para la poblaci\u00f3n general.<\/p>\n","protected":false},"excerpt":{"rendered":"Pfizer anunci\u00f3 que su nueva vacuna contra Covid-19 estar\u00e1 disponible en M\u00e9xico a partir de octubre, justo para&hellip;","protected":false},"author":1,"featured_media":77055,"comment_status":"open","ping_status":"open","sticky":false,"template":"","format":"standard","meta":{"csco_display_header_overlay":false,"csco_singular_sidebar":"","csco_page_header_type":"","csco_page_load_nextpost":"","csco_post_video_location":[],"csco_post_video_location_hash":"","csco_post_video_url":"","csco_post_video_bg_start_time":0,"csco_post_video_bg_end_time":0,"footnotes":""},"categories":[28],"tags":[556,2140,126,2141,2138,1082,2139],"class_list":{"0":"post-77053","1":"post","2":"type-post","3":"status-publish","4":"format-standard","5":"has-post-thumbnail","7":"category-nacional","8":"tag-cofepris","9":"tag-covid-19","10":"tag-mexico","11":"tag-otono","12":"tag-pfizer","13":"tag-secretaria-de-salud","14":"tag-vacuna","15":"cs-entry","16":"cs-video-wrap"},"yoast_head":"<!-- This site is optimized with the Yoast SEO Premium plugin v24.7 (Yoast SEO v27.4) - https:\/\/yoast.com\/product\/yoast-seo-premium-wordpress\/ -->\n<title>M\u00e9xico recibir\u00e1 nueva vacuna contra Covid-19 este oto\u00f1o - Grupo Hoy Puebla<\/title>\n<meta name=\"description\" content=\"La empresa Pfizer anuncia la disponibilidad de su nueva vacuna Covid-19 en M\u00e9xico a partir de octubre 2025.\" \/>\n<meta name=\"robots\" content=\"index, follow, max-snippet:-1, max-image-preview:large, max-video-preview:-1\" \/>\n<link rel=\"canonical\" href=\"https:\/\/grupohoymexico.com\/puebla\/2025\/08\/28\/mexico-recibira-nueva-vacuna-contra-covid-19-este-otono\/\" \/>\n<meta property=\"og:locale\" content=\"es_MX\" \/>\n<meta property=\"og:type\" content=\"article\" \/>\n<meta property=\"og:title\" content=\"M\u00e9xico recibir\u00e1 nueva vacuna contra Covid-19 este oto\u00f1o\" \/>\n<meta property=\"og:description\" content=\"La empresa Pfizer anuncia la disponibilidad de su nueva vacuna Covid-19 en M\u00e9xico a partir de octubre 2025.\" \/>\n<meta property=\"og:url\" content=\"https:\/\/grupohoymexico.com\/puebla\/2025\/08\/28\/mexico-recibira-nueva-vacuna-contra-covid-19-este-otono\/\" \/>\n<meta property=\"og:site_name\" content=\"Grupo Hoy Puebla\" \/>\n<meta property=\"article:published_time\" content=\"2025-08-28T19:26:15+00:00\" \/>\n<meta property=\"article:modified_time\" content=\"2025-08-28T23:29:10+00:00\" \/>\n<meta property=\"og:image\" content=\"https:\/\/grupohoymexico.com\/puebla\/wp-content\/uploads\/sites\/3\/2025\/08\/5008030239066949369.webp\" \/>\n\t<meta property=\"og:image:width\" content=\"1201\" \/>\n\t<meta property=\"og:image:height\" content=\"639\" \/>\n\t<meta property=\"og:image:type\" content=\"image\/webp\" \/>\n<meta name=\"author\" content=\"user\" \/>\n<meta name=\"twitter:card\" content=\"summary_large_image\" \/>\n<meta name=\"twitter:label1\" content=\"Escrito por\" \/>\n\t<meta name=\"twitter:data1\" content=\"user\" \/>\n\t<meta name=\"twitter:label2\" content=\"Tiempo de lectura\" \/>\n\t<meta name=\"twitter:data2\" content=\"2 minutos\" \/>\n<script type=\"application\/ld+json\" class=\"yoast-schema-graph\">{\"@context\":\"https:\\\/\\\/schema.org\",\"@graph\":[{\"@type\":\"Article\",\"@id\":\"https:\\\/\\\/grupohoymexico.com\\\/puebla\\\/2025\\\/08\\\/28\\\/mexico-recibira-nueva-vacuna-contra-covid-19-este-otono\\\/#article\",\"isPartOf\":{\"@id\":\"https:\\\/\\\/grupohoymexico.com\\\/puebla\\\/2025\\\/08\\\/28\\\/mexico-recibira-nueva-vacuna-contra-covid-19-este-otono\\\/\"},\"author\":{\"name\":\"user\",\"@id\":\"https:\\\/\\\/grupohoymexico.com\\\/puebla\\\/#\\\/schema\\\/person\\\/ce6086ac837852775a3a4f539356c297\"},\"headline\":\"M\u00e9xico recibir\u00e1 nueva vacuna contra Covid-19 este oto\u00f1o\",\"datePublished\":\"2025-08-28T19:26:15+00:00\",\"dateModified\":\"2025-08-28T23:29:10+00:00\",\"mainEntityOfPage\":{\"@id\":\"https:\\\/\\\/grupohoymexico.com\\\/puebla\\\/2025\\\/08\\\/28\\\/mexico-recibira-nueva-vacuna-contra-covid-19-este-otono\\\/\"},\"wordCount\":300,\"commentCount\":0,\"image\":{\"@id\":\"https:\\\/\\\/grupohoymexico.com\\\/puebla\\\/2025\\\/08\\\/28\\\/mexico-recibira-nueva-vacuna-contra-covid-19-este-otono\\\/#primaryimage\"},\"thumbnailUrl\":\"https:\\\/\\\/grupohoymexico.com\\\/puebla\\\/wp-content\\\/uploads\\\/sites\\\/3\\\/2025\\\/08\\\/5008030239066949369.webp\",\"keywords\":[\"Cofepris\",\"Covid-19\",\"M\u00e9xico\",\"oto\u00f1o\",\"Pfizer\",\"Secretar\u00eda de Salud\",\"Vacuna\"],\"articleSection\":[\"Nacional\"],\"inLanguage\":\"es\",\"potentialAction\":[{\"@type\":\"CommentAction\",\"name\":\"Comment\",\"target\":[\"https:\\\/\\\/grupohoymexico.com\\\/puebla\\\/2025\\\/08\\\/28\\\/mexico-recibira-nueva-vacuna-contra-covid-19-este-otono\\\/#respond\"]}]},{\"@type\":\"WebPage\",\"@id\":\"https:\\\/\\\/grupohoymexico.com\\\/puebla\\\/2025\\\/08\\\/28\\\/mexico-recibira-nueva-vacuna-contra-covid-19-este-otono\\\/\",\"url\":\"https:\\\/\\\/grupohoymexico.com\\\/puebla\\\/2025\\\/08\\\/28\\\/mexico-recibira-nueva-vacuna-contra-covid-19-este-otono\\\/\",\"name\":\"M\u00e9xico recibir\u00e1 nueva vacuna contra Covid-19 este oto\u00f1o - Grupo Hoy Puebla\",\"isPartOf\":{\"@id\":\"https:\\\/\\\/grupohoymexico.com\\\/puebla\\\/#website\"},\"primaryImageOfPage\":{\"@id\":\"https:\\\/\\\/grupohoymexico.com\\\/puebla\\\/2025\\\/08\\\/28\\\/mexico-recibira-nueva-vacuna-contra-covid-19-este-otono\\\/#primaryimage\"},\"image\":{\"@id\":\"https:\\\/\\\/grupohoymexico.com\\\/puebla\\\/2025\\\/08\\\/28\\\/mexico-recibira-nueva-vacuna-contra-covid-19-este-otono\\\/#primaryimage\"},\"thumbnailUrl\":\"https:\\\/\\\/grupohoymexico.com\\\/puebla\\\/wp-content\\\/uploads\\\/sites\\\/3\\\/2025\\\/08\\\/5008030239066949369.webp\",\"datePublished\":\"2025-08-28T19:26:15+00:00\",\"dateModified\":\"2025-08-28T23:29:10+00:00\",\"author\":{\"@id\":\"https:\\\/\\\/grupohoymexico.com\\\/puebla\\\/#\\\/schema\\\/person\\\/ce6086ac837852775a3a4f539356c297\"},\"description\":\"La empresa Pfizer anuncia la disponibilidad de su nueva vacuna Covid-19 en M\u00e9xico a partir de octubre 2025.\",\"breadcrumb\":{\"@id\":\"https:\\\/\\\/grupohoymexico.com\\\/puebla\\\/2025\\\/08\\\/28\\\/mexico-recibira-nueva-vacuna-contra-covid-19-este-otono\\\/#breadcrumb\"},\"inLanguage\":\"es\",\"potentialAction\":[{\"@type\":\"ReadAction\",\"target\":[\"https:\\\/\\\/grupohoymexico.com\\\/puebla\\\/2025\\\/08\\\/28\\\/mexico-recibira-nueva-vacuna-contra-covid-19-este-otono\\\/\"]}]},{\"@type\":\"ImageObject\",\"inLanguage\":\"es\",\"@id\":\"https:\\\/\\\/grupohoymexico.com\\\/puebla\\\/2025\\\/08\\\/28\\\/mexico-recibira-nueva-vacuna-contra-covid-19-este-otono\\\/#primaryimage\",\"url\":\"https:\\\/\\\/grupohoymexico.com\\\/puebla\\\/wp-content\\\/uploads\\\/sites\\\/3\\\/2025\\\/08\\\/5008030239066949369.webp\",\"contentUrl\":\"https:\\\/\\\/grupohoymexico.com\\\/puebla\\\/wp-content\\\/uploads\\\/sites\\\/3\\\/2025\\\/08\\\/5008030239066949369.webp\",\"width\":1201,\"height\":639,\"caption\":\"vacuna Covid-19\"},{\"@type\":\"BreadcrumbList\",\"@id\":\"https:\\\/\\\/grupohoymexico.com\\\/puebla\\\/2025\\\/08\\\/28\\\/mexico-recibira-nueva-vacuna-contra-covid-19-este-otono\\\/#breadcrumb\",\"itemListElement\":[{\"@type\":\"ListItem\",\"position\":1,\"name\":\"Inicio\",\"item\":\"https:\\\/\\\/grupohoymexico.com\\\/puebla\\\/\"},{\"@type\":\"ListItem\",\"position\":2,\"name\":\"M\u00e9xico recibir\u00e1 nueva vacuna contra Covid-19 este oto\u00f1o\"}]},{\"@type\":\"WebSite\",\"@id\":\"https:\\\/\\\/grupohoymexico.com\\\/puebla\\\/#website\",\"url\":\"https:\\\/\\\/grupohoymexico.com\\\/puebla\\\/\",\"name\":\"Grupo Hoy Puebla\",\"description\":\"\",\"potentialAction\":[{\"@type\":\"SearchAction\",\"target\":{\"@type\":\"EntryPoint\",\"urlTemplate\":\"https:\\\/\\\/grupohoymexico.com\\\/puebla\\\/?s={search_term_string}\"},\"query-input\":{\"@type\":\"PropertyValueSpecification\",\"valueRequired\":true,\"valueName\":\"search_term_string\"}}],\"inLanguage\":\"es\"},{\"@type\":\"Person\",\"@id\":\"https:\\\/\\\/grupohoymexico.com\\\/puebla\\\/#\\\/schema\\\/person\\\/ce6086ac837852775a3a4f539356c297\",\"name\":\"user\",\"image\":{\"@type\":\"ImageObject\",\"inLanguage\":\"es\",\"@id\":\"https:\\\/\\\/secure.gravatar.com\\\/avatar\\\/25f78de4fa956f6f7c01f8d96f8087d8958ebe06d57e630cd54e36aefb9dacea?s=96&d=mm&r=g\",\"url\":\"https:\\\/\\\/secure.gravatar.com\\\/avatar\\\/25f78de4fa956f6f7c01f8d96f8087d8958ebe06d57e630cd54e36aefb9dacea?s=96&d=mm&r=g\",\"contentUrl\":\"https:\\\/\\\/secure.gravatar.com\\\/avatar\\\/25f78de4fa956f6f7c01f8d96f8087d8958ebe06d57e630cd54e36aefb9dacea?s=96&d=mm&r=g\",\"caption\":\"user\"},\"sameAs\":[\"http:\\\/\\\/44.197.188.197.nip.io\"],\"url\":\"https:\\\/\\\/grupohoymexico.com\\\/puebla\\\/author\\\/user\\\/\"}]}<\/script>\n<!-- \/ Yoast SEO Premium plugin. -->","yoast_head_json":{"title":"M\u00e9xico recibir\u00e1 nueva vacuna contra Covid-19 este oto\u00f1o - Grupo Hoy Puebla","description":"La empresa Pfizer anuncia la disponibilidad de su nueva vacuna Covid-19 en M\u00e9xico a partir de octubre 2025.","robots":{"index":"index","follow":"follow","max-snippet":"max-snippet:-1","max-image-preview":"max-image-preview:large","max-video-preview":"max-video-preview:-1"},"canonical":"https:\/\/grupohoymexico.com\/puebla\/2025\/08\/28\/mexico-recibira-nueva-vacuna-contra-covid-19-este-otono\/","og_locale":"es_MX","og_type":"article","og_title":"M\u00e9xico recibir\u00e1 nueva vacuna contra Covid-19 este oto\u00f1o","og_description":"La empresa Pfizer anuncia la disponibilidad de su nueva vacuna Covid-19 en M\u00e9xico a partir de octubre 2025.","og_url":"https:\/\/grupohoymexico.com\/puebla\/2025\/08\/28\/mexico-recibira-nueva-vacuna-contra-covid-19-este-otono\/","og_site_name":"Grupo Hoy Puebla","article_published_time":"2025-08-28T19:26:15+00:00","article_modified_time":"2025-08-28T23:29:10+00:00","og_image":[{"width":1201,"height":639,"url":"https:\/\/grupohoymexico.com\/puebla\/wp-content\/uploads\/sites\/3\/2025\/08\/5008030239066949369.webp","type":"image\/webp"}],"author":"user","twitter_card":"summary_large_image","twitter_misc":{"Escrito por":"user","Tiempo de lectura":"2 minutos"},"schema":{"@context":"https:\/\/schema.org","@graph":[{"@type":"Article","@id":"https:\/\/grupohoymexico.com\/puebla\/2025\/08\/28\/mexico-recibira-nueva-vacuna-contra-covid-19-este-otono\/#article","isPartOf":{"@id":"https:\/\/grupohoymexico.com\/puebla\/2025\/08\/28\/mexico-recibira-nueva-vacuna-contra-covid-19-este-otono\/"},"author":{"name":"user","@id":"https:\/\/grupohoymexico.com\/puebla\/#\/schema\/person\/ce6086ac837852775a3a4f539356c297"},"headline":"M\u00e9xico recibir\u00e1 nueva vacuna contra Covid-19 este oto\u00f1o","datePublished":"2025-08-28T19:26:15+00:00","dateModified":"2025-08-28T23:29:10+00:00","mainEntityOfPage":{"@id":"https:\/\/grupohoymexico.com\/puebla\/2025\/08\/28\/mexico-recibira-nueva-vacuna-contra-covid-19-este-otono\/"},"wordCount":300,"commentCount":0,"image":{"@id":"https:\/\/grupohoymexico.com\/puebla\/2025\/08\/28\/mexico-recibira-nueva-vacuna-contra-covid-19-este-otono\/#primaryimage"},"thumbnailUrl":"https:\/\/grupohoymexico.com\/puebla\/wp-content\/uploads\/sites\/3\/2025\/08\/5008030239066949369.webp","keywords":["Cofepris","Covid-19","M\u00e9xico","oto\u00f1o","Pfizer","Secretar\u00eda de Salud","Vacuna"],"articleSection":["Nacional"],"inLanguage":"es","potentialAction":[{"@type":"CommentAction","name":"Comment","target":["https:\/\/grupohoymexico.com\/puebla\/2025\/08\/28\/mexico-recibira-nueva-vacuna-contra-covid-19-este-otono\/#respond"]}]},{"@type":"WebPage","@id":"https:\/\/grupohoymexico.com\/puebla\/2025\/08\/28\/mexico-recibira-nueva-vacuna-contra-covid-19-este-otono\/","url":"https:\/\/grupohoymexico.com\/puebla\/2025\/08\/28\/mexico-recibira-nueva-vacuna-contra-covid-19-este-otono\/","name":"M\u00e9xico recibir\u00e1 nueva vacuna contra Covid-19 este oto\u00f1o - Grupo Hoy Puebla","isPartOf":{"@id":"https:\/\/grupohoymexico.com\/puebla\/#website"},"primaryImageOfPage":{"@id":"https:\/\/grupohoymexico.com\/puebla\/2025\/08\/28\/mexico-recibira-nueva-vacuna-contra-covid-19-este-otono\/#primaryimage"},"image":{"@id":"https:\/\/grupohoymexico.com\/puebla\/2025\/08\/28\/mexico-recibira-nueva-vacuna-contra-covid-19-este-otono\/#primaryimage"},"thumbnailUrl":"https:\/\/grupohoymexico.com\/puebla\/wp-content\/uploads\/sites\/3\/2025\/08\/5008030239066949369.webp","datePublished":"2025-08-28T19:26:15+00:00","dateModified":"2025-08-28T23:29:10+00:00","author":{"@id":"https:\/\/grupohoymexico.com\/puebla\/#\/schema\/person\/ce6086ac837852775a3a4f539356c297"},"description":"La empresa Pfizer anuncia la disponibilidad de su nueva vacuna Covid-19 en M\u00e9xico a partir de octubre 2025.","breadcrumb":{"@id":"https:\/\/grupohoymexico.com\/puebla\/2025\/08\/28\/mexico-recibira-nueva-vacuna-contra-covid-19-este-otono\/#breadcrumb"},"inLanguage":"es","potentialAction":[{"@type":"ReadAction","target":["https:\/\/grupohoymexico.com\/puebla\/2025\/08\/28\/mexico-recibira-nueva-vacuna-contra-covid-19-este-otono\/"]}]},{"@type":"ImageObject","inLanguage":"es","@id":"https:\/\/grupohoymexico.com\/puebla\/2025\/08\/28\/mexico-recibira-nueva-vacuna-contra-covid-19-este-otono\/#primaryimage","url":"https:\/\/grupohoymexico.com\/puebla\/wp-content\/uploads\/sites\/3\/2025\/08\/5008030239066949369.webp","contentUrl":"https:\/\/grupohoymexico.com\/puebla\/wp-content\/uploads\/sites\/3\/2025\/08\/5008030239066949369.webp","width":1201,"height":639,"caption":"vacuna Covid-19"},{"@type":"BreadcrumbList","@id":"https:\/\/grupohoymexico.com\/puebla\/2025\/08\/28\/mexico-recibira-nueva-vacuna-contra-covid-19-este-otono\/#breadcrumb","itemListElement":[{"@type":"ListItem","position":1,"name":"Inicio","item":"https:\/\/grupohoymexico.com\/puebla\/"},{"@type":"ListItem","position":2,"name":"M\u00e9xico recibir\u00e1 nueva vacuna contra Covid-19 este oto\u00f1o"}]},{"@type":"WebSite","@id":"https:\/\/grupohoymexico.com\/puebla\/#website","url":"https:\/\/grupohoymexico.com\/puebla\/","name":"Grupo Hoy Puebla","description":"","potentialAction":[{"@type":"SearchAction","target":{"@type":"EntryPoint","urlTemplate":"https:\/\/grupohoymexico.com\/puebla\/?s={search_term_string}"},"query-input":{"@type":"PropertyValueSpecification","valueRequired":true,"valueName":"search_term_string"}}],"inLanguage":"es"},{"@type":"Person","@id":"https:\/\/grupohoymexico.com\/puebla\/#\/schema\/person\/ce6086ac837852775a3a4f539356c297","name":"user","image":{"@type":"ImageObject","inLanguage":"es","@id":"https:\/\/secure.gravatar.com\/avatar\/25f78de4fa956f6f7c01f8d96f8087d8958ebe06d57e630cd54e36aefb9dacea?s=96&d=mm&r=g","url":"https:\/\/secure.gravatar.com\/avatar\/25f78de4fa956f6f7c01f8d96f8087d8958ebe06d57e630cd54e36aefb9dacea?s=96&d=mm&r=g","contentUrl":"https:\/\/secure.gravatar.com\/avatar\/25f78de4fa956f6f7c01f8d96f8087d8958ebe06d57e630cd54e36aefb9dacea?s=96&d=mm&r=g","caption":"user"},"sameAs":["http:\/\/44.197.188.197.nip.io"],"url":"https:\/\/grupohoymexico.com\/puebla\/author\/user\/"}]}},"_links":{"self":[{"href":"https:\/\/grupohoymexico.com\/puebla\/wp-json\/wp\/v2\/posts\/77053","targetHints":{"allow":["GET"]}}],"collection":[{"href":"https:\/\/grupohoymexico.com\/puebla\/wp-json\/wp\/v2\/posts"}],"about":[{"href":"https:\/\/grupohoymexico.com\/puebla\/wp-json\/wp\/v2\/types\/post"}],"author":[{"embeddable":true,"href":"https:\/\/grupohoymexico.com\/puebla\/wp-json\/wp\/v2\/users\/1"}],"replies":[{"embeddable":true,"href":"https:\/\/grupohoymexico.com\/puebla\/wp-json\/wp\/v2\/comments?post=77053"}],"version-history":[{"count":2,"href":"https:\/\/grupohoymexico.com\/puebla\/wp-json\/wp\/v2\/posts\/77053\/revisions"}],"predecessor-version":[{"id":77064,"href":"https:\/\/grupohoymexico.com\/puebla\/wp-json\/wp\/v2\/posts\/77053\/revisions\/77064"}],"wp:featuredmedia":[{"embeddable":true,"href":"https:\/\/grupohoymexico.com\/puebla\/wp-json\/wp\/v2\/media\/77055"}],"wp:attachment":[{"href":"https:\/\/grupohoymexico.com\/puebla\/wp-json\/wp\/v2\/media?parent=77053"}],"wp:term":[{"taxonomy":"category","embeddable":true,"href":"https:\/\/grupohoymexico.com\/puebla\/wp-json\/wp\/v2\/categories?post=77053"},{"taxonomy":"post_tag","embeddable":true,"href":"https:\/\/grupohoymexico.com\/puebla\/wp-json\/wp\/v2\/tags?post=77053"}],"curies":[{"name":"wp","href":"https:\/\/api.w.org\/{rel}","templated":true}]}}