{"id":76068,"date":"2025-07-17T19:45:58","date_gmt":"2025-07-17T19:45:58","guid":{"rendered":"https:\/\/grupohoymexico.com\/puebla\/?p=76068"},"modified":"2025-07-17T19:45:59","modified_gmt":"2025-07-17T19:45:59","slug":"puebla-sera-sede-de-la-rodada-y-carrera-por-la-paz-y-contra-las-adicciones","status":"publish","type":"post","link":"https:\/\/grupohoymexico.com\/puebla\/2025\/07\/17\/puebla-sera-sede-de-la-rodada-y-carrera-por-la-paz-y-contra-las-adicciones\/","title":{"rendered":"Puebla ser\u00e1 sede de la Rodada y Carrera por la paz y contra las adicciones"},"content":{"rendered":"\n<p><strong>Puebla<\/strong> se prepara para recibir una jornada que busca algo m\u00e1s que activaci\u00f3n f\u00edsica. El pr\u00f3ximo <strong>10 de agosto<\/strong>, la entidad ser\u00e1 sede de la <strong>\u201cRodada y Carrera por la paz y contra las adicciones\u201d<\/strong>, un evento que forma parte de la estrategia nacional de atenci\u00f3n a las causas, promovida por la <strong>presidenta Claudia Sheinbaum.<\/strong><\/p>\n\n\n\n<p>La iniciativa busca fomentar el <a href=\"https:\/\/grupohoymexico.com\/puebla\/2025\/07\/16\/la-universidad-del-deporte-de-puebla-lanza-convocatoria-para-nuevo-ciclo-escolar\/\">deporte<\/a>. Aunque tambi\u00e9n busca <strong>generar conciencia social y fortalecer el tejido comunitario <\/strong>desde la participaci\u00f3n de las juventudes.<\/p>\n\n\n\n<p>Durante una reuni\u00f3n en la <strong>Ciudad de M\u00e9xico<\/strong>, el <strong>gobernador de Puebla, Alejandro Armenta, y el director del <a href=\"https:\/\/www.gob.mx\/imjuve\">Instituto Mexicano de la Juventud (IMJUVE)<\/a>, Abraham Carro Toledo<\/strong>, acordaron sumar al estado a esta jornada nacional. <strong>Puebla <\/strong>ser\u00e1 uno de los epicentros de esta movilizaci\u00f3n que, en el <strong>D\u00eda Internacional de la Juventud<\/strong>, invita a participar con <strong>bicicleta, patines, patineta o corriendo.<\/strong><\/p>\n\n\n\n<figure class=\"wp-block-image size-large\"><img fetchpriority=\"high\" decoding=\"async\" width=\"1024\" height=\"683\" src=\"https:\/\/grupohoymexico.com\/puebla\/wp-content\/uploads\/sites\/3\/2025\/07\/WhatsApp_Image_2025-07-16_at_5.58.25_PM-1024x683.jpeg\" alt=\"\" class=\"wp-image-76069\" srcset=\"https:\/\/grupohoymexico.com\/puebla\/wp-content\/uploads\/sites\/3\/2025\/07\/WhatsApp_Image_2025-07-16_at_5.58.25_PM-1024x683.jpeg 1024w, https:\/\/grupohoymexico.com\/puebla\/wp-content\/uploads\/sites\/3\/2025\/07\/WhatsApp_Image_2025-07-16_at_5.58.25_PM-300x200.jpeg 300w, https:\/\/grupohoymexico.com\/puebla\/wp-content\/uploads\/sites\/3\/2025\/07\/WhatsApp_Image_2025-07-16_at_5.58.25_PM-768x512.jpeg 768w, https:\/\/grupohoymexico.com\/puebla\/wp-content\/uploads\/sites\/3\/2025\/07\/WhatsApp_Image_2025-07-16_at_5.58.25_PM-1536x1024.jpeg 1536w, https:\/\/grupohoymexico.com\/puebla\/wp-content\/uploads\/sites\/3\/2025\/07\/WhatsApp_Image_2025-07-16_at_5.58.25_PM-2048x1366.jpeg 2048w, https:\/\/grupohoymexico.com\/puebla\/wp-content\/uploads\/sites\/3\/2025\/07\/WhatsApp_Image_2025-07-16_at_5.58.25_PM-332x221.jpeg 332w, https:\/\/grupohoymexico.com\/puebla\/wp-content\/uploads\/sites\/3\/2025\/07\/WhatsApp_Image_2025-07-16_at_5.58.25_PM-664x443.jpeg 664w, https:\/\/grupohoymexico.com\/puebla\/wp-content\/uploads\/sites\/3\/2025\/07\/WhatsApp_Image_2025-07-16_at_5.58.25_PM-688x459.jpeg 688w, https:\/\/grupohoymexico.com\/puebla\/wp-content\/uploads\/sites\/3\/2025\/07\/WhatsApp_Image_2025-07-16_at_5.58.25_PM-1044x696.jpeg 1044w, https:\/\/grupohoymexico.com\/puebla\/wp-content\/uploads\/sites\/3\/2025\/07\/WhatsApp_Image_2025-07-16_at_5.58.25_PM-1400x934.jpeg 1400w, https:\/\/grupohoymexico.com\/puebla\/wp-content\/uploads\/sites\/3\/2025\/07\/WhatsApp_Image_2025-07-16_at_5.58.25_PM-1920x1280.jpeg 1920w, https:\/\/grupohoymexico.com\/puebla\/wp-content\/uploads\/sites\/3\/2025\/07\/WhatsApp_Image_2025-07-16_at_5.58.25_PM-scaled.jpeg 2560w\" sizes=\"(max-width: 1024px) 100vw, 1024px\" \/><figcaption class=\"wp-element-caption\">Foto: Gobierno del Estado de Puebla<\/figcaption><\/figure>\n\n\n\n<h2 class=\"wp-block-heading\" id=\"h-compromiso-con-las-juventudes-y-la-prevencion\"><strong>Compromiso con las juventudes y la prevenci\u00f3n<\/strong><\/h2>\n\n\n\n<p>El <strong>gobernador Armenta<\/strong> destac\u00f3 que su gobierno fomenta con decisi\u00f3n la estrategia federal contra las <strong>adicciones <\/strong>y respalda todos los proyectos que tengan como eje la <strong>juventud.<\/strong><\/p>\n\n\n\n<p>Se\u00f1al\u00f3 que los j\u00f3venes poblanos tienen un papel principal en la construcci\u00f3n del llamado<strong> \u201csegundo piso de la Cuarta Transformaci\u00f3n\u201d<\/strong>, y que el deporte, el arte y la cultura son herramientas indispensables para alejar a las nuevas generaciones de <strong>entornos violentos o adictivos.<\/strong><\/p>\n\n\n\n<p>Por su parte, <strong>Abraham Carro<\/strong> reconoci\u00f3 la labor del gobierno estatal y se\u00f1al\u00f3 que, desde el<strong> IMJUVE<\/strong>, se ve a<strong> Puebla <\/strong>como un referente en el trabajo con juventudes. Afirm\u00f3 que las acciones implementadas por <strong>Armenta<\/strong> est\u00e1n transformando tanto las oportunidades como el <strong>entorno emocional de los j\u00f3venes en la entidad.<\/strong><\/p>\n\n\n\n<figure class=\"wp-block-image size-large\"><img decoding=\"async\" width=\"1024\" height=\"682\" src=\"https:\/\/grupohoymexico.com\/puebla\/wp-content\/uploads\/sites\/3\/2025\/07\/WhatsApp_Image_2025-07-16_at_5.58.13_PM-1024x682.jpeg\" alt=\"\" class=\"wp-image-76070\" srcset=\"https:\/\/grupohoymexico.com\/puebla\/wp-content\/uploads\/sites\/3\/2025\/07\/WhatsApp_Image_2025-07-16_at_5.58.13_PM-1024x682.jpeg 1024w, https:\/\/grupohoymexico.com\/puebla\/wp-content\/uploads\/sites\/3\/2025\/07\/WhatsApp_Image_2025-07-16_at_5.58.13_PM-300x200.jpeg 300w, https:\/\/grupohoymexico.com\/puebla\/wp-content\/uploads\/sites\/3\/2025\/07\/WhatsApp_Image_2025-07-16_at_5.58.13_PM-768x512.jpeg 768w, https:\/\/grupohoymexico.com\/puebla\/wp-content\/uploads\/sites\/3\/2025\/07\/WhatsApp_Image_2025-07-16_at_5.58.13_PM-1536x1023.jpeg 1536w, https:\/\/grupohoymexico.com\/puebla\/wp-content\/uploads\/sites\/3\/2025\/07\/WhatsApp_Image_2025-07-16_at_5.58.13_PM-332x221.jpeg 332w, https:\/\/grupohoymexico.com\/puebla\/wp-content\/uploads\/sites\/3\/2025\/07\/WhatsApp_Image_2025-07-16_at_5.58.13_PM-664x442.jpeg 664w, https:\/\/grupohoymexico.com\/puebla\/wp-content\/uploads\/sites\/3\/2025\/07\/WhatsApp_Image_2025-07-16_at_5.58.13_PM-688x458.jpeg 688w, https:\/\/grupohoymexico.com\/puebla\/wp-content\/uploads\/sites\/3\/2025\/07\/WhatsApp_Image_2025-07-16_at_5.58.13_PM-1044x696.jpeg 1044w, https:\/\/grupohoymexico.com\/puebla\/wp-content\/uploads\/sites\/3\/2025\/07\/WhatsApp_Image_2025-07-16_at_5.58.13_PM-1400x933.jpeg 1400w, https:\/\/grupohoymexico.com\/puebla\/wp-content\/uploads\/sites\/3\/2025\/07\/WhatsApp_Image_2025-07-16_at_5.58.13_PM.jpeg 1600w\" sizes=\"(max-width: 1024px) 100vw, 1024px\" \/><figcaption class=\"wp-element-caption\">Foto: Gobierno del Estado de Puebla<\/figcaption><\/figure>\n\n\n\n<h2 class=\"wp-block-heading\" id=\"h-rodada-y-carrera-por-la-paz-y-contra-las-adicciones-un-llamado-nacional-desde-la-capital-poblana\"><strong>&#8220;Rodada y Carrera por la paz y contra las adicciones&#8221;: Un llamado nacional desde la capital poblana<\/strong><\/h2>\n\n\n\n<p><strong>Gabriela S\u00e1nchez Saavedra, secretaria de Deporte y Juventud de Puebla, y Alexa Espidio, subsecretaria de Juventud<\/strong>, tambi\u00e9n participaron en el encuentro. Ambas funcionarias coincidieron en que este evento representa una oportunidad para reunir a las juventudes en torno a una causa com\u00fan: l<strong>a construcci\u00f3n de paz y la prevenci\u00f3n de adicciones a trav\u00e9s de la convivencia, el ejercicio y la conciencia colectiva.<\/strong><\/p>\n","protected":false},"excerpt":{"rendered":"Puebla se prepara para recibir una jornada que busca algo m\u00e1s que activaci\u00f3n f\u00edsica. El pr\u00f3ximo 10 de&hellip;","protected":false},"author":1,"featured_media":76071,"comment_status":"open","ping_status":"open","sticky":false,"template":"","format":"standard","meta":{"csco_display_header_overlay":false,"csco_singular_sidebar":"","csco_page_header_type":"","csco_page_load_nextpost":"","csco_post_video_location":[],"csco_post_video_location_hash":"","csco_post_video_url":"","csco_post_video_bg_start_time":0,"csco_post_video_bg_end_time":0,"footnotes":""},"categories":[29],"tags":[1619,1621,98,187,1620,1096,40],"class_list":{"0":"post-76068","1":"post","2":"type-post","3":"status-publish","4":"format-standard","5":"has-post-thumbnail","7":"category-estatal","8":"tag-rodada-y-carrera-por-la-paz-y-contra-las-adicciones","9":"tag-abraham-carro-toledo","10":"tag-alejandro-armenta","11":"tag-deporte","12":"tag-imjuve","13":"tag-juventud","14":"tag-puebla","15":"cs-entry","16":"cs-video-wrap"},"yoast_head":"<!-- This site is optimized with the Yoast SEO Premium plugin v24.7 (Yoast SEO v27.4) - https:\/\/yoast.com\/product\/yoast-seo-premium-wordpress\/ -->\n<title>Puebla ser\u00e1 sede de la Rodada y Carrera por la paz y contra las adicciones - Grupo Hoy Puebla<\/title>\n<meta name=\"description\" content=\"Puebla organiza la rodada y carrera por la paz y contra las adicciones para promover el deporte y la prevenci\u00f3n entre las juventudes.\" \/>\n<meta name=\"robots\" content=\"index, follow, max-snippet:-1, max-image-preview:large, max-video-preview:-1\" \/>\n<link rel=\"canonical\" href=\"https:\/\/grupohoymexico.com\/puebla\/2025\/07\/17\/puebla-sera-sede-de-la-rodada-y-carrera-por-la-paz-y-contra-las-adicciones\/\" \/>\n<meta property=\"og:locale\" content=\"es_MX\" \/>\n<meta property=\"og:type\" content=\"article\" \/>\n<meta property=\"og:title\" content=\"Puebla ser\u00e1 sede de la Rodada y Carrera por la paz y contra las adicciones\" \/>\n<meta property=\"og:description\" content=\"Puebla organiza la rodada y carrera por la paz y contra las adicciones para promover el deporte y la prevenci\u00f3n entre las juventudes.\" \/>\n<meta property=\"og:url\" content=\"https:\/\/grupohoymexico.com\/puebla\/2025\/07\/17\/puebla-sera-sede-de-la-rodada-y-carrera-por-la-paz-y-contra-las-adicciones\/\" \/>\n<meta property=\"og:site_name\" content=\"Grupo Hoy Puebla\" \/>\n<meta property=\"article:published_time\" content=\"2025-07-17T19:45:58+00:00\" \/>\n<meta property=\"article:modified_time\" content=\"2025-07-17T19:45:59+00:00\" \/>\n<meta property=\"og:image\" content=\"https:\/\/grupohoymexico.com\/puebla\/wp-content\/uploads\/sites\/3\/2025\/07\/5172599028230238060.jpg\" \/>\n\t<meta property=\"og:image:width\" content=\"1200\" \/>\n\t<meta property=\"og:image:height\" content=\"638\" \/>\n\t<meta property=\"og:image:type\" content=\"image\/jpeg\" \/>\n<meta name=\"author\" content=\"user\" \/>\n<meta name=\"twitter:card\" content=\"summary_large_image\" \/>\n<meta name=\"twitter:label1\" content=\"Escrito por\" \/>\n\t<meta name=\"twitter:data1\" content=\"user\" \/>\n\t<meta name=\"twitter:label2\" content=\"Tiempo de lectura\" \/>\n\t<meta name=\"twitter:data2\" content=\"3 minutos\" \/>\n<script type=\"application\/ld+json\" class=\"yoast-schema-graph\">{\"@context\":\"https:\\\/\\\/schema.org\",\"@graph\":[{\"@type\":\"Article\",\"@id\":\"https:\\\/\\\/grupohoymexico.com\\\/puebla\\\/2025\\\/07\\\/17\\\/puebla-sera-sede-de-la-rodada-y-carrera-por-la-paz-y-contra-las-adicciones\\\/#article\",\"isPartOf\":{\"@id\":\"https:\\\/\\\/grupohoymexico.com\\\/puebla\\\/2025\\\/07\\\/17\\\/puebla-sera-sede-de-la-rodada-y-carrera-por-la-paz-y-contra-las-adicciones\\\/\"},\"author\":{\"name\":\"user\",\"@id\":\"https:\\\/\\\/grupohoymexico.com\\\/puebla\\\/#\\\/schema\\\/person\\\/ce6086ac837852775a3a4f539356c297\"},\"headline\":\"Puebla ser\u00e1 sede de la Rodada y Carrera por la paz y contra las adicciones\",\"datePublished\":\"2025-07-17T19:45:58+00:00\",\"dateModified\":\"2025-07-17T19:45:59+00:00\",\"mainEntityOfPage\":{\"@id\":\"https:\\\/\\\/grupohoymexico.com\\\/puebla\\\/2025\\\/07\\\/17\\\/puebla-sera-sede-de-la-rodada-y-carrera-por-la-paz-y-contra-las-adicciones\\\/\"},\"wordCount\":398,\"commentCount\":0,\"image\":{\"@id\":\"https:\\\/\\\/grupohoymexico.com\\\/puebla\\\/2025\\\/07\\\/17\\\/puebla-sera-sede-de-la-rodada-y-carrera-por-la-paz-y-contra-las-adicciones\\\/#primaryimage\"},\"thumbnailUrl\":\"https:\\\/\\\/grupohoymexico.com\\\/puebla\\\/wp-content\\\/uploads\\\/sites\\\/3\\\/2025\\\/07\\\/5172599028230238060.jpg\",\"keywords\":[\"\u201cRodada y Carrera por la paz y contra las adicciones\u201d\",\"Abraham Carro Toledo\",\"Alejandro Armenta\",\"deporte\",\"IMJUVE\",\"juventud\",\"puebla\"],\"articleSection\":[\"Estatal\"],\"inLanguage\":\"es\",\"potentialAction\":[{\"@type\":\"CommentAction\",\"name\":\"Comment\",\"target\":[\"https:\\\/\\\/grupohoymexico.com\\\/puebla\\\/2025\\\/07\\\/17\\\/puebla-sera-sede-de-la-rodada-y-carrera-por-la-paz-y-contra-las-adicciones\\\/#respond\"]}]},{\"@type\":\"WebPage\",\"@id\":\"https:\\\/\\\/grupohoymexico.com\\\/puebla\\\/2025\\\/07\\\/17\\\/puebla-sera-sede-de-la-rodada-y-carrera-por-la-paz-y-contra-las-adicciones\\\/\",\"url\":\"https:\\\/\\\/grupohoymexico.com\\\/puebla\\\/2025\\\/07\\\/17\\\/puebla-sera-sede-de-la-rodada-y-carrera-por-la-paz-y-contra-las-adicciones\\\/\",\"name\":\"Puebla ser\u00e1 sede de la Rodada y Carrera por la paz y contra las adicciones - Grupo Hoy Puebla\",\"isPartOf\":{\"@id\":\"https:\\\/\\\/grupohoymexico.com\\\/puebla\\\/#website\"},\"primaryImageOfPage\":{\"@id\":\"https:\\\/\\\/grupohoymexico.com\\\/puebla\\\/2025\\\/07\\\/17\\\/puebla-sera-sede-de-la-rodada-y-carrera-por-la-paz-y-contra-las-adicciones\\\/#primaryimage\"},\"image\":{\"@id\":\"https:\\\/\\\/grupohoymexico.com\\\/puebla\\\/2025\\\/07\\\/17\\\/puebla-sera-sede-de-la-rodada-y-carrera-por-la-paz-y-contra-las-adicciones\\\/#primaryimage\"},\"thumbnailUrl\":\"https:\\\/\\\/grupohoymexico.com\\\/puebla\\\/wp-content\\\/uploads\\\/sites\\\/3\\\/2025\\\/07\\\/5172599028230238060.jpg\",\"datePublished\":\"2025-07-17T19:45:58+00:00\",\"dateModified\":\"2025-07-17T19:45:59+00:00\",\"author\":{\"@id\":\"https:\\\/\\\/grupohoymexico.com\\\/puebla\\\/#\\\/schema\\\/person\\\/ce6086ac837852775a3a4f539356c297\"},\"description\":\"Puebla organiza la rodada y carrera por la paz y contra las adicciones para promover el deporte y la prevenci\u00f3n entre las juventudes.\",\"breadcrumb\":{\"@id\":\"https:\\\/\\\/grupohoymexico.com\\\/puebla\\\/2025\\\/07\\\/17\\\/puebla-sera-sede-de-la-rodada-y-carrera-por-la-paz-y-contra-las-adicciones\\\/#breadcrumb\"},\"inLanguage\":\"es\",\"potentialAction\":[{\"@type\":\"ReadAction\",\"target\":[\"https:\\\/\\\/grupohoymexico.com\\\/puebla\\\/2025\\\/07\\\/17\\\/puebla-sera-sede-de-la-rodada-y-carrera-por-la-paz-y-contra-las-adicciones\\\/\"]}]},{\"@type\":\"ImageObject\",\"inLanguage\":\"es\",\"@id\":\"https:\\\/\\\/grupohoymexico.com\\\/puebla\\\/2025\\\/07\\\/17\\\/puebla-sera-sede-de-la-rodada-y-carrera-por-la-paz-y-contra-las-adicciones\\\/#primaryimage\",\"url\":\"https:\\\/\\\/grupohoymexico.com\\\/puebla\\\/wp-content\\\/uploads\\\/sites\\\/3\\\/2025\\\/07\\\/5172599028230238060.jpg\",\"contentUrl\":\"https:\\\/\\\/grupohoymexico.com\\\/puebla\\\/wp-content\\\/uploads\\\/sites\\\/3\\\/2025\\\/07\\\/5172599028230238060.jpg\",\"width\":1200,\"height\":638,\"caption\":\"Foto: Gobierno del Estado de Puebla\"},{\"@type\":\"BreadcrumbList\",\"@id\":\"https:\\\/\\\/grupohoymexico.com\\\/puebla\\\/2025\\\/07\\\/17\\\/puebla-sera-sede-de-la-rodada-y-carrera-por-la-paz-y-contra-las-adicciones\\\/#breadcrumb\",\"itemListElement\":[{\"@type\":\"ListItem\",\"position\":1,\"name\":\"Inicio\",\"item\":\"https:\\\/\\\/grupohoymexico.com\\\/puebla\\\/\"},{\"@type\":\"ListItem\",\"position\":2,\"name\":\"Puebla ser\u00e1 sede de la Rodada y Carrera por la paz y contra las adicciones\"}]},{\"@type\":\"WebSite\",\"@id\":\"https:\\\/\\\/grupohoymexico.com\\\/puebla\\\/#website\",\"url\":\"https:\\\/\\\/grupohoymexico.com\\\/puebla\\\/\",\"name\":\"Grupo Hoy Puebla\",\"description\":\"\",\"potentialAction\":[{\"@type\":\"SearchAction\",\"target\":{\"@type\":\"EntryPoint\",\"urlTemplate\":\"https:\\\/\\\/grupohoymexico.com\\\/puebla\\\/?s={search_term_string}\"},\"query-input\":{\"@type\":\"PropertyValueSpecification\",\"valueRequired\":true,\"valueName\":\"search_term_string\"}}],\"inLanguage\":\"es\"},{\"@type\":\"Person\",\"@id\":\"https:\\\/\\\/grupohoymexico.com\\\/puebla\\\/#\\\/schema\\\/person\\\/ce6086ac837852775a3a4f539356c297\",\"name\":\"user\",\"image\":{\"@type\":\"ImageObject\",\"inLanguage\":\"es\",\"@id\":\"https:\\\/\\\/secure.gravatar.com\\\/avatar\\\/25f78de4fa956f6f7c01f8d96f8087d8958ebe06d57e630cd54e36aefb9dacea?s=96&d=mm&r=g\",\"url\":\"https:\\\/\\\/secure.gravatar.com\\\/avatar\\\/25f78de4fa956f6f7c01f8d96f8087d8958ebe06d57e630cd54e36aefb9dacea?s=96&d=mm&r=g\",\"contentUrl\":\"https:\\\/\\\/secure.gravatar.com\\\/avatar\\\/25f78de4fa956f6f7c01f8d96f8087d8958ebe06d57e630cd54e36aefb9dacea?s=96&d=mm&r=g\",\"caption\":\"user\"},\"sameAs\":[\"http:\\\/\\\/44.197.188.197.nip.io\"],\"url\":\"https:\\\/\\\/grupohoymexico.com\\\/puebla\\\/author\\\/user\\\/\"}]}<\/script>\n<!-- \/ Yoast SEO Premium plugin. -->","yoast_head_json":{"title":"Puebla ser\u00e1 sede de la Rodada y Carrera por la paz y contra las adicciones - Grupo Hoy Puebla","description":"Puebla organiza la rodada y carrera por la paz y contra las adicciones para promover el deporte y la prevenci\u00f3n entre las juventudes.","robots":{"index":"index","follow":"follow","max-snippet":"max-snippet:-1","max-image-preview":"max-image-preview:large","max-video-preview":"max-video-preview:-1"},"canonical":"https:\/\/grupohoymexico.com\/puebla\/2025\/07\/17\/puebla-sera-sede-de-la-rodada-y-carrera-por-la-paz-y-contra-las-adicciones\/","og_locale":"es_MX","og_type":"article","og_title":"Puebla ser\u00e1 sede de la Rodada y Carrera por la paz y contra las adicciones","og_description":"Puebla organiza la rodada y carrera por la paz y contra las adicciones para promover el deporte y la prevenci\u00f3n entre las juventudes.","og_url":"https:\/\/grupohoymexico.com\/puebla\/2025\/07\/17\/puebla-sera-sede-de-la-rodada-y-carrera-por-la-paz-y-contra-las-adicciones\/","og_site_name":"Grupo Hoy Puebla","article_published_time":"2025-07-17T19:45:58+00:00","article_modified_time":"2025-07-17T19:45:59+00:00","og_image":[{"width":1200,"height":638,"url":"https:\/\/grupohoymexico.com\/puebla\/wp-content\/uploads\/sites\/3\/2025\/07\/5172599028230238060.jpg","type":"image\/jpeg"}],"author":"user","twitter_card":"summary_large_image","twitter_misc":{"Escrito por":"user","Tiempo de lectura":"3 minutos"},"schema":{"@context":"https:\/\/schema.org","@graph":[{"@type":"Article","@id":"https:\/\/grupohoymexico.com\/puebla\/2025\/07\/17\/puebla-sera-sede-de-la-rodada-y-carrera-por-la-paz-y-contra-las-adicciones\/#article","isPartOf":{"@id":"https:\/\/grupohoymexico.com\/puebla\/2025\/07\/17\/puebla-sera-sede-de-la-rodada-y-carrera-por-la-paz-y-contra-las-adicciones\/"},"author":{"name":"user","@id":"https:\/\/grupohoymexico.com\/puebla\/#\/schema\/person\/ce6086ac837852775a3a4f539356c297"},"headline":"Puebla ser\u00e1 sede de la Rodada y Carrera por la paz y contra las adicciones","datePublished":"2025-07-17T19:45:58+00:00","dateModified":"2025-07-17T19:45:59+00:00","mainEntityOfPage":{"@id":"https:\/\/grupohoymexico.com\/puebla\/2025\/07\/17\/puebla-sera-sede-de-la-rodada-y-carrera-por-la-paz-y-contra-las-adicciones\/"},"wordCount":398,"commentCount":0,"image":{"@id":"https:\/\/grupohoymexico.com\/puebla\/2025\/07\/17\/puebla-sera-sede-de-la-rodada-y-carrera-por-la-paz-y-contra-las-adicciones\/#primaryimage"},"thumbnailUrl":"https:\/\/grupohoymexico.com\/puebla\/wp-content\/uploads\/sites\/3\/2025\/07\/5172599028230238060.jpg","keywords":["\u201cRodada y Carrera por la paz y contra las adicciones\u201d","Abraham Carro Toledo","Alejandro Armenta","deporte","IMJUVE","juventud","puebla"],"articleSection":["Estatal"],"inLanguage":"es","potentialAction":[{"@type":"CommentAction","name":"Comment","target":["https:\/\/grupohoymexico.com\/puebla\/2025\/07\/17\/puebla-sera-sede-de-la-rodada-y-carrera-por-la-paz-y-contra-las-adicciones\/#respond"]}]},{"@type":"WebPage","@id":"https:\/\/grupohoymexico.com\/puebla\/2025\/07\/17\/puebla-sera-sede-de-la-rodada-y-carrera-por-la-paz-y-contra-las-adicciones\/","url":"https:\/\/grupohoymexico.com\/puebla\/2025\/07\/17\/puebla-sera-sede-de-la-rodada-y-carrera-por-la-paz-y-contra-las-adicciones\/","name":"Puebla ser\u00e1 sede de la Rodada y Carrera por la paz y contra las adicciones - Grupo Hoy Puebla","isPartOf":{"@id":"https:\/\/grupohoymexico.com\/puebla\/#website"},"primaryImageOfPage":{"@id":"https:\/\/grupohoymexico.com\/puebla\/2025\/07\/17\/puebla-sera-sede-de-la-rodada-y-carrera-por-la-paz-y-contra-las-adicciones\/#primaryimage"},"image":{"@id":"https:\/\/grupohoymexico.com\/puebla\/2025\/07\/17\/puebla-sera-sede-de-la-rodada-y-carrera-por-la-paz-y-contra-las-adicciones\/#primaryimage"},"thumbnailUrl":"https:\/\/grupohoymexico.com\/puebla\/wp-content\/uploads\/sites\/3\/2025\/07\/5172599028230238060.jpg","datePublished":"2025-07-17T19:45:58+00:00","dateModified":"2025-07-17T19:45:59+00:00","author":{"@id":"https:\/\/grupohoymexico.com\/puebla\/#\/schema\/person\/ce6086ac837852775a3a4f539356c297"},"description":"Puebla organiza la rodada y carrera por la paz y contra las adicciones para promover el deporte y la prevenci\u00f3n entre las juventudes.","breadcrumb":{"@id":"https:\/\/grupohoymexico.com\/puebla\/2025\/07\/17\/puebla-sera-sede-de-la-rodada-y-carrera-por-la-paz-y-contra-las-adicciones\/#breadcrumb"},"inLanguage":"es","potentialAction":[{"@type":"ReadAction","target":["https:\/\/grupohoymexico.com\/puebla\/2025\/07\/17\/puebla-sera-sede-de-la-rodada-y-carrera-por-la-paz-y-contra-las-adicciones\/"]}]},{"@type":"ImageObject","inLanguage":"es","@id":"https:\/\/grupohoymexico.com\/puebla\/2025\/07\/17\/puebla-sera-sede-de-la-rodada-y-carrera-por-la-paz-y-contra-las-adicciones\/#primaryimage","url":"https:\/\/grupohoymexico.com\/puebla\/wp-content\/uploads\/sites\/3\/2025\/07\/5172599028230238060.jpg","contentUrl":"https:\/\/grupohoymexico.com\/puebla\/wp-content\/uploads\/sites\/3\/2025\/07\/5172599028230238060.jpg","width":1200,"height":638,"caption":"Foto: Gobierno del Estado de Puebla"},{"@type":"BreadcrumbList","@id":"https:\/\/grupohoymexico.com\/puebla\/2025\/07\/17\/puebla-sera-sede-de-la-rodada-y-carrera-por-la-paz-y-contra-las-adicciones\/#breadcrumb","itemListElement":[{"@type":"ListItem","position":1,"name":"Inicio","item":"https:\/\/grupohoymexico.com\/puebla\/"},{"@type":"ListItem","position":2,"name":"Puebla ser\u00e1 sede de la Rodada y Carrera por la paz y contra las adicciones"}]},{"@type":"WebSite","@id":"https:\/\/grupohoymexico.com\/puebla\/#website","url":"https:\/\/grupohoymexico.com\/puebla\/","name":"Grupo Hoy Puebla","description":"","potentialAction":[{"@type":"SearchAction","target":{"@type":"EntryPoint","urlTemplate":"https:\/\/grupohoymexico.com\/puebla\/?s={search_term_string}"},"query-input":{"@type":"PropertyValueSpecification","valueRequired":true,"valueName":"search_term_string"}}],"inLanguage":"es"},{"@type":"Person","@id":"https:\/\/grupohoymexico.com\/puebla\/#\/schema\/person\/ce6086ac837852775a3a4f539356c297","name":"user","image":{"@type":"ImageObject","inLanguage":"es","@id":"https:\/\/secure.gravatar.com\/avatar\/25f78de4fa956f6f7c01f8d96f8087d8958ebe06d57e630cd54e36aefb9dacea?s=96&d=mm&r=g","url":"https:\/\/secure.gravatar.com\/avatar\/25f78de4fa956f6f7c01f8d96f8087d8958ebe06d57e630cd54e36aefb9dacea?s=96&d=mm&r=g","contentUrl":"https:\/\/secure.gravatar.com\/avatar\/25f78de4fa956f6f7c01f8d96f8087d8958ebe06d57e630cd54e36aefb9dacea?s=96&d=mm&r=g","caption":"user"},"sameAs":["http:\/\/44.197.188.197.nip.io"],"url":"https:\/\/grupohoymexico.com\/puebla\/author\/user\/"}]}},"_links":{"self":[{"href":"https:\/\/grupohoymexico.com\/puebla\/wp-json\/wp\/v2\/posts\/76068","targetHints":{"allow":["GET"]}}],"collection":[{"href":"https:\/\/grupohoymexico.com\/puebla\/wp-json\/wp\/v2\/posts"}],"about":[{"href":"https:\/\/grupohoymexico.com\/puebla\/wp-json\/wp\/v2\/types\/post"}],"author":[{"embeddable":true,"href":"https:\/\/grupohoymexico.com\/puebla\/wp-json\/wp\/v2\/users\/1"}],"replies":[{"embeddable":true,"href":"https:\/\/grupohoymexico.com\/puebla\/wp-json\/wp\/v2\/comments?post=76068"}],"version-history":[{"count":1,"href":"https:\/\/grupohoymexico.com\/puebla\/wp-json\/wp\/v2\/posts\/76068\/revisions"}],"predecessor-version":[{"id":76072,"href":"https:\/\/grupohoymexico.com\/puebla\/wp-json\/wp\/v2\/posts\/76068\/revisions\/76072"}],"wp:featuredmedia":[{"embeddable":true,"href":"https:\/\/grupohoymexico.com\/puebla\/wp-json\/wp\/v2\/media\/76071"}],"wp:attachment":[{"href":"https:\/\/grupohoymexico.com\/puebla\/wp-json\/wp\/v2\/media?parent=76068"}],"wp:term":[{"taxonomy":"category","embeddable":true,"href":"https:\/\/grupohoymexico.com\/puebla\/wp-json\/wp\/v2\/categories?post=76068"},{"taxonomy":"post_tag","embeddable":true,"href":"https:\/\/grupohoymexico.com\/puebla\/wp-json\/wp\/v2\/tags?post=76068"}],"curies":[{"name":"wp","href":"https:\/\/api.w.org\/{rel}","templated":true}]}}