{"id":76041,"date":"2025-07-16T18:51:12","date_gmt":"2025-07-16T18:51:12","guid":{"rendered":"https:\/\/grupohoymexico.com\/puebla\/?p=76041"},"modified":"2025-07-16T18:51:12","modified_gmt":"2025-07-16T18:51:12","slug":"la-universidad-del-deporte-de-puebla-lanza-convocatoria-para-nuevo-ciclo-escolar","status":"publish","type":"post","link":"https:\/\/grupohoymexico.com\/puebla\/2025\/07\/16\/la-universidad-del-deporte-de-puebla-lanza-convocatoria-para-nuevo-ciclo-escolar\/","title":{"rendered":"La Universidad del Deporte de Puebla lanza convocatoria para nuevo ciclo escolar"},"content":{"rendered":"\n<p>La <strong>Universidad del Deporte de Puebla <a href=\"https:\/\/www.instagram.com\/udep_puebla?utm_source=ig_web_button_share_sheet&amp;igsh=ZDNlZDc0MzIxNw==\">(UDEP)<\/a> <\/strong>abrir\u00e1 su convocatoria para el primer ciclo escolar el pr\u00f3ximo <strong>22 de julio<\/strong>. Si te interesa alguna de sus licenciaturas,<strong> toma nota de las fechas y requisitos para el proceso de admisi\u00f3n.<\/strong><\/p>\n\n\n\n<h2 class=\"wp-block-heading\" id=\"h-fechas-importantes\"><strong>Fechas importantes:<\/strong><\/h2>\n\n\n\n<ul class=\"wp-block-list\">\n<li><strong>Convocatoria:<\/strong> 22 de julio<\/li>\n\n\n\n<li><strong>Inscripciones: <\/strong>23 de julio al 14 de agosto<\/li>\n\n\n\n<li><strong>Examen de admisi\u00f3n: <\/strong>15 de agosto<\/li>\n\n\n\n<li><strong>Evaluaci\u00f3n de Capacidades Atl\u00e9ticas: <\/strong>22 y 23 de agosto<\/li>\n\n\n\n<li><strong>Resultados:<\/strong> 27 de agosto<\/li>\n\n\n\n<li><strong>Entrega de documentos: <\/strong>28 al 31 de agosto<\/li>\n\n\n\n<li><strong>Inicio de clases: <\/strong>Septiembre<\/li>\n<\/ul>\n\n\n\n<h2 class=\"wp-block-heading\" id=\"h-universidad-del-deporte-de-puebla-carreras-disponibles-para-este-ciclo\"><strong>Universidad del Deporte de Puebla: Carreras disponibles para este ciclo:<\/strong><\/h2>\n\n\n\n<ul class=\"wp-block-list\">\n<li>Licenciatura en <a href=\"https:\/\/grupohoymexico.com\/puebla\/2025\/07\/02\/buap-usep-udep-y-escihu-amplian-su-oferta-academica-con-nuevas-licenciaturas-en-puebla\/\">Cultura F\u00edsica<\/a><\/li>\n\n\n\n<li>Licenciatura en Comunicaci\u00f3n Deportiva<\/li>\n\n\n\n<li>Licenciatura en Administraci\u00f3n y Gesti\u00f3n de Centros Deportivos<\/li>\n<\/ul>\n\n\n<div class=\"wp-block-image\">\n<figure class=\"aligncenter size-full is-resized\"><img fetchpriority=\"high\" decoding=\"async\" width=\"1000\" height=\"1000\" src=\"https:\/\/grupohoymexico.com\/puebla\/wp-content\/uploads\/sites\/3\/2025\/07\/515495922_122149451684604270_8534623668154595689_n.jpg\" alt=\"Universidad del Deporte de Puebla\" class=\"wp-image-76042\" style=\"width:486px;height:auto\" srcset=\"https:\/\/grupohoymexico.com\/puebla\/wp-content\/uploads\/sites\/3\/2025\/07\/515495922_122149451684604270_8534623668154595689_n.jpg 1000w, https:\/\/grupohoymexico.com\/puebla\/wp-content\/uploads\/sites\/3\/2025\/07\/515495922_122149451684604270_8534623668154595689_n-300x300.jpg 300w, https:\/\/grupohoymexico.com\/puebla\/wp-content\/uploads\/sites\/3\/2025\/07\/515495922_122149451684604270_8534623668154595689_n-150x150.jpg 150w, https:\/\/grupohoymexico.com\/puebla\/wp-content\/uploads\/sites\/3\/2025\/07\/515495922_122149451684604270_8534623668154595689_n-768x768.jpg 768w, https:\/\/grupohoymexico.com\/puebla\/wp-content\/uploads\/sites\/3\/2025\/07\/515495922_122149451684604270_8534623668154595689_n-72x72.jpg 72w, https:\/\/grupohoymexico.com\/puebla\/wp-content\/uploads\/sites\/3\/2025\/07\/515495922_122149451684604270_8534623668154595689_n-144x144.jpg 144w, https:\/\/grupohoymexico.com\/puebla\/wp-content\/uploads\/sites\/3\/2025\/07\/515495922_122149451684604270_8534623668154595689_n-332x332.jpg 332w, https:\/\/grupohoymexico.com\/puebla\/wp-content\/uploads\/sites\/3\/2025\/07\/515495922_122149451684604270_8534623668154595689_n-664x664.jpg 664w, https:\/\/grupohoymexico.com\/puebla\/wp-content\/uploads\/sites\/3\/2025\/07\/515495922_122149451684604270_8534623668154595689_n-688x688.jpg 688w\" sizes=\"(max-width: 1000px) 100vw, 1000px\" \/><figcaption class=\"wp-element-caption\">Foto: FB \/ Universidad del Deporte de Puebla<\/figcaption><\/figure><\/div>\n\n\n<h2 class=\"wp-block-heading\" id=\"h-donde-seran-las-clases\"><strong>D\u00f3nde ser\u00e1n las clases<\/strong><\/h2>\n\n\n\n<p>Mientras se terminan de construir las instalaciones propias, las clases podr\u00edan impartirse en el antiguo edificio del <strong>Instituto de la Juventud, ubicado en la 11 Norte, cerca de la zona de Ferrocarriles.<\/strong><\/p>\n\n\n\n<h2 class=\"wp-block-heading\" id=\"h-donde-consultar-mas-informacion\"><strong>D\u00f3nde consultar m\u00e1s informaci\u00f3n<\/strong><\/h2>\n\n\n\n<p>Consulta las redes sociales oficiales de la <strong>UDEP (@udep_puebla)<\/strong> para estar al tanto de las novedades y detalles del proceso.<\/p>\n","protected":false},"excerpt":{"rendered":"La Universidad del Deporte de Puebla (UDEP) abrir\u00e1 su convocatoria para el primer ciclo escolar el pr\u00f3ximo 22&hellip;","protected":false},"author":1,"featured_media":76043,"comment_status":"open","ping_status":"open","sticky":false,"template":"","format":"standard","meta":{"csco_display_header_overlay":false,"csco_singular_sidebar":"","csco_page_header_type":"","csco_page_load_nextpost":"","csco_post_video_location":[],"csco_post_video_location_hash":"","csco_post_video_url":"","csco_post_video_bg_start_time":0,"csco_post_video_bg_end_time":0,"footnotes":""},"categories":[27,29],"tags":[1606,1605,240,1490,361],"class_list":{"0":"post-76041","1":"post","2":"type-post","3":"status-publish","4":"format-standard","5":"has-post-thumbnail","7":"category-deportes","8":"category-estatal","9":"tag-carreras","10":"tag-ciclo-escolar","11":"tag-convocatoria","12":"tag-licenciaturas","13":"tag-universidad-del-deporte-de-puebla","14":"cs-entry","15":"cs-video-wrap"},"yoast_head":"<!-- This site is optimized with the Yoast SEO Premium plugin v24.7 (Yoast SEO v27.4) - https:\/\/yoast.com\/product\/yoast-seo-premium-wordpress\/ -->\n<title>La Universidad del Deporte de Puebla lanza convocatoria para nuevo ciclo escolar - Grupo Hoy Puebla<\/title>\n<meta name=\"description\" content=\"Convocatoria UDEP 2025: conoce fechas, requisitos y carreras disponibles en la Universidad del Deporte de Puebla.\" \/>\n<meta name=\"robots\" content=\"index, follow, max-snippet:-1, max-image-preview:large, max-video-preview:-1\" \/>\n<link rel=\"canonical\" href=\"https:\/\/grupohoymexico.com\/puebla\/2025\/07\/16\/la-universidad-del-deporte-de-puebla-lanza-convocatoria-para-nuevo-ciclo-escolar\/\" \/>\n<meta property=\"og:locale\" content=\"es_MX\" \/>\n<meta property=\"og:type\" content=\"article\" \/>\n<meta property=\"og:title\" content=\"La Universidad del Deporte de Puebla lanza convocatoria para nuevo ciclo escolar\" \/>\n<meta property=\"og:description\" content=\"Convocatoria UDEP 2025: conoce fechas, requisitos y carreras disponibles en la Universidad del Deporte de Puebla.\" \/>\n<meta property=\"og:url\" content=\"https:\/\/grupohoymexico.com\/puebla\/2025\/07\/16\/la-universidad-del-deporte-de-puebla-lanza-convocatoria-para-nuevo-ciclo-escolar\/\" \/>\n<meta property=\"og:site_name\" content=\"Grupo Hoy Puebla\" \/>\n<meta property=\"article:published_time\" content=\"2025-07-16T18:51:12+00:00\" \/>\n<meta property=\"og:image\" content=\"https:\/\/grupohoymexico.com\/puebla\/wp-content\/uploads\/sites\/3\/2025\/07\/5170347228416552793.jpg\" \/>\n\t<meta property=\"og:image:width\" content=\"1200\" \/>\n\t<meta property=\"og:image:height\" content=\"638\" \/>\n\t<meta property=\"og:image:type\" content=\"image\/jpeg\" \/>\n<meta name=\"author\" content=\"user\" \/>\n<meta name=\"twitter:card\" content=\"summary_large_image\" \/>\n<meta name=\"twitter:label1\" content=\"Escrito por\" \/>\n\t<meta name=\"twitter:data1\" content=\"user\" \/>\n\t<meta name=\"twitter:label2\" content=\"Tiempo de lectura\" \/>\n\t<meta name=\"twitter:data2\" content=\"2 minutos\" \/>\n<script type=\"application\/ld+json\" class=\"yoast-schema-graph\">{\"@context\":\"https:\\\/\\\/schema.org\",\"@graph\":[{\"@type\":\"Article\",\"@id\":\"https:\\\/\\\/grupohoymexico.com\\\/puebla\\\/2025\\\/07\\\/16\\\/la-universidad-del-deporte-de-puebla-lanza-convocatoria-para-nuevo-ciclo-escolar\\\/#article\",\"isPartOf\":{\"@id\":\"https:\\\/\\\/grupohoymexico.com\\\/puebla\\\/2025\\\/07\\\/16\\\/la-universidad-del-deporte-de-puebla-lanza-convocatoria-para-nuevo-ciclo-escolar\\\/\"},\"author\":{\"name\":\"user\",\"@id\":\"https:\\\/\\\/grupohoymexico.com\\\/puebla\\\/#\\\/schema\\\/person\\\/ce6086ac837852775a3a4f539356c297\"},\"headline\":\"La Universidad del Deporte de Puebla lanza convocatoria para nuevo ciclo escolar\",\"datePublished\":\"2025-07-16T18:51:12+00:00\",\"mainEntityOfPage\":{\"@id\":\"https:\\\/\\\/grupohoymexico.com\\\/puebla\\\/2025\\\/07\\\/16\\\/la-universidad-del-deporte-de-puebla-lanza-convocatoria-para-nuevo-ciclo-escolar\\\/\"},\"wordCount\":194,\"commentCount\":0,\"image\":{\"@id\":\"https:\\\/\\\/grupohoymexico.com\\\/puebla\\\/2025\\\/07\\\/16\\\/la-universidad-del-deporte-de-puebla-lanza-convocatoria-para-nuevo-ciclo-escolar\\\/#primaryimage\"},\"thumbnailUrl\":\"https:\\\/\\\/grupohoymexico.com\\\/puebla\\\/wp-content\\\/uploads\\\/sites\\\/3\\\/2025\\\/07\\\/5170347228416552793.jpg\",\"keywords\":[\"carreras\",\"ciclo escolar\",\"Convocatoria\",\"licenciaturas\",\"Universidad del Deporte de Puebla\"],\"articleSection\":[\"Deportes\",\"Estatal\"],\"inLanguage\":\"es\",\"potentialAction\":[{\"@type\":\"CommentAction\",\"name\":\"Comment\",\"target\":[\"https:\\\/\\\/grupohoymexico.com\\\/puebla\\\/2025\\\/07\\\/16\\\/la-universidad-del-deporte-de-puebla-lanza-convocatoria-para-nuevo-ciclo-escolar\\\/#respond\"]}]},{\"@type\":\"WebPage\",\"@id\":\"https:\\\/\\\/grupohoymexico.com\\\/puebla\\\/2025\\\/07\\\/16\\\/la-universidad-del-deporte-de-puebla-lanza-convocatoria-para-nuevo-ciclo-escolar\\\/\",\"url\":\"https:\\\/\\\/grupohoymexico.com\\\/puebla\\\/2025\\\/07\\\/16\\\/la-universidad-del-deporte-de-puebla-lanza-convocatoria-para-nuevo-ciclo-escolar\\\/\",\"name\":\"La Universidad del Deporte de Puebla lanza convocatoria para nuevo ciclo escolar - Grupo Hoy Puebla\",\"isPartOf\":{\"@id\":\"https:\\\/\\\/grupohoymexico.com\\\/puebla\\\/#website\"},\"primaryImageOfPage\":{\"@id\":\"https:\\\/\\\/grupohoymexico.com\\\/puebla\\\/2025\\\/07\\\/16\\\/la-universidad-del-deporte-de-puebla-lanza-convocatoria-para-nuevo-ciclo-escolar\\\/#primaryimage\"},\"image\":{\"@id\":\"https:\\\/\\\/grupohoymexico.com\\\/puebla\\\/2025\\\/07\\\/16\\\/la-universidad-del-deporte-de-puebla-lanza-convocatoria-para-nuevo-ciclo-escolar\\\/#primaryimage\"},\"thumbnailUrl\":\"https:\\\/\\\/grupohoymexico.com\\\/puebla\\\/wp-content\\\/uploads\\\/sites\\\/3\\\/2025\\\/07\\\/5170347228416552793.jpg\",\"datePublished\":\"2025-07-16T18:51:12+00:00\",\"author\":{\"@id\":\"https:\\\/\\\/grupohoymexico.com\\\/puebla\\\/#\\\/schema\\\/person\\\/ce6086ac837852775a3a4f539356c297\"},\"description\":\"Convocatoria UDEP 2025: conoce fechas, requisitos y carreras disponibles en la Universidad del Deporte de Puebla.\",\"breadcrumb\":{\"@id\":\"https:\\\/\\\/grupohoymexico.com\\\/puebla\\\/2025\\\/07\\\/16\\\/la-universidad-del-deporte-de-puebla-lanza-convocatoria-para-nuevo-ciclo-escolar\\\/#breadcrumb\"},\"inLanguage\":\"es\",\"potentialAction\":[{\"@type\":\"ReadAction\",\"target\":[\"https:\\\/\\\/grupohoymexico.com\\\/puebla\\\/2025\\\/07\\\/16\\\/la-universidad-del-deporte-de-puebla-lanza-convocatoria-para-nuevo-ciclo-escolar\\\/\"]}]},{\"@type\":\"ImageObject\",\"inLanguage\":\"es\",\"@id\":\"https:\\\/\\\/grupohoymexico.com\\\/puebla\\\/2025\\\/07\\\/16\\\/la-universidad-del-deporte-de-puebla-lanza-convocatoria-para-nuevo-ciclo-escolar\\\/#primaryimage\",\"url\":\"https:\\\/\\\/grupohoymexico.com\\\/puebla\\\/wp-content\\\/uploads\\\/sites\\\/3\\\/2025\\\/07\\\/5170347228416552793.jpg\",\"contentUrl\":\"https:\\\/\\\/grupohoymexico.com\\\/puebla\\\/wp-content\\\/uploads\\\/sites\\\/3\\\/2025\\\/07\\\/5170347228416552793.jpg\",\"width\":1200,\"height\":638,\"caption\":\"Foto: FB \\\/ Universidad del Deporte de Puebla\"},{\"@type\":\"BreadcrumbList\",\"@id\":\"https:\\\/\\\/grupohoymexico.com\\\/puebla\\\/2025\\\/07\\\/16\\\/la-universidad-del-deporte-de-puebla-lanza-convocatoria-para-nuevo-ciclo-escolar\\\/#breadcrumb\",\"itemListElement\":[{\"@type\":\"ListItem\",\"position\":1,\"name\":\"Inicio\",\"item\":\"https:\\\/\\\/grupohoymexico.com\\\/puebla\\\/\"},{\"@type\":\"ListItem\",\"position\":2,\"name\":\"La Universidad del Deporte de Puebla lanza convocatoria para nuevo ciclo escolar\"}]},{\"@type\":\"WebSite\",\"@id\":\"https:\\\/\\\/grupohoymexico.com\\\/puebla\\\/#website\",\"url\":\"https:\\\/\\\/grupohoymexico.com\\\/puebla\\\/\",\"name\":\"Grupo Hoy Puebla\",\"description\":\"\",\"potentialAction\":[{\"@type\":\"SearchAction\",\"target\":{\"@type\":\"EntryPoint\",\"urlTemplate\":\"https:\\\/\\\/grupohoymexico.com\\\/puebla\\\/?s={search_term_string}\"},\"query-input\":{\"@type\":\"PropertyValueSpecification\",\"valueRequired\":true,\"valueName\":\"search_term_string\"}}],\"inLanguage\":\"es\"},{\"@type\":\"Person\",\"@id\":\"https:\\\/\\\/grupohoymexico.com\\\/puebla\\\/#\\\/schema\\\/person\\\/ce6086ac837852775a3a4f539356c297\",\"name\":\"user\",\"image\":{\"@type\":\"ImageObject\",\"inLanguage\":\"es\",\"@id\":\"https:\\\/\\\/secure.gravatar.com\\\/avatar\\\/25f78de4fa956f6f7c01f8d96f8087d8958ebe06d57e630cd54e36aefb9dacea?s=96&d=mm&r=g\",\"url\":\"https:\\\/\\\/secure.gravatar.com\\\/avatar\\\/25f78de4fa956f6f7c01f8d96f8087d8958ebe06d57e630cd54e36aefb9dacea?s=96&d=mm&r=g\",\"contentUrl\":\"https:\\\/\\\/secure.gravatar.com\\\/avatar\\\/25f78de4fa956f6f7c01f8d96f8087d8958ebe06d57e630cd54e36aefb9dacea?s=96&d=mm&r=g\",\"caption\":\"user\"},\"sameAs\":[\"http:\\\/\\\/44.197.188.197.nip.io\"],\"url\":\"https:\\\/\\\/grupohoymexico.com\\\/puebla\\\/author\\\/user\\\/\"}]}<\/script>\n<!-- \/ Yoast SEO Premium plugin. -->","yoast_head_json":{"title":"La Universidad del Deporte de Puebla lanza convocatoria para nuevo ciclo escolar - Grupo Hoy Puebla","description":"Convocatoria UDEP 2025: conoce fechas, requisitos y carreras disponibles en la Universidad del Deporte de Puebla.","robots":{"index":"index","follow":"follow","max-snippet":"max-snippet:-1","max-image-preview":"max-image-preview:large","max-video-preview":"max-video-preview:-1"},"canonical":"https:\/\/grupohoymexico.com\/puebla\/2025\/07\/16\/la-universidad-del-deporte-de-puebla-lanza-convocatoria-para-nuevo-ciclo-escolar\/","og_locale":"es_MX","og_type":"article","og_title":"La Universidad del Deporte de Puebla lanza convocatoria para nuevo ciclo escolar","og_description":"Convocatoria UDEP 2025: conoce fechas, requisitos y carreras disponibles en la Universidad del Deporte de Puebla.","og_url":"https:\/\/grupohoymexico.com\/puebla\/2025\/07\/16\/la-universidad-del-deporte-de-puebla-lanza-convocatoria-para-nuevo-ciclo-escolar\/","og_site_name":"Grupo Hoy Puebla","article_published_time":"2025-07-16T18:51:12+00:00","og_image":[{"width":1200,"height":638,"url":"https:\/\/grupohoymexico.com\/puebla\/wp-content\/uploads\/sites\/3\/2025\/07\/5170347228416552793.jpg","type":"image\/jpeg"}],"author":"user","twitter_card":"summary_large_image","twitter_misc":{"Escrito por":"user","Tiempo de lectura":"2 minutos"},"schema":{"@context":"https:\/\/schema.org","@graph":[{"@type":"Article","@id":"https:\/\/grupohoymexico.com\/puebla\/2025\/07\/16\/la-universidad-del-deporte-de-puebla-lanza-convocatoria-para-nuevo-ciclo-escolar\/#article","isPartOf":{"@id":"https:\/\/grupohoymexico.com\/puebla\/2025\/07\/16\/la-universidad-del-deporte-de-puebla-lanza-convocatoria-para-nuevo-ciclo-escolar\/"},"author":{"name":"user","@id":"https:\/\/grupohoymexico.com\/puebla\/#\/schema\/person\/ce6086ac837852775a3a4f539356c297"},"headline":"La Universidad del Deporte de Puebla lanza convocatoria para nuevo ciclo escolar","datePublished":"2025-07-16T18:51:12+00:00","mainEntityOfPage":{"@id":"https:\/\/grupohoymexico.com\/puebla\/2025\/07\/16\/la-universidad-del-deporte-de-puebla-lanza-convocatoria-para-nuevo-ciclo-escolar\/"},"wordCount":194,"commentCount":0,"image":{"@id":"https:\/\/grupohoymexico.com\/puebla\/2025\/07\/16\/la-universidad-del-deporte-de-puebla-lanza-convocatoria-para-nuevo-ciclo-escolar\/#primaryimage"},"thumbnailUrl":"https:\/\/grupohoymexico.com\/puebla\/wp-content\/uploads\/sites\/3\/2025\/07\/5170347228416552793.jpg","keywords":["carreras","ciclo escolar","Convocatoria","licenciaturas","Universidad del Deporte de Puebla"],"articleSection":["Deportes","Estatal"],"inLanguage":"es","potentialAction":[{"@type":"CommentAction","name":"Comment","target":["https:\/\/grupohoymexico.com\/puebla\/2025\/07\/16\/la-universidad-del-deporte-de-puebla-lanza-convocatoria-para-nuevo-ciclo-escolar\/#respond"]}]},{"@type":"WebPage","@id":"https:\/\/grupohoymexico.com\/puebla\/2025\/07\/16\/la-universidad-del-deporte-de-puebla-lanza-convocatoria-para-nuevo-ciclo-escolar\/","url":"https:\/\/grupohoymexico.com\/puebla\/2025\/07\/16\/la-universidad-del-deporte-de-puebla-lanza-convocatoria-para-nuevo-ciclo-escolar\/","name":"La Universidad del Deporte de Puebla lanza convocatoria para nuevo ciclo escolar - Grupo Hoy Puebla","isPartOf":{"@id":"https:\/\/grupohoymexico.com\/puebla\/#website"},"primaryImageOfPage":{"@id":"https:\/\/grupohoymexico.com\/puebla\/2025\/07\/16\/la-universidad-del-deporte-de-puebla-lanza-convocatoria-para-nuevo-ciclo-escolar\/#primaryimage"},"image":{"@id":"https:\/\/grupohoymexico.com\/puebla\/2025\/07\/16\/la-universidad-del-deporte-de-puebla-lanza-convocatoria-para-nuevo-ciclo-escolar\/#primaryimage"},"thumbnailUrl":"https:\/\/grupohoymexico.com\/puebla\/wp-content\/uploads\/sites\/3\/2025\/07\/5170347228416552793.jpg","datePublished":"2025-07-16T18:51:12+00:00","author":{"@id":"https:\/\/grupohoymexico.com\/puebla\/#\/schema\/person\/ce6086ac837852775a3a4f539356c297"},"description":"Convocatoria UDEP 2025: conoce fechas, requisitos y carreras disponibles en la Universidad del Deporte de Puebla.","breadcrumb":{"@id":"https:\/\/grupohoymexico.com\/puebla\/2025\/07\/16\/la-universidad-del-deporte-de-puebla-lanza-convocatoria-para-nuevo-ciclo-escolar\/#breadcrumb"},"inLanguage":"es","potentialAction":[{"@type":"ReadAction","target":["https:\/\/grupohoymexico.com\/puebla\/2025\/07\/16\/la-universidad-del-deporte-de-puebla-lanza-convocatoria-para-nuevo-ciclo-escolar\/"]}]},{"@type":"ImageObject","inLanguage":"es","@id":"https:\/\/grupohoymexico.com\/puebla\/2025\/07\/16\/la-universidad-del-deporte-de-puebla-lanza-convocatoria-para-nuevo-ciclo-escolar\/#primaryimage","url":"https:\/\/grupohoymexico.com\/puebla\/wp-content\/uploads\/sites\/3\/2025\/07\/5170347228416552793.jpg","contentUrl":"https:\/\/grupohoymexico.com\/puebla\/wp-content\/uploads\/sites\/3\/2025\/07\/5170347228416552793.jpg","width":1200,"height":638,"caption":"Foto: FB \/ Universidad del Deporte de Puebla"},{"@type":"BreadcrumbList","@id":"https:\/\/grupohoymexico.com\/puebla\/2025\/07\/16\/la-universidad-del-deporte-de-puebla-lanza-convocatoria-para-nuevo-ciclo-escolar\/#breadcrumb","itemListElement":[{"@type":"ListItem","position":1,"name":"Inicio","item":"https:\/\/grupohoymexico.com\/puebla\/"},{"@type":"ListItem","position":2,"name":"La Universidad del Deporte de Puebla lanza convocatoria para nuevo ciclo escolar"}]},{"@type":"WebSite","@id":"https:\/\/grupohoymexico.com\/puebla\/#website","url":"https:\/\/grupohoymexico.com\/puebla\/","name":"Grupo Hoy Puebla","description":"","potentialAction":[{"@type":"SearchAction","target":{"@type":"EntryPoint","urlTemplate":"https:\/\/grupohoymexico.com\/puebla\/?s={search_term_string}"},"query-input":{"@type":"PropertyValueSpecification","valueRequired":true,"valueName":"search_term_string"}}],"inLanguage":"es"},{"@type":"Person","@id":"https:\/\/grupohoymexico.com\/puebla\/#\/schema\/person\/ce6086ac837852775a3a4f539356c297","name":"user","image":{"@type":"ImageObject","inLanguage":"es","@id":"https:\/\/secure.gravatar.com\/avatar\/25f78de4fa956f6f7c01f8d96f8087d8958ebe06d57e630cd54e36aefb9dacea?s=96&d=mm&r=g","url":"https:\/\/secure.gravatar.com\/avatar\/25f78de4fa956f6f7c01f8d96f8087d8958ebe06d57e630cd54e36aefb9dacea?s=96&d=mm&r=g","contentUrl":"https:\/\/secure.gravatar.com\/avatar\/25f78de4fa956f6f7c01f8d96f8087d8958ebe06d57e630cd54e36aefb9dacea?s=96&d=mm&r=g","caption":"user"},"sameAs":["http:\/\/44.197.188.197.nip.io"],"url":"https:\/\/grupohoymexico.com\/puebla\/author\/user\/"}]}},"_links":{"self":[{"href":"https:\/\/grupohoymexico.com\/puebla\/wp-json\/wp\/v2\/posts\/76041","targetHints":{"allow":["GET"]}}],"collection":[{"href":"https:\/\/grupohoymexico.com\/puebla\/wp-json\/wp\/v2\/posts"}],"about":[{"href":"https:\/\/grupohoymexico.com\/puebla\/wp-json\/wp\/v2\/types\/post"}],"author":[{"embeddable":true,"href":"https:\/\/grupohoymexico.com\/puebla\/wp-json\/wp\/v2\/users\/1"}],"replies":[{"embeddable":true,"href":"https:\/\/grupohoymexico.com\/puebla\/wp-json\/wp\/v2\/comments?post=76041"}],"version-history":[{"count":1,"href":"https:\/\/grupohoymexico.com\/puebla\/wp-json\/wp\/v2\/posts\/76041\/revisions"}],"predecessor-version":[{"id":76044,"href":"https:\/\/grupohoymexico.com\/puebla\/wp-json\/wp\/v2\/posts\/76041\/revisions\/76044"}],"wp:featuredmedia":[{"embeddable":true,"href":"https:\/\/grupohoymexico.com\/puebla\/wp-json\/wp\/v2\/media\/76043"}],"wp:attachment":[{"href":"https:\/\/grupohoymexico.com\/puebla\/wp-json\/wp\/v2\/media?parent=76041"}],"wp:term":[{"taxonomy":"category","embeddable":true,"href":"https:\/\/grupohoymexico.com\/puebla\/wp-json\/wp\/v2\/categories?post=76041"},{"taxonomy":"post_tag","embeddable":true,"href":"https:\/\/grupohoymexico.com\/puebla\/wp-json\/wp\/v2\/tags?post=76041"}],"curies":[{"name":"wp","href":"https:\/\/api.w.org\/{rel}","templated":true}]}}