{"id":76019,"date":"2025-07-15T19:29:12","date_gmt":"2025-07-15T19:29:12","guid":{"rendered":"https:\/\/grupohoymexico.com\/puebla\/?p=76019"},"modified":"2025-07-15T19:29:13","modified_gmt":"2025-07-15T19:29:13","slug":"gobierno-de-puebla-recupera-el-control-del-transporte-con-la-revista-vehicular-2025","status":"publish","type":"post","link":"https:\/\/grupohoymexico.com\/puebla\/2025\/07\/15\/gobierno-de-puebla-recupera-el-control-del-transporte-con-la-revista-vehicular-2025\/","title":{"rendered":"Gobierno de Puebla recupera el control del transporte con la Revista Vehicular 2025"},"content":{"rendered":"\n<p>Luego de <strong>12 a\u00f1os<\/strong> sin una revisi\u00f3n oficial al parque vehicular del transporte p\u00fablico, el <strong>gobierno de Puebla <\/strong>reactiv\u00f3 la<strong> Revista Vehicular 2025 <\/strong>con el objetivo de recuperar el orden y mejorar la calidad del servicio. En las primeras dos semanas del operativo, un total de<strong> 1,743 unidades ya pasaron por los m\u00f3dulos de revisi\u00f3n en la capital del estado<\/strong>, inform\u00f3 la <strong><a href=\"https:\/\/smt.puebla.gob.mx\/\">Secretar\u00eda de Movilidad y Transporte (SMT).<\/a><\/strong><\/p>\n\n\n\n<p>El<strong> <a href=\"https:\/\/grupohoymexico.com\/puebla\/2025\/07\/05\/alejandro-armenta-inaugura-centro-estrategico-de-seguridad-y-atencion-turistica-en-puebla\/\">gobernador Alejandro Armenta<\/a><\/strong> asegur\u00f3 que su administraci\u00f3n trabaja para terminar el sexenio con un sistema de transporte <strong>\u201csin corrupci\u00f3n, m\u00e1s seguro y totalmente amigable con el medio ambiente\u201d<\/strong>. Indic\u00f3 que el plan incluye la regulaci\u00f3n de taxis y mototaxis, adem\u00e1s de una inversi\u00f3n importante en transporte el\u00e9ctrico.<\/p>\n\n\n\n<figure class=\"wp-block-image size-large\"><img fetchpriority=\"high\" decoding=\"async\" width=\"1024\" height=\"683\" src=\"https:\/\/grupohoymexico.com\/puebla\/wp-content\/uploads\/sites\/3\/2025\/07\/WhatsApp-Image-2025-07-15-at-12.00.18-PM-1-1024x683.jpeg\" alt=\"gobierno de Puebla \" class=\"wp-image-76021\" srcset=\"https:\/\/grupohoymexico.com\/puebla\/wp-content\/uploads\/sites\/3\/2025\/07\/WhatsApp-Image-2025-07-15-at-12.00.18-PM-1-1024x683.jpeg 1024w, https:\/\/grupohoymexico.com\/puebla\/wp-content\/uploads\/sites\/3\/2025\/07\/WhatsApp-Image-2025-07-15-at-12.00.18-PM-1-300x200.jpeg 300w, https:\/\/grupohoymexico.com\/puebla\/wp-content\/uploads\/sites\/3\/2025\/07\/WhatsApp-Image-2025-07-15-at-12.00.18-PM-1-768x512.jpeg 768w, https:\/\/grupohoymexico.com\/puebla\/wp-content\/uploads\/sites\/3\/2025\/07\/WhatsApp-Image-2025-07-15-at-12.00.18-PM-1-332x222.jpeg 332w, https:\/\/grupohoymexico.com\/puebla\/wp-content\/uploads\/sites\/3\/2025\/07\/WhatsApp-Image-2025-07-15-at-12.00.18-PM-1-664x443.jpeg 664w, https:\/\/grupohoymexico.com\/puebla\/wp-content\/uploads\/sites\/3\/2025\/07\/WhatsApp-Image-2025-07-15-at-12.00.18-PM-1-688x459.jpeg 688w, https:\/\/grupohoymexico.com\/puebla\/wp-content\/uploads\/sites\/3\/2025\/07\/WhatsApp-Image-2025-07-15-at-12.00.18-PM-1.jpeg 1040w\" sizes=\"(max-width: 1024px) 100vw, 1024px\" \/><figcaption class=\"wp-element-caption\">Foto: Gobierno del Estado de Puebla<\/figcaption><\/figure>\n\n\n\n<h2 class=\"wp-block-heading\" id=\"h-revista-vehicular-2025-mas-seguridad-para-operadores-y-pasajeros\"><strong>Revista Vehicular 2025: M\u00e1s seguridad para operadores y pasajeros<\/strong><\/h2>\n\n\n\n<p>La <strong>SMT<\/strong> tambi\u00e9n inici\u00f3 la <strong>entrega de nuevas placas para taxis y transporte colectivo<\/strong>, lo que otorga certeza jur\u00eddica a los concesionarios y mayor seguridad a los usuarios.<\/p>\n\n\n\n<p>La dependencia anunci\u00f3 que los operativos continuar\u00e1n y se extender\u00e1n al interior del estado a partir del <strong>21 de julio<\/strong>, iniciando en los municipios de <strong>Venustiano Carranza y Xicotepec<\/strong>. Las revisiones se llevar\u00e1n a cabo en <strong>38 municipios sede<\/strong>, cuyas fechas y sedes se dar\u00e1n a conocer pr\u00f3ximamente.<\/p>\n\n\n\n<h2 class=\"wp-block-heading\" id=\"h-vigilancia-en-tiempo-real-y-proteccion-para-mujeres\"><strong>Vigilancia en tiempo real y protecci\u00f3n para mujeres<\/strong><\/h2>\n\n\n\n<p>Como parte del fortalecimiento del sistema, la L\u00ednea 4 de la Red Urbana de Transporte Articulado (RUTA) ya opera con conexi\u00f3n en tiempo real al C5i, lo que permite un monitoreo constante mediante videovigilancia. Esta medida busca prevenir delitos dentro de las unidades.<\/p>\n\n\n\n<p>El programa \u201cLibre Sin Miedo\u201d tambi\u00e9n est\u00e1 activo y brinda atenci\u00f3n inmediata a mujeres que sufran agresiones o incidentes de violencia de g\u00e9nero en el transporte p\u00fablico.<\/p>\n\n\n\n<figure class=\"wp-block-image size-large\"><img decoding=\"async\" width=\"1024\" height=\"644\" src=\"https:\/\/grupohoymexico.com\/puebla\/wp-content\/uploads\/sites\/3\/2025\/07\/WhatsApp-Image-2025-07-15-at-12.00.18-PM-4-1024x644.jpeg\" alt=\"gobierno de Puebla \" class=\"wp-image-76022\" srcset=\"https:\/\/grupohoymexico.com\/puebla\/wp-content\/uploads\/sites\/3\/2025\/07\/WhatsApp-Image-2025-07-15-at-12.00.18-PM-4-1024x644.jpeg 1024w, https:\/\/grupohoymexico.com\/puebla\/wp-content\/uploads\/sites\/3\/2025\/07\/WhatsApp-Image-2025-07-15-at-12.00.18-PM-4-300x189.jpeg 300w, https:\/\/grupohoymexico.com\/puebla\/wp-content\/uploads\/sites\/3\/2025\/07\/WhatsApp-Image-2025-07-15-at-12.00.18-PM-4-768x483.jpeg 768w, https:\/\/grupohoymexico.com\/puebla\/wp-content\/uploads\/sites\/3\/2025\/07\/WhatsApp-Image-2025-07-15-at-12.00.18-PM-4-332x209.jpeg 332w, https:\/\/grupohoymexico.com\/puebla\/wp-content\/uploads\/sites\/3\/2025\/07\/WhatsApp-Image-2025-07-15-at-12.00.18-PM-4-664x418.jpeg 664w, https:\/\/grupohoymexico.com\/puebla\/wp-content\/uploads\/sites\/3\/2025\/07\/WhatsApp-Image-2025-07-15-at-12.00.18-PM-4-688x433.jpeg 688w, https:\/\/grupohoymexico.com\/puebla\/wp-content\/uploads\/sites\/3\/2025\/07\/WhatsApp-Image-2025-07-15-at-12.00.18-PM-4.jpeg 1040w\" sizes=\"(max-width: 1024px) 100vw, 1024px\" \/><figcaption class=\"wp-element-caption\">Foto: Gobierno del Estado de Puebla<\/figcaption><\/figure>\n\n\n\n<h2 class=\"wp-block-heading\" id=\"h-transporte-responsable-tambien-con-los-animales\"><strong>Transporte responsable tambi\u00e9n con los animales<\/strong><\/h2>\n\n\n\n<p>Adem\u00e1s, el coordinador de Gabinete, Jos\u00e9 Luis Garc\u00eda Parra, record\u00f3 que la Ley de Bienestar Animal contempla sanciones para conductores de transporte p\u00fablico o particulares que lesionen de manera intencional a animales. Esta medida forma parte de un enfoque integral donde movilidad y conciencia social van de la mano.<\/p>\n","protected":false},"excerpt":{"rendered":"Luego de 12 a\u00f1os sin una revisi\u00f3n oficial al parque vehicular del transporte p\u00fablico, el gobierno de Puebla&hellip;","protected":false},"author":1,"featured_media":76023,"comment_status":"open","ping_status":"open","sticky":false,"template":"","format":"standard","meta":{"csco_display_header_overlay":false,"csco_singular_sidebar":"","csco_page_header_type":"","csco_page_load_nextpost":"","csco_post_video_location":[],"csco_post_video_location_hash":"","csco_post_video_url":"","csco_post_video_bg_start_time":0,"csco_post_video_bg_end_time":0,"footnotes":""},"categories":[29],"tags":[98,168,40,1598,1110,1045],"class_list":{"0":"post-76019","1":"post","2":"type-post","3":"status-publish","4":"format-standard","5":"has-post-thumbnail","7":"category-estatal","8":"tag-alejandro-armenta","9":"tag-gobierno-de-puebla","10":"tag-puebla","11":"tag-revista-vehicular-2025","12":"tag-smt","13":"tag-transporte","14":"cs-entry","15":"cs-video-wrap"},"yoast_head":"<!-- This site is optimized with the Yoast SEO Premium plugin v24.7 (Yoast SEO v27.4) - https:\/\/yoast.com\/product\/yoast-seo-premium-wordpress\/ -->\n<title>Gobierno de Puebla recupera el control del transporte con la Revista Vehicular 2025 - Grupo Hoy Puebla<\/title>\n<meta name=\"description\" content=\"Puebla reactiva la Revista Vehicular 2025 y revisa m\u00e1s de 1,700 unidades para mejorar seguridad y regulaci\u00f3n del transporte p\u00fablico.\" \/>\n<meta name=\"robots\" content=\"index, follow, max-snippet:-1, max-image-preview:large, max-video-preview:-1\" \/>\n<link rel=\"canonical\" href=\"https:\/\/grupohoymexico.com\/puebla\/2025\/07\/15\/gobierno-de-puebla-recupera-el-control-del-transporte-con-la-revista-vehicular-2025\/\" \/>\n<meta property=\"og:locale\" content=\"es_MX\" \/>\n<meta property=\"og:type\" content=\"article\" \/>\n<meta property=\"og:title\" content=\"Gobierno de Puebla recupera el control del transporte con la Revista Vehicular 2025\" \/>\n<meta property=\"og:description\" content=\"Puebla reactiva la Revista Vehicular 2025 y revisa m\u00e1s de 1,700 unidades para mejorar seguridad y regulaci\u00f3n del transporte p\u00fablico.\" \/>\n<meta property=\"og:url\" content=\"https:\/\/grupohoymexico.com\/puebla\/2025\/07\/15\/gobierno-de-puebla-recupera-el-control-del-transporte-con-la-revista-vehicular-2025\/\" \/>\n<meta property=\"og:site_name\" content=\"Grupo Hoy Puebla\" \/>\n<meta property=\"article:published_time\" content=\"2025-07-15T19:29:12+00:00\" \/>\n<meta property=\"article:modified_time\" content=\"2025-07-15T19:29:13+00:00\" \/>\n<meta property=\"og:image\" content=\"https:\/\/grupohoymexico.com\/puebla\/wp-content\/uploads\/sites\/3\/2025\/07\/5166085615836574434.jpg\" \/>\n\t<meta property=\"og:image:width\" content=\"1200\" \/>\n\t<meta property=\"og:image:height\" content=\"638\" \/>\n\t<meta property=\"og:image:type\" content=\"image\/jpeg\" \/>\n<meta name=\"author\" content=\"user\" \/>\n<meta name=\"twitter:card\" content=\"summary_large_image\" \/>\n<meta name=\"twitter:label1\" content=\"Escrito por\" \/>\n\t<meta name=\"twitter:data1\" content=\"user\" \/>\n\t<meta name=\"twitter:label2\" content=\"Tiempo de lectura\" \/>\n\t<meta name=\"twitter:data2\" content=\"3 minutos\" \/>\n<script type=\"application\/ld+json\" class=\"yoast-schema-graph\">{\"@context\":\"https:\\\/\\\/schema.org\",\"@graph\":[{\"@type\":\"Article\",\"@id\":\"https:\\\/\\\/grupohoymexico.com\\\/puebla\\\/2025\\\/07\\\/15\\\/gobierno-de-puebla-recupera-el-control-del-transporte-con-la-revista-vehicular-2025\\\/#article\",\"isPartOf\":{\"@id\":\"https:\\\/\\\/grupohoymexico.com\\\/puebla\\\/2025\\\/07\\\/15\\\/gobierno-de-puebla-recupera-el-control-del-transporte-con-la-revista-vehicular-2025\\\/\"},\"author\":{\"name\":\"user\",\"@id\":\"https:\\\/\\\/grupohoymexico.com\\\/puebla\\\/#\\\/schema\\\/person\\\/ce6086ac837852775a3a4f539356c297\"},\"headline\":\"Gobierno de Puebla recupera el control del transporte con la Revista Vehicular 2025\",\"datePublished\":\"2025-07-15T19:29:12+00:00\",\"dateModified\":\"2025-07-15T19:29:13+00:00\",\"mainEntityOfPage\":{\"@id\":\"https:\\\/\\\/grupohoymexico.com\\\/puebla\\\/2025\\\/07\\\/15\\\/gobierno-de-puebla-recupera-el-control-del-transporte-con-la-revista-vehicular-2025\\\/\"},\"wordCount\":384,\"commentCount\":0,\"image\":{\"@id\":\"https:\\\/\\\/grupohoymexico.com\\\/puebla\\\/2025\\\/07\\\/15\\\/gobierno-de-puebla-recupera-el-control-del-transporte-con-la-revista-vehicular-2025\\\/#primaryimage\"},\"thumbnailUrl\":\"https:\\\/\\\/grupohoymexico.com\\\/puebla\\\/wp-content\\\/uploads\\\/sites\\\/3\\\/2025\\\/07\\\/5166085615836574434.jpg\",\"keywords\":[\"Alejandro Armenta\",\"Gobierno de Puebla\",\"puebla\",\"Revista Vehicular 2025\",\"SMT\",\"transporte\"],\"articleSection\":[\"Estatal\"],\"inLanguage\":\"es\",\"potentialAction\":[{\"@type\":\"CommentAction\",\"name\":\"Comment\",\"target\":[\"https:\\\/\\\/grupohoymexico.com\\\/puebla\\\/2025\\\/07\\\/15\\\/gobierno-de-puebla-recupera-el-control-del-transporte-con-la-revista-vehicular-2025\\\/#respond\"]}]},{\"@type\":\"WebPage\",\"@id\":\"https:\\\/\\\/grupohoymexico.com\\\/puebla\\\/2025\\\/07\\\/15\\\/gobierno-de-puebla-recupera-el-control-del-transporte-con-la-revista-vehicular-2025\\\/\",\"url\":\"https:\\\/\\\/grupohoymexico.com\\\/puebla\\\/2025\\\/07\\\/15\\\/gobierno-de-puebla-recupera-el-control-del-transporte-con-la-revista-vehicular-2025\\\/\",\"name\":\"Gobierno de Puebla recupera el control del transporte con la Revista Vehicular 2025 - Grupo Hoy Puebla\",\"isPartOf\":{\"@id\":\"https:\\\/\\\/grupohoymexico.com\\\/puebla\\\/#website\"},\"primaryImageOfPage\":{\"@id\":\"https:\\\/\\\/grupohoymexico.com\\\/puebla\\\/2025\\\/07\\\/15\\\/gobierno-de-puebla-recupera-el-control-del-transporte-con-la-revista-vehicular-2025\\\/#primaryimage\"},\"image\":{\"@id\":\"https:\\\/\\\/grupohoymexico.com\\\/puebla\\\/2025\\\/07\\\/15\\\/gobierno-de-puebla-recupera-el-control-del-transporte-con-la-revista-vehicular-2025\\\/#primaryimage\"},\"thumbnailUrl\":\"https:\\\/\\\/grupohoymexico.com\\\/puebla\\\/wp-content\\\/uploads\\\/sites\\\/3\\\/2025\\\/07\\\/5166085615836574434.jpg\",\"datePublished\":\"2025-07-15T19:29:12+00:00\",\"dateModified\":\"2025-07-15T19:29:13+00:00\",\"author\":{\"@id\":\"https:\\\/\\\/grupohoymexico.com\\\/puebla\\\/#\\\/schema\\\/person\\\/ce6086ac837852775a3a4f539356c297\"},\"description\":\"Puebla reactiva la Revista Vehicular 2025 y revisa m\u00e1s de 1,700 unidades para mejorar seguridad y regulaci\u00f3n del transporte p\u00fablico.\",\"breadcrumb\":{\"@id\":\"https:\\\/\\\/grupohoymexico.com\\\/puebla\\\/2025\\\/07\\\/15\\\/gobierno-de-puebla-recupera-el-control-del-transporte-con-la-revista-vehicular-2025\\\/#breadcrumb\"},\"inLanguage\":\"es\",\"potentialAction\":[{\"@type\":\"ReadAction\",\"target\":[\"https:\\\/\\\/grupohoymexico.com\\\/puebla\\\/2025\\\/07\\\/15\\\/gobierno-de-puebla-recupera-el-control-del-transporte-con-la-revista-vehicular-2025\\\/\"]}]},{\"@type\":\"ImageObject\",\"inLanguage\":\"es\",\"@id\":\"https:\\\/\\\/grupohoymexico.com\\\/puebla\\\/2025\\\/07\\\/15\\\/gobierno-de-puebla-recupera-el-control-del-transporte-con-la-revista-vehicular-2025\\\/#primaryimage\",\"url\":\"https:\\\/\\\/grupohoymexico.com\\\/puebla\\\/wp-content\\\/uploads\\\/sites\\\/3\\\/2025\\\/07\\\/5166085615836574434.jpg\",\"contentUrl\":\"https:\\\/\\\/grupohoymexico.com\\\/puebla\\\/wp-content\\\/uploads\\\/sites\\\/3\\\/2025\\\/07\\\/5166085615836574434.jpg\",\"width\":1200,\"height\":638,\"caption\":\"Foto: Gobierno del Estado de Puebla\"},{\"@type\":\"BreadcrumbList\",\"@id\":\"https:\\\/\\\/grupohoymexico.com\\\/puebla\\\/2025\\\/07\\\/15\\\/gobierno-de-puebla-recupera-el-control-del-transporte-con-la-revista-vehicular-2025\\\/#breadcrumb\",\"itemListElement\":[{\"@type\":\"ListItem\",\"position\":1,\"name\":\"Inicio\",\"item\":\"https:\\\/\\\/grupohoymexico.com\\\/puebla\\\/\"},{\"@type\":\"ListItem\",\"position\":2,\"name\":\"Gobierno de Puebla recupera el control del transporte con la Revista Vehicular 2025\"}]},{\"@type\":\"WebSite\",\"@id\":\"https:\\\/\\\/grupohoymexico.com\\\/puebla\\\/#website\",\"url\":\"https:\\\/\\\/grupohoymexico.com\\\/puebla\\\/\",\"name\":\"Grupo Hoy Puebla\",\"description\":\"\",\"potentialAction\":[{\"@type\":\"SearchAction\",\"target\":{\"@type\":\"EntryPoint\",\"urlTemplate\":\"https:\\\/\\\/grupohoymexico.com\\\/puebla\\\/?s={search_term_string}\"},\"query-input\":{\"@type\":\"PropertyValueSpecification\",\"valueRequired\":true,\"valueName\":\"search_term_string\"}}],\"inLanguage\":\"es\"},{\"@type\":\"Person\",\"@id\":\"https:\\\/\\\/grupohoymexico.com\\\/puebla\\\/#\\\/schema\\\/person\\\/ce6086ac837852775a3a4f539356c297\",\"name\":\"user\",\"image\":{\"@type\":\"ImageObject\",\"inLanguage\":\"es\",\"@id\":\"https:\\\/\\\/secure.gravatar.com\\\/avatar\\\/25f78de4fa956f6f7c01f8d96f8087d8958ebe06d57e630cd54e36aefb9dacea?s=96&d=mm&r=g\",\"url\":\"https:\\\/\\\/secure.gravatar.com\\\/avatar\\\/25f78de4fa956f6f7c01f8d96f8087d8958ebe06d57e630cd54e36aefb9dacea?s=96&d=mm&r=g\",\"contentUrl\":\"https:\\\/\\\/secure.gravatar.com\\\/avatar\\\/25f78de4fa956f6f7c01f8d96f8087d8958ebe06d57e630cd54e36aefb9dacea?s=96&d=mm&r=g\",\"caption\":\"user\"},\"sameAs\":[\"http:\\\/\\\/44.197.188.197.nip.io\"],\"url\":\"https:\\\/\\\/grupohoymexico.com\\\/puebla\\\/author\\\/user\\\/\"}]}<\/script>\n<!-- \/ Yoast SEO Premium plugin. -->","yoast_head_json":{"title":"Gobierno de Puebla recupera el control del transporte con la Revista Vehicular 2025 - Grupo Hoy Puebla","description":"Puebla reactiva la Revista Vehicular 2025 y revisa m\u00e1s de 1,700 unidades para mejorar seguridad y regulaci\u00f3n del transporte p\u00fablico.","robots":{"index":"index","follow":"follow","max-snippet":"max-snippet:-1","max-image-preview":"max-image-preview:large","max-video-preview":"max-video-preview:-1"},"canonical":"https:\/\/grupohoymexico.com\/puebla\/2025\/07\/15\/gobierno-de-puebla-recupera-el-control-del-transporte-con-la-revista-vehicular-2025\/","og_locale":"es_MX","og_type":"article","og_title":"Gobierno de Puebla recupera el control del transporte con la Revista Vehicular 2025","og_description":"Puebla reactiva la Revista Vehicular 2025 y revisa m\u00e1s de 1,700 unidades para mejorar seguridad y regulaci\u00f3n del transporte p\u00fablico.","og_url":"https:\/\/grupohoymexico.com\/puebla\/2025\/07\/15\/gobierno-de-puebla-recupera-el-control-del-transporte-con-la-revista-vehicular-2025\/","og_site_name":"Grupo Hoy Puebla","article_published_time":"2025-07-15T19:29:12+00:00","article_modified_time":"2025-07-15T19:29:13+00:00","og_image":[{"width":1200,"height":638,"url":"https:\/\/grupohoymexico.com\/puebla\/wp-content\/uploads\/sites\/3\/2025\/07\/5166085615836574434.jpg","type":"image\/jpeg"}],"author":"user","twitter_card":"summary_large_image","twitter_misc":{"Escrito por":"user","Tiempo de lectura":"3 minutos"},"schema":{"@context":"https:\/\/schema.org","@graph":[{"@type":"Article","@id":"https:\/\/grupohoymexico.com\/puebla\/2025\/07\/15\/gobierno-de-puebla-recupera-el-control-del-transporte-con-la-revista-vehicular-2025\/#article","isPartOf":{"@id":"https:\/\/grupohoymexico.com\/puebla\/2025\/07\/15\/gobierno-de-puebla-recupera-el-control-del-transporte-con-la-revista-vehicular-2025\/"},"author":{"name":"user","@id":"https:\/\/grupohoymexico.com\/puebla\/#\/schema\/person\/ce6086ac837852775a3a4f539356c297"},"headline":"Gobierno de Puebla recupera el control del transporte con la Revista Vehicular 2025","datePublished":"2025-07-15T19:29:12+00:00","dateModified":"2025-07-15T19:29:13+00:00","mainEntityOfPage":{"@id":"https:\/\/grupohoymexico.com\/puebla\/2025\/07\/15\/gobierno-de-puebla-recupera-el-control-del-transporte-con-la-revista-vehicular-2025\/"},"wordCount":384,"commentCount":0,"image":{"@id":"https:\/\/grupohoymexico.com\/puebla\/2025\/07\/15\/gobierno-de-puebla-recupera-el-control-del-transporte-con-la-revista-vehicular-2025\/#primaryimage"},"thumbnailUrl":"https:\/\/grupohoymexico.com\/puebla\/wp-content\/uploads\/sites\/3\/2025\/07\/5166085615836574434.jpg","keywords":["Alejandro Armenta","Gobierno de Puebla","puebla","Revista Vehicular 2025","SMT","transporte"],"articleSection":["Estatal"],"inLanguage":"es","potentialAction":[{"@type":"CommentAction","name":"Comment","target":["https:\/\/grupohoymexico.com\/puebla\/2025\/07\/15\/gobierno-de-puebla-recupera-el-control-del-transporte-con-la-revista-vehicular-2025\/#respond"]}]},{"@type":"WebPage","@id":"https:\/\/grupohoymexico.com\/puebla\/2025\/07\/15\/gobierno-de-puebla-recupera-el-control-del-transporte-con-la-revista-vehicular-2025\/","url":"https:\/\/grupohoymexico.com\/puebla\/2025\/07\/15\/gobierno-de-puebla-recupera-el-control-del-transporte-con-la-revista-vehicular-2025\/","name":"Gobierno de Puebla recupera el control del transporte con la Revista Vehicular 2025 - Grupo Hoy Puebla","isPartOf":{"@id":"https:\/\/grupohoymexico.com\/puebla\/#website"},"primaryImageOfPage":{"@id":"https:\/\/grupohoymexico.com\/puebla\/2025\/07\/15\/gobierno-de-puebla-recupera-el-control-del-transporte-con-la-revista-vehicular-2025\/#primaryimage"},"image":{"@id":"https:\/\/grupohoymexico.com\/puebla\/2025\/07\/15\/gobierno-de-puebla-recupera-el-control-del-transporte-con-la-revista-vehicular-2025\/#primaryimage"},"thumbnailUrl":"https:\/\/grupohoymexico.com\/puebla\/wp-content\/uploads\/sites\/3\/2025\/07\/5166085615836574434.jpg","datePublished":"2025-07-15T19:29:12+00:00","dateModified":"2025-07-15T19:29:13+00:00","author":{"@id":"https:\/\/grupohoymexico.com\/puebla\/#\/schema\/person\/ce6086ac837852775a3a4f539356c297"},"description":"Puebla reactiva la Revista Vehicular 2025 y revisa m\u00e1s de 1,700 unidades para mejorar seguridad y regulaci\u00f3n del transporte p\u00fablico.","breadcrumb":{"@id":"https:\/\/grupohoymexico.com\/puebla\/2025\/07\/15\/gobierno-de-puebla-recupera-el-control-del-transporte-con-la-revista-vehicular-2025\/#breadcrumb"},"inLanguage":"es","potentialAction":[{"@type":"ReadAction","target":["https:\/\/grupohoymexico.com\/puebla\/2025\/07\/15\/gobierno-de-puebla-recupera-el-control-del-transporte-con-la-revista-vehicular-2025\/"]}]},{"@type":"ImageObject","inLanguage":"es","@id":"https:\/\/grupohoymexico.com\/puebla\/2025\/07\/15\/gobierno-de-puebla-recupera-el-control-del-transporte-con-la-revista-vehicular-2025\/#primaryimage","url":"https:\/\/grupohoymexico.com\/puebla\/wp-content\/uploads\/sites\/3\/2025\/07\/5166085615836574434.jpg","contentUrl":"https:\/\/grupohoymexico.com\/puebla\/wp-content\/uploads\/sites\/3\/2025\/07\/5166085615836574434.jpg","width":1200,"height":638,"caption":"Foto: Gobierno del Estado de Puebla"},{"@type":"BreadcrumbList","@id":"https:\/\/grupohoymexico.com\/puebla\/2025\/07\/15\/gobierno-de-puebla-recupera-el-control-del-transporte-con-la-revista-vehicular-2025\/#breadcrumb","itemListElement":[{"@type":"ListItem","position":1,"name":"Inicio","item":"https:\/\/grupohoymexico.com\/puebla\/"},{"@type":"ListItem","position":2,"name":"Gobierno de Puebla recupera el control del transporte con la Revista Vehicular 2025"}]},{"@type":"WebSite","@id":"https:\/\/grupohoymexico.com\/puebla\/#website","url":"https:\/\/grupohoymexico.com\/puebla\/","name":"Grupo Hoy Puebla","description":"","potentialAction":[{"@type":"SearchAction","target":{"@type":"EntryPoint","urlTemplate":"https:\/\/grupohoymexico.com\/puebla\/?s={search_term_string}"},"query-input":{"@type":"PropertyValueSpecification","valueRequired":true,"valueName":"search_term_string"}}],"inLanguage":"es"},{"@type":"Person","@id":"https:\/\/grupohoymexico.com\/puebla\/#\/schema\/person\/ce6086ac837852775a3a4f539356c297","name":"user","image":{"@type":"ImageObject","inLanguage":"es","@id":"https:\/\/secure.gravatar.com\/avatar\/25f78de4fa956f6f7c01f8d96f8087d8958ebe06d57e630cd54e36aefb9dacea?s=96&d=mm&r=g","url":"https:\/\/secure.gravatar.com\/avatar\/25f78de4fa956f6f7c01f8d96f8087d8958ebe06d57e630cd54e36aefb9dacea?s=96&d=mm&r=g","contentUrl":"https:\/\/secure.gravatar.com\/avatar\/25f78de4fa956f6f7c01f8d96f8087d8958ebe06d57e630cd54e36aefb9dacea?s=96&d=mm&r=g","caption":"user"},"sameAs":["http:\/\/44.197.188.197.nip.io"],"url":"https:\/\/grupohoymexico.com\/puebla\/author\/user\/"}]}},"_links":{"self":[{"href":"https:\/\/grupohoymexico.com\/puebla\/wp-json\/wp\/v2\/posts\/76019","targetHints":{"allow":["GET"]}}],"collection":[{"href":"https:\/\/grupohoymexico.com\/puebla\/wp-json\/wp\/v2\/posts"}],"about":[{"href":"https:\/\/grupohoymexico.com\/puebla\/wp-json\/wp\/v2\/types\/post"}],"author":[{"embeddable":true,"href":"https:\/\/grupohoymexico.com\/puebla\/wp-json\/wp\/v2\/users\/1"}],"replies":[{"embeddable":true,"href":"https:\/\/grupohoymexico.com\/puebla\/wp-json\/wp\/v2\/comments?post=76019"}],"version-history":[{"count":1,"href":"https:\/\/grupohoymexico.com\/puebla\/wp-json\/wp\/v2\/posts\/76019\/revisions"}],"predecessor-version":[{"id":76024,"href":"https:\/\/grupohoymexico.com\/puebla\/wp-json\/wp\/v2\/posts\/76019\/revisions\/76024"}],"wp:featuredmedia":[{"embeddable":true,"href":"https:\/\/grupohoymexico.com\/puebla\/wp-json\/wp\/v2\/media\/76023"}],"wp:attachment":[{"href":"https:\/\/grupohoymexico.com\/puebla\/wp-json\/wp\/v2\/media?parent=76019"}],"wp:term":[{"taxonomy":"category","embeddable":true,"href":"https:\/\/grupohoymexico.com\/puebla\/wp-json\/wp\/v2\/categories?post=76019"},{"taxonomy":"post_tag","embeddable":true,"href":"https:\/\/grupohoymexico.com\/puebla\/wp-json\/wp\/v2\/tags?post=76019"}],"curies":[{"name":"wp","href":"https:\/\/api.w.org\/{rel}","templated":true}]}}