{"id":76010,"date":"2025-07-15T17:23:42","date_gmt":"2025-07-15T17:23:42","guid":{"rendered":"https:\/\/grupohoymexico.com\/puebla\/?p=76010"},"modified":"2025-07-15T17:23:43","modified_gmt":"2025-07-15T17:23:43","slug":"puebla-tercer-lugar-nacional-por-embarazos-infantiles-en-2024","status":"publish","type":"post","link":"https:\/\/grupohoymexico.com\/puebla\/2025\/07\/15\/puebla-tercer-lugar-nacional-por-embarazos-infantiles-en-2024\/","title":{"rendered":"Puebla, tercer lugar nacional por embarazos infantiles en 2024"},"content":{"rendered":"\n<p><strong>Puebla registr\u00f3\u00a03,884 embarazos infantiles en 2024<\/strong>, ubic\u00e1ndose como el\u00a0<strong>tercer estado\u00a0con m\u00e1s casos\u00a0en M\u00e9xico<\/strong>. Conoce las cifras, municipios m\u00e1s afectados, causas estructurales y qu\u00e9\u00a0dice la ley sobre\u00a0violencia sexual\u00a0contra menores\u00a0en <strong>Puebla<\/strong>.<\/p>\n\n\n\n<h2 class=\"wp-block-heading\" id=\"h-embarazos-infantiles-en-puebla-cifras-alarmantes-y-contexto-nacional\"><strong>Embarazos infantiles en Puebla: Cifras alarmantes y\u00a0contexto nacional<\/strong><\/h2>\n\n\n\n<p>El estado\u00a0de\u00a0<strong>Puebla cerr\u00f3 2024 con 3,884 embarazos en ni\u00f1as<\/strong>, posicion\u00e1ndose como\u00a0la\u00a0<strong>tercera entidad con m\u00e1s casos\u00a0de embarazo infantil\u00a0en M\u00e9xico<\/strong>, solo\u00a0por debajo del\u00a0<strong>Estado de M\u00e9xico<\/strong> y <strong>Chiapas<\/strong>. <strong>Veracruz<\/strong> y\u00a0<strong>Jalisco<\/strong> completan el top cinco\u00a0nacional. En\u00a0total,\u00a0<strong>56,610 ni\u00f1as menores de\u00a016 a\u00f1os se convirtieron en madres<\/strong>\u00a0en el pa\u00eds\u00a0el a\u00f1o pasado, seg\u00fan datos\u00a0oficiales.<\/p>\n\n\n\n<p>Un an\u00e1lisis&nbsp;de colectivos feministas revela que&nbsp;<strong>uno de cada&nbsp;25 beb\u00e9s nacidos en 2024 fue&nbsp;hijo de una ni\u00f1a<\/strong>, lo que evidencia no solo&nbsp;una crisis sanitaria, sino un&nbsp;patr\u00f3n de&nbsp;<strong>violencia sexual&nbsp;y desigualdad estructural<\/strong>, especialmente&nbsp;en zonas marginadas y con poca vigilancia institucional.<\/p>\n\n\n\n<h3 class=\"wp-block-heading\" id=\"h-municipios-de-nbsp-puebla-con-mas-nbsp-casos-de-embarazo-infantil\"><strong>Municipios de&nbsp;Puebla con m\u00e1s&nbsp;casos de embarazo infantil<\/strong><\/h3>\n\n\n\n<p>En <strong>Puebla<\/strong>, los\u00a0<strong>embarazos en ni\u00f1as<\/strong>\u00a0se concentraron en municipios como\u00a0<strong>Puebla capital<\/strong>,\u00a0<strong>Iz\u00facar de\u00a0Matamoros<\/strong>\u00a0y\u00a0<strong>Tehuac\u00e1n<\/strong>. Se\u00a0documentaron casos\u00a0graves, como\u00a0el de una ni\u00f1a de 11 a\u00f1os\u00a0embarazada por\u00a0un hombre de\u00a032 a\u00f1os, y otros\u00a0donde los progenitores eran adultos\u00a0significativamente mayores\u00a0que las v\u00edctimas. <\/p>\n\n\n\n<blockquote class=\"wp-block-quote is-layout-flow wp-block-quote-is-layout-flow\">\n<p><strong><em>\u201cEstos no son casos\u00a0aislados, son\u00a0historias de\u00a0violencia sexual\u00a0muchas veces\u00a0cometida por\u00a0familiares o\u00a0conocidos\u201d<\/em><\/strong>, afirma\u00a0Natal\u00ed Hern\u00e1ndez, directora de\u00a0CAFIS.<\/p>\n<\/blockquote>\n\n\n\n<h3 class=\"wp-block-heading\" id=\"h-causas-y-consecuencias-mas-alla-de-las-cifras\"><strong>Causas y consecuencias: M\u00e1s all\u00e1\u00a0de las cifras<\/strong><\/h3>\n\n\n\n<p>Los\u00a0<strong>embarazos infantiles\u00a0en Puebla y\u00a0M\u00e9xico<\/strong> son consecuencia\u00a0de\u00a0<strong>violencia sexual<\/strong>,\u00a0<strong>falta de\u00a0educaci\u00f3n integral\u00a0en sexualidad<\/strong>,\u00a0<strong>pobreza<\/strong>\u00a0y\u00a0<strong>abandono institucional<\/strong><a href=\"https:\/\/mexico.unfpa.org\/sites\/default\/files\/pub-pdf\/Gui%CC%81a%20GEPEA%20Versio%CC%81n%20Final.pdf\" target=\"_blank\" rel=\"noreferrer noopener\"><\/a>.\u00a0Colectivos y expertos insisten en\u00a0que estos casos\u00a0deben abordarse desde\u00a0una\u00a0<strong>perspectiva de\u00a0derechos humanos<\/strong>\u00a0y\u00a0<strong>g\u00e9nero<\/strong>, no\u00a0solo como un\u00a0problema de salud\u00a0reproductiva.<\/p>\n\n\n\n<p>La&nbsp;<strong>tasa en Puebla<\/strong>&nbsp;fue&nbsp;de 59 casos por&nbsp;cada 100,000 habitantes, superando el&nbsp;promedio nacional&nbsp;y reflejando una&nbsp;<strong>urgencia en&nbsp;pol\u00edticas p\u00fablicas<\/strong>&nbsp;y&nbsp;<strong>prevenci\u00f3n<\/strong>.<\/p>\n\n\n\n<h2 class=\"wp-block-heading\" id=\"h-que-dice-la-nbsp-ley-en-puebla-sobre-nbsp-violencia-sexual-nbsp-a-menores\"><strong>\u00bfQu\u00e9 dice la&nbsp;ley en Puebla sobre&nbsp;violencia sexual&nbsp;a menores?<\/strong><\/h2>\n\n\n\n<p>El&nbsp;<strong>C\u00f3digo Penal de&nbsp;Puebla<\/strong>&nbsp;establece penas severas para delitos sexuales contra menores:<\/p>\n\n\n\n<ul class=\"wp-block-list\">\n<li><strong>Violaci\u00f3n<\/strong>: hasta&nbsp;30 a\u00f1os de prisi\u00f3n, duplicable si&nbsp;la v\u00edctima es&nbsp;menor.<\/li>\n\n\n\n<li><strong>Estupro<\/strong>: hasta&nbsp;8 a\u00f1os de c\u00e1rcel si la v\u00edctima tiene entre&nbsp;14 y 17 a\u00f1os&nbsp;y hubo enga\u00f1o o&nbsp;seducci\u00f3n.<\/li>\n<\/ul>\n\n\n\n<p>Pese a\u00a0ello, organizaciones civiles denuncian\u00a0<strong>bajas tasas de denuncia<\/strong>,\u00a0<strong>acceso limitado a\u00a0la justicia<\/strong>\u00a0y\u00a0<strong>revictimizaci\u00f3n<\/strong>, lo\u00a0que perpet\u00faa la\u00a0impunidad.<\/p>\n\n\n\n<h2 class=\"wp-block-heading\" id=\"h-respuesta-urgente-educacion-justicia-y-proteccion\"><strong>Respuesta urgente: Educaci\u00f3n, justicia y protecci\u00f3n<\/strong><\/h2>\n\n\n\n<p>Para colectivos feministas y\u00a0expertos,\u00a0<strong>no basta con programas\u00a0preventivos<\/strong>: se\u00a0requieren\u00a0<strong>mecanismos robustos de denuncia<\/strong>,\u00a0<strong>justicia con perspectiva\u00a0de g\u00e9nero<\/strong>,\u00a0<strong>educaci\u00f3n sexual\u00a0integral<\/strong>\u00a0y\u00a0<strong>protecci\u00f3n a\u00a0la ni\u00f1ez en situaci\u00f3n\u00a0de vulnerabilidad<\/strong>.<\/p>\n\n\n\n<blockquote class=\"wp-block-quote is-layout-flow wp-block-quote-is-layout-flow\">\n<p><strong><em>\u201cEstos embarazos son\u00a0una forma de\u00a0esclavitud moderna\u00a0que arranca proyectos\u00a0de vida y perpet\u00faa ciclos de pobreza y violencia\u201d<\/em><\/strong>, concluye Hern\u00e1ndez.<\/p>\n<\/blockquote>\n","protected":false},"excerpt":{"rendered":"Puebla registr\u00f3\u00a03,884 embarazos infantiles en 2024, ubic\u00e1ndose como el\u00a0tercer estado\u00a0con m\u00e1s casos\u00a0en M\u00e9xico. Conoce las cifras, municipios m\u00e1s&hellip;","protected":false},"author":5,"featured_media":76017,"comment_status":"open","ping_status":"open","sticky":false,"template":"","format":"standard","meta":{"csco_display_header_overlay":false,"csco_singular_sidebar":"","csco_page_header_type":"","csco_page_load_nextpost":"","csco_post_video_location":[],"csco_post_video_location_hash":"","csco_post_video_url":"","csco_post_video_bg_start_time":0,"csco_post_video_bg_end_time":0,"footnotes":""},"categories":[29],"tags":[947,1597,40],"class_list":{"0":"post-76010","1":"post","2":"type-post","3":"status-publish","4":"format-standard","5":"has-post-thumbnail","7":"category-estatal","8":"tag-947","9":"tag-embarazos-infantiles","10":"tag-puebla","11":"cs-entry","12":"cs-video-wrap"},"yoast_head":"<!-- This site is optimized with the Yoast SEO Premium plugin v24.7 (Yoast SEO v27.4) - https:\/\/yoast.com\/product\/yoast-seo-premium-wordpress\/ -->\n<title>Puebla, tercer lugar nacional por embarazos infantiles en 2024 - Grupo Hoy Puebla<\/title>\n<meta name=\"description\" content=\"El estado de Puebla registr\u00f3 3,884 embarazos infantiles en 2024, ubic\u00e1ndose entre los estados con m\u00e1s casos en M\u00e9xico.\" \/>\n<meta name=\"robots\" content=\"index, follow, max-snippet:-1, max-image-preview:large, max-video-preview:-1\" \/>\n<link rel=\"canonical\" href=\"https:\/\/grupohoymexico.com\/puebla\/2025\/07\/15\/puebla-tercer-lugar-nacional-por-embarazos-infantiles-en-2024\/\" \/>\n<meta property=\"og:locale\" content=\"es_MX\" \/>\n<meta property=\"og:type\" content=\"article\" \/>\n<meta property=\"og:title\" content=\"Puebla, tercer lugar nacional por embarazos infantiles en 2024\" \/>\n<meta property=\"og:description\" content=\"El estado de Puebla registr\u00f3 3,884 embarazos infantiles en 2024, ubic\u00e1ndose entre los estados con m\u00e1s casos en M\u00e9xico.\" \/>\n<meta property=\"og:url\" content=\"https:\/\/grupohoymexico.com\/puebla\/2025\/07\/15\/puebla-tercer-lugar-nacional-por-embarazos-infantiles-en-2024\/\" \/>\n<meta property=\"og:site_name\" content=\"Grupo Hoy Puebla\" \/>\n<meta property=\"article:published_time\" content=\"2025-07-15T17:23:42+00:00\" \/>\n<meta property=\"article:modified_time\" content=\"2025-07-15T17:23:43+00:00\" \/>\n<meta property=\"og:image\" content=\"https:\/\/grupohoymexico.com\/puebla\/wp-content\/uploads\/sites\/3\/2025\/07\/photo_2025-07-15_09-24-42.jpg\" \/>\n\t<meta property=\"og:image:width\" content=\"1200\" \/>\n\t<meta property=\"og:image:height\" content=\"638\" \/>\n\t<meta property=\"og:image:type\" content=\"image\/jpeg\" \/>\n<meta name=\"author\" content=\"jair\" \/>\n<meta name=\"twitter:card\" content=\"summary_large_image\" \/>\n<meta name=\"twitter:label1\" content=\"Escrito por\" \/>\n\t<meta name=\"twitter:data1\" content=\"jair\" \/>\n\t<meta name=\"twitter:label2\" content=\"Tiempo de lectura\" \/>\n\t<meta name=\"twitter:data2\" content=\"3 minutos\" \/>\n<script type=\"application\/ld+json\" class=\"yoast-schema-graph\">{\"@context\":\"https:\\\/\\\/schema.org\",\"@graph\":[{\"@type\":\"Article\",\"@id\":\"https:\\\/\\\/grupohoymexico.com\\\/puebla\\\/2025\\\/07\\\/15\\\/puebla-tercer-lugar-nacional-por-embarazos-infantiles-en-2024\\\/#article\",\"isPartOf\":{\"@id\":\"https:\\\/\\\/grupohoymexico.com\\\/puebla\\\/2025\\\/07\\\/15\\\/puebla-tercer-lugar-nacional-por-embarazos-infantiles-en-2024\\\/\"},\"author\":{\"name\":\"jair\",\"@id\":\"https:\\\/\\\/grupohoymexico.com\\\/puebla\\\/#\\\/schema\\\/person\\\/98e2425fe99fbbdf486895b69dab3c3d\"},\"headline\":\"Puebla, tercer lugar nacional por embarazos infantiles en 2024\",\"datePublished\":\"2025-07-15T17:23:42+00:00\",\"dateModified\":\"2025-07-15T17:23:43+00:00\",\"mainEntityOfPage\":{\"@id\":\"https:\\\/\\\/grupohoymexico.com\\\/puebla\\\/2025\\\/07\\\/15\\\/puebla-tercer-lugar-nacional-por-embarazos-infantiles-en-2024\\\/\"},\"wordCount\":537,\"commentCount\":0,\"image\":{\"@id\":\"https:\\\/\\\/grupohoymexico.com\\\/puebla\\\/2025\\\/07\\\/15\\\/puebla-tercer-lugar-nacional-por-embarazos-infantiles-en-2024\\\/#primaryimage\"},\"thumbnailUrl\":\"https:\\\/\\\/grupohoymexico.com\\\/puebla\\\/wp-content\\\/uploads\\\/sites\\\/3\\\/2025\\\/07\\\/photo_2025-07-15_09-24-42.jpg\",\"keywords\":[\"2024\",\"embarazos infantiles\",\"puebla\"],\"articleSection\":[\"Estatal\"],\"inLanguage\":\"es\",\"potentialAction\":[{\"@type\":\"CommentAction\",\"name\":\"Comment\",\"target\":[\"https:\\\/\\\/grupohoymexico.com\\\/puebla\\\/2025\\\/07\\\/15\\\/puebla-tercer-lugar-nacional-por-embarazos-infantiles-en-2024\\\/#respond\"]}]},{\"@type\":\"WebPage\",\"@id\":\"https:\\\/\\\/grupohoymexico.com\\\/puebla\\\/2025\\\/07\\\/15\\\/puebla-tercer-lugar-nacional-por-embarazos-infantiles-en-2024\\\/\",\"url\":\"https:\\\/\\\/grupohoymexico.com\\\/puebla\\\/2025\\\/07\\\/15\\\/puebla-tercer-lugar-nacional-por-embarazos-infantiles-en-2024\\\/\",\"name\":\"Puebla, tercer lugar nacional por embarazos infantiles en 2024 - Grupo Hoy Puebla\",\"isPartOf\":{\"@id\":\"https:\\\/\\\/grupohoymexico.com\\\/puebla\\\/#website\"},\"primaryImageOfPage\":{\"@id\":\"https:\\\/\\\/grupohoymexico.com\\\/puebla\\\/2025\\\/07\\\/15\\\/puebla-tercer-lugar-nacional-por-embarazos-infantiles-en-2024\\\/#primaryimage\"},\"image\":{\"@id\":\"https:\\\/\\\/grupohoymexico.com\\\/puebla\\\/2025\\\/07\\\/15\\\/puebla-tercer-lugar-nacional-por-embarazos-infantiles-en-2024\\\/#primaryimage\"},\"thumbnailUrl\":\"https:\\\/\\\/grupohoymexico.com\\\/puebla\\\/wp-content\\\/uploads\\\/sites\\\/3\\\/2025\\\/07\\\/photo_2025-07-15_09-24-42.jpg\",\"datePublished\":\"2025-07-15T17:23:42+00:00\",\"dateModified\":\"2025-07-15T17:23:43+00:00\",\"author\":{\"@id\":\"https:\\\/\\\/grupohoymexico.com\\\/puebla\\\/#\\\/schema\\\/person\\\/98e2425fe99fbbdf486895b69dab3c3d\"},\"description\":\"El estado de Puebla registr\u00f3 3,884 embarazos infantiles en 2024, ubic\u00e1ndose entre los estados con m\u00e1s casos en M\u00e9xico.\",\"breadcrumb\":{\"@id\":\"https:\\\/\\\/grupohoymexico.com\\\/puebla\\\/2025\\\/07\\\/15\\\/puebla-tercer-lugar-nacional-por-embarazos-infantiles-en-2024\\\/#breadcrumb\"},\"inLanguage\":\"es\",\"potentialAction\":[{\"@type\":\"ReadAction\",\"target\":[\"https:\\\/\\\/grupohoymexico.com\\\/puebla\\\/2025\\\/07\\\/15\\\/puebla-tercer-lugar-nacional-por-embarazos-infantiles-en-2024\\\/\"]}]},{\"@type\":\"ImageObject\",\"inLanguage\":\"es\",\"@id\":\"https:\\\/\\\/grupohoymexico.com\\\/puebla\\\/2025\\\/07\\\/15\\\/puebla-tercer-lugar-nacional-por-embarazos-infantiles-en-2024\\\/#primaryimage\",\"url\":\"https:\\\/\\\/grupohoymexico.com\\\/puebla\\\/wp-content\\\/uploads\\\/sites\\\/3\\\/2025\\\/07\\\/photo_2025-07-15_09-24-42.jpg\",\"contentUrl\":\"https:\\\/\\\/grupohoymexico.com\\\/puebla\\\/wp-content\\\/uploads\\\/sites\\\/3\\\/2025\\\/07\\\/photo_2025-07-15_09-24-42.jpg\",\"width\":1200,\"height\":638,\"caption\":\"Foto: Freepik\"},{\"@type\":\"BreadcrumbList\",\"@id\":\"https:\\\/\\\/grupohoymexico.com\\\/puebla\\\/2025\\\/07\\\/15\\\/puebla-tercer-lugar-nacional-por-embarazos-infantiles-en-2024\\\/#breadcrumb\",\"itemListElement\":[{\"@type\":\"ListItem\",\"position\":1,\"name\":\"Inicio\",\"item\":\"https:\\\/\\\/grupohoymexico.com\\\/puebla\\\/\"},{\"@type\":\"ListItem\",\"position\":2,\"name\":\"Puebla, tercer lugar nacional por embarazos infantiles en 2024\"}]},{\"@type\":\"WebSite\",\"@id\":\"https:\\\/\\\/grupohoymexico.com\\\/puebla\\\/#website\",\"url\":\"https:\\\/\\\/grupohoymexico.com\\\/puebla\\\/\",\"name\":\"Grupo Hoy Puebla\",\"description\":\"\",\"potentialAction\":[{\"@type\":\"SearchAction\",\"target\":{\"@type\":\"EntryPoint\",\"urlTemplate\":\"https:\\\/\\\/grupohoymexico.com\\\/puebla\\\/?s={search_term_string}\"},\"query-input\":{\"@type\":\"PropertyValueSpecification\",\"valueRequired\":true,\"valueName\":\"search_term_string\"}}],\"inLanguage\":\"es\"},{\"@type\":\"Person\",\"@id\":\"https:\\\/\\\/grupohoymexico.com\\\/puebla\\\/#\\\/schema\\\/person\\\/98e2425fe99fbbdf486895b69dab3c3d\",\"name\":\"jair\",\"image\":{\"@type\":\"ImageObject\",\"inLanguage\":\"es\",\"@id\":\"https:\\\/\\\/secure.gravatar.com\\\/avatar\\\/ec205dfb8733a1ce1601942dddb04fc9294fb780c832e3c1ec58faa8e4e64e9b?s=96&d=mm&r=g\",\"url\":\"https:\\\/\\\/secure.gravatar.com\\\/avatar\\\/ec205dfb8733a1ce1601942dddb04fc9294fb780c832e3c1ec58faa8e4e64e9b?s=96&d=mm&r=g\",\"contentUrl\":\"https:\\\/\\\/secure.gravatar.com\\\/avatar\\\/ec205dfb8733a1ce1601942dddb04fc9294fb780c832e3c1ec58faa8e4e64e9b?s=96&d=mm&r=g\",\"caption\":\"jair\"},\"url\":\"https:\\\/\\\/grupohoymexico.com\\\/puebla\\\/author\\\/jair\\\/\"}]}<\/script>\n<!-- \/ Yoast SEO Premium plugin. -->","yoast_head_json":{"title":"Puebla, tercer lugar nacional por embarazos infantiles en 2024 - Grupo Hoy Puebla","description":"El estado de Puebla registr\u00f3 3,884 embarazos infantiles en 2024, ubic\u00e1ndose entre los estados con m\u00e1s casos en M\u00e9xico.","robots":{"index":"index","follow":"follow","max-snippet":"max-snippet:-1","max-image-preview":"max-image-preview:large","max-video-preview":"max-video-preview:-1"},"canonical":"https:\/\/grupohoymexico.com\/puebla\/2025\/07\/15\/puebla-tercer-lugar-nacional-por-embarazos-infantiles-en-2024\/","og_locale":"es_MX","og_type":"article","og_title":"Puebla, tercer lugar nacional por embarazos infantiles en 2024","og_description":"El estado de Puebla registr\u00f3 3,884 embarazos infantiles en 2024, ubic\u00e1ndose entre los estados con m\u00e1s casos en M\u00e9xico.","og_url":"https:\/\/grupohoymexico.com\/puebla\/2025\/07\/15\/puebla-tercer-lugar-nacional-por-embarazos-infantiles-en-2024\/","og_site_name":"Grupo Hoy Puebla","article_published_time":"2025-07-15T17:23:42+00:00","article_modified_time":"2025-07-15T17:23:43+00:00","og_image":[{"width":1200,"height":638,"url":"https:\/\/grupohoymexico.com\/puebla\/wp-content\/uploads\/sites\/3\/2025\/07\/photo_2025-07-15_09-24-42.jpg","type":"image\/jpeg"}],"author":"jair","twitter_card":"summary_large_image","twitter_misc":{"Escrito por":"jair","Tiempo de lectura":"3 minutos"},"schema":{"@context":"https:\/\/schema.org","@graph":[{"@type":"Article","@id":"https:\/\/grupohoymexico.com\/puebla\/2025\/07\/15\/puebla-tercer-lugar-nacional-por-embarazos-infantiles-en-2024\/#article","isPartOf":{"@id":"https:\/\/grupohoymexico.com\/puebla\/2025\/07\/15\/puebla-tercer-lugar-nacional-por-embarazos-infantiles-en-2024\/"},"author":{"name":"jair","@id":"https:\/\/grupohoymexico.com\/puebla\/#\/schema\/person\/98e2425fe99fbbdf486895b69dab3c3d"},"headline":"Puebla, tercer lugar nacional por embarazos infantiles en 2024","datePublished":"2025-07-15T17:23:42+00:00","dateModified":"2025-07-15T17:23:43+00:00","mainEntityOfPage":{"@id":"https:\/\/grupohoymexico.com\/puebla\/2025\/07\/15\/puebla-tercer-lugar-nacional-por-embarazos-infantiles-en-2024\/"},"wordCount":537,"commentCount":0,"image":{"@id":"https:\/\/grupohoymexico.com\/puebla\/2025\/07\/15\/puebla-tercer-lugar-nacional-por-embarazos-infantiles-en-2024\/#primaryimage"},"thumbnailUrl":"https:\/\/grupohoymexico.com\/puebla\/wp-content\/uploads\/sites\/3\/2025\/07\/photo_2025-07-15_09-24-42.jpg","keywords":["2024","embarazos infantiles","puebla"],"articleSection":["Estatal"],"inLanguage":"es","potentialAction":[{"@type":"CommentAction","name":"Comment","target":["https:\/\/grupohoymexico.com\/puebla\/2025\/07\/15\/puebla-tercer-lugar-nacional-por-embarazos-infantiles-en-2024\/#respond"]}]},{"@type":"WebPage","@id":"https:\/\/grupohoymexico.com\/puebla\/2025\/07\/15\/puebla-tercer-lugar-nacional-por-embarazos-infantiles-en-2024\/","url":"https:\/\/grupohoymexico.com\/puebla\/2025\/07\/15\/puebla-tercer-lugar-nacional-por-embarazos-infantiles-en-2024\/","name":"Puebla, tercer lugar nacional por embarazos infantiles en 2024 - Grupo Hoy Puebla","isPartOf":{"@id":"https:\/\/grupohoymexico.com\/puebla\/#website"},"primaryImageOfPage":{"@id":"https:\/\/grupohoymexico.com\/puebla\/2025\/07\/15\/puebla-tercer-lugar-nacional-por-embarazos-infantiles-en-2024\/#primaryimage"},"image":{"@id":"https:\/\/grupohoymexico.com\/puebla\/2025\/07\/15\/puebla-tercer-lugar-nacional-por-embarazos-infantiles-en-2024\/#primaryimage"},"thumbnailUrl":"https:\/\/grupohoymexico.com\/puebla\/wp-content\/uploads\/sites\/3\/2025\/07\/photo_2025-07-15_09-24-42.jpg","datePublished":"2025-07-15T17:23:42+00:00","dateModified":"2025-07-15T17:23:43+00:00","author":{"@id":"https:\/\/grupohoymexico.com\/puebla\/#\/schema\/person\/98e2425fe99fbbdf486895b69dab3c3d"},"description":"El estado de Puebla registr\u00f3 3,884 embarazos infantiles en 2024, ubic\u00e1ndose entre los estados con m\u00e1s casos en M\u00e9xico.","breadcrumb":{"@id":"https:\/\/grupohoymexico.com\/puebla\/2025\/07\/15\/puebla-tercer-lugar-nacional-por-embarazos-infantiles-en-2024\/#breadcrumb"},"inLanguage":"es","potentialAction":[{"@type":"ReadAction","target":["https:\/\/grupohoymexico.com\/puebla\/2025\/07\/15\/puebla-tercer-lugar-nacional-por-embarazos-infantiles-en-2024\/"]}]},{"@type":"ImageObject","inLanguage":"es","@id":"https:\/\/grupohoymexico.com\/puebla\/2025\/07\/15\/puebla-tercer-lugar-nacional-por-embarazos-infantiles-en-2024\/#primaryimage","url":"https:\/\/grupohoymexico.com\/puebla\/wp-content\/uploads\/sites\/3\/2025\/07\/photo_2025-07-15_09-24-42.jpg","contentUrl":"https:\/\/grupohoymexico.com\/puebla\/wp-content\/uploads\/sites\/3\/2025\/07\/photo_2025-07-15_09-24-42.jpg","width":1200,"height":638,"caption":"Foto: Freepik"},{"@type":"BreadcrumbList","@id":"https:\/\/grupohoymexico.com\/puebla\/2025\/07\/15\/puebla-tercer-lugar-nacional-por-embarazos-infantiles-en-2024\/#breadcrumb","itemListElement":[{"@type":"ListItem","position":1,"name":"Inicio","item":"https:\/\/grupohoymexico.com\/puebla\/"},{"@type":"ListItem","position":2,"name":"Puebla, tercer lugar nacional por embarazos infantiles en 2024"}]},{"@type":"WebSite","@id":"https:\/\/grupohoymexico.com\/puebla\/#website","url":"https:\/\/grupohoymexico.com\/puebla\/","name":"Grupo Hoy Puebla","description":"","potentialAction":[{"@type":"SearchAction","target":{"@type":"EntryPoint","urlTemplate":"https:\/\/grupohoymexico.com\/puebla\/?s={search_term_string}"},"query-input":{"@type":"PropertyValueSpecification","valueRequired":true,"valueName":"search_term_string"}}],"inLanguage":"es"},{"@type":"Person","@id":"https:\/\/grupohoymexico.com\/puebla\/#\/schema\/person\/98e2425fe99fbbdf486895b69dab3c3d","name":"jair","image":{"@type":"ImageObject","inLanguage":"es","@id":"https:\/\/secure.gravatar.com\/avatar\/ec205dfb8733a1ce1601942dddb04fc9294fb780c832e3c1ec58faa8e4e64e9b?s=96&d=mm&r=g","url":"https:\/\/secure.gravatar.com\/avatar\/ec205dfb8733a1ce1601942dddb04fc9294fb780c832e3c1ec58faa8e4e64e9b?s=96&d=mm&r=g","contentUrl":"https:\/\/secure.gravatar.com\/avatar\/ec205dfb8733a1ce1601942dddb04fc9294fb780c832e3c1ec58faa8e4e64e9b?s=96&d=mm&r=g","caption":"jair"},"url":"https:\/\/grupohoymexico.com\/puebla\/author\/jair\/"}]}},"_links":{"self":[{"href":"https:\/\/grupohoymexico.com\/puebla\/wp-json\/wp\/v2\/posts\/76010","targetHints":{"allow":["GET"]}}],"collection":[{"href":"https:\/\/grupohoymexico.com\/puebla\/wp-json\/wp\/v2\/posts"}],"about":[{"href":"https:\/\/grupohoymexico.com\/puebla\/wp-json\/wp\/v2\/types\/post"}],"author":[{"embeddable":true,"href":"https:\/\/grupohoymexico.com\/puebla\/wp-json\/wp\/v2\/users\/5"}],"replies":[{"embeddable":true,"href":"https:\/\/grupohoymexico.com\/puebla\/wp-json\/wp\/v2\/comments?post=76010"}],"version-history":[{"count":2,"href":"https:\/\/grupohoymexico.com\/puebla\/wp-json\/wp\/v2\/posts\/76010\/revisions"}],"predecessor-version":[{"id":76018,"href":"https:\/\/grupohoymexico.com\/puebla\/wp-json\/wp\/v2\/posts\/76010\/revisions\/76018"}],"wp:featuredmedia":[{"embeddable":true,"href":"https:\/\/grupohoymexico.com\/puebla\/wp-json\/wp\/v2\/media\/76017"}],"wp:attachment":[{"href":"https:\/\/grupohoymexico.com\/puebla\/wp-json\/wp\/v2\/media?parent=76010"}],"wp:term":[{"taxonomy":"category","embeddable":true,"href":"https:\/\/grupohoymexico.com\/puebla\/wp-json\/wp\/v2\/categories?post=76010"},{"taxonomy":"post_tag","embeddable":true,"href":"https:\/\/grupohoymexico.com\/puebla\/wp-json\/wp\/v2\/tags?post=76010"}],"curies":[{"name":"wp","href":"https:\/\/api.w.org\/{rel}","templated":true}]}}