{"id":75981,"date":"2025-07-12T10:00:00","date_gmt":"2025-07-12T10:00:00","guid":{"rendered":"https:\/\/grupohoymexico.com\/puebla\/?p=75981"},"modified":"2025-07-11T22:30:30","modified_gmt":"2025-07-11T22:30:30","slug":"como-saber-si-tu-colonia-esta-siendo-gentrificada","status":"publish","type":"post","link":"https:\/\/grupohoymexico.com\/puebla\/2025\/07\/12\/como-saber-si-tu-colonia-esta-siendo-gentrificada\/","title":{"rendered":"\u00bfC\u00f3mo saber si tu colonia est\u00e1 siendo gentrificada?"},"content":{"rendered":"\n<p>El aumento en las rentas, la llegada de nuevos negocios orientados al turismo, vecinos de mayor poder adquisitivo y el uso de plataformas como <strong><a href=\"https:\/\/www.airbnb.mx\/\">Airbnb<\/a> <\/strong>son algunas se\u00f1ales de que una colonia podr\u00eda estar atravesando un proceso de gentrificaci\u00f3n. <strong>En Puebla, este fen\u00f3meno ya se deja ver en varias zonas, incluida la capital y varios de sus Pueblos M\u00e1gicos.<\/strong><\/p>\n\n\n\n<p><strong>Lorena Cabrera Montiel, acad\u00e9mica de la <a href=\"https:\/\/grupohoymexico.com\/puebla\/2025\/05\/23\/estudiantes-de-la-ibero-puebla-crean-galletas-nutritivas-con-jitomate-desperdiciado\/\">Universidad Iberoamericana Puebla<\/a><\/strong>, advierte que la gentrificaci\u00f3n no solo implica cambios f\u00edsicos en una zona urbana. <strong>Se trata tambi\u00e9n de una transformaci\u00f3n social y econ\u00f3mica que puede terminar por expulsar a los habitantes originales de un barrio.<\/strong><\/p>\n\n\n\n<h2 class=\"wp-block-heading\" id=\"h-senales-para-identificar-la-gentrificacion-en-tu-comunidad\"><strong>Se\u00f1ales para identificar la gentrificaci\u00f3n en tu comunidad<\/strong><\/h2>\n\n\n\n<p>La especialista recomienda observar los siguientes cambios:<\/p>\n\n\n\n<ul class=\"wp-block-list\">\n<li>Aumento en precios de vivienda y renta.<\/li>\n\n\n\n<li>Si vivir en tu colonia se ha vuelto significativamente m\u00e1s caro en poco tiempo, puede ser se\u00f1al de presi\u00f3n inmobiliaria.<\/li>\n\n\n\n<li>Desaparici\u00f3n de negocios tradicionales.<\/li>\n\n\n\n<li>Tiendas de abarrotes, fondas y talleres empiezan a ser reemplazados por cafeter\u00edas, bares o restaurantes gourmet.<\/li>\n\n\n\n<li>Publicidad dirigida a extranjeros.<\/li>\n\n\n\n<li>Si encuentras anuncios en ingl\u00e9s o publicaciones que promocionan la zona como un destino tur\u00edstico, se est\u00e1 atrayendo a un nuevo perfil de consumidor.<\/li>\n\n\n\n<li>Proliferaci\u00f3n de plataformas como Airbnb.<\/li>\n\n\n\n<li>El uso de viviendas para renta temporal limita el acceso a vivienda para residentes permanentes y eleva los costos.<\/li>\n\n\n\n<li>Cambios en la composici\u00f3n social.<\/li>\n\n\n\n<li>Nuevos residentes con ingresos m\u00e1s altos empiezan a sustituir a la poblaci\u00f3n original, lo que altera la din\u00e1mica del barrio.<\/li>\n<\/ul>\n\n\n\n<figure class=\"wp-block-image size-full\"><img fetchpriority=\"high\" decoding=\"async\" width=\"990\" height=\"500\" src=\"https:\/\/grupohoymexico.com\/puebla\/wp-content\/uploads\/sites\/3\/2025\/07\/1539077572_escas.jpg\" alt=\"gentrificaci\u00f3n\" class=\"wp-image-75982\" srcset=\"https:\/\/grupohoymexico.com\/puebla\/wp-content\/uploads\/sites\/3\/2025\/07\/1539077572_escas.jpg 990w, https:\/\/grupohoymexico.com\/puebla\/wp-content\/uploads\/sites\/3\/2025\/07\/1539077572_escas-300x152.jpg 300w, https:\/\/grupohoymexico.com\/puebla\/wp-content\/uploads\/sites\/3\/2025\/07\/1539077572_escas-768x388.jpg 768w, https:\/\/grupohoymexico.com\/puebla\/wp-content\/uploads\/sites\/3\/2025\/07\/1539077572_escas-332x168.jpg 332w, https:\/\/grupohoymexico.com\/puebla\/wp-content\/uploads\/sites\/3\/2025\/07\/1539077572_escas-664x335.jpg 664w, https:\/\/grupohoymexico.com\/puebla\/wp-content\/uploads\/sites\/3\/2025\/07\/1539077572_escas-688x347.jpg 688w\" sizes=\"(max-width: 990px) 100vw, 990px\" \/><\/figure>\n\n\n\n<h2 class=\"wp-block-heading\" id=\"h-en-puebla-este-proceso-ya-afecta-a-varias-zonas\"><strong>En Puebla, este proceso ya afecta a varias zonas<\/strong><\/h2>\n\n\n\n<p>Barrios como el <strong>Centro Hist\u00f3rico de la ciudad de Puebla y municipios tur\u00edsticos como Cholula, Cuetzalan, Atlixco y Zacatl\u00e1n <\/strong>muestran indicios claros de gentrificaci\u00f3n. En estos lugares, muchas viviendas se han reconvertido en hospedajes tur\u00edsticos y los habitantes han sido desplazados a zonas m\u00e1s alejadas<\/p>\n\n\n\n<p>Adem\u00e1s, los <strong>12 municipios del estado con la denominaci\u00f3n de Pueblo M\u00e1gico est\u00e1n bajo presi\u00f3n<\/strong>, ya que su vocaci\u00f3n tur\u00edstica ha atra\u00eddo inversiones enfocadas en el visitante y no en el bienestar de quienes ah\u00ed viven.<\/p>\n\n\n\n<h2 class=\"wp-block-heading\" id=\"h-es-posible-frenar-este-proceso\"><strong>\u00bfEs posible frenar este proceso?<\/strong><\/h2>\n\n\n\n<p>Seg\u00fan<strong> Cabrera Montiel<\/strong>, es importante <strong>entender la ciudad como un derecho y no como un negocio<\/strong>. Las pol\u00edticas p\u00fablicas deben garantizar el acceso a vivienda digna, promover la regulaci\u00f3n de la renta temporal y evitar que el desarrollo urbano excluya a los habitantes originales.<\/p>\n\n\n\n<p>Si notas estas se\u00f1ales en tu colonia, vale la pena informarte y participar en los espacios comunitarios. <strong>Reconocer el fen\u00f3meno es el primer paso para proteger el derecho a habitar dignamente tu entorno.<\/strong><\/p>\n","protected":false},"excerpt":{"rendered":"El aumento en las rentas, la llegada de nuevos negocios orientados al turismo, vecinos de mayor poder adquisitivo&hellip;","protected":false},"author":1,"featured_media":75983,"comment_status":"open","ping_status":"open","sticky":false,"template":"","format":"standard","meta":{"csco_display_header_overlay":false,"csco_singular_sidebar":"","csco_page_header_type":"","csco_page_load_nextpost":"","csco_post_video_location":[],"csco_post_video_location_hash":"","csco_post_video_url":"","csco_post_video_bg_start_time":0,"csco_post_video_bg_end_time":0,"footnotes":""},"categories":[29],"tags":[37,1166,1587,1585,40,1586],"class_list":{"0":"post-75981","1":"post","2":"type-post","3":"status-publish","4":"format-standard","5":"has-post-thumbnail","7":"category-estatal","8":"tag-ciudad","9":"tag-colonia","10":"tag-fenomeno","11":"tag-gentrificacion","12":"tag-puebla","13":"tag-senales","14":"cs-entry","15":"cs-video-wrap"},"yoast_head":"<!-- This site is optimized with the Yoast SEO Premium plugin v24.7 (Yoast SEO v27.4) - https:\/\/yoast.com\/product\/yoast-seo-premium-wordpress\/ -->\n<title>\u00bfC\u00f3mo saber si tu colonia est\u00e1 siendo gentrificada? - Grupo Hoy Puebla<\/title>\n<meta name=\"description\" content=\"Gentrificaci\u00f3n en Puebla: identifica las se\u00f1ales del aumento de rentas, turismo y desplazamiento en barrios y Pueblos M\u00e1gicos.\" \/>\n<meta name=\"robots\" content=\"index, follow, max-snippet:-1, max-image-preview:large, max-video-preview:-1\" \/>\n<link rel=\"canonical\" href=\"https:\/\/grupohoymexico.com\/puebla\/2025\/07\/12\/como-saber-si-tu-colonia-esta-siendo-gentrificada\/\" \/>\n<meta property=\"og:locale\" content=\"es_MX\" \/>\n<meta property=\"og:type\" content=\"article\" \/>\n<meta property=\"og:title\" content=\"\u00bfC\u00f3mo saber si tu colonia est\u00e1 siendo gentrificada?\" \/>\n<meta property=\"og:description\" content=\"Gentrificaci\u00f3n en Puebla: identifica las se\u00f1ales del aumento de rentas, turismo y desplazamiento en barrios y Pueblos M\u00e1gicos.\" \/>\n<meta property=\"og:url\" content=\"https:\/\/grupohoymexico.com\/puebla\/2025\/07\/12\/como-saber-si-tu-colonia-esta-siendo-gentrificada\/\" \/>\n<meta property=\"og:site_name\" content=\"Grupo Hoy Puebla\" \/>\n<meta property=\"article:published_time\" content=\"2025-07-12T10:00:00+00:00\" \/>\n<meta property=\"og:image\" content=\"https:\/\/grupohoymexico.com\/puebla\/wp-content\/uploads\/sites\/3\/2025\/07\/5156820044234207056.jpg\" \/>\n\t<meta property=\"og:image:width\" content=\"1280\" \/>\n\t<meta property=\"og:image:height\" content=\"680\" \/>\n\t<meta property=\"og:image:type\" content=\"image\/jpeg\" \/>\n<meta name=\"author\" content=\"user\" \/>\n<meta name=\"twitter:card\" content=\"summary_large_image\" \/>\n<meta name=\"twitter:label1\" content=\"Escrito por\" \/>\n\t<meta name=\"twitter:data1\" content=\"user\" \/>\n\t<meta name=\"twitter:label2\" content=\"Tiempo de lectura\" \/>\n\t<meta name=\"twitter:data2\" content=\"3 minutos\" \/>\n<script type=\"application\/ld+json\" class=\"yoast-schema-graph\">{\"@context\":\"https:\\\/\\\/schema.org\",\"@graph\":[{\"@type\":\"Article\",\"@id\":\"https:\\\/\\\/grupohoymexico.com\\\/puebla\\\/2025\\\/07\\\/12\\\/como-saber-si-tu-colonia-esta-siendo-gentrificada\\\/#article\",\"isPartOf\":{\"@id\":\"https:\\\/\\\/grupohoymexico.com\\\/puebla\\\/2025\\\/07\\\/12\\\/como-saber-si-tu-colonia-esta-siendo-gentrificada\\\/\"},\"author\":{\"name\":\"user\",\"@id\":\"https:\\\/\\\/grupohoymexico.com\\\/puebla\\\/#\\\/schema\\\/person\\\/ce6086ac837852775a3a4f539356c297\"},\"headline\":\"\u00bfC\u00f3mo saber si tu colonia est\u00e1 siendo gentrificada?\",\"datePublished\":\"2025-07-12T10:00:00+00:00\",\"mainEntityOfPage\":{\"@id\":\"https:\\\/\\\/grupohoymexico.com\\\/puebla\\\/2025\\\/07\\\/12\\\/como-saber-si-tu-colonia-esta-siendo-gentrificada\\\/\"},\"wordCount\":466,\"commentCount\":0,\"image\":{\"@id\":\"https:\\\/\\\/grupohoymexico.com\\\/puebla\\\/2025\\\/07\\\/12\\\/como-saber-si-tu-colonia-esta-siendo-gentrificada\\\/#primaryimage\"},\"thumbnailUrl\":\"https:\\\/\\\/grupohoymexico.com\\\/puebla\\\/wp-content\\\/uploads\\\/sites\\\/3\\\/2025\\\/07\\\/5156820044234207056.jpg\",\"keywords\":[\"Ciudad\",\"colonia\",\"fen\u00f3meno\",\"gentrificaci\u00f3n\",\"puebla\",\"se\u00f1ales\"],\"articleSection\":[\"Estatal\"],\"inLanguage\":\"es\",\"potentialAction\":[{\"@type\":\"CommentAction\",\"name\":\"Comment\",\"target\":[\"https:\\\/\\\/grupohoymexico.com\\\/puebla\\\/2025\\\/07\\\/12\\\/como-saber-si-tu-colonia-esta-siendo-gentrificada\\\/#respond\"]}]},{\"@type\":\"WebPage\",\"@id\":\"https:\\\/\\\/grupohoymexico.com\\\/puebla\\\/2025\\\/07\\\/12\\\/como-saber-si-tu-colonia-esta-siendo-gentrificada\\\/\",\"url\":\"https:\\\/\\\/grupohoymexico.com\\\/puebla\\\/2025\\\/07\\\/12\\\/como-saber-si-tu-colonia-esta-siendo-gentrificada\\\/\",\"name\":\"\u00bfC\u00f3mo saber si tu colonia est\u00e1 siendo gentrificada? - Grupo Hoy Puebla\",\"isPartOf\":{\"@id\":\"https:\\\/\\\/grupohoymexico.com\\\/puebla\\\/#website\"},\"primaryImageOfPage\":{\"@id\":\"https:\\\/\\\/grupohoymexico.com\\\/puebla\\\/2025\\\/07\\\/12\\\/como-saber-si-tu-colonia-esta-siendo-gentrificada\\\/#primaryimage\"},\"image\":{\"@id\":\"https:\\\/\\\/grupohoymexico.com\\\/puebla\\\/2025\\\/07\\\/12\\\/como-saber-si-tu-colonia-esta-siendo-gentrificada\\\/#primaryimage\"},\"thumbnailUrl\":\"https:\\\/\\\/grupohoymexico.com\\\/puebla\\\/wp-content\\\/uploads\\\/sites\\\/3\\\/2025\\\/07\\\/5156820044234207056.jpg\",\"datePublished\":\"2025-07-12T10:00:00+00:00\",\"author\":{\"@id\":\"https:\\\/\\\/grupohoymexico.com\\\/puebla\\\/#\\\/schema\\\/person\\\/ce6086ac837852775a3a4f539356c297\"},\"description\":\"Gentrificaci\u00f3n en Puebla: identifica las se\u00f1ales del aumento de rentas, turismo y desplazamiento en barrios y Pueblos M\u00e1gicos.\",\"breadcrumb\":{\"@id\":\"https:\\\/\\\/grupohoymexico.com\\\/puebla\\\/2025\\\/07\\\/12\\\/como-saber-si-tu-colonia-esta-siendo-gentrificada\\\/#breadcrumb\"},\"inLanguage\":\"es\",\"potentialAction\":[{\"@type\":\"ReadAction\",\"target\":[\"https:\\\/\\\/grupohoymexico.com\\\/puebla\\\/2025\\\/07\\\/12\\\/como-saber-si-tu-colonia-esta-siendo-gentrificada\\\/\"]}]},{\"@type\":\"ImageObject\",\"inLanguage\":\"es\",\"@id\":\"https:\\\/\\\/grupohoymexico.com\\\/puebla\\\/2025\\\/07\\\/12\\\/como-saber-si-tu-colonia-esta-siendo-gentrificada\\\/#primaryimage\",\"url\":\"https:\\\/\\\/grupohoymexico.com\\\/puebla\\\/wp-content\\\/uploads\\\/sites\\\/3\\\/2025\\\/07\\\/5156820044234207056.jpg\",\"contentUrl\":\"https:\\\/\\\/grupohoymexico.com\\\/puebla\\\/wp-content\\\/uploads\\\/sites\\\/3\\\/2025\\\/07\\\/5156820044234207056.jpg\",\"width\":1280,\"height\":680,\"caption\":\"gentrificaci\u00f3n\"},{\"@type\":\"BreadcrumbList\",\"@id\":\"https:\\\/\\\/grupohoymexico.com\\\/puebla\\\/2025\\\/07\\\/12\\\/como-saber-si-tu-colonia-esta-siendo-gentrificada\\\/#breadcrumb\",\"itemListElement\":[{\"@type\":\"ListItem\",\"position\":1,\"name\":\"Inicio\",\"item\":\"https:\\\/\\\/grupohoymexico.com\\\/puebla\\\/\"},{\"@type\":\"ListItem\",\"position\":2,\"name\":\"\u00bfC\u00f3mo saber si tu colonia est\u00e1 siendo gentrificada?\"}]},{\"@type\":\"WebSite\",\"@id\":\"https:\\\/\\\/grupohoymexico.com\\\/puebla\\\/#website\",\"url\":\"https:\\\/\\\/grupohoymexico.com\\\/puebla\\\/\",\"name\":\"Grupo Hoy Puebla\",\"description\":\"\",\"potentialAction\":[{\"@type\":\"SearchAction\",\"target\":{\"@type\":\"EntryPoint\",\"urlTemplate\":\"https:\\\/\\\/grupohoymexico.com\\\/puebla\\\/?s={search_term_string}\"},\"query-input\":{\"@type\":\"PropertyValueSpecification\",\"valueRequired\":true,\"valueName\":\"search_term_string\"}}],\"inLanguage\":\"es\"},{\"@type\":\"Person\",\"@id\":\"https:\\\/\\\/grupohoymexico.com\\\/puebla\\\/#\\\/schema\\\/person\\\/ce6086ac837852775a3a4f539356c297\",\"name\":\"user\",\"image\":{\"@type\":\"ImageObject\",\"inLanguage\":\"es\",\"@id\":\"https:\\\/\\\/secure.gravatar.com\\\/avatar\\\/25f78de4fa956f6f7c01f8d96f8087d8958ebe06d57e630cd54e36aefb9dacea?s=96&d=mm&r=g\",\"url\":\"https:\\\/\\\/secure.gravatar.com\\\/avatar\\\/25f78de4fa956f6f7c01f8d96f8087d8958ebe06d57e630cd54e36aefb9dacea?s=96&d=mm&r=g\",\"contentUrl\":\"https:\\\/\\\/secure.gravatar.com\\\/avatar\\\/25f78de4fa956f6f7c01f8d96f8087d8958ebe06d57e630cd54e36aefb9dacea?s=96&d=mm&r=g\",\"caption\":\"user\"},\"sameAs\":[\"http:\\\/\\\/44.197.188.197.nip.io\"],\"url\":\"https:\\\/\\\/grupohoymexico.com\\\/puebla\\\/author\\\/user\\\/\"}]}<\/script>\n<!-- \/ Yoast SEO Premium plugin. -->","yoast_head_json":{"title":"\u00bfC\u00f3mo saber si tu colonia est\u00e1 siendo gentrificada? - Grupo Hoy Puebla","description":"Gentrificaci\u00f3n en Puebla: identifica las se\u00f1ales del aumento de rentas, turismo y desplazamiento en barrios y Pueblos M\u00e1gicos.","robots":{"index":"index","follow":"follow","max-snippet":"max-snippet:-1","max-image-preview":"max-image-preview:large","max-video-preview":"max-video-preview:-1"},"canonical":"https:\/\/grupohoymexico.com\/puebla\/2025\/07\/12\/como-saber-si-tu-colonia-esta-siendo-gentrificada\/","og_locale":"es_MX","og_type":"article","og_title":"\u00bfC\u00f3mo saber si tu colonia est\u00e1 siendo gentrificada?","og_description":"Gentrificaci\u00f3n en Puebla: identifica las se\u00f1ales del aumento de rentas, turismo y desplazamiento en barrios y Pueblos M\u00e1gicos.","og_url":"https:\/\/grupohoymexico.com\/puebla\/2025\/07\/12\/como-saber-si-tu-colonia-esta-siendo-gentrificada\/","og_site_name":"Grupo Hoy Puebla","article_published_time":"2025-07-12T10:00:00+00:00","og_image":[{"width":1280,"height":680,"url":"https:\/\/grupohoymexico.com\/puebla\/wp-content\/uploads\/sites\/3\/2025\/07\/5156820044234207056.jpg","type":"image\/jpeg"}],"author":"user","twitter_card":"summary_large_image","twitter_misc":{"Escrito por":"user","Tiempo de lectura":"3 minutos"},"schema":{"@context":"https:\/\/schema.org","@graph":[{"@type":"Article","@id":"https:\/\/grupohoymexico.com\/puebla\/2025\/07\/12\/como-saber-si-tu-colonia-esta-siendo-gentrificada\/#article","isPartOf":{"@id":"https:\/\/grupohoymexico.com\/puebla\/2025\/07\/12\/como-saber-si-tu-colonia-esta-siendo-gentrificada\/"},"author":{"name":"user","@id":"https:\/\/grupohoymexico.com\/puebla\/#\/schema\/person\/ce6086ac837852775a3a4f539356c297"},"headline":"\u00bfC\u00f3mo saber si tu colonia est\u00e1 siendo gentrificada?","datePublished":"2025-07-12T10:00:00+00:00","mainEntityOfPage":{"@id":"https:\/\/grupohoymexico.com\/puebla\/2025\/07\/12\/como-saber-si-tu-colonia-esta-siendo-gentrificada\/"},"wordCount":466,"commentCount":0,"image":{"@id":"https:\/\/grupohoymexico.com\/puebla\/2025\/07\/12\/como-saber-si-tu-colonia-esta-siendo-gentrificada\/#primaryimage"},"thumbnailUrl":"https:\/\/grupohoymexico.com\/puebla\/wp-content\/uploads\/sites\/3\/2025\/07\/5156820044234207056.jpg","keywords":["Ciudad","colonia","fen\u00f3meno","gentrificaci\u00f3n","puebla","se\u00f1ales"],"articleSection":["Estatal"],"inLanguage":"es","potentialAction":[{"@type":"CommentAction","name":"Comment","target":["https:\/\/grupohoymexico.com\/puebla\/2025\/07\/12\/como-saber-si-tu-colonia-esta-siendo-gentrificada\/#respond"]}]},{"@type":"WebPage","@id":"https:\/\/grupohoymexico.com\/puebla\/2025\/07\/12\/como-saber-si-tu-colonia-esta-siendo-gentrificada\/","url":"https:\/\/grupohoymexico.com\/puebla\/2025\/07\/12\/como-saber-si-tu-colonia-esta-siendo-gentrificada\/","name":"\u00bfC\u00f3mo saber si tu colonia est\u00e1 siendo gentrificada? - Grupo Hoy Puebla","isPartOf":{"@id":"https:\/\/grupohoymexico.com\/puebla\/#website"},"primaryImageOfPage":{"@id":"https:\/\/grupohoymexico.com\/puebla\/2025\/07\/12\/como-saber-si-tu-colonia-esta-siendo-gentrificada\/#primaryimage"},"image":{"@id":"https:\/\/grupohoymexico.com\/puebla\/2025\/07\/12\/como-saber-si-tu-colonia-esta-siendo-gentrificada\/#primaryimage"},"thumbnailUrl":"https:\/\/grupohoymexico.com\/puebla\/wp-content\/uploads\/sites\/3\/2025\/07\/5156820044234207056.jpg","datePublished":"2025-07-12T10:00:00+00:00","author":{"@id":"https:\/\/grupohoymexico.com\/puebla\/#\/schema\/person\/ce6086ac837852775a3a4f539356c297"},"description":"Gentrificaci\u00f3n en Puebla: identifica las se\u00f1ales del aumento de rentas, turismo y desplazamiento en barrios y Pueblos M\u00e1gicos.","breadcrumb":{"@id":"https:\/\/grupohoymexico.com\/puebla\/2025\/07\/12\/como-saber-si-tu-colonia-esta-siendo-gentrificada\/#breadcrumb"},"inLanguage":"es","potentialAction":[{"@type":"ReadAction","target":["https:\/\/grupohoymexico.com\/puebla\/2025\/07\/12\/como-saber-si-tu-colonia-esta-siendo-gentrificada\/"]}]},{"@type":"ImageObject","inLanguage":"es","@id":"https:\/\/grupohoymexico.com\/puebla\/2025\/07\/12\/como-saber-si-tu-colonia-esta-siendo-gentrificada\/#primaryimage","url":"https:\/\/grupohoymexico.com\/puebla\/wp-content\/uploads\/sites\/3\/2025\/07\/5156820044234207056.jpg","contentUrl":"https:\/\/grupohoymexico.com\/puebla\/wp-content\/uploads\/sites\/3\/2025\/07\/5156820044234207056.jpg","width":1280,"height":680,"caption":"gentrificaci\u00f3n"},{"@type":"BreadcrumbList","@id":"https:\/\/grupohoymexico.com\/puebla\/2025\/07\/12\/como-saber-si-tu-colonia-esta-siendo-gentrificada\/#breadcrumb","itemListElement":[{"@type":"ListItem","position":1,"name":"Inicio","item":"https:\/\/grupohoymexico.com\/puebla\/"},{"@type":"ListItem","position":2,"name":"\u00bfC\u00f3mo saber si tu colonia est\u00e1 siendo gentrificada?"}]},{"@type":"WebSite","@id":"https:\/\/grupohoymexico.com\/puebla\/#website","url":"https:\/\/grupohoymexico.com\/puebla\/","name":"Grupo Hoy Puebla","description":"","potentialAction":[{"@type":"SearchAction","target":{"@type":"EntryPoint","urlTemplate":"https:\/\/grupohoymexico.com\/puebla\/?s={search_term_string}"},"query-input":{"@type":"PropertyValueSpecification","valueRequired":true,"valueName":"search_term_string"}}],"inLanguage":"es"},{"@type":"Person","@id":"https:\/\/grupohoymexico.com\/puebla\/#\/schema\/person\/ce6086ac837852775a3a4f539356c297","name":"user","image":{"@type":"ImageObject","inLanguage":"es","@id":"https:\/\/secure.gravatar.com\/avatar\/25f78de4fa956f6f7c01f8d96f8087d8958ebe06d57e630cd54e36aefb9dacea?s=96&d=mm&r=g","url":"https:\/\/secure.gravatar.com\/avatar\/25f78de4fa956f6f7c01f8d96f8087d8958ebe06d57e630cd54e36aefb9dacea?s=96&d=mm&r=g","contentUrl":"https:\/\/secure.gravatar.com\/avatar\/25f78de4fa956f6f7c01f8d96f8087d8958ebe06d57e630cd54e36aefb9dacea?s=96&d=mm&r=g","caption":"user"},"sameAs":["http:\/\/44.197.188.197.nip.io"],"url":"https:\/\/grupohoymexico.com\/puebla\/author\/user\/"}]}},"_links":{"self":[{"href":"https:\/\/grupohoymexico.com\/puebla\/wp-json\/wp\/v2\/posts\/75981","targetHints":{"allow":["GET"]}}],"collection":[{"href":"https:\/\/grupohoymexico.com\/puebla\/wp-json\/wp\/v2\/posts"}],"about":[{"href":"https:\/\/grupohoymexico.com\/puebla\/wp-json\/wp\/v2\/types\/post"}],"author":[{"embeddable":true,"href":"https:\/\/grupohoymexico.com\/puebla\/wp-json\/wp\/v2\/users\/1"}],"replies":[{"embeddable":true,"href":"https:\/\/grupohoymexico.com\/puebla\/wp-json\/wp\/v2\/comments?post=75981"}],"version-history":[{"count":1,"href":"https:\/\/grupohoymexico.com\/puebla\/wp-json\/wp\/v2\/posts\/75981\/revisions"}],"predecessor-version":[{"id":75984,"href":"https:\/\/grupohoymexico.com\/puebla\/wp-json\/wp\/v2\/posts\/75981\/revisions\/75984"}],"wp:featuredmedia":[{"embeddable":true,"href":"https:\/\/grupohoymexico.com\/puebla\/wp-json\/wp\/v2\/media\/75983"}],"wp:attachment":[{"href":"https:\/\/grupohoymexico.com\/puebla\/wp-json\/wp\/v2\/media?parent=75981"}],"wp:term":[{"taxonomy":"category","embeddable":true,"href":"https:\/\/grupohoymexico.com\/puebla\/wp-json\/wp\/v2\/categories?post=75981"},{"taxonomy":"post_tag","embeddable":true,"href":"https:\/\/grupohoymexico.com\/puebla\/wp-json\/wp\/v2\/tags?post=75981"}],"curies":[{"name":"wp","href":"https:\/\/api.w.org\/{rel}","templated":true}]}}